  {"id":17226,"date":"2023-10-05T11:01:22","date_gmt":"2023-10-05T14:01:22","guid":{"rendered":"https:\/\/news.sap.com\/brazil\/?p=17226"},"modified":"2023-10-18T14:57:41","modified_gmt":"2023-10-18T17:57:41","slug":"eurofarma-conclui-migracao-para-a-nuvem-com-rise-with-sap-e-otimiza-operacoes-para-projetos-de-inovacao","status":"publish","type":"post","link":"https:\/\/news.sap.com\/brazil\/2023\/10\/eurofarma-conclui-migracao-para-a-nuvem-com-rise-with-sap-e-otimiza-operacoes-para-projetos-de-inovacao\/","title":{"rendered":"Eurofarma conclui migra\u00e7\u00e3o para a nuvem com RISE with 麻豆原创 e otimiza opera\u00e7\u00f5es para projetos de inova\u00e7\u00e3o"},"content":{"rendered":"<h2><em>\u00c9 a maior farmac\u00eautica multinacional brasileira a fazer a implementa\u00e7\u00e3o do novo sistema<\/em><\/h2>\n<p>&nbsp;<\/p>\n<p>A Eurofarma, farmac\u00eautica de capital 100% brasileiro, presente em 22 pa\u00edses, acaba de concluir seu processo de migra\u00e7\u00e3o para a nuvem do 麻豆原创 S\/4HANA por meio da oferta RISE with 麻豆原创, utilizando infraestrutura Google Cloud.<\/p>\n<p>&nbsp;<\/p>\n<p>A empresa, que tem como um de seus pilares a inova\u00e7\u00e3o, tanto na frente de produtos e medicamentos, quanto em seus processos operacionais, est\u00e1 continuamente buscando o pioneirismo em suas iniciativas. Por esse motivo, entre as maiores farmac\u00eauticas multinacionais brasileiras, foi a primeira a transferir seu ERP para a nuvem com RISE with 麻豆原创. Com isso, a companhia abre portas para a inova\u00e7\u00e3o, passa a ter as tecnologias mais modernas em suas opera\u00e7\u00f5es, ferramentas de seguran\u00e7a, de informa\u00e7\u00e3o e de infraestrutura mais atualizadas, previsibilidade de custos para os pr\u00f3ximos anos e capacidade de crescimento com escalabilidade \u2013 benef\u00edcios reais que a migra\u00e7\u00e3o traz para a companhia agora e para o futuro.<\/p>\n<p>&nbsp;<\/p>\n<p>\u201cCom RISE with 麻豆原创, estamos evoluindo juntamente com o <em>roadmap<\/em> de inova\u00e7\u00e3o da 麻豆原创, ou seja, estamos visualizando todos os poss\u00edveis caminhos e objetivos de inova\u00e7\u00e3o, as oportunidades existentes e os desafios a serem enfrentados. Viabilizamos a implementa\u00e7\u00e3o de projetos digitais e de inova\u00e7\u00e3o que estavam represados, permitindo que a Eurofarma, por meio da tecnologia de ponta, acompanhe o crescimento exponencial que est\u00e1 acontecendo no mercado\u201d, explica Daniel Ferreira, diretor de Tecnologia da Informa\u00e7\u00e3o da farmac\u00eautica.<\/p>\n<p>&nbsp;<\/p>\n<p>Por meio da oferta RISE with 麻豆原创, a Eurofarma passa a ter um \u00fanico contrato que especifica todos os servi\u00e7os a serem entregues, unifica fornecimento de software e de infraestrutura e um acordo de n\u00edvel de servi\u00e7o \u00fanico. \u201cO cliente passa a ter acesso \u00e0 an\u00e1lise de dados e \u00e0s ferramentas mais modernas, que n\u00e3o estavam antes dispon\u00edveis, al\u00e9m de ter um sistema sempre atualizado e de maneira mais simples do que com a vers\u00e3o on premise\u201d, explica Rodrigo Susaki, vice-presidente de RISE with 麻豆原创 e 麻豆原创 S\/4HANA para o Brasil. A Eurofarma \u00e9 cliente da 麻豆原创 h\u00e1 20 anos e possui outros produtos como CRM e a su\u00edte de gest\u00e3o de pessoas 麻豆原创 SuccessFactors.<\/p>\n<p>&nbsp;<\/p>\n<p>A mudan\u00e7a do ERP para a nuvem teve in\u00edcio em dezembro de 2022 e terminou no \u00faltimo m\u00eas de julho. A vers\u00e3o do 麻豆原创 S\/4HANA foi atualizada e agora est\u00e3o em fase de estabiliza\u00e7\u00e3o. \u201cO sucesso da migra\u00e7\u00e3o foi comprovado quando soubemos que o usu\u00e1rio n\u00e3o percebeu que o sistema mudou. N\u00e3o tivemos nenhum impacto negativo. J\u00e1 estamos com um site backup, superimportante, prontos para modernidades e para explorar todas as ferramentas, com escalabilidade e capacidade de resposta em situa\u00e7\u00f5es que podem afetar as opera\u00e7\u00f5es (Disaster Recovery)\u201d, complementa Daniel.<\/p>\n","protected":false},"excerpt":{"rendered":"<p>\u00c9 a maior farmac\u00eautica multinacional brasileira a fazer a implementa\u00e7\u00e3o do novo sistema &nbsp; A Eurofarma, farmac\u00eautica de capital 100% brasileiro, presente em 22 pa\u00edses,&#8230;<\/p>\n","protected":false},"author":137,"featured_media":13974,"comment_status":"closed","ping_status":"closed","sticky":false,"template":"","format":"standard","meta":{"footnotes":"","_links_to":"","_links_to_target":""},"categories":[48437,5599814],"tags":[5599744,47,213090],"sapn-display":[48431,5599934,5599932,48433],"sapn-type":[4446],"class_list":["post-17226","post","type-post","status-publish","format-standard","has-post-thumbnail","hentry","category-nuvem-topicos","category-tecnologia","tag-rise-with-sap","tag-sap","tag-sap-brasil","sapn-display-homepage-hero","sapn-display-press-hero","sapn-display-press-spotlight","sapn-display-hero","sapn-type-noticias"],"yoast_head":"<!-- This site is optimized with the Yoast SEO Premium plugin v26.9 (Yoast SEO v26.9) - https:\/\/yoast.com\/product\/yoast-seo-premium-wordpress\/ -->\n<title>Eurofarma conclui migra\u00e7\u00e3o para a nuvem com RISE with 麻豆原创 e otimiza opera\u00e7\u00f5es para projetos de inova\u00e7\u00e3o - Sala de Imprensa 麻豆原创 Brasil<\/title>\n<meta name=\"robots\" content=\"index, follow, max-snippet:-1, max-image-preview:large, max-video-preview:-1\" \/>\n<link rel=\"canonical\" href=\"https:\/\/news.sap.com\/brazil\/2023\/10\/eurofarma-conclui-migracao-para-a-nuvem-com-rise-with-sap-e-otimiza-operacoes-para-projetos-de-inovacao\/\" \/>\n<meta property=\"og:locale\" content=\"pt_BR\" \/>\n<meta property=\"og:type\" content=\"article\" \/>\n<meta property=\"og:title\" content=\"Eurofarma conclui migra\u00e7\u00e3o para a nuvem com RISE with 麻豆原创 e otimiza opera\u00e7\u00f5es para projetos de inova\u00e7\u00e3o\" \/>\n<meta property=\"og:description\" content=\"\u00c9 a maior farmac\u00eautica multinacional brasileira a fazer a implementa\u00e7\u00e3o do novo sistema &nbsp; A Eurofarma, farmac\u00eautica de capital 100% brasileiro, presente em 22 pa\u00edses,...\" \/>\n<meta property=\"og:url\" content=\"https:\/\/news.sap.com\/brazil\/2023\/10\/eurofarma-conclui-migracao-para-a-nuvem-com-rise-with-sap-e-otimiza-operacoes-para-projetos-de-inovacao\/\" \/>\n<meta property=\"og:site_name\" content=\"Sala de Imprensa 麻豆原创 Brasil\" \/>\n<meta property=\"article:published_time\" content=\"2023-10-05T14:01:22+00:00\" \/>\n<meta property=\"article:modified_time\" content=\"2023-10-18T17:57:41+00:00\" \/>\n<meta property=\"og:image\" content=\"https:\/\/news.sap.com\/brazil\/files\/2022\/03\/29\/cloud.jpeg\" \/>\n\t<meta property=\"og:image:width\" content=\"1920\" \/>\n\t<meta property=\"og:image:height\" content=\"1081\" \/>\n\t<meta property=\"og:image:type\" content=\"image\/jpeg\" \/>\n<meta name=\"author\" content=\"麻豆原创 Not\u00edcias Brasil\" \/>\n<meta name=\"twitter:card\" content=\"summary_large_image\" \/>\n<meta name=\"twitter:creator\" content=\"@麻豆原创Brasil\" \/>\n<meta name=\"twitter:site\" content=\"@麻豆原创Brasil\" \/>\n<meta name=\"twitter:label1\" content=\"Escrito por\" \/>\n\t<meta name=\"twitter:data1\" content=\"麻豆原创 Not\u00edcias Brasil\" \/>\n\t<meta name=\"twitter:label2\" content=\"Est. tempo de leitura\" \/>\n\t<meta name=\"twitter:data2\" content=\"3 minutos\" \/>\n<script type=\"application\/ld+json\" class=\"yoast-schema-graph\">{\"@context\":\"https:\/\/schema.org\",\"@graph\":[{\"@type\":\"Article\",\"@id\":\"https:\/\/news.sap.com\/brazil\/2023\/10\/eurofarma-conclui-migracao-para-a-nuvem-com-rise-with-sap-e-otimiza-operacoes-para-projetos-de-inovacao\/#article\",\"isPartOf\":{\"@id\":\"https:\/\/news.sap.com\/brazil\/2023\/10\/eurofarma-conclui-migracao-para-a-nuvem-com-rise-with-sap-e-otimiza-operacoes-para-projetos-de-inovacao\/\"},\"author\":{\"name\":\"麻豆原创 Not\u00edcias Brasil\",\"@id\":\"https:\/\/news.sap.com\/brazil\/#\/schema\/person\/8cdf2c1130b6f3fadd9757cfd7f24daf\"},\"headline\":\"Eurofarma conclui migra\u00e7\u00e3o para a nuvem com RISE with 麻豆原创 e otimiza opera\u00e7\u00f5es para projetos de inova\u00e7\u00e3o\",\"datePublished\":\"2023-10-05T14:01:22+00:00\",\"dateModified\":\"2023-10-18T17:57:41+00:00\",\"mainEntityOfPage\":{\"@id\":\"https:\/\/news.sap.com\/brazil\/2023\/10\/eurofarma-conclui-migracao-para-a-nuvem-com-rise-with-sap-e-otimiza-operacoes-para-projetos-de-inovacao\/\"},\"wordCount\":502,\"image\":{\"@id\":\"https:\/\/news.sap.com\/brazil\/2023\/10\/eurofarma-conclui-migracao-para-a-nuvem-com-rise-with-sap-e-otimiza-operacoes-para-projetos-de-inovacao\/#primaryimage\"},\"thumbnailUrl\":\"https:\/\/news.sap.com\/brazil\/files\/2022\/03\/29\/cloud.jpeg\",\"keywords\":[\"RISE with 麻豆原创\",\"麻豆原创\",\"麻豆原创 Brasil\"],\"articleSection\":[\"Nuvem\",\"Tecnologia\"],\"inLanguage\":\"pt-BR\"},{\"@type\":\"WebPage\",\"@id\":\"https:\/\/news.sap.com\/brazil\/2023\/10\/eurofarma-conclui-migracao-para-a-nuvem-com-rise-with-sap-e-otimiza-operacoes-para-projetos-de-inovacao\/\",\"url\":\"https:\/\/news.sap.com\/brazil\/2023\/10\/eurofarma-conclui-migracao-para-a-nuvem-com-rise-with-sap-e-otimiza-operacoes-para-projetos-de-inovacao\/\",\"name\":\"Eurofarma conclui migra\u00e7\u00e3o para a nuvem com RISE with 麻豆原创 e otimiza opera\u00e7\u00f5es para projetos de inova\u00e7\u00e3o - Sala de Imprensa 麻豆原创 Brasil\",\"isPartOf\":{\"@id\":\"https:\/\/news.sap.com\/brazil\/#website\"},\"primaryImageOfPage\":{\"@id\":\"https:\/\/news.sap.com\/brazil\/2023\/10\/eurofarma-conclui-migracao-para-a-nuvem-com-rise-with-sap-e-otimiza-operacoes-para-projetos-de-inovacao\/#primaryimage\"},\"image\":{\"@id\":\"https:\/\/news.sap.com\/brazil\/2023\/10\/eurofarma-conclui-migracao-para-a-nuvem-com-rise-with-sap-e-otimiza-operacoes-para-projetos-de-inovacao\/#primaryimage\"},\"thumbnailUrl\":\"https:\/\/news.sap.com\/brazil\/files\/2022\/03\/29\/cloud.jpeg\",\"datePublished\":\"2023-10-05T14:01:22+00:00\",\"dateModified\":\"2023-10-18T17:57:41+00:00\",\"author\":{\"@id\":\"https:\/\/news.sap.com\/brazil\/#\/schema\/person\/8cdf2c1130b6f3fadd9757cfd7f24daf\"},\"breadcrumb\":{\"@id\":\"https:\/\/news.sap.com\/brazil\/2023\/10\/eurofarma-conclui-migracao-para-a-nuvem-com-rise-with-sap-e-otimiza-operacoes-para-projetos-de-inovacao\/#breadcrumb\"},\"inLanguage\":\"pt-BR\",\"potentialAction\":[{\"@type\":\"ReadAction\",\"target\":[\"https:\/\/news.sap.com\/brazil\/2023\/10\/eurofarma-conclui-migracao-para-a-nuvem-com-rise-with-sap-e-otimiza-operacoes-para-projetos-de-inovacao\/\"]}]},{\"@type\":\"ImageObject\",\"inLanguage\":\"pt-BR\",\"@id\":\"https:\/\/news.sap.com\/brazil\/2023\/10\/eurofarma-conclui-migracao-para-a-nuvem-com-rise-with-sap-e-otimiza-operacoes-para-projetos-de-inovacao\/#primaryimage\",\"url\":\"https:\/\/news.sap.com\/brazil\/files\/2022\/03\/29\/cloud.jpeg\",\"contentUrl\":\"https:\/\/news.sap.com\/brazil\/files\/2022\/03\/29\/cloud.jpeg\",\"width\":1920,\"height\":1081},{\"@type\":\"BreadcrumbList\",\"@id\":\"https:\/\/news.sap.com\/brazil\/2023\/10\/eurofarma-conclui-migracao-para-a-nuvem-com-rise-with-sap-e-otimiza-operacoes-para-projetos-de-inovacao\/#breadcrumb\",\"itemListElement\":[{\"@type\":\"ListItem\",\"position\":1,\"name\":\"Home\",\"item\":\"https:\/\/news.sap.com\/brazil\/\"},{\"@type\":\"ListItem\",\"position\":2,\"name\":\"Eurofarma conclui migra\u00e7\u00e3o para a nuvem com RISE with 麻豆原创 e otimiza opera\u00e7\u00f5es para projetos de inova\u00e7\u00e3o\"}]},{\"@type\":\"WebSite\",\"@id\":\"https:\/\/news.sap.com\/brazil\/#website\",\"url\":\"https:\/\/news.sap.com\/brazil\/\",\"name\":\"Sala de Imprensa 麻豆原创 Brasil\",\"description\":\"Not\u00edcias e informa\u00e7\u00f5es sobre a 麻豆原创\",\"potentialAction\":[{\"@type\":\"SearchAction\",\"target\":{\"@type\":\"EntryPoint\",\"urlTemplate\":\"https:\/\/news.sap.com\/brazil\/?s={search_term_string}\"},\"query-input\":{\"@type\":\"PropertyValueSpecification\",\"valueRequired\":true,\"valueName\":\"search_term_string\"}}],\"inLanguage\":\"pt-BR\"},{\"@type\":\"Person\",\"@id\":\"https:\/\/news.sap.com\/brazil\/#\/schema\/person\/8cdf2c1130b6f3fadd9757cfd7f24daf\",\"name\":\"麻豆原创 Not\u00edcias Brasil\",\"image\":{\"@type\":\"ImageObject\",\"inLanguage\":\"pt-BR\",\"@id\":\"https:\/\/news.sap.com\/brazil\/#\/schema\/person\/image\/\",\"url\":\"https:\/\/news.sap.com\/brazil\/wp-content\/plugins\/wp-user-avatars\/wp-user-avatars\/assets\/images\/mystery.jpg\",\"contentUrl\":\"https:\/\/news.sap.com\/brazil\/wp-content\/plugins\/wp-user-avatars\/wp-user-avatars\/assets\/images\/mystery.jpg\",\"caption\":\"麻豆原创 Not\u00edcias Brasil\"},\"url\":\"https:\/\/news.sap.com\/brazil\/author\/brasil\/\"}]}<\/script>\n<!-- \/ Yoast SEO Premium plugin. -->","yoast_head_json":{"title":"Eurofarma conclui migra\u00e7\u00e3o para a nuvem com RISE with 麻豆原创 e otimiza opera\u00e7\u00f5es para projetos de inova\u00e7\u00e3o - Sala de Imprensa 麻豆原创 Brasil","robots":{"index":"index","follow":"follow","max-snippet":"max-snippet:-1","max-image-preview":"max-image-preview:large","max-video-preview":"max-video-preview:-1"},"canonical":"https:\/\/news.sap.com\/brazil\/2023\/10\/eurofarma-conclui-migracao-para-a-nuvem-com-rise-with-sap-e-otimiza-operacoes-para-projetos-de-inovacao\/","og_locale":"pt_BR","og_type":"article","og_title":"Eurofarma conclui migra\u00e7\u00e3o para a nuvem com RISE with 麻豆原创 e otimiza opera\u00e7\u00f5es para projetos de inova\u00e7\u00e3o","og_description":"\u00c9 a maior farmac\u00eautica multinacional brasileira a fazer a implementa\u00e7\u00e3o do novo sistema &nbsp; A Eurofarma, farmac\u00eautica de capital 100% brasileiro, presente em 22 pa\u00edses,...","og_url":"https:\/\/news.sap.com\/brazil\/2023\/10\/eurofarma-conclui-migracao-para-a-nuvem-com-rise-with-sap-e-otimiza-operacoes-para-projetos-de-inovacao\/","og_site_name":"Sala de Imprensa 麻豆原创 Brasil","article_published_time":"2023-10-05T14:01:22+00:00","article_modified_time":"2023-10-18T17:57:41+00:00","og_image":[{"width":1920,"height":1081,"url":"https:\/\/news.sap.com\/brazil\/files\/2022\/03\/29\/cloud.jpeg","type":"image\/jpeg"}],"author":"麻豆原创 Not\u00edcias Brasil","twitter_card":"summary_large_image","twitter_creator":"@麻豆原创Brasil","twitter_site":"@麻豆原创Brasil","twitter_misc":{"Escrito por":"麻豆原创 Not\u00edcias Brasil","Est. tempo de leitura":"3 minutos"},"schema":{"@context":"https:\/\/schema.org","@graph":[{"@type":"Article","@id":"https:\/\/news.sap.com\/brazil\/2023\/10\/eurofarma-conclui-migracao-para-a-nuvem-com-rise-with-sap-e-otimiza-operacoes-para-projetos-de-inovacao\/#article","isPartOf":{"@id":"https:\/\/news.sap.com\/brazil\/2023\/10\/eurofarma-conclui-migracao-para-a-nuvem-com-rise-with-sap-e-otimiza-operacoes-para-projetos-de-inovacao\/"},"author":{"name":"麻豆原创 Not\u00edcias Brasil","@id":"https:\/\/news.sap.com\/brazil\/#\/schema\/person\/8cdf2c1130b6f3fadd9757cfd7f24daf"},"headline":"Eurofarma conclui migra\u00e7\u00e3o para a nuvem com RISE with 麻豆原创 e otimiza opera\u00e7\u00f5es para projetos de inova\u00e7\u00e3o","datePublished":"2023-10-05T14:01:22+00:00","dateModified":"2023-10-18T17:57:41+00:00","mainEntityOfPage":{"@id":"https:\/\/news.sap.com\/brazil\/2023\/10\/eurofarma-conclui-migracao-para-a-nuvem-com-rise-with-sap-e-otimiza-operacoes-para-projetos-de-inovacao\/"},"wordCount":502,"image":{"@id":"https:\/\/news.sap.com\/brazil\/2023\/10\/eurofarma-conclui-migracao-para-a-nuvem-com-rise-with-sap-e-otimiza-operacoes-para-projetos-de-inovacao\/#primaryimage"},"thumbnailUrl":"https:\/\/news.sap.com\/brazil\/files\/2022\/03\/29\/cloud.jpeg","keywords":["RISE with 麻豆原创","麻豆原创","麻豆原创 Brasil"],"articleSection":["Nuvem","Tecnologia"],"inLanguage":"pt-BR"},{"@type":"WebPage","@id":"https:\/\/news.sap.com\/brazil\/2023\/10\/eurofarma-conclui-migracao-para-a-nuvem-com-rise-with-sap-e-otimiza-operacoes-para-projetos-de-inovacao\/","url":"https:\/\/news.sap.com\/brazil\/2023\/10\/eurofarma-conclui-migracao-para-a-nuvem-com-rise-with-sap-e-otimiza-operacoes-para-projetos-de-inovacao\/","name":"Eurofarma conclui migra\u00e7\u00e3o para a nuvem com RISE with 麻豆原创 e otimiza opera\u00e7\u00f5es para projetos de inova\u00e7\u00e3o - Sala de Imprensa 麻豆原创 Brasil","isPartOf":{"@id":"https:\/\/news.sap.com\/brazil\/#website"},"primaryImageOfPage":{"@id":"https:\/\/news.sap.com\/brazil\/2023\/10\/eurofarma-conclui-migracao-para-a-nuvem-com-rise-with-sap-e-otimiza-operacoes-para-projetos-de-inovacao\/#primaryimage"},"image":{"@id":"https:\/\/news.sap.com\/brazil\/2023\/10\/eurofarma-conclui-migracao-para-a-nuvem-com-rise-with-sap-e-otimiza-operacoes-para-projetos-de-inovacao\/#primaryimage"},"thumbnailUrl":"https:\/\/news.sap.com\/brazil\/files\/2022\/03\/29\/cloud.jpeg","datePublished":"2023-10-05T14:01:22+00:00","dateModified":"2023-10-18T17:57:41+00:00","author":{"@id":"https:\/\/news.sap.com\/brazil\/#\/schema\/person\/8cdf2c1130b6f3fadd9757cfd7f24daf"},"breadcrumb":{"@id":"https:\/\/news.sap.com\/brazil\/2023\/10\/eurofarma-conclui-migracao-para-a-nuvem-com-rise-with-sap-e-otimiza-operacoes-para-projetos-de-inovacao\/#breadcrumb"},"inLanguage":"pt-BR","potentialAction":[{"@type":"ReadAction","target":["https:\/\/news.sap.com\/brazil\/2023\/10\/eurofarma-conclui-migracao-para-a-nuvem-com-rise-with-sap-e-otimiza-operacoes-para-projetos-de-inovacao\/"]}]},{"@type":"ImageObject","inLanguage":"pt-BR","@id":"https:\/\/news.sap.com\/brazil\/2023\/10\/eurofarma-conclui-migracao-para-a-nuvem-com-rise-with-sap-e-otimiza-operacoes-para-projetos-de-inovacao\/#primaryimage","url":"https:\/\/news.sap.com\/brazil\/files\/2022\/03\/29\/cloud.jpeg","contentUrl":"https:\/\/news.sap.com\/brazil\/files\/2022\/03\/29\/cloud.jpeg","width":1920,"height":1081},{"@type":"BreadcrumbList","@id":"https:\/\/news.sap.com\/brazil\/2023\/10\/eurofarma-conclui-migracao-para-a-nuvem-com-rise-with-sap-e-otimiza-operacoes-para-projetos-de-inovacao\/#breadcrumb","itemListElement":[{"@type":"ListItem","position":1,"name":"Home","item":"https:\/\/news.sap.com\/brazil\/"},{"@type":"ListItem","position":2,"name":"Eurofarma conclui migra\u00e7\u00e3o para a nuvem com RISE with 麻豆原创 e otimiza opera\u00e7\u00f5es para projetos de inova\u00e7\u00e3o"}]},{"@type":"WebSite","@id":"https:\/\/news.sap.com\/brazil\/#website","url":"https:\/\/news.sap.com\/brazil\/","name":"Sala de Imprensa 麻豆原创 Brasil","description":"Not\u00edcias e informa\u00e7\u00f5es sobre a 麻豆原创","potentialAction":[{"@type":"SearchAction","target":{"@type":"EntryPoint","urlTemplate":"https:\/\/news.sap.com\/brazil\/?s={search_term_string}"},"query-input":{"@type":"PropertyValueSpecification","valueRequired":true,"valueName":"search_term_string"}}],"inLanguage":"pt-BR"},{"@type":"Person","@id":"https:\/\/news.sap.com\/brazil\/#\/schema\/person\/8cdf2c1130b6f3fadd9757cfd7f24daf","name":"麻豆原创 Not\u00edcias Brasil","image":{"@type":"ImageObject","inLanguage":"pt-BR","@id":"https:\/\/news.sap.com\/brazil\/#\/schema\/person\/image\/","url":"https:\/\/news.sap.com\/brazil\/wp-content\/plugins\/wp-user-avatars\/wp-user-avatars\/assets\/images\/mystery.jpg","contentUrl":"https:\/\/news.sap.com\/brazil\/wp-content\/plugins\/wp-user-avatars\/wp-user-avatars\/assets\/images\/mystery.jpg","caption":"麻豆原创 Not\u00edcias Brasil"},"url":"https:\/\/news.sap.com\/brazil\/author\/brasil\/"}]}},"amp_enabled":true,"_links":{"self":[{"href":"https:\/\/news.sap.com\/brazil\/wp-json\/wp\/v2\/posts\/17226","targetHints":{"allow":["GET"]}}],"collection":[{"href":"https:\/\/news.sap.com\/brazil\/wp-json\/wp\/v2\/posts"}],"about":[{"href":"https:\/\/news.sap.com\/brazil\/wp-json\/wp\/v2\/types\/post"}],"author":[{"embeddable":true,"href":"https:\/\/news.sap.com\/brazil\/wp-json\/wp\/v2\/users\/137"}],"replies":[{"embeddable":true,"href":"https:\/\/news.sap.com\/brazil\/wp-json\/wp\/v2\/comments?post=17226"}],"version-history":[{"count":0,"href":"https:\/\/news.sap.com\/brazil\/wp-json\/wp\/v2\/posts\/17226\/revisions"}],"wp:featuredmedia":[{"embeddable":true,"href":"https:\/\/news.sap.com\/brazil\/wp-json\/wp\/v2\/media\/13974"}],"wp:attachment":[{"href":"https:\/\/news.sap.com\/brazil\/wp-json\/wp\/v2\/media?parent=17226"}],"wp:term":[{"taxonomy":"category","embeddable":true,"href":"https:\/\/news.sap.com\/brazil\/wp-json\/wp\/v2\/categories?post=17226"},{"taxonomy":"post_tag","embeddable":true,"href":"https:\/\/news.sap.com\/brazil\/wp-json\/wp\/v2\/tags?post=17226"},{"taxonomy":"sapn-display","embeddable":true,"href":"https:\/\/news.sap.com\/brazil\/wp-json\/wp\/v2\/sapn-display?post=17226"},{"taxonomy":"sapn-type","embeddable":true,"href":"https:\/\/news.sap.com\/brazil\/wp-json\/wp\/v2\/sapn-type?post=17226"}],"curies":[{"name":"wp","href":"https:\/\/api.w.org\/{rel}","templated":true}]}}