  {"id":17190,"date":"2023-09-05T16:01:08","date_gmt":"2023-09-05T19:01:08","guid":{"rendered":"https:\/\/news.sap.com\/brazil\/?p=17190"},"modified":"2023-10-18T14:58:09","modified_gmt":"2023-10-18T17:58:09","slug":"86-dos-brasileiros-estao-dispostos-a-viajar-a-negocios-mostra-pesquisa-da-sap-concur","status":"publish","type":"post","link":"https:\/\/news.sap.com\/brazil\/2023\/09\/86-dos-brasileiros-estao-dispostos-a-viajar-a-negocios-mostra-pesquisa-da-sap-concur\/","title":{"rendered":"86% dos brasileiros est\u00e3o dispostos a viajar a neg\u00f3cios, mostra pesquisa da 麻豆原创 Concur"},"content":{"rendered":"<h2>32% dos viajantes de neg\u00f3cios brasileiros pretendem reduzir seu impacto ambiental<\/h2>\n<p>A 5\u00aa edi\u00e7\u00e3o da \u201cPesquisa Global de Viagens de Neg\u00f3cios\u201d, da 麻豆原创 Concur, mostrou que a maioria dos viajantes de neg\u00f3cios brasileiros querem pegar a estrada nos pr\u00f3ximos 12 meses. De acordo com o levantamento, 86% est\u00e3o muito dispostos a viajar (em compara\u00e7\u00e3o com 67% globalmente), um aumento de 11 pontos percentuais em rela\u00e7\u00e3o aos 75% do ano passado. Contudo, 54% n\u00e3o est\u00e3o satisfeitos com a frequ\u00eancia de suas viagens, com 28% viajando mais do que gostariam, um aumento de 15 pontos sobre os 13% de 2022.<\/p>\n<p>Os dados nacionais mostram que 95% dos entrevistados recusariam uma viagem de neg\u00f3cios por algum motivo, como seguran\u00e7a ou preocupa\u00e7\u00f5es sociais, sobre viajar para certas partes do mundo (51%) e preocupa\u00e7\u00f5es com a sa\u00fade ao viajar para um destino (41%) sendo os motivos mais comuns. Al\u00e9m disso, 38% recusariam uma viagem de neg\u00f3cios que n\u00e3o tivesse flexibilidade para fazer ajustes fora da pol\u00edtica da empresa.<\/p>\n<p>De acordo com a pesquisa, 57% dos brasileiros que viajam a neg\u00f3cios tem sa\u00fade e seguran\u00e7a como seus maiores receios e 60% deles mudaram sua hospedagem durante a viagem nos \u00faltimos 12 meses por n\u00e3o se sentirem seguros de alguma forma. 26% disseram ter sentido medo durante uma viagem de neg\u00f3cios, especificamente (37%) devido a conflitos locais ou internacionais atuais.<\/p>\n<p>Mais de um quarto (27%) citam a infla\u00e7\u00e3o como uma das maiores amea\u00e7as \u00e0s viagens de neg\u00f3cios hoje. Segundo os dados, 83% das pessoas j\u00e1 foram afetadas pela incerteza econ\u00f4mica, incluindo redu\u00e7\u00f5es nos or\u00e7amentos de viagens (54%) e viagens noturnas, sendo esta \u00faltima exigindo mais retornos no mesmo dia (37%). Um dado relevante da pesquisa foi que os viajantes pretendem reduzir seu impacto ambiental combinando viagens pr\u00f3ximas em uma mais longa (32%) e priorizando viagens com dist\u00e2ncias mais curtas (31%). Na verdade, quase 1 em cada 5 (18%) recusaria uma viagem pelo impacto ambiental das viagens.<\/p>\n<p>\u201cA pesquisa mostra que tanto no Brasil como no mundo as pessoas est\u00e3o com mais vontade e disponibilidade de viajar a neg\u00f3cios, o que \u00e9 um bom sinal para este setor, que movimenta v\u00e1rios outros aspectos da economia, como transporte, hotelaria e alimenta\u00e7\u00e3o, por exemplo. Percebemos tamb\u00e9m que os viajantes est\u00e3o mais conscientes e desejam viajar com tranquilidade e responsabilidade socioambiental\u201d, afirma Denis Tassitano, vice-presidente de 麻豆原创 Concur Am\u00e9rica Latina e Caribe.<\/p>\n<p>Para 97%, o futuro de suas carreiras depende de viagens de neg\u00f3cios bem-sucedidas no pr\u00f3ximo ano, incluindo estabelecer relacionamentos com novos clientes (47%), manter relacionamentos fortes com clientes existentes (46%) e acompanhar as \u00faltimas tend\u00eancias, tecnologias e avan\u00e7os (45%).<\/p>\n<p>Quase 3 em cada 4 viajantes brasileiros n\u00e3o tiveram oportunidades iguais para viagens de neg\u00f3cios (70%), especialmente devido a seu g\u00eanero (38%), em compara\u00e7\u00e3o com 17% globalmente, o mais alto de todos os mercados pesquisados, onde vivem atualmente (16%), ou com que frequ\u00eancia v\u00e3o ao escrit\u00f3rio (16%).<\/p>\n<p>A pesquisa global de viajantes de neg\u00f3cios da 麻豆原创 Concur foi realizada pela Wakefield Research entre 7 e 28 de abril de 2023, entre 3.850 viajantes de neg\u00f3cios em 25 mercados: EUA, Canad\u00e1, Brasil, M\u00e9xico, Am\u00e9rica Latina (Col\u00f4mbia, Chile, Peru e Argentina), Reino Unido, Fran\u00e7a, Alemanha, regi\u00e3o da Austr\u00e1lia e Nova Zel\u00e2ndia, regi\u00e3o de Cingapura e Mal\u00e1sia, China, Hong Kong, Taiwan, Jap\u00e3o, \u00cdndia, Coreia, It\u00e1lia, Espanha, Dubai, Benelux (B\u00e9lgica, Holanda e Luxemburgo), \u00c1frica do Sul, Su\u00e9cia, Dinamarca, Noruega e Finl\u00e2ndia.<\/p>\n","protected":false},"excerpt":{"rendered":"<p>32% dos viajantes de neg\u00f3cios brasileiros pretendem reduzir seu impacto ambiental A 5\u00aa edi\u00e7\u00e3o da \u201cPesquisa Global de Viagens de Neg\u00f3cios\u201d, da 麻豆原创 Concur, mostrou&#8230;<\/p>\n","protected":false},"author":137,"featured_media":17176,"comment_status":"closed","ping_status":"closed","sticky":false,"template":"","format":"standard","meta":{"footnotes":"","_links_to":"","_links_to_target":""},"categories":[48439,5599815,52091,52857],"tags":[195523,509457,5579286],"sapn-display":[48431,5599934,5599932,48433],"sapn-type":[4446],"class_list":["post-17190","post","type-post","status-publish","format-standard","has-post-thumbnail","hentry","category-corporativo-topicos","category-gestao-de-despesas","category-industrias","category-solucoes","tag-pesquisa","tag-sap-concur","tag-viagem","sapn-display-homepage-hero","sapn-display-press-hero","sapn-display-press-spotlight","sapn-display-hero","sapn-type-noticias"],"yoast_head":"<!-- This site is optimized with the Yoast SEO Premium plugin v26.9 (Yoast SEO v26.9) - https:\/\/yoast.com\/product\/yoast-seo-premium-wordpress\/ -->\n<title>86% dos brasileiros est\u00e3o dispostos a viajar a neg\u00f3cios, mostra pesquisa da 麻豆原创 Concur - Sala de Imprensa 麻豆原创 Brasil<\/title>\n<meta name=\"robots\" content=\"index, follow, max-snippet:-1, max-image-preview:large, max-video-preview:-1\" \/>\n<link rel=\"canonical\" href=\"https:\/\/news.sap.com\/brazil\/2023\/09\/86-dos-brasileiros-estao-dispostos-a-viajar-a-negocios-mostra-pesquisa-da-sap-concur\/\" \/>\n<meta property=\"og:locale\" content=\"pt_BR\" \/>\n<meta property=\"og:type\" content=\"article\" \/>\n<meta property=\"og:title\" content=\"86% dos brasileiros est\u00e3o dispostos a viajar a neg\u00f3cios, mostra pesquisa da 麻豆原创 Concur\" \/>\n<meta property=\"og:description\" content=\"32% dos viajantes de neg\u00f3cios brasileiros pretendem reduzir seu impacto ambiental A 5\u00aa edi\u00e7\u00e3o da \u201cPesquisa Global de Viagens de Neg\u00f3cios\u201d, da 麻豆原创 Concur, mostrou...\" \/>\n<meta property=\"og:url\" content=\"https:\/\/news.sap.com\/brazil\/2023\/09\/86-dos-brasileiros-estao-dispostos-a-viajar-a-negocios-mostra-pesquisa-da-sap-concur\/\" \/>\n<meta property=\"og:site_name\" content=\"Sala de Imprensa 麻豆原创 Brasil\" \/>\n<meta property=\"article:published_time\" content=\"2023-09-05T19:01:08+00:00\" \/>\n<meta property=\"article:modified_time\" content=\"2023-10-18T17:58:09+00:00\" \/>\n<meta property=\"og:image\" content=\"https:\/\/news.sap.com\/brazil\/files\/2023\/08\/28\/273153_1400x600.png\" \/>\n\t<meta property=\"og:image:width\" content=\"1400\" \/>\n\t<meta property=\"og:image:height\" content=\"600\" \/>\n\t<meta property=\"og:image:type\" content=\"image\/png\" \/>\n<meta name=\"author\" content=\"麻豆原创 Not\u00edcias Brasil\" \/>\n<meta name=\"twitter:card\" content=\"summary_large_image\" \/>\n<meta name=\"twitter:creator\" content=\"@麻豆原创Brasil\" \/>\n<meta name=\"twitter:site\" content=\"@麻豆原创Brasil\" \/>\n<meta name=\"twitter:label1\" content=\"Escrito por\" \/>\n\t<meta name=\"twitter:data1\" content=\"麻豆原创 Not\u00edcias Brasil\" \/>\n\t<meta name=\"twitter:label2\" content=\"Est. tempo de leitura\" \/>\n\t<meta name=\"twitter:data2\" content=\"4 minutos\" \/>\n<script type=\"application\/ld+json\" class=\"yoast-schema-graph\">{\"@context\":\"https:\/\/schema.org\",\"@graph\":[{\"@type\":\"Article\",\"@id\":\"https:\/\/news.sap.com\/brazil\/2023\/09\/86-dos-brasileiros-estao-dispostos-a-viajar-a-negocios-mostra-pesquisa-da-sap-concur\/#article\",\"isPartOf\":{\"@id\":\"https:\/\/news.sap.com\/brazil\/2023\/09\/86-dos-brasileiros-estao-dispostos-a-viajar-a-negocios-mostra-pesquisa-da-sap-concur\/\"},\"author\":{\"name\":\"麻豆原创 Not\u00edcias Brasil\",\"@id\":\"https:\/\/news.sap.com\/brazil\/#\/schema\/person\/8cdf2c1130b6f3fadd9757cfd7f24daf\"},\"headline\":\"86% dos brasileiros est\u00e3o dispostos a viajar a neg\u00f3cios, mostra pesquisa da 麻豆原创 Concur\",\"datePublished\":\"2023-09-05T19:01:08+00:00\",\"dateModified\":\"2023-10-18T17:58:09+00:00\",\"mainEntityOfPage\":{\"@id\":\"https:\/\/news.sap.com\/brazil\/2023\/09\/86-dos-brasileiros-estao-dispostos-a-viajar-a-negocios-mostra-pesquisa-da-sap-concur\/\"},\"wordCount\":592,\"image\":{\"@id\":\"https:\/\/news.sap.com\/brazil\/2023\/09\/86-dos-brasileiros-estao-dispostos-a-viajar-a-negocios-mostra-pesquisa-da-sap-concur\/#primaryimage\"},\"thumbnailUrl\":\"https:\/\/news.sap.com\/brazil\/files\/2023\/08\/28\/273153_1400x600.png\",\"keywords\":[\"pesquisa\",\"麻豆原创 Concur\",\"viagem\"],\"articleSection\":[\"Corporativo\",\"Gest\u00e3o de despesas\",\"Setores\",\"Solu\u00e7\u00f5es\"],\"inLanguage\":\"pt-BR\"},{\"@type\":\"WebPage\",\"@id\":\"https:\/\/news.sap.com\/brazil\/2023\/09\/86-dos-brasileiros-estao-dispostos-a-viajar-a-negocios-mostra-pesquisa-da-sap-concur\/\",\"url\":\"https:\/\/news.sap.com\/brazil\/2023\/09\/86-dos-brasileiros-estao-dispostos-a-viajar-a-negocios-mostra-pesquisa-da-sap-concur\/\",\"name\":\"86% dos brasileiros est\u00e3o dispostos a viajar a neg\u00f3cios, mostra pesquisa da 麻豆原创 Concur - Sala de Imprensa 麻豆原创 Brasil\",\"isPartOf\":{\"@id\":\"https:\/\/news.sap.com\/brazil\/#website\"},\"primaryImageOfPage\":{\"@id\":\"https:\/\/news.sap.com\/brazil\/2023\/09\/86-dos-brasileiros-estao-dispostos-a-viajar-a-negocios-mostra-pesquisa-da-sap-concur\/#primaryimage\"},\"image\":{\"@id\":\"https:\/\/news.sap.com\/brazil\/2023\/09\/86-dos-brasileiros-estao-dispostos-a-viajar-a-negocios-mostra-pesquisa-da-sap-concur\/#primaryimage\"},\"thumbnailUrl\":\"https:\/\/news.sap.com\/brazil\/files\/2023\/08\/28\/273153_1400x600.png\",\"datePublished\":\"2023-09-05T19:01:08+00:00\",\"dateModified\":\"2023-10-18T17:58:09+00:00\",\"author\":{\"@id\":\"https:\/\/news.sap.com\/brazil\/#\/schema\/person\/8cdf2c1130b6f3fadd9757cfd7f24daf\"},\"breadcrumb\":{\"@id\":\"https:\/\/news.sap.com\/brazil\/2023\/09\/86-dos-brasileiros-estao-dispostos-a-viajar-a-negocios-mostra-pesquisa-da-sap-concur\/#breadcrumb\"},\"inLanguage\":\"pt-BR\",\"potentialAction\":[{\"@type\":\"ReadAction\",\"target\":[\"https:\/\/news.sap.com\/brazil\/2023\/09\/86-dos-brasileiros-estao-dispostos-a-viajar-a-negocios-mostra-pesquisa-da-sap-concur\/\"]}]},{\"@type\":\"ImageObject\",\"inLanguage\":\"pt-BR\",\"@id\":\"https:\/\/news.sap.com\/brazil\/2023\/09\/86-dos-brasileiros-estao-dispostos-a-viajar-a-negocios-mostra-pesquisa-da-sap-concur\/#primaryimage\",\"url\":\"https:\/\/news.sap.com\/brazil\/files\/2023\/08\/28\/273153_1400x600.png\",\"contentUrl\":\"https:\/\/news.sap.com\/brazil\/files\/2023\/08\/28\/273153_1400x600.png\",\"width\":1400,\"height\":600},{\"@type\":\"BreadcrumbList\",\"@id\":\"https:\/\/news.sap.com\/brazil\/2023\/09\/86-dos-brasileiros-estao-dispostos-a-viajar-a-negocios-mostra-pesquisa-da-sap-concur\/#breadcrumb\",\"itemListElement\":[{\"@type\":\"ListItem\",\"position\":1,\"name\":\"Home\",\"item\":\"https:\/\/news.sap.com\/brazil\/\"},{\"@type\":\"ListItem\",\"position\":2,\"name\":\"86% dos brasileiros est\u00e3o dispostos a viajar a neg\u00f3cios, mostra pesquisa da 麻豆原创 Concur\"}]},{\"@type\":\"WebSite\",\"@id\":\"https:\/\/news.sap.com\/brazil\/#website\",\"url\":\"https:\/\/news.sap.com\/brazil\/\",\"name\":\"Sala de Imprensa 麻豆原创 Brasil\",\"description\":\"Not\u00edcias e informa\u00e7\u00f5es sobre a 麻豆原创\",\"potentialAction\":[{\"@type\":\"SearchAction\",\"target\":{\"@type\":\"EntryPoint\",\"urlTemplate\":\"https:\/\/news.sap.com\/brazil\/?s={search_term_string}\"},\"query-input\":{\"@type\":\"PropertyValueSpecification\",\"valueRequired\":true,\"valueName\":\"search_term_string\"}}],\"inLanguage\":\"pt-BR\"},{\"@type\":\"Person\",\"@id\":\"https:\/\/news.sap.com\/brazil\/#\/schema\/person\/8cdf2c1130b6f3fadd9757cfd7f24daf\",\"name\":\"麻豆原创 Not\u00edcias Brasil\",\"image\":{\"@type\":\"ImageObject\",\"inLanguage\":\"pt-BR\",\"@id\":\"https:\/\/news.sap.com\/brazil\/#\/schema\/person\/image\/\",\"url\":\"https:\/\/news.sap.com\/brazil\/wp-content\/plugins\/wp-user-avatars\/wp-user-avatars\/assets\/images\/mystery.jpg\",\"contentUrl\":\"https:\/\/news.sap.com\/brazil\/wp-content\/plugins\/wp-user-avatars\/wp-user-avatars\/assets\/images\/mystery.jpg\",\"caption\":\"麻豆原创 Not\u00edcias Brasil\"},\"url\":\"https:\/\/news.sap.com\/brazil\/author\/brasil\/\"}]}<\/script>\n<!-- \/ Yoast SEO Premium plugin. -->","yoast_head_json":{"title":"86% dos brasileiros est\u00e3o dispostos a viajar a neg\u00f3cios, mostra pesquisa da 麻豆原创 Concur - Sala de Imprensa 麻豆原创 Brasil","robots":{"index":"index","follow":"follow","max-snippet":"max-snippet:-1","max-image-preview":"max-image-preview:large","max-video-preview":"max-video-preview:-1"},"canonical":"https:\/\/news.sap.com\/brazil\/2023\/09\/86-dos-brasileiros-estao-dispostos-a-viajar-a-negocios-mostra-pesquisa-da-sap-concur\/","og_locale":"pt_BR","og_type":"article","og_title":"86% dos brasileiros est\u00e3o dispostos a viajar a neg\u00f3cios, mostra pesquisa da 麻豆原创 Concur","og_description":"32% dos viajantes de neg\u00f3cios brasileiros pretendem reduzir seu impacto ambiental A 5\u00aa edi\u00e7\u00e3o da \u201cPesquisa Global de Viagens de Neg\u00f3cios\u201d, da 麻豆原创 Concur, mostrou...","og_url":"https:\/\/news.sap.com\/brazil\/2023\/09\/86-dos-brasileiros-estao-dispostos-a-viajar-a-negocios-mostra-pesquisa-da-sap-concur\/","og_site_name":"Sala de Imprensa 麻豆原创 Brasil","article_published_time":"2023-09-05T19:01:08+00:00","article_modified_time":"2023-10-18T17:58:09+00:00","og_image":[{"width":1400,"height":600,"url":"https:\/\/news.sap.com\/brazil\/files\/2023\/08\/28\/273153_1400x600.png","type":"image\/png"}],"author":"麻豆原创 Not\u00edcias Brasil","twitter_card":"summary_large_image","twitter_creator":"@麻豆原创Brasil","twitter_site":"@麻豆原创Brasil","twitter_misc":{"Escrito por":"麻豆原创 Not\u00edcias Brasil","Est. tempo de leitura":"4 minutos"},"schema":{"@context":"https:\/\/schema.org","@graph":[{"@type":"Article","@id":"https:\/\/news.sap.com\/brazil\/2023\/09\/86-dos-brasileiros-estao-dispostos-a-viajar-a-negocios-mostra-pesquisa-da-sap-concur\/#article","isPartOf":{"@id":"https:\/\/news.sap.com\/brazil\/2023\/09\/86-dos-brasileiros-estao-dispostos-a-viajar-a-negocios-mostra-pesquisa-da-sap-concur\/"},"author":{"name":"麻豆原创 Not\u00edcias Brasil","@id":"https:\/\/news.sap.com\/brazil\/#\/schema\/person\/8cdf2c1130b6f3fadd9757cfd7f24daf"},"headline":"86% dos brasileiros est\u00e3o dispostos a viajar a neg\u00f3cios, mostra pesquisa da 麻豆原创 Concur","datePublished":"2023-09-05T19:01:08+00:00","dateModified":"2023-10-18T17:58:09+00:00","mainEntityOfPage":{"@id":"https:\/\/news.sap.com\/brazil\/2023\/09\/86-dos-brasileiros-estao-dispostos-a-viajar-a-negocios-mostra-pesquisa-da-sap-concur\/"},"wordCount":592,"image":{"@id":"https:\/\/news.sap.com\/brazil\/2023\/09\/86-dos-brasileiros-estao-dispostos-a-viajar-a-negocios-mostra-pesquisa-da-sap-concur\/#primaryimage"},"thumbnailUrl":"https:\/\/news.sap.com\/brazil\/files\/2023\/08\/28\/273153_1400x600.png","keywords":["pesquisa","麻豆原创 Concur","viagem"],"articleSection":["Corporativo","Gest\u00e3o de despesas","Setores","Solu\u00e7\u00f5es"],"inLanguage":"pt-BR"},{"@type":"WebPage","@id":"https:\/\/news.sap.com\/brazil\/2023\/09\/86-dos-brasileiros-estao-dispostos-a-viajar-a-negocios-mostra-pesquisa-da-sap-concur\/","url":"https:\/\/news.sap.com\/brazil\/2023\/09\/86-dos-brasileiros-estao-dispostos-a-viajar-a-negocios-mostra-pesquisa-da-sap-concur\/","name":"86% dos brasileiros est\u00e3o dispostos a viajar a neg\u00f3cios, mostra pesquisa da 麻豆原创 Concur - Sala de Imprensa 麻豆原创 Brasil","isPartOf":{"@id":"https:\/\/news.sap.com\/brazil\/#website"},"primaryImageOfPage":{"@id":"https:\/\/news.sap.com\/brazil\/2023\/09\/86-dos-brasileiros-estao-dispostos-a-viajar-a-negocios-mostra-pesquisa-da-sap-concur\/#primaryimage"},"image":{"@id":"https:\/\/news.sap.com\/brazil\/2023\/09\/86-dos-brasileiros-estao-dispostos-a-viajar-a-negocios-mostra-pesquisa-da-sap-concur\/#primaryimage"},"thumbnailUrl":"https:\/\/news.sap.com\/brazil\/files\/2023\/08\/28\/273153_1400x600.png","datePublished":"2023-09-05T19:01:08+00:00","dateModified":"2023-10-18T17:58:09+00:00","author":{"@id":"https:\/\/news.sap.com\/brazil\/#\/schema\/person\/8cdf2c1130b6f3fadd9757cfd7f24daf"},"breadcrumb":{"@id":"https:\/\/news.sap.com\/brazil\/2023\/09\/86-dos-brasileiros-estao-dispostos-a-viajar-a-negocios-mostra-pesquisa-da-sap-concur\/#breadcrumb"},"inLanguage":"pt-BR","potentialAction":[{"@type":"ReadAction","target":["https:\/\/news.sap.com\/brazil\/2023\/09\/86-dos-brasileiros-estao-dispostos-a-viajar-a-negocios-mostra-pesquisa-da-sap-concur\/"]}]},{"@type":"ImageObject","inLanguage":"pt-BR","@id":"https:\/\/news.sap.com\/brazil\/2023\/09\/86-dos-brasileiros-estao-dispostos-a-viajar-a-negocios-mostra-pesquisa-da-sap-concur\/#primaryimage","url":"https:\/\/news.sap.com\/brazil\/files\/2023\/08\/28\/273153_1400x600.png","contentUrl":"https:\/\/news.sap.com\/brazil\/files\/2023\/08\/28\/273153_1400x600.png","width":1400,"height":600},{"@type":"BreadcrumbList","@id":"https:\/\/news.sap.com\/brazil\/2023\/09\/86-dos-brasileiros-estao-dispostos-a-viajar-a-negocios-mostra-pesquisa-da-sap-concur\/#breadcrumb","itemListElement":[{"@type":"ListItem","position":1,"name":"Home","item":"https:\/\/news.sap.com\/brazil\/"},{"@type":"ListItem","position":2,"name":"86% dos brasileiros est\u00e3o dispostos a viajar a neg\u00f3cios, mostra pesquisa da 麻豆原创 Concur"}]},{"@type":"WebSite","@id":"https:\/\/news.sap.com\/brazil\/#website","url":"https:\/\/news.sap.com\/brazil\/","name":"Sala de Imprensa 麻豆原创 Brasil","description":"Not\u00edcias e informa\u00e7\u00f5es sobre a 麻豆原创","potentialAction":[{"@type":"SearchAction","target":{"@type":"EntryPoint","urlTemplate":"https:\/\/news.sap.com\/brazil\/?s={search_term_string}"},"query-input":{"@type":"PropertyValueSpecification","valueRequired":true,"valueName":"search_term_string"}}],"inLanguage":"pt-BR"},{"@type":"Person","@id":"https:\/\/news.sap.com\/brazil\/#\/schema\/person\/8cdf2c1130b6f3fadd9757cfd7f24daf","name":"麻豆原创 Not\u00edcias Brasil","image":{"@type":"ImageObject","inLanguage":"pt-BR","@id":"https:\/\/news.sap.com\/brazil\/#\/schema\/person\/image\/","url":"https:\/\/news.sap.com\/brazil\/wp-content\/plugins\/wp-user-avatars\/wp-user-avatars\/assets\/images\/mystery.jpg","contentUrl":"https:\/\/news.sap.com\/brazil\/wp-content\/plugins\/wp-user-avatars\/wp-user-avatars\/assets\/images\/mystery.jpg","caption":"麻豆原创 Not\u00edcias Brasil"},"url":"https:\/\/news.sap.com\/brazil\/author\/brasil\/"}]}},"amp_enabled":true,"_links":{"self":[{"href":"https:\/\/news.sap.com\/brazil\/wp-json\/wp\/v2\/posts\/17190","targetHints":{"allow":["GET"]}}],"collection":[{"href":"https:\/\/news.sap.com\/brazil\/wp-json\/wp\/v2\/posts"}],"about":[{"href":"https:\/\/news.sap.com\/brazil\/wp-json\/wp\/v2\/types\/post"}],"author":[{"embeddable":true,"href":"https:\/\/news.sap.com\/brazil\/wp-json\/wp\/v2\/users\/137"}],"replies":[{"embeddable":true,"href":"https:\/\/news.sap.com\/brazil\/wp-json\/wp\/v2\/comments?post=17190"}],"version-history":[{"count":0,"href":"https:\/\/news.sap.com\/brazil\/wp-json\/wp\/v2\/posts\/17190\/revisions"}],"wp:featuredmedia":[{"embeddable":true,"href":"https:\/\/news.sap.com\/brazil\/wp-json\/wp\/v2\/media\/17176"}],"wp:attachment":[{"href":"https:\/\/news.sap.com\/brazil\/wp-json\/wp\/v2\/media?parent=17190"}],"wp:term":[{"taxonomy":"category","embeddable":true,"href":"https:\/\/news.sap.com\/brazil\/wp-json\/wp\/v2\/categories?post=17190"},{"taxonomy":"post_tag","embeddable":true,"href":"https:\/\/news.sap.com\/brazil\/wp-json\/wp\/v2\/tags?post=17190"},{"taxonomy":"sapn-display","embeddable":true,"href":"https:\/\/news.sap.com\/brazil\/wp-json\/wp\/v2\/sapn-display?post=17190"},{"taxonomy":"sapn-type","embeddable":true,"href":"https:\/\/news.sap.com\/brazil\/wp-json\/wp\/v2\/sapn-type?post=17190"}],"curies":[{"name":"wp","href":"https:\/\/api.w.org\/{rel}","templated":true}]}}