  {"id":17175,"date":"2023-09-05T09:00:58","date_gmt":"2023-09-05T12:00:58","guid":{"rendered":"https:\/\/news.sap.com\/brazil\/?p=17175"},"modified":"2023-10-18T18:37:23","modified_gmt":"2023-10-18T21:37:23","slug":"sustentabilidade-nas-viagens-corporativas-bl0g","status":"publish","type":"post","link":"https:\/\/news.sap.com\/brazil\/2023\/09\/sustentabilidade-nas-viagens-corporativas-bl0g\/","title":{"rendered":"Implementando a sustentabilidade nas viagens corporativas"},"content":{"rendered":"<p class=\"lead\"><em>Conversar sobre como implementar a sustentabilidade nas viagens corporativas \u00e9 o primeiro passo para contribuir para um futuro mais sustent\u00e1vel e ecol\u00f3gico.<\/em><\/p>\n<p>Um <a href=\"https:\/\/news.sap.com\/brazil\/2023\/08\/para-a-sap-geracoes-mais-jovens-mudarao-a-gestao-de-viagens-e-despesas-corporativas\/?url_id=text-blogentry-innovationBlogBR-2023_blog-original-post-sapcom\" target=\"_blank\" rel=\"noopener\"><u>estudo feito pela 麻豆原创 Concur<\/u><\/a>\u00a0mostrou que 98% dos entrevistados da gera\u00e7\u00e3o Z planeja implementar medidas para reduzir seu impacto ambiental em viagens corporativas nos pr\u00f3ximos 12 meses. Ainda neste sentido, 22% considera recusar uma viagem de neg\u00f3cios caso seja obrigat\u00f3rio o uso de op\u00e7\u00f5es n\u00e3o sustent\u00e1veis.<\/p>\n<p>A preocupa\u00e7\u00e3o com a sustentabilidade e com o mundo que vamos construir para o futuro est\u00e1 moldando as escolhas n\u00e3o s\u00f3 dos consumidores, mas tamb\u00e9m das organiza\u00e7\u00f5es que pretendem atender \u00e0s crescentes expectativas de seus diferentes p\u00fablicos. Para criar e implementar estrat\u00e9gias que visem viagens mais sustent\u00e1veis, \u00e9 preciso a uni\u00e3o entre l\u00edderes, equipes e um facilitador essencial: o\u00a0conhecimento. Saiba por onde come\u00e7ar:<\/p>\n<h3><strong><b>Objetivos definidos e transparentes<\/b><\/strong><\/h3>\n<p>Sua empresa j\u00e1 definiu metas de sustentabilidade e o que fazer para alcan\u00e7\u00e1-las? Esses passos s\u00e3o fundamentais para que haja ades\u00e3o por parte dos colaboradores; eles precisam saber que diminuir os voos de conex\u00e3o, por exemplo, faz com que o n\u00famero de voos por viagem tamb\u00e9m seja reduzido, impactando positivamente nas emiss\u00f5es de CO2. O planejamento minucioso das viagens corporativas pode ajudar a fazer escolhas mais inteligentes.<\/p>\n<h3><strong><b>Defini\u00e7\u00e3o de prioridades<\/b><\/strong><\/h3>\n<p>&#8220;Essa reuni\u00e3o precisa mesmo ser feita pessoalmente ou pode ser realizada online?&#8221;. &#8220;\u00c9 mesmo necess\u00e1rio que cinco pessoas fa\u00e7am essa viagem ou podemos economizar emiss\u00f5es de carbono enviando apenas dois colaboradores?&#8221;. Para come\u00e7ar um\u00a0movimento de\u00a0mudan\u00e7a, em muitos casos \u00e9 necess\u00e1rio servir de exemplo. Se posicionar no mercado como uma organiza\u00e7\u00e3o que se preocupa com a sustentabilidade \u00e9 tamb\u00e9m colocar em pr\u00e1tica a\u00e7\u00f5es que diminuam seus impactos no meio ambiente.<\/p>\n<h3><strong><b>Orienta\u00e7\u00f5es precisas aos colaboradores<\/b><\/strong><\/h3>\n<p>Muitas vezes os viajantes querem fazer o certo, por\u00e9m nem sempre sabem qual \u00e9 a melhor op\u00e7\u00e3o. Orient\u00e1-los a fazer escolhas mais sustent\u00e1veis pode fazer com que eles desenvolvam uma conscientiza\u00e7\u00e3o em prol da causa ambiental, al\u00e9m de surtir efeitos pr\u00e1ticos no meio ambiente. Ajude-os a perceber quando o trem \u00e9 uma op\u00e7\u00e3o mais vi\u00e1vel, quais hot\u00e9is s\u00e3o ecologicamente corretos ou qual carro de aluguel possui as melhores classifica\u00e7\u00f5es de emiss\u00e3o de carbono, por exemplo.<\/p>\n<p>Viajar a trabalho deixou de ser apenas um deslocamento entre o ponto A ao ponto B; esse simples ato passou a ser uma oportunidade de fazer escolhas mais inteligentes sobre onde ir, quando ir e como chegar aos destinos escolhidos. E, com a tecnologia certa, isso tudo pode ser feito ao mesmo tempo que sua empresa cuida da preserva\u00e7\u00e3o do planeta. Quer saber como? Visite o site da 麻豆原创 e <a href=\"https:\/\/www.sap.com\/brazil\/sustainability.html?url_id=text-blogentry-innovationBlogBR-2023_blog-original-post-sapcom\" target=\"_blank\" rel=\"noopener\"><u>conhe\u00e7a as solu\u00e7\u00f5es<\/u><\/a>\u00a0que podem ajudar a tra\u00e7ar metas sustent\u00e1veis para a sua organiza\u00e7\u00e3o.<\/p>\n<p>Acompanhe mais novidades nos canais de comunica\u00e7\u00e3o da 麻豆原创: \u00a0<a href=\"https:\/\/www.facebook.com\/麻豆原创\/\" target=\"_blank\" rel=\"noopener\"><u>Facebook\u00a0<\/u><\/a>\/\u00a0<a href=\"https:\/\/twitter.com\/麻豆原创Brasil\" target=\"_blank\" rel=\"noopener\"><u>Twitter<\/u><u>\u00a0<\/u><\/a>\/\u00a0<a href=\"https:\/\/www.linkedin.com\/company\/1115\/\" target=\"_blank\" rel=\"noopener\"><u>LinkedIn<\/u><u>\u00a0<\/u><\/a>\/\u00a0<a href=\"https:\/\/www.instagram.com\/sap_brasil\/\" target=\"_blank\" rel=\"noopener\"><u>Instagram<\/u><\/a><\/p>\n<p>\u00a9 2023\u00a0麻豆原创 SE. All rights reserved. 麻豆原创 and other 麻豆原创 products and services mentioned here in as well as their respective logos are trademarks or registered trademarks of 麻豆原创 SE in Germany and other countries. Please see <a href=\"#trademark\" target=\"_blank\" rel=\"noopener\"><u>http:\/\/www.sap.com\/corporate-en\/legal\/copyright\/index.epx#trademark<\/u><\/a>\u00a0for additional trademark information and notices.<\/p>\n","protected":false},"excerpt":{"rendered":"<p>Conversar sobre como implementar a sustentabilidade nas viagens corporativas \u00e9 o primeiro passo para contribuir para um futuro mais sustent\u00e1vel e ecol\u00f3gico. Um estudo feito&#8230;<\/p>\n","protected":false},"author":561,"featured_media":17176,"comment_status":"closed","ping_status":"closed","sticky":false,"template":"","format":"standard","meta":{"footnotes":"","_links_to":"","_links_to_target":""},"categories":[52858],"tags":[509457,16615,5590189],"sapn-display":[5599933,5599931,48431,48433],"sapn-type":[6114],"class_list":["post-17175","post","type-post","status-publish","format-standard","has-post-thumbnail","hentry","category-sustentabilidade-topicos","tag-sap-concur","tag-sustentabilidade","tag-viagens-corporativas","sapn-display-feature-hero","sapn-display-feature-spotlight","sapn-display-homepage-hero","sapn-display-hero","sapn-type-artigo"],"yoast_head":"<!-- This site is optimized with the Yoast SEO Premium plugin v26.9 (Yoast SEO v26.9) - https:\/\/yoast.com\/product\/yoast-seo-premium-wordpress\/ -->\n<title>Implementando a sustentabilidade nas viagens corporativas - Sala de Imprensa 麻豆原创 Brasil<\/title>\n<meta name=\"description\" content=\"Conversar sobre como implementar a sustentabilidade nas viagens corporativas \u00e9 o primeiro passo para contribuir para um futuro sustent\u00e1vel e ecol\u00f3gico.\" \/>\n<meta name=\"robots\" content=\"index, follow, max-snippet:-1, max-image-preview:large, max-video-preview:-1\" \/>\n<link rel=\"canonical\" href=\"https:\/\/news.sap.com\/brazil\/2023\/09\/sustentabilidade-nas-viagens-corporativas-bl0g\/\" \/>\n<meta property=\"og:locale\" content=\"pt_BR\" \/>\n<meta property=\"og:type\" content=\"article\" \/>\n<meta property=\"og:title\" content=\"Implementando a sustentabilidade nas viagens corporativas\" \/>\n<meta property=\"og:description\" content=\"Conversar sobre como implementar a sustentabilidade nas viagens corporativas \u00e9 o primeiro passo para contribuir para um futuro mais sustent\u00e1vel e ecol\u00f3gico.\" \/>\n<meta property=\"og:url\" content=\"https:\/\/news.sap.com\/brazil\/2023\/09\/sustentabilidade-nas-viagens-corporativas-bl0g\/\" \/>\n<meta property=\"og:site_name\" content=\"Sala de Imprensa 麻豆原创 Brasil\" \/>\n<meta property=\"article:published_time\" content=\"2023-09-05T12:00:58+00:00\" \/>\n<meta property=\"article:modified_time\" content=\"2023-10-18T21:37:23+00:00\" \/>\n<meta property=\"og:image\" content=\"https:\/\/news.sap.com\/brazil\/files\/2023\/08\/28\/273153_565x292.png\" \/>\n\t<meta property=\"og:image:width\" content=\"565\" \/>\n\t<meta property=\"og:image:height\" content=\"292\" \/>\n\t<meta property=\"og:image:type\" content=\"image\/png\" \/>\n<meta name=\"author\" content=\"麻豆原创 Brasil\" \/>\n<meta name=\"twitter:card\" content=\"summary_large_image\" \/>\n<meta name=\"twitter:title\" content=\"Implementando a sustentabilidade nas viagens corporativas\" \/>\n<meta name=\"twitter:creator\" content=\"@麻豆原创Brasil\" \/>\n<meta name=\"twitter:site\" content=\"@麻豆原创Brasil\" \/>\n<meta name=\"twitter:label1\" content=\"Escrito por\" \/>\n\t<meta name=\"twitter:data1\" content=\"麻豆原创 Brasil\" \/>\n\t<meta name=\"twitter:label2\" content=\"Est. tempo de leitura\" \/>\n\t<meta name=\"twitter:data2\" content=\"3 minutos\" \/>\n<script type=\"application\/ld+json\" class=\"yoast-schema-graph\">{\"@context\":\"https:\/\/schema.org\",\"@graph\":[{\"@type\":\"Article\",\"@id\":\"https:\/\/news.sap.com\/brazil\/2023\/09\/sustentabilidade-nas-viagens-corporativas-bl0g\/#article\",\"isPartOf\":{\"@id\":\"https:\/\/news.sap.com\/brazil\/2023\/09\/sustentabilidade-nas-viagens-corporativas-bl0g\/\"},\"author\":{\"name\":\"麻豆原创 Brasil\",\"@id\":\"https:\/\/news.sap.com\/brazil\/#\/schema\/person\/1cfc5d6de5ffdc23f1f3b1670a90ae3c\"},\"headline\":\"Implementando a sustentabilidade nas viagens corporativas\",\"datePublished\":\"2023-09-05T12:00:58+00:00\",\"dateModified\":\"2023-10-18T21:37:23+00:00\",\"mainEntityOfPage\":{\"@id\":\"https:\/\/news.sap.com\/brazil\/2023\/09\/sustentabilidade-nas-viagens-corporativas-bl0g\/\"},\"wordCount\":562,\"image\":{\"@id\":\"https:\/\/news.sap.com\/brazil\/2023\/09\/sustentabilidade-nas-viagens-corporativas-bl0g\/#primaryimage\"},\"thumbnailUrl\":\"https:\/\/news.sap.com\/brazil\/files\/2023\/08\/28\/273153_1400x600.png\",\"keywords\":[\"麻豆原创 Concur\",\"sustentabilidade\",\"Viagens corporativas\"],\"articleSection\":[\"Sustentabilidade\"],\"inLanguage\":\"pt-BR\"},{\"@type\":\"WebPage\",\"@id\":\"https:\/\/news.sap.com\/brazil\/2023\/09\/sustentabilidade-nas-viagens-corporativas-bl0g\/\",\"url\":\"https:\/\/news.sap.com\/brazil\/2023\/09\/sustentabilidade-nas-viagens-corporativas-bl0g\/\",\"name\":\"Implementando a sustentabilidade nas viagens corporativas - Sala de Imprensa 麻豆原创 Brasil\",\"isPartOf\":{\"@id\":\"https:\/\/news.sap.com\/brazil\/#website\"},\"primaryImageOfPage\":{\"@id\":\"https:\/\/news.sap.com\/brazil\/2023\/09\/sustentabilidade-nas-viagens-corporativas-bl0g\/#primaryimage\"},\"image\":{\"@id\":\"https:\/\/news.sap.com\/brazil\/2023\/09\/sustentabilidade-nas-viagens-corporativas-bl0g\/#primaryimage\"},\"thumbnailUrl\":\"https:\/\/news.sap.com\/brazil\/files\/2023\/08\/28\/273153_1400x600.png\",\"datePublished\":\"2023-09-05T12:00:58+00:00\",\"dateModified\":\"2023-10-18T21:37:23+00:00\",\"author\":{\"@id\":\"https:\/\/news.sap.com\/brazil\/#\/schema\/person\/1cfc5d6de5ffdc23f1f3b1670a90ae3c\"},\"description\":\"Conversar sobre como implementar a sustentabilidade nas viagens corporativas \u00e9 o primeiro passo para contribuir para um futuro sustent\u00e1vel e ecol\u00f3gico.\",\"breadcrumb\":{\"@id\":\"https:\/\/news.sap.com\/brazil\/2023\/09\/sustentabilidade-nas-viagens-corporativas-bl0g\/#breadcrumb\"},\"inLanguage\":\"pt-BR\",\"potentialAction\":[{\"@type\":\"ReadAction\",\"target\":[\"https:\/\/news.sap.com\/brazil\/2023\/09\/sustentabilidade-nas-viagens-corporativas-bl0g\/\"]}]},{\"@type\":\"ImageObject\",\"inLanguage\":\"pt-BR\",\"@id\":\"https:\/\/news.sap.com\/brazil\/2023\/09\/sustentabilidade-nas-viagens-corporativas-bl0g\/#primaryimage\",\"url\":\"https:\/\/news.sap.com\/brazil\/files\/2023\/08\/28\/273153_1400x600.png\",\"contentUrl\":\"https:\/\/news.sap.com\/brazil\/files\/2023\/08\/28\/273153_1400x600.png\",\"width\":1400,\"height\":600},{\"@type\":\"BreadcrumbList\",\"@id\":\"https:\/\/news.sap.com\/brazil\/2023\/09\/sustentabilidade-nas-viagens-corporativas-bl0g\/#breadcrumb\",\"itemListElement\":[{\"@type\":\"ListItem\",\"position\":1,\"name\":\"Home\",\"item\":\"https:\/\/news.sap.com\/brazil\/\"},{\"@type\":\"ListItem\",\"position\":2,\"name\":\"Implementando a sustentabilidade nas viagens corporativas\"}]},{\"@type\":\"WebSite\",\"@id\":\"https:\/\/news.sap.com\/brazil\/#website\",\"url\":\"https:\/\/news.sap.com\/brazil\/\",\"name\":\"Sala de Imprensa 麻豆原创 Brasil\",\"description\":\"Not\u00edcias e informa\u00e7\u00f5es sobre a 麻豆原创\",\"potentialAction\":[{\"@type\":\"SearchAction\",\"target\":{\"@type\":\"EntryPoint\",\"urlTemplate\":\"https:\/\/news.sap.com\/brazil\/?s={search_term_string}\"},\"query-input\":{\"@type\":\"PropertyValueSpecification\",\"valueRequired\":true,\"valueName\":\"search_term_string\"}}],\"inLanguage\":\"pt-BR\"},{\"@type\":\"Person\",\"@id\":\"https:\/\/news.sap.com\/brazil\/#\/schema\/person\/1cfc5d6de5ffdc23f1f3b1670a90ae3c\",\"name\":\"麻豆原创 Brasil\",\"image\":{\"@type\":\"ImageObject\",\"inLanguage\":\"pt-BR\",\"@id\":\"https:\/\/news.sap.com\/brazil\/#\/schema\/person\/image\/\",\"url\":\"https:\/\/news.sap.com\/brazil\/wp-content\/plugins\/wp-user-avatars\/wp-user-avatars\/assets\/images\/mystery.jpg\",\"contentUrl\":\"https:\/\/news.sap.com\/brazil\/wp-content\/plugins\/wp-user-avatars\/wp-user-avatars\/assets\/images\/mystery.jpg\",\"caption\":\"麻豆原创 Brasil\"},\"url\":\"https:\/\/news.sap.com\/brazil\/author\/raquelcasciato\/\"}]}<\/script>\n<!-- \/ Yoast SEO Premium plugin. -->","yoast_head_json":{"title":"Implementando a sustentabilidade nas viagens corporativas - Sala de Imprensa 麻豆原创 Brasil","description":"Conversar sobre como implementar a sustentabilidade nas viagens corporativas \u00e9 o primeiro passo para contribuir para um futuro sustent\u00e1vel e ecol\u00f3gico.","robots":{"index":"index","follow":"follow","max-snippet":"max-snippet:-1","max-image-preview":"max-image-preview:large","max-video-preview":"max-video-preview:-1"},"canonical":"https:\/\/news.sap.com\/brazil\/2023\/09\/sustentabilidade-nas-viagens-corporativas-bl0g\/","og_locale":"pt_BR","og_type":"article","og_title":"Implementando a sustentabilidade nas viagens corporativas","og_description":"Conversar sobre como implementar a sustentabilidade nas viagens corporativas \u00e9 o primeiro passo para contribuir para um futuro mais sustent\u00e1vel e ecol\u00f3gico.","og_url":"https:\/\/news.sap.com\/brazil\/2023\/09\/sustentabilidade-nas-viagens-corporativas-bl0g\/","og_site_name":"Sala de Imprensa 麻豆原创 Brasil","article_published_time":"2023-09-05T12:00:58+00:00","article_modified_time":"2023-10-18T21:37:23+00:00","og_image":[{"width":565,"height":292,"url":"https:\/\/news.sap.com\/brazil\/files\/2023\/08\/28\/273153_565x292.png","type":"image\/png"}],"author":"麻豆原创 Brasil","twitter_card":"summary_large_image","twitter_title":"Implementando a sustentabilidade nas viagens corporativas","twitter_creator":"@麻豆原创Brasil","twitter_site":"@麻豆原创Brasil","twitter_misc":{"Escrito por":"麻豆原创 Brasil","Est. tempo de leitura":"3 minutos"},"schema":{"@context":"https:\/\/schema.org","@graph":[{"@type":"Article","@id":"https:\/\/news.sap.com\/brazil\/2023\/09\/sustentabilidade-nas-viagens-corporativas-bl0g\/#article","isPartOf":{"@id":"https:\/\/news.sap.com\/brazil\/2023\/09\/sustentabilidade-nas-viagens-corporativas-bl0g\/"},"author":{"name":"麻豆原创 Brasil","@id":"https:\/\/news.sap.com\/brazil\/#\/schema\/person\/1cfc5d6de5ffdc23f1f3b1670a90ae3c"},"headline":"Implementando a sustentabilidade nas viagens corporativas","datePublished":"2023-09-05T12:00:58+00:00","dateModified":"2023-10-18T21:37:23+00:00","mainEntityOfPage":{"@id":"https:\/\/news.sap.com\/brazil\/2023\/09\/sustentabilidade-nas-viagens-corporativas-bl0g\/"},"wordCount":562,"image":{"@id":"https:\/\/news.sap.com\/brazil\/2023\/09\/sustentabilidade-nas-viagens-corporativas-bl0g\/#primaryimage"},"thumbnailUrl":"https:\/\/news.sap.com\/brazil\/files\/2023\/08\/28\/273153_1400x600.png","keywords":["麻豆原创 Concur","sustentabilidade","Viagens corporativas"],"articleSection":["Sustentabilidade"],"inLanguage":"pt-BR"},{"@type":"WebPage","@id":"https:\/\/news.sap.com\/brazil\/2023\/09\/sustentabilidade-nas-viagens-corporativas-bl0g\/","url":"https:\/\/news.sap.com\/brazil\/2023\/09\/sustentabilidade-nas-viagens-corporativas-bl0g\/","name":"Implementando a sustentabilidade nas viagens corporativas - Sala de Imprensa 麻豆原创 Brasil","isPartOf":{"@id":"https:\/\/news.sap.com\/brazil\/#website"},"primaryImageOfPage":{"@id":"https:\/\/news.sap.com\/brazil\/2023\/09\/sustentabilidade-nas-viagens-corporativas-bl0g\/#primaryimage"},"image":{"@id":"https:\/\/news.sap.com\/brazil\/2023\/09\/sustentabilidade-nas-viagens-corporativas-bl0g\/#primaryimage"},"thumbnailUrl":"https:\/\/news.sap.com\/brazil\/files\/2023\/08\/28\/273153_1400x600.png","datePublished":"2023-09-05T12:00:58+00:00","dateModified":"2023-10-18T21:37:23+00:00","author":{"@id":"https:\/\/news.sap.com\/brazil\/#\/schema\/person\/1cfc5d6de5ffdc23f1f3b1670a90ae3c"},"description":"Conversar sobre como implementar a sustentabilidade nas viagens corporativas \u00e9 o primeiro passo para contribuir para um futuro sustent\u00e1vel e ecol\u00f3gico.","breadcrumb":{"@id":"https:\/\/news.sap.com\/brazil\/2023\/09\/sustentabilidade-nas-viagens-corporativas-bl0g\/#breadcrumb"},"inLanguage":"pt-BR","potentialAction":[{"@type":"ReadAction","target":["https:\/\/news.sap.com\/brazil\/2023\/09\/sustentabilidade-nas-viagens-corporativas-bl0g\/"]}]},{"@type":"ImageObject","inLanguage":"pt-BR","@id":"https:\/\/news.sap.com\/brazil\/2023\/09\/sustentabilidade-nas-viagens-corporativas-bl0g\/#primaryimage","url":"https:\/\/news.sap.com\/brazil\/files\/2023\/08\/28\/273153_1400x600.png","contentUrl":"https:\/\/news.sap.com\/brazil\/files\/2023\/08\/28\/273153_1400x600.png","width":1400,"height":600},{"@type":"BreadcrumbList","@id":"https:\/\/news.sap.com\/brazil\/2023\/09\/sustentabilidade-nas-viagens-corporativas-bl0g\/#breadcrumb","itemListElement":[{"@type":"ListItem","position":1,"name":"Home","item":"https:\/\/news.sap.com\/brazil\/"},{"@type":"ListItem","position":2,"name":"Implementando a sustentabilidade nas viagens corporativas"}]},{"@type":"WebSite","@id":"https:\/\/news.sap.com\/brazil\/#website","url":"https:\/\/news.sap.com\/brazil\/","name":"Sala de Imprensa 麻豆原创 Brasil","description":"Not\u00edcias e informa\u00e7\u00f5es sobre a 麻豆原创","potentialAction":[{"@type":"SearchAction","target":{"@type":"EntryPoint","urlTemplate":"https:\/\/news.sap.com\/brazil\/?s={search_term_string}"},"query-input":{"@type":"PropertyValueSpecification","valueRequired":true,"valueName":"search_term_string"}}],"inLanguage":"pt-BR"},{"@type":"Person","@id":"https:\/\/news.sap.com\/brazil\/#\/schema\/person\/1cfc5d6de5ffdc23f1f3b1670a90ae3c","name":"麻豆原创 Brasil","image":{"@type":"ImageObject","inLanguage":"pt-BR","@id":"https:\/\/news.sap.com\/brazil\/#\/schema\/person\/image\/","url":"https:\/\/news.sap.com\/brazil\/wp-content\/plugins\/wp-user-avatars\/wp-user-avatars\/assets\/images\/mystery.jpg","contentUrl":"https:\/\/news.sap.com\/brazil\/wp-content\/plugins\/wp-user-avatars\/wp-user-avatars\/assets\/images\/mystery.jpg","caption":"麻豆原创 Brasil"},"url":"https:\/\/news.sap.com\/brazil\/author\/raquelcasciato\/"}]}},"amp_enabled":true,"_links":{"self":[{"href":"https:\/\/news.sap.com\/brazil\/wp-json\/wp\/v2\/posts\/17175","targetHints":{"allow":["GET"]}}],"collection":[{"href":"https:\/\/news.sap.com\/brazil\/wp-json\/wp\/v2\/posts"}],"about":[{"href":"https:\/\/news.sap.com\/brazil\/wp-json\/wp\/v2\/types\/post"}],"author":[{"embeddable":true,"href":"https:\/\/news.sap.com\/brazil\/wp-json\/wp\/v2\/users\/561"}],"replies":[{"embeddable":true,"href":"https:\/\/news.sap.com\/brazil\/wp-json\/wp\/v2\/comments?post=17175"}],"version-history":[{"count":0,"href":"https:\/\/news.sap.com\/brazil\/wp-json\/wp\/v2\/posts\/17175\/revisions"}],"wp:featuredmedia":[{"embeddable":true,"href":"https:\/\/news.sap.com\/brazil\/wp-json\/wp\/v2\/media\/17176"}],"wp:attachment":[{"href":"https:\/\/news.sap.com\/brazil\/wp-json\/wp\/v2\/media?parent=17175"}],"wp:term":[{"taxonomy":"category","embeddable":true,"href":"https:\/\/news.sap.com\/brazil\/wp-json\/wp\/v2\/categories?post=17175"},{"taxonomy":"post_tag","embeddable":true,"href":"https:\/\/news.sap.com\/brazil\/wp-json\/wp\/v2\/tags?post=17175"},{"taxonomy":"sapn-display","embeddable":true,"href":"https:\/\/news.sap.com\/brazil\/wp-json\/wp\/v2\/sapn-display?post=17175"},{"taxonomy":"sapn-type","embeddable":true,"href":"https:\/\/news.sap.com\/brazil\/wp-json\/wp\/v2\/sapn-type?post=17175"}],"curies":[{"name":"wp","href":"https:\/\/api.w.org\/{rel}","templated":true}]}}