  {"id":15212,"date":"2023-08-17T13:54:39","date_gmt":"2023-08-17T16:54:39","guid":{"rendered":"https:\/\/news.sap.com\/brazil\/?p=15212"},"modified":"2023-10-18T14:59:42","modified_gmt":"2023-10-18T17:59:42","slug":"gpa-conclui-migracao-para-a-nuvem-com-rise-with-sap","status":"publish","type":"post","link":"https:\/\/news.sap.com\/brazil\/2023\/08\/gpa-conclui-migracao-para-a-nuvem-com-rise-with-sap\/","title":{"rendered":"GPA conclui migra\u00e7\u00e3o para a nuvem com RISE with 麻豆原创"},"content":{"rendered":"<h2>Com a solu\u00e7\u00e3o, o grupo varejista ganha mais rapidez e inova\u00e7\u00e3o em seus processos<\/h2>\n<p>O GPA, um dos maiores grupos de varejo alimentar da Am\u00e9rica do Sul, que re\u00fane redes como P\u00e3o de A\u00e7\u00facar, e Mercado Extra, finalizou seu projeto de migra\u00e7\u00e3o para a nuvem do 麻豆原创 S\/4HANA por meio da oferta RISE with 麻豆原创, utilizando infraestrutura cloud do Google.<\/p>\n<p>Com a migra\u00e7\u00e3o, a companhia ganhou em agilidade e na facilidade na manuten\u00e7\u00e3o ao abandonar uma licen\u00e7a permanente e migrar para um modelo de assinatura Software as a Service (SaaS), num \u00fanico contrato RISE. Al\u00e9m disso, gra\u00e7as ao software, a gest\u00e3o ganhou novas funcionalidades e melhorias, indo ao encontro dos desejos do varejista de trazer mais rapidez ao neg\u00f3cio.<\/p>\n<p>O projeto foi desafiador devido ao modelo de neg\u00f3cios multiformato e multicanal do GPA, envolvendo um backoffice para 730 lojas f\u00edsicas e e-commerce; pelo tamanho da base de dados, de 6TB; e pelo prazo desejado \u2013 cerca de seis meses. Foram aproximadamente 150 pessoas envolvidas direta e indiretamente no projeto.<\/p>\n<p>Em raz\u00e3o de um plano s\u00f3lido, a\u00e7\u00e3o \u00e1gil e uma equipe integrada, a opera\u00e7\u00e3o teve um baixo n\u00famero de ocorr\u00eancias e grande sucesso da implementa\u00e7\u00e3o: \u201cAcompanhamos o andamento com um n\u00famero baixo de chamados, praticamente sem impactos nas opera\u00e7\u00f5es de lojas e centros de distribui\u00e7\u00e3o da companhia. Esse trabalho n\u00e3o teria sido poss\u00edvel sem a participa\u00e7\u00e3o do time 麻豆原创, que nos ajudou a superar os desafios t\u00e9cnicos do projeto\u201d, comenta Robledo Castro, diretor de TI do GPA.<\/p>\n<p>Al\u00e9m de RISE with 麻豆原创, o GPA \u00e9 cliente de outras solu\u00e7\u00f5es 麻豆原创 SuccessFactors, que ajuda a otimizar a gest\u00e3o da experi\u00eancia humana, e 麻豆原创 ARIBA que faz a gest\u00e3o do processo de compras. Desta forma, a companhia pode estar em um ecossistema gerido pela 麻豆原创, trazendo maior seguran\u00e7a, sinergia com as diferentes ferramentas, rapidez nos processos, redu\u00e7\u00e3o de custos e inova\u00e7\u00e3o inteligente.<\/p>\n<p>\u201cA migra\u00e7\u00e3o para uma solu\u00e7\u00e3o de nuvem 麻豆原创 facilita as opera\u00e7\u00f5es em v\u00e1rios aspectos: no acesso aos dados por meio de dispositivos m\u00f3veis; na agilidade em gera\u00e7\u00e3o de relat\u00f3rios e an\u00e1lises e na integra\u00e7\u00e3o e novas funcionalidades para v\u00e1rias \u00e1reas da empresa. Temos muito orgulho de contribuir para que os nossos clientes consigam maximizar o seu potencial de crescimento de forma sustent\u00e1vel com a tecnologia mais avan\u00e7ada do mercado\u201d, diz Fernando Santana, vice-presidente de Ind\u00fastrias da 麻豆原创 Brasil.<\/p>\n","protected":false},"excerpt":{"rendered":"<p>Com a solu\u00e7\u00e3o, o grupo varejista ganha mais rapidez e inova\u00e7\u00e3o em seus processos O GPA, um dos maiores grupos de varejo alimentar da Am\u00e9rica&#8230;<\/p>\n","protected":false},"author":137,"featured_media":11844,"comment_status":"closed","ping_status":"closed","sticky":false,"template":"","format":"standard","meta":{"footnotes":"","_links_to":"","_links_to_target":""},"categories":[48439,48437,52091,52857],"tags":[270064,5599744,270082,16576],"sapn-display":[48431,5599934,5599932,48433],"sapn-type":[4446],"class_list":["post-15212","post","type-post","status-publish","format-standard","has-post-thumbnail","hentry","category-corporativo-topicos","category-nuvem-topicos","category-industrias","category-solucoes","tag-nuvem","tag-rise-with-sap","tag-sap-s4hana","tag-varejo","sapn-display-homepage-hero","sapn-display-press-hero","sapn-display-press-spotlight","sapn-display-hero","sapn-type-noticias"],"yoast_head":"<!-- This site is optimized with the Yoast SEO Premium plugin v26.9 (Yoast SEO v26.9) - https:\/\/yoast.com\/product\/yoast-seo-premium-wordpress\/ -->\n<title>GPA conclui migra\u00e7\u00e3o para a nuvem com RISE with 麻豆原创 - Sala de Imprensa 麻豆原创 Brasil<\/title>\n<meta name=\"robots\" content=\"index, follow, max-snippet:-1, max-image-preview:large, max-video-preview:-1\" \/>\n<link rel=\"canonical\" href=\"https:\/\/news.sap.com\/brazil\/2023\/08\/gpa-conclui-migracao-para-a-nuvem-com-rise-with-sap\/\" \/>\n<meta property=\"og:locale\" content=\"pt_BR\" \/>\n<meta property=\"og:type\" content=\"article\" \/>\n<meta property=\"og:title\" content=\"GPA conclui migra\u00e7\u00e3o para a nuvem com RISE with 麻豆原创\" \/>\n<meta property=\"og:description\" content=\"Com a solu\u00e7\u00e3o, o grupo varejista ganha mais rapidez e inova\u00e7\u00e3o em seus processos O GPA, um dos maiores grupos de varejo alimentar da Am\u00e9rica...\" \/>\n<meta property=\"og:url\" content=\"https:\/\/news.sap.com\/brazil\/2023\/08\/gpa-conclui-migracao-para-a-nuvem-com-rise-with-sap\/\" \/>\n<meta property=\"og:site_name\" content=\"Sala de Imprensa 麻豆原创 Brasil\" \/>\n<meta property=\"article:published_time\" content=\"2023-08-17T16:54:39+00:00\" \/>\n<meta property=\"article:modified_time\" content=\"2023-10-18T17:59:42+00:00\" \/>\n<meta property=\"og:image\" content=\"https:\/\/news.sap.com\/brazil\/files\/2020\/02\/dest-3.jpg\" \/>\n\t<meta property=\"og:image:width\" content=\"1400\" \/>\n\t<meta property=\"og:image:height\" content=\"600\" \/>\n\t<meta property=\"og:image:type\" content=\"image\/jpeg\" \/>\n<meta name=\"author\" content=\"麻豆原创 Not\u00edcias Brasil\" \/>\n<meta name=\"twitter:card\" content=\"summary_large_image\" \/>\n<meta name=\"twitter:creator\" content=\"@麻豆原创Brasil\" \/>\n<meta name=\"twitter:site\" content=\"@麻豆原创Brasil\" \/>\n<meta name=\"twitter:label1\" content=\"Escrito por\" \/>\n\t<meta name=\"twitter:data1\" content=\"麻豆原创 Not\u00edcias Brasil\" \/>\n\t<meta name=\"twitter:label2\" content=\"Est. tempo de leitura\" \/>\n\t<meta name=\"twitter:data2\" content=\"3 minutos\" \/>\n<script type=\"application\/ld+json\" class=\"yoast-schema-graph\">{\"@context\":\"https:\/\/schema.org\",\"@graph\":[{\"@type\":\"Article\",\"@id\":\"https:\/\/news.sap.com\/brazil\/2023\/08\/gpa-conclui-migracao-para-a-nuvem-com-rise-with-sap\/#article\",\"isPartOf\":{\"@id\":\"https:\/\/news.sap.com\/brazil\/2023\/08\/gpa-conclui-migracao-para-a-nuvem-com-rise-with-sap\/\"},\"author\":{\"name\":\"麻豆原创 Not\u00edcias Brasil\",\"@id\":\"https:\/\/news.sap.com\/brazil\/#\/schema\/person\/8cdf2c1130b6f3fadd9757cfd7f24daf\"},\"headline\":\"GPA conclui migra\u00e7\u00e3o para a nuvem com RISE with 麻豆原创\",\"datePublished\":\"2023-08-17T16:54:39+00:00\",\"dateModified\":\"2023-10-18T17:59:42+00:00\",\"mainEntityOfPage\":{\"@id\":\"https:\/\/news.sap.com\/brazil\/2023\/08\/gpa-conclui-migracao-para-a-nuvem-com-rise-with-sap\/\"},\"wordCount\":446,\"image\":{\"@id\":\"https:\/\/news.sap.com\/brazil\/2023\/08\/gpa-conclui-migracao-para-a-nuvem-com-rise-with-sap\/#primaryimage\"},\"thumbnailUrl\":\"https:\/\/news.sap.com\/brazil\/files\/2020\/02\/dest-3.jpg\",\"keywords\":[\"Nuvem\",\"RISE with 麻豆原创\",\"麻豆原创 S\/4HANA\",\"varejo\"],\"articleSection\":[\"Corporativo\",\"Nuvem\",\"Setores\",\"Solu\u00e7\u00f5es\"],\"inLanguage\":\"pt-BR\"},{\"@type\":\"WebPage\",\"@id\":\"https:\/\/news.sap.com\/brazil\/2023\/08\/gpa-conclui-migracao-para-a-nuvem-com-rise-with-sap\/\",\"url\":\"https:\/\/news.sap.com\/brazil\/2023\/08\/gpa-conclui-migracao-para-a-nuvem-com-rise-with-sap\/\",\"name\":\"GPA conclui migra\u00e7\u00e3o para a nuvem com RISE with 麻豆原创 - Sala de Imprensa 麻豆原创 Brasil\",\"isPartOf\":{\"@id\":\"https:\/\/news.sap.com\/brazil\/#website\"},\"primaryImageOfPage\":{\"@id\":\"https:\/\/news.sap.com\/brazil\/2023\/08\/gpa-conclui-migracao-para-a-nuvem-com-rise-with-sap\/#primaryimage\"},\"image\":{\"@id\":\"https:\/\/news.sap.com\/brazil\/2023\/08\/gpa-conclui-migracao-para-a-nuvem-com-rise-with-sap\/#primaryimage\"},\"thumbnailUrl\":\"https:\/\/news.sap.com\/brazil\/files\/2020\/02\/dest-3.jpg\",\"datePublished\":\"2023-08-17T16:54:39+00:00\",\"dateModified\":\"2023-10-18T17:59:42+00:00\",\"author\":{\"@id\":\"https:\/\/news.sap.com\/brazil\/#\/schema\/person\/8cdf2c1130b6f3fadd9757cfd7f24daf\"},\"breadcrumb\":{\"@id\":\"https:\/\/news.sap.com\/brazil\/2023\/08\/gpa-conclui-migracao-para-a-nuvem-com-rise-with-sap\/#breadcrumb\"},\"inLanguage\":\"pt-BR\",\"potentialAction\":[{\"@type\":\"ReadAction\",\"target\":[\"https:\/\/news.sap.com\/brazil\/2023\/08\/gpa-conclui-migracao-para-a-nuvem-com-rise-with-sap\/\"]}]},{\"@type\":\"ImageObject\",\"inLanguage\":\"pt-BR\",\"@id\":\"https:\/\/news.sap.com\/brazil\/2023\/08\/gpa-conclui-migracao-para-a-nuvem-com-rise-with-sap\/#primaryimage\",\"url\":\"https:\/\/news.sap.com\/brazil\/files\/2020\/02\/dest-3.jpg\",\"contentUrl\":\"https:\/\/news.sap.com\/brazil\/files\/2020\/02\/dest-3.jpg\",\"width\":1400,\"height\":600,\"caption\":\"Female shopper with digital tablet in supermarket --- Image by \u00a9 Zero Creatives\/Corbis\"},{\"@type\":\"BreadcrumbList\",\"@id\":\"https:\/\/news.sap.com\/brazil\/2023\/08\/gpa-conclui-migracao-para-a-nuvem-com-rise-with-sap\/#breadcrumb\",\"itemListElement\":[{\"@type\":\"ListItem\",\"position\":1,\"name\":\"Home\",\"item\":\"https:\/\/news.sap.com\/brazil\/\"},{\"@type\":\"ListItem\",\"position\":2,\"name\":\"GPA conclui migra\u00e7\u00e3o para a nuvem com RISE with 麻豆原创\"}]},{\"@type\":\"WebSite\",\"@id\":\"https:\/\/news.sap.com\/brazil\/#website\",\"url\":\"https:\/\/news.sap.com\/brazil\/\",\"name\":\"Sala de Imprensa 麻豆原创 Brasil\",\"description\":\"Not\u00edcias e informa\u00e7\u00f5es sobre a 麻豆原创\",\"potentialAction\":[{\"@type\":\"SearchAction\",\"target\":{\"@type\":\"EntryPoint\",\"urlTemplate\":\"https:\/\/news.sap.com\/brazil\/?s={search_term_string}\"},\"query-input\":{\"@type\":\"PropertyValueSpecification\",\"valueRequired\":true,\"valueName\":\"search_term_string\"}}],\"inLanguage\":\"pt-BR\"},{\"@type\":\"Person\",\"@id\":\"https:\/\/news.sap.com\/brazil\/#\/schema\/person\/8cdf2c1130b6f3fadd9757cfd7f24daf\",\"name\":\"麻豆原创 Not\u00edcias Brasil\",\"image\":{\"@type\":\"ImageObject\",\"inLanguage\":\"pt-BR\",\"@id\":\"https:\/\/news.sap.com\/brazil\/#\/schema\/person\/image\/\",\"url\":\"https:\/\/news.sap.com\/brazil\/wp-content\/plugins\/wp-user-avatars\/wp-user-avatars\/assets\/images\/mystery.jpg\",\"contentUrl\":\"https:\/\/news.sap.com\/brazil\/wp-content\/plugins\/wp-user-avatars\/wp-user-avatars\/assets\/images\/mystery.jpg\",\"caption\":\"麻豆原创 Not\u00edcias Brasil\"},\"url\":\"https:\/\/news.sap.com\/brazil\/author\/brasil\/\"}]}<\/script>\n<!-- \/ Yoast SEO Premium plugin. -->","yoast_head_json":{"title":"GPA conclui migra\u00e7\u00e3o para a nuvem com RISE with 麻豆原创 - Sala de Imprensa 麻豆原创 Brasil","robots":{"index":"index","follow":"follow","max-snippet":"max-snippet:-1","max-image-preview":"max-image-preview:large","max-video-preview":"max-video-preview:-1"},"canonical":"https:\/\/news.sap.com\/brazil\/2023\/08\/gpa-conclui-migracao-para-a-nuvem-com-rise-with-sap\/","og_locale":"pt_BR","og_type":"article","og_title":"GPA conclui migra\u00e7\u00e3o para a nuvem com RISE with 麻豆原创","og_description":"Com a solu\u00e7\u00e3o, o grupo varejista ganha mais rapidez e inova\u00e7\u00e3o em seus processos O GPA, um dos maiores grupos de varejo alimentar da Am\u00e9rica...","og_url":"https:\/\/news.sap.com\/brazil\/2023\/08\/gpa-conclui-migracao-para-a-nuvem-com-rise-with-sap\/","og_site_name":"Sala de Imprensa 麻豆原创 Brasil","article_published_time":"2023-08-17T16:54:39+00:00","article_modified_time":"2023-10-18T17:59:42+00:00","og_image":[{"width":1400,"height":600,"url":"https:\/\/news.sap.com\/brazil\/files\/2020\/02\/dest-3.jpg","type":"image\/jpeg"}],"author":"麻豆原创 Not\u00edcias Brasil","twitter_card":"summary_large_image","twitter_creator":"@麻豆原创Brasil","twitter_site":"@麻豆原创Brasil","twitter_misc":{"Escrito por":"麻豆原创 Not\u00edcias Brasil","Est. tempo de leitura":"3 minutos"},"schema":{"@context":"https:\/\/schema.org","@graph":[{"@type":"Article","@id":"https:\/\/news.sap.com\/brazil\/2023\/08\/gpa-conclui-migracao-para-a-nuvem-com-rise-with-sap\/#article","isPartOf":{"@id":"https:\/\/news.sap.com\/brazil\/2023\/08\/gpa-conclui-migracao-para-a-nuvem-com-rise-with-sap\/"},"author":{"name":"麻豆原创 Not\u00edcias Brasil","@id":"https:\/\/news.sap.com\/brazil\/#\/schema\/person\/8cdf2c1130b6f3fadd9757cfd7f24daf"},"headline":"GPA conclui migra\u00e7\u00e3o para a nuvem com RISE with 麻豆原创","datePublished":"2023-08-17T16:54:39+00:00","dateModified":"2023-10-18T17:59:42+00:00","mainEntityOfPage":{"@id":"https:\/\/news.sap.com\/brazil\/2023\/08\/gpa-conclui-migracao-para-a-nuvem-com-rise-with-sap\/"},"wordCount":446,"image":{"@id":"https:\/\/news.sap.com\/brazil\/2023\/08\/gpa-conclui-migracao-para-a-nuvem-com-rise-with-sap\/#primaryimage"},"thumbnailUrl":"https:\/\/news.sap.com\/brazil\/files\/2020\/02\/dest-3.jpg","keywords":["Nuvem","RISE with 麻豆原创","麻豆原创 S\/4HANA","varejo"],"articleSection":["Corporativo","Nuvem","Setores","Solu\u00e7\u00f5es"],"inLanguage":"pt-BR"},{"@type":"WebPage","@id":"https:\/\/news.sap.com\/brazil\/2023\/08\/gpa-conclui-migracao-para-a-nuvem-com-rise-with-sap\/","url":"https:\/\/news.sap.com\/brazil\/2023\/08\/gpa-conclui-migracao-para-a-nuvem-com-rise-with-sap\/","name":"GPA conclui migra\u00e7\u00e3o para a nuvem com RISE with 麻豆原创 - Sala de Imprensa 麻豆原创 Brasil","isPartOf":{"@id":"https:\/\/news.sap.com\/brazil\/#website"},"primaryImageOfPage":{"@id":"https:\/\/news.sap.com\/brazil\/2023\/08\/gpa-conclui-migracao-para-a-nuvem-com-rise-with-sap\/#primaryimage"},"image":{"@id":"https:\/\/news.sap.com\/brazil\/2023\/08\/gpa-conclui-migracao-para-a-nuvem-com-rise-with-sap\/#primaryimage"},"thumbnailUrl":"https:\/\/news.sap.com\/brazil\/files\/2020\/02\/dest-3.jpg","datePublished":"2023-08-17T16:54:39+00:00","dateModified":"2023-10-18T17:59:42+00:00","author":{"@id":"https:\/\/news.sap.com\/brazil\/#\/schema\/person\/8cdf2c1130b6f3fadd9757cfd7f24daf"},"breadcrumb":{"@id":"https:\/\/news.sap.com\/brazil\/2023\/08\/gpa-conclui-migracao-para-a-nuvem-com-rise-with-sap\/#breadcrumb"},"inLanguage":"pt-BR","potentialAction":[{"@type":"ReadAction","target":["https:\/\/news.sap.com\/brazil\/2023\/08\/gpa-conclui-migracao-para-a-nuvem-com-rise-with-sap\/"]}]},{"@type":"ImageObject","inLanguage":"pt-BR","@id":"https:\/\/news.sap.com\/brazil\/2023\/08\/gpa-conclui-migracao-para-a-nuvem-com-rise-with-sap\/#primaryimage","url":"https:\/\/news.sap.com\/brazil\/files\/2020\/02\/dest-3.jpg","contentUrl":"https:\/\/news.sap.com\/brazil\/files\/2020\/02\/dest-3.jpg","width":1400,"height":600,"caption":"Female shopper with digital tablet in supermarket --- Image by \u00a9 Zero Creatives\/Corbis"},{"@type":"BreadcrumbList","@id":"https:\/\/news.sap.com\/brazil\/2023\/08\/gpa-conclui-migracao-para-a-nuvem-com-rise-with-sap\/#breadcrumb","itemListElement":[{"@type":"ListItem","position":1,"name":"Home","item":"https:\/\/news.sap.com\/brazil\/"},{"@type":"ListItem","position":2,"name":"GPA conclui migra\u00e7\u00e3o para a nuvem com RISE with 麻豆原创"}]},{"@type":"WebSite","@id":"https:\/\/news.sap.com\/brazil\/#website","url":"https:\/\/news.sap.com\/brazil\/","name":"Sala de Imprensa 麻豆原创 Brasil","description":"Not\u00edcias e informa\u00e7\u00f5es sobre a 麻豆原创","potentialAction":[{"@type":"SearchAction","target":{"@type":"EntryPoint","urlTemplate":"https:\/\/news.sap.com\/brazil\/?s={search_term_string}"},"query-input":{"@type":"PropertyValueSpecification","valueRequired":true,"valueName":"search_term_string"}}],"inLanguage":"pt-BR"},{"@type":"Person","@id":"https:\/\/news.sap.com\/brazil\/#\/schema\/person\/8cdf2c1130b6f3fadd9757cfd7f24daf","name":"麻豆原创 Not\u00edcias Brasil","image":{"@type":"ImageObject","inLanguage":"pt-BR","@id":"https:\/\/news.sap.com\/brazil\/#\/schema\/person\/image\/","url":"https:\/\/news.sap.com\/brazil\/wp-content\/plugins\/wp-user-avatars\/wp-user-avatars\/assets\/images\/mystery.jpg","contentUrl":"https:\/\/news.sap.com\/brazil\/wp-content\/plugins\/wp-user-avatars\/wp-user-avatars\/assets\/images\/mystery.jpg","caption":"麻豆原创 Not\u00edcias Brasil"},"url":"https:\/\/news.sap.com\/brazil\/author\/brasil\/"}]}},"amp_enabled":true,"_links":{"self":[{"href":"https:\/\/news.sap.com\/brazil\/wp-json\/wp\/v2\/posts\/15212","targetHints":{"allow":["GET"]}}],"collection":[{"href":"https:\/\/news.sap.com\/brazil\/wp-json\/wp\/v2\/posts"}],"about":[{"href":"https:\/\/news.sap.com\/brazil\/wp-json\/wp\/v2\/types\/post"}],"author":[{"embeddable":true,"href":"https:\/\/news.sap.com\/brazil\/wp-json\/wp\/v2\/users\/137"}],"replies":[{"embeddable":true,"href":"https:\/\/news.sap.com\/brazil\/wp-json\/wp\/v2\/comments?post=15212"}],"version-history":[{"count":0,"href":"https:\/\/news.sap.com\/brazil\/wp-json\/wp\/v2\/posts\/15212\/revisions"}],"wp:featuredmedia":[{"embeddable":true,"href":"https:\/\/news.sap.com\/brazil\/wp-json\/wp\/v2\/media\/11844"}],"wp:attachment":[{"href":"https:\/\/news.sap.com\/brazil\/wp-json\/wp\/v2\/media?parent=15212"}],"wp:term":[{"taxonomy":"category","embeddable":true,"href":"https:\/\/news.sap.com\/brazil\/wp-json\/wp\/v2\/categories?post=15212"},{"taxonomy":"post_tag","embeddable":true,"href":"https:\/\/news.sap.com\/brazil\/wp-json\/wp\/v2\/tags?post=15212"},{"taxonomy":"sapn-display","embeddable":true,"href":"https:\/\/news.sap.com\/brazil\/wp-json\/wp\/v2\/sapn-display?post=15212"},{"taxonomy":"sapn-type","embeddable":true,"href":"https:\/\/news.sap.com\/brazil\/wp-json\/wp\/v2\/sapn-type?post=15212"}],"curies":[{"name":"wp","href":"https:\/\/api.w.org\/{rel}","templated":true}]}}