  {"id":15110,"date":"2023-06-27T10:19:29","date_gmt":"2023-06-27T13:19:29","guid":{"rendered":"https:\/\/news.sap.com\/brazil\/?p=15110"},"modified":"2023-10-19T09:46:44","modified_gmt":"2023-10-19T12:46:44","slug":"pride-month-iniciativas-da-sap-em-prol-da-diversidade-e-inclusao-bl0g","status":"publish","type":"post","link":"https:\/\/news.sap.com\/brazil\/2023\/06\/pride-month-iniciativas-da-sap-em-prol-da-diversidade-e-inclusao-bl0g\/","title":{"rendered":"Pride Month: Iniciativas da 麻豆原创 em prol da diversidade e inclus\u00e3o"},"content":{"rendered":"<p class=\"lead\"><i>Pride Month: N<\/i><em><i>ossos esfor\u00e7os s\u00e3o voltados para uma miss\u00e3o muito importante, que \u00e9 tornar a companhia um lugar inclusivo, com uma cultura que gere sensa\u00e7\u00e3o de pertencimento, onde todos os indiv\u00edduos se sintam valorizados<\/i><\/em><em><i>\u00a0e possam ser quem s\u00e3o<\/i><\/em><em><i>. <\/i><\/em><\/p>\n<p>A diversidade e a inclus\u00e3o s\u00e3o levadas a s\u00e9rio nos corredores da 麻豆原创. Faz parte do nosso prop\u00f3sito incluir esses dois pilares em nossas estrat\u00e9gias, inspirando e capacitando continuamente os nossos colaboradores para ajudar a melhorar o mundo e a vida das pessoas.<\/p>\n<p>Esse foi um dos motivos que possibilitou a cria\u00e7\u00e3o do Pride@麻豆原创, que completou 20 anos em 2021. O grupo tem como finalidade defender a igualdade em todos os ambientes da sociedade, por\u00e9m principalmente no ambiente profissional, criando espa\u00e7os seguros nos quais os indiv\u00edduos se sintam bem-vindos, valorizados e seguros para compartilharem suas vis\u00f5es de mundo e contribu\u00edrem para a cria\u00e7\u00e3o de produtos e servi\u00e7os excelentes aos nossos clientes e parceiros. Para 2023, buscamos evoluir os pilares do programa para trazer ainda mais for\u00e7a para essa iniciativa t\u00e3o importante:<\/p>\n<h4><strong><b>Diversidade da for\u00e7a de trabalho<\/b><\/strong><\/h4>\n<p>Objetivo: aumentar a diversidade na composi\u00e7\u00e3o do quadro de colaboradores em todos os n\u00edveis da 麻豆原创, com o intuito de refletir adequadamente a diversidade na sociedade, al\u00e9m de fazer com que a 麻豆原创 se torne um local onde a comunidade LGBTQIA+ queira trabalhar e se desenvolver.<\/p>\n<h4><strong><b>Inclus\u00e3o no ambiente profissional<\/b><\/strong><\/h4>\n<p>Objetivo: criar um ecossistema de trabalho positivo, de pertencimento, no qual os funcion\u00e1rios possam prosperar e se desenvolver em todo seu potencial.<\/p>\n<h4><strong><b>Lideran\u00e7a de mercado<\/b><\/strong><\/h4>\n<p>Objetivo: estender o impacto dos nossos esfor\u00e7os de diversidade e inclus\u00e3o para as comunidades em que atuamos, fazendo com que cada colaborador da 麻豆原创 se torne um aliado LGBTQIA+.<\/p>\n<p>Para celebrar o M\u00eas do Orgulho, diferentes iniciativas foram promovidas em nossos escrit\u00f3rios no Brasil com o intuito de impulsionar a diversidade e a inclus\u00e3o em todos os ambientes.\u00a0Sendo elas:<\/p>\n<h4><strong><b>O mundo mudou, e agora?<\/b><\/strong><\/h4>\n<p>A sess\u00e3o informativa de abertura do Pride Month trouxe informa\u00e7\u00f5es valiosas sobre a hist\u00f3ria da comunidade LGBTQIA+, abordou as lutas e conquistas, al\u00e9m de refor\u00e7ar as defini\u00e7\u00f5es sobre a comunidade, os termos corretos a serem utilizados e a comunica\u00e7\u00e3o inclusiva.<\/p>\n<h4><strong><b>Espa\u00e7o Seguro<\/b><\/strong><\/h4>\n<p>O workshop ministrado pela professora Kathryn Dominque, da UFRGS, proporcionou aos funcion\u00e1rios a oportunidade de aprenderem sobre a comunidade LGBTQIA+ por meio de exerc\u00edcios de empatia, nos quais puderam refletir sobre privil\u00e9gios e preconceitos.<\/p>\n<h4><strong><b>M\u00e3es pela Diversidade<\/b><\/strong><\/h4>\n<p>A presidente da ONG M\u00e3es pela Diversidade, fruto de um encontro espont\u00e2neo de m\u00e3es e pais de l\u00e9sbicas, gays, bissexuais, travestis e transexuais de todo o Brasil, ministrou uma palestra sobre o papel dos genitores na luta de seus filhos em um mundo sem homofobia e outros preconceitos.<\/p>\n<p>Na 麻豆原创, a singularidade \u00e9 valorizada e os colaboradores podem ser quem s\u00e3o, em toda sua ess\u00eancia e personalidade. A diversidade e a inclus\u00e3o s\u00e3o ingredientes essenciais para estimular a inova\u00e7\u00e3o e construir um mundo melhor n\u00e3o s\u00f3 para os neg\u00f3cios, mas tamb\u00e9m para todos os indiv\u00edduos. Quer saber mais? <a href=\"https:\/\/www.sap.com\/brazil\/about\/company\/our-values\/diversity.html?url_id=text-blogentry-innovationBlogBR-2023_blog-original-post-sapcom\" target=\"_blank\" rel=\"noopener\"><u>Acesse nosso site<\/u><\/a>\u00a0e saiba mais sobre o nosso compromisso com esse tema t\u00e3o importante para a sociedade.<\/p>\n<p>Acompanhe mais novidades nos canais de comunica\u00e7\u00e3o da 麻豆原创: \u00a0<a href=\"https:\/\/www.facebook.com\/麻豆原创\/\"><u>Facebook\u00a0<\/u><\/a>\/\u00a0<a href=\"https:\/\/twitter.com\/麻豆原创Brasil\"><u>Twitter<\/u><\/a><a href=\"https:\/\/twitter.com\/麻豆原创Brasil\"><u>\u00a0<\/u><\/a>\/\u00a0<a href=\"https:\/\/www.linkedin.com\/company\/1115\/\"><u>LinkedIn<\/u><\/a><a href=\"https:\/\/www.linkedin.com\/company\/1115\/\"><u>\u00a0<\/u><\/a>\/\u00a0<a href=\"https:\/\/www.instagram.com\/sap_brasil\/\"><u>Instagram<\/u><\/a><\/p>\n<p>\u00a9 2023 麻豆原创 SE. All rights reserved. 麻豆原创 and other 麻豆原创 products and services mentioned here in as well as their respective logos are trademarks or registered trademarks of 麻豆原创 SE in Germany and other countries. Please see <a href=\"http:\/\/www.sap.com\/corporate-en\/legal\/copyright\/index.epx#trademark\" target=\"_blank\" rel=\"noopener\"><u>http:\/\/www.sap.com\/corporate-en\/legal\/copyright\/index.epx#trademark<\/u><\/a>\u00a0for additional trademark information and notices.<\/p>\n","protected":false},"excerpt":{"rendered":"<p>Pride Month: Nossos esfor\u00e7os s\u00e3o voltados para uma miss\u00e3o muito importante, que \u00e9 tornar a companhia um lugar inclusivo, com uma cultura que gere sensa\u00e7\u00e3o&#8230;<\/p>\n","protected":false},"author":561,"featured_media":15111,"comment_status":"closed","ping_status":"closed","sticky":false,"template":"","format":"standard","meta":{"footnotes":"","_links_to":"","_links_to_target":""},"categories":[48444],"tags":[1032189,5599909,5599753],"sapn-display":[5599933,5599931,48431,48433],"sapn-type":[6114],"class_list":["post-15110","post","type-post","status-publish","format-standard","has-post-thumbnail","hentry","category-recursos-humanos-topicos","tag-diversidade-e-inclusao","tag-mes-do-orgulho","tag-pride-month","sapn-display-feature-hero","sapn-display-feature-spotlight","sapn-display-homepage-hero","sapn-display-hero","sapn-type-artigo"],"yoast_head":"<!-- This site is optimized with the Yoast SEO Premium plugin v26.9 (Yoast SEO v26.9) - https:\/\/yoast.com\/product\/yoast-seo-premium-wordpress\/ -->\n<title>Pride Month: Iniciativas da 麻豆原创 em prol da diversidade e inclus\u00e3o<\/title>\n<meta name=\"description\" content=\"Nossos esfor\u00e7os s\u00e3o voltados para uma miss\u00e3o muito importante: tornar a companhia um lugar inclusivo, onde todos possam ser quem s\u00e3o.\" \/>\n<meta name=\"robots\" content=\"index, follow, max-snippet:-1, max-image-preview:large, max-video-preview:-1\" \/>\n<link rel=\"canonical\" href=\"https:\/\/news.sap.com\/brazil\/2023\/06\/pride-month-iniciativas-da-sap-em-prol-da-diversidade-e-inclusao-bl0g\/\" \/>\n<meta property=\"og:locale\" content=\"pt_BR\" \/>\n<meta property=\"og:type\" content=\"article\" \/>\n<meta property=\"og:title\" content=\"Pride Month: Iniciativas da 麻豆原创 em prol da diversidade e inclus\u00e3o\" \/>\n<meta property=\"og:description\" content=\"Na 麻豆原创, nossos esfor\u00e7os s\u00e3o voltados para uma miss\u00e3o muito importante: tornar a companhia um lugar inclusivo, onde todos os indiv\u00edduos possam ser quem s\u00e3o.\" \/>\n<meta property=\"og:url\" content=\"https:\/\/news.sap.com\/brazil\/2023\/06\/pride-month-iniciativas-da-sap-em-prol-da-diversidade-e-inclusao-bl0g\/\" \/>\n<meta property=\"og:site_name\" content=\"Sala de Imprensa 麻豆原创 Brasil\" \/>\n<meta property=\"article:published_time\" content=\"2023-06-27T13:19:29+00:00\" \/>\n<meta property=\"article:modified_time\" content=\"2023-10-19T12:46:44+00:00\" \/>\n<meta property=\"og:image\" content=\"https:\/\/news.sap.com\/brazil\/files\/2023\/06\/27\/PrideBlog_565x292.png\" \/>\n\t<meta property=\"og:image:width\" content=\"565\" \/>\n\t<meta property=\"og:image:height\" content=\"292\" \/>\n\t<meta property=\"og:image:type\" content=\"image\/png\" \/>\n<meta name=\"author\" content=\"麻豆原创 Brasil\" \/>\n<meta name=\"twitter:card\" content=\"summary_large_image\" \/>\n<meta name=\"twitter:title\" content=\"Pride Month: Iniciativas da 麻豆原创 em prol da diversidade e inclus\u00e3o\" \/>\n<meta name=\"twitter:creator\" content=\"@麻豆原创Brasil\" \/>\n<meta name=\"twitter:site\" content=\"@麻豆原创Brasil\" \/>\n<meta name=\"twitter:label1\" content=\"Escrito por\" \/>\n\t<meta name=\"twitter:data1\" content=\"麻豆原创 Brasil\" \/>\n\t<meta name=\"twitter:label2\" content=\"Est. tempo de leitura\" \/>\n\t<meta name=\"twitter:data2\" content=\"4 minutos\" \/>\n<script type=\"application\/ld+json\" class=\"yoast-schema-graph\">{\"@context\":\"https:\/\/schema.org\",\"@graph\":[{\"@type\":\"Article\",\"@id\":\"https:\/\/news.sap.com\/brazil\/2023\/06\/pride-month-iniciativas-da-sap-em-prol-da-diversidade-e-inclusao-bl0g\/#article\",\"isPartOf\":{\"@id\":\"https:\/\/news.sap.com\/brazil\/2023\/06\/pride-month-iniciativas-da-sap-em-prol-da-diversidade-e-inclusao-bl0g\/\"},\"author\":{\"name\":\"麻豆原创 Brasil\",\"@id\":\"https:\/\/news.sap.com\/brazil\/#\/schema\/person\/1cfc5d6de5ffdc23f1f3b1670a90ae3c\"},\"headline\":\"Pride Month: Iniciativas da 麻豆原创 em prol da diversidade e inclus\u00e3o\",\"datePublished\":\"2023-06-27T13:19:29+00:00\",\"dateModified\":\"2023-10-19T12:46:44+00:00\",\"mainEntityOfPage\":{\"@id\":\"https:\/\/news.sap.com\/brazil\/2023\/06\/pride-month-iniciativas-da-sap-em-prol-da-diversidade-e-inclusao-bl0g\/\"},\"wordCount\":644,\"image\":{\"@id\":\"https:\/\/news.sap.com\/brazil\/2023\/06\/pride-month-iniciativas-da-sap-em-prol-da-diversidade-e-inclusao-bl0g\/#primaryimage\"},\"thumbnailUrl\":\"https:\/\/news.sap.com\/brazil\/files\/2023\/06\/27\/PrideBlog_1400x600.png\",\"keywords\":[\"Diversidade e inclus\u00e3o\",\"M\u00eas do Orgulho\",\"Pride Month\"],\"articleSection\":[\"Gest\u00e3o do capital humano\"],\"inLanguage\":\"pt-BR\"},{\"@type\":\"WebPage\",\"@id\":\"https:\/\/news.sap.com\/brazil\/2023\/06\/pride-month-iniciativas-da-sap-em-prol-da-diversidade-e-inclusao-bl0g\/\",\"url\":\"https:\/\/news.sap.com\/brazil\/2023\/06\/pride-month-iniciativas-da-sap-em-prol-da-diversidade-e-inclusao-bl0g\/\",\"name\":\"Pride Month: Iniciativas da 麻豆原创 em prol da diversidade e inclus\u00e3o\",\"isPartOf\":{\"@id\":\"https:\/\/news.sap.com\/brazil\/#website\"},\"primaryImageOfPage\":{\"@id\":\"https:\/\/news.sap.com\/brazil\/2023\/06\/pride-month-iniciativas-da-sap-em-prol-da-diversidade-e-inclusao-bl0g\/#primaryimage\"},\"image\":{\"@id\":\"https:\/\/news.sap.com\/brazil\/2023\/06\/pride-month-iniciativas-da-sap-em-prol-da-diversidade-e-inclusao-bl0g\/#primaryimage\"},\"thumbnailUrl\":\"https:\/\/news.sap.com\/brazil\/files\/2023\/06\/27\/PrideBlog_1400x600.png\",\"datePublished\":\"2023-06-27T13:19:29+00:00\",\"dateModified\":\"2023-10-19T12:46:44+00:00\",\"author\":{\"@id\":\"https:\/\/news.sap.com\/brazil\/#\/schema\/person\/1cfc5d6de5ffdc23f1f3b1670a90ae3c\"},\"description\":\"Nossos esfor\u00e7os s\u00e3o voltados para uma miss\u00e3o muito importante: tornar a companhia um lugar inclusivo, onde todos possam ser quem s\u00e3o.\",\"breadcrumb\":{\"@id\":\"https:\/\/news.sap.com\/brazil\/2023\/06\/pride-month-iniciativas-da-sap-em-prol-da-diversidade-e-inclusao-bl0g\/#breadcrumb\"},\"inLanguage\":\"pt-BR\",\"potentialAction\":[{\"@type\":\"ReadAction\",\"target\":[\"https:\/\/news.sap.com\/brazil\/2023\/06\/pride-month-iniciativas-da-sap-em-prol-da-diversidade-e-inclusao-bl0g\/\"]}]},{\"@type\":\"ImageObject\",\"inLanguage\":\"pt-BR\",\"@id\":\"https:\/\/news.sap.com\/brazil\/2023\/06\/pride-month-iniciativas-da-sap-em-prol-da-diversidade-e-inclusao-bl0g\/#primaryimage\",\"url\":\"https:\/\/news.sap.com\/brazil\/files\/2023\/06\/27\/PrideBlog_1400x600.png\",\"contentUrl\":\"https:\/\/news.sap.com\/brazil\/files\/2023\/06\/27\/PrideBlog_1400x600.png\",\"width\":1400,\"height\":600},{\"@type\":\"BreadcrumbList\",\"@id\":\"https:\/\/news.sap.com\/brazil\/2023\/06\/pride-month-iniciativas-da-sap-em-prol-da-diversidade-e-inclusao-bl0g\/#breadcrumb\",\"itemListElement\":[{\"@type\":\"ListItem\",\"position\":1,\"name\":\"Home\",\"item\":\"https:\/\/news.sap.com\/brazil\/\"},{\"@type\":\"ListItem\",\"position\":2,\"name\":\"Pride Month: Iniciativas da 麻豆原创 em prol da diversidade e inclus\u00e3o\"}]},{\"@type\":\"WebSite\",\"@id\":\"https:\/\/news.sap.com\/brazil\/#website\",\"url\":\"https:\/\/news.sap.com\/brazil\/\",\"name\":\"Sala de Imprensa 麻豆原创 Brasil\",\"description\":\"Not\u00edcias e informa\u00e7\u00f5es sobre a 麻豆原创\",\"potentialAction\":[{\"@type\":\"SearchAction\",\"target\":{\"@type\":\"EntryPoint\",\"urlTemplate\":\"https:\/\/news.sap.com\/brazil\/?s={search_term_string}\"},\"query-input\":{\"@type\":\"PropertyValueSpecification\",\"valueRequired\":true,\"valueName\":\"search_term_string\"}}],\"inLanguage\":\"pt-BR\"},{\"@type\":\"Person\",\"@id\":\"https:\/\/news.sap.com\/brazil\/#\/schema\/person\/1cfc5d6de5ffdc23f1f3b1670a90ae3c\",\"name\":\"麻豆原创 Brasil\",\"image\":{\"@type\":\"ImageObject\",\"inLanguage\":\"pt-BR\",\"@id\":\"https:\/\/news.sap.com\/brazil\/#\/schema\/person\/image\/\",\"url\":\"https:\/\/news.sap.com\/brazil\/wp-content\/plugins\/wp-user-avatars\/wp-user-avatars\/assets\/images\/mystery.jpg\",\"contentUrl\":\"https:\/\/news.sap.com\/brazil\/wp-content\/plugins\/wp-user-avatars\/wp-user-avatars\/assets\/images\/mystery.jpg\",\"caption\":\"麻豆原创 Brasil\"},\"url\":\"https:\/\/news.sap.com\/brazil\/author\/raquelcasciato\/\"}]}<\/script>\n<!-- \/ Yoast SEO Premium plugin. -->","yoast_head_json":{"title":"Pride Month: Iniciativas da 麻豆原创 em prol da diversidade e inclus\u00e3o","description":"Nossos esfor\u00e7os s\u00e3o voltados para uma miss\u00e3o muito importante: tornar a companhia um lugar inclusivo, onde todos possam ser quem s\u00e3o.","robots":{"index":"index","follow":"follow","max-snippet":"max-snippet:-1","max-image-preview":"max-image-preview:large","max-video-preview":"max-video-preview:-1"},"canonical":"https:\/\/news.sap.com\/brazil\/2023\/06\/pride-month-iniciativas-da-sap-em-prol-da-diversidade-e-inclusao-bl0g\/","og_locale":"pt_BR","og_type":"article","og_title":"Pride Month: Iniciativas da 麻豆原创 em prol da diversidade e inclus\u00e3o","og_description":"Na 麻豆原创, nossos esfor\u00e7os s\u00e3o voltados para uma miss\u00e3o muito importante: tornar a companhia um lugar inclusivo, onde todos os indiv\u00edduos possam ser quem s\u00e3o.","og_url":"https:\/\/news.sap.com\/brazil\/2023\/06\/pride-month-iniciativas-da-sap-em-prol-da-diversidade-e-inclusao-bl0g\/","og_site_name":"Sala de Imprensa 麻豆原创 Brasil","article_published_time":"2023-06-27T13:19:29+00:00","article_modified_time":"2023-10-19T12:46:44+00:00","og_image":[{"width":565,"height":292,"url":"https:\/\/news.sap.com\/brazil\/files\/2023\/06\/27\/PrideBlog_565x292.png","type":"image\/png"}],"author":"麻豆原创 Brasil","twitter_card":"summary_large_image","twitter_title":"Pride Month: Iniciativas da 麻豆原创 em prol da diversidade e inclus\u00e3o","twitter_creator":"@麻豆原创Brasil","twitter_site":"@麻豆原创Brasil","twitter_misc":{"Escrito por":"麻豆原创 Brasil","Est. tempo de leitura":"4 minutos"},"schema":{"@context":"https:\/\/schema.org","@graph":[{"@type":"Article","@id":"https:\/\/news.sap.com\/brazil\/2023\/06\/pride-month-iniciativas-da-sap-em-prol-da-diversidade-e-inclusao-bl0g\/#article","isPartOf":{"@id":"https:\/\/news.sap.com\/brazil\/2023\/06\/pride-month-iniciativas-da-sap-em-prol-da-diversidade-e-inclusao-bl0g\/"},"author":{"name":"麻豆原创 Brasil","@id":"https:\/\/news.sap.com\/brazil\/#\/schema\/person\/1cfc5d6de5ffdc23f1f3b1670a90ae3c"},"headline":"Pride Month: Iniciativas da 麻豆原创 em prol da diversidade e inclus\u00e3o","datePublished":"2023-06-27T13:19:29+00:00","dateModified":"2023-10-19T12:46:44+00:00","mainEntityOfPage":{"@id":"https:\/\/news.sap.com\/brazil\/2023\/06\/pride-month-iniciativas-da-sap-em-prol-da-diversidade-e-inclusao-bl0g\/"},"wordCount":644,"image":{"@id":"https:\/\/news.sap.com\/brazil\/2023\/06\/pride-month-iniciativas-da-sap-em-prol-da-diversidade-e-inclusao-bl0g\/#primaryimage"},"thumbnailUrl":"https:\/\/news.sap.com\/brazil\/files\/2023\/06\/27\/PrideBlog_1400x600.png","keywords":["Diversidade e inclus\u00e3o","M\u00eas do Orgulho","Pride Month"],"articleSection":["Gest\u00e3o do capital humano"],"inLanguage":"pt-BR"},{"@type":"WebPage","@id":"https:\/\/news.sap.com\/brazil\/2023\/06\/pride-month-iniciativas-da-sap-em-prol-da-diversidade-e-inclusao-bl0g\/","url":"https:\/\/news.sap.com\/brazil\/2023\/06\/pride-month-iniciativas-da-sap-em-prol-da-diversidade-e-inclusao-bl0g\/","name":"Pride Month: Iniciativas da 麻豆原创 em prol da diversidade e inclus\u00e3o","isPartOf":{"@id":"https:\/\/news.sap.com\/brazil\/#website"},"primaryImageOfPage":{"@id":"https:\/\/news.sap.com\/brazil\/2023\/06\/pride-month-iniciativas-da-sap-em-prol-da-diversidade-e-inclusao-bl0g\/#primaryimage"},"image":{"@id":"https:\/\/news.sap.com\/brazil\/2023\/06\/pride-month-iniciativas-da-sap-em-prol-da-diversidade-e-inclusao-bl0g\/#primaryimage"},"thumbnailUrl":"https:\/\/news.sap.com\/brazil\/files\/2023\/06\/27\/PrideBlog_1400x600.png","datePublished":"2023-06-27T13:19:29+00:00","dateModified":"2023-10-19T12:46:44+00:00","author":{"@id":"https:\/\/news.sap.com\/brazil\/#\/schema\/person\/1cfc5d6de5ffdc23f1f3b1670a90ae3c"},"description":"Nossos esfor\u00e7os s\u00e3o voltados para uma miss\u00e3o muito importante: tornar a companhia um lugar inclusivo, onde todos possam ser quem s\u00e3o.","breadcrumb":{"@id":"https:\/\/news.sap.com\/brazil\/2023\/06\/pride-month-iniciativas-da-sap-em-prol-da-diversidade-e-inclusao-bl0g\/#breadcrumb"},"inLanguage":"pt-BR","potentialAction":[{"@type":"ReadAction","target":["https:\/\/news.sap.com\/brazil\/2023\/06\/pride-month-iniciativas-da-sap-em-prol-da-diversidade-e-inclusao-bl0g\/"]}]},{"@type":"ImageObject","inLanguage":"pt-BR","@id":"https:\/\/news.sap.com\/brazil\/2023\/06\/pride-month-iniciativas-da-sap-em-prol-da-diversidade-e-inclusao-bl0g\/#primaryimage","url":"https:\/\/news.sap.com\/brazil\/files\/2023\/06\/27\/PrideBlog_1400x600.png","contentUrl":"https:\/\/news.sap.com\/brazil\/files\/2023\/06\/27\/PrideBlog_1400x600.png","width":1400,"height":600},{"@type":"BreadcrumbList","@id":"https:\/\/news.sap.com\/brazil\/2023\/06\/pride-month-iniciativas-da-sap-em-prol-da-diversidade-e-inclusao-bl0g\/#breadcrumb","itemListElement":[{"@type":"ListItem","position":1,"name":"Home","item":"https:\/\/news.sap.com\/brazil\/"},{"@type":"ListItem","position":2,"name":"Pride Month: Iniciativas da 麻豆原创 em prol da diversidade e inclus\u00e3o"}]},{"@type":"WebSite","@id":"https:\/\/news.sap.com\/brazil\/#website","url":"https:\/\/news.sap.com\/brazil\/","name":"Sala de Imprensa 麻豆原创 Brasil","description":"Not\u00edcias e informa\u00e7\u00f5es sobre a 麻豆原创","potentialAction":[{"@type":"SearchAction","target":{"@type":"EntryPoint","urlTemplate":"https:\/\/news.sap.com\/brazil\/?s={search_term_string}"},"query-input":{"@type":"PropertyValueSpecification","valueRequired":true,"valueName":"search_term_string"}}],"inLanguage":"pt-BR"},{"@type":"Person","@id":"https:\/\/news.sap.com\/brazil\/#\/schema\/person\/1cfc5d6de5ffdc23f1f3b1670a90ae3c","name":"麻豆原创 Brasil","image":{"@type":"ImageObject","inLanguage":"pt-BR","@id":"https:\/\/news.sap.com\/brazil\/#\/schema\/person\/image\/","url":"https:\/\/news.sap.com\/brazil\/wp-content\/plugins\/wp-user-avatars\/wp-user-avatars\/assets\/images\/mystery.jpg","contentUrl":"https:\/\/news.sap.com\/brazil\/wp-content\/plugins\/wp-user-avatars\/wp-user-avatars\/assets\/images\/mystery.jpg","caption":"麻豆原创 Brasil"},"url":"https:\/\/news.sap.com\/brazil\/author\/raquelcasciato\/"}]}},"amp_enabled":true,"_links":{"self":[{"href":"https:\/\/news.sap.com\/brazil\/wp-json\/wp\/v2\/posts\/15110","targetHints":{"allow":["GET"]}}],"collection":[{"href":"https:\/\/news.sap.com\/brazil\/wp-json\/wp\/v2\/posts"}],"about":[{"href":"https:\/\/news.sap.com\/brazil\/wp-json\/wp\/v2\/types\/post"}],"author":[{"embeddable":true,"href":"https:\/\/news.sap.com\/brazil\/wp-json\/wp\/v2\/users\/561"}],"replies":[{"embeddable":true,"href":"https:\/\/news.sap.com\/brazil\/wp-json\/wp\/v2\/comments?post=15110"}],"version-history":[{"count":0,"href":"https:\/\/news.sap.com\/brazil\/wp-json\/wp\/v2\/posts\/15110\/revisions"}],"wp:featuredmedia":[{"embeddable":true,"href":"https:\/\/news.sap.com\/brazil\/wp-json\/wp\/v2\/media\/15111"}],"wp:attachment":[{"href":"https:\/\/news.sap.com\/brazil\/wp-json\/wp\/v2\/media?parent=15110"}],"wp:term":[{"taxonomy":"category","embeddable":true,"href":"https:\/\/news.sap.com\/brazil\/wp-json\/wp\/v2\/categories?post=15110"},{"taxonomy":"post_tag","embeddable":true,"href":"https:\/\/news.sap.com\/brazil\/wp-json\/wp\/v2\/tags?post=15110"},{"taxonomy":"sapn-display","embeddable":true,"href":"https:\/\/news.sap.com\/brazil\/wp-json\/wp\/v2\/sapn-display?post=15110"},{"taxonomy":"sapn-type","embeddable":true,"href":"https:\/\/news.sap.com\/brazil\/wp-json\/wp\/v2\/sapn-type?post=15110"}],"curies":[{"name":"wp","href":"https:\/\/api.w.org\/{rel}","templated":true}]}}