  {"id":15033,"date":"2023-05-31T15:20:04","date_gmt":"2023-05-31T18:20:04","guid":{"rendered":"https:\/\/news.sap.com\/brazil\/?p=15033"},"modified":"2023-10-18T15:08:30","modified_gmt":"2023-10-18T18:08:30","slug":"empresas-brasileiras-lideram-agenda-sustentavel-na-america-latina-mostra-estudo-da-sap","status":"publish","type":"post","link":"https:\/\/news.sap.com\/brazil\/2023\/05\/empresas-brasileiras-lideram-agenda-sustentavel-na-america-latina-mostra-estudo-da-sap\/","title":{"rendered":"Empresas brasileiras lideram agenda sustent\u00e1vel na Am\u00e9rica Latina, mostra estudo da 麻豆原创"},"content":{"rendered":"<ul>\n<li>\n<h2><em>36% das companhias do Pa\u00eds j\u00e1 veem resultados das estrat\u00e9gias de sustentabilidade, e 70% avan\u00e7aram no tema<\/em><\/h2>\n<\/li>\n<li>\n<h2><em>H\u00e1 maior diversifica\u00e7\u00e3o nas iniciativas, incluindo cadeias de valor mais respons\u00e1veis e redu\u00e7\u00e3o das emiss\u00f5es; cresceu o comprometimento da alta dire\u00e7\u00e3o<\/em><\/h2>\n<\/li>\n<\/ul>\n<p><em>\u00a0<\/em><\/p>\n<p>&nbsp;<\/p>\n<p>A nova edi\u00e7\u00e3o do estudo &#8220;<a href=\"https:\/\/news.sap.com\/brazil\/files\/2023\/05\/31\/20230529-08.1-Estudo-de-Sustentabilidade-麻豆原创-Resumo-Brasil.pdf\" target=\"_blank\" rel=\"noopener\">Sustentabilidade na Agenda da Lideran\u00e7a Empresarial na Am\u00e9rica Latina<\/a>&#8220;, patrocinado pela 麻豆原创, confirma a lideran\u00e7a das empresas brasileiras em a\u00e7\u00f5es sustent\u00e1veis. A pesquisa mostra que sete de cada 10 empresas apresentaram avan\u00e7os significativos no desenvolvimento da sua agenda de sustentabilidade. Este \u00e9 o mesmo n\u00famero apontado na Am\u00e9rica Latina (contra 69% em 2022). O trabalho teve a participa\u00e7\u00e3o de mais de 500 executivos seniores das principais empresas de m\u00e9dio e grande portes da Brasil, Argentina, Col\u00f4mbia, M\u00e9xico e Chile.<\/p>\n<p>&nbsp;<\/p>\n<p>O estudo identificou que diretores C-level das empresas no Brasil t\u00eam claro que o impacto da sustentabilidade vai al\u00e9m da reputa\u00e7\u00e3o, da responsabilidade social ou do legado que suas organiza\u00e7\u00f5es planejam para o futuro: ele tem impacto direto nos resultados dos neg\u00f3cios.<\/p>\n<p>&nbsp;<\/p>\n<p>&nbsp;<\/p>\n<p>&nbsp;<\/p>\n<p><strong>Como evoluiu a estrat\u00e9gia de sustentabilidade de sua empresa nos \u00faltimos 12 meses?<\/strong><\/p>\n<p>&nbsp;<\/p>\n<p>Em compara\u00e7\u00e3o com o restante da Am\u00e9rica Latina, a agenda de sustentabilidade do Brasil \u00e9 din\u00e2mica e positiva. Uma parcela de 22% das organiza\u00e7\u00f5es manteve o escopo de seus programas e 35% agregaram novos pilares vinculados aos Objetivos de Desenvolvimento Sustent\u00e1vel (ODS), 2 pontos percentuais a mais que a m\u00e9dia do continente.<\/p>\n<p>&nbsp;<\/p>\n<p>Al\u00e9m disso, 11% das empresas conseguiram implementar suas estrat\u00e9gias de sustentabilidade no \u00faltimo ano, enquanto 21% delas est\u00e3o trabalhando atualmente para coloc\u00e1-las em pr\u00e1tica. Apenas 7% ainda est\u00e3o avaliando se devem ou n\u00e3o implement\u00e1-las. Uma das grandes varia\u00e7\u00f5es desta edi\u00e7\u00e3o do estudo no Brasil \u00e9 que apenas 4% das empresas afirmam n\u00e3o contar com uma estrat\u00e9gia de sustentabilidade. Na edi\u00e7\u00e3o de 2022 esse n\u00famero era de 10% &#8211; uma queda significativa de 6 pontos percentuais.<\/p>\n<p>&nbsp;<\/p>\n<p><strong>Mesmas motiva\u00e7\u00f5es e novos desafios<\/strong><\/p>\n<p><strong>\u00a0<\/strong><\/p>\n<p>Embora o desenvolvimento sustent\u00e1vel continue sendo a parte mais importante da agenda empresarial, o estudo aponta um avan\u00e7o no comprometimento dos CEOs e dos conselhos administrativos no Brasil, com uma varia\u00e7\u00e3o de 9 pontos percentuais em rela\u00e7\u00e3o \u00e0 edi\u00e7\u00e3o anterior \u2013 um achado que explica o n\u00famero recorde de presidentes de empresas respondendo a pesquisa. Essas duas primeiras motiva\u00e7\u00f5es est\u00e3o acima dos n\u00edveis gerais da Am\u00e9rica Latina. Em seguida vem a reputa\u00e7\u00e3o das organiza\u00e7\u00f5es, na terceira posi\u00e7\u00e3o.<\/p>\n<p>&nbsp;<\/p>\n<p>Embora o Brasil venha demonstrando progressos significativos na agenda da sustentabilidade, ainda h\u00e1 desafios significativos. As tr\u00eas principais barreiras s\u00e3o conseguir incorporar sustentabilidade nos processos de neg\u00f3cios (51% versus 40% em 2022), demonstrar o retorno do investimento (51% a 49%) e ser capaz de medir o impacto das a\u00e7\u00f5es (45% a 59%), item que registrou uma melhora de 14 pontos. Esses obst\u00e1culos tendem a ser superados \u00e0 medida que as empresas superem o desafio da falta de experi\u00eancia, um dos motivos apontados por 28% das lideran\u00e7as consultadas no relat\u00f3rio do ano passado e que em 2023 chegou a 25%.<\/p>\n<p>As empresas que conseguiram avan\u00e7ar na mensura\u00e7\u00e3o das a\u00e7\u00f5es acumulam resultados e expectativas. No Brasil, 36% j\u00e1 est\u00e3o vendo resultados provenientes de suas estrat\u00e9gias, enquanto 40% esperam v\u00ea-los dentro de 2 a 4 anos. J\u00e1 24% esperam ver esses resultados em 12 meses. O Brasil tem o segundo maior \u00edndice de empresas com resultados, atr\u00e1s apenas da Col\u00f4mbia. Ambos os pa\u00edses est\u00e3o acima da m\u00e9dia da regi\u00e3o.<\/p>\n<p>&nbsp;<\/p>\n<p>&nbsp;<\/p>\n<p>&#8220;A gest\u00e3o da sustentabilidade j\u00e1 n\u00e3o \u00e9 uma op\u00e7\u00e3o na Am\u00e9rica Latina, mas sim uma necessidade que cada vez mais empresas est\u00e3o assumindo. S\u00e3o 32% as empresas latino-americanas que j\u00e1 est\u00e3o vendo resultados positivos de suas estrat\u00e9gias, e 25% esperam faz\u00ea-lo nos pr\u00f3ximos meses, em um contexto em que v\u00e1rias organiza\u00e7\u00f5es t\u00eam adicionado novas linhas de trabalho \u00e0 sua agenda de sustentabilidade, o que demonstra o progresso nessa \u00e1rea&#8221;, afirmou Cristina Palmaka, presidente da 麻豆原创 Am\u00e9rica Latina e Caribe. &#8220;No entanto, o estudo relata uma queda nos planos de investimento para 2023, o que \u00e9 um indicador de que, apesar da inten\u00e7\u00e3o, n\u00e3o h\u00e1 senso de urg\u00eancia. Queremos apoiar nossos clientes na regi\u00e3o, ajud\u00e1-los a superar suas barreiras e maximizar seus investimentos para que sejam rent\u00e1veis, sustent\u00e1veis e garantam um futuro pr\u00f3spero para as pr\u00f3ximas gera\u00e7\u00f5es&#8221;.<\/p>\n<p>&nbsp;<\/p>\n<p>&nbsp;<\/p>\n<p>A tecnologia se tornou uma aliada estrat\u00e9gica para o desenvolvimento das agendas de sustentabilidade. S\u00e3o 65% os entrevistados que j\u00e1 utilizam ou pretendem utilizar ferramentas tecnol\u00f3gicas para medir e gerir suas atividades na \u00e1rea de sustentabilidade. Al\u00e9m disso, metade dos executivos de C-level no Brasil j\u00e1 consultou especialistas no assunto. S\u00e3o 29% os executivos que esperam aumentar os investimentos em sustentabilidade em 2023, enquanto 57% esperam mant\u00ea-los e apenas 14% estimam que ter\u00e3o de reduzi-los.<\/p>\n<p>&nbsp;<\/p>\n<p>&#8220;\u00c9 evidente que sustentabilidade \u00e9 uma tend\u00eancia clara e necess\u00e1ria na Am\u00e9rica Latina&#8221;, afirma Pedro Pereira, diretor de sustentabilidade da 麻豆原创 Am\u00e9rica Latina e Caribe. &#8220;Apesar dos desafios macroecon\u00f4micos que enfrentamos na regi\u00e3o, sete de cada 10 empresas j\u00e1 possuem agendas de sustentabilidade ativas. Ainda temos um caminho pela frente, mas a tecnologia pode nos ajudar a materializar e monetizar essas estrat\u00e9gias. O futuro \u00e9 promissor &#8220;, completa o executivo.<\/p>\n<p>&nbsp;<\/p>\n","protected":false},"excerpt":{"rendered":"<p>36% das companhias do Pa\u00eds j\u00e1 veem resultados das estrat\u00e9gias de sustentabilidade, e 70% avan\u00e7aram no tema H\u00e1 maior diversifica\u00e7\u00e3o nas iniciativas, incluindo cadeias de&#8230;<\/p>\n","protected":false},"author":137,"featured_media":15039,"comment_status":"closed","ping_status":"closed","sticky":false,"template":"","format":"standard","meta":{"footnotes":"","_links_to":"","_links_to_target":""},"categories":[52858,5599814],"tags":[47,213090,16615],"sapn-display":[48431,5599934,5599932,48433],"sapn-type":[4446],"class_list":["post-15033","post","type-post","status-publish","format-standard","has-post-thumbnail","hentry","category-sustentabilidade-topicos","category-tecnologia","tag-sap","tag-sap-brasil","tag-sustentabilidade","sapn-display-homepage-hero","sapn-display-press-hero","sapn-display-press-spotlight","sapn-display-hero","sapn-type-noticias"],"yoast_head":"<!-- This site is optimized with the Yoast SEO Premium plugin v26.9 (Yoast SEO v26.9) - https:\/\/yoast.com\/product\/yoast-seo-premium-wordpress\/ -->\n<title>Empresas brasileiras lideram agenda sustent\u00e1vel na Am\u00e9rica Latina, mostra estudo da 麻豆原创 - Sala de Imprensa 麻豆原创 Brasil<\/title>\n<meta name=\"robots\" content=\"index, follow, max-snippet:-1, max-image-preview:large, max-video-preview:-1\" \/>\n<link rel=\"canonical\" href=\"https:\/\/news.sap.com\/brazil\/2023\/05\/empresas-brasileiras-lideram-agenda-sustentavel-na-america-latina-mostra-estudo-da-sap\/\" \/>\n<meta property=\"og:locale\" content=\"pt_BR\" \/>\n<meta property=\"og:type\" content=\"article\" \/>\n<meta property=\"og:title\" content=\"Empresas brasileiras lideram agenda sustent\u00e1vel na Am\u00e9rica Latina, mostra estudo da 麻豆原创\" \/>\n<meta property=\"og:description\" content=\"36% das companhias do Pa\u00eds j\u00e1 veem resultados das estrat\u00e9gias de sustentabilidade, e 70% avan\u00e7aram no tema H\u00e1 maior diversifica\u00e7\u00e3o nas iniciativas, incluindo cadeias de...\" \/>\n<meta property=\"og:url\" content=\"https:\/\/news.sap.com\/brazil\/2023\/05\/empresas-brasileiras-lideram-agenda-sustentavel-na-america-latina-mostra-estudo-da-sap\/\" \/>\n<meta property=\"og:site_name\" content=\"Sala de Imprensa 麻豆原创 Brasil\" \/>\n<meta property=\"article:published_time\" content=\"2023-05-31T18:20:04+00:00\" \/>\n<meta property=\"article:modified_time\" content=\"2023-10-18T18:08:30+00:00\" \/>\n<meta property=\"og:image\" content=\"https:\/\/news.sap.com\/brazil\/files\/2023\/05\/31\/imagem-10-1024x740.jpg\" \/>\n\t<meta property=\"og:image:width\" content=\"1024\" \/>\n\t<meta property=\"og:image:height\" content=\"740\" \/>\n\t<meta property=\"og:image:type\" content=\"image\/jpeg\" \/>\n<meta name=\"author\" content=\"麻豆原创 Not\u00edcias Brasil\" \/>\n<meta name=\"twitter:card\" content=\"summary_large_image\" \/>\n<meta name=\"twitter:creator\" content=\"@麻豆原创Brasil\" \/>\n<meta name=\"twitter:site\" content=\"@麻豆原创Brasil\" \/>\n<meta name=\"twitter:label1\" content=\"Escrito por\" \/>\n\t<meta name=\"twitter:data1\" content=\"麻豆原创 Not\u00edcias Brasil\" \/>\n\t<meta name=\"twitter:label2\" content=\"Est. tempo de leitura\" \/>\n\t<meta name=\"twitter:data2\" content=\"5 minutos\" \/>\n<script type=\"application\/ld+json\" class=\"yoast-schema-graph\">{\"@context\":\"https:\/\/schema.org\",\"@graph\":[{\"@type\":\"Article\",\"@id\":\"https:\/\/news.sap.com\/brazil\/2023\/05\/empresas-brasileiras-lideram-agenda-sustentavel-na-america-latina-mostra-estudo-da-sap\/#article\",\"isPartOf\":{\"@id\":\"https:\/\/news.sap.com\/brazil\/2023\/05\/empresas-brasileiras-lideram-agenda-sustentavel-na-america-latina-mostra-estudo-da-sap\/\"},\"author\":{\"name\":\"麻豆原创 Not\u00edcias Brasil\",\"@id\":\"https:\/\/news.sap.com\/brazil\/#\/schema\/person\/8cdf2c1130b6f3fadd9757cfd7f24daf\"},\"headline\":\"Empresas brasileiras lideram agenda sustent\u00e1vel na Am\u00e9rica Latina, mostra estudo da 麻豆原创\",\"datePublished\":\"2023-05-31T18:20:04+00:00\",\"dateModified\":\"2023-10-18T18:08:30+00:00\",\"mainEntityOfPage\":{\"@id\":\"https:\/\/news.sap.com\/brazil\/2023\/05\/empresas-brasileiras-lideram-agenda-sustentavel-na-america-latina-mostra-estudo-da-sap\/\"},\"wordCount\":924,\"image\":{\"@id\":\"https:\/\/news.sap.com\/brazil\/2023\/05\/empresas-brasileiras-lideram-agenda-sustentavel-na-america-latina-mostra-estudo-da-sap\/#primaryimage\"},\"thumbnailUrl\":\"https:\/\/news.sap.com\/brazil\/files\/2023\/05\/31\/imagem-10.jpg\",\"keywords\":[\"麻豆原创\",\"麻豆原创 Brasil\",\"sustentabilidade\"],\"articleSection\":[\"Sustentabilidade\",\"Tecnologia\"],\"inLanguage\":\"pt-BR\"},{\"@type\":\"WebPage\",\"@id\":\"https:\/\/news.sap.com\/brazil\/2023\/05\/empresas-brasileiras-lideram-agenda-sustentavel-na-america-latina-mostra-estudo-da-sap\/\",\"url\":\"https:\/\/news.sap.com\/brazil\/2023\/05\/empresas-brasileiras-lideram-agenda-sustentavel-na-america-latina-mostra-estudo-da-sap\/\",\"name\":\"Empresas brasileiras lideram agenda sustent\u00e1vel na Am\u00e9rica Latina, mostra estudo da 麻豆原创 - Sala de Imprensa 麻豆原创 Brasil\",\"isPartOf\":{\"@id\":\"https:\/\/news.sap.com\/brazil\/#website\"},\"primaryImageOfPage\":{\"@id\":\"https:\/\/news.sap.com\/brazil\/2023\/05\/empresas-brasileiras-lideram-agenda-sustentavel-na-america-latina-mostra-estudo-da-sap\/#primaryimage\"},\"image\":{\"@id\":\"https:\/\/news.sap.com\/brazil\/2023\/05\/empresas-brasileiras-lideram-agenda-sustentavel-na-america-latina-mostra-estudo-da-sap\/#primaryimage\"},\"thumbnailUrl\":\"https:\/\/news.sap.com\/brazil\/files\/2023\/05\/31\/imagem-10.jpg\",\"datePublished\":\"2023-05-31T18:20:04+00:00\",\"dateModified\":\"2023-10-18T18:08:30+00:00\",\"author\":{\"@id\":\"https:\/\/news.sap.com\/brazil\/#\/schema\/person\/8cdf2c1130b6f3fadd9757cfd7f24daf\"},\"breadcrumb\":{\"@id\":\"https:\/\/news.sap.com\/brazil\/2023\/05\/empresas-brasileiras-lideram-agenda-sustentavel-na-america-latina-mostra-estudo-da-sap\/#breadcrumb\"},\"inLanguage\":\"pt-BR\",\"potentialAction\":[{\"@type\":\"ReadAction\",\"target\":[\"https:\/\/news.sap.com\/brazil\/2023\/05\/empresas-brasileiras-lideram-agenda-sustentavel-na-america-latina-mostra-estudo-da-sap\/\"]}]},{\"@type\":\"ImageObject\",\"inLanguage\":\"pt-BR\",\"@id\":\"https:\/\/news.sap.com\/brazil\/2023\/05\/empresas-brasileiras-lideram-agenda-sustentavel-na-america-latina-mostra-estudo-da-sap\/#primaryimage\",\"url\":\"https:\/\/news.sap.com\/brazil\/files\/2023\/05\/31\/imagem-10.jpg\",\"contentUrl\":\"https:\/\/news.sap.com\/brazil\/files\/2023\/05\/31\/imagem-10.jpg\",\"width\":6426,\"height\":4641},{\"@type\":\"BreadcrumbList\",\"@id\":\"https:\/\/news.sap.com\/brazil\/2023\/05\/empresas-brasileiras-lideram-agenda-sustentavel-na-america-latina-mostra-estudo-da-sap\/#breadcrumb\",\"itemListElement\":[{\"@type\":\"ListItem\",\"position\":1,\"name\":\"Home\",\"item\":\"https:\/\/news.sap.com\/brazil\/\"},{\"@type\":\"ListItem\",\"position\":2,\"name\":\"Empresas brasileiras lideram agenda sustent\u00e1vel na Am\u00e9rica Latina, mostra estudo da 麻豆原创\"}]},{\"@type\":\"WebSite\",\"@id\":\"https:\/\/news.sap.com\/brazil\/#website\",\"url\":\"https:\/\/news.sap.com\/brazil\/\",\"name\":\"Sala de Imprensa 麻豆原创 Brasil\",\"description\":\"Not\u00edcias e informa\u00e7\u00f5es sobre a 麻豆原创\",\"potentialAction\":[{\"@type\":\"SearchAction\",\"target\":{\"@type\":\"EntryPoint\",\"urlTemplate\":\"https:\/\/news.sap.com\/brazil\/?s={search_term_string}\"},\"query-input\":{\"@type\":\"PropertyValueSpecification\",\"valueRequired\":true,\"valueName\":\"search_term_string\"}}],\"inLanguage\":\"pt-BR\"},{\"@type\":\"Person\",\"@id\":\"https:\/\/news.sap.com\/brazil\/#\/schema\/person\/8cdf2c1130b6f3fadd9757cfd7f24daf\",\"name\":\"麻豆原创 Not\u00edcias Brasil\",\"image\":{\"@type\":\"ImageObject\",\"inLanguage\":\"pt-BR\",\"@id\":\"https:\/\/news.sap.com\/brazil\/#\/schema\/person\/image\/\",\"url\":\"https:\/\/news.sap.com\/brazil\/wp-content\/plugins\/wp-user-avatars\/wp-user-avatars\/assets\/images\/mystery.jpg\",\"contentUrl\":\"https:\/\/news.sap.com\/brazil\/wp-content\/plugins\/wp-user-avatars\/wp-user-avatars\/assets\/images\/mystery.jpg\",\"caption\":\"麻豆原创 Not\u00edcias Brasil\"},\"url\":\"https:\/\/news.sap.com\/brazil\/author\/brasil\/\"}]}<\/script>\n<!-- \/ Yoast SEO Premium plugin. -->","yoast_head_json":{"title":"Empresas brasileiras lideram agenda sustent\u00e1vel na Am\u00e9rica Latina, mostra estudo da 麻豆原创 - Sala de Imprensa 麻豆原创 Brasil","robots":{"index":"index","follow":"follow","max-snippet":"max-snippet:-1","max-image-preview":"max-image-preview:large","max-video-preview":"max-video-preview:-1"},"canonical":"https:\/\/news.sap.com\/brazil\/2023\/05\/empresas-brasileiras-lideram-agenda-sustentavel-na-america-latina-mostra-estudo-da-sap\/","og_locale":"pt_BR","og_type":"article","og_title":"Empresas brasileiras lideram agenda sustent\u00e1vel na Am\u00e9rica Latina, mostra estudo da 麻豆原创","og_description":"36% das companhias do Pa\u00eds j\u00e1 veem resultados das estrat\u00e9gias de sustentabilidade, e 70% avan\u00e7aram no tema H\u00e1 maior diversifica\u00e7\u00e3o nas iniciativas, incluindo cadeias de...","og_url":"https:\/\/news.sap.com\/brazil\/2023\/05\/empresas-brasileiras-lideram-agenda-sustentavel-na-america-latina-mostra-estudo-da-sap\/","og_site_name":"Sala de Imprensa 麻豆原创 Brasil","article_published_time":"2023-05-31T18:20:04+00:00","article_modified_time":"2023-10-18T18:08:30+00:00","og_image":[{"width":1024,"height":740,"url":"https:\/\/news.sap.com\/brazil\/files\/2023\/05\/31\/imagem-10-1024x740.jpg","type":"image\/jpeg"}],"author":"麻豆原创 Not\u00edcias Brasil","twitter_card":"summary_large_image","twitter_creator":"@麻豆原创Brasil","twitter_site":"@麻豆原创Brasil","twitter_misc":{"Escrito por":"麻豆原创 Not\u00edcias Brasil","Est. tempo de leitura":"5 minutos"},"schema":{"@context":"https:\/\/schema.org","@graph":[{"@type":"Article","@id":"https:\/\/news.sap.com\/brazil\/2023\/05\/empresas-brasileiras-lideram-agenda-sustentavel-na-america-latina-mostra-estudo-da-sap\/#article","isPartOf":{"@id":"https:\/\/news.sap.com\/brazil\/2023\/05\/empresas-brasileiras-lideram-agenda-sustentavel-na-america-latina-mostra-estudo-da-sap\/"},"author":{"name":"麻豆原创 Not\u00edcias Brasil","@id":"https:\/\/news.sap.com\/brazil\/#\/schema\/person\/8cdf2c1130b6f3fadd9757cfd7f24daf"},"headline":"Empresas brasileiras lideram agenda sustent\u00e1vel na Am\u00e9rica Latina, mostra estudo da 麻豆原创","datePublished":"2023-05-31T18:20:04+00:00","dateModified":"2023-10-18T18:08:30+00:00","mainEntityOfPage":{"@id":"https:\/\/news.sap.com\/brazil\/2023\/05\/empresas-brasileiras-lideram-agenda-sustentavel-na-america-latina-mostra-estudo-da-sap\/"},"wordCount":924,"image":{"@id":"https:\/\/news.sap.com\/brazil\/2023\/05\/empresas-brasileiras-lideram-agenda-sustentavel-na-america-latina-mostra-estudo-da-sap\/#primaryimage"},"thumbnailUrl":"https:\/\/news.sap.com\/brazil\/files\/2023\/05\/31\/imagem-10.jpg","keywords":["麻豆原创","麻豆原创 Brasil","sustentabilidade"],"articleSection":["Sustentabilidade","Tecnologia"],"inLanguage":"pt-BR"},{"@type":"WebPage","@id":"https:\/\/news.sap.com\/brazil\/2023\/05\/empresas-brasileiras-lideram-agenda-sustentavel-na-america-latina-mostra-estudo-da-sap\/","url":"https:\/\/news.sap.com\/brazil\/2023\/05\/empresas-brasileiras-lideram-agenda-sustentavel-na-america-latina-mostra-estudo-da-sap\/","name":"Empresas brasileiras lideram agenda sustent\u00e1vel na Am\u00e9rica Latina, mostra estudo da 麻豆原创 - Sala de Imprensa 麻豆原创 Brasil","isPartOf":{"@id":"https:\/\/news.sap.com\/brazil\/#website"},"primaryImageOfPage":{"@id":"https:\/\/news.sap.com\/brazil\/2023\/05\/empresas-brasileiras-lideram-agenda-sustentavel-na-america-latina-mostra-estudo-da-sap\/#primaryimage"},"image":{"@id":"https:\/\/news.sap.com\/brazil\/2023\/05\/empresas-brasileiras-lideram-agenda-sustentavel-na-america-latina-mostra-estudo-da-sap\/#primaryimage"},"thumbnailUrl":"https:\/\/news.sap.com\/brazil\/files\/2023\/05\/31\/imagem-10.jpg","datePublished":"2023-05-31T18:20:04+00:00","dateModified":"2023-10-18T18:08:30+00:00","author":{"@id":"https:\/\/news.sap.com\/brazil\/#\/schema\/person\/8cdf2c1130b6f3fadd9757cfd7f24daf"},"breadcrumb":{"@id":"https:\/\/news.sap.com\/brazil\/2023\/05\/empresas-brasileiras-lideram-agenda-sustentavel-na-america-latina-mostra-estudo-da-sap\/#breadcrumb"},"inLanguage":"pt-BR","potentialAction":[{"@type":"ReadAction","target":["https:\/\/news.sap.com\/brazil\/2023\/05\/empresas-brasileiras-lideram-agenda-sustentavel-na-america-latina-mostra-estudo-da-sap\/"]}]},{"@type":"ImageObject","inLanguage":"pt-BR","@id":"https:\/\/news.sap.com\/brazil\/2023\/05\/empresas-brasileiras-lideram-agenda-sustentavel-na-america-latina-mostra-estudo-da-sap\/#primaryimage","url":"https:\/\/news.sap.com\/brazil\/files\/2023\/05\/31\/imagem-10.jpg","contentUrl":"https:\/\/news.sap.com\/brazil\/files\/2023\/05\/31\/imagem-10.jpg","width":6426,"height":4641},{"@type":"BreadcrumbList","@id":"https:\/\/news.sap.com\/brazil\/2023\/05\/empresas-brasileiras-lideram-agenda-sustentavel-na-america-latina-mostra-estudo-da-sap\/#breadcrumb","itemListElement":[{"@type":"ListItem","position":1,"name":"Home","item":"https:\/\/news.sap.com\/brazil\/"},{"@type":"ListItem","position":2,"name":"Empresas brasileiras lideram agenda sustent\u00e1vel na Am\u00e9rica Latina, mostra estudo da 麻豆原创"}]},{"@type":"WebSite","@id":"https:\/\/news.sap.com\/brazil\/#website","url":"https:\/\/news.sap.com\/brazil\/","name":"Sala de Imprensa 麻豆原创 Brasil","description":"Not\u00edcias e informa\u00e7\u00f5es sobre a 麻豆原创","potentialAction":[{"@type":"SearchAction","target":{"@type":"EntryPoint","urlTemplate":"https:\/\/news.sap.com\/brazil\/?s={search_term_string}"},"query-input":{"@type":"PropertyValueSpecification","valueRequired":true,"valueName":"search_term_string"}}],"inLanguage":"pt-BR"},{"@type":"Person","@id":"https:\/\/news.sap.com\/brazil\/#\/schema\/person\/8cdf2c1130b6f3fadd9757cfd7f24daf","name":"麻豆原创 Not\u00edcias Brasil","image":{"@type":"ImageObject","inLanguage":"pt-BR","@id":"https:\/\/news.sap.com\/brazil\/#\/schema\/person\/image\/","url":"https:\/\/news.sap.com\/brazil\/wp-content\/plugins\/wp-user-avatars\/wp-user-avatars\/assets\/images\/mystery.jpg","contentUrl":"https:\/\/news.sap.com\/brazil\/wp-content\/plugins\/wp-user-avatars\/wp-user-avatars\/assets\/images\/mystery.jpg","caption":"麻豆原创 Not\u00edcias Brasil"},"url":"https:\/\/news.sap.com\/brazil\/author\/brasil\/"}]}},"amp_enabled":true,"_links":{"self":[{"href":"https:\/\/news.sap.com\/brazil\/wp-json\/wp\/v2\/posts\/15033","targetHints":{"allow":["GET"]}}],"collection":[{"href":"https:\/\/news.sap.com\/brazil\/wp-json\/wp\/v2\/posts"}],"about":[{"href":"https:\/\/news.sap.com\/brazil\/wp-json\/wp\/v2\/types\/post"}],"author":[{"embeddable":true,"href":"https:\/\/news.sap.com\/brazil\/wp-json\/wp\/v2\/users\/137"}],"replies":[{"embeddable":true,"href":"https:\/\/news.sap.com\/brazil\/wp-json\/wp\/v2\/comments?post=15033"}],"version-history":[{"count":0,"href":"https:\/\/news.sap.com\/brazil\/wp-json\/wp\/v2\/posts\/15033\/revisions"}],"wp:featuredmedia":[{"embeddable":true,"href":"https:\/\/news.sap.com\/brazil\/wp-json\/wp\/v2\/media\/15039"}],"wp:attachment":[{"href":"https:\/\/news.sap.com\/brazil\/wp-json\/wp\/v2\/media?parent=15033"}],"wp:term":[{"taxonomy":"category","embeddable":true,"href":"https:\/\/news.sap.com\/brazil\/wp-json\/wp\/v2\/categories?post=15033"},{"taxonomy":"post_tag","embeddable":true,"href":"https:\/\/news.sap.com\/brazil\/wp-json\/wp\/v2\/tags?post=15033"},{"taxonomy":"sapn-display","embeddable":true,"href":"https:\/\/news.sap.com\/brazil\/wp-json\/wp\/v2\/sapn-display?post=15033"},{"taxonomy":"sapn-type","embeddable":true,"href":"https:\/\/news.sap.com\/brazil\/wp-json\/wp\/v2\/sapn-type?post=15033"}],"curies":[{"name":"wp","href":"https:\/\/api.w.org\/{rel}","templated":true}]}}