  {"id":14860,"date":"2023-03-21T09:00:28","date_gmt":"2023-03-21T12:00:28","guid":{"rendered":"https:\/\/news.sap.com\/brazil\/?p=14860"},"modified":"2023-10-19T10:09:56","modified_gmt":"2023-10-19T13:09:56","slug":"lideres-impactam-diretamente-na-jornada-pela-sustentabilidade-bl0g","status":"publish","type":"post","link":"https:\/\/news.sap.com\/brazil\/2023\/03\/lideres-impactam-diretamente-na-jornada-pela-sustentabilidade-bl0g\/","title":{"rendered":"L\u00edderes impactam diretamente na jornada pela sustentabilidade"},"content":{"rendered":"<p class=\"lead\"><em>Al\u00e9m de contribu\u00edrem\u00a0com a melhoria do meio ambiente, empresas que investem em sustentabilidade atraem cada vez mais consumidores e investidores. \u00a0<\/em><\/p>\n<p>A sustentabilidade est\u00e1 tomando um espa\u00e7o importante nos neg\u00f3cios. Consumidores e investidores agora est\u00e3o em busca de empresas alinhadas aos seus valores, que tenham planos consistentes para investir seus recursos verdes, produzindo de maneira respeitosa e renov\u00e1vel. Pensando nisso, as organiza\u00e7\u00f5es est\u00e3o investindo em lideran\u00e7as capazes de integrar as vertentes econ\u00f4mica, ambiental e social. Uma lideran\u00e7a sustent\u00e1vel pode garantir bons resultados financeiros, sem perder a confiabilidade do capital humano.<\/p>\n<p>\u00c9 um importante papel a desempenhar e a melhor maneira de ter sucesso \u00e9 garantir que toda a companhia entenda que as mudan\u00e7as s\u00e3o necess\u00e1rias e adote a mentalidade sustent\u00e1vel. O l\u00edder respons\u00e1vel por esse progresso precisa estar sempre \u00e0 frente do mercado para manter suas equipes atualizadas com m\u00e9todos eficientes, considerando as mudan\u00e7as frequentes e repentinas em todo o mundo. As <a href=\"https:\/\/gptw.com.br\/conteudo\/artigos\/lideranca-sustentavel\/\" target=\"_blank\" rel=\"noopener\">caracter\u00edsticas<\/a> mais importantes de uma gest\u00e3o sustent\u00e1vel s\u00e3o:<\/p>\n<ul>\n<li>Envolver os investidores nas pol\u00edticas, processos e projetos para que tenham valores alinhados.<\/li>\n<li>Estimular colaboradores a praticarem a miss\u00e3o e os valores da empresa.<\/li>\n<li>Capacitar colaboradores por meio de workshops, treinamentos e palestras voltadas para o tema.<\/li>\n<li>Promover a\u00e7\u00f5es sociais, nas quais s\u00e3o expostas a miss\u00e3o e os valores da organiza\u00e7\u00e3o.<\/li>\n<li>Trabalhar de forma atualizado e inovadora para alcan\u00e7ar as metas e objetivos.<\/li>\n<li>Promover uma cultura colaborativa.<\/li>\n<li>Tomar decis\u00f5es baseadas em dados e somente depois de avaliar os impactos ao meio ambiente e \u00e0 sociedade.<\/li>\n<\/ul>\n<p>Para aplicar o conceito de lideran\u00e7a sustent\u00e1vel \u00e9 preciso planejamento. Veja algumas a\u00e7\u00f5es capazes de ajudar a alcan\u00e7ar a mudan\u00e7a desejada:<\/p>\n<h4><strong>Trabalho remoto<\/strong><\/h4>\n<p>A procura por trabalhos remotos come\u00e7ou a crescer entre os talentos. Al\u00e9m de proporcionar mais bem-estar pessoal, ainda \u00e9 um al\u00edvio ao meio ambiente, pois reduz o deslocamento, melhora as condi\u00e7\u00f5es de tr\u00e1fego e diminui as emiss\u00f5es de carbono.<\/p>\n<h4><strong>Presen\u00e7a digital mais sustent\u00e1vel<\/strong><\/h4>\n<p>A <a href=\"https:\/\/www.forbes.com\/sites\/forbesbusinesscouncil\/2023\/02\/06\/sustainability-how-leaders-in-any-industry-can-make-a-difference\/?sh=5affface58ec\" target=\"_blank\" rel=\"noopener\">internet responde por 3,7% das emiss\u00f5es globais do efeito estufa<\/a>, por isso \u00e9 preciso aumentar a efici\u00eancia dos sites e minimizar o uso de energia online. P\u00e1ginas mais leves e a exclus\u00e3o de tags aumentam o desempenho e diminuem os problemas. Tamb\u00e9m \u00e9 importante certificar-se de que de que est\u00e1 escolhendo parceiros que ajudem seu site a funcionar que prezam pela sustentabilidade.<\/p>\n<h4><strong>Pol\u00edticas de sustentabilidade<\/strong><\/h4>\n<p>A partir do momento em que uma companhia adota pol\u00edticas sustent\u00e1veis, os l\u00edderes devem se envolver e mover esfor\u00e7os direcionados a este prop\u00f3sito. O apoio e envolvimento da lideran\u00e7a incentiva, sendo essencial para uma mudan\u00e7a consistente nos demais setores.<\/p>\n<h4><strong>Programas de treinamento<\/strong><\/h4>\n<p>Toda mudan\u00e7a requer treinamento adequado \u00e0 equipe que antes estava adepta a outro modo de produzir. O crescimento de uma organiza\u00e7\u00e3o depende de seus talentos, por este motivo \u00e9 preciso garantir os recursos necess\u00e1rios, desde ferramentas at\u00e9 conhecimentos, para que fa\u00e7am um bom trabalho.<\/p>\n<p>No passado, as decis\u00f5es das empresas se baseavam apenas em resultados financeiros. Agora, colaboradores, clientes, investidores e at\u00e9 o governo exigem a integra\u00e7\u00e3o das vertentes ambiental e social aos neg\u00f3cios. \u00c9 poss\u00edvel construir um mundo sustent\u00e1vel, e a 麻豆原创 est\u00e1 trabalhando para isso! Conhe\u00e7a <a href=\"https:\/\/www.sap.com\/brazil\/sustainability.html?url_id=text-blogentry-innovationBlogBR-2023_blog-original-post-sapcom%20\" target=\"_blank\" rel=\"noopener\">nossas solu\u00e7\u00f5es<\/a> com foco em sustentabilidade e comece a transforma\u00e7\u00e3o com efici\u00eancia e facilidade.<\/p>\n<p>Acompanhe mais novidades nos canais de comunica\u00e7\u00e3o da 麻豆原创: <a href=\"https:\/\/twitter.com\/麻豆原创Brasil\" target=\"_blank\" rel=\"noopener\">Twitter<\/a><a href=\"https:\/\/twitter.com\/麻豆原创Brasil\">\u00a0<\/a>\/\u00a0<a href=\"https:\/\/www.linkedin.com\/company\/1115\/\" target=\"_blank\" rel=\"noopener\">LinkedIn<\/a><a href=\"https:\/\/www.linkedin.com\/company\/1115\/\">\u00a0<\/a>\/\u00a0<a href=\"https:\/\/www.instagram.com\/sap_brasil\/\" target=\"_blank\" rel=\"noopener\">Instagram<\/a><\/p>\n<p>\u00a9 2023 麻豆原创 SE. All rights reserved. 麻豆原创 and other 麻豆原创 products and services mentioned here in as well as their respective logos are trademarks or registered trademarks of 麻豆原创 SE in Germany and other countries. Please see <a href=\"http:\/\/www.sap.com\/corporate-en\/legal\/copyright\/index.epx#trademark\" target=\"_blank\" rel=\"noopener\">http:\/\/www.sap.com\/corporate-en\/legal\/copyright\/index.epx#trademark<\/a> for additional trademark information and notices.<\/p>\n","protected":false},"excerpt":{"rendered":"<p>Al\u00e9m de contribu\u00edrem\u00a0com a melhoria do meio ambiente, empresas que investem em sustentabilidade atraem cada vez mais consumidores e investidores. \u00a0 A sustentabilidade est\u00e1 tomando&#8230;<\/p>\n","protected":false},"author":561,"featured_media":14862,"comment_status":"closed","ping_status":"closed","sticky":false,"template":"","format":"standard","meta":{"footnotes":"","_links_to":"","_links_to_target":""},"categories":[52858],"tags":[247502,22150,16615],"sapn-display":[5599933,5599931,48431,48433],"sapn-type":[6114],"class_list":["post-14860","post","type-post","status-publish","format-standard","has-post-thumbnail","hentry","category-sustentabilidade-topicos","tag-lideranca","tag-rh","tag-sustentabilidade","sapn-display-feature-hero","sapn-display-feature-spotlight","sapn-display-homepage-hero","sapn-display-hero","sapn-type-artigo"],"yoast_head":"<!-- This site is optimized with the Yoast SEO Premium plugin v26.9 (Yoast SEO v26.9) - https:\/\/yoast.com\/product\/yoast-seo-premium-wordpress\/ -->\n<title>L\u00edderes impactam sustentabilidade - Sala de Imprensa 麻豆原创 Brasil<\/title>\n<meta name=\"description\" content=\"Al\u00e9m de contribu\u00edrem com a melhoria do meio ambiente, empresas que investem em sustentabilidade atraem mais consumidores e investidores.\" \/>\n<meta name=\"robots\" content=\"index, follow, max-snippet:-1, max-image-preview:large, max-video-preview:-1\" \/>\n<link rel=\"canonical\" href=\"https:\/\/news.sap.com\/brazil\/2023\/03\/lideres-impactam-diretamente-na-jornada-pela-sustentabilidade-bl0g\/\" \/>\n<meta property=\"og:locale\" content=\"pt_BR\" \/>\n<meta property=\"og:type\" content=\"article\" \/>\n<meta property=\"og:title\" content=\"L\u00edderes impactam diretamente na jornada pela sustentabilidade\" \/>\n<meta property=\"og:description\" content=\"Al\u00e9m de contribu\u00edrem com a melhoria do meio ambiente, empresas que investem em sustentabilidade atraem cada vez mais consumidores e investidores.\" \/>\n<meta property=\"og:url\" content=\"https:\/\/news.sap.com\/brazil\/2023\/03\/lideres-impactam-diretamente-na-jornada-pela-sustentabilidade-bl0g\/\" \/>\n<meta property=\"og:site_name\" content=\"Sala de Imprensa 麻豆原创 Brasil\" \/>\n<meta property=\"article:published_time\" content=\"2023-03-21T12:00:28+00:00\" \/>\n<meta property=\"article:modified_time\" content=\"2023-10-19T13:09:56+00:00\" \/>\n<meta property=\"og:image\" content=\"https:\/\/news.sap.com\/brazil\/files\/2023\/03\/21\/3Blog_565x292.png\" \/>\n\t<meta property=\"og:image:width\" content=\"565\" \/>\n\t<meta property=\"og:image:height\" content=\"292\" \/>\n\t<meta property=\"og:image:type\" content=\"image\/png\" \/>\n<meta name=\"author\" content=\"麻豆原创 Brasil\" \/>\n<meta name=\"twitter:card\" content=\"summary_large_image\" \/>\n<meta name=\"twitter:title\" content=\"L\u00edderes impactam diretamente na jornada pela sustentabilidade\" \/>\n<meta name=\"twitter:creator\" content=\"@麻豆原创Brasil\" \/>\n<meta name=\"twitter:site\" content=\"@麻豆原创Brasil\" \/>\n<meta name=\"twitter:label1\" content=\"Escrito por\" \/>\n\t<meta name=\"twitter:data1\" content=\"麻豆原创 Brasil\" \/>\n\t<meta name=\"twitter:label2\" content=\"Est. tempo de leitura\" \/>\n\t<meta name=\"twitter:data2\" content=\"4 minutos\" \/>\n<script type=\"application\/ld+json\" class=\"yoast-schema-graph\">{\"@context\":\"https:\/\/schema.org\",\"@graph\":[{\"@type\":\"Article\",\"@id\":\"https:\/\/news.sap.com\/brazil\/2023\/03\/lideres-impactam-diretamente-na-jornada-pela-sustentabilidade-bl0g\/#article\",\"isPartOf\":{\"@id\":\"https:\/\/news.sap.com\/brazil\/2023\/03\/lideres-impactam-diretamente-na-jornada-pela-sustentabilidade-bl0g\/\"},\"author\":{\"name\":\"麻豆原创 Brasil\",\"@id\":\"https:\/\/news.sap.com\/brazil\/#\/schema\/person\/1cfc5d6de5ffdc23f1f3b1670a90ae3c\"},\"headline\":\"L\u00edderes impactam diretamente na jornada pela sustentabilidade\",\"datePublished\":\"2023-03-21T12:00:28+00:00\",\"dateModified\":\"2023-10-19T13:09:56+00:00\",\"mainEntityOfPage\":{\"@id\":\"https:\/\/news.sap.com\/brazil\/2023\/03\/lideres-impactam-diretamente-na-jornada-pela-sustentabilidade-bl0g\/\"},\"wordCount\":653,\"image\":{\"@id\":\"https:\/\/news.sap.com\/brazil\/2023\/03\/lideres-impactam-diretamente-na-jornada-pela-sustentabilidade-bl0g\/#primaryimage\"},\"thumbnailUrl\":\"https:\/\/news.sap.com\/brazil\/files\/2023\/03\/21\/3Blog_1400x600.png\",\"keywords\":[\"lideran\u00e7a\",\"RH\",\"sustentabilidade\"],\"articleSection\":[\"Sustentabilidade\"],\"inLanguage\":\"pt-BR\"},{\"@type\":\"WebPage\",\"@id\":\"https:\/\/news.sap.com\/brazil\/2023\/03\/lideres-impactam-diretamente-na-jornada-pela-sustentabilidade-bl0g\/\",\"url\":\"https:\/\/news.sap.com\/brazil\/2023\/03\/lideres-impactam-diretamente-na-jornada-pela-sustentabilidade-bl0g\/\",\"name\":\"L\u00edderes impactam sustentabilidade - Sala de Imprensa 麻豆原创 Brasil\",\"isPartOf\":{\"@id\":\"https:\/\/news.sap.com\/brazil\/#website\"},\"primaryImageOfPage\":{\"@id\":\"https:\/\/news.sap.com\/brazil\/2023\/03\/lideres-impactam-diretamente-na-jornada-pela-sustentabilidade-bl0g\/#primaryimage\"},\"image\":{\"@id\":\"https:\/\/news.sap.com\/brazil\/2023\/03\/lideres-impactam-diretamente-na-jornada-pela-sustentabilidade-bl0g\/#primaryimage\"},\"thumbnailUrl\":\"https:\/\/news.sap.com\/brazil\/files\/2023\/03\/21\/3Blog_1400x600.png\",\"datePublished\":\"2023-03-21T12:00:28+00:00\",\"dateModified\":\"2023-10-19T13:09:56+00:00\",\"author\":{\"@id\":\"https:\/\/news.sap.com\/brazil\/#\/schema\/person\/1cfc5d6de5ffdc23f1f3b1670a90ae3c\"},\"description\":\"Al\u00e9m de contribu\u00edrem com a melhoria do meio ambiente, empresas que investem em sustentabilidade atraem mais consumidores e investidores.\",\"breadcrumb\":{\"@id\":\"https:\/\/news.sap.com\/brazil\/2023\/03\/lideres-impactam-diretamente-na-jornada-pela-sustentabilidade-bl0g\/#breadcrumb\"},\"inLanguage\":\"pt-BR\",\"potentialAction\":[{\"@type\":\"ReadAction\",\"target\":[\"https:\/\/news.sap.com\/brazil\/2023\/03\/lideres-impactam-diretamente-na-jornada-pela-sustentabilidade-bl0g\/\"]}]},{\"@type\":\"ImageObject\",\"inLanguage\":\"pt-BR\",\"@id\":\"https:\/\/news.sap.com\/brazil\/2023\/03\/lideres-impactam-diretamente-na-jornada-pela-sustentabilidade-bl0g\/#primaryimage\",\"url\":\"https:\/\/news.sap.com\/brazil\/files\/2023\/03\/21\/3Blog_1400x600.png\",\"contentUrl\":\"https:\/\/news.sap.com\/brazil\/files\/2023\/03\/21\/3Blog_1400x600.png\",\"width\":1400,\"height\":600},{\"@type\":\"BreadcrumbList\",\"@id\":\"https:\/\/news.sap.com\/brazil\/2023\/03\/lideres-impactam-diretamente-na-jornada-pela-sustentabilidade-bl0g\/#breadcrumb\",\"itemListElement\":[{\"@type\":\"ListItem\",\"position\":1,\"name\":\"Home\",\"item\":\"https:\/\/news.sap.com\/brazil\/\"},{\"@type\":\"ListItem\",\"position\":2,\"name\":\"L\u00edderes impactam diretamente na jornada pela sustentabilidade\"}]},{\"@type\":\"WebSite\",\"@id\":\"https:\/\/news.sap.com\/brazil\/#website\",\"url\":\"https:\/\/news.sap.com\/brazil\/\",\"name\":\"Sala de Imprensa 麻豆原创 Brasil\",\"description\":\"Not\u00edcias e informa\u00e7\u00f5es sobre a 麻豆原创\",\"potentialAction\":[{\"@type\":\"SearchAction\",\"target\":{\"@type\":\"EntryPoint\",\"urlTemplate\":\"https:\/\/news.sap.com\/brazil\/?s={search_term_string}\"},\"query-input\":{\"@type\":\"PropertyValueSpecification\",\"valueRequired\":true,\"valueName\":\"search_term_string\"}}],\"inLanguage\":\"pt-BR\"},{\"@type\":\"Person\",\"@id\":\"https:\/\/news.sap.com\/brazil\/#\/schema\/person\/1cfc5d6de5ffdc23f1f3b1670a90ae3c\",\"name\":\"麻豆原创 Brasil\",\"image\":{\"@type\":\"ImageObject\",\"inLanguage\":\"pt-BR\",\"@id\":\"https:\/\/news.sap.com\/brazil\/#\/schema\/person\/image\/\",\"url\":\"https:\/\/news.sap.com\/brazil\/wp-content\/plugins\/wp-user-avatars\/wp-user-avatars\/assets\/images\/mystery.jpg\",\"contentUrl\":\"https:\/\/news.sap.com\/brazil\/wp-content\/plugins\/wp-user-avatars\/wp-user-avatars\/assets\/images\/mystery.jpg\",\"caption\":\"麻豆原创 Brasil\"},\"url\":\"https:\/\/news.sap.com\/brazil\/author\/raquelcasciato\/\"}]}<\/script>\n<!-- \/ Yoast SEO Premium plugin. -->","yoast_head_json":{"title":"L\u00edderes impactam sustentabilidade - Sala de Imprensa 麻豆原创 Brasil","description":"Al\u00e9m de contribu\u00edrem com a melhoria do meio ambiente, empresas que investem em sustentabilidade atraem mais consumidores e investidores.","robots":{"index":"index","follow":"follow","max-snippet":"max-snippet:-1","max-image-preview":"max-image-preview:large","max-video-preview":"max-video-preview:-1"},"canonical":"https:\/\/news.sap.com\/brazil\/2023\/03\/lideres-impactam-diretamente-na-jornada-pela-sustentabilidade-bl0g\/","og_locale":"pt_BR","og_type":"article","og_title":"L\u00edderes impactam diretamente na jornada pela sustentabilidade","og_description":"Al\u00e9m de contribu\u00edrem com a melhoria do meio ambiente, empresas que investem em sustentabilidade atraem cada vez mais consumidores e investidores.","og_url":"https:\/\/news.sap.com\/brazil\/2023\/03\/lideres-impactam-diretamente-na-jornada-pela-sustentabilidade-bl0g\/","og_site_name":"Sala de Imprensa 麻豆原创 Brasil","article_published_time":"2023-03-21T12:00:28+00:00","article_modified_time":"2023-10-19T13:09:56+00:00","og_image":[{"width":565,"height":292,"url":"https:\/\/news.sap.com\/brazil\/files\/2023\/03\/21\/3Blog_565x292.png","type":"image\/png"}],"author":"麻豆原创 Brasil","twitter_card":"summary_large_image","twitter_title":"L\u00edderes impactam diretamente na jornada pela sustentabilidade","twitter_creator":"@麻豆原创Brasil","twitter_site":"@麻豆原创Brasil","twitter_misc":{"Escrito por":"麻豆原创 Brasil","Est. tempo de leitura":"4 minutos"},"schema":{"@context":"https:\/\/schema.org","@graph":[{"@type":"Article","@id":"https:\/\/news.sap.com\/brazil\/2023\/03\/lideres-impactam-diretamente-na-jornada-pela-sustentabilidade-bl0g\/#article","isPartOf":{"@id":"https:\/\/news.sap.com\/brazil\/2023\/03\/lideres-impactam-diretamente-na-jornada-pela-sustentabilidade-bl0g\/"},"author":{"name":"麻豆原创 Brasil","@id":"https:\/\/news.sap.com\/brazil\/#\/schema\/person\/1cfc5d6de5ffdc23f1f3b1670a90ae3c"},"headline":"L\u00edderes impactam diretamente na jornada pela sustentabilidade","datePublished":"2023-03-21T12:00:28+00:00","dateModified":"2023-10-19T13:09:56+00:00","mainEntityOfPage":{"@id":"https:\/\/news.sap.com\/brazil\/2023\/03\/lideres-impactam-diretamente-na-jornada-pela-sustentabilidade-bl0g\/"},"wordCount":653,"image":{"@id":"https:\/\/news.sap.com\/brazil\/2023\/03\/lideres-impactam-diretamente-na-jornada-pela-sustentabilidade-bl0g\/#primaryimage"},"thumbnailUrl":"https:\/\/news.sap.com\/brazil\/files\/2023\/03\/21\/3Blog_1400x600.png","keywords":["lideran\u00e7a","RH","sustentabilidade"],"articleSection":["Sustentabilidade"],"inLanguage":"pt-BR"},{"@type":"WebPage","@id":"https:\/\/news.sap.com\/brazil\/2023\/03\/lideres-impactam-diretamente-na-jornada-pela-sustentabilidade-bl0g\/","url":"https:\/\/news.sap.com\/brazil\/2023\/03\/lideres-impactam-diretamente-na-jornada-pela-sustentabilidade-bl0g\/","name":"L\u00edderes impactam sustentabilidade - Sala de Imprensa 麻豆原创 Brasil","isPartOf":{"@id":"https:\/\/news.sap.com\/brazil\/#website"},"primaryImageOfPage":{"@id":"https:\/\/news.sap.com\/brazil\/2023\/03\/lideres-impactam-diretamente-na-jornada-pela-sustentabilidade-bl0g\/#primaryimage"},"image":{"@id":"https:\/\/news.sap.com\/brazil\/2023\/03\/lideres-impactam-diretamente-na-jornada-pela-sustentabilidade-bl0g\/#primaryimage"},"thumbnailUrl":"https:\/\/news.sap.com\/brazil\/files\/2023\/03\/21\/3Blog_1400x600.png","datePublished":"2023-03-21T12:00:28+00:00","dateModified":"2023-10-19T13:09:56+00:00","author":{"@id":"https:\/\/news.sap.com\/brazil\/#\/schema\/person\/1cfc5d6de5ffdc23f1f3b1670a90ae3c"},"description":"Al\u00e9m de contribu\u00edrem com a melhoria do meio ambiente, empresas que investem em sustentabilidade atraem mais consumidores e investidores.","breadcrumb":{"@id":"https:\/\/news.sap.com\/brazil\/2023\/03\/lideres-impactam-diretamente-na-jornada-pela-sustentabilidade-bl0g\/#breadcrumb"},"inLanguage":"pt-BR","potentialAction":[{"@type":"ReadAction","target":["https:\/\/news.sap.com\/brazil\/2023\/03\/lideres-impactam-diretamente-na-jornada-pela-sustentabilidade-bl0g\/"]}]},{"@type":"ImageObject","inLanguage":"pt-BR","@id":"https:\/\/news.sap.com\/brazil\/2023\/03\/lideres-impactam-diretamente-na-jornada-pela-sustentabilidade-bl0g\/#primaryimage","url":"https:\/\/news.sap.com\/brazil\/files\/2023\/03\/21\/3Blog_1400x600.png","contentUrl":"https:\/\/news.sap.com\/brazil\/files\/2023\/03\/21\/3Blog_1400x600.png","width":1400,"height":600},{"@type":"BreadcrumbList","@id":"https:\/\/news.sap.com\/brazil\/2023\/03\/lideres-impactam-diretamente-na-jornada-pela-sustentabilidade-bl0g\/#breadcrumb","itemListElement":[{"@type":"ListItem","position":1,"name":"Home","item":"https:\/\/news.sap.com\/brazil\/"},{"@type":"ListItem","position":2,"name":"L\u00edderes impactam diretamente na jornada pela sustentabilidade"}]},{"@type":"WebSite","@id":"https:\/\/news.sap.com\/brazil\/#website","url":"https:\/\/news.sap.com\/brazil\/","name":"Sala de Imprensa 麻豆原创 Brasil","description":"Not\u00edcias e informa\u00e7\u00f5es sobre a 麻豆原创","potentialAction":[{"@type":"SearchAction","target":{"@type":"EntryPoint","urlTemplate":"https:\/\/news.sap.com\/brazil\/?s={search_term_string}"},"query-input":{"@type":"PropertyValueSpecification","valueRequired":true,"valueName":"search_term_string"}}],"inLanguage":"pt-BR"},{"@type":"Person","@id":"https:\/\/news.sap.com\/brazil\/#\/schema\/person\/1cfc5d6de5ffdc23f1f3b1670a90ae3c","name":"麻豆原创 Brasil","image":{"@type":"ImageObject","inLanguage":"pt-BR","@id":"https:\/\/news.sap.com\/brazil\/#\/schema\/person\/image\/","url":"https:\/\/news.sap.com\/brazil\/wp-content\/plugins\/wp-user-avatars\/wp-user-avatars\/assets\/images\/mystery.jpg","contentUrl":"https:\/\/news.sap.com\/brazil\/wp-content\/plugins\/wp-user-avatars\/wp-user-avatars\/assets\/images\/mystery.jpg","caption":"麻豆原创 Brasil"},"url":"https:\/\/news.sap.com\/brazil\/author\/raquelcasciato\/"}]}},"amp_enabled":true,"_links":{"self":[{"href":"https:\/\/news.sap.com\/brazil\/wp-json\/wp\/v2\/posts\/14860","targetHints":{"allow":["GET"]}}],"collection":[{"href":"https:\/\/news.sap.com\/brazil\/wp-json\/wp\/v2\/posts"}],"about":[{"href":"https:\/\/news.sap.com\/brazil\/wp-json\/wp\/v2\/types\/post"}],"author":[{"embeddable":true,"href":"https:\/\/news.sap.com\/brazil\/wp-json\/wp\/v2\/users\/561"}],"replies":[{"embeddable":true,"href":"https:\/\/news.sap.com\/brazil\/wp-json\/wp\/v2\/comments?post=14860"}],"version-history":[{"count":0,"href":"https:\/\/news.sap.com\/brazil\/wp-json\/wp\/v2\/posts\/14860\/revisions"}],"wp:featuredmedia":[{"embeddable":true,"href":"https:\/\/news.sap.com\/brazil\/wp-json\/wp\/v2\/media\/14862"}],"wp:attachment":[{"href":"https:\/\/news.sap.com\/brazil\/wp-json\/wp\/v2\/media?parent=14860"}],"wp:term":[{"taxonomy":"category","embeddable":true,"href":"https:\/\/news.sap.com\/brazil\/wp-json\/wp\/v2\/categories?post=14860"},{"taxonomy":"post_tag","embeddable":true,"href":"https:\/\/news.sap.com\/brazil\/wp-json\/wp\/v2\/tags?post=14860"},{"taxonomy":"sapn-display","embeddable":true,"href":"https:\/\/news.sap.com\/brazil\/wp-json\/wp\/v2\/sapn-display?post=14860"},{"taxonomy":"sapn-type","embeddable":true,"href":"https:\/\/news.sap.com\/brazil\/wp-json\/wp\/v2\/sapn-type?post=14860"}],"curies":[{"name":"wp","href":"https:\/\/api.w.org\/{rel}","templated":true}]}}