  {"id":14741,"date":"2023-01-10T09:00:56","date_gmt":"2023-01-10T12:00:56","guid":{"rendered":"https:\/\/news.sap.com\/brazil\/?p=14741"},"modified":"2023-10-19T10:19:14","modified_gmt":"2023-10-19T13:19:14","slug":"tendencias-de-rh-para-2023-bl0g","status":"publish","type":"post","link":"https:\/\/news.sap.com\/brazil\/2023\/01\/tendencias-de-rh-para-2023-bl0g\/","title":{"rendered":"Tend\u00eancias de RH para 2023"},"content":{"rendered":"<p class=\"lead\"><em><i>Ao entender<\/i><\/em><em><i>\u00a0as tend\u00eancias de RH para 2023 e<\/i><\/em><em><i>\u00a0as necessidades dos colaboradores, <\/i><\/em><em><i>as organiza\u00e7\u00f5es poder\u00e3o <\/i><\/em><em><i>coloc\u00e1-los no centro de suas a\u00e7\u00f5es.<\/i><\/em><\/p>\n<p>A pandemia n\u00e3o s\u00f3 acelerou a transforma\u00e7\u00e3o digital como tamb\u00e9m impulsionou mudan\u00e7as na rela\u00e7\u00e3o entre empregadores\u00a0e funcion\u00e1rios. Nos \u00faltimos anos, testemunhamos mudan\u00e7as positivas para o trabalhador;\u00a0com l\u00edderes mais preocupados e comprometidos com o bem estar de suas equipes, as condi\u00e7\u00f5es de trabalho est\u00e3o passando a ofertar mais flexibilidade para uma \u00a0vida mais equilibrada e um local de trabalho mais saud\u00e1vel.<\/p>\n<p>Antes do per\u00edodo de recess\u00e3o, as companhias estiveram mais focadas em conquistar seus clientes, mas agora os olhares est\u00e3o igualmente voltados para a\u00a0reten\u00e7\u00e3o de talentos. Sabemos que, apesar de um futuro marcado por incertezas, as mudan\u00e7as no local de trabalho s\u00e3o inevit\u00e1veis para garantir uma equipe fiel e apaixonada. Diante disso, as empresas est\u00e3o ansiosas pelas tend\u00eancias de Recursos Humanos para o pr\u00f3ximo ano.<\/p>\n<h3><strong>Continua\u00e7\u00e3o do <\/strong><strong>t<\/strong><strong>rabalho <\/strong><strong>h<\/strong><strong>\u00edbrido e <\/strong><strong>r<\/strong><strong>emoto<\/strong><\/h3>\n<p>Os talentos se sentem bem e aumentam a produtividade quando podem mesclar o trabalho em casa e no escrit\u00f3rio. Essa estrutura permite a intera\u00e7\u00e3o entre os colegas e ainda as facilidades de trabalhar em casa, por isso \u00e9 um t\u00f3pico bastante em alta para 2023.<\/p>\n<h3><strong>Sistemas de RH baseados em nuvem <\/strong><\/h3>\n<p>Os colaboradores esperam que os l\u00edderes adotem tecnologias facilitadoras como a nuvem, assim eles podem estar mais conectados, com dados e informa\u00e7\u00f5es compartilhadas em tempo real e de maneira eficiente. Essas solu\u00e7\u00f5es de RH ajudam no gerenciamento da for\u00e7a de trabalho e tamb\u00e9m podem avaliar o desempenho e a colabora\u00e7\u00e3o.<\/p>\n<h3><strong>B<\/strong><strong>em-estar do funcion\u00e1rio<\/strong><strong>\u00a0como prioridade<\/strong><\/h3>\n<p>O bem-estar dos colaboradores passou a ser um fator crucial para o recrutamento de novos talentos e para a reten\u00e7\u00e3o da equipe. Muitas empresas est\u00e3o apostando em programas que promovam um ambiente de trabalho saud\u00e1vel. Trabalhadores felizes\u00a0geram\u00a0impactos\u00a0diretos\u00a0no desempenho de\u00a0equipes, grande motivo de aten\u00e7\u00e3o por parte dos gestores.<\/p>\n<h3><strong>Transpar\u00eancia salarial para atrair e reter talentos <\/strong><\/h3>\n<p>\u00c0 medida em que as pessoas come\u00e7am a falar mais abertamente de seus sal\u00e1rios, mant\u00ea-lo em sigilo ao oferecer uma nova vaga pode n\u00e3o ser uma boa ideia. As novas gera\u00e7\u00f5es est\u00e3o buscando transpar\u00eancia salarial\u00a0como forma de planejar seus pr\u00f3ximos passos e escolher novas oportunidades.<\/p>\n<h3><strong>Pr\u00e1ticas comerciais sustent\u00e1veis<\/strong><strong>\u00a0<\/strong><strong>e equitativas <\/strong><\/h3>\n<p>Os profissionais est\u00e3o buscando organiza\u00e7\u00f5es que trabalhem de acordo com seus valores morais. A tend\u00eancia \u00e9 que as empresas que tenham\u00a0uma\u00a0verdadeira governan\u00e7a ambiental, social e corporativa\u00a0retenham e atraiam n\u00e3o apenas mais talentos, como tamb\u00e9m mais investidores e clientes.<\/p>\n<p>Essas s\u00e3o apenas algumas tend\u00eancias que devem moldar a din\u00e2mica do mercado de trabalho em 2023. \u00c9\u00a0hora de aproveitar a onda de mudan\u00e7as e agir de maneira inteligente, colocando as pessoas no centro da sua estrat\u00e9gia de RH. De que forma? Conhe\u00e7a quais s\u00e3o as necessidades dos seus colaboradores e como atend\u00ea-las com as <a href=\"https:\/\/www.sap.com\/brazil\/products\/hcm.html?url_id=text-blogentry-innovationBlogBR-2023_blog-original-post-sapcom\" target=\"_blank\" rel=\"noopener\"><u>solu\u00e7\u00f5es da 麻豆原创<\/u><\/a>\u00a0para o setor.<\/p>\n<p>Acompanhe mais novidades nos canais de comunica\u00e7\u00e3o da 麻豆原创: \u00a0<a href=\"https:\/\/www.facebook.com\/sapbrasil\/\" target=\"_blank\" rel=\"noopener\"><u>Facebook<\/u><\/a><a href=\"https:\/\/www.facebook.com\/sapbrasil\/\"><u>\u00a0<\/u><\/a>\/\u00a0<a href=\"https:\/\/twitter.com\/麻豆原创Brasil\" target=\"_blank\" rel=\"noopener\"><u>Twitter<\/u><\/a><a href=\"https:\/\/twitter.com\/麻豆原创Brasil\"><u>\u00a0<\/u><\/a>\/\u00a0<a href=\"https:\/\/www.linkedin.com\/company\/1115\/\" target=\"_blank\" rel=\"noopener\"><u>LinkedIn<\/u><\/a><a href=\"https:\/\/www.linkedin.com\/company\/1115\/\"><u>\u00a0<\/u><\/a>\/\u00a0<a href=\"https:\/\/www.instagram.com\/sap_brasil\/\" target=\"_blank\" rel=\"noopener\"><u>Instagram<\/u><\/a>\u00a0\/ <a href=\"https:\/\/www.youtube.com\/user\/sapbrasil\" target=\"_blank\" rel=\"noopener\"><u>YouTube<\/u><\/a><\/p>\n<p>\u00a9 2023 麻豆原创 SE. All rights reserved. 麻豆原创 and other 麻豆原创 products and services mentioned here in as well as their respective logos are trademarks or registered trademarks of 麻豆原创 SE in Germany and other countries. Please see <a href=\"http:\/\/www.sap.com\/corporate-en\/legal\/copyright\/index.epx#trademark\" target=\"_blank\" rel=\"noopener\"><u>http:\/\/www.sap.com\/corporate-en\/legal\/copyright\/index.epx#trademark<\/u><\/a>\u00a0for additional trademark information and notices.<\/p>\n","protected":false},"excerpt":{"rendered":"<p>Ao entender\u00a0as tend\u00eancias de RH para 2023 e\u00a0as necessidades dos colaboradores, as organiza\u00e7\u00f5es poder\u00e3o coloc\u00e1-los no centro de suas a\u00e7\u00f5es. A pandemia n\u00e3o s\u00f3 acelerou&#8230;<\/p>\n","protected":false},"author":561,"featured_media":14742,"comment_status":"closed","ping_status":"closed","sticky":false,"template":"","format":"standard","meta":{"footnotes":"","_links_to":"","_links_to_target":""},"categories":[48444],"tags":[5599828,20464,5599875],"sapn-display":[5599933,5599931,48431,48433],"sapn-type":[6114],"class_list":["post-14741","post","type-post","status-publish","format-standard","has-post-thumbnail","hentry","category-recursos-humanos-topicos","tag-gestao-do-capital-humano","tag-recursos-humanos","tag-tendencias-de-rh","sapn-display-feature-hero","sapn-display-feature-spotlight","sapn-display-homepage-hero","sapn-display-hero","sapn-type-artigo"],"yoast_head":"<!-- This site is optimized with the Yoast SEO Premium plugin v26.9 (Yoast SEO v26.9) - https:\/\/yoast.com\/product\/yoast-seo-premium-wordpress\/ -->\n<title>Tend\u00eancias de RH para 2023 - Sala de Imprensa 麻豆原创 Brasil<\/title>\n<meta name=\"description\" content=\"Ao entender as tend\u00eancias de RH para 2023 e as necessidades dos colaboradores, as organiza\u00e7\u00f5es poder\u00e3o coloc\u00e1-los no centro de suas a\u00e7\u00f5es.\" \/>\n<meta name=\"robots\" content=\"index, follow, max-snippet:-1, max-image-preview:large, max-video-preview:-1\" \/>\n<link rel=\"canonical\" href=\"https:\/\/news.sap.com\/brazil\/2023\/01\/tendencias-de-rh-para-2023-bl0g\/\" \/>\n<meta property=\"og:locale\" content=\"pt_BR\" \/>\n<meta property=\"og:type\" content=\"article\" \/>\n<meta property=\"og:title\" content=\"Tend\u00eancias de RH para 2023\" \/>\n<meta property=\"og:description\" content=\"Ao entender as tend\u00eancias de RH para 2023 e as necessidades dos colaboradores, as organiza\u00e7\u00f5es poder\u00e3o coloc\u00e1-los no centro de suas a\u00e7\u00f5es.\" \/>\n<meta property=\"og:url\" content=\"https:\/\/news.sap.com\/brazil\/2023\/01\/tendencias-de-rh-para-2023-bl0g\/\" \/>\n<meta property=\"og:site_name\" content=\"Sala de Imprensa 麻豆原创 Brasil\" \/>\n<meta property=\"article:published_time\" content=\"2023-01-10T12:00:56+00:00\" \/>\n<meta property=\"article:modified_time\" content=\"2023-10-19T13:19:14+00:00\" \/>\n<meta property=\"og:image\" content=\"https:\/\/news.sap.com\/brazil\/files\/2022\/12\/21\/2Blog_565x292.png\" \/>\n\t<meta property=\"og:image:width\" content=\"565\" \/>\n\t<meta property=\"og:image:height\" content=\"292\" \/>\n\t<meta property=\"og:image:type\" content=\"image\/png\" \/>\n<meta name=\"author\" content=\"麻豆原创 Brasil\" \/>\n<meta name=\"twitter:card\" content=\"summary_large_image\" \/>\n<meta name=\"twitter:title\" content=\"Tend\u00eancias de RH para 2023\" \/>\n<meta name=\"twitter:creator\" content=\"@麻豆原创Brasil\" \/>\n<meta name=\"twitter:site\" content=\"@麻豆原创Brasil\" \/>\n<meta name=\"twitter:label1\" content=\"Escrito por\" \/>\n\t<meta name=\"twitter:data1\" content=\"麻豆原创 Brasil\" \/>\n\t<meta name=\"twitter:label2\" content=\"Est. tempo de leitura\" \/>\n\t<meta name=\"twitter:data2\" content=\"3 minutos\" \/>\n<script type=\"application\/ld+json\" class=\"yoast-schema-graph\">{\"@context\":\"https:\/\/schema.org\",\"@graph\":[{\"@type\":\"Article\",\"@id\":\"https:\/\/news.sap.com\/brazil\/2023\/01\/tendencias-de-rh-para-2023-bl0g\/#article\",\"isPartOf\":{\"@id\":\"https:\/\/news.sap.com\/brazil\/2023\/01\/tendencias-de-rh-para-2023-bl0g\/\"},\"author\":{\"name\":\"麻豆原创 Brasil\",\"@id\":\"https:\/\/news.sap.com\/brazil\/#\/schema\/person\/1cfc5d6de5ffdc23f1f3b1670a90ae3c\"},\"headline\":\"Tend\u00eancias de RH para 2023\",\"datePublished\":\"2023-01-10T12:00:56+00:00\",\"dateModified\":\"2023-10-19T13:19:14+00:00\",\"mainEntityOfPage\":{\"@id\":\"https:\/\/news.sap.com\/brazil\/2023\/01\/tendencias-de-rh-para-2023-bl0g\/\"},\"wordCount\":609,\"image\":{\"@id\":\"https:\/\/news.sap.com\/brazil\/2023\/01\/tendencias-de-rh-para-2023-bl0g\/#primaryimage\"},\"thumbnailUrl\":\"https:\/\/news.sap.com\/brazil\/files\/2022\/12\/21\/2Blog_1400x600-e1683723461745.png\",\"keywords\":[\"Gest\u00e3o do capital humano\",\"recursos humanos\",\"Tend\u00eancias de RH\"],\"articleSection\":[\"Gest\u00e3o do capital humano\"],\"inLanguage\":\"pt-BR\"},{\"@type\":\"WebPage\",\"@id\":\"https:\/\/news.sap.com\/brazil\/2023\/01\/tendencias-de-rh-para-2023-bl0g\/\",\"url\":\"https:\/\/news.sap.com\/brazil\/2023\/01\/tendencias-de-rh-para-2023-bl0g\/\",\"name\":\"Tend\u00eancias de RH para 2023 - Sala de Imprensa 麻豆原创 Brasil\",\"isPartOf\":{\"@id\":\"https:\/\/news.sap.com\/brazil\/#website\"},\"primaryImageOfPage\":{\"@id\":\"https:\/\/news.sap.com\/brazil\/2023\/01\/tendencias-de-rh-para-2023-bl0g\/#primaryimage\"},\"image\":{\"@id\":\"https:\/\/news.sap.com\/brazil\/2023\/01\/tendencias-de-rh-para-2023-bl0g\/#primaryimage\"},\"thumbnailUrl\":\"https:\/\/news.sap.com\/brazil\/files\/2022\/12\/21\/2Blog_1400x600-e1683723461745.png\",\"datePublished\":\"2023-01-10T12:00:56+00:00\",\"dateModified\":\"2023-10-19T13:19:14+00:00\",\"author\":{\"@id\":\"https:\/\/news.sap.com\/brazil\/#\/schema\/person\/1cfc5d6de5ffdc23f1f3b1670a90ae3c\"},\"description\":\"Ao entender as tend\u00eancias de RH para 2023 e as necessidades dos colaboradores, as organiza\u00e7\u00f5es poder\u00e3o coloc\u00e1-los no centro de suas a\u00e7\u00f5es.\",\"breadcrumb\":{\"@id\":\"https:\/\/news.sap.com\/brazil\/2023\/01\/tendencias-de-rh-para-2023-bl0g\/#breadcrumb\"},\"inLanguage\":\"pt-BR\",\"potentialAction\":[{\"@type\":\"ReadAction\",\"target\":[\"https:\/\/news.sap.com\/brazil\/2023\/01\/tendencias-de-rh-para-2023-bl0g\/\"]}]},{\"@type\":\"ImageObject\",\"inLanguage\":\"pt-BR\",\"@id\":\"https:\/\/news.sap.com\/brazil\/2023\/01\/tendencias-de-rh-para-2023-bl0g\/#primaryimage\",\"url\":\"https:\/\/news.sap.com\/brazil\/files\/2022\/12\/21\/2Blog_1400x600-e1683723461745.png\",\"contentUrl\":\"https:\/\/news.sap.com\/brazil\/files\/2022\/12\/21\/2Blog_1400x600-e1683723461745.png\",\"width\":1400,\"height\":600},{\"@type\":\"BreadcrumbList\",\"@id\":\"https:\/\/news.sap.com\/brazil\/2023\/01\/tendencias-de-rh-para-2023-bl0g\/#breadcrumb\",\"itemListElement\":[{\"@type\":\"ListItem\",\"position\":1,\"name\":\"Home\",\"item\":\"https:\/\/news.sap.com\/brazil\/\"},{\"@type\":\"ListItem\",\"position\":2,\"name\":\"Tend\u00eancias de RH para 2023\"}]},{\"@type\":\"WebSite\",\"@id\":\"https:\/\/news.sap.com\/brazil\/#website\",\"url\":\"https:\/\/news.sap.com\/brazil\/\",\"name\":\"Sala de Imprensa 麻豆原创 Brasil\",\"description\":\"Not\u00edcias e informa\u00e7\u00f5es sobre a 麻豆原创\",\"potentialAction\":[{\"@type\":\"SearchAction\",\"target\":{\"@type\":\"EntryPoint\",\"urlTemplate\":\"https:\/\/news.sap.com\/brazil\/?s={search_term_string}\"},\"query-input\":{\"@type\":\"PropertyValueSpecification\",\"valueRequired\":true,\"valueName\":\"search_term_string\"}}],\"inLanguage\":\"pt-BR\"},{\"@type\":\"Person\",\"@id\":\"https:\/\/news.sap.com\/brazil\/#\/schema\/person\/1cfc5d6de5ffdc23f1f3b1670a90ae3c\",\"name\":\"麻豆原创 Brasil\",\"image\":{\"@type\":\"ImageObject\",\"inLanguage\":\"pt-BR\",\"@id\":\"https:\/\/news.sap.com\/brazil\/#\/schema\/person\/image\/\",\"url\":\"https:\/\/news.sap.com\/brazil\/wp-content\/plugins\/wp-user-avatars\/wp-user-avatars\/assets\/images\/mystery.jpg\",\"contentUrl\":\"https:\/\/news.sap.com\/brazil\/wp-content\/plugins\/wp-user-avatars\/wp-user-avatars\/assets\/images\/mystery.jpg\",\"caption\":\"麻豆原创 Brasil\"},\"url\":\"https:\/\/news.sap.com\/brazil\/author\/raquelcasciato\/\"}]}<\/script>\n<!-- \/ Yoast SEO Premium plugin. -->","yoast_head_json":{"title":"Tend\u00eancias de RH para 2023 - Sala de Imprensa 麻豆原创 Brasil","description":"Ao entender as tend\u00eancias de RH para 2023 e as necessidades dos colaboradores, as organiza\u00e7\u00f5es poder\u00e3o coloc\u00e1-los no centro de suas a\u00e7\u00f5es.","robots":{"index":"index","follow":"follow","max-snippet":"max-snippet:-1","max-image-preview":"max-image-preview:large","max-video-preview":"max-video-preview:-1"},"canonical":"https:\/\/news.sap.com\/brazil\/2023\/01\/tendencias-de-rh-para-2023-bl0g\/","og_locale":"pt_BR","og_type":"article","og_title":"Tend\u00eancias de RH para 2023","og_description":"Ao entender as tend\u00eancias de RH para 2023 e as necessidades dos colaboradores, as organiza\u00e7\u00f5es poder\u00e3o coloc\u00e1-los no centro de suas a\u00e7\u00f5es.","og_url":"https:\/\/news.sap.com\/brazil\/2023\/01\/tendencias-de-rh-para-2023-bl0g\/","og_site_name":"Sala de Imprensa 麻豆原创 Brasil","article_published_time":"2023-01-10T12:00:56+00:00","article_modified_time":"2023-10-19T13:19:14+00:00","og_image":[{"width":565,"height":292,"url":"https:\/\/news.sap.com\/brazil\/files\/2022\/12\/21\/2Blog_565x292.png","type":"image\/png"}],"author":"麻豆原创 Brasil","twitter_card":"summary_large_image","twitter_title":"Tend\u00eancias de RH para 2023","twitter_creator":"@麻豆原创Brasil","twitter_site":"@麻豆原创Brasil","twitter_misc":{"Escrito por":"麻豆原创 Brasil","Est. tempo de leitura":"3 minutos"},"schema":{"@context":"https:\/\/schema.org","@graph":[{"@type":"Article","@id":"https:\/\/news.sap.com\/brazil\/2023\/01\/tendencias-de-rh-para-2023-bl0g\/#article","isPartOf":{"@id":"https:\/\/news.sap.com\/brazil\/2023\/01\/tendencias-de-rh-para-2023-bl0g\/"},"author":{"name":"麻豆原创 Brasil","@id":"https:\/\/news.sap.com\/brazil\/#\/schema\/person\/1cfc5d6de5ffdc23f1f3b1670a90ae3c"},"headline":"Tend\u00eancias de RH para 2023","datePublished":"2023-01-10T12:00:56+00:00","dateModified":"2023-10-19T13:19:14+00:00","mainEntityOfPage":{"@id":"https:\/\/news.sap.com\/brazil\/2023\/01\/tendencias-de-rh-para-2023-bl0g\/"},"wordCount":609,"image":{"@id":"https:\/\/news.sap.com\/brazil\/2023\/01\/tendencias-de-rh-para-2023-bl0g\/#primaryimage"},"thumbnailUrl":"https:\/\/news.sap.com\/brazil\/files\/2022\/12\/21\/2Blog_1400x600-e1683723461745.png","keywords":["Gest\u00e3o do capital humano","recursos humanos","Tend\u00eancias de RH"],"articleSection":["Gest\u00e3o do capital humano"],"inLanguage":"pt-BR"},{"@type":"WebPage","@id":"https:\/\/news.sap.com\/brazil\/2023\/01\/tendencias-de-rh-para-2023-bl0g\/","url":"https:\/\/news.sap.com\/brazil\/2023\/01\/tendencias-de-rh-para-2023-bl0g\/","name":"Tend\u00eancias de RH para 2023 - Sala de Imprensa 麻豆原创 Brasil","isPartOf":{"@id":"https:\/\/news.sap.com\/brazil\/#website"},"primaryImageOfPage":{"@id":"https:\/\/news.sap.com\/brazil\/2023\/01\/tendencias-de-rh-para-2023-bl0g\/#primaryimage"},"image":{"@id":"https:\/\/news.sap.com\/brazil\/2023\/01\/tendencias-de-rh-para-2023-bl0g\/#primaryimage"},"thumbnailUrl":"https:\/\/news.sap.com\/brazil\/files\/2022\/12\/21\/2Blog_1400x600-e1683723461745.png","datePublished":"2023-01-10T12:00:56+00:00","dateModified":"2023-10-19T13:19:14+00:00","author":{"@id":"https:\/\/news.sap.com\/brazil\/#\/schema\/person\/1cfc5d6de5ffdc23f1f3b1670a90ae3c"},"description":"Ao entender as tend\u00eancias de RH para 2023 e as necessidades dos colaboradores, as organiza\u00e7\u00f5es poder\u00e3o coloc\u00e1-los no centro de suas a\u00e7\u00f5es.","breadcrumb":{"@id":"https:\/\/news.sap.com\/brazil\/2023\/01\/tendencias-de-rh-para-2023-bl0g\/#breadcrumb"},"inLanguage":"pt-BR","potentialAction":[{"@type":"ReadAction","target":["https:\/\/news.sap.com\/brazil\/2023\/01\/tendencias-de-rh-para-2023-bl0g\/"]}]},{"@type":"ImageObject","inLanguage":"pt-BR","@id":"https:\/\/news.sap.com\/brazil\/2023\/01\/tendencias-de-rh-para-2023-bl0g\/#primaryimage","url":"https:\/\/news.sap.com\/brazil\/files\/2022\/12\/21\/2Blog_1400x600-e1683723461745.png","contentUrl":"https:\/\/news.sap.com\/brazil\/files\/2022\/12\/21\/2Blog_1400x600-e1683723461745.png","width":1400,"height":600},{"@type":"BreadcrumbList","@id":"https:\/\/news.sap.com\/brazil\/2023\/01\/tendencias-de-rh-para-2023-bl0g\/#breadcrumb","itemListElement":[{"@type":"ListItem","position":1,"name":"Home","item":"https:\/\/news.sap.com\/brazil\/"},{"@type":"ListItem","position":2,"name":"Tend\u00eancias de RH para 2023"}]},{"@type":"WebSite","@id":"https:\/\/news.sap.com\/brazil\/#website","url":"https:\/\/news.sap.com\/brazil\/","name":"Sala de Imprensa 麻豆原创 Brasil","description":"Not\u00edcias e informa\u00e7\u00f5es sobre a 麻豆原创","potentialAction":[{"@type":"SearchAction","target":{"@type":"EntryPoint","urlTemplate":"https:\/\/news.sap.com\/brazil\/?s={search_term_string}"},"query-input":{"@type":"PropertyValueSpecification","valueRequired":true,"valueName":"search_term_string"}}],"inLanguage":"pt-BR"},{"@type":"Person","@id":"https:\/\/news.sap.com\/brazil\/#\/schema\/person\/1cfc5d6de5ffdc23f1f3b1670a90ae3c","name":"麻豆原创 Brasil","image":{"@type":"ImageObject","inLanguage":"pt-BR","@id":"https:\/\/news.sap.com\/brazil\/#\/schema\/person\/image\/","url":"https:\/\/news.sap.com\/brazil\/wp-content\/plugins\/wp-user-avatars\/wp-user-avatars\/assets\/images\/mystery.jpg","contentUrl":"https:\/\/news.sap.com\/brazil\/wp-content\/plugins\/wp-user-avatars\/wp-user-avatars\/assets\/images\/mystery.jpg","caption":"麻豆原创 Brasil"},"url":"https:\/\/news.sap.com\/brazil\/author\/raquelcasciato\/"}]}},"amp_enabled":true,"_links":{"self":[{"href":"https:\/\/news.sap.com\/brazil\/wp-json\/wp\/v2\/posts\/14741","targetHints":{"allow":["GET"]}}],"collection":[{"href":"https:\/\/news.sap.com\/brazil\/wp-json\/wp\/v2\/posts"}],"about":[{"href":"https:\/\/news.sap.com\/brazil\/wp-json\/wp\/v2\/types\/post"}],"author":[{"embeddable":true,"href":"https:\/\/news.sap.com\/brazil\/wp-json\/wp\/v2\/users\/561"}],"replies":[{"embeddable":true,"href":"https:\/\/news.sap.com\/brazil\/wp-json\/wp\/v2\/comments?post=14741"}],"version-history":[{"count":0,"href":"https:\/\/news.sap.com\/brazil\/wp-json\/wp\/v2\/posts\/14741\/revisions"}],"wp:featuredmedia":[{"embeddable":true,"href":"https:\/\/news.sap.com\/brazil\/wp-json\/wp\/v2\/media\/14742"}],"wp:attachment":[{"href":"https:\/\/news.sap.com\/brazil\/wp-json\/wp\/v2\/media?parent=14741"}],"wp:term":[{"taxonomy":"category","embeddable":true,"href":"https:\/\/news.sap.com\/brazil\/wp-json\/wp\/v2\/categories?post=14741"},{"taxonomy":"post_tag","embeddable":true,"href":"https:\/\/news.sap.com\/brazil\/wp-json\/wp\/v2\/tags?post=14741"},{"taxonomy":"sapn-display","embeddable":true,"href":"https:\/\/news.sap.com\/brazil\/wp-json\/wp\/v2\/sapn-display?post=14741"},{"taxonomy":"sapn-type","embeddable":true,"href":"https:\/\/news.sap.com\/brazil\/wp-json\/wp\/v2\/sapn-type?post=14741"}],"curies":[{"name":"wp","href":"https:\/\/api.w.org\/{rel}","templated":true}]}}