  {"id":14658,"date":"2022-11-29T09:00:29","date_gmt":"2022-11-29T12:00:29","guid":{"rendered":"https:\/\/news.sap.com\/brazil\/?p=14658"},"modified":"2023-10-19T10:38:32","modified_gmt":"2023-10-19T13:38:32","slug":"a-importancia-de-falar-sobre-o-hiv-no-ambiente-profissional-bl0g","status":"publish","type":"post","link":"https:\/\/news.sap.com\/brazil\/2022\/11\/a-importancia-de-falar-sobre-o-hiv-no-ambiente-profissional-bl0g\/","title":{"rendered":"A import\u00e2ncia de falar sobre o HIV no ambiente profissional"},"content":{"rendered":"<p class=\"lead\"><em>A diversidade e a inclus\u00e3o de diferentes tipos de pessoas no ambiente profissional \u00e9 o que faz das organiza\u00e7\u00f5es Empresas Inteligentes e bem-sucedidas. <\/em><\/p>\n<p>A carga psicol\u00f3gica sofrida pelas pessoas que vivem com HIV e enfrentam epis\u00f3dios de discrimina\u00e7\u00e3o no ambiente de trabalho, nos relacionamentos, nos grupos de amigos e at\u00e9 da fam\u00edlia pode impactar negativamente seu desempenho no geral, inclusive no trabalho. Por isso, com o objetivo de oferecer o suporte adequado \u00e0s pessoas que est\u00e3o passando por essa situa\u00e7\u00e3o, algumas empresas est\u00e3o se informando mais e implementando iniciativas e projetos como a <a href=\"https:\/\/laborpositiva.huesped.org.ar\/br\/a-iniciativa\/\" target=\"_blank\" rel=\"noopener\">Labor Positiva<\/a> | <a href=\"https:\/\/news.sap.com\/brazil\/2021\/05\/sap-e-ibm-aderem-ao-programa-workingpositively-para-combater-a-descriminacao-de-pessoas-hiv-no-ambiente-profissional-bl0g\/?url_id=text-blogentry-innovationBlogBR-2022_blog-original-post-sapcom\" target=\"_blank\" rel=\"noopener\">#workingpositively<\/a>, que informam seus funcion\u00e1rios sobre m\u00e9todos de preven\u00e7\u00e3o e tratamento, al\u00e9m de apoiar os colaboradores HIV positivos.<\/p>\n<p>O #workingpositively \u00e9 um programa internacional, dedicado a abordagem do estigma e da discrimina\u00e7\u00e3o das pessoas HIV positivas no \u00e2mbito do trabalho. O objetivo central \u00e9 promover um tratamento digno e livre de preconceitos em qualquer ambiente, para que o funcion\u00e1rio possa se desenvolver de maneira igual aos seus colegas, evitando problemas como o quiet quitting ou baixa produtividade em consequ\u00eancia de um ambiente de trabalho hostil para essas pessoas. Assim como \u00e9 importante saber como o HIV \u00e9 transmitido, outras informa\u00e7\u00f5es s\u00e3o importantes para acabar com os preconceitos:<\/p>\n<ul>\n<li>Informe os l\u00edderes e os demais funcion\u00e1rios que n\u00e3o h\u00e1 risco de contamina\u00e7\u00e3o compartilhando utens\u00edlios, beijando ou abra\u00e7ando, praticando esportes ou trabalhando e dividindo um mesmo espa\u00e7o.<\/li>\n<li>Fa\u00e7a com que estejam cientes de que uma pessoa com o v\u00edrus pode ter uma vida como qualquer outra e, inclusive, atingir uma carga viral indetect\u00e1vel, reduzindo a zero a possibilidade de transmiss\u00e3o.<\/li>\n<li>Uma pessoa HIV positiva merece, como qualquer outra, um tratamento adequado e sem preconceitos.<\/li>\n<\/ul>\n<p>Os desafios de sa\u00fade n\u00e3o podem, jamais, ser um motivo para discrimina\u00e7\u00e3o, e o conhecimento \u00e9 a \u00fanica maneira de cessar este problema. Por isso, as empresas devem promover uma cultura onde cada pessoa possa dar o melhor de si, em um ambiente seguro e adequado, com todas as ferramentas necess\u00e1rias para um bom trabalho. Assim como a 麻豆原创 Brasil, grandes marcas est\u00e3o se unindo a iniciativa <a href=\"https:\/\/news.sap.com\/brazil\/2021\/05\/sap-e-ibm-aderem-ao-programa-workingpositively-para-combater-a-descriminacao-de-pessoas-hiv-no-ambiente-profissional-bl0g\/?url_id=text-blogentry-innovationBlogBR-2022_blog-original-post-sapcom\" target=\"_blank\" rel=\"noopener\">#workingpositively<\/a> \u2013 criada em 2019 na Alemanha e expandida para a regi\u00e3o da Am\u00e9rica Latina por meio da iniciativa <a href=\"https:\/\/laborpositiva.huesped.org.ar\/br\/a-iniciativa\/\" target=\"_blank\" rel=\"noopener\">Labor Positiva,<\/a> com o apoio da IBM e da 麻豆原创 em conjunto com algumas ONGs \u2013, assumindo um compromisso ativo na dissemina\u00e7\u00e3o de informa\u00e7\u00f5es para um futuro mais acolhedor.<\/p>\n<p>Assista ao v\u00eddeo:<\/p>\n<section\n            data-inpsyde-embed=\"youtube\"\n            data-inpsyde-embed-atts=\"{&quot;width&quot;:640,&quot;height&quot;:960}\"\n            data-inpsyde-embed-frame=\"&lt;iframe title=&quot;Labor Positiva: abordando o estigma e a discrimina&amp;ccedil;&amp;atilde;o em rela&amp;ccedil;&amp;atilde;o a pessoas com HIV no trabalho&quot; width=&quot;640&quot; height=&quot;360&quot; src=&quot;https:\/\/www.youtube.com\/embed\/tM_dxjyGbdA?feature=oembed&amp;amp;enablejsapi=1&quot; frameborder=&quot;0&quot; allow=&quot;accelerometer; autoplay; clipboard-write; encrypted-media; gyroscope; picture-in-picture; web-share&quot; referrerpolicy=&quot;strict-origin-when-cross-origin&quot; allowfullscreen id=&quot;embed_633c35e6-0f77-4cf1-bf85-b456a3eb7ade&quot;&gt;&lt;\/iframe&gt;\n\"\n        ><\/p>\n<div class=\"inpsyde-embed-overlay\">\n<div class=\"inpsyde-embed-overlay-container\">\n<h3><a\n                            rel=\"noreferrer\"\n                            href=\"http:\/\/www.youtube.com\/watch?v=tM_dxjyGbdA\"\n                            target=\"_blank\"\n                            title=\"Click to visit YouTube\"\n                        >Labor Positiva: abordando o estigma e a discrimina\u00e7\u00e3o em rela\u00e7\u00e3o a pessoas com HIV no trabalho<\/a><\/h3>\n<p>Click the button below to load the content from YouTube.<\/p>\n<div class=\"embed-options-wrapper\">\n<div class=\"play-button-outer\" data-action=\"loadThis\">\n<div class=\"play-button\" data-action=\"loadThis\"><\/div>\n<\/div>\n<p>                        <a\n                            href=\"#\"\n                            data-action=\"unlockSource\"\n                            title=\"Click here to permanently allow embeds from YouTube.\"\n                        >Always allow YouTube<\/a><br \/>\n                        <!--<button data-action=\"unlockAll\">Always load all embeds<\/button>-->\n                    <\/div>\n<\/p><\/div>\n<\/p><\/div>\n<div\n                data-inpsyde-embed-preview=\"youtube\"\n                style=\"\n                    max-width:640px;\n                    max-height:360px;\n                    \"\n            >        <img decoding=\"async\" src=\"https:\/\/news.sap.com\/brazil\/files\/inpsyde-embed-privacy\/youtube\/tM_dxjyGbdA.jpg\" alt=\"Labor Positiva: abordando o estigma e a discrimina\u00e7\u00e3o em rela\u00e7\u00e3o a pessoas com HIV no trabalho\"><\/p>\n<div class=\"ytp-large-play-button ytp-button\">\n            <svg height=\"100%\" version=\"1.1\" viewBox=\"0 0 68 48\" width=\"100%\">\n                <path class=\"ytp-large-play-button-bg\"\n                    d=\"M66.52,7.74c-0.78-2.93-2.49-5.41-5.42-6.19C55.79,.13,34,0,34,0S12.21,.13,6.9,1.55 C3.97,2.33,2.27,4.81,1.48,7.74C0.06,13.05,0,24,0,24s0.06,10.95,1.48,16.26c0.78,2.93,2.49,5.41,5.42,6.19 C12.21,47.87,34,48,34,48s21.79-0.13,27.1-1.55c2.93-0.78,4.64-3.26,5.42-6.19C67.94,34.95,68,24,68,24S67.94,13.05,66.52,7.74z\"\n                    fill=\"#212121\"\n                    fill-opacity=\"0.8\"><\/path>\n                <path d=\"M 45,24 27,14 27,34\" fill=\"#fff\"><\/path>\n            <\/svg>\n        <\/div>\n<\/p><\/div>\n<\/section>\n<p>\u201cTrabalhar para um ambiente seguro e sem discrimina\u00e7\u00e3o convida os funcion\u00e1rios a se comprometerem mais com a empresa. Al\u00e9m da dedica\u00e7\u00e3o, as marcas ainda garantem a reten\u00e7\u00e3o e a diversidade de talentos. Fa\u00e7a como os grandes neg\u00f3cios que se uniram \u00e0 iniciativa Labor Positiva desde o seu lan\u00e7amento na Am\u00e9rica Latina em 2021. Comece hoje a transforma\u00e7\u00e3o da sua marca, promova a justi\u00e7a social e trabalhe para garantir que todas as etapas do ciclo de vida laboral sejam inclusivas, com um ecossistema diverso e produtivo. Voc\u00ea tamb\u00e9m pode ser parte desta mudan\u00e7a. Como? \u00c9 simples: <a href=\"https:\/\/laborpositiva.huesped.org.ar\/br\/comeco\/\" target=\"_blank\" rel=\"noopener\">acesse o site<\/a> e entre em contato. A participa\u00e7\u00e3o \u00e9 totalmente gratuita, mas o impacto que vai gerar na sua organiza\u00e7\u00e3o e nos seus colaboradores ser\u00e1 impag\u00e1vel!\u201d \u2013 Ezequiel Massa, Head de Diversidade e Inclus\u00e3o para America Latina e Caribe na 麻豆原创.<\/p>\n<p>Acompanhe mais novidades nos canais de comunica\u00e7\u00e3o da 麻豆原创:\u00a0 <a href=\"https:\/\/www.facebook.com\/sapbrasil\/\" target=\"_blank\" rel=\"noopener\">Facebook<\/a><a href=\"https:\/\/www.facebook.com\/sapbrasil\/\">\u00a0<\/a>\/\u00a0<a href=\"https:\/\/twitter.com\/麻豆原创Brasil\" target=\"_blank\" rel=\"noopener\">Twitter<\/a><a href=\"https:\/\/twitter.com\/麻豆原创Brasil\">\u00a0<\/a>\/\u00a0<a href=\"https:\/\/www.linkedin.com\/company\/1115\/\" target=\"_blank\" rel=\"noopener\">LinkedIn<\/a><a href=\"https:\/\/www.linkedin.com\/company\/1115\/\">\u00a0<\/a>\/\u00a0<a href=\"https:\/\/www.instagram.com\/sap_brasil\/\" target=\"_blank\" rel=\"noopener\">Instagram<\/a> \/ <a href=\"https:\/\/www.youtube.com\/user\/sapbrasil\" target=\"_blank\" rel=\"noopener\">YouTube<\/a><\/p>\n<p>\u00a9 2022 麻豆原创 SE. All rights reserved. 麻豆原创 and other 麻豆原创 products and services mentioned here in as well as their respective logos are trademarks or registered trademarks of 麻豆原创 SE in Germany and other countries. Please see <a href=\"http:\/\/www.sap.com\/corporate-en\/legal\/copyright\/index.epx#trademark\" target=\"_blank\" rel=\"noopener\">http:\/\/www.sap.com\/corporate-en\/legal\/copyright\/index.epx#trademark<\/a> for additional trademark information and notices.<\/p>\n","protected":false},"excerpt":{"rendered":"<p>A diversidade e a inclus\u00e3o de diferentes tipos de pessoas no ambiente profissional \u00e9 o que faz das organiza\u00e7\u00f5es Empresas Inteligentes e bem-sucedidas. A carga&#8230;<\/p>\n","protected":false},"author":561,"featured_media":14659,"comment_status":"closed","ping_status":"closed","sticky":false,"template":"","format":"standard","meta":{"footnotes":"","_links_to":"","_links_to_target":""},"categories":[48444],"tags":[5599749,5599828,5599868,22150],"sapn-display":[5599933,5599931,48431,48433],"sapn-type":[6114],"class_list":["post-14658","post","type-post","status-publish","format-standard","has-post-thumbnail","hentry","category-recursos-humanos-topicos","tag-workingpositively","tag-gestao-do-capital-humano","tag-labor-positiva","tag-rh","sapn-display-feature-hero","sapn-display-feature-spotlight","sapn-display-homepage-hero","sapn-display-hero","sapn-type-artigo"],"yoast_head":"<!-- This site is optimized with the Yoast SEO Premium plugin v26.9 (Yoast SEO v26.9) - https:\/\/yoast.com\/product\/yoast-seo-premium-wordpress\/ -->\n<title>HIV no ambiente profissional - Sala de Imprensa 麻豆原创 Brasil<\/title>\n<meta name=\"description\" content=\"A diversidade e a inclus\u00e3o de diferentes tipos de pessoas no ambiente profissional \u00e9 o que faz das organiza\u00e7\u00f5es Empresas Inteligentes e bem-sucedidas.\" \/>\n<meta name=\"robots\" content=\"index, follow, max-snippet:-1, max-image-preview:large, max-video-preview:-1\" \/>\n<link rel=\"canonical\" href=\"https:\/\/news.sap.com\/brazil\/2022\/11\/a-importancia-de-falar-sobre-o-hiv-no-ambiente-profissional-bl0g\/\" \/>\n<meta property=\"og:locale\" content=\"pt_BR\" \/>\n<meta property=\"og:type\" content=\"article\" \/>\n<meta property=\"og:title\" content=\"A import\u00e2ncia de falar sobre o HIV no ambiente profissional\" \/>\n<meta property=\"og:description\" content=\"A diversidade e a inclus\u00e3o de diferentes tipos de pessoas no ambiente profissional \u00e9 o que faz das organiza\u00e7\u00f5es Empresas Inteligentes e bem-sucedidas.\" \/>\n<meta property=\"og:url\" content=\"https:\/\/news.sap.com\/brazil\/2022\/11\/a-importancia-de-falar-sobre-o-hiv-no-ambiente-profissional-bl0g\/\" \/>\n<meta property=\"og:site_name\" content=\"Sala de Imprensa 麻豆原创 Brasil\" \/>\n<meta property=\"article:published_time\" content=\"2022-11-29T12:00:29+00:00\" \/>\n<meta property=\"article:modified_time\" content=\"2023-10-19T13:38:32+00:00\" \/>\n<meta property=\"og:image\" content=\"https:\/\/news.sap.com\/brazil\/files\/2022\/11\/10\/5_565x292.png\" \/>\n\t<meta property=\"og:image:width\" content=\"565\" \/>\n\t<meta property=\"og:image:height\" content=\"292\" \/>\n\t<meta property=\"og:image:type\" content=\"image\/png\" \/>\n<meta name=\"author\" content=\"麻豆原创 Brasil\" \/>\n<meta name=\"twitter:card\" content=\"summary_large_image\" \/>\n<meta name=\"twitter:title\" content=\"A import\u00e2ncia de falar sobre o HIV no ambiente profissional\" \/>\n<meta name=\"twitter:creator\" content=\"@麻豆原创Brasil\" \/>\n<meta name=\"twitter:site\" content=\"@麻豆原创Brasil\" \/>\n<meta name=\"twitter:label1\" content=\"Escrito por\" \/>\n\t<meta name=\"twitter:data1\" content=\"麻豆原创 Brasil\" \/>\n\t<meta name=\"twitter:label2\" content=\"Est. tempo de leitura\" \/>\n\t<meta name=\"twitter:data2\" content=\"4 minutos\" \/>\n<script type=\"application\/ld+json\" class=\"yoast-schema-graph\">{\"@context\":\"https:\/\/schema.org\",\"@graph\":[{\"@type\":\"Article\",\"@id\":\"https:\/\/news.sap.com\/brazil\/2022\/11\/a-importancia-de-falar-sobre-o-hiv-no-ambiente-profissional-bl0g\/#article\",\"isPartOf\":{\"@id\":\"https:\/\/news.sap.com\/brazil\/2022\/11\/a-importancia-de-falar-sobre-o-hiv-no-ambiente-profissional-bl0g\/\"},\"author\":{\"name\":\"麻豆原创 Brasil\",\"@id\":\"https:\/\/news.sap.com\/brazil\/#\/schema\/person\/1cfc5d6de5ffdc23f1f3b1670a90ae3c\"},\"headline\":\"A import\u00e2ncia de falar sobre o HIV no ambiente profissional\",\"datePublished\":\"2022-11-29T12:00:29+00:00\",\"dateModified\":\"2023-10-19T13:38:32+00:00\",\"mainEntityOfPage\":{\"@id\":\"https:\/\/news.sap.com\/brazil\/2022\/11\/a-importancia-de-falar-sobre-o-hiv-no-ambiente-profissional-bl0g\/\"},\"wordCount\":661,\"image\":{\"@id\":\"https:\/\/news.sap.com\/brazil\/2022\/11\/a-importancia-de-falar-sobre-o-hiv-no-ambiente-profissional-bl0g\/#primaryimage\"},\"thumbnailUrl\":\"https:\/\/news.sap.com\/brazil\/files\/2022\/11\/10\/5_1400x600.png\",\"keywords\":[\"#workingpositively\",\"Gest\u00e3o do capital humano\",\"Labor Positiva\",\"RH\"],\"articleSection\":[\"Gest\u00e3o do capital humano\"],\"inLanguage\":\"pt-BR\"},{\"@type\":\"WebPage\",\"@id\":\"https:\/\/news.sap.com\/brazil\/2022\/11\/a-importancia-de-falar-sobre-o-hiv-no-ambiente-profissional-bl0g\/\",\"url\":\"https:\/\/news.sap.com\/brazil\/2022\/11\/a-importancia-de-falar-sobre-o-hiv-no-ambiente-profissional-bl0g\/\",\"name\":\"HIV no ambiente profissional - Sala de Imprensa 麻豆原创 Brasil\",\"isPartOf\":{\"@id\":\"https:\/\/news.sap.com\/brazil\/#website\"},\"primaryImageOfPage\":{\"@id\":\"https:\/\/news.sap.com\/brazil\/2022\/11\/a-importancia-de-falar-sobre-o-hiv-no-ambiente-profissional-bl0g\/#primaryimage\"},\"image\":{\"@id\":\"https:\/\/news.sap.com\/brazil\/2022\/11\/a-importancia-de-falar-sobre-o-hiv-no-ambiente-profissional-bl0g\/#primaryimage\"},\"thumbnailUrl\":\"https:\/\/news.sap.com\/brazil\/files\/2022\/11\/10\/5_1400x600.png\",\"datePublished\":\"2022-11-29T12:00:29+00:00\",\"dateModified\":\"2023-10-19T13:38:32+00:00\",\"author\":{\"@id\":\"https:\/\/news.sap.com\/brazil\/#\/schema\/person\/1cfc5d6de5ffdc23f1f3b1670a90ae3c\"},\"description\":\"A diversidade e a inclus\u00e3o de diferentes tipos de pessoas no ambiente profissional \u00e9 o que faz das organiza\u00e7\u00f5es Empresas Inteligentes e bem-sucedidas.\",\"breadcrumb\":{\"@id\":\"https:\/\/news.sap.com\/brazil\/2022\/11\/a-importancia-de-falar-sobre-o-hiv-no-ambiente-profissional-bl0g\/#breadcrumb\"},\"inLanguage\":\"pt-BR\",\"potentialAction\":[{\"@type\":\"ReadAction\",\"target\":[\"https:\/\/news.sap.com\/brazil\/2022\/11\/a-importancia-de-falar-sobre-o-hiv-no-ambiente-profissional-bl0g\/\"]}]},{\"@type\":\"ImageObject\",\"inLanguage\":\"pt-BR\",\"@id\":\"https:\/\/news.sap.com\/brazil\/2022\/11\/a-importancia-de-falar-sobre-o-hiv-no-ambiente-profissional-bl0g\/#primaryimage\",\"url\":\"https:\/\/news.sap.com\/brazil\/files\/2022\/11\/10\/5_1400x600.png\",\"contentUrl\":\"https:\/\/news.sap.com\/brazil\/files\/2022\/11\/10\/5_1400x600.png\",\"width\":1400,\"height\":600},{\"@type\":\"BreadcrumbList\",\"@id\":\"https:\/\/news.sap.com\/brazil\/2022\/11\/a-importancia-de-falar-sobre-o-hiv-no-ambiente-profissional-bl0g\/#breadcrumb\",\"itemListElement\":[{\"@type\":\"ListItem\",\"position\":1,\"name\":\"Home\",\"item\":\"https:\/\/news.sap.com\/brazil\/\"},{\"@type\":\"ListItem\",\"position\":2,\"name\":\"A import\u00e2ncia de falar sobre o HIV no ambiente profissional\"}]},{\"@type\":\"WebSite\",\"@id\":\"https:\/\/news.sap.com\/brazil\/#website\",\"url\":\"https:\/\/news.sap.com\/brazil\/\",\"name\":\"Sala de Imprensa 麻豆原创 Brasil\",\"description\":\"Not\u00edcias e informa\u00e7\u00f5es sobre a 麻豆原创\",\"potentialAction\":[{\"@type\":\"SearchAction\",\"target\":{\"@type\":\"EntryPoint\",\"urlTemplate\":\"https:\/\/news.sap.com\/brazil\/?s={search_term_string}\"},\"query-input\":{\"@type\":\"PropertyValueSpecification\",\"valueRequired\":true,\"valueName\":\"search_term_string\"}}],\"inLanguage\":\"pt-BR\"},{\"@type\":\"Person\",\"@id\":\"https:\/\/news.sap.com\/brazil\/#\/schema\/person\/1cfc5d6de5ffdc23f1f3b1670a90ae3c\",\"name\":\"麻豆原创 Brasil\",\"image\":{\"@type\":\"ImageObject\",\"inLanguage\":\"pt-BR\",\"@id\":\"https:\/\/news.sap.com\/brazil\/#\/schema\/person\/image\/\",\"url\":\"https:\/\/news.sap.com\/brazil\/wp-content\/plugins\/wp-user-avatars\/wp-user-avatars\/assets\/images\/mystery.jpg\",\"contentUrl\":\"https:\/\/news.sap.com\/brazil\/wp-content\/plugins\/wp-user-avatars\/wp-user-avatars\/assets\/images\/mystery.jpg\",\"caption\":\"麻豆原创 Brasil\"},\"url\":\"https:\/\/news.sap.com\/brazil\/author\/raquelcasciato\/\"}]}<\/script>\n<!-- \/ Yoast SEO Premium plugin. -->","yoast_head_json":{"title":"HIV no ambiente profissional - Sala de Imprensa 麻豆原创 Brasil","description":"A diversidade e a inclus\u00e3o de diferentes tipos de pessoas no ambiente profissional \u00e9 o que faz das organiza\u00e7\u00f5es Empresas Inteligentes e bem-sucedidas.","robots":{"index":"index","follow":"follow","max-snippet":"max-snippet:-1","max-image-preview":"max-image-preview:large","max-video-preview":"max-video-preview:-1"},"canonical":"https:\/\/news.sap.com\/brazil\/2022\/11\/a-importancia-de-falar-sobre-o-hiv-no-ambiente-profissional-bl0g\/","og_locale":"pt_BR","og_type":"article","og_title":"A import\u00e2ncia de falar sobre o HIV no ambiente profissional","og_description":"A diversidade e a inclus\u00e3o de diferentes tipos de pessoas no ambiente profissional \u00e9 o que faz das organiza\u00e7\u00f5es Empresas Inteligentes e bem-sucedidas.","og_url":"https:\/\/news.sap.com\/brazil\/2022\/11\/a-importancia-de-falar-sobre-o-hiv-no-ambiente-profissional-bl0g\/","og_site_name":"Sala de Imprensa 麻豆原创 Brasil","article_published_time":"2022-11-29T12:00:29+00:00","article_modified_time":"2023-10-19T13:38:32+00:00","og_image":[{"width":565,"height":292,"url":"https:\/\/news.sap.com\/brazil\/files\/2022\/11\/10\/5_565x292.png","type":"image\/png"}],"author":"麻豆原创 Brasil","twitter_card":"summary_large_image","twitter_title":"A import\u00e2ncia de falar sobre o HIV no ambiente profissional","twitter_creator":"@麻豆原创Brasil","twitter_site":"@麻豆原创Brasil","twitter_misc":{"Escrito por":"麻豆原创 Brasil","Est. tempo de leitura":"4 minutos"},"schema":{"@context":"https:\/\/schema.org","@graph":[{"@type":"Article","@id":"https:\/\/news.sap.com\/brazil\/2022\/11\/a-importancia-de-falar-sobre-o-hiv-no-ambiente-profissional-bl0g\/#article","isPartOf":{"@id":"https:\/\/news.sap.com\/brazil\/2022\/11\/a-importancia-de-falar-sobre-o-hiv-no-ambiente-profissional-bl0g\/"},"author":{"name":"麻豆原创 Brasil","@id":"https:\/\/news.sap.com\/brazil\/#\/schema\/person\/1cfc5d6de5ffdc23f1f3b1670a90ae3c"},"headline":"A import\u00e2ncia de falar sobre o HIV no ambiente profissional","datePublished":"2022-11-29T12:00:29+00:00","dateModified":"2023-10-19T13:38:32+00:00","mainEntityOfPage":{"@id":"https:\/\/news.sap.com\/brazil\/2022\/11\/a-importancia-de-falar-sobre-o-hiv-no-ambiente-profissional-bl0g\/"},"wordCount":661,"image":{"@id":"https:\/\/news.sap.com\/brazil\/2022\/11\/a-importancia-de-falar-sobre-o-hiv-no-ambiente-profissional-bl0g\/#primaryimage"},"thumbnailUrl":"https:\/\/news.sap.com\/brazil\/files\/2022\/11\/10\/5_1400x600.png","keywords":["#workingpositively","Gest\u00e3o do capital humano","Labor Positiva","RH"],"articleSection":["Gest\u00e3o do capital humano"],"inLanguage":"pt-BR"},{"@type":"WebPage","@id":"https:\/\/news.sap.com\/brazil\/2022\/11\/a-importancia-de-falar-sobre-o-hiv-no-ambiente-profissional-bl0g\/","url":"https:\/\/news.sap.com\/brazil\/2022\/11\/a-importancia-de-falar-sobre-o-hiv-no-ambiente-profissional-bl0g\/","name":"HIV no ambiente profissional - Sala de Imprensa 麻豆原创 Brasil","isPartOf":{"@id":"https:\/\/news.sap.com\/brazil\/#website"},"primaryImageOfPage":{"@id":"https:\/\/news.sap.com\/brazil\/2022\/11\/a-importancia-de-falar-sobre-o-hiv-no-ambiente-profissional-bl0g\/#primaryimage"},"image":{"@id":"https:\/\/news.sap.com\/brazil\/2022\/11\/a-importancia-de-falar-sobre-o-hiv-no-ambiente-profissional-bl0g\/#primaryimage"},"thumbnailUrl":"https:\/\/news.sap.com\/brazil\/files\/2022\/11\/10\/5_1400x600.png","datePublished":"2022-11-29T12:00:29+00:00","dateModified":"2023-10-19T13:38:32+00:00","author":{"@id":"https:\/\/news.sap.com\/brazil\/#\/schema\/person\/1cfc5d6de5ffdc23f1f3b1670a90ae3c"},"description":"A diversidade e a inclus\u00e3o de diferentes tipos de pessoas no ambiente profissional \u00e9 o que faz das organiza\u00e7\u00f5es Empresas Inteligentes e bem-sucedidas.","breadcrumb":{"@id":"https:\/\/news.sap.com\/brazil\/2022\/11\/a-importancia-de-falar-sobre-o-hiv-no-ambiente-profissional-bl0g\/#breadcrumb"},"inLanguage":"pt-BR","potentialAction":[{"@type":"ReadAction","target":["https:\/\/news.sap.com\/brazil\/2022\/11\/a-importancia-de-falar-sobre-o-hiv-no-ambiente-profissional-bl0g\/"]}]},{"@type":"ImageObject","inLanguage":"pt-BR","@id":"https:\/\/news.sap.com\/brazil\/2022\/11\/a-importancia-de-falar-sobre-o-hiv-no-ambiente-profissional-bl0g\/#primaryimage","url":"https:\/\/news.sap.com\/brazil\/files\/2022\/11\/10\/5_1400x600.png","contentUrl":"https:\/\/news.sap.com\/brazil\/files\/2022\/11\/10\/5_1400x600.png","width":1400,"height":600},{"@type":"BreadcrumbList","@id":"https:\/\/news.sap.com\/brazil\/2022\/11\/a-importancia-de-falar-sobre-o-hiv-no-ambiente-profissional-bl0g\/#breadcrumb","itemListElement":[{"@type":"ListItem","position":1,"name":"Home","item":"https:\/\/news.sap.com\/brazil\/"},{"@type":"ListItem","position":2,"name":"A import\u00e2ncia de falar sobre o HIV no ambiente profissional"}]},{"@type":"WebSite","@id":"https:\/\/news.sap.com\/brazil\/#website","url":"https:\/\/news.sap.com\/brazil\/","name":"Sala de Imprensa 麻豆原创 Brasil","description":"Not\u00edcias e informa\u00e7\u00f5es sobre a 麻豆原创","potentialAction":[{"@type":"SearchAction","target":{"@type":"EntryPoint","urlTemplate":"https:\/\/news.sap.com\/brazil\/?s={search_term_string}"},"query-input":{"@type":"PropertyValueSpecification","valueRequired":true,"valueName":"search_term_string"}}],"inLanguage":"pt-BR"},{"@type":"Person","@id":"https:\/\/news.sap.com\/brazil\/#\/schema\/person\/1cfc5d6de5ffdc23f1f3b1670a90ae3c","name":"麻豆原创 Brasil","image":{"@type":"ImageObject","inLanguage":"pt-BR","@id":"https:\/\/news.sap.com\/brazil\/#\/schema\/person\/image\/","url":"https:\/\/news.sap.com\/brazil\/wp-content\/plugins\/wp-user-avatars\/wp-user-avatars\/assets\/images\/mystery.jpg","contentUrl":"https:\/\/news.sap.com\/brazil\/wp-content\/plugins\/wp-user-avatars\/wp-user-avatars\/assets\/images\/mystery.jpg","caption":"麻豆原创 Brasil"},"url":"https:\/\/news.sap.com\/brazil\/author\/raquelcasciato\/"}]}},"amp_enabled":true,"_links":{"self":[{"href":"https:\/\/news.sap.com\/brazil\/wp-json\/wp\/v2\/posts\/14658","targetHints":{"allow":["GET"]}}],"collection":[{"href":"https:\/\/news.sap.com\/brazil\/wp-json\/wp\/v2\/posts"}],"about":[{"href":"https:\/\/news.sap.com\/brazil\/wp-json\/wp\/v2\/types\/post"}],"author":[{"embeddable":true,"href":"https:\/\/news.sap.com\/brazil\/wp-json\/wp\/v2\/users\/561"}],"replies":[{"embeddable":true,"href":"https:\/\/news.sap.com\/brazil\/wp-json\/wp\/v2\/comments?post=14658"}],"version-history":[{"count":0,"href":"https:\/\/news.sap.com\/brazil\/wp-json\/wp\/v2\/posts\/14658\/revisions"}],"wp:featuredmedia":[{"embeddable":true,"href":"https:\/\/news.sap.com\/brazil\/wp-json\/wp\/v2\/media\/14659"}],"wp:attachment":[{"href":"https:\/\/news.sap.com\/brazil\/wp-json\/wp\/v2\/media?parent=14658"}],"wp:term":[{"taxonomy":"category","embeddable":true,"href":"https:\/\/news.sap.com\/brazil\/wp-json\/wp\/v2\/categories?post=14658"},{"taxonomy":"post_tag","embeddable":true,"href":"https:\/\/news.sap.com\/brazil\/wp-json\/wp\/v2\/tags?post=14658"},{"taxonomy":"sapn-display","embeddable":true,"href":"https:\/\/news.sap.com\/brazil\/wp-json\/wp\/v2\/sapn-display?post=14658"},{"taxonomy":"sapn-type","embeddable":true,"href":"https:\/\/news.sap.com\/brazil\/wp-json\/wp\/v2\/sapn-type?post=14658"}],"curies":[{"name":"wp","href":"https:\/\/api.w.org\/{rel}","templated":true}]}}