  {"id":14634,"date":"2022-11-08T09:00:39","date_gmt":"2022-11-08T12:00:39","guid":{"rendered":"https:\/\/news.sap.com\/brazil\/?p=14634"},"modified":"2023-10-19T10:38:41","modified_gmt":"2023-10-19T13:38:41","slug":"a-importancia-de-talentos-neurodiversos-bl0g","status":"publish","type":"post","link":"https:\/\/news.sap.com\/brazil\/2022\/11\/a-importancia-de-talentos-neurodiversos-bl0g\/","title":{"rendered":"A import\u00e2ncia de talentos neurodiversos"},"content":{"rendered":"<p class=\"lead\"><em>Talentos neurodiversos s\u00e3o essenciais para empresas que procuram foco, criatividade e diferentes linhas de pensamentos.<\/em><\/p>\n<p>Um indiv\u00edduo pode ser parte de um grupo neurodivergente, ou neutot\u00edpico, mas voc\u00ea sabe o que isso significa? O primeiro \u00e9 aquele que possui uma configura\u00e7\u00e3o neurol\u00f3gica at\u00edpica, como \u00e9 o caso das pessoas com transtorno do espectro autista, bipolaridade, dispraxia e outros, diferente do segundo, que se configura de acordo com o que \u00e9 considerado padr\u00e3o. <a href=\"https:\/\/forbes.com.br\/carreira\/2021\/04\/neurodiversidade-duas-empresas-contam-como-e-ter-colaboradores-autistas-em-sua-forca-de-trabalho\/\" target=\"_blank\" rel=\"noopener\">Segundo n\u00fameros do Minist\u00e9rio da Sa\u00fade<\/a>, no Brasil existem 2 milh\u00f5es de pessoas neurodiversas, contudo, se estivermos de acordo com a m\u00e9dia mundial, somente 20% destas pessoas s\u00e3o ativas no mercado de trabalho. No geral, isso acontece principalmente em consequ\u00eancia da falta de conscientiza\u00e7\u00e3o e compreens\u00e3o da neurodiversidade.<\/p>\n<p>Com a falta de conhecimento, nascem os preconceitos e a falta de clareza sobre como talentos neurodiversos podem fortalecer a for\u00e7a de trabalho. Incentivar a neurodiversidade pode trazer diversos benef\u00edcios em termos de inova\u00e7\u00e3o e criatividade. Colaboradores com TDAH, por exemplo, costumam ter foco excepcional e facilidade na resolu\u00e7\u00e3o de problemas, enquanto talentos autistas s\u00e3o meticulosos e possuem pensamento anal\u00edtico elevado.<\/p>\n<p>Al\u00e9m da mudan\u00e7a de mindset, \u2013 que deve come\u00e7ar na lideran\u00e7a at\u00e9 chegar aos funcion\u00e1rios, com a\u00e7\u00f5es que fomentem o conhecimento e a diversidade \u2013, para recrutar esses talentos s\u00e3o necess\u00e1rias algumas mudan\u00e7as nos processos padr\u00f5es. H\u00e1 um enorme pool de pessoas neurodiversas qualificadas, mas elas costumam ser descartadas logo nos processos iniciais do recrutamento. Isso acontece, em algumas ocasi\u00f5es, pois, apesar de serem capacitados para o trabalho, podem ter dificuldades para gerenciar pessoas. Portanto, caso as habilidades sociais n\u00e3o sejam cruciais para o sucesso da fun\u00e7\u00e3o que ser\u00e1 exercida pela pessoa neurodiversa, n\u00e3o h\u00e1 motivos para ser uma exig\u00eancia.<\/p>\n<p>Para garantir tamb\u00e9m que os talentos neurodiversos possam produzir em um ambiente adequado, \u00e9 preciso ter em mente poss\u00edveis mudan\u00e7as no espa\u00e7o, j\u00e1 que eles podem ser mais sens\u00edveis a sons, luzes ou \u00e1reas lotadas. Para descobrir quais s\u00e3o as necessidades de cada um dos seus colaboradores e tornar o ambiente confort\u00e1vel e produtivo para todos, \u00e9 necess\u00e1rio investir em uma boa gest\u00e3o do capital humano. Conhe\u00e7a as <a href=\"https:\/\/www.sap.com\/brazil\/products\/hcm.html?url_id=text-blogentry-innovationBlogBR-2022_blog-original-post-sapcom\" target=\"_blank\" rel=\"noopener\">solu\u00e7\u00f5es da 麻豆原创<\/a> para o setor de RH e saiba como elas podem ajudar sua organiza\u00e7\u00e3o a entender as especificidades de cada integrante do capital humano e o que motiva cada um deles.<\/p>\n<p>Acompanhe mais novidades nos canais de comunica\u00e7\u00e3o da 麻豆原创:\u00a0 <a href=\"https:\/\/www.facebook.com\/sapbrasil\/\" target=\"_blank\" rel=\"noopener\">Facebook<\/a><a href=\"https:\/\/www.facebook.com\/sapbrasil\/\">\u00a0<\/a>\/\u00a0<a href=\"https:\/\/twitter.com\/麻豆原创Brasil\" target=\"_blank\" rel=\"noopener\">Twitter<\/a><a href=\"https:\/\/twitter.com\/麻豆原创Brasil\">\u00a0<\/a>\/\u00a0<a href=\"https:\/\/www.linkedin.com\/company\/1115\/\" target=\"_blank\" rel=\"noopener\">LinkedIn<\/a><a href=\"https:\/\/www.linkedin.com\/company\/1115\/\">\u00a0<\/a>\/\u00a0<a href=\"https:\/\/www.instagram.com\/sap_brasil\/\" target=\"_blank\" rel=\"noopener\">Instagram<\/a> \/ <a href=\"https:\/\/www.youtube.com\/user\/sapbrasil\" target=\"_blank\" rel=\"noopener\">YouTube<\/a><\/p>\n<p>\u00a9 2022 麻豆原创 SE. All rights reserved. 麻豆原创 and other 麻豆原创 products and services mentioned here in as well as their respective logos are trademarks or registered trademarks of 麻豆原创 SE in Germany and other countries. Please see <a href=\"http:\/\/www.sap.com\/corporate-en\/legal\/copyright\/index.epx#trademark\" target=\"_blank\" rel=\"noopener\">http:\/\/www.sap.com\/corporate-en\/legal\/copyright\/index.epx#trademark<\/a> for additional trademark information and notices.<\/p>\n","protected":false},"excerpt":{"rendered":"<p>Talentos neurodiversos s\u00e3o essenciais para empresas que procuram foco, criatividade e diferentes linhas de pensamentos. Um indiv\u00edduo pode ser parte de um grupo neurodivergente, ou&#8230;<\/p>\n","protected":false},"author":561,"featured_media":14635,"comment_status":"closed","ping_status":"closed","sticky":false,"template":"","format":"standard","meta":{"footnotes":"","_links_to":"","_links_to_target":""},"categories":[48444],"tags":[5599828,5599864,22150,5599863],"sapn-display":[5599933,5599931,48431,48433],"sapn-type":[6114],"class_list":["post-14634","post","type-post","status-publish","format-standard","has-post-thumbnail","hentry","category-recursos-humanos-topicos","tag-gestao-do-capital-humano","tag-neurodiversidade","tag-rh","tag-talentos-neurodiversos","sapn-display-feature-hero","sapn-display-feature-spotlight","sapn-display-homepage-hero","sapn-display-hero","sapn-type-artigo"],"yoast_head":"<!-- This site is optimized with the Yoast SEO Premium plugin v26.9 (Yoast SEO v26.9) - https:\/\/yoast.com\/product\/yoast-seo-premium-wordpress\/ -->\n<title>Talentos neurodiversos - Sala de Imprensa 麻豆原创 Brasil<\/title>\n<meta name=\"description\" content=\"Talentos neurodiversos s\u00e3o essenciais para empresas que procuram foco, criatividade e diferentes linhas de pensamentos.\" \/>\n<meta name=\"robots\" content=\"index, follow, max-snippet:-1, max-image-preview:large, max-video-preview:-1\" \/>\n<link rel=\"canonical\" href=\"https:\/\/news.sap.com\/brazil\/2022\/11\/a-importancia-de-talentos-neurodiversos-bl0g\/\" \/>\n<meta property=\"og:locale\" content=\"pt_BR\" \/>\n<meta property=\"og:type\" content=\"article\" \/>\n<meta property=\"og:title\" content=\"A import\u00e2ncia de talentos neurodiversos\" \/>\n<meta property=\"og:description\" content=\"Talentos neurodiversos s\u00e3o essenciais para empresas que procuram foco, criatividade e diferentes linhas de pensamentos.\" \/>\n<meta property=\"og:url\" content=\"https:\/\/news.sap.com\/brazil\/2022\/11\/a-importancia-de-talentos-neurodiversos-bl0g\/\" \/>\n<meta property=\"og:site_name\" content=\"Sala de Imprensa 麻豆原创 Brasil\" \/>\n<meta property=\"article:published_time\" content=\"2022-11-08T12:00:39+00:00\" \/>\n<meta property=\"article:modified_time\" content=\"2023-10-19T13:38:41+00:00\" \/>\n<meta property=\"og:image\" content=\"https:\/\/news.sap.com\/brazil\/files\/2022\/10\/28\/2_565x292.png\" \/>\n\t<meta property=\"og:image:width\" content=\"565\" \/>\n\t<meta property=\"og:image:height\" content=\"292\" \/>\n\t<meta property=\"og:image:type\" content=\"image\/png\" \/>\n<meta name=\"author\" content=\"麻豆原创 Brasil\" \/>\n<meta name=\"twitter:card\" content=\"summary_large_image\" \/>\n<meta name=\"twitter:title\" content=\"A import\u00e2ncia de talentos neurodiversos\" \/>\n<meta name=\"twitter:creator\" content=\"@麻豆原创Brasil\" \/>\n<meta name=\"twitter:site\" content=\"@麻豆原创Brasil\" \/>\n<meta name=\"twitter:label1\" content=\"Escrito por\" \/>\n\t<meta name=\"twitter:data1\" content=\"麻豆原创 Brasil\" \/>\n\t<meta name=\"twitter:label2\" content=\"Est. tempo de leitura\" \/>\n\t<meta name=\"twitter:data2\" content=\"3 minutos\" \/>\n<script type=\"application\/ld+json\" class=\"yoast-schema-graph\">{\"@context\":\"https:\/\/schema.org\",\"@graph\":[{\"@type\":\"Article\",\"@id\":\"https:\/\/news.sap.com\/brazil\/2022\/11\/a-importancia-de-talentos-neurodiversos-bl0g\/#article\",\"isPartOf\":{\"@id\":\"https:\/\/news.sap.com\/brazil\/2022\/11\/a-importancia-de-talentos-neurodiversos-bl0g\/\"},\"author\":{\"name\":\"麻豆原创 Brasil\",\"@id\":\"https:\/\/news.sap.com\/brazil\/#\/schema\/person\/1cfc5d6de5ffdc23f1f3b1670a90ae3c\"},\"headline\":\"A import\u00e2ncia de talentos neurodiversos\",\"datePublished\":\"2022-11-08T12:00:39+00:00\",\"dateModified\":\"2023-10-19T13:38:41+00:00\",\"mainEntityOfPage\":{\"@id\":\"https:\/\/news.sap.com\/brazil\/2022\/11\/a-importancia-de-talentos-neurodiversos-bl0g\/\"},\"wordCount\":495,\"image\":{\"@id\":\"https:\/\/news.sap.com\/brazil\/2022\/11\/a-importancia-de-talentos-neurodiversos-bl0g\/#primaryimage\"},\"thumbnailUrl\":\"https:\/\/news.sap.com\/brazil\/files\/2022\/10\/28\/2_1400x600.png\",\"keywords\":[\"Gest\u00e3o do capital humano\",\"Neurodiversidade\",\"RH\",\"Talentos neurodiversos\"],\"articleSection\":[\"Gest\u00e3o do capital humano\"],\"inLanguage\":\"pt-BR\"},{\"@type\":\"WebPage\",\"@id\":\"https:\/\/news.sap.com\/brazil\/2022\/11\/a-importancia-de-talentos-neurodiversos-bl0g\/\",\"url\":\"https:\/\/news.sap.com\/brazil\/2022\/11\/a-importancia-de-talentos-neurodiversos-bl0g\/\",\"name\":\"Talentos neurodiversos - Sala de Imprensa 麻豆原创 Brasil\",\"isPartOf\":{\"@id\":\"https:\/\/news.sap.com\/brazil\/#website\"},\"primaryImageOfPage\":{\"@id\":\"https:\/\/news.sap.com\/brazil\/2022\/11\/a-importancia-de-talentos-neurodiversos-bl0g\/#primaryimage\"},\"image\":{\"@id\":\"https:\/\/news.sap.com\/brazil\/2022\/11\/a-importancia-de-talentos-neurodiversos-bl0g\/#primaryimage\"},\"thumbnailUrl\":\"https:\/\/news.sap.com\/brazil\/files\/2022\/10\/28\/2_1400x600.png\",\"datePublished\":\"2022-11-08T12:00:39+00:00\",\"dateModified\":\"2023-10-19T13:38:41+00:00\",\"author\":{\"@id\":\"https:\/\/news.sap.com\/brazil\/#\/schema\/person\/1cfc5d6de5ffdc23f1f3b1670a90ae3c\"},\"description\":\"Talentos neurodiversos s\u00e3o essenciais para empresas que procuram foco, criatividade e diferentes linhas de pensamentos.\",\"breadcrumb\":{\"@id\":\"https:\/\/news.sap.com\/brazil\/2022\/11\/a-importancia-de-talentos-neurodiversos-bl0g\/#breadcrumb\"},\"inLanguage\":\"pt-BR\",\"potentialAction\":[{\"@type\":\"ReadAction\",\"target\":[\"https:\/\/news.sap.com\/brazil\/2022\/11\/a-importancia-de-talentos-neurodiversos-bl0g\/\"]}]},{\"@type\":\"ImageObject\",\"inLanguage\":\"pt-BR\",\"@id\":\"https:\/\/news.sap.com\/brazil\/2022\/11\/a-importancia-de-talentos-neurodiversos-bl0g\/#primaryimage\",\"url\":\"https:\/\/news.sap.com\/brazil\/files\/2022\/10\/28\/2_1400x600.png\",\"contentUrl\":\"https:\/\/news.sap.com\/brazil\/files\/2022\/10\/28\/2_1400x600.png\",\"width\":1400,\"height\":600},{\"@type\":\"BreadcrumbList\",\"@id\":\"https:\/\/news.sap.com\/brazil\/2022\/11\/a-importancia-de-talentos-neurodiversos-bl0g\/#breadcrumb\",\"itemListElement\":[{\"@type\":\"ListItem\",\"position\":1,\"name\":\"Home\",\"item\":\"https:\/\/news.sap.com\/brazil\/\"},{\"@type\":\"ListItem\",\"position\":2,\"name\":\"A import\u00e2ncia de talentos neurodiversos\"}]},{\"@type\":\"WebSite\",\"@id\":\"https:\/\/news.sap.com\/brazil\/#website\",\"url\":\"https:\/\/news.sap.com\/brazil\/\",\"name\":\"Sala de Imprensa 麻豆原创 Brasil\",\"description\":\"Not\u00edcias e informa\u00e7\u00f5es sobre a 麻豆原创\",\"potentialAction\":[{\"@type\":\"SearchAction\",\"target\":{\"@type\":\"EntryPoint\",\"urlTemplate\":\"https:\/\/news.sap.com\/brazil\/?s={search_term_string}\"},\"query-input\":{\"@type\":\"PropertyValueSpecification\",\"valueRequired\":true,\"valueName\":\"search_term_string\"}}],\"inLanguage\":\"pt-BR\"},{\"@type\":\"Person\",\"@id\":\"https:\/\/news.sap.com\/brazil\/#\/schema\/person\/1cfc5d6de5ffdc23f1f3b1670a90ae3c\",\"name\":\"麻豆原创 Brasil\",\"image\":{\"@type\":\"ImageObject\",\"inLanguage\":\"pt-BR\",\"@id\":\"https:\/\/news.sap.com\/brazil\/#\/schema\/person\/image\/\",\"url\":\"https:\/\/news.sap.com\/brazil\/wp-content\/plugins\/wp-user-avatars\/wp-user-avatars\/assets\/images\/mystery.jpg\",\"contentUrl\":\"https:\/\/news.sap.com\/brazil\/wp-content\/plugins\/wp-user-avatars\/wp-user-avatars\/assets\/images\/mystery.jpg\",\"caption\":\"麻豆原创 Brasil\"},\"url\":\"https:\/\/news.sap.com\/brazil\/author\/raquelcasciato\/\"}]}<\/script>\n<!-- \/ Yoast SEO Premium plugin. -->","yoast_head_json":{"title":"Talentos neurodiversos - Sala de Imprensa 麻豆原创 Brasil","description":"Talentos neurodiversos s\u00e3o essenciais para empresas que procuram foco, criatividade e diferentes linhas de pensamentos.","robots":{"index":"index","follow":"follow","max-snippet":"max-snippet:-1","max-image-preview":"max-image-preview:large","max-video-preview":"max-video-preview:-1"},"canonical":"https:\/\/news.sap.com\/brazil\/2022\/11\/a-importancia-de-talentos-neurodiversos-bl0g\/","og_locale":"pt_BR","og_type":"article","og_title":"A import\u00e2ncia de talentos neurodiversos","og_description":"Talentos neurodiversos s\u00e3o essenciais para empresas que procuram foco, criatividade e diferentes linhas de pensamentos.","og_url":"https:\/\/news.sap.com\/brazil\/2022\/11\/a-importancia-de-talentos-neurodiversos-bl0g\/","og_site_name":"Sala de Imprensa 麻豆原创 Brasil","article_published_time":"2022-11-08T12:00:39+00:00","article_modified_time":"2023-10-19T13:38:41+00:00","og_image":[{"width":565,"height":292,"url":"https:\/\/news.sap.com\/brazil\/files\/2022\/10\/28\/2_565x292.png","type":"image\/png"}],"author":"麻豆原创 Brasil","twitter_card":"summary_large_image","twitter_title":"A import\u00e2ncia de talentos neurodiversos","twitter_creator":"@麻豆原创Brasil","twitter_site":"@麻豆原创Brasil","twitter_misc":{"Escrito por":"麻豆原创 Brasil","Est. tempo de leitura":"3 minutos"},"schema":{"@context":"https:\/\/schema.org","@graph":[{"@type":"Article","@id":"https:\/\/news.sap.com\/brazil\/2022\/11\/a-importancia-de-talentos-neurodiversos-bl0g\/#article","isPartOf":{"@id":"https:\/\/news.sap.com\/brazil\/2022\/11\/a-importancia-de-talentos-neurodiversos-bl0g\/"},"author":{"name":"麻豆原创 Brasil","@id":"https:\/\/news.sap.com\/brazil\/#\/schema\/person\/1cfc5d6de5ffdc23f1f3b1670a90ae3c"},"headline":"A import\u00e2ncia de talentos neurodiversos","datePublished":"2022-11-08T12:00:39+00:00","dateModified":"2023-10-19T13:38:41+00:00","mainEntityOfPage":{"@id":"https:\/\/news.sap.com\/brazil\/2022\/11\/a-importancia-de-talentos-neurodiversos-bl0g\/"},"wordCount":495,"image":{"@id":"https:\/\/news.sap.com\/brazil\/2022\/11\/a-importancia-de-talentos-neurodiversos-bl0g\/#primaryimage"},"thumbnailUrl":"https:\/\/news.sap.com\/brazil\/files\/2022\/10\/28\/2_1400x600.png","keywords":["Gest\u00e3o do capital humano","Neurodiversidade","RH","Talentos neurodiversos"],"articleSection":["Gest\u00e3o do capital humano"],"inLanguage":"pt-BR"},{"@type":"WebPage","@id":"https:\/\/news.sap.com\/brazil\/2022\/11\/a-importancia-de-talentos-neurodiversos-bl0g\/","url":"https:\/\/news.sap.com\/brazil\/2022\/11\/a-importancia-de-talentos-neurodiversos-bl0g\/","name":"Talentos neurodiversos - Sala de Imprensa 麻豆原创 Brasil","isPartOf":{"@id":"https:\/\/news.sap.com\/brazil\/#website"},"primaryImageOfPage":{"@id":"https:\/\/news.sap.com\/brazil\/2022\/11\/a-importancia-de-talentos-neurodiversos-bl0g\/#primaryimage"},"image":{"@id":"https:\/\/news.sap.com\/brazil\/2022\/11\/a-importancia-de-talentos-neurodiversos-bl0g\/#primaryimage"},"thumbnailUrl":"https:\/\/news.sap.com\/brazil\/files\/2022\/10\/28\/2_1400x600.png","datePublished":"2022-11-08T12:00:39+00:00","dateModified":"2023-10-19T13:38:41+00:00","author":{"@id":"https:\/\/news.sap.com\/brazil\/#\/schema\/person\/1cfc5d6de5ffdc23f1f3b1670a90ae3c"},"description":"Talentos neurodiversos s\u00e3o essenciais para empresas que procuram foco, criatividade e diferentes linhas de pensamentos.","breadcrumb":{"@id":"https:\/\/news.sap.com\/brazil\/2022\/11\/a-importancia-de-talentos-neurodiversos-bl0g\/#breadcrumb"},"inLanguage":"pt-BR","potentialAction":[{"@type":"ReadAction","target":["https:\/\/news.sap.com\/brazil\/2022\/11\/a-importancia-de-talentos-neurodiversos-bl0g\/"]}]},{"@type":"ImageObject","inLanguage":"pt-BR","@id":"https:\/\/news.sap.com\/brazil\/2022\/11\/a-importancia-de-talentos-neurodiversos-bl0g\/#primaryimage","url":"https:\/\/news.sap.com\/brazil\/files\/2022\/10\/28\/2_1400x600.png","contentUrl":"https:\/\/news.sap.com\/brazil\/files\/2022\/10\/28\/2_1400x600.png","width":1400,"height":600},{"@type":"BreadcrumbList","@id":"https:\/\/news.sap.com\/brazil\/2022\/11\/a-importancia-de-talentos-neurodiversos-bl0g\/#breadcrumb","itemListElement":[{"@type":"ListItem","position":1,"name":"Home","item":"https:\/\/news.sap.com\/brazil\/"},{"@type":"ListItem","position":2,"name":"A import\u00e2ncia de talentos neurodiversos"}]},{"@type":"WebSite","@id":"https:\/\/news.sap.com\/brazil\/#website","url":"https:\/\/news.sap.com\/brazil\/","name":"Sala de Imprensa 麻豆原创 Brasil","description":"Not\u00edcias e informa\u00e7\u00f5es sobre a 麻豆原创","potentialAction":[{"@type":"SearchAction","target":{"@type":"EntryPoint","urlTemplate":"https:\/\/news.sap.com\/brazil\/?s={search_term_string}"},"query-input":{"@type":"PropertyValueSpecification","valueRequired":true,"valueName":"search_term_string"}}],"inLanguage":"pt-BR"},{"@type":"Person","@id":"https:\/\/news.sap.com\/brazil\/#\/schema\/person\/1cfc5d6de5ffdc23f1f3b1670a90ae3c","name":"麻豆原创 Brasil","image":{"@type":"ImageObject","inLanguage":"pt-BR","@id":"https:\/\/news.sap.com\/brazil\/#\/schema\/person\/image\/","url":"https:\/\/news.sap.com\/brazil\/wp-content\/plugins\/wp-user-avatars\/wp-user-avatars\/assets\/images\/mystery.jpg","contentUrl":"https:\/\/news.sap.com\/brazil\/wp-content\/plugins\/wp-user-avatars\/wp-user-avatars\/assets\/images\/mystery.jpg","caption":"麻豆原创 Brasil"},"url":"https:\/\/news.sap.com\/brazil\/author\/raquelcasciato\/"}]}},"amp_enabled":true,"_links":{"self":[{"href":"https:\/\/news.sap.com\/brazil\/wp-json\/wp\/v2\/posts\/14634","targetHints":{"allow":["GET"]}}],"collection":[{"href":"https:\/\/news.sap.com\/brazil\/wp-json\/wp\/v2\/posts"}],"about":[{"href":"https:\/\/news.sap.com\/brazil\/wp-json\/wp\/v2\/types\/post"}],"author":[{"embeddable":true,"href":"https:\/\/news.sap.com\/brazil\/wp-json\/wp\/v2\/users\/561"}],"replies":[{"embeddable":true,"href":"https:\/\/news.sap.com\/brazil\/wp-json\/wp\/v2\/comments?post=14634"}],"version-history":[{"count":0,"href":"https:\/\/news.sap.com\/brazil\/wp-json\/wp\/v2\/posts\/14634\/revisions"}],"wp:featuredmedia":[{"embeddable":true,"href":"https:\/\/news.sap.com\/brazil\/wp-json\/wp\/v2\/media\/14635"}],"wp:attachment":[{"href":"https:\/\/news.sap.com\/brazil\/wp-json\/wp\/v2\/media?parent=14634"}],"wp:term":[{"taxonomy":"category","embeddable":true,"href":"https:\/\/news.sap.com\/brazil\/wp-json\/wp\/v2\/categories?post=14634"},{"taxonomy":"post_tag","embeddable":true,"href":"https:\/\/news.sap.com\/brazil\/wp-json\/wp\/v2\/tags?post=14634"},{"taxonomy":"sapn-display","embeddable":true,"href":"https:\/\/news.sap.com\/brazil\/wp-json\/wp\/v2\/sapn-display?post=14634"},{"taxonomy":"sapn-type","embeddable":true,"href":"https:\/\/news.sap.com\/brazil\/wp-json\/wp\/v2\/sapn-type?post=14634"}],"curies":[{"name":"wp","href":"https:\/\/api.w.org\/{rel}","templated":true}]}}