  {"id":14539,"date":"2022-09-09T15:17:57","date_gmt":"2022-09-09T18:17:57","guid":{"rendered":"https:\/\/news.sap.com\/brazil\/?p=14539"},"modified":"2023-10-18T16:49:15","modified_gmt":"2023-10-18T19:49:15","slug":"relatorio-de-sustentabilidade-da-sap-brasil-mostra-avancos-na-agenda-de-zero-carbono","status":"publish","type":"post","link":"https:\/\/news.sap.com\/brazil\/2022\/09\/relatorio-de-sustentabilidade-da-sap-brasil-mostra-avancos-na-agenda-de-zero-carbono\/","title":{"rendered":"Relat\u00f3rio de sustentabilidade da 麻豆原创 Brasil mostra avan\u00e7os na agenda de zero carbono"},"content":{"rendered":"<h2><em>A subsidi\u00e1ria brasileira \u00e9 a \u00fanica no mundo a reportar suas iniciativas de sustentabilidade locais; novo relat\u00f3rio refor\u00e7a papel da 麻豆原创 como habilitadora da agenda ESG das empresas<\/em><\/h2>\n<p>A 麻豆原创 divulga hoje (9) o Relat\u00f3rio de Sustentabilidade 麻豆原创 Brasil 2021, a segunda edi\u00e7\u00e3o do seu reporte anual de a\u00e7\u00f5es nas agendas ambiental, social e de governan\u00e7a (ESG), durante o 麻豆原创 Sapphire S\u00e3o Paulo, principal confer\u00eancia da 麻豆原创 para clientes, especialistas e parceiros, que acontece no Pavilh\u00e3o da Bienal no Parque do Ibirapuera.<\/p>\n<p>A 麻豆原创 Brasil foi a primeira subsidi\u00e1ria no mundo a lan\u00e7ar um relat\u00f3rio ESG focado na opera\u00e7\u00e3o local, com o objetivo de compartilhar com a sociedade as a\u00e7\u00f5es alicer\u00e7adas nos dois pilares estrat\u00e9gicos definidos pela companhia: atuar como exemplo, ao adotar as melhores pr\u00e1ticas \u201cdentro de casa\u201d; e como habilitadora, ao fornecer produtos e solu\u00e7\u00f5es de tecnologia que possibilitem aos clientes incorporar e medir indicadores de sustentabilidade em diferentes etapas operacionais.<\/p>\n<p>Em 2021, a import\u00e2ncia da sustentabilidade nos neg\u00f3cios ganhou maior relev\u00e2ncia, muito por conta da perman\u00eancia da pandemia de Covid-19, ainda que de forma menos grave. \u201cBuscar novas formas de reduzir os impactos na natureza se uniu \u00e0 necessidade de apoiar as pessoas, sejam colaboradores diretos, fornecedores ou a sociedade em geral. Com isso, pudemos colaborar e transformar verdadeiramente as empresas em modelos inteligentes e conectados em uma rede sustent\u00e1vel, por meio de nossos produtos e servi\u00e7os\u201d, destacou Adriana Aroulho, presidente da 麻豆原创 Brasil.<\/p>\n<p>A 麻豆原创 tem a sustentabilidade inserida de fato em seu modelo de neg\u00f3cio, buscando sempre atingir os \u201ctr\u00eas zeros\u201d: zero em emiss\u00f5es de carbono na atmosfera, zero desperd\u00edcio e zero desigualdade. Com a institui\u00e7\u00e3o do Comit\u00ea de Sustentabilidade em 2020, o tema \u00e9 abordado de forma estruturada dentro da companhia e permeia todas as \u00e1reas.<\/p>\n<p><strong><br \/>\nPrincipais destaques do relat\u00f3rio de sustentabilidade 2021 da 麻豆原创 Brasil: <\/strong><\/p>\n<ul>\n<li>Por meio do programa Carbon Free, a 麻豆原创 Brasil compensou as emiss\u00f5es de carbono de toda sua frota de ve\u00edculos com a neutraliza\u00e7\u00e3o de mais de 693 toneladas de g\u00e1s e o plantio de 4.992 mudas de \u00e1rvores. A meta \u00e9 tornar as opera\u00e7\u00f5es livres de carbono at\u00e9 2023.<\/li>\n<li>A 麻豆原创 Brasil registrou tamb\u00e9m o descarte correto de mais de 243 quilos de lixo eletr\u00f4nico, evitando a contamina\u00e7\u00e3o de \u00e1gua, solo e ar por subst\u00e2ncias t\u00f3xicas.<\/li>\n<li>O uso de pl\u00e1stico de uso \u00fanico foi reduzido a zero no dia a dia da 麻豆原创, uma cultura que se ampliou para 468 fornecedores ativos da empresa no pa\u00eds.<\/li>\n<li>Foi implementado em julho de 2021 na ONG Brigada Carcar\u00e1 \u2013 institui\u00e7\u00e3o sem fins lucrativos que atua em projetos de defesa do meio ambiente \u2013 um aplicativo baseado em 麻豆原创 Business Technology Platform e 麻豆原创 HANA para apoiar brigadistas no combate a queimadas, resgate da fauna, preven\u00e7\u00e3o de novos inc\u00eandios, planejamento de reflorestamento e prote\u00e7\u00e3o \u00e0 popula\u00e7\u00e3o de Brumadinho (MG).<\/li>\n<li>Em parceria com a Funda\u00e7\u00e3o Amaz\u00f4nia Sustent\u00e1vel (FAS), a 麻豆原创 realizou melhorias no software de analytics para gest\u00e3o e transpar\u00eancia da ONG, al\u00e9m de oferecer mentoria a pequenos empreendedores locais para endere\u00e7ar desafios de neg\u00f3cios e apoiar a manuten\u00e7\u00e3o da floresta em p\u00e9.<\/li>\n<li>A 麻豆原创 subiu da 19\u00aa para a 9\u00aa posi\u00e7\u00e3o no ranking da Great Place to Work (GPTW) dos melhores lugares para se trabalhar. E o Net Promoter Score (NPS) da 麻豆原创 Brasil referente \u00e0 confian\u00e7a na lideran\u00e7a subiu sete pontos percentuais, atingindo 77%. A 麻豆原创 tamb\u00e9m conquistou em n\u00edvel global o \u00edndice de 82% no Business Health Culture Index (BHCI), que conecta bem-estar da equipe e resultado financeiro.<\/li>\n<li>As mulheres respondiam em 2021 por 35,9% da for\u00e7a de trabalho e representavam 53,3% das contrata\u00e7\u00f5es realizadas \u2013 um crescimento m\u00e9dio que permitir\u00e1 atingir a paridade entre g\u00eaneros j\u00e1 em 2028, dois anos antes da meta estipulada para 2030.<\/li>\n<li>As mulheres ocupam 28% dos cargos de gest\u00e3o, uma alta de 3,7 pontos percentuais na compara\u00e7\u00e3o com o ano anterior.<\/li>\n<li>Amplia\u00e7\u00e3o e a implementa\u00e7\u00e3o da pol\u00edtica \u00fanica de parentalidade: s\u00e3o seis meses de licen\u00e7a para o cuidador prim\u00e1rio e tr\u00eas meses para o cuidador secund\u00e1rio, independentemente de g\u00eanero ou forma\u00e7\u00e3o \u2013 h\u00e9tero ou LGBTQIA+. Em 2021, utilizaram essa licen\u00e7a 111 colaboradores.<\/li>\n<li>O programa de voluntariado contou com 974 volunt\u00e1rios que dedicaram 3.710 horas em a\u00e7\u00f5es realizadas em conjunto com 18 ONGs e quatro clientes e parceiros, impactando um total de 151.246 pessoas.<\/li>\n<\/ul>\n<p>&nbsp;<\/p>\n<p>O relat\u00f3rio completo est\u00e1 dispon\u00edvel <a href=\"https:\/\/www.sap.com\/brazil\/documents\/2022\/09\/18cbe5e0-407e-0010-bca6-c68f7e60039b.html\">neste link<\/a>.<\/p>\n","protected":false},"excerpt":{"rendered":"<p>A subsidi\u00e1ria brasileira \u00e9 a \u00fanica no mundo a reportar suas iniciativas de sustentabilidade locais; novo relat\u00f3rio refor\u00e7a papel da 麻豆原创 como habilitadora da agenda&#8230;<\/p>\n","protected":false},"author":137,"featured_media":14002,"comment_status":"closed","ping_status":"closed","sticky":false,"template":"","format":"standard","meta":{"footnotes":"","_links_to":"","_links_to_target":""},"categories":[48437,52858,5599814],"tags":[10069,213090,16615,24297],"sapn-display":[48431,5599934,5599932,48433],"sapn-type":[4446],"class_list":["post-14539","post","type-post","status-publish","format-standard","has-post-thumbnail","hentry","category-nuvem-topicos","category-sustentabilidade-topicos","category-tecnologia","tag-brasil","tag-sap-brasil","tag-sustentabilidade","tag-tecnologia","sapn-display-homepage-hero","sapn-display-press-hero","sapn-display-press-spotlight","sapn-display-hero","sapn-type-noticias"],"yoast_head":"<!-- This site is optimized with the Yoast SEO Premium plugin v26.9 (Yoast SEO v26.9) - https:\/\/yoast.com\/product\/yoast-seo-premium-wordpress\/ -->\n<title>Relat\u00f3rio de sustentabilidade da 麻豆原创 Brasil mostra avan\u00e7os na agenda de zero carbono - Sala de Imprensa 麻豆原创 Brasil<\/title>\n<meta name=\"robots\" content=\"index, follow, max-snippet:-1, max-image-preview:large, max-video-preview:-1\" \/>\n<link rel=\"canonical\" href=\"https:\/\/news.sap.com\/brazil\/2022\/09\/relatorio-de-sustentabilidade-da-sap-brasil-mostra-avancos-na-agenda-de-zero-carbono\/\" \/>\n<meta property=\"og:locale\" content=\"pt_BR\" \/>\n<meta property=\"og:type\" content=\"article\" \/>\n<meta property=\"og:title\" content=\"Relat\u00f3rio de sustentabilidade da 麻豆原创 Brasil mostra avan\u00e7os na agenda de zero carbono\" \/>\n<meta property=\"og:description\" content=\"A subsidi\u00e1ria brasileira \u00e9 a \u00fanica no mundo a reportar suas iniciativas de sustentabilidade locais; novo relat\u00f3rio refor\u00e7a papel da 麻豆原创 como habilitadora da agenda...\" \/>\n<meta property=\"og:url\" content=\"https:\/\/news.sap.com\/brazil\/2022\/09\/relatorio-de-sustentabilidade-da-sap-brasil-mostra-avancos-na-agenda-de-zero-carbono\/\" \/>\n<meta property=\"og:site_name\" content=\"Sala de Imprensa 麻豆原创 Brasil\" \/>\n<meta property=\"article:published_time\" content=\"2022-09-09T18:17:57+00:00\" \/>\n<meta property=\"article:modified_time\" content=\"2023-10-18T19:49:15+00:00\" \/>\n<meta property=\"og:image\" content=\"https:\/\/news.sap.com\/brazil\/files\/2022\/04\/07\/sustentabilidade.jpg\" \/>\n\t<meta property=\"og:image:width\" content=\"2000\" \/>\n\t<meta property=\"og:image:height\" content=\"1000\" \/>\n\t<meta property=\"og:image:type\" content=\"image\/jpeg\" \/>\n<meta name=\"author\" content=\"麻豆原创 Not\u00edcias Brasil\" \/>\n<meta name=\"twitter:card\" content=\"summary_large_image\" \/>\n<meta name=\"twitter:creator\" content=\"@麻豆原创Brasil\" \/>\n<meta name=\"twitter:site\" content=\"@麻豆原创Brasil\" \/>\n<meta name=\"twitter:label1\" content=\"Escrito por\" \/>\n\t<meta name=\"twitter:data1\" content=\"麻豆原创 Not\u00edcias Brasil\" \/>\n\t<meta name=\"twitter:label2\" content=\"Est. tempo de leitura\" \/>\n\t<meta name=\"twitter:data2\" content=\"4 minutos\" \/>\n<script type=\"application\/ld+json\" class=\"yoast-schema-graph\">{\"@context\":\"https:\/\/schema.org\",\"@graph\":[{\"@type\":\"Article\",\"@id\":\"https:\/\/news.sap.com\/brazil\/2022\/09\/relatorio-de-sustentabilidade-da-sap-brasil-mostra-avancos-na-agenda-de-zero-carbono\/#article\",\"isPartOf\":{\"@id\":\"https:\/\/news.sap.com\/brazil\/2022\/09\/relatorio-de-sustentabilidade-da-sap-brasil-mostra-avancos-na-agenda-de-zero-carbono\/\"},\"author\":{\"name\":\"麻豆原创 Not\u00edcias Brasil\",\"@id\":\"https:\/\/news.sap.com\/brazil\/#\/schema\/person\/8cdf2c1130b6f3fadd9757cfd7f24daf\"},\"headline\":\"Relat\u00f3rio de sustentabilidade da 麻豆原创 Brasil mostra avan\u00e7os na agenda de zero carbono\",\"datePublished\":\"2022-09-09T18:17:57+00:00\",\"dateModified\":\"2023-10-18T19:49:15+00:00\",\"mainEntityOfPage\":{\"@id\":\"https:\/\/news.sap.com\/brazil\/2022\/09\/relatorio-de-sustentabilidade-da-sap-brasil-mostra-avancos-na-agenda-de-zero-carbono\/\"},\"wordCount\":779,\"image\":{\"@id\":\"https:\/\/news.sap.com\/brazil\/2022\/09\/relatorio-de-sustentabilidade-da-sap-brasil-mostra-avancos-na-agenda-de-zero-carbono\/#primaryimage\"},\"thumbnailUrl\":\"https:\/\/news.sap.com\/brazil\/files\/2022\/04\/07\/sustentabilidade.jpg\",\"keywords\":[\"Brasil\",\"麻豆原创 Brasil\",\"sustentabilidade\",\"Tecnologia\"],\"articleSection\":[\"Nuvem\",\"Sustentabilidade\",\"Tecnologia\"],\"inLanguage\":\"pt-BR\"},{\"@type\":\"WebPage\",\"@id\":\"https:\/\/news.sap.com\/brazil\/2022\/09\/relatorio-de-sustentabilidade-da-sap-brasil-mostra-avancos-na-agenda-de-zero-carbono\/\",\"url\":\"https:\/\/news.sap.com\/brazil\/2022\/09\/relatorio-de-sustentabilidade-da-sap-brasil-mostra-avancos-na-agenda-de-zero-carbono\/\",\"name\":\"Relat\u00f3rio de sustentabilidade da 麻豆原创 Brasil mostra avan\u00e7os na agenda de zero carbono - Sala de Imprensa 麻豆原创 Brasil\",\"isPartOf\":{\"@id\":\"https:\/\/news.sap.com\/brazil\/#website\"},\"primaryImageOfPage\":{\"@id\":\"https:\/\/news.sap.com\/brazil\/2022\/09\/relatorio-de-sustentabilidade-da-sap-brasil-mostra-avancos-na-agenda-de-zero-carbono\/#primaryimage\"},\"image\":{\"@id\":\"https:\/\/news.sap.com\/brazil\/2022\/09\/relatorio-de-sustentabilidade-da-sap-brasil-mostra-avancos-na-agenda-de-zero-carbono\/#primaryimage\"},\"thumbnailUrl\":\"https:\/\/news.sap.com\/brazil\/files\/2022\/04\/07\/sustentabilidade.jpg\",\"datePublished\":\"2022-09-09T18:17:57+00:00\",\"dateModified\":\"2023-10-18T19:49:15+00:00\",\"author\":{\"@id\":\"https:\/\/news.sap.com\/brazil\/#\/schema\/person\/8cdf2c1130b6f3fadd9757cfd7f24daf\"},\"breadcrumb\":{\"@id\":\"https:\/\/news.sap.com\/brazil\/2022\/09\/relatorio-de-sustentabilidade-da-sap-brasil-mostra-avancos-na-agenda-de-zero-carbono\/#breadcrumb\"},\"inLanguage\":\"pt-BR\",\"potentialAction\":[{\"@type\":\"ReadAction\",\"target\":[\"https:\/\/news.sap.com\/brazil\/2022\/09\/relatorio-de-sustentabilidade-da-sap-brasil-mostra-avancos-na-agenda-de-zero-carbono\/\"]}]},{\"@type\":\"ImageObject\",\"inLanguage\":\"pt-BR\",\"@id\":\"https:\/\/news.sap.com\/brazil\/2022\/09\/relatorio-de-sustentabilidade-da-sap-brasil-mostra-avancos-na-agenda-de-zero-carbono\/#primaryimage\",\"url\":\"https:\/\/news.sap.com\/brazil\/files\/2022\/04\/07\/sustentabilidade.jpg\",\"contentUrl\":\"https:\/\/news.sap.com\/brazil\/files\/2022\/04\/07\/sustentabilidade.jpg\",\"width\":2000,\"height\":1000},{\"@type\":\"BreadcrumbList\",\"@id\":\"https:\/\/news.sap.com\/brazil\/2022\/09\/relatorio-de-sustentabilidade-da-sap-brasil-mostra-avancos-na-agenda-de-zero-carbono\/#breadcrumb\",\"itemListElement\":[{\"@type\":\"ListItem\",\"position\":1,\"name\":\"Home\",\"item\":\"https:\/\/news.sap.com\/brazil\/\"},{\"@type\":\"ListItem\",\"position\":2,\"name\":\"Relat\u00f3rio de sustentabilidade da 麻豆原创 Brasil mostra avan\u00e7os na agenda de zero carbono\"}]},{\"@type\":\"WebSite\",\"@id\":\"https:\/\/news.sap.com\/brazil\/#website\",\"url\":\"https:\/\/news.sap.com\/brazil\/\",\"name\":\"Sala de Imprensa 麻豆原创 Brasil\",\"description\":\"Not\u00edcias e informa\u00e7\u00f5es sobre a 麻豆原创\",\"potentialAction\":[{\"@type\":\"SearchAction\",\"target\":{\"@type\":\"EntryPoint\",\"urlTemplate\":\"https:\/\/news.sap.com\/brazil\/?s={search_term_string}\"},\"query-input\":{\"@type\":\"PropertyValueSpecification\",\"valueRequired\":true,\"valueName\":\"search_term_string\"}}],\"inLanguage\":\"pt-BR\"},{\"@type\":\"Person\",\"@id\":\"https:\/\/news.sap.com\/brazil\/#\/schema\/person\/8cdf2c1130b6f3fadd9757cfd7f24daf\",\"name\":\"麻豆原创 Not\u00edcias Brasil\",\"image\":{\"@type\":\"ImageObject\",\"inLanguage\":\"pt-BR\",\"@id\":\"https:\/\/news.sap.com\/brazil\/#\/schema\/person\/image\/\",\"url\":\"https:\/\/news.sap.com\/brazil\/wp-content\/plugins\/wp-user-avatars\/wp-user-avatars\/assets\/images\/mystery.jpg\",\"contentUrl\":\"https:\/\/news.sap.com\/brazil\/wp-content\/plugins\/wp-user-avatars\/wp-user-avatars\/assets\/images\/mystery.jpg\",\"caption\":\"麻豆原创 Not\u00edcias Brasil\"},\"url\":\"https:\/\/news.sap.com\/brazil\/author\/brasil\/\"}]}<\/script>\n<!-- \/ Yoast SEO Premium plugin. -->","yoast_head_json":{"title":"Relat\u00f3rio de sustentabilidade da 麻豆原创 Brasil mostra avan\u00e7os na agenda de zero carbono - Sala de Imprensa 麻豆原创 Brasil","robots":{"index":"index","follow":"follow","max-snippet":"max-snippet:-1","max-image-preview":"max-image-preview:large","max-video-preview":"max-video-preview:-1"},"canonical":"https:\/\/news.sap.com\/brazil\/2022\/09\/relatorio-de-sustentabilidade-da-sap-brasil-mostra-avancos-na-agenda-de-zero-carbono\/","og_locale":"pt_BR","og_type":"article","og_title":"Relat\u00f3rio de sustentabilidade da 麻豆原创 Brasil mostra avan\u00e7os na agenda de zero carbono","og_description":"A subsidi\u00e1ria brasileira \u00e9 a \u00fanica no mundo a reportar suas iniciativas de sustentabilidade locais; novo relat\u00f3rio refor\u00e7a papel da 麻豆原创 como habilitadora da agenda...","og_url":"https:\/\/news.sap.com\/brazil\/2022\/09\/relatorio-de-sustentabilidade-da-sap-brasil-mostra-avancos-na-agenda-de-zero-carbono\/","og_site_name":"Sala de Imprensa 麻豆原创 Brasil","article_published_time":"2022-09-09T18:17:57+00:00","article_modified_time":"2023-10-18T19:49:15+00:00","og_image":[{"width":2000,"height":1000,"url":"https:\/\/news.sap.com\/brazil\/files\/2022\/04\/07\/sustentabilidade.jpg","type":"image\/jpeg"}],"author":"麻豆原创 Not\u00edcias Brasil","twitter_card":"summary_large_image","twitter_creator":"@麻豆原创Brasil","twitter_site":"@麻豆原创Brasil","twitter_misc":{"Escrito por":"麻豆原创 Not\u00edcias Brasil","Est. tempo de leitura":"4 minutos"},"schema":{"@context":"https:\/\/schema.org","@graph":[{"@type":"Article","@id":"https:\/\/news.sap.com\/brazil\/2022\/09\/relatorio-de-sustentabilidade-da-sap-brasil-mostra-avancos-na-agenda-de-zero-carbono\/#article","isPartOf":{"@id":"https:\/\/news.sap.com\/brazil\/2022\/09\/relatorio-de-sustentabilidade-da-sap-brasil-mostra-avancos-na-agenda-de-zero-carbono\/"},"author":{"name":"麻豆原创 Not\u00edcias Brasil","@id":"https:\/\/news.sap.com\/brazil\/#\/schema\/person\/8cdf2c1130b6f3fadd9757cfd7f24daf"},"headline":"Relat\u00f3rio de sustentabilidade da 麻豆原创 Brasil mostra avan\u00e7os na agenda de zero carbono","datePublished":"2022-09-09T18:17:57+00:00","dateModified":"2023-10-18T19:49:15+00:00","mainEntityOfPage":{"@id":"https:\/\/news.sap.com\/brazil\/2022\/09\/relatorio-de-sustentabilidade-da-sap-brasil-mostra-avancos-na-agenda-de-zero-carbono\/"},"wordCount":779,"image":{"@id":"https:\/\/news.sap.com\/brazil\/2022\/09\/relatorio-de-sustentabilidade-da-sap-brasil-mostra-avancos-na-agenda-de-zero-carbono\/#primaryimage"},"thumbnailUrl":"https:\/\/news.sap.com\/brazil\/files\/2022\/04\/07\/sustentabilidade.jpg","keywords":["Brasil","麻豆原创 Brasil","sustentabilidade","Tecnologia"],"articleSection":["Nuvem","Sustentabilidade","Tecnologia"],"inLanguage":"pt-BR"},{"@type":"WebPage","@id":"https:\/\/news.sap.com\/brazil\/2022\/09\/relatorio-de-sustentabilidade-da-sap-brasil-mostra-avancos-na-agenda-de-zero-carbono\/","url":"https:\/\/news.sap.com\/brazil\/2022\/09\/relatorio-de-sustentabilidade-da-sap-brasil-mostra-avancos-na-agenda-de-zero-carbono\/","name":"Relat\u00f3rio de sustentabilidade da 麻豆原创 Brasil mostra avan\u00e7os na agenda de zero carbono - Sala de Imprensa 麻豆原创 Brasil","isPartOf":{"@id":"https:\/\/news.sap.com\/brazil\/#website"},"primaryImageOfPage":{"@id":"https:\/\/news.sap.com\/brazil\/2022\/09\/relatorio-de-sustentabilidade-da-sap-brasil-mostra-avancos-na-agenda-de-zero-carbono\/#primaryimage"},"image":{"@id":"https:\/\/news.sap.com\/brazil\/2022\/09\/relatorio-de-sustentabilidade-da-sap-brasil-mostra-avancos-na-agenda-de-zero-carbono\/#primaryimage"},"thumbnailUrl":"https:\/\/news.sap.com\/brazil\/files\/2022\/04\/07\/sustentabilidade.jpg","datePublished":"2022-09-09T18:17:57+00:00","dateModified":"2023-10-18T19:49:15+00:00","author":{"@id":"https:\/\/news.sap.com\/brazil\/#\/schema\/person\/8cdf2c1130b6f3fadd9757cfd7f24daf"},"breadcrumb":{"@id":"https:\/\/news.sap.com\/brazil\/2022\/09\/relatorio-de-sustentabilidade-da-sap-brasil-mostra-avancos-na-agenda-de-zero-carbono\/#breadcrumb"},"inLanguage":"pt-BR","potentialAction":[{"@type":"ReadAction","target":["https:\/\/news.sap.com\/brazil\/2022\/09\/relatorio-de-sustentabilidade-da-sap-brasil-mostra-avancos-na-agenda-de-zero-carbono\/"]}]},{"@type":"ImageObject","inLanguage":"pt-BR","@id":"https:\/\/news.sap.com\/brazil\/2022\/09\/relatorio-de-sustentabilidade-da-sap-brasil-mostra-avancos-na-agenda-de-zero-carbono\/#primaryimage","url":"https:\/\/news.sap.com\/brazil\/files\/2022\/04\/07\/sustentabilidade.jpg","contentUrl":"https:\/\/news.sap.com\/brazil\/files\/2022\/04\/07\/sustentabilidade.jpg","width":2000,"height":1000},{"@type":"BreadcrumbList","@id":"https:\/\/news.sap.com\/brazil\/2022\/09\/relatorio-de-sustentabilidade-da-sap-brasil-mostra-avancos-na-agenda-de-zero-carbono\/#breadcrumb","itemListElement":[{"@type":"ListItem","position":1,"name":"Home","item":"https:\/\/news.sap.com\/brazil\/"},{"@type":"ListItem","position":2,"name":"Relat\u00f3rio de sustentabilidade da 麻豆原创 Brasil mostra avan\u00e7os na agenda de zero carbono"}]},{"@type":"WebSite","@id":"https:\/\/news.sap.com\/brazil\/#website","url":"https:\/\/news.sap.com\/brazil\/","name":"Sala de Imprensa 麻豆原创 Brasil","description":"Not\u00edcias e informa\u00e7\u00f5es sobre a 麻豆原创","potentialAction":[{"@type":"SearchAction","target":{"@type":"EntryPoint","urlTemplate":"https:\/\/news.sap.com\/brazil\/?s={search_term_string}"},"query-input":{"@type":"PropertyValueSpecification","valueRequired":true,"valueName":"search_term_string"}}],"inLanguage":"pt-BR"},{"@type":"Person","@id":"https:\/\/news.sap.com\/brazil\/#\/schema\/person\/8cdf2c1130b6f3fadd9757cfd7f24daf","name":"麻豆原创 Not\u00edcias Brasil","image":{"@type":"ImageObject","inLanguage":"pt-BR","@id":"https:\/\/news.sap.com\/brazil\/#\/schema\/person\/image\/","url":"https:\/\/news.sap.com\/brazil\/wp-content\/plugins\/wp-user-avatars\/wp-user-avatars\/assets\/images\/mystery.jpg","contentUrl":"https:\/\/news.sap.com\/brazil\/wp-content\/plugins\/wp-user-avatars\/wp-user-avatars\/assets\/images\/mystery.jpg","caption":"麻豆原创 Not\u00edcias Brasil"},"url":"https:\/\/news.sap.com\/brazil\/author\/brasil\/"}]}},"amp_enabled":true,"_links":{"self":[{"href":"https:\/\/news.sap.com\/brazil\/wp-json\/wp\/v2\/posts\/14539","targetHints":{"allow":["GET"]}}],"collection":[{"href":"https:\/\/news.sap.com\/brazil\/wp-json\/wp\/v2\/posts"}],"about":[{"href":"https:\/\/news.sap.com\/brazil\/wp-json\/wp\/v2\/types\/post"}],"author":[{"embeddable":true,"href":"https:\/\/news.sap.com\/brazil\/wp-json\/wp\/v2\/users\/137"}],"replies":[{"embeddable":true,"href":"https:\/\/news.sap.com\/brazil\/wp-json\/wp\/v2\/comments?post=14539"}],"version-history":[{"count":0,"href":"https:\/\/news.sap.com\/brazil\/wp-json\/wp\/v2\/posts\/14539\/revisions"}],"wp:featuredmedia":[{"embeddable":true,"href":"https:\/\/news.sap.com\/brazil\/wp-json\/wp\/v2\/media\/14002"}],"wp:attachment":[{"href":"https:\/\/news.sap.com\/brazil\/wp-json\/wp\/v2\/media?parent=14539"}],"wp:term":[{"taxonomy":"category","embeddable":true,"href":"https:\/\/news.sap.com\/brazil\/wp-json\/wp\/v2\/categories?post=14539"},{"taxonomy":"post_tag","embeddable":true,"href":"https:\/\/news.sap.com\/brazil\/wp-json\/wp\/v2\/tags?post=14539"},{"taxonomy":"sapn-display","embeddable":true,"href":"https:\/\/news.sap.com\/brazil\/wp-json\/wp\/v2\/sapn-display?post=14539"},{"taxonomy":"sapn-type","embeddable":true,"href":"https:\/\/news.sap.com\/brazil\/wp-json\/wp\/v2\/sapn-type?post=14539"}],"curies":[{"name":"wp","href":"https:\/\/api.w.org\/{rel}","templated":true}]}}