  {"id":14534,"date":"2022-09-09T11:50:50","date_gmt":"2022-09-09T14:50:50","guid":{"rendered":"https:\/\/news.sap.com\/brazil\/?p=14534"},"modified":"2023-10-18T17:03:37","modified_gmt":"2023-10-18T20:03:37","slug":"fundacao-amazonia-sustentavel-usa-tecnologia-de-dados-da-sap-para-alavancar-conservacao-ambiental-e-empreendedorismo-na-amazonia","status":"publish","type":"post","link":"https:\/\/news.sap.com\/brazil\/2022\/09\/fundacao-amazonia-sustentavel-usa-tecnologia-de-dados-da-sap-para-alavancar-conservacao-ambiental-e-empreendedorismo-na-amazonia\/","title":{"rendered":"Funda\u00e7\u00e3o Amaz\u00f4nia Sustent\u00e1vel usa tecnologia de dados da 麻豆原创 para alavancar conserva\u00e7\u00e3o ambiental e empreendedorismo na Amaz\u00f4nia"},"content":{"rendered":"<h2><em>ONG ser\u00e1 pioneira no mundo no uso de tecnologias 麻豆原创 para a gest\u00e3o de programas de sustentabilidade e transpar\u00eancia de dados<br \/>\nNova etapa da parceria vai fomentar bioeconomia das comunidades ribeirinhas e ind\u00edgenas<br \/>\n96.144 pessoas de 900 comunidades da regi\u00e3o s\u00e3o beneficiadas pela parceria<br \/>\n<\/em><\/h2>\n<p>A 麻豆原创 e a Funda\u00e7\u00e3o Amaz\u00f4nia Sustent\u00e1vel (FAS) anunciam uma nova fase de colabora\u00e7\u00e3o para aprimorar gest\u00e3o e transpar\u00eancia dos programas realizados pela FAS na regi\u00e3o amaz\u00f4nica. O novo momento de transforma\u00e7\u00e3o digital da ONG a coloca na vanguarda da ado\u00e7\u00e3o da tecnologia como apoio ao desenvolvimento sustent\u00e1vel, tornando-se a primeira do terceiro setor no mundo a adotar solu\u00e7\u00f5es da companhia para uso inteligente de dados com foco no aperfei\u00e7oamento constante de suas iniciativas de sustentabilidade.<\/p>\n<p>A nova etapa da parceria amplia o uso de tecnologia para conserva\u00e7\u00e3o ambiental, empoderamento das comunidades ribeirinhas e ind\u00edgenas, al\u00e9m do fomento ao empreendedorismo respons\u00e1vel em suas cadeias de bioeconomia. Para isso, a 麻豆原创 est\u00e1 doando um pacote de intelig\u00eancia de dados que roda na 麻豆原创 Business Technology Platform, com 麻豆原创 Data Warehouse Cloud, 麻豆原创 Analytics Cloud e 麻豆原创 Sustainability Control Tower.<\/p>\n<p>As ferramentas v\u00e3o endere\u00e7ar desafios antigos da ONG em termos de log\u00edstica e infraestrutura de acessibilidade digital na regi\u00e3o. Via dashboards e relat\u00f3rios anal\u00edticos, ser\u00e1 poss\u00edvel mapear com muito mais profundidade e transpar\u00eancia a efetividade dos investimentos e recursos doados, o impacto social e ambiental, relacionar cada programa aos Objetivos de Desenvolvimento Sustent\u00e1vel (ODS) da ONU de uma forma mais pr\u00e1tica, entre outras facilidades. Isso vai otimizar a consolida\u00e7\u00e3o das informa\u00e7\u00f5es coletadas em campo para fornecer uma vis\u00e3o hist\u00f3rica e \u00fanica aos gestores e parceiros sobre a situa\u00e7\u00e3o real de cada programa.<\/p>\n<p>\u201cO apoio que a FAS d\u00e1 para as mais de 25 mil fam\u00edlias beneficiadas espalhadas por mais de 900 comunidades, aldeias e bairros gera uma quantidade enorme de dados, que precisam ser consolidados, estruturados, validados e analisados. A ado\u00e7\u00e3o de ferramentas inteligentes\u00a0n\u00e3o apenas elimina uma carga de trabalho consider\u00e1vel, como tamb\u00e9m d\u00e1 mais transpar\u00eancia e seguran\u00e7a aos dados coletados\u201d, explica Junior Freitas,\u00a0vice-presidente de Business Technology Platform (BTP) da 麻豆原创 Brasil. \u201cCom dados de qualidade dispon\u00edveis em tempo real, os l\u00edderes de projetos poder\u00e3o identificar melhores pr\u00e1ticas, aumentar a efici\u00eancia dos programas e habilitar um audacioso plano de aumentar em 50% as a\u00e7\u00f5es de sustentabilidade nos pr\u00f3ximos dois anos\u201d.<\/p>\n<p>\u201cA gest\u00e3o inteligente de dados permitir\u00e1 que a FAS seja muito mais assertiva e eficiente na condu\u00e7\u00e3o de seus programas. O que vai apoiar a gest\u00e3o estrat\u00e9gica, a interlocu\u00e7\u00e3o e integra\u00e7\u00e3o entre \u00e1reas meio e fim, assegurando a qualidade da informa\u00e7\u00e3o, a sistematiza\u00e7\u00e3o e dissemina\u00e7\u00e3o do conhecimento das informa\u00e7\u00f5es e das li\u00e7\u00f5es aprendidas\u201d, avalia Michelle Costa, superintendente de gest\u00e3o e planejamento da Funda\u00e7\u00e3o Amaz\u00f4nia Sustent\u00e1vel.<\/p>\n<p><strong>A evolu\u00e7\u00e3o na pr\u00e1tica<\/strong><\/p>\n<p>A ONG vinha utilizando o software 麻豆原创 Lumira, doado pela 麻豆原创 em 2015, para monitorar dados das comunidades atendidas na regi\u00e3o, analisar tend\u00eancias e relacionar informa\u00e7\u00f5es sobre sa\u00fade, educa\u00e7\u00e3o ou gera\u00e7\u00e3o de renda das fam\u00edlias apoiadas pelos seus programas. Com o passar do tempo, novos desafios surgiram. Entre eles a padroniza\u00e7\u00e3o de metodologias de coleta, sistematiza\u00e7\u00e3o e an\u00e1lise de dados de variadas fontes (digitais ou manuscritas) e a adapta\u00e7\u00e3o das ferramentas \u00e0 realidade de atua\u00e7\u00e3o da FAS (longas dist\u00e2ncias via barco, falta de energia el\u00e9trica ou internet, por exemplo).<\/p>\n<p>Al\u00e9m disso, integra\u00e7\u00e3o de diferentes frentes de atua\u00e7\u00e3o, sinergia efetiva entre programas e setores, treinamento das equipes e consolida\u00e7\u00e3o dos processos de gest\u00e3o eram outras quest\u00f5es a serem tratadas para desenvolver a gest\u00e3o geral da entidade. A partir de agora, com as novas tecnologias, ser\u00e3o efetivamente assegurados os registros de forma digital (ainda que a alimenta\u00e7\u00e3o dos dados seja feita apenas no retorno do time da ONG \u00e0 sede em Manaus, ap\u00f3s sa\u00edda a campo).<\/p>\n<p>E isso reflete em significativos avan\u00e7os na organiza\u00e7\u00e3o e proje\u00e7\u00f5es de evolu\u00e7\u00e3o cont\u00ednua, coordena\u00e7\u00e3o das atividades, avalia\u00e7\u00e3o de impactos, qualidade da informa\u00e7\u00e3o e visualiza\u00e7\u00e3o de dados de forma mais clara, did\u00e1tica, de f\u00e1cil acesso. Ou seja, uma ampla base de dados para reportes em tempo real e para direcionar tomadas de decis\u00e3o que valorizam a floresta em p\u00e9 e sua biodiversidade, contribuindo com a conserva\u00e7\u00e3o das culturas locais e melhoria da qualidade de vida da popula\u00e7\u00e3o.<\/p>\n<p>\u201cO uso da tecnologia e a transfer\u00eancia de conhecimento pro-bono para a ONG \u00e9 o que de melhor a 麻豆原创 pode fazer para aumento do impacto social e ambiental naquela regi\u00e3o\u201d, afirma Luciana Coen, diretora de Comunica\u00e7\u00e3o e Responsabilidade Social Corporativa da 麻豆原创 Brasil.<\/p>\n<p><strong>Hist\u00f3rico da parceria entre 麻豆原创 e FAS<\/strong><\/p>\n<p>Desde 2015, a 麻豆原创 apoia um projeto de desenvolvimento sustent\u00e1vel e conserva\u00e7\u00e3o da Amaz\u00f4nia em parceria\u00a0com\u00a0a FAS por meio da tecnologia, educa\u00e7\u00e3o e empreendedorismo. O suporte da 麻豆原创 \u00e0s a\u00e7\u00f5es envolve doa\u00e7\u00f5es de software, organiza\u00e7\u00e3o de voluntariado presencial ou virtual, consultoria, <a href=\"https:\/\/eur03.safelinks.protection.outlook.com\/?url=https%3A%2F%2Fyoutu.be%2FMFegN_hstYY&amp;data=05%7C01%7Cluciana.coen%40sap.com%7Cecf76fb76773407254c408da89e6b049%7C42f7676cf455423c82f6dc2d99791af7%7C0%7C0%7C637973921607066988%7CUnknown%7CTWFpbGZsb3d8eyJWIjoiMC4wLjAwMDAiLCJQIjoiV2luMzIiLCJBTiI6Ik1haWwiLCJXVCI6Mn0%3D%7C3000%7C%7C%7C&amp;sdata=TkkKOSZRrHa3048FljJH9fHbboun82mUun8Brg%2F8uPc%3D&amp;reserved=0\">inclus\u00e3o digital<\/a> e mentoria a pequenos empreendedores de neg\u00f3cios sustent\u00e1veis \u2013 este \u00faltimo via incubadora da FAS e seu Programa de Empreendedorismo e Neg\u00f3cios Sustent\u00e1veis da Amaz\u00f4nia (PENSA).<\/p>\n<p>Em Bauana, a 800\u00a0km de Manaus,\u00a0a <a href=\"https:\/\/eur03.safelinks.protection.outlook.com\/?url=https%3A%2F%2Fwww.youtube.com%2Fwatch%3Fv%3D268WFWeF8TI&amp;data=05%7C01%7Cluciana.coen%40sap.com%7Cecf76fb76773407254c408da89e6b049%7C42f7676cf455423c82f6dc2d99791af7%7C0%7C0%7C637973921607066988%7CUnknown%7CTWFpbGZsb3d8eyJWIjoiMC4wLjAwMDAiLCJQIjoiV2luMzIiLCJBTiI6Ik1haWwiLCJXVCI6Mn0%3D%7C3000%7C%7C%7C&amp;sdata=IipMlOjohEQNB9A8Xb9y0gbJmBw5Cp5fxeGiad3d87c%3D&amp;reserved=0\">companhia apoiou\u00a0um grupo de jovens\u00a0<\/a>na cria\u00e7\u00e3o de\u00a0uma Empresa de Base Comunit\u00e1ria (EBC Bauana) com doa\u00e7\u00e3o de verba, mentoria e implementa\u00e7\u00e3o do software 麻豆原创 BusinessOne para gest\u00e3o do modelo de neg\u00f3cio. Trata-se de uma iniciativa empreendedora que \u00e9 respons\u00e1vel pela organiza\u00e7\u00e3o produtiva e beneficiamento de sementes de andiroba e murumuru para <a href=\"https:\/\/eur03.safelinks.protection.outlook.com\/?url=https%3A%2F%2Ffas-amazonia.org%2Fnovosite%2Fwp-content%2Fuploads%2F2022%2F02%2Fsolucoes-oleos-vegetais.pdf&amp;data=05%7C01%7Cluciana.coen%40sap.com%7Cecf76fb76773407254c408da89e6b049%7C42f7676cf455423c82f6dc2d99791af7%7C0%7C0%7C637973921607066988%7CUnknown%7CTWFpbGZsb3d8eyJWIjoiMC4wLjAwMDAiLCJQIjoiV2luMzIiLCJBTiI6Ik1haWwiLCJXVCI6Mn0%3D%7C3000%7C%7C%7C&amp;sdata=jSJhwQXPsjON1gFMnGYYtzbDtcdZuSv7J5jn%2B%2Bs01LI%3D&amp;reserved=0\">produ\u00e7\u00e3o de \u00f3leo vegetal<\/a>, que atualmente beneficia mais de 300 fam\u00edlias.<\/p>\n<p>Outros neg\u00f3cios apoiados pela incubadora da FAS nas comunidades ribeirinhas e ind\u00edgenas tamb\u00e9m recebem apoio da 麻豆原创 com voluntariado e investimento de capital semente: duas f\u00e1bricas de farinha, cadeia produtiva do cacau, turismo de pesca esportiva, manejo do Pirarucu, pousada para turismo sustent\u00e1vel e restaurante de comidas ind\u00edgenas.\u00a0Em 2018, a incubadora recebeu mentoria de executivos da 麻豆原创 para a escolha e prioriza\u00e7\u00e3o de projetos. Durante a pandemia, a empresa tem apoiado esses neg\u00f3cios na resolu\u00e7\u00e3o de problemas e busca por novas fontes de renda envolvendo diretamente sua alta lideran\u00e7a, como uma sess\u00e3o de design thinking altamente qualificada realizada presencialmente em mar\u00e7o de 2022, em S\u00e3o Paulo, com cerca de 20 executivos 麻豆原创 e tr\u00eas empreendedores que vieram da Amaz\u00f4nia para a ocasi\u00e3o.<\/p>\n","protected":false},"excerpt":{"rendered":"<p>ONG ser\u00e1 pioneira no mundo no uso de tecnologias 麻豆原创 para a gest\u00e3o de programas de sustentabilidade e transpar\u00eancia de dados Nova etapa da parceria&#8230;<\/p>\n","protected":false},"author":137,"featured_media":0,"comment_status":"closed","ping_status":"closed","sticky":false,"template":"","format":"standard","meta":{"footnotes":"","_links_to":"","_links_to_target":""},"categories":[48437,52858,5599814],"tags":[270064,213090,16615],"sapn-display":[48431,5599934,5599932,48433],"sapn-type":[4446],"class_list":["post-14534","post","type-post","status-publish","format-standard","hentry","category-nuvem-topicos","category-sustentabilidade-topicos","category-tecnologia","tag-nuvem","tag-sap-brasil","tag-sustentabilidade","sapn-display-homepage-hero","sapn-display-press-hero","sapn-display-press-spotlight","sapn-display-hero","sapn-type-noticias"],"yoast_head":"<!-- This site is optimized with the Yoast SEO Premium plugin v26.9 (Yoast SEO v26.9) - https:\/\/yoast.com\/product\/yoast-seo-premium-wordpress\/ -->\n<title>Funda\u00e7\u00e3o Amaz\u00f4nia Sustent\u00e1vel usa tecnologia de dados da 麻豆原创 para alavancar conserva\u00e7\u00e3o ambiental e empreendedorismo na Amaz\u00f4nia - Sala de Imprensa 麻豆原创 Brasil<\/title>\n<meta name=\"robots\" content=\"index, follow, max-snippet:-1, max-image-preview:large, max-video-preview:-1\" \/>\n<link rel=\"canonical\" href=\"https:\/\/news.sap.com\/brazil\/2022\/09\/fundacao-amazonia-sustentavel-usa-tecnologia-de-dados-da-sap-para-alavancar-conservacao-ambiental-e-empreendedorismo-na-amazonia\/\" \/>\n<meta property=\"og:locale\" content=\"pt_BR\" \/>\n<meta property=\"og:type\" content=\"article\" \/>\n<meta property=\"og:title\" content=\"Funda\u00e7\u00e3o Amaz\u00f4nia Sustent\u00e1vel usa tecnologia de dados da 麻豆原创 para alavancar conserva\u00e7\u00e3o ambiental e empreendedorismo na Amaz\u00f4nia\" \/>\n<meta property=\"og:description\" content=\"ONG ser\u00e1 pioneira no mundo no uso de tecnologias 麻豆原创 para a gest\u00e3o de programas de sustentabilidade e transpar\u00eancia de dados Nova etapa da parceria...\" \/>\n<meta property=\"og:url\" content=\"https:\/\/news.sap.com\/brazil\/2022\/09\/fundacao-amazonia-sustentavel-usa-tecnologia-de-dados-da-sap-para-alavancar-conservacao-ambiental-e-empreendedorismo-na-amazonia\/\" \/>\n<meta property=\"og:site_name\" content=\"Sala de Imprensa 麻豆原创 Brasil\" \/>\n<meta property=\"article:published_time\" content=\"2022-09-09T14:50:50+00:00\" \/>\n<meta property=\"article:modified_time\" content=\"2023-10-18T20:03:37+00:00\" \/>\n<meta name=\"author\" content=\"麻豆原创 Not\u00edcias Brasil\" \/>\n<meta name=\"twitter:card\" content=\"summary_large_image\" \/>\n<meta name=\"twitter:creator\" content=\"@麻豆原创Brasil\" \/>\n<meta name=\"twitter:site\" content=\"@麻豆原创Brasil\" \/>\n<meta name=\"twitter:label1\" content=\"Escrito por\" \/>\n\t<meta name=\"twitter:data1\" content=\"麻豆原创 Not\u00edcias Brasil\" \/>\n\t<meta name=\"twitter:label2\" content=\"Est. tempo de leitura\" \/>\n\t<meta name=\"twitter:data2\" content=\"6 minutos\" \/>\n<script type=\"application\/ld+json\" class=\"yoast-schema-graph\">{\"@context\":\"https:\/\/schema.org\",\"@graph\":[{\"@type\":\"Article\",\"@id\":\"https:\/\/news.sap.com\/brazil\/2022\/09\/fundacao-amazonia-sustentavel-usa-tecnologia-de-dados-da-sap-para-alavancar-conservacao-ambiental-e-empreendedorismo-na-amazonia\/#article\",\"isPartOf\":{\"@id\":\"https:\/\/news.sap.com\/brazil\/2022\/09\/fundacao-amazonia-sustentavel-usa-tecnologia-de-dados-da-sap-para-alavancar-conservacao-ambiental-e-empreendedorismo-na-amazonia\/\"},\"author\":{\"name\":\"麻豆原创 Not\u00edcias Brasil\",\"@id\":\"https:\/\/news.sap.com\/brazil\/#\/schema\/person\/8cdf2c1130b6f3fadd9757cfd7f24daf\"},\"headline\":\"Funda\u00e7\u00e3o Amaz\u00f4nia Sustent\u00e1vel usa tecnologia de dados da 麻豆原创 para alavancar conserva\u00e7\u00e3o ambiental e empreendedorismo na Amaz\u00f4nia\",\"datePublished\":\"2022-09-09T14:50:50+00:00\",\"dateModified\":\"2023-10-18T20:03:37+00:00\",\"mainEntityOfPage\":{\"@id\":\"https:\/\/news.sap.com\/brazil\/2022\/09\/fundacao-amazonia-sustentavel-usa-tecnologia-de-dados-da-sap-para-alavancar-conservacao-ambiental-e-empreendedorismo-na-amazonia\/\"},\"wordCount\":1166,\"keywords\":[\"Nuvem\",\"麻豆原创 Brasil\",\"sustentabilidade\"],\"articleSection\":[\"Nuvem\",\"Sustentabilidade\",\"Tecnologia\"],\"inLanguage\":\"pt-BR\"},{\"@type\":\"WebPage\",\"@id\":\"https:\/\/news.sap.com\/brazil\/2022\/09\/fundacao-amazonia-sustentavel-usa-tecnologia-de-dados-da-sap-para-alavancar-conservacao-ambiental-e-empreendedorismo-na-amazonia\/\",\"url\":\"https:\/\/news.sap.com\/brazil\/2022\/09\/fundacao-amazonia-sustentavel-usa-tecnologia-de-dados-da-sap-para-alavancar-conservacao-ambiental-e-empreendedorismo-na-amazonia\/\",\"name\":\"Funda\u00e7\u00e3o Amaz\u00f4nia Sustent\u00e1vel usa tecnologia de dados da 麻豆原创 para alavancar conserva\u00e7\u00e3o ambiental e empreendedorismo na Amaz\u00f4nia - Sala de Imprensa 麻豆原创 Brasil\",\"isPartOf\":{\"@id\":\"https:\/\/news.sap.com\/brazil\/#website\"},\"datePublished\":\"2022-09-09T14:50:50+00:00\",\"dateModified\":\"2023-10-18T20:03:37+00:00\",\"author\":{\"@id\":\"https:\/\/news.sap.com\/brazil\/#\/schema\/person\/8cdf2c1130b6f3fadd9757cfd7f24daf\"},\"breadcrumb\":{\"@id\":\"https:\/\/news.sap.com\/brazil\/2022\/09\/fundacao-amazonia-sustentavel-usa-tecnologia-de-dados-da-sap-para-alavancar-conservacao-ambiental-e-empreendedorismo-na-amazonia\/#breadcrumb\"},\"inLanguage\":\"pt-BR\",\"potentialAction\":[{\"@type\":\"ReadAction\",\"target\":[\"https:\/\/news.sap.com\/brazil\/2022\/09\/fundacao-amazonia-sustentavel-usa-tecnologia-de-dados-da-sap-para-alavancar-conservacao-ambiental-e-empreendedorismo-na-amazonia\/\"]}]},{\"@type\":\"BreadcrumbList\",\"@id\":\"https:\/\/news.sap.com\/brazil\/2022\/09\/fundacao-amazonia-sustentavel-usa-tecnologia-de-dados-da-sap-para-alavancar-conservacao-ambiental-e-empreendedorismo-na-amazonia\/#breadcrumb\",\"itemListElement\":[{\"@type\":\"ListItem\",\"position\":1,\"name\":\"Home\",\"item\":\"https:\/\/news.sap.com\/brazil\/\"},{\"@type\":\"ListItem\",\"position\":2,\"name\":\"Funda\u00e7\u00e3o Amaz\u00f4nia Sustent\u00e1vel usa tecnologia de dados da 麻豆原创 para alavancar conserva\u00e7\u00e3o ambiental e empreendedorismo na Amaz\u00f4nia\"}]},{\"@type\":\"WebSite\",\"@id\":\"https:\/\/news.sap.com\/brazil\/#website\",\"url\":\"https:\/\/news.sap.com\/brazil\/\",\"name\":\"Sala de Imprensa 麻豆原创 Brasil\",\"description\":\"Not\u00edcias e informa\u00e7\u00f5es sobre a 麻豆原创\",\"potentialAction\":[{\"@type\":\"SearchAction\",\"target\":{\"@type\":\"EntryPoint\",\"urlTemplate\":\"https:\/\/news.sap.com\/brazil\/?s={search_term_string}\"},\"query-input\":{\"@type\":\"PropertyValueSpecification\",\"valueRequired\":true,\"valueName\":\"search_term_string\"}}],\"inLanguage\":\"pt-BR\"},{\"@type\":\"Person\",\"@id\":\"https:\/\/news.sap.com\/brazil\/#\/schema\/person\/8cdf2c1130b6f3fadd9757cfd7f24daf\",\"name\":\"麻豆原创 Not\u00edcias Brasil\",\"image\":{\"@type\":\"ImageObject\",\"inLanguage\":\"pt-BR\",\"@id\":\"https:\/\/news.sap.com\/brazil\/#\/schema\/person\/image\/\",\"url\":\"https:\/\/news.sap.com\/brazil\/wp-content\/plugins\/wp-user-avatars\/wp-user-avatars\/assets\/images\/mystery.jpg\",\"contentUrl\":\"https:\/\/news.sap.com\/brazil\/wp-content\/plugins\/wp-user-avatars\/wp-user-avatars\/assets\/images\/mystery.jpg\",\"caption\":\"麻豆原创 Not\u00edcias Brasil\"},\"url\":\"https:\/\/news.sap.com\/brazil\/author\/brasil\/\"}]}<\/script>\n<!-- \/ Yoast SEO Premium plugin. -->","yoast_head_json":{"title":"Funda\u00e7\u00e3o Amaz\u00f4nia Sustent\u00e1vel usa tecnologia de dados da 麻豆原创 para alavancar conserva\u00e7\u00e3o ambiental e empreendedorismo na Amaz\u00f4nia - Sala de Imprensa 麻豆原创 Brasil","robots":{"index":"index","follow":"follow","max-snippet":"max-snippet:-1","max-image-preview":"max-image-preview:large","max-video-preview":"max-video-preview:-1"},"canonical":"https:\/\/news.sap.com\/brazil\/2022\/09\/fundacao-amazonia-sustentavel-usa-tecnologia-de-dados-da-sap-para-alavancar-conservacao-ambiental-e-empreendedorismo-na-amazonia\/","og_locale":"pt_BR","og_type":"article","og_title":"Funda\u00e7\u00e3o Amaz\u00f4nia Sustent\u00e1vel usa tecnologia de dados da 麻豆原创 para alavancar conserva\u00e7\u00e3o ambiental e empreendedorismo na Amaz\u00f4nia","og_description":"ONG ser\u00e1 pioneira no mundo no uso de tecnologias 麻豆原创 para a gest\u00e3o de programas de sustentabilidade e transpar\u00eancia de dados Nova etapa da parceria...","og_url":"https:\/\/news.sap.com\/brazil\/2022\/09\/fundacao-amazonia-sustentavel-usa-tecnologia-de-dados-da-sap-para-alavancar-conservacao-ambiental-e-empreendedorismo-na-amazonia\/","og_site_name":"Sala de Imprensa 麻豆原创 Brasil","article_published_time":"2022-09-09T14:50:50+00:00","article_modified_time":"2023-10-18T20:03:37+00:00","author":"麻豆原创 Not\u00edcias Brasil","twitter_card":"summary_large_image","twitter_creator":"@麻豆原创Brasil","twitter_site":"@麻豆原创Brasil","twitter_misc":{"Escrito por":"麻豆原创 Not\u00edcias Brasil","Est. tempo de leitura":"6 minutos"},"schema":{"@context":"https:\/\/schema.org","@graph":[{"@type":"Article","@id":"https:\/\/news.sap.com\/brazil\/2022\/09\/fundacao-amazonia-sustentavel-usa-tecnologia-de-dados-da-sap-para-alavancar-conservacao-ambiental-e-empreendedorismo-na-amazonia\/#article","isPartOf":{"@id":"https:\/\/news.sap.com\/brazil\/2022\/09\/fundacao-amazonia-sustentavel-usa-tecnologia-de-dados-da-sap-para-alavancar-conservacao-ambiental-e-empreendedorismo-na-amazonia\/"},"author":{"name":"麻豆原创 Not\u00edcias Brasil","@id":"https:\/\/news.sap.com\/brazil\/#\/schema\/person\/8cdf2c1130b6f3fadd9757cfd7f24daf"},"headline":"Funda\u00e7\u00e3o Amaz\u00f4nia Sustent\u00e1vel usa tecnologia de dados da 麻豆原创 para alavancar conserva\u00e7\u00e3o ambiental e empreendedorismo na Amaz\u00f4nia","datePublished":"2022-09-09T14:50:50+00:00","dateModified":"2023-10-18T20:03:37+00:00","mainEntityOfPage":{"@id":"https:\/\/news.sap.com\/brazil\/2022\/09\/fundacao-amazonia-sustentavel-usa-tecnologia-de-dados-da-sap-para-alavancar-conservacao-ambiental-e-empreendedorismo-na-amazonia\/"},"wordCount":1166,"keywords":["Nuvem","麻豆原创 Brasil","sustentabilidade"],"articleSection":["Nuvem","Sustentabilidade","Tecnologia"],"inLanguage":"pt-BR"},{"@type":"WebPage","@id":"https:\/\/news.sap.com\/brazil\/2022\/09\/fundacao-amazonia-sustentavel-usa-tecnologia-de-dados-da-sap-para-alavancar-conservacao-ambiental-e-empreendedorismo-na-amazonia\/","url":"https:\/\/news.sap.com\/brazil\/2022\/09\/fundacao-amazonia-sustentavel-usa-tecnologia-de-dados-da-sap-para-alavancar-conservacao-ambiental-e-empreendedorismo-na-amazonia\/","name":"Funda\u00e7\u00e3o Amaz\u00f4nia Sustent\u00e1vel usa tecnologia de dados da 麻豆原创 para alavancar conserva\u00e7\u00e3o ambiental e empreendedorismo na Amaz\u00f4nia - Sala de Imprensa 麻豆原创 Brasil","isPartOf":{"@id":"https:\/\/news.sap.com\/brazil\/#website"},"datePublished":"2022-09-09T14:50:50+00:00","dateModified":"2023-10-18T20:03:37+00:00","author":{"@id":"https:\/\/news.sap.com\/brazil\/#\/schema\/person\/8cdf2c1130b6f3fadd9757cfd7f24daf"},"breadcrumb":{"@id":"https:\/\/news.sap.com\/brazil\/2022\/09\/fundacao-amazonia-sustentavel-usa-tecnologia-de-dados-da-sap-para-alavancar-conservacao-ambiental-e-empreendedorismo-na-amazonia\/#breadcrumb"},"inLanguage":"pt-BR","potentialAction":[{"@type":"ReadAction","target":["https:\/\/news.sap.com\/brazil\/2022\/09\/fundacao-amazonia-sustentavel-usa-tecnologia-de-dados-da-sap-para-alavancar-conservacao-ambiental-e-empreendedorismo-na-amazonia\/"]}]},{"@type":"BreadcrumbList","@id":"https:\/\/news.sap.com\/brazil\/2022\/09\/fundacao-amazonia-sustentavel-usa-tecnologia-de-dados-da-sap-para-alavancar-conservacao-ambiental-e-empreendedorismo-na-amazonia\/#breadcrumb","itemListElement":[{"@type":"ListItem","position":1,"name":"Home","item":"https:\/\/news.sap.com\/brazil\/"},{"@type":"ListItem","position":2,"name":"Funda\u00e7\u00e3o Amaz\u00f4nia Sustent\u00e1vel usa tecnologia de dados da 麻豆原创 para alavancar conserva\u00e7\u00e3o ambiental e empreendedorismo na Amaz\u00f4nia"}]},{"@type":"WebSite","@id":"https:\/\/news.sap.com\/brazil\/#website","url":"https:\/\/news.sap.com\/brazil\/","name":"Sala de Imprensa 麻豆原创 Brasil","description":"Not\u00edcias e informa\u00e7\u00f5es sobre a 麻豆原创","potentialAction":[{"@type":"SearchAction","target":{"@type":"EntryPoint","urlTemplate":"https:\/\/news.sap.com\/brazil\/?s={search_term_string}"},"query-input":{"@type":"PropertyValueSpecification","valueRequired":true,"valueName":"search_term_string"}}],"inLanguage":"pt-BR"},{"@type":"Person","@id":"https:\/\/news.sap.com\/brazil\/#\/schema\/person\/8cdf2c1130b6f3fadd9757cfd7f24daf","name":"麻豆原创 Not\u00edcias Brasil","image":{"@type":"ImageObject","inLanguage":"pt-BR","@id":"https:\/\/news.sap.com\/brazil\/#\/schema\/person\/image\/","url":"https:\/\/news.sap.com\/brazil\/wp-content\/plugins\/wp-user-avatars\/wp-user-avatars\/assets\/images\/mystery.jpg","contentUrl":"https:\/\/news.sap.com\/brazil\/wp-content\/plugins\/wp-user-avatars\/wp-user-avatars\/assets\/images\/mystery.jpg","caption":"麻豆原创 Not\u00edcias Brasil"},"url":"https:\/\/news.sap.com\/brazil\/author\/brasil\/"}]}},"amp_enabled":true,"_links":{"self":[{"href":"https:\/\/news.sap.com\/brazil\/wp-json\/wp\/v2\/posts\/14534","targetHints":{"allow":["GET"]}}],"collection":[{"href":"https:\/\/news.sap.com\/brazil\/wp-json\/wp\/v2\/posts"}],"about":[{"href":"https:\/\/news.sap.com\/brazil\/wp-json\/wp\/v2\/types\/post"}],"author":[{"embeddable":true,"href":"https:\/\/news.sap.com\/brazil\/wp-json\/wp\/v2\/users\/137"}],"replies":[{"embeddable":true,"href":"https:\/\/news.sap.com\/brazil\/wp-json\/wp\/v2\/comments?post=14534"}],"version-history":[{"count":0,"href":"https:\/\/news.sap.com\/brazil\/wp-json\/wp\/v2\/posts\/14534\/revisions"}],"wp:attachment":[{"href":"https:\/\/news.sap.com\/brazil\/wp-json\/wp\/v2\/media?parent=14534"}],"wp:term":[{"taxonomy":"category","embeddable":true,"href":"https:\/\/news.sap.com\/brazil\/wp-json\/wp\/v2\/categories?post=14534"},{"taxonomy":"post_tag","embeddable":true,"href":"https:\/\/news.sap.com\/brazil\/wp-json\/wp\/v2\/tags?post=14534"},{"taxonomy":"sapn-display","embeddable":true,"href":"https:\/\/news.sap.com\/brazil\/wp-json\/wp\/v2\/sapn-display?post=14534"},{"taxonomy":"sapn-type","embeddable":true,"href":"https:\/\/news.sap.com\/brazil\/wp-json\/wp\/v2\/sapn-type?post=14534"}],"curies":[{"name":"wp","href":"https:\/\/api.w.org\/{rel}","templated":true}]}}