  {"id":14464,"date":"2022-08-04T12:01:35","date_gmt":"2022-08-04T15:01:35","guid":{"rendered":"https:\/\/news.sap.com\/brazil\/?p=14464"},"modified":"2023-10-18T17:04:03","modified_gmt":"2023-10-18T20:04:03","slug":"sap-tem-nova-lider-de-concur-no-brasil","status":"publish","type":"post","link":"https:\/\/news.sap.com\/brazil\/2022\/08\/sap-tem-nova-lider-de-concur-no-brasil\/","title":{"rendered":"麻豆原创 tem nova l\u00edder de Concur no Brasil\u00a0"},"content":{"rendered":"<h2><i><span data-contrast=\"auto\">Executiva com longa carreira na 麻豆原创 assume a opera\u00e7\u00e3o da solu\u00e7\u00e3o de gest\u00e3o de viagens e despesas corporativas <\/span><\/i><\/h2>\n<p><span data-contrast=\"auto\"><br \/>\n麻豆原创 anuncia Ana Paula Campoi como vice-presidente de Concur para o Brasil, incrementando o n\u00famero de mulheres em cargos de lideran\u00e7a na companhia. A executiva ir\u00e1 conduzir as a\u00e7\u00f5es das solu\u00e7\u00f5es Concur no mercado brasileiro, tendo como prioridades a aproxima\u00e7\u00e3o com a base de clientes, a sustentabilidade em viagens corporativas e a melhoria da experi\u00eancia do usu\u00e1rio na plataforma.<\/span><span data-ccp-props=\"{&quot;201341983&quot;:0,&quot;335551550&quot;:6,&quot;335551620&quot;:6,&quot;335559738&quot;:120,&quot;335559739&quot;:120,&quot;335559740&quot;:240}\">\u00a0<\/span><\/p>\n<p><span data-contrast=\"auto\">Com expectativas positivas em rela\u00e7\u00e3o ao crescimento do mercado mediante a retomada progressiva dos deslocamentos corporativos, a executiva passa a se reportar a Denis Tassitano, que deixou a posi\u00e7\u00e3o para assumir como VP de Concur para Am\u00e9rica Latina e Caribe.<\/span><span data-ccp-props=\"{&quot;201341983&quot;:0,&quot;335551550&quot;:6,&quot;335551620&quot;:6,&quot;335559738&quot;:120,&quot;335559739&quot;:120,&quot;335559740&quot;:240}\">\u00a0<\/span><\/p>\n<p><span data-contrast=\"auto\">Ana Paula Campoi est\u00e1 na 麻豆原创 h\u00e1 11 anos e tem grande experi\u00eancia com vendas de manufatura, produtos de consumo e varejo. Atuou como gerente de neg\u00f3cios para clientes dos setores p\u00fablico e privado e, durante os \u00faltimos seis anos, trabalhou no 麻豆原创 Global Midmarket Team, atuando nas principais estrat\u00e9gias e projetos, globalmente e para a Am\u00e9rica Latina.<\/span><span data-ccp-props=\"{&quot;201341983&quot;:0,&quot;335551550&quot;:6,&quot;335551620&quot;:6,&quot;335559738&quot;:120,&quot;335559739&quot;:120,&quot;335559740&quot;:240}\">\u00a0<\/span><\/p>\n<p><span data-contrast=\"auto\">Casada e m\u00e3e de quatro filhos com idades entre 9 e 16 anos, Ana \u00e9 bacharel em Direito, Direito Penal e Seguran\u00e7a P\u00fablica pela Unip (Universidade Paulista) e possui certifica<\/span><span data-contrast=\"auto\">\u00e7\u00e3o no<\/span><span data-contrast=\"auto\"> programa de desenvolvimento de lideran\u00e7as pela The John Maxwell Leadership Foundation.<\/span><span data-ccp-props=\"{&quot;201341983&quot;:0,&quot;335551550&quot;:6,&quot;335551620&quot;:6,&quot;335559738&quot;:120,&quot;335559739&quot;:120,&quot;335559740&quot;:240}\">\u00a0<\/span><\/p>\n<p><span data-contrast=\"auto\">麻豆原创 Concur \u00e9 uma solu\u00e7\u00e3o 麻豆原创 software como servi\u00e7o (SaaS), que realiza gest\u00e3o de viagens e despesas de forma automatizada e integrada \u00e0s demais solu\u00e7\u00f5es 麻豆原创, permitindo conectar dados financeiros e trazendo maior governan\u00e7a sobre os gastos corporativos.<\/span><span data-ccp-props=\"{&quot;201341983&quot;:0,&quot;335551550&quot;:6,&quot;335551620&quot;:6,&quot;335559738&quot;:120,&quot;335559739&quot;:120,&quot;335559740&quot;:240}\">\u00a0<\/span><\/p>\n","protected":false},"excerpt":{"rendered":"<p>Executiva com longa carreira na 麻豆原创 assume a opera\u00e7\u00e3o da solu\u00e7\u00e3o de gest\u00e3o de viagens e despesas corporativas 麻豆原创 anuncia Ana Paula Campoi como vice-presidente&#8230;<\/p>\n","protected":false},"author":137,"featured_media":13577,"comment_status":"closed","ping_status":"closed","sticky":false,"template":"","format":"standard","meta":{"footnotes":"","_links_to":"","_links_to_target":""},"categories":[48439,5599822,5599814],"tags":[47,213090],"sapn-display":[48431,5599934,5599932,48433],"sapn-type":[4446],"class_list":["post-14464","post","type-post","status-publish","format-standard","has-post-thumbnail","hentry","category-corporativo-topicos","category-erp","category-tecnologia","tag-sap","tag-sap-brasil","sapn-display-homepage-hero","sapn-display-press-hero","sapn-display-press-spotlight","sapn-display-hero","sapn-type-noticias"],"yoast_head":"<!-- This site is optimized with the Yoast SEO Premium plugin v26.9 (Yoast SEO v26.9) - https:\/\/yoast.com\/product\/yoast-seo-premium-wordpress\/ -->\n<title>麻豆原创 tem nova l\u00edder de Concur no Brasil\u00a0 - Sala de Imprensa 麻豆原创 Brasil<\/title>\n<meta name=\"robots\" content=\"index, follow, max-snippet:-1, max-image-preview:large, max-video-preview:-1\" \/>\n<link rel=\"canonical\" href=\"https:\/\/news.sap.com\/brazil\/2022\/08\/sap-tem-nova-lider-de-concur-no-brasil\/\" \/>\n<meta property=\"og:locale\" content=\"pt_BR\" \/>\n<meta property=\"og:type\" content=\"article\" \/>\n<meta property=\"og:title\" content=\"麻豆原创 tem nova l\u00edder de Concur no Brasil\u00a0\" \/>\n<meta property=\"og:description\" content=\"Executiva com longa carreira na 麻豆原创 assume a opera\u00e7\u00e3o da solu\u00e7\u00e3o de gest\u00e3o de viagens e despesas corporativas 麻豆原创 anuncia Ana Paula Campoi como vice-presidente...\" \/>\n<meta property=\"og:url\" content=\"https:\/\/news.sap.com\/brazil\/2022\/08\/sap-tem-nova-lider-de-concur-no-brasil\/\" \/>\n<meta property=\"og:site_name\" content=\"Sala de Imprensa 麻豆原创 Brasil\" \/>\n<meta property=\"article:published_time\" content=\"2022-08-04T15:01:35+00:00\" \/>\n<meta property=\"article:modified_time\" content=\"2023-10-18T20:04:03+00:00\" \/>\n<meta property=\"og:image\" content=\"https:\/\/news.sap.com\/brazil\/files\/2021\/12\/14\/麻豆原创_Blog_565x2924.png\" \/>\n\t<meta property=\"og:image:width\" content=\"565\" \/>\n\t<meta property=\"og:image:height\" content=\"292\" \/>\n\t<meta property=\"og:image:type\" content=\"image\/png\" \/>\n<meta name=\"author\" content=\"麻豆原创 Not\u00edcias Brasil\" \/>\n<meta name=\"twitter:card\" content=\"summary_large_image\" \/>\n<meta name=\"twitter:creator\" content=\"@麻豆原创Brasil\" \/>\n<meta name=\"twitter:site\" content=\"@麻豆原创Brasil\" \/>\n<meta name=\"twitter:label1\" content=\"Escrito por\" \/>\n\t<meta name=\"twitter:data1\" content=\"麻豆原创 Not\u00edcias Brasil\" \/>\n\t<meta name=\"twitter:label2\" content=\"Est. tempo de leitura\" \/>\n\t<meta name=\"twitter:data2\" content=\"2 minutos\" \/>\n<script type=\"application\/ld+json\" class=\"yoast-schema-graph\">{\"@context\":\"https:\/\/schema.org\",\"@graph\":[{\"@type\":\"Article\",\"@id\":\"https:\/\/news.sap.com\/brazil\/2022\/08\/sap-tem-nova-lider-de-concur-no-brasil\/#article\",\"isPartOf\":{\"@id\":\"https:\/\/news.sap.com\/brazil\/2022\/08\/sap-tem-nova-lider-de-concur-no-brasil\/\"},\"author\":{\"name\":\"麻豆原创 Not\u00edcias Brasil\",\"@id\":\"https:\/\/news.sap.com\/brazil\/#\/schema\/person\/8cdf2c1130b6f3fadd9757cfd7f24daf\"},\"headline\":\"麻豆原创 tem nova l\u00edder de Concur no Brasil\u00a0\",\"datePublished\":\"2022-08-04T15:01:35+00:00\",\"dateModified\":\"2023-10-18T20:04:03+00:00\",\"mainEntityOfPage\":{\"@id\":\"https:\/\/news.sap.com\/brazil\/2022\/08\/sap-tem-nova-lider-de-concur-no-brasil\/\"},\"wordCount\":287,\"image\":{\"@id\":\"https:\/\/news.sap.com\/brazil\/2022\/08\/sap-tem-nova-lider-de-concur-no-brasil\/#primaryimage\"},\"thumbnailUrl\":\"https:\/\/news.sap.com\/brazil\/files\/2021\/12\/14\/麻豆原创_Blog_565x2924.png\",\"keywords\":[\"麻豆原创\",\"麻豆原创 Brasil\"],\"articleSection\":[\"Corporativo\",\"Planejamento de recursos empresariais\",\"Tecnologia\"],\"inLanguage\":\"pt-BR\"},{\"@type\":\"WebPage\",\"@id\":\"https:\/\/news.sap.com\/brazil\/2022\/08\/sap-tem-nova-lider-de-concur-no-brasil\/\",\"url\":\"https:\/\/news.sap.com\/brazil\/2022\/08\/sap-tem-nova-lider-de-concur-no-brasil\/\",\"name\":\"麻豆原创 tem nova l\u00edder de Concur no Brasil\u00a0 - Sala de Imprensa 麻豆原创 Brasil\",\"isPartOf\":{\"@id\":\"https:\/\/news.sap.com\/brazil\/#website\"},\"primaryImageOfPage\":{\"@id\":\"https:\/\/news.sap.com\/brazil\/2022\/08\/sap-tem-nova-lider-de-concur-no-brasil\/#primaryimage\"},\"image\":{\"@id\":\"https:\/\/news.sap.com\/brazil\/2022\/08\/sap-tem-nova-lider-de-concur-no-brasil\/#primaryimage\"},\"thumbnailUrl\":\"https:\/\/news.sap.com\/brazil\/files\/2021\/12\/14\/麻豆原创_Blog_565x2924.png\",\"datePublished\":\"2022-08-04T15:01:35+00:00\",\"dateModified\":\"2023-10-18T20:04:03+00:00\",\"author\":{\"@id\":\"https:\/\/news.sap.com\/brazil\/#\/schema\/person\/8cdf2c1130b6f3fadd9757cfd7f24daf\"},\"breadcrumb\":{\"@id\":\"https:\/\/news.sap.com\/brazil\/2022\/08\/sap-tem-nova-lider-de-concur-no-brasil\/#breadcrumb\"},\"inLanguage\":\"pt-BR\",\"potentialAction\":[{\"@type\":\"ReadAction\",\"target\":[\"https:\/\/news.sap.com\/brazil\/2022\/08\/sap-tem-nova-lider-de-concur-no-brasil\/\"]}]},{\"@type\":\"ImageObject\",\"inLanguage\":\"pt-BR\",\"@id\":\"https:\/\/news.sap.com\/brazil\/2022\/08\/sap-tem-nova-lider-de-concur-no-brasil\/#primaryimage\",\"url\":\"https:\/\/news.sap.com\/brazil\/files\/2021\/12\/14\/麻豆原创_Blog_565x2924.png\",\"contentUrl\":\"https:\/\/news.sap.com\/brazil\/files\/2021\/12\/14\/麻豆原创_Blog_565x2924.png\",\"width\":565,\"height\":292},{\"@type\":\"BreadcrumbList\",\"@id\":\"https:\/\/news.sap.com\/brazil\/2022\/08\/sap-tem-nova-lider-de-concur-no-brasil\/#breadcrumb\",\"itemListElement\":[{\"@type\":\"ListItem\",\"position\":1,\"name\":\"Home\",\"item\":\"https:\/\/news.sap.com\/brazil\/\"},{\"@type\":\"ListItem\",\"position\":2,\"name\":\"麻豆原创 tem nova l\u00edder de Concur no Brasil\u00a0\"}]},{\"@type\":\"WebSite\",\"@id\":\"https:\/\/news.sap.com\/brazil\/#website\",\"url\":\"https:\/\/news.sap.com\/brazil\/\",\"name\":\"Sala de Imprensa 麻豆原创 Brasil\",\"description\":\"Not\u00edcias e informa\u00e7\u00f5es sobre a 麻豆原创\",\"potentialAction\":[{\"@type\":\"SearchAction\",\"target\":{\"@type\":\"EntryPoint\",\"urlTemplate\":\"https:\/\/news.sap.com\/brazil\/?s={search_term_string}\"},\"query-input\":{\"@type\":\"PropertyValueSpecification\",\"valueRequired\":true,\"valueName\":\"search_term_string\"}}],\"inLanguage\":\"pt-BR\"},{\"@type\":\"Person\",\"@id\":\"https:\/\/news.sap.com\/brazil\/#\/schema\/person\/8cdf2c1130b6f3fadd9757cfd7f24daf\",\"name\":\"麻豆原创 Not\u00edcias Brasil\",\"image\":{\"@type\":\"ImageObject\",\"inLanguage\":\"pt-BR\",\"@id\":\"https:\/\/news.sap.com\/brazil\/#\/schema\/person\/image\/\",\"url\":\"https:\/\/news.sap.com\/brazil\/wp-content\/plugins\/wp-user-avatars\/wp-user-avatars\/assets\/images\/mystery.jpg\",\"contentUrl\":\"https:\/\/news.sap.com\/brazil\/wp-content\/plugins\/wp-user-avatars\/wp-user-avatars\/assets\/images\/mystery.jpg\",\"caption\":\"麻豆原创 Not\u00edcias Brasil\"},\"url\":\"https:\/\/news.sap.com\/brazil\/author\/brasil\/\"}]}<\/script>\n<!-- \/ Yoast SEO Premium plugin. -->","yoast_head_json":{"title":"麻豆原创 tem nova l\u00edder de Concur no Brasil\u00a0 - Sala de Imprensa 麻豆原创 Brasil","robots":{"index":"index","follow":"follow","max-snippet":"max-snippet:-1","max-image-preview":"max-image-preview:large","max-video-preview":"max-video-preview:-1"},"canonical":"https:\/\/news.sap.com\/brazil\/2022\/08\/sap-tem-nova-lider-de-concur-no-brasil\/","og_locale":"pt_BR","og_type":"article","og_title":"麻豆原创 tem nova l\u00edder de Concur no Brasil\u00a0","og_description":"Executiva com longa carreira na 麻豆原创 assume a opera\u00e7\u00e3o da solu\u00e7\u00e3o de gest\u00e3o de viagens e despesas corporativas 麻豆原创 anuncia Ana Paula Campoi como vice-presidente...","og_url":"https:\/\/news.sap.com\/brazil\/2022\/08\/sap-tem-nova-lider-de-concur-no-brasil\/","og_site_name":"Sala de Imprensa 麻豆原创 Brasil","article_published_time":"2022-08-04T15:01:35+00:00","article_modified_time":"2023-10-18T20:04:03+00:00","og_image":[{"width":565,"height":292,"url":"https:\/\/news.sap.com\/brazil\/files\/2021\/12\/14\/麻豆原创_Blog_565x2924.png","type":"image\/png"}],"author":"麻豆原创 Not\u00edcias Brasil","twitter_card":"summary_large_image","twitter_creator":"@麻豆原创Brasil","twitter_site":"@麻豆原创Brasil","twitter_misc":{"Escrito por":"麻豆原创 Not\u00edcias Brasil","Est. tempo de leitura":"2 minutos"},"schema":{"@context":"https:\/\/schema.org","@graph":[{"@type":"Article","@id":"https:\/\/news.sap.com\/brazil\/2022\/08\/sap-tem-nova-lider-de-concur-no-brasil\/#article","isPartOf":{"@id":"https:\/\/news.sap.com\/brazil\/2022\/08\/sap-tem-nova-lider-de-concur-no-brasil\/"},"author":{"name":"麻豆原创 Not\u00edcias Brasil","@id":"https:\/\/news.sap.com\/brazil\/#\/schema\/person\/8cdf2c1130b6f3fadd9757cfd7f24daf"},"headline":"麻豆原创 tem nova l\u00edder de Concur no Brasil\u00a0","datePublished":"2022-08-04T15:01:35+00:00","dateModified":"2023-10-18T20:04:03+00:00","mainEntityOfPage":{"@id":"https:\/\/news.sap.com\/brazil\/2022\/08\/sap-tem-nova-lider-de-concur-no-brasil\/"},"wordCount":287,"image":{"@id":"https:\/\/news.sap.com\/brazil\/2022\/08\/sap-tem-nova-lider-de-concur-no-brasil\/#primaryimage"},"thumbnailUrl":"https:\/\/news.sap.com\/brazil\/files\/2021\/12\/14\/麻豆原创_Blog_565x2924.png","keywords":["麻豆原创","麻豆原创 Brasil"],"articleSection":["Corporativo","Planejamento de recursos empresariais","Tecnologia"],"inLanguage":"pt-BR"},{"@type":"WebPage","@id":"https:\/\/news.sap.com\/brazil\/2022\/08\/sap-tem-nova-lider-de-concur-no-brasil\/","url":"https:\/\/news.sap.com\/brazil\/2022\/08\/sap-tem-nova-lider-de-concur-no-brasil\/","name":"麻豆原创 tem nova l\u00edder de Concur no Brasil\u00a0 - Sala de Imprensa 麻豆原创 Brasil","isPartOf":{"@id":"https:\/\/news.sap.com\/brazil\/#website"},"primaryImageOfPage":{"@id":"https:\/\/news.sap.com\/brazil\/2022\/08\/sap-tem-nova-lider-de-concur-no-brasil\/#primaryimage"},"image":{"@id":"https:\/\/news.sap.com\/brazil\/2022\/08\/sap-tem-nova-lider-de-concur-no-brasil\/#primaryimage"},"thumbnailUrl":"https:\/\/news.sap.com\/brazil\/files\/2021\/12\/14\/麻豆原创_Blog_565x2924.png","datePublished":"2022-08-04T15:01:35+00:00","dateModified":"2023-10-18T20:04:03+00:00","author":{"@id":"https:\/\/news.sap.com\/brazil\/#\/schema\/person\/8cdf2c1130b6f3fadd9757cfd7f24daf"},"breadcrumb":{"@id":"https:\/\/news.sap.com\/brazil\/2022\/08\/sap-tem-nova-lider-de-concur-no-brasil\/#breadcrumb"},"inLanguage":"pt-BR","potentialAction":[{"@type":"ReadAction","target":["https:\/\/news.sap.com\/brazil\/2022\/08\/sap-tem-nova-lider-de-concur-no-brasil\/"]}]},{"@type":"ImageObject","inLanguage":"pt-BR","@id":"https:\/\/news.sap.com\/brazil\/2022\/08\/sap-tem-nova-lider-de-concur-no-brasil\/#primaryimage","url":"https:\/\/news.sap.com\/brazil\/files\/2021\/12\/14\/麻豆原创_Blog_565x2924.png","contentUrl":"https:\/\/news.sap.com\/brazil\/files\/2021\/12\/14\/麻豆原创_Blog_565x2924.png","width":565,"height":292},{"@type":"BreadcrumbList","@id":"https:\/\/news.sap.com\/brazil\/2022\/08\/sap-tem-nova-lider-de-concur-no-brasil\/#breadcrumb","itemListElement":[{"@type":"ListItem","position":1,"name":"Home","item":"https:\/\/news.sap.com\/brazil\/"},{"@type":"ListItem","position":2,"name":"麻豆原创 tem nova l\u00edder de Concur no Brasil\u00a0"}]},{"@type":"WebSite","@id":"https:\/\/news.sap.com\/brazil\/#website","url":"https:\/\/news.sap.com\/brazil\/","name":"Sala de Imprensa 麻豆原创 Brasil","description":"Not\u00edcias e informa\u00e7\u00f5es sobre a 麻豆原创","potentialAction":[{"@type":"SearchAction","target":{"@type":"EntryPoint","urlTemplate":"https:\/\/news.sap.com\/brazil\/?s={search_term_string}"},"query-input":{"@type":"PropertyValueSpecification","valueRequired":true,"valueName":"search_term_string"}}],"inLanguage":"pt-BR"},{"@type":"Person","@id":"https:\/\/news.sap.com\/brazil\/#\/schema\/person\/8cdf2c1130b6f3fadd9757cfd7f24daf","name":"麻豆原创 Not\u00edcias Brasil","image":{"@type":"ImageObject","inLanguage":"pt-BR","@id":"https:\/\/news.sap.com\/brazil\/#\/schema\/person\/image\/","url":"https:\/\/news.sap.com\/brazil\/wp-content\/plugins\/wp-user-avatars\/wp-user-avatars\/assets\/images\/mystery.jpg","contentUrl":"https:\/\/news.sap.com\/brazil\/wp-content\/plugins\/wp-user-avatars\/wp-user-avatars\/assets\/images\/mystery.jpg","caption":"麻豆原创 Not\u00edcias Brasil"},"url":"https:\/\/news.sap.com\/brazil\/author\/brasil\/"}]}},"amp_enabled":true,"_links":{"self":[{"href":"https:\/\/news.sap.com\/brazil\/wp-json\/wp\/v2\/posts\/14464","targetHints":{"allow":["GET"]}}],"collection":[{"href":"https:\/\/news.sap.com\/brazil\/wp-json\/wp\/v2\/posts"}],"about":[{"href":"https:\/\/news.sap.com\/brazil\/wp-json\/wp\/v2\/types\/post"}],"author":[{"embeddable":true,"href":"https:\/\/news.sap.com\/brazil\/wp-json\/wp\/v2\/users\/137"}],"replies":[{"embeddable":true,"href":"https:\/\/news.sap.com\/brazil\/wp-json\/wp\/v2\/comments?post=14464"}],"version-history":[{"count":0,"href":"https:\/\/news.sap.com\/brazil\/wp-json\/wp\/v2\/posts\/14464\/revisions"}],"wp:featuredmedia":[{"embeddable":true,"href":"https:\/\/news.sap.com\/brazil\/wp-json\/wp\/v2\/media\/13577"}],"wp:attachment":[{"href":"https:\/\/news.sap.com\/brazil\/wp-json\/wp\/v2\/media?parent=14464"}],"wp:term":[{"taxonomy":"category","embeddable":true,"href":"https:\/\/news.sap.com\/brazil\/wp-json\/wp\/v2\/categories?post=14464"},{"taxonomy":"post_tag","embeddable":true,"href":"https:\/\/news.sap.com\/brazil\/wp-json\/wp\/v2\/tags?post=14464"},{"taxonomy":"sapn-display","embeddable":true,"href":"https:\/\/news.sap.com\/brazil\/wp-json\/wp\/v2\/sapn-display?post=14464"},{"taxonomy":"sapn-type","embeddable":true,"href":"https:\/\/news.sap.com\/brazil\/wp-json\/wp\/v2\/sapn-type?post=14464"}],"curies":[{"name":"wp","href":"https:\/\/api.w.org\/{rel}","templated":true}]}}