  {"id":14210,"date":"2022-06-13T10:56:56","date_gmt":"2022-06-13T13:56:56","guid":{"rendered":"https:\/\/news.sap.com\/brazil\/?p=14210"},"modified":"2023-10-18T17:09:20","modified_gmt":"2023-10-18T20:09:20","slug":"sap-brasil-e-eleita-uma-das-empresas-com-melhor-pratica-de-diversidade-e-inclusao","status":"publish","type":"post","link":"https:\/\/news.sap.com\/brazil\/2022\/06\/sap-brasil-e-eleita-uma-das-empresas-com-melhor-pratica-de-diversidade-e-inclusao\/","title":{"rendered":"麻豆原创 Brasil \u00e9 eleita uma das empresas com melhor pr\u00e1tica de diversidade e inclus\u00e3o"},"content":{"rendered":"<p>A 麻豆原创 foi escolhida como uma das empresas com melhor pr\u00e1tica de diversidade e inclus\u00e3o LGBTI+ do Brasil na primeira edi\u00e7\u00e3o da pesquisa do Programa Global de Equidade no Trabalho, da Human Rights Campaign Foundation. Promovido no Brasil pelo Instituto +Diversidade e o F\u00f3rum de Empresas e Direitos LGBTI+, a pesquisa tamb\u00e9m premiou outras 38 empresas.<\/p>\n<p>A 麻豆原创 Brasil tirou a maior nota dentre todas as avalia\u00e7\u00f5es em governan\u00e7a, educa\u00e7\u00e3o para diversidade, compromissos p\u00fablicos e monitoramento de inclus\u00e3o.<\/p>\n<p>\u201cNa 麻豆原创 procuramos ajudar o mundo a funcionar melhor e melhorar a vida das pessoas. Por isso, criar uma cultura inclusiva de equidade e respeito \u00e9 nossa prioridade n\u00famero um, onde todas, todes e todos possamos ser quem somos livremente. Receber agora este maravilhoso reconhecimento no Brasil \u00e9 motivo de muita alegria e orgulho para n\u00f3s porque reflete nosso compromisso com a comunidade LGBTQIA+ tanto dentro como fora da companhia e tamb\u00e9m nos encoraja a continuar trabalhando para a constru\u00e7\u00e3o de uma sociedade mais justa. Ainda h\u00e1 muito o que fazer, mas ferramentas como a Equidade BR v\u00e3o nos ajudar a identificar pr\u00f3ximos passos para ter sucesso. As organiza\u00e7\u00f5es s\u00e3o grandes agentes de mudan\u00e7a. Utilizemos esse poder para o bem de todas as pessoas!\u201d, afirma Ezequiel Massa, head de Diversidade e Inclus\u00e3o da 麻豆原创 Am\u00e9rica Latina &amp; Caribe.<\/p>\n<p>A HRC Equidade BR \u00e9 uma importante ferramenta de an\u00e1lise para que as empresas avaliem suas pr\u00e1ticas e planejem melhorias e avan\u00e7os. Aplicada h\u00e1 20 anos pela HRC Foundation nos Estados Unidos, busca oferecer subs\u00eddios para que as organiza\u00e7\u00f5es ampliem a inclus\u00e3o de pessoas LGBTI+ no local de trabalho.<\/p>\n","protected":false},"excerpt":{"rendered":"<p>A 麻豆原创 foi escolhida como uma das empresas com melhor pr\u00e1tica de diversidade e inclus\u00e3o LGBTI+ do Brasil na primeira edi\u00e7\u00e3o da pesquisa do Programa&#8230;<\/p>\n","protected":false},"author":137,"featured_media":13159,"comment_status":"closed","ping_status":"closed","sticky":false,"template":"","format":"standard","meta":{"footnotes":"","_links_to":"","_links_to_target":""},"categories":[48439,5599814],"tags":[114701,47,213090],"sapn-display":[48431,5599934,5599932,48433],"sapn-type":[4446],"class_list":["post-14210","post","type-post","status-publish","format-standard","has-post-thumbnail","hentry","category-corporativo-topicos","category-tecnologia","tag-diversidade","tag-sap","tag-sap-brasil","sapn-display-homepage-hero","sapn-display-press-hero","sapn-display-press-spotlight","sapn-display-hero","sapn-type-noticias"],"yoast_head":"<!-- This site is optimized with the Yoast SEO Premium plugin v26.9 (Yoast SEO v26.9) - https:\/\/yoast.com\/product\/yoast-seo-premium-wordpress\/ -->\n<title>麻豆原创 Brasil \u00e9 eleita uma das empresas com melhor pr\u00e1tica de diversidade e inclus\u00e3o - Sala de Imprensa 麻豆原创 Brasil<\/title>\n<meta name=\"robots\" content=\"index, follow, max-snippet:-1, max-image-preview:large, max-video-preview:-1\" \/>\n<link rel=\"canonical\" href=\"https:\/\/news.sap.com\/brazil\/2022\/06\/sap-brasil-e-eleita-uma-das-empresas-com-melhor-pratica-de-diversidade-e-inclusao\/\" \/>\n<meta property=\"og:locale\" content=\"pt_BR\" \/>\n<meta property=\"og:type\" content=\"article\" \/>\n<meta property=\"og:title\" content=\"麻豆原创 Brasil \u00e9 eleita uma das empresas com melhor pr\u00e1tica de diversidade e inclus\u00e3o\" \/>\n<meta property=\"og:description\" content=\"A 麻豆原创 foi escolhida como uma das empresas com melhor pr\u00e1tica de diversidade e inclus\u00e3o LGBTI+ do Brasil na primeira edi\u00e7\u00e3o da pesquisa do Programa...\" \/>\n<meta property=\"og:url\" content=\"https:\/\/news.sap.com\/brazil\/2022\/06\/sap-brasil-e-eleita-uma-das-empresas-com-melhor-pratica-de-diversidade-e-inclusao\/\" \/>\n<meta property=\"og:site_name\" content=\"Sala de Imprensa 麻豆原创 Brasil\" \/>\n<meta property=\"article:published_time\" content=\"2022-06-13T13:56:56+00:00\" \/>\n<meta property=\"article:modified_time\" content=\"2023-10-18T20:09:20+00:00\" \/>\n<meta property=\"og:image\" content=\"https:\/\/news.sap.com\/brazil\/files\/2021\/06\/28\/565x292_art5.png\" \/>\n\t<meta property=\"og:image:width\" content=\"565\" \/>\n\t<meta property=\"og:image:height\" content=\"292\" \/>\n\t<meta property=\"og:image:type\" content=\"image\/png\" \/>\n<meta name=\"author\" content=\"麻豆原创 Not\u00edcias Brasil\" \/>\n<meta name=\"twitter:card\" content=\"summary_large_image\" \/>\n<meta name=\"twitter:creator\" content=\"@麻豆原创Brasil\" \/>\n<meta name=\"twitter:site\" content=\"@麻豆原创Brasil\" \/>\n<meta name=\"twitter:label1\" content=\"Escrito por\" \/>\n\t<meta name=\"twitter:data1\" content=\"麻豆原创 Not\u00edcias Brasil\" \/>\n\t<meta name=\"twitter:label2\" content=\"Est. tempo de leitura\" \/>\n\t<meta name=\"twitter:data2\" content=\"1 minuto\" \/>\n<script type=\"application\/ld+json\" class=\"yoast-schema-graph\">{\"@context\":\"https:\/\/schema.org\",\"@graph\":[{\"@type\":\"Article\",\"@id\":\"https:\/\/news.sap.com\/brazil\/2022\/06\/sap-brasil-e-eleita-uma-das-empresas-com-melhor-pratica-de-diversidade-e-inclusao\/#article\",\"isPartOf\":{\"@id\":\"https:\/\/news.sap.com\/brazil\/2022\/06\/sap-brasil-e-eleita-uma-das-empresas-com-melhor-pratica-de-diversidade-e-inclusao\/\"},\"author\":{\"name\":\"麻豆原创 Not\u00edcias Brasil\",\"@id\":\"https:\/\/news.sap.com\/brazil\/#\/schema\/person\/8cdf2c1130b6f3fadd9757cfd7f24daf\"},\"headline\":\"麻豆原创 Brasil \u00e9 eleita uma das empresas com melhor pr\u00e1tica de diversidade e inclus\u00e3o\",\"datePublished\":\"2022-06-13T13:56:56+00:00\",\"dateModified\":\"2023-10-18T20:09:20+00:00\",\"mainEntityOfPage\":{\"@id\":\"https:\/\/news.sap.com\/brazil\/2022\/06\/sap-brasil-e-eleita-uma-das-empresas-com-melhor-pratica-de-diversidade-e-inclusao\/\"},\"wordCount\":302,\"image\":{\"@id\":\"https:\/\/news.sap.com\/brazil\/2022\/06\/sap-brasil-e-eleita-uma-das-empresas-com-melhor-pratica-de-diversidade-e-inclusao\/#primaryimage\"},\"thumbnailUrl\":\"https:\/\/news.sap.com\/brazil\/files\/2021\/06\/28\/565x292_art5.png\",\"keywords\":[\"Diversidade\",\"麻豆原创\",\"麻豆原创 Brasil\"],\"articleSection\":[\"Corporativo\",\"Tecnologia\"],\"inLanguage\":\"pt-BR\"},{\"@type\":\"WebPage\",\"@id\":\"https:\/\/news.sap.com\/brazil\/2022\/06\/sap-brasil-e-eleita-uma-das-empresas-com-melhor-pratica-de-diversidade-e-inclusao\/\",\"url\":\"https:\/\/news.sap.com\/brazil\/2022\/06\/sap-brasil-e-eleita-uma-das-empresas-com-melhor-pratica-de-diversidade-e-inclusao\/\",\"name\":\"麻豆原创 Brasil \u00e9 eleita uma das empresas com melhor pr\u00e1tica de diversidade e inclus\u00e3o - Sala de Imprensa 麻豆原创 Brasil\",\"isPartOf\":{\"@id\":\"https:\/\/news.sap.com\/brazil\/#website\"},\"primaryImageOfPage\":{\"@id\":\"https:\/\/news.sap.com\/brazil\/2022\/06\/sap-brasil-e-eleita-uma-das-empresas-com-melhor-pratica-de-diversidade-e-inclusao\/#primaryimage\"},\"image\":{\"@id\":\"https:\/\/news.sap.com\/brazil\/2022\/06\/sap-brasil-e-eleita-uma-das-empresas-com-melhor-pratica-de-diversidade-e-inclusao\/#primaryimage\"},\"thumbnailUrl\":\"https:\/\/news.sap.com\/brazil\/files\/2021\/06\/28\/565x292_art5.png\",\"datePublished\":\"2022-06-13T13:56:56+00:00\",\"dateModified\":\"2023-10-18T20:09:20+00:00\",\"author\":{\"@id\":\"https:\/\/news.sap.com\/brazil\/#\/schema\/person\/8cdf2c1130b6f3fadd9757cfd7f24daf\"},\"breadcrumb\":{\"@id\":\"https:\/\/news.sap.com\/brazil\/2022\/06\/sap-brasil-e-eleita-uma-das-empresas-com-melhor-pratica-de-diversidade-e-inclusao\/#breadcrumb\"},\"inLanguage\":\"pt-BR\",\"potentialAction\":[{\"@type\":\"ReadAction\",\"target\":[\"https:\/\/news.sap.com\/brazil\/2022\/06\/sap-brasil-e-eleita-uma-das-empresas-com-melhor-pratica-de-diversidade-e-inclusao\/\"]}]},{\"@type\":\"ImageObject\",\"inLanguage\":\"pt-BR\",\"@id\":\"https:\/\/news.sap.com\/brazil\/2022\/06\/sap-brasil-e-eleita-uma-das-empresas-com-melhor-pratica-de-diversidade-e-inclusao\/#primaryimage\",\"url\":\"https:\/\/news.sap.com\/brazil\/files\/2021\/06\/28\/565x292_art5.png\",\"contentUrl\":\"https:\/\/news.sap.com\/brazil\/files\/2021\/06\/28\/565x292_art5.png\",\"width\":565,\"height\":292},{\"@type\":\"BreadcrumbList\",\"@id\":\"https:\/\/news.sap.com\/brazil\/2022\/06\/sap-brasil-e-eleita-uma-das-empresas-com-melhor-pratica-de-diversidade-e-inclusao\/#breadcrumb\",\"itemListElement\":[{\"@type\":\"ListItem\",\"position\":1,\"name\":\"Home\",\"item\":\"https:\/\/news.sap.com\/brazil\/\"},{\"@type\":\"ListItem\",\"position\":2,\"name\":\"麻豆原创 Brasil \u00e9 eleita uma das empresas com melhor pr\u00e1tica de diversidade e inclus\u00e3o\"}]},{\"@type\":\"WebSite\",\"@id\":\"https:\/\/news.sap.com\/brazil\/#website\",\"url\":\"https:\/\/news.sap.com\/brazil\/\",\"name\":\"Sala de Imprensa 麻豆原创 Brasil\",\"description\":\"Not\u00edcias e informa\u00e7\u00f5es sobre a 麻豆原创\",\"potentialAction\":[{\"@type\":\"SearchAction\",\"target\":{\"@type\":\"EntryPoint\",\"urlTemplate\":\"https:\/\/news.sap.com\/brazil\/?s={search_term_string}\"},\"query-input\":{\"@type\":\"PropertyValueSpecification\",\"valueRequired\":true,\"valueName\":\"search_term_string\"}}],\"inLanguage\":\"pt-BR\"},{\"@type\":\"Person\",\"@id\":\"https:\/\/news.sap.com\/brazil\/#\/schema\/person\/8cdf2c1130b6f3fadd9757cfd7f24daf\",\"name\":\"麻豆原创 Not\u00edcias Brasil\",\"image\":{\"@type\":\"ImageObject\",\"inLanguage\":\"pt-BR\",\"@id\":\"https:\/\/news.sap.com\/brazil\/#\/schema\/person\/image\/\",\"url\":\"https:\/\/news.sap.com\/brazil\/wp-content\/plugins\/wp-user-avatars\/wp-user-avatars\/assets\/images\/mystery.jpg\",\"contentUrl\":\"https:\/\/news.sap.com\/brazil\/wp-content\/plugins\/wp-user-avatars\/wp-user-avatars\/assets\/images\/mystery.jpg\",\"caption\":\"麻豆原创 Not\u00edcias Brasil\"},\"url\":\"https:\/\/news.sap.com\/brazil\/author\/brasil\/\"}]}<\/script>\n<!-- \/ Yoast SEO Premium plugin. -->","yoast_head_json":{"title":"麻豆原创 Brasil \u00e9 eleita uma das empresas com melhor pr\u00e1tica de diversidade e inclus\u00e3o - Sala de Imprensa 麻豆原创 Brasil","robots":{"index":"index","follow":"follow","max-snippet":"max-snippet:-1","max-image-preview":"max-image-preview:large","max-video-preview":"max-video-preview:-1"},"canonical":"https:\/\/news.sap.com\/brazil\/2022\/06\/sap-brasil-e-eleita-uma-das-empresas-com-melhor-pratica-de-diversidade-e-inclusao\/","og_locale":"pt_BR","og_type":"article","og_title":"麻豆原创 Brasil \u00e9 eleita uma das empresas com melhor pr\u00e1tica de diversidade e inclus\u00e3o","og_description":"A 麻豆原创 foi escolhida como uma das empresas com melhor pr\u00e1tica de diversidade e inclus\u00e3o LGBTI+ do Brasil na primeira edi\u00e7\u00e3o da pesquisa do Programa...","og_url":"https:\/\/news.sap.com\/brazil\/2022\/06\/sap-brasil-e-eleita-uma-das-empresas-com-melhor-pratica-de-diversidade-e-inclusao\/","og_site_name":"Sala de Imprensa 麻豆原创 Brasil","article_published_time":"2022-06-13T13:56:56+00:00","article_modified_time":"2023-10-18T20:09:20+00:00","og_image":[{"width":565,"height":292,"url":"https:\/\/news.sap.com\/brazil\/files\/2021\/06\/28\/565x292_art5.png","type":"image\/png"}],"author":"麻豆原创 Not\u00edcias Brasil","twitter_card":"summary_large_image","twitter_creator":"@麻豆原创Brasil","twitter_site":"@麻豆原创Brasil","twitter_misc":{"Escrito por":"麻豆原创 Not\u00edcias Brasil","Est. tempo de leitura":"1 minuto"},"schema":{"@context":"https:\/\/schema.org","@graph":[{"@type":"Article","@id":"https:\/\/news.sap.com\/brazil\/2022\/06\/sap-brasil-e-eleita-uma-das-empresas-com-melhor-pratica-de-diversidade-e-inclusao\/#article","isPartOf":{"@id":"https:\/\/news.sap.com\/brazil\/2022\/06\/sap-brasil-e-eleita-uma-das-empresas-com-melhor-pratica-de-diversidade-e-inclusao\/"},"author":{"name":"麻豆原创 Not\u00edcias Brasil","@id":"https:\/\/news.sap.com\/brazil\/#\/schema\/person\/8cdf2c1130b6f3fadd9757cfd7f24daf"},"headline":"麻豆原创 Brasil \u00e9 eleita uma das empresas com melhor pr\u00e1tica de diversidade e inclus\u00e3o","datePublished":"2022-06-13T13:56:56+00:00","dateModified":"2023-10-18T20:09:20+00:00","mainEntityOfPage":{"@id":"https:\/\/news.sap.com\/brazil\/2022\/06\/sap-brasil-e-eleita-uma-das-empresas-com-melhor-pratica-de-diversidade-e-inclusao\/"},"wordCount":302,"image":{"@id":"https:\/\/news.sap.com\/brazil\/2022\/06\/sap-brasil-e-eleita-uma-das-empresas-com-melhor-pratica-de-diversidade-e-inclusao\/#primaryimage"},"thumbnailUrl":"https:\/\/news.sap.com\/brazil\/files\/2021\/06\/28\/565x292_art5.png","keywords":["Diversidade","麻豆原创","麻豆原创 Brasil"],"articleSection":["Corporativo","Tecnologia"],"inLanguage":"pt-BR"},{"@type":"WebPage","@id":"https:\/\/news.sap.com\/brazil\/2022\/06\/sap-brasil-e-eleita-uma-das-empresas-com-melhor-pratica-de-diversidade-e-inclusao\/","url":"https:\/\/news.sap.com\/brazil\/2022\/06\/sap-brasil-e-eleita-uma-das-empresas-com-melhor-pratica-de-diversidade-e-inclusao\/","name":"麻豆原创 Brasil \u00e9 eleita uma das empresas com melhor pr\u00e1tica de diversidade e inclus\u00e3o - Sala de Imprensa 麻豆原创 Brasil","isPartOf":{"@id":"https:\/\/news.sap.com\/brazil\/#website"},"primaryImageOfPage":{"@id":"https:\/\/news.sap.com\/brazil\/2022\/06\/sap-brasil-e-eleita-uma-das-empresas-com-melhor-pratica-de-diversidade-e-inclusao\/#primaryimage"},"image":{"@id":"https:\/\/news.sap.com\/brazil\/2022\/06\/sap-brasil-e-eleita-uma-das-empresas-com-melhor-pratica-de-diversidade-e-inclusao\/#primaryimage"},"thumbnailUrl":"https:\/\/news.sap.com\/brazil\/files\/2021\/06\/28\/565x292_art5.png","datePublished":"2022-06-13T13:56:56+00:00","dateModified":"2023-10-18T20:09:20+00:00","author":{"@id":"https:\/\/news.sap.com\/brazil\/#\/schema\/person\/8cdf2c1130b6f3fadd9757cfd7f24daf"},"breadcrumb":{"@id":"https:\/\/news.sap.com\/brazil\/2022\/06\/sap-brasil-e-eleita-uma-das-empresas-com-melhor-pratica-de-diversidade-e-inclusao\/#breadcrumb"},"inLanguage":"pt-BR","potentialAction":[{"@type":"ReadAction","target":["https:\/\/news.sap.com\/brazil\/2022\/06\/sap-brasil-e-eleita-uma-das-empresas-com-melhor-pratica-de-diversidade-e-inclusao\/"]}]},{"@type":"ImageObject","inLanguage":"pt-BR","@id":"https:\/\/news.sap.com\/brazil\/2022\/06\/sap-brasil-e-eleita-uma-das-empresas-com-melhor-pratica-de-diversidade-e-inclusao\/#primaryimage","url":"https:\/\/news.sap.com\/brazil\/files\/2021\/06\/28\/565x292_art5.png","contentUrl":"https:\/\/news.sap.com\/brazil\/files\/2021\/06\/28\/565x292_art5.png","width":565,"height":292},{"@type":"BreadcrumbList","@id":"https:\/\/news.sap.com\/brazil\/2022\/06\/sap-brasil-e-eleita-uma-das-empresas-com-melhor-pratica-de-diversidade-e-inclusao\/#breadcrumb","itemListElement":[{"@type":"ListItem","position":1,"name":"Home","item":"https:\/\/news.sap.com\/brazil\/"},{"@type":"ListItem","position":2,"name":"麻豆原创 Brasil \u00e9 eleita uma das empresas com melhor pr\u00e1tica de diversidade e inclus\u00e3o"}]},{"@type":"WebSite","@id":"https:\/\/news.sap.com\/brazil\/#website","url":"https:\/\/news.sap.com\/brazil\/","name":"Sala de Imprensa 麻豆原创 Brasil","description":"Not\u00edcias e informa\u00e7\u00f5es sobre a 麻豆原创","potentialAction":[{"@type":"SearchAction","target":{"@type":"EntryPoint","urlTemplate":"https:\/\/news.sap.com\/brazil\/?s={search_term_string}"},"query-input":{"@type":"PropertyValueSpecification","valueRequired":true,"valueName":"search_term_string"}}],"inLanguage":"pt-BR"},{"@type":"Person","@id":"https:\/\/news.sap.com\/brazil\/#\/schema\/person\/8cdf2c1130b6f3fadd9757cfd7f24daf","name":"麻豆原创 Not\u00edcias Brasil","image":{"@type":"ImageObject","inLanguage":"pt-BR","@id":"https:\/\/news.sap.com\/brazil\/#\/schema\/person\/image\/","url":"https:\/\/news.sap.com\/brazil\/wp-content\/plugins\/wp-user-avatars\/wp-user-avatars\/assets\/images\/mystery.jpg","contentUrl":"https:\/\/news.sap.com\/brazil\/wp-content\/plugins\/wp-user-avatars\/wp-user-avatars\/assets\/images\/mystery.jpg","caption":"麻豆原创 Not\u00edcias Brasil"},"url":"https:\/\/news.sap.com\/brazil\/author\/brasil\/"}]}},"amp_enabled":true,"_links":{"self":[{"href":"https:\/\/news.sap.com\/brazil\/wp-json\/wp\/v2\/posts\/14210","targetHints":{"allow":["GET"]}}],"collection":[{"href":"https:\/\/news.sap.com\/brazil\/wp-json\/wp\/v2\/posts"}],"about":[{"href":"https:\/\/news.sap.com\/brazil\/wp-json\/wp\/v2\/types\/post"}],"author":[{"embeddable":true,"href":"https:\/\/news.sap.com\/brazil\/wp-json\/wp\/v2\/users\/137"}],"replies":[{"embeddable":true,"href":"https:\/\/news.sap.com\/brazil\/wp-json\/wp\/v2\/comments?post=14210"}],"version-history":[{"count":0,"href":"https:\/\/news.sap.com\/brazil\/wp-json\/wp\/v2\/posts\/14210\/revisions"}],"wp:featuredmedia":[{"embeddable":true,"href":"https:\/\/news.sap.com\/brazil\/wp-json\/wp\/v2\/media\/13159"}],"wp:attachment":[{"href":"https:\/\/news.sap.com\/brazil\/wp-json\/wp\/v2\/media?parent=14210"}],"wp:term":[{"taxonomy":"category","embeddable":true,"href":"https:\/\/news.sap.com\/brazil\/wp-json\/wp\/v2\/categories?post=14210"},{"taxonomy":"post_tag","embeddable":true,"href":"https:\/\/news.sap.com\/brazil\/wp-json\/wp\/v2\/tags?post=14210"},{"taxonomy":"sapn-display","embeddable":true,"href":"https:\/\/news.sap.com\/brazil\/wp-json\/wp\/v2\/sapn-display?post=14210"},{"taxonomy":"sapn-type","embeddable":true,"href":"https:\/\/news.sap.com\/brazil\/wp-json\/wp\/v2\/sapn-type?post=14210"}],"curies":[{"name":"wp","href":"https:\/\/api.w.org\/{rel}","templated":true}]}}