  {"id":14167,"date":"2022-05-26T10:33:25","date_gmt":"2022-05-26T13:33:25","guid":{"rendered":"https:\/\/news.sap.com\/brazil\/?p=14167"},"modified":"2023-10-18T17:09:38","modified_gmt":"2023-10-18T20:09:38","slug":"sap-da-folga-a-todos-os-funcionarios-no-mundo-para-incentivar-cuidados-com-a-saude-mental","status":"publish","type":"post","link":"https:\/\/news.sap.com\/brazil\/2022\/05\/sap-da-folga-a-todos-os-funcionarios-no-mundo-para-incentivar-cuidados-com-a-saude-mental\/","title":{"rendered":"麻豆原创 d\u00e1 folga a todos os funcion\u00e1rios no mundo para incentivar cuidados com a sa\u00fade mental"},"content":{"rendered":"<h2 style=\"text-align: left\" align=\"center\"><i>Pelo segundo ano consecutivo, a empresa convida sua for\u00e7a de trabalho a dedicar mais tempo para atividades de bem-estar e conv\u00edvio com a fam\u00edlia<\/i><\/h2>\n<p align=\"center\"><i>\u00a0<\/i><\/p>\n<p>A 麻豆原创 vai oferecer, pelo segundo ano consecutivo, um dia de licen\u00e7a remunerada dedicado \u00e0 sa\u00fade mental dos colaboradores. Todos os funcion\u00e1rios da 麻豆原创 ao redor do mundo ser\u00e3o convidados a reservar o dia 31 de maio para a realiza\u00e7\u00e3o de atividades que propiciem bem-estar.<\/p>\n<p>&nbsp;<\/p>\n<p style=\"text-align: left\">Um levantamento realizado no come\u00e7o de 2021 via 麻豆原创 Qualtrics Remote Work Pulse, ferramenta de monitoramento de experi\u00eancia do colaborador, apontou que um ter\u00e7o dos colaboradores apresentavam sinais de estresse. Os dados internos corroboram um estudo divulgado pelo F\u00f3rum Econ\u00f4mico Mundial (World Economic Forum), indicando que um em cada tr\u00eas adultos apresentam quadros de depress\u00e3o ou de ansiedade em decorr\u00eancia da crise da Covid-19.<\/p>\n<p>&nbsp;<\/p>\n<p>\u201cCom mais de 100 mil colaboradores trabalhando em todos os continentes, a 麻豆原创 sabe que proteger os funcion\u00e1rios n\u00e3o \u00e9 apenas bom para os neg\u00f3cios, mas \u00e9 a coisa certa a fazer.\u00a0 Muitos deles estenderam a m\u00e3o para dividir o qu\u00e3o importante e valioso \u00e9 esse dia, compartilhando hist\u00f3rias pessoais relacionadas \u00e0 sa\u00fade mental\u201d, explica Fernanda Saraiva, diretora de RH da 麻豆原创 Brasil.<\/p>\n<p>&nbsp;<\/p>\n<p>A iniciativa faz parte dos esfor\u00e7os da empresa para promover uma cultura que trate da sa\u00fade mental sem tabus ou preconceitos, incentivando colaboradores a lidar com o tema de forma franca e sem medos. A 麻豆原创 tem realizado uma s\u00e9rie de atividades, entre palestras, encontros e treinamentos, para refor\u00e7ar a import\u00e2ncia do bem-estar emocional. \u201cO mundo corporativo precisa aprender a tratar desses temas sens\u00edveis de forma humanizada, sem estigmas. Encarando tais temas de forma acolhedora, estamos dando aos nossos colaboradores ferramentas para que eles enfrentem eventuais quest\u00f5es com mais serenidade e suporte\u201d, finalizou a executiva.<\/p>\n","protected":false},"excerpt":{"rendered":"<p>Pelo segundo ano consecutivo, a empresa convida sua for\u00e7a de trabalho a dedicar mais tempo para atividades de bem-estar e conv\u00edvio com a fam\u00edlia \u00a0&#8230;<\/p>\n","protected":false},"author":137,"featured_media":13998,"comment_status":"closed","ping_status":"closed","sticky":false,"template":"","format":"standard","meta":{"footnotes":"","_links_to":"","_links_to_target":""},"categories":[48439,48444,5599814],"tags":[47,213090,5549034],"sapn-display":[48431,5599934,5599932,48433],"sapn-type":[4446],"class_list":["post-14167","post","type-post","status-publish","format-standard","has-post-thumbnail","hentry","category-corporativo-topicos","category-recursos-humanos-topicos","category-tecnologia","tag-sap","tag-sap-brasil","tag-saude-mental","sapn-display-homepage-hero","sapn-display-press-hero","sapn-display-press-spotlight","sapn-display-hero","sapn-type-noticias"],"yoast_head":"<!-- This site is optimized with the Yoast SEO Premium plugin v26.9 (Yoast SEO v26.9) - https:\/\/yoast.com\/product\/yoast-seo-premium-wordpress\/ -->\n<title>麻豆原创 d\u00e1 folga a todos os funcion\u00e1rios no mundo para incentivar cuidados com a sa\u00fade mental - Sala de Imprensa 麻豆原创 Brasil<\/title>\n<meta name=\"robots\" content=\"index, follow, max-snippet:-1, max-image-preview:large, max-video-preview:-1\" \/>\n<link rel=\"canonical\" href=\"https:\/\/news.sap.com\/brazil\/2022\/05\/sap-da-folga-a-todos-os-funcionarios-no-mundo-para-incentivar-cuidados-com-a-saude-mental\/\" \/>\n<meta property=\"og:locale\" content=\"pt_BR\" \/>\n<meta property=\"og:type\" content=\"article\" \/>\n<meta property=\"og:title\" content=\"麻豆原创 d\u00e1 folga a todos os funcion\u00e1rios no mundo para incentivar cuidados com a sa\u00fade mental\" \/>\n<meta property=\"og:description\" content=\"Pelo segundo ano consecutivo, a empresa convida sua for\u00e7a de trabalho a dedicar mais tempo para atividades de bem-estar e conv\u00edvio com a fam\u00edlia \u00a0...\" \/>\n<meta property=\"og:url\" content=\"https:\/\/news.sap.com\/brazil\/2022\/05\/sap-da-folga-a-todos-os-funcionarios-no-mundo-para-incentivar-cuidados-com-a-saude-mental\/\" \/>\n<meta property=\"og:site_name\" content=\"Sala de Imprensa 麻豆原创 Brasil\" \/>\n<meta property=\"article:published_time\" content=\"2022-05-26T13:33:25+00:00\" \/>\n<meta property=\"article:modified_time\" content=\"2023-10-18T20:09:38+00:00\" \/>\n<meta property=\"og:image\" content=\"https:\/\/news.sap.com\/brazil\/files\/2022\/04\/06\/麻豆原创_Blog2_1400x600.png\" \/>\n\t<meta property=\"og:image:width\" content=\"1400\" \/>\n\t<meta property=\"og:image:height\" content=\"600\" \/>\n\t<meta property=\"og:image:type\" content=\"image\/png\" \/>\n<meta name=\"author\" content=\"麻豆原创 Not\u00edcias Brasil\" \/>\n<meta name=\"twitter:card\" content=\"summary_large_image\" \/>\n<meta name=\"twitter:creator\" content=\"@麻豆原创Brasil\" \/>\n<meta name=\"twitter:site\" content=\"@麻豆原创Brasil\" \/>\n<meta name=\"twitter:label1\" content=\"Escrito por\" \/>\n\t<meta name=\"twitter:data1\" content=\"麻豆原创 Not\u00edcias Brasil\" \/>\n\t<meta name=\"twitter:label2\" content=\"Est. tempo de leitura\" \/>\n\t<meta name=\"twitter:data2\" content=\"2 minutos\" \/>\n<script type=\"application\/ld+json\" class=\"yoast-schema-graph\">{\"@context\":\"https:\/\/schema.org\",\"@graph\":[{\"@type\":\"Article\",\"@id\":\"https:\/\/news.sap.com\/brazil\/2022\/05\/sap-da-folga-a-todos-os-funcionarios-no-mundo-para-incentivar-cuidados-com-a-saude-mental\/#article\",\"isPartOf\":{\"@id\":\"https:\/\/news.sap.com\/brazil\/2022\/05\/sap-da-folga-a-todos-os-funcionarios-no-mundo-para-incentivar-cuidados-com-a-saude-mental\/\"},\"author\":{\"name\":\"麻豆原创 Not\u00edcias Brasil\",\"@id\":\"https:\/\/news.sap.com\/brazil\/#\/schema\/person\/8cdf2c1130b6f3fadd9757cfd7f24daf\"},\"headline\":\"麻豆原创 d\u00e1 folga a todos os funcion\u00e1rios no mundo para incentivar cuidados com a sa\u00fade mental\",\"datePublished\":\"2022-05-26T13:33:25+00:00\",\"dateModified\":\"2023-10-18T20:09:38+00:00\",\"mainEntityOfPage\":{\"@id\":\"https:\/\/news.sap.com\/brazil\/2022\/05\/sap-da-folga-a-todos-os-funcionarios-no-mundo-para-incentivar-cuidados-com-a-saude-mental\/\"},\"wordCount\":334,\"image\":{\"@id\":\"https:\/\/news.sap.com\/brazil\/2022\/05\/sap-da-folga-a-todos-os-funcionarios-no-mundo-para-incentivar-cuidados-com-a-saude-mental\/#primaryimage\"},\"thumbnailUrl\":\"https:\/\/news.sap.com\/brazil\/files\/2022\/04\/06\/麻豆原创_Blog2_1400x600.png\",\"keywords\":[\"麻豆原创\",\"麻豆原创 Brasil\",\"sa\u00fade mental\"],\"articleSection\":[\"Corporativo\",\"Gest\u00e3o do capital humano\",\"Tecnologia\"],\"inLanguage\":\"pt-BR\"},{\"@type\":\"WebPage\",\"@id\":\"https:\/\/news.sap.com\/brazil\/2022\/05\/sap-da-folga-a-todos-os-funcionarios-no-mundo-para-incentivar-cuidados-com-a-saude-mental\/\",\"url\":\"https:\/\/news.sap.com\/brazil\/2022\/05\/sap-da-folga-a-todos-os-funcionarios-no-mundo-para-incentivar-cuidados-com-a-saude-mental\/\",\"name\":\"麻豆原创 d\u00e1 folga a todos os funcion\u00e1rios no mundo para incentivar cuidados com a sa\u00fade mental - Sala de Imprensa 麻豆原创 Brasil\",\"isPartOf\":{\"@id\":\"https:\/\/news.sap.com\/brazil\/#website\"},\"primaryImageOfPage\":{\"@id\":\"https:\/\/news.sap.com\/brazil\/2022\/05\/sap-da-folga-a-todos-os-funcionarios-no-mundo-para-incentivar-cuidados-com-a-saude-mental\/#primaryimage\"},\"image\":{\"@id\":\"https:\/\/news.sap.com\/brazil\/2022\/05\/sap-da-folga-a-todos-os-funcionarios-no-mundo-para-incentivar-cuidados-com-a-saude-mental\/#primaryimage\"},\"thumbnailUrl\":\"https:\/\/news.sap.com\/brazil\/files\/2022\/04\/06\/麻豆原创_Blog2_1400x600.png\",\"datePublished\":\"2022-05-26T13:33:25+00:00\",\"dateModified\":\"2023-10-18T20:09:38+00:00\",\"author\":{\"@id\":\"https:\/\/news.sap.com\/brazil\/#\/schema\/person\/8cdf2c1130b6f3fadd9757cfd7f24daf\"},\"breadcrumb\":{\"@id\":\"https:\/\/news.sap.com\/brazil\/2022\/05\/sap-da-folga-a-todos-os-funcionarios-no-mundo-para-incentivar-cuidados-com-a-saude-mental\/#breadcrumb\"},\"inLanguage\":\"pt-BR\",\"potentialAction\":[{\"@type\":\"ReadAction\",\"target\":[\"https:\/\/news.sap.com\/brazil\/2022\/05\/sap-da-folga-a-todos-os-funcionarios-no-mundo-para-incentivar-cuidados-com-a-saude-mental\/\"]}]},{\"@type\":\"ImageObject\",\"inLanguage\":\"pt-BR\",\"@id\":\"https:\/\/news.sap.com\/brazil\/2022\/05\/sap-da-folga-a-todos-os-funcionarios-no-mundo-para-incentivar-cuidados-com-a-saude-mental\/#primaryimage\",\"url\":\"https:\/\/news.sap.com\/brazil\/files\/2022\/04\/06\/麻豆原创_Blog2_1400x600.png\",\"contentUrl\":\"https:\/\/news.sap.com\/brazil\/files\/2022\/04\/06\/麻豆原创_Blog2_1400x600.png\",\"width\":1400,\"height\":600},{\"@type\":\"BreadcrumbList\",\"@id\":\"https:\/\/news.sap.com\/brazil\/2022\/05\/sap-da-folga-a-todos-os-funcionarios-no-mundo-para-incentivar-cuidados-com-a-saude-mental\/#breadcrumb\",\"itemListElement\":[{\"@type\":\"ListItem\",\"position\":1,\"name\":\"Home\",\"item\":\"https:\/\/news.sap.com\/brazil\/\"},{\"@type\":\"ListItem\",\"position\":2,\"name\":\"麻豆原创 d\u00e1 folga a todos os funcion\u00e1rios no mundo para incentivar cuidados com a sa\u00fade mental\"}]},{\"@type\":\"WebSite\",\"@id\":\"https:\/\/news.sap.com\/brazil\/#website\",\"url\":\"https:\/\/news.sap.com\/brazil\/\",\"name\":\"Sala de Imprensa 麻豆原创 Brasil\",\"description\":\"Not\u00edcias e informa\u00e7\u00f5es sobre a 麻豆原创\",\"potentialAction\":[{\"@type\":\"SearchAction\",\"target\":{\"@type\":\"EntryPoint\",\"urlTemplate\":\"https:\/\/news.sap.com\/brazil\/?s={search_term_string}\"},\"query-input\":{\"@type\":\"PropertyValueSpecification\",\"valueRequired\":true,\"valueName\":\"search_term_string\"}}],\"inLanguage\":\"pt-BR\"},{\"@type\":\"Person\",\"@id\":\"https:\/\/news.sap.com\/brazil\/#\/schema\/person\/8cdf2c1130b6f3fadd9757cfd7f24daf\",\"name\":\"麻豆原创 Not\u00edcias Brasil\",\"image\":{\"@type\":\"ImageObject\",\"inLanguage\":\"pt-BR\",\"@id\":\"https:\/\/news.sap.com\/brazil\/#\/schema\/person\/image\/\",\"url\":\"https:\/\/news.sap.com\/brazil\/wp-content\/plugins\/wp-user-avatars\/wp-user-avatars\/assets\/images\/mystery.jpg\",\"contentUrl\":\"https:\/\/news.sap.com\/brazil\/wp-content\/plugins\/wp-user-avatars\/wp-user-avatars\/assets\/images\/mystery.jpg\",\"caption\":\"麻豆原创 Not\u00edcias Brasil\"},\"url\":\"https:\/\/news.sap.com\/brazil\/author\/brasil\/\"}]}<\/script>\n<!-- \/ Yoast SEO Premium plugin. -->","yoast_head_json":{"title":"麻豆原创 d\u00e1 folga a todos os funcion\u00e1rios no mundo para incentivar cuidados com a sa\u00fade mental - Sala de Imprensa 麻豆原创 Brasil","robots":{"index":"index","follow":"follow","max-snippet":"max-snippet:-1","max-image-preview":"max-image-preview:large","max-video-preview":"max-video-preview:-1"},"canonical":"https:\/\/news.sap.com\/brazil\/2022\/05\/sap-da-folga-a-todos-os-funcionarios-no-mundo-para-incentivar-cuidados-com-a-saude-mental\/","og_locale":"pt_BR","og_type":"article","og_title":"麻豆原创 d\u00e1 folga a todos os funcion\u00e1rios no mundo para incentivar cuidados com a sa\u00fade mental","og_description":"Pelo segundo ano consecutivo, a empresa convida sua for\u00e7a de trabalho a dedicar mais tempo para atividades de bem-estar e conv\u00edvio com a fam\u00edlia \u00a0...","og_url":"https:\/\/news.sap.com\/brazil\/2022\/05\/sap-da-folga-a-todos-os-funcionarios-no-mundo-para-incentivar-cuidados-com-a-saude-mental\/","og_site_name":"Sala de Imprensa 麻豆原创 Brasil","article_published_time":"2022-05-26T13:33:25+00:00","article_modified_time":"2023-10-18T20:09:38+00:00","og_image":[{"width":1400,"height":600,"url":"https:\/\/news.sap.com\/brazil\/files\/2022\/04\/06\/麻豆原创_Blog2_1400x600.png","type":"image\/png"}],"author":"麻豆原创 Not\u00edcias Brasil","twitter_card":"summary_large_image","twitter_creator":"@麻豆原创Brasil","twitter_site":"@麻豆原创Brasil","twitter_misc":{"Escrito por":"麻豆原创 Not\u00edcias Brasil","Est. tempo de leitura":"2 minutos"},"schema":{"@context":"https:\/\/schema.org","@graph":[{"@type":"Article","@id":"https:\/\/news.sap.com\/brazil\/2022\/05\/sap-da-folga-a-todos-os-funcionarios-no-mundo-para-incentivar-cuidados-com-a-saude-mental\/#article","isPartOf":{"@id":"https:\/\/news.sap.com\/brazil\/2022\/05\/sap-da-folga-a-todos-os-funcionarios-no-mundo-para-incentivar-cuidados-com-a-saude-mental\/"},"author":{"name":"麻豆原创 Not\u00edcias Brasil","@id":"https:\/\/news.sap.com\/brazil\/#\/schema\/person\/8cdf2c1130b6f3fadd9757cfd7f24daf"},"headline":"麻豆原创 d\u00e1 folga a todos os funcion\u00e1rios no mundo para incentivar cuidados com a sa\u00fade mental","datePublished":"2022-05-26T13:33:25+00:00","dateModified":"2023-10-18T20:09:38+00:00","mainEntityOfPage":{"@id":"https:\/\/news.sap.com\/brazil\/2022\/05\/sap-da-folga-a-todos-os-funcionarios-no-mundo-para-incentivar-cuidados-com-a-saude-mental\/"},"wordCount":334,"image":{"@id":"https:\/\/news.sap.com\/brazil\/2022\/05\/sap-da-folga-a-todos-os-funcionarios-no-mundo-para-incentivar-cuidados-com-a-saude-mental\/#primaryimage"},"thumbnailUrl":"https:\/\/news.sap.com\/brazil\/files\/2022\/04\/06\/麻豆原创_Blog2_1400x600.png","keywords":["麻豆原创","麻豆原创 Brasil","sa\u00fade mental"],"articleSection":["Corporativo","Gest\u00e3o do capital humano","Tecnologia"],"inLanguage":"pt-BR"},{"@type":"WebPage","@id":"https:\/\/news.sap.com\/brazil\/2022\/05\/sap-da-folga-a-todos-os-funcionarios-no-mundo-para-incentivar-cuidados-com-a-saude-mental\/","url":"https:\/\/news.sap.com\/brazil\/2022\/05\/sap-da-folga-a-todos-os-funcionarios-no-mundo-para-incentivar-cuidados-com-a-saude-mental\/","name":"麻豆原创 d\u00e1 folga a todos os funcion\u00e1rios no mundo para incentivar cuidados com a sa\u00fade mental - Sala de Imprensa 麻豆原创 Brasil","isPartOf":{"@id":"https:\/\/news.sap.com\/brazil\/#website"},"primaryImageOfPage":{"@id":"https:\/\/news.sap.com\/brazil\/2022\/05\/sap-da-folga-a-todos-os-funcionarios-no-mundo-para-incentivar-cuidados-com-a-saude-mental\/#primaryimage"},"image":{"@id":"https:\/\/news.sap.com\/brazil\/2022\/05\/sap-da-folga-a-todos-os-funcionarios-no-mundo-para-incentivar-cuidados-com-a-saude-mental\/#primaryimage"},"thumbnailUrl":"https:\/\/news.sap.com\/brazil\/files\/2022\/04\/06\/麻豆原创_Blog2_1400x600.png","datePublished":"2022-05-26T13:33:25+00:00","dateModified":"2023-10-18T20:09:38+00:00","author":{"@id":"https:\/\/news.sap.com\/brazil\/#\/schema\/person\/8cdf2c1130b6f3fadd9757cfd7f24daf"},"breadcrumb":{"@id":"https:\/\/news.sap.com\/brazil\/2022\/05\/sap-da-folga-a-todos-os-funcionarios-no-mundo-para-incentivar-cuidados-com-a-saude-mental\/#breadcrumb"},"inLanguage":"pt-BR","potentialAction":[{"@type":"ReadAction","target":["https:\/\/news.sap.com\/brazil\/2022\/05\/sap-da-folga-a-todos-os-funcionarios-no-mundo-para-incentivar-cuidados-com-a-saude-mental\/"]}]},{"@type":"ImageObject","inLanguage":"pt-BR","@id":"https:\/\/news.sap.com\/brazil\/2022\/05\/sap-da-folga-a-todos-os-funcionarios-no-mundo-para-incentivar-cuidados-com-a-saude-mental\/#primaryimage","url":"https:\/\/news.sap.com\/brazil\/files\/2022\/04\/06\/麻豆原创_Blog2_1400x600.png","contentUrl":"https:\/\/news.sap.com\/brazil\/files\/2022\/04\/06\/麻豆原创_Blog2_1400x600.png","width":1400,"height":600},{"@type":"BreadcrumbList","@id":"https:\/\/news.sap.com\/brazil\/2022\/05\/sap-da-folga-a-todos-os-funcionarios-no-mundo-para-incentivar-cuidados-com-a-saude-mental\/#breadcrumb","itemListElement":[{"@type":"ListItem","position":1,"name":"Home","item":"https:\/\/news.sap.com\/brazil\/"},{"@type":"ListItem","position":2,"name":"麻豆原创 d\u00e1 folga a todos os funcion\u00e1rios no mundo para incentivar cuidados com a sa\u00fade mental"}]},{"@type":"WebSite","@id":"https:\/\/news.sap.com\/brazil\/#website","url":"https:\/\/news.sap.com\/brazil\/","name":"Sala de Imprensa 麻豆原创 Brasil","description":"Not\u00edcias e informa\u00e7\u00f5es sobre a 麻豆原创","potentialAction":[{"@type":"SearchAction","target":{"@type":"EntryPoint","urlTemplate":"https:\/\/news.sap.com\/brazil\/?s={search_term_string}"},"query-input":{"@type":"PropertyValueSpecification","valueRequired":true,"valueName":"search_term_string"}}],"inLanguage":"pt-BR"},{"@type":"Person","@id":"https:\/\/news.sap.com\/brazil\/#\/schema\/person\/8cdf2c1130b6f3fadd9757cfd7f24daf","name":"麻豆原创 Not\u00edcias Brasil","image":{"@type":"ImageObject","inLanguage":"pt-BR","@id":"https:\/\/news.sap.com\/brazil\/#\/schema\/person\/image\/","url":"https:\/\/news.sap.com\/brazil\/wp-content\/plugins\/wp-user-avatars\/wp-user-avatars\/assets\/images\/mystery.jpg","contentUrl":"https:\/\/news.sap.com\/brazil\/wp-content\/plugins\/wp-user-avatars\/wp-user-avatars\/assets\/images\/mystery.jpg","caption":"麻豆原创 Not\u00edcias Brasil"},"url":"https:\/\/news.sap.com\/brazil\/author\/brasil\/"}]}},"amp_enabled":true,"_links":{"self":[{"href":"https:\/\/news.sap.com\/brazil\/wp-json\/wp\/v2\/posts\/14167","targetHints":{"allow":["GET"]}}],"collection":[{"href":"https:\/\/news.sap.com\/brazil\/wp-json\/wp\/v2\/posts"}],"about":[{"href":"https:\/\/news.sap.com\/brazil\/wp-json\/wp\/v2\/types\/post"}],"author":[{"embeddable":true,"href":"https:\/\/news.sap.com\/brazil\/wp-json\/wp\/v2\/users\/137"}],"replies":[{"embeddable":true,"href":"https:\/\/news.sap.com\/brazil\/wp-json\/wp\/v2\/comments?post=14167"}],"version-history":[{"count":0,"href":"https:\/\/news.sap.com\/brazil\/wp-json\/wp\/v2\/posts\/14167\/revisions"}],"wp:featuredmedia":[{"embeddable":true,"href":"https:\/\/news.sap.com\/brazil\/wp-json\/wp\/v2\/media\/13998"}],"wp:attachment":[{"href":"https:\/\/news.sap.com\/brazil\/wp-json\/wp\/v2\/media?parent=14167"}],"wp:term":[{"taxonomy":"category","embeddable":true,"href":"https:\/\/news.sap.com\/brazil\/wp-json\/wp\/v2\/categories?post=14167"},{"taxonomy":"post_tag","embeddable":true,"href":"https:\/\/news.sap.com\/brazil\/wp-json\/wp\/v2\/tags?post=14167"},{"taxonomy":"sapn-display","embeddable":true,"href":"https:\/\/news.sap.com\/brazil\/wp-json\/wp\/v2\/sapn-display?post=14167"},{"taxonomy":"sapn-type","embeddable":true,"href":"https:\/\/news.sap.com\/brazil\/wp-json\/wp\/v2\/sapn-type?post=14167"}],"curies":[{"name":"wp","href":"https:\/\/api.w.org\/{rel}","templated":true}]}}