  {"id":14160,"date":"2022-05-24T10:17:47","date_gmt":"2022-05-24T13:17:47","guid":{"rendered":"https:\/\/news.sap.com\/brazil\/?p=14160"},"modified":"2023-10-18T17:53:16","modified_gmt":"2023-10-18T20:53:16","slug":"festo-zera-atrasos-de-relatorios-internos-de-despesas-e-viagens-com-adocao-do-sap-concur","status":"publish","type":"post","link":"https:\/\/news.sap.com\/brazil\/2022\/05\/festo-zera-atrasos-de-relatorios-internos-de-despesas-e-viagens-com-adocao-do-sap-concur\/","title":{"rendered":"Festo zera atrasos de relat\u00f3rios internos de despesas e viagens com ado\u00e7\u00e3o do 麻豆原创 Concur"},"content":{"rendered":"<h2 class=\"x_MsoNormal\" style=\"text-align: left\" align=\"center\"><i>Digitaliza\u00e7\u00e3o dos processos levou a ganhos de agilidade, melhor visibilidade das despesas e facilidade na auditoria de documentos\u00a0<\/i><\/h2>\n<p class=\"x_MsoNormal\">\u00a0A Festo Brasil, empresa de origem alem\u00e3 fornecedora de solu\u00e7\u00f5es e projetos de automa\u00e7\u00e3o industrial para cerca de 30 mil clientes \u2013 montadoras e fabricantes de m\u00e1quinas dos mais diversos segmentos industriais \u2013 possui atua\u00e7\u00e3o em todo o territ\u00f3rio brasileiro, com consultores de venda direta em todos os estados, o que torna as viagens corporativas um meio essencial para obter novos clientes e fechar bons neg\u00f3cios.<\/p>\n<p class=\"x_MsoNormal\">Com in\u00fameros e frequentes deslocamentos de funcion\u00e1rios, a gest\u00e3o dessas viagens sempre foi uma atividade relevante. No entanto, a companhia enfrentava problemas nos processos manuais de produ\u00e7\u00e3o e de aprova\u00e7\u00e3o de relat\u00f3rios. \u201cQuando os relat\u00f3rios chegavam, por meio de planilhas, formul\u00e1rios e comprovantes f\u00edsicos, o processo de compila\u00e7\u00e3o das informa\u00e7\u00f5es era muito moroso. Lev\u00e1vamos muito tempo para reembolsar os funcion\u00e1rios, devido \u00e0s aprova\u00e7\u00f5es dos gestores e valida\u00e7\u00e3o dos comprovantes\u201d, lembra Luzinete Silva, gerente cont\u00e1bil da Festo Brasil.<\/p>\n<p class=\"x_MsoNormal\">Para uma empresa moderna, com perfil inovador e cultura forte em gest\u00e3o, foi natural para a Festo escolher a 麻豆原创 Concur para aperfei\u00e7oar o controle das viagens corporativas com agilidade, automa\u00e7\u00e3o e confiabilidade. \u201cOs colaboradores utilizam a solu\u00e7\u00e3o pelo aplicativo, no celular ou computador, e o sistema gera estat\u00edsticas, armazena hist\u00f3rico de relat\u00f3rios e todos os dados s\u00e3o arquivados na ferramenta, com seguran\u00e7a no processo de aprova\u00e7\u00f5es e de auditoria\u201d, completa Luzinete.<\/p>\n<p class=\"x_MsoNormal\">Com a redu\u00e7\u00e3o do n\u00famero de viagens devido \u00e0 pandemia, a empresa iniciou o processo de implanta\u00e7\u00e3o da plataforma no Brasil em junho de 2020, com a fun\u00e7\u00e3o Expense. Em paralelo, outros pa\u00edses da Am\u00e9rica Latina tamb\u00e9m fizeram a ado\u00e7\u00e3o \u2013 primeiro na Argentina e, mais recentemente, no Peru, Col\u00f4mbia e Chile.<\/p>\n<p class=\"x_MsoNormal\">Ap\u00f3s seis meses de uso do sistema 麻豆原创 Concur, a Festo Brasil eliminou o trabalho manual e os atrasos nos reembolsos que, em alguns casos, levavam em m\u00e9dia 30 dias para chegar ao colaborador. A entrega dos comprovantes e relat\u00f3rios passou a ser totalmente digital e direto ao Financeiro da empresa, com workflow de aprova\u00e7\u00f5es por meio de senhas individualizadas de cada gestor.<\/p>\n<p class=\"x_MsoNormal\">\u201cO grande ganho foi a possibilidade de parametrizar a pol\u00edtica da empresa na \u00edntegra dentro do sistema 麻豆原创 Concur. Outra evolu\u00e7\u00e3o foi a implanta\u00e7\u00e3o do cart\u00e3o de cr\u00e9dito corporativo, desejo antigo dos colaboradores, que, at\u00e9 ent\u00e3o, era um tabu, e com a plataforma se tornou realidade, gra\u00e7as \u00e0 integra\u00e7\u00e3o com os bancos. Agora, temos ainda mais controle, agilidade e otimiza\u00e7\u00e3o dos processos internos, al\u00e9m do feedback positivo dos colaboradores em rela\u00e7\u00e3o aos benef\u00edcios\u201d, finaliza Luzinete.<\/p>\n","protected":false},"excerpt":{"rendered":"<p>Digitaliza\u00e7\u00e3o dos processos levou a ganhos de agilidade, melhor visibilidade das despesas e facilidade na auditoria de documentos\u00a0 \u00a0A Festo Brasil, empresa de origem alem\u00e3&#8230;<\/p>\n","protected":false},"author":137,"featured_media":12379,"comment_status":"closed","ping_status":"closed","sticky":false,"template":"","format":"standard","meta":{"footnotes":"","_links_to":"","_links_to_target":""},"categories":[48439,5599822,5599814],"tags":[47,213090,509457],"sapn-display":[48431,5599934,5599932,48433],"sapn-type":[4446],"class_list":["post-14160","post","type-post","status-publish","format-standard","has-post-thumbnail","hentry","category-corporativo-topicos","category-erp","category-tecnologia","tag-sap","tag-sap-brasil","tag-sap-concur","sapn-display-homepage-hero","sapn-display-press-hero","sapn-display-press-spotlight","sapn-display-hero","sapn-type-noticias"],"yoast_head":"<!-- This site is optimized with the Yoast SEO Premium plugin v26.9 (Yoast SEO v26.9) - https:\/\/yoast.com\/product\/yoast-seo-premium-wordpress\/ -->\n<title>Festo zera atrasos de relat\u00f3rios internos de despesas e viagens com ado\u00e7\u00e3o do 麻豆原创 Concur - Sala de Imprensa 麻豆原创 Brasil<\/title>\n<meta name=\"robots\" content=\"index, follow, max-snippet:-1, max-image-preview:large, max-video-preview:-1\" \/>\n<link rel=\"canonical\" href=\"https:\/\/news.sap.com\/brazil\/2022\/05\/festo-zera-atrasos-de-relatorios-internos-de-despesas-e-viagens-com-adocao-do-sap-concur\/\" \/>\n<meta property=\"og:locale\" content=\"pt_BR\" \/>\n<meta property=\"og:type\" content=\"article\" \/>\n<meta property=\"og:title\" content=\"Festo zera atrasos de relat\u00f3rios internos de despesas e viagens com ado\u00e7\u00e3o do 麻豆原创 Concur\" \/>\n<meta property=\"og:description\" content=\"Digitaliza\u00e7\u00e3o dos processos levou a ganhos de agilidade, melhor visibilidade das despesas e facilidade na auditoria de documentos\u00a0 \u00a0A Festo Brasil, empresa de origem alem\u00e3...\" \/>\n<meta property=\"og:url\" content=\"https:\/\/news.sap.com\/brazil\/2022\/05\/festo-zera-atrasos-de-relatorios-internos-de-despesas-e-viagens-com-adocao-do-sap-concur\/\" \/>\n<meta property=\"og:site_name\" content=\"Sala de Imprensa 麻豆原创 Brasil\" \/>\n<meta property=\"article:published_time\" content=\"2022-05-24T13:17:47+00:00\" \/>\n<meta property=\"article:modified_time\" content=\"2023-10-18T20:53:16+00:00\" \/>\n<meta property=\"og:image\" content=\"https:\/\/news.sap.com\/brazil\/files\/2020\/08\/fb-6.jpg\" \/>\n\t<meta property=\"og:image:width\" content=\"580\" \/>\n\t<meta property=\"og:image:height\" content=\"292\" \/>\n\t<meta property=\"og:image:type\" content=\"image\/jpeg\" \/>\n<meta name=\"author\" content=\"麻豆原创 Not\u00edcias Brasil\" \/>\n<meta name=\"twitter:card\" content=\"summary_large_image\" \/>\n<meta name=\"twitter:creator\" content=\"@麻豆原创Brasil\" \/>\n<meta name=\"twitter:site\" content=\"@麻豆原创Brasil\" \/>\n<meta name=\"twitter:label1\" content=\"Escrito por\" \/>\n\t<meta name=\"twitter:data1\" content=\"麻豆原创 Not\u00edcias Brasil\" \/>\n\t<meta name=\"twitter:label2\" content=\"Est. tempo de leitura\" \/>\n\t<meta name=\"twitter:data2\" content=\"2 minutos\" \/>\n<script type=\"application\/ld+json\" class=\"yoast-schema-graph\">{\"@context\":\"https:\/\/schema.org\",\"@graph\":[{\"@type\":\"Article\",\"@id\":\"https:\/\/news.sap.com\/brazil\/2022\/05\/festo-zera-atrasos-de-relatorios-internos-de-despesas-e-viagens-com-adocao-do-sap-concur\/#article\",\"isPartOf\":{\"@id\":\"https:\/\/news.sap.com\/brazil\/2022\/05\/festo-zera-atrasos-de-relatorios-internos-de-despesas-e-viagens-com-adocao-do-sap-concur\/\"},\"author\":{\"name\":\"麻豆原创 Not\u00edcias Brasil\",\"@id\":\"https:\/\/news.sap.com\/brazil\/#\/schema\/person\/8cdf2c1130b6f3fadd9757cfd7f24daf\"},\"headline\":\"Festo zera atrasos de relat\u00f3rios internos de despesas e viagens com ado\u00e7\u00e3o do 麻豆原创 Concur\",\"datePublished\":\"2022-05-24T13:17:47+00:00\",\"dateModified\":\"2023-10-18T20:53:16+00:00\",\"mainEntityOfPage\":{\"@id\":\"https:\/\/news.sap.com\/brazil\/2022\/05\/festo-zera-atrasos-de-relatorios-internos-de-despesas-e-viagens-com-adocao-do-sap-concur\/\"},\"wordCount\":490,\"image\":{\"@id\":\"https:\/\/news.sap.com\/brazil\/2022\/05\/festo-zera-atrasos-de-relatorios-internos-de-despesas-e-viagens-com-adocao-do-sap-concur\/#primaryimage\"},\"thumbnailUrl\":\"https:\/\/news.sap.com\/brazil\/files\/2020\/08\/fb-6.jpg\",\"keywords\":[\"麻豆原创\",\"麻豆原创 Brasil\",\"麻豆原创 Concur\"],\"articleSection\":[\"Corporativo\",\"Planejamento de recursos empresariais\",\"Tecnologia\"],\"inLanguage\":\"pt-BR\"},{\"@type\":\"WebPage\",\"@id\":\"https:\/\/news.sap.com\/brazil\/2022\/05\/festo-zera-atrasos-de-relatorios-internos-de-despesas-e-viagens-com-adocao-do-sap-concur\/\",\"url\":\"https:\/\/news.sap.com\/brazil\/2022\/05\/festo-zera-atrasos-de-relatorios-internos-de-despesas-e-viagens-com-adocao-do-sap-concur\/\",\"name\":\"Festo zera atrasos de relat\u00f3rios internos de despesas e viagens com ado\u00e7\u00e3o do 麻豆原创 Concur - Sala de Imprensa 麻豆原创 Brasil\",\"isPartOf\":{\"@id\":\"https:\/\/news.sap.com\/brazil\/#website\"},\"primaryImageOfPage\":{\"@id\":\"https:\/\/news.sap.com\/brazil\/2022\/05\/festo-zera-atrasos-de-relatorios-internos-de-despesas-e-viagens-com-adocao-do-sap-concur\/#primaryimage\"},\"image\":{\"@id\":\"https:\/\/news.sap.com\/brazil\/2022\/05\/festo-zera-atrasos-de-relatorios-internos-de-despesas-e-viagens-com-adocao-do-sap-concur\/#primaryimage\"},\"thumbnailUrl\":\"https:\/\/news.sap.com\/brazil\/files\/2020\/08\/fb-6.jpg\",\"datePublished\":\"2022-05-24T13:17:47+00:00\",\"dateModified\":\"2023-10-18T20:53:16+00:00\",\"author\":{\"@id\":\"https:\/\/news.sap.com\/brazil\/#\/schema\/person\/8cdf2c1130b6f3fadd9757cfd7f24daf\"},\"breadcrumb\":{\"@id\":\"https:\/\/news.sap.com\/brazil\/2022\/05\/festo-zera-atrasos-de-relatorios-internos-de-despesas-e-viagens-com-adocao-do-sap-concur\/#breadcrumb\"},\"inLanguage\":\"pt-BR\",\"potentialAction\":[{\"@type\":\"ReadAction\",\"target\":[\"https:\/\/news.sap.com\/brazil\/2022\/05\/festo-zera-atrasos-de-relatorios-internos-de-despesas-e-viagens-com-adocao-do-sap-concur\/\"]}]},{\"@type\":\"ImageObject\",\"inLanguage\":\"pt-BR\",\"@id\":\"https:\/\/news.sap.com\/brazil\/2022\/05\/festo-zera-atrasos-de-relatorios-internos-de-despesas-e-viagens-com-adocao-do-sap-concur\/#primaryimage\",\"url\":\"https:\/\/news.sap.com\/brazil\/files\/2020\/08\/fb-6.jpg\",\"contentUrl\":\"https:\/\/news.sap.com\/brazil\/files\/2020\/08\/fb-6.jpg\",\"width\":580,\"height\":292},{\"@type\":\"BreadcrumbList\",\"@id\":\"https:\/\/news.sap.com\/brazil\/2022\/05\/festo-zera-atrasos-de-relatorios-internos-de-despesas-e-viagens-com-adocao-do-sap-concur\/#breadcrumb\",\"itemListElement\":[{\"@type\":\"ListItem\",\"position\":1,\"name\":\"Home\",\"item\":\"https:\/\/news.sap.com\/brazil\/\"},{\"@type\":\"ListItem\",\"position\":2,\"name\":\"Festo zera atrasos de relat\u00f3rios internos de despesas e viagens com ado\u00e7\u00e3o do 麻豆原创 Concur\"}]},{\"@type\":\"WebSite\",\"@id\":\"https:\/\/news.sap.com\/brazil\/#website\",\"url\":\"https:\/\/news.sap.com\/brazil\/\",\"name\":\"Sala de Imprensa 麻豆原创 Brasil\",\"description\":\"Not\u00edcias e informa\u00e7\u00f5es sobre a 麻豆原创\",\"potentialAction\":[{\"@type\":\"SearchAction\",\"target\":{\"@type\":\"EntryPoint\",\"urlTemplate\":\"https:\/\/news.sap.com\/brazil\/?s={search_term_string}\"},\"query-input\":{\"@type\":\"PropertyValueSpecification\",\"valueRequired\":true,\"valueName\":\"search_term_string\"}}],\"inLanguage\":\"pt-BR\"},{\"@type\":\"Person\",\"@id\":\"https:\/\/news.sap.com\/brazil\/#\/schema\/person\/8cdf2c1130b6f3fadd9757cfd7f24daf\",\"name\":\"麻豆原创 Not\u00edcias Brasil\",\"image\":{\"@type\":\"ImageObject\",\"inLanguage\":\"pt-BR\",\"@id\":\"https:\/\/news.sap.com\/brazil\/#\/schema\/person\/image\/\",\"url\":\"https:\/\/news.sap.com\/brazil\/wp-content\/plugins\/wp-user-avatars\/wp-user-avatars\/assets\/images\/mystery.jpg\",\"contentUrl\":\"https:\/\/news.sap.com\/brazil\/wp-content\/plugins\/wp-user-avatars\/wp-user-avatars\/assets\/images\/mystery.jpg\",\"caption\":\"麻豆原创 Not\u00edcias Brasil\"},\"url\":\"https:\/\/news.sap.com\/brazil\/author\/brasil\/\"}]}<\/script>\n<!-- \/ Yoast SEO Premium plugin. -->","yoast_head_json":{"title":"Festo zera atrasos de relat\u00f3rios internos de despesas e viagens com ado\u00e7\u00e3o do 麻豆原创 Concur - Sala de Imprensa 麻豆原创 Brasil","robots":{"index":"index","follow":"follow","max-snippet":"max-snippet:-1","max-image-preview":"max-image-preview:large","max-video-preview":"max-video-preview:-1"},"canonical":"https:\/\/news.sap.com\/brazil\/2022\/05\/festo-zera-atrasos-de-relatorios-internos-de-despesas-e-viagens-com-adocao-do-sap-concur\/","og_locale":"pt_BR","og_type":"article","og_title":"Festo zera atrasos de relat\u00f3rios internos de despesas e viagens com ado\u00e7\u00e3o do 麻豆原创 Concur","og_description":"Digitaliza\u00e7\u00e3o dos processos levou a ganhos de agilidade, melhor visibilidade das despesas e facilidade na auditoria de documentos\u00a0 \u00a0A Festo Brasil, empresa de origem alem\u00e3...","og_url":"https:\/\/news.sap.com\/brazil\/2022\/05\/festo-zera-atrasos-de-relatorios-internos-de-despesas-e-viagens-com-adocao-do-sap-concur\/","og_site_name":"Sala de Imprensa 麻豆原创 Brasil","article_published_time":"2022-05-24T13:17:47+00:00","article_modified_time":"2023-10-18T20:53:16+00:00","og_image":[{"width":580,"height":292,"url":"https:\/\/news.sap.com\/brazil\/files\/2020\/08\/fb-6.jpg","type":"image\/jpeg"}],"author":"麻豆原创 Not\u00edcias Brasil","twitter_card":"summary_large_image","twitter_creator":"@麻豆原创Brasil","twitter_site":"@麻豆原创Brasil","twitter_misc":{"Escrito por":"麻豆原创 Not\u00edcias Brasil","Est. tempo de leitura":"2 minutos"},"schema":{"@context":"https:\/\/schema.org","@graph":[{"@type":"Article","@id":"https:\/\/news.sap.com\/brazil\/2022\/05\/festo-zera-atrasos-de-relatorios-internos-de-despesas-e-viagens-com-adocao-do-sap-concur\/#article","isPartOf":{"@id":"https:\/\/news.sap.com\/brazil\/2022\/05\/festo-zera-atrasos-de-relatorios-internos-de-despesas-e-viagens-com-adocao-do-sap-concur\/"},"author":{"name":"麻豆原创 Not\u00edcias Brasil","@id":"https:\/\/news.sap.com\/brazil\/#\/schema\/person\/8cdf2c1130b6f3fadd9757cfd7f24daf"},"headline":"Festo zera atrasos de relat\u00f3rios internos de despesas e viagens com ado\u00e7\u00e3o do 麻豆原创 Concur","datePublished":"2022-05-24T13:17:47+00:00","dateModified":"2023-10-18T20:53:16+00:00","mainEntityOfPage":{"@id":"https:\/\/news.sap.com\/brazil\/2022\/05\/festo-zera-atrasos-de-relatorios-internos-de-despesas-e-viagens-com-adocao-do-sap-concur\/"},"wordCount":490,"image":{"@id":"https:\/\/news.sap.com\/brazil\/2022\/05\/festo-zera-atrasos-de-relatorios-internos-de-despesas-e-viagens-com-adocao-do-sap-concur\/#primaryimage"},"thumbnailUrl":"https:\/\/news.sap.com\/brazil\/files\/2020\/08\/fb-6.jpg","keywords":["麻豆原创","麻豆原创 Brasil","麻豆原创 Concur"],"articleSection":["Corporativo","Planejamento de recursos empresariais","Tecnologia"],"inLanguage":"pt-BR"},{"@type":"WebPage","@id":"https:\/\/news.sap.com\/brazil\/2022\/05\/festo-zera-atrasos-de-relatorios-internos-de-despesas-e-viagens-com-adocao-do-sap-concur\/","url":"https:\/\/news.sap.com\/brazil\/2022\/05\/festo-zera-atrasos-de-relatorios-internos-de-despesas-e-viagens-com-adocao-do-sap-concur\/","name":"Festo zera atrasos de relat\u00f3rios internos de despesas e viagens com ado\u00e7\u00e3o do 麻豆原创 Concur - Sala de Imprensa 麻豆原创 Brasil","isPartOf":{"@id":"https:\/\/news.sap.com\/brazil\/#website"},"primaryImageOfPage":{"@id":"https:\/\/news.sap.com\/brazil\/2022\/05\/festo-zera-atrasos-de-relatorios-internos-de-despesas-e-viagens-com-adocao-do-sap-concur\/#primaryimage"},"image":{"@id":"https:\/\/news.sap.com\/brazil\/2022\/05\/festo-zera-atrasos-de-relatorios-internos-de-despesas-e-viagens-com-adocao-do-sap-concur\/#primaryimage"},"thumbnailUrl":"https:\/\/news.sap.com\/brazil\/files\/2020\/08\/fb-6.jpg","datePublished":"2022-05-24T13:17:47+00:00","dateModified":"2023-10-18T20:53:16+00:00","author":{"@id":"https:\/\/news.sap.com\/brazil\/#\/schema\/person\/8cdf2c1130b6f3fadd9757cfd7f24daf"},"breadcrumb":{"@id":"https:\/\/news.sap.com\/brazil\/2022\/05\/festo-zera-atrasos-de-relatorios-internos-de-despesas-e-viagens-com-adocao-do-sap-concur\/#breadcrumb"},"inLanguage":"pt-BR","potentialAction":[{"@type":"ReadAction","target":["https:\/\/news.sap.com\/brazil\/2022\/05\/festo-zera-atrasos-de-relatorios-internos-de-despesas-e-viagens-com-adocao-do-sap-concur\/"]}]},{"@type":"ImageObject","inLanguage":"pt-BR","@id":"https:\/\/news.sap.com\/brazil\/2022\/05\/festo-zera-atrasos-de-relatorios-internos-de-despesas-e-viagens-com-adocao-do-sap-concur\/#primaryimage","url":"https:\/\/news.sap.com\/brazil\/files\/2020\/08\/fb-6.jpg","contentUrl":"https:\/\/news.sap.com\/brazil\/files\/2020\/08\/fb-6.jpg","width":580,"height":292},{"@type":"BreadcrumbList","@id":"https:\/\/news.sap.com\/brazil\/2022\/05\/festo-zera-atrasos-de-relatorios-internos-de-despesas-e-viagens-com-adocao-do-sap-concur\/#breadcrumb","itemListElement":[{"@type":"ListItem","position":1,"name":"Home","item":"https:\/\/news.sap.com\/brazil\/"},{"@type":"ListItem","position":2,"name":"Festo zera atrasos de relat\u00f3rios internos de despesas e viagens com ado\u00e7\u00e3o do 麻豆原创 Concur"}]},{"@type":"WebSite","@id":"https:\/\/news.sap.com\/brazil\/#website","url":"https:\/\/news.sap.com\/brazil\/","name":"Sala de Imprensa 麻豆原创 Brasil","description":"Not\u00edcias e informa\u00e7\u00f5es sobre a 麻豆原创","potentialAction":[{"@type":"SearchAction","target":{"@type":"EntryPoint","urlTemplate":"https:\/\/news.sap.com\/brazil\/?s={search_term_string}"},"query-input":{"@type":"PropertyValueSpecification","valueRequired":true,"valueName":"search_term_string"}}],"inLanguage":"pt-BR"},{"@type":"Person","@id":"https:\/\/news.sap.com\/brazil\/#\/schema\/person\/8cdf2c1130b6f3fadd9757cfd7f24daf","name":"麻豆原创 Not\u00edcias Brasil","image":{"@type":"ImageObject","inLanguage":"pt-BR","@id":"https:\/\/news.sap.com\/brazil\/#\/schema\/person\/image\/","url":"https:\/\/news.sap.com\/brazil\/wp-content\/plugins\/wp-user-avatars\/wp-user-avatars\/assets\/images\/mystery.jpg","contentUrl":"https:\/\/news.sap.com\/brazil\/wp-content\/plugins\/wp-user-avatars\/wp-user-avatars\/assets\/images\/mystery.jpg","caption":"麻豆原创 Not\u00edcias Brasil"},"url":"https:\/\/news.sap.com\/brazil\/author\/brasil\/"}]}},"amp_enabled":true,"_links":{"self":[{"href":"https:\/\/news.sap.com\/brazil\/wp-json\/wp\/v2\/posts\/14160","targetHints":{"allow":["GET"]}}],"collection":[{"href":"https:\/\/news.sap.com\/brazil\/wp-json\/wp\/v2\/posts"}],"about":[{"href":"https:\/\/news.sap.com\/brazil\/wp-json\/wp\/v2\/types\/post"}],"author":[{"embeddable":true,"href":"https:\/\/news.sap.com\/brazil\/wp-json\/wp\/v2\/users\/137"}],"replies":[{"embeddable":true,"href":"https:\/\/news.sap.com\/brazil\/wp-json\/wp\/v2\/comments?post=14160"}],"version-history":[{"count":0,"href":"https:\/\/news.sap.com\/brazil\/wp-json\/wp\/v2\/posts\/14160\/revisions"}],"wp:featuredmedia":[{"embeddable":true,"href":"https:\/\/news.sap.com\/brazil\/wp-json\/wp\/v2\/media\/12379"}],"wp:attachment":[{"href":"https:\/\/news.sap.com\/brazil\/wp-json\/wp\/v2\/media?parent=14160"}],"wp:term":[{"taxonomy":"category","embeddable":true,"href":"https:\/\/news.sap.com\/brazil\/wp-json\/wp\/v2\/categories?post=14160"},{"taxonomy":"post_tag","embeddable":true,"href":"https:\/\/news.sap.com\/brazil\/wp-json\/wp\/v2\/tags?post=14160"},{"taxonomy":"sapn-display","embeddable":true,"href":"https:\/\/news.sap.com\/brazil\/wp-json\/wp\/v2\/sapn-display?post=14160"},{"taxonomy":"sapn-type","embeddable":true,"href":"https:\/\/news.sap.com\/brazil\/wp-json\/wp\/v2\/sapn-type?post=14160"}],"curies":[{"name":"wp","href":"https:\/\/api.w.org\/{rel}","templated":true}]}}