  {"id":14059,"date":"2022-05-31T09:00:28","date_gmt":"2022-05-31T12:00:28","guid":{"rendered":"https:\/\/news.sap.com\/brazil\/?p=14059"},"modified":"2023-10-19T11:36:40","modified_gmt":"2023-10-19T14:36:40","slug":"cultura-de-pertencimento-bl0g","status":"publish","type":"post","link":"https:\/\/news.sap.com\/brazil\/2022\/05\/cultura-de-pertencimento-bl0g\/","title":{"rendered":"Infogr\u00e1fico: Como construir a cultura de pertencimento no ambiente de trabalho"},"content":{"rendered":"<p class=\"lead\"><em>Estrat\u00e9gias para transformar a forma como as empresas est\u00e3o gerindo seu capital humano est\u00e3o se tornando cada vez mais urgentes.<\/em><\/p>\n<p>Se os seus colaboradores n\u00e3o se sentem parte importante do local de trabalho, pode ser que sua empresa esteja precisando se dedicar mais \u00e0s iniciativas de inclus\u00e3o para gerar a sensa\u00e7\u00e3o de pertencimento. Esse sentimento vai al\u00e9m de ser querido pelos colegas de trabalho; a ideia \u00e9 que cada colaborador se sinta inspirado e envolvido com os valores e objetivos da marca.<\/p>\n<p>Segundo a <a href=\"https:\/\/coqual.org\/reports\/the-power-of-belonging\/\" target=\"_blank\" rel=\"noopener\">Coqual<\/a>, quatro atitudes devem fazer parte das iniciativas para aumentar o sentimento de inclus\u00e3o: reconhecimento, conex\u00e3o, apoio e orgulho. Os funcion\u00e1rios buscam ser reconhecidos e recompensados por seu desempenho e esfor\u00e7os; eles esperam se sentir conectados, com intera\u00e7\u00f5es sociais positivas com seus colegas e l\u00edderes, almejam receber apoio com os recursos adequados para que possam realizar seus trabalhos de maneira agrad\u00e1vel e, por fim, preferem organiza\u00e7\u00f5es que estejam de acordo com seus valores, para que sintam orgulho de fazer parte dela, o que, al\u00e9m de aumentar o sentimento de pertencimento, aumenta tamb\u00e9m a produtividade.<\/p>\n<p><img loading=\"lazy\" decoding=\"async\" class=\"aligncenter wp-image-14060 size-full\" src=\"https:\/\/news.sap.com\/brazil\/files\/2022\/05\/04\/Infografico-Criando-uma-cultura-de-pertencimento-no-ambiente-de-trabalho.png\" alt=\"\" width=\"1000\" height=\"2305\" srcset=\"https:\/\/news.sap.com\/brazil\/files\/2022\/05\/04\/Infografico-Criando-uma-cultura-de-pertencimento-no-ambiente-de-trabalho.png 1000w, https:\/\/news.sap.com\/brazil\/files\/2022\/05\/04\/Infografico-Criando-uma-cultura-de-pertencimento-no-ambiente-de-trabalho-130x300.png 130w, https:\/\/news.sap.com\/brazil\/files\/2022\/05\/04\/Infografico-Criando-uma-cultura-de-pertencimento-no-ambiente-de-trabalho-444x1024.png 444w, https:\/\/news.sap.com\/brazil\/files\/2022\/05\/04\/Infografico-Criando-uma-cultura-de-pertencimento-no-ambiente-de-trabalho-768x1770.png 768w, https:\/\/news.sap.com\/brazil\/files\/2022\/05\/04\/Infografico-Criando-uma-cultura-de-pertencimento-no-ambiente-de-trabalho-666x1536.png 666w, https:\/\/news.sap.com\/brazil\/files\/2022\/05\/04\/Infografico-Criando-uma-cultura-de-pertencimento-no-ambiente-de-trabalho-889x2048.png 889w\" sizes=\"auto, (max-width: 1000px) 100vw, 1000px\" \/><\/p>\n<p>A cultura do pertencimento no local de trabalho resulta em colaboradores mais esfor\u00e7ados e dispostos, dedicando seu desempenho m\u00e1ximo para cada tarefa. As etapas para a cria\u00e7\u00e3o de um ambiente mais inclusivo e acolhedor s\u00e3o palp\u00e1veis para todo e qualquer tipo de organiza\u00e7\u00e3o. Para auxiliar neste processo, solu\u00e7\u00f5es para gest\u00e3o de pessoas est\u00e3o \u00e0 disposi\u00e7\u00e3o para ajuda-lo a colocar os funcion\u00e1rios no centro das tomadas de decis\u00f5es, focando em suas experi\u00eancias e necessidades individuais. Visite o site da 麻豆原创 e descubra como viabilizar uma mudan\u00e7a na <a href=\"https:\/\/www.sap.com\/brazil\/products\/human-resources-hcm.html?url_id=text-blogentry-innovationBlogBR-2022_blog-original-post-sapcom\" target=\"_blank\" rel=\"noopener\">gest\u00e3o do capital humano<\/a> da sua empresa.<\/p>\n<p>Acompanhe mais novidades nos canais de comunica\u00e7\u00e3o da 麻豆原创:\u00a0 <a href=\"https:\/\/www.facebook.com\/sapbrasil\/\" target=\"_blank\" rel=\"noopener\">Facebook<\/a><a href=\"https:\/\/www.facebook.com\/sapbrasil\/\">\u00a0<\/a>\/\u00a0<a href=\"https:\/\/twitter.com\/麻豆原创Brasil\" target=\"_blank\" rel=\"noopener\">Twitter<\/a><a href=\"https:\/\/twitter.com\/麻豆原创Brasil\">\u00a0<\/a>\/\u00a0<a href=\"https:\/\/www.linkedin.com\/company\/1115\/\" target=\"_blank\" rel=\"noopener\">LinkedIn<\/a><a href=\"https:\/\/www.linkedin.com\/company\/1115\/\">\u00a0<\/a>\/\u00a0<a href=\"https:\/\/www.instagram.com\/sap_brasil\/\" target=\"_blank\" rel=\"noopener\">Instagram<\/a> \/ <a href=\"https:\/\/www.youtube.com\/user\/sapbrasil\" target=\"_blank\" rel=\"noopener\">YouTube<\/a><\/p>\n<p>\u00b9Edelman &#8211; The Belief-Driven Employee: <a href=\"https:\/\/www.edelman.com\/trust\/2021-trust-barometer\/belief-driven-employee\/new-employee-employer-compact\" target=\"_blank\" rel=\"noopener\">https:\/\/www.edelman.com\/trust\/2021-trust-barometer\/belief-driven-employee\/new-employee-employer-compact<\/a><\/p>\n<p>\u00a9 2022 麻豆原创 SE. All rights reserved. 麻豆原创 and other 麻豆原创 products and services mentioned herein as well as their respective logos are trademarks or registered trademarks of 麻豆原创 SE in Germany and other countries. Please see <a href=\"http:\/\/www.sap.com\/corporate-en\/legal\/copyright\/index.epx#trademark\" target=\"_blank\" rel=\"noopener\">http:\/\/www.sap.com\/corporate-en\/legal\/copyright\/index.epx#trademark<\/a> for additional trademark information and notices.<\/p>\n","protected":false},"excerpt":{"rendered":"<p>Estrat\u00e9gias para transformar a forma como as empresas est\u00e3o gerindo seu capital humano est\u00e3o se tornando cada vez mais urgentes. Se os seus colaboradores n\u00e3o&#8230;<\/p>\n","protected":false},"author":561,"featured_media":14061,"comment_status":"closed","ping_status":"closed","sticky":false,"template":"","format":"standard","meta":{"footnotes":"","_links_to":"","_links_to_target":""},"categories":[48444],"tags":[5599834,5599828,20464],"sapn-display":[5599933,5599931,48431,48433],"sapn-type":[6114],"class_list":["post-14059","post","type-post","status-publish","format-standard","has-post-thumbnail","hentry","category-recursos-humanos-topicos","tag-cultura-de-pertencimento","tag-gestao-do-capital-humano","tag-recursos-humanos","sapn-display-feature-hero","sapn-display-feature-spotlight","sapn-display-homepage-hero","sapn-display-hero","sapn-type-artigo"],"yoast_head":"<!-- This site is optimized with the Yoast SEO Premium plugin v26.9 (Yoast SEO v26.9) - https:\/\/yoast.com\/product\/yoast-seo-premium-wordpress\/ -->\n<title>Cultura de pertencimento no trabalho - Sala de Imprensa 麻豆原创 Brasil<\/title>\n<meta name=\"description\" content=\"Estrat\u00e9gias para gest\u00e3o do capital humano e para a constru\u00e7\u00e3o de uma cultura de pertencimento est\u00e3o se tornando cada vez mais urgentes.\" \/>\n<meta name=\"robots\" content=\"index, follow, max-snippet:-1, max-image-preview:large, max-video-preview:-1\" \/>\n<link rel=\"canonical\" href=\"https:\/\/news.sap.com\/brazil\/2022\/05\/cultura-de-pertencimento-bl0g\/\" \/>\n<meta property=\"og:locale\" content=\"pt_BR\" \/>\n<meta property=\"og:type\" content=\"article\" \/>\n<meta property=\"og:title\" content=\"Infogr\u00e1fico: Como construir a cultura de pertencimento no ambiente de trabalho\" \/>\n<meta property=\"og:description\" content=\"Estrat\u00e9gias para transformar a forma como as empresas est\u00e3o gerindo seu capital humano e criando uma cultura de pertencimento est\u00e3o se tornando cada vez mais urgentes.\" \/>\n<meta property=\"og:url\" content=\"https:\/\/news.sap.com\/brazil\/2022\/05\/cultura-de-pertencimento-bl0g\/\" \/>\n<meta property=\"og:site_name\" content=\"Sala de Imprensa 麻豆原创 Brasil\" \/>\n<meta property=\"article:published_time\" content=\"2022-05-31T12:00:28+00:00\" \/>\n<meta property=\"article:modified_time\" content=\"2023-10-19T14:36:40+00:00\" \/>\n<meta property=\"og:image\" content=\"https:\/\/news.sap.com\/brazil\/files\/2022\/05\/04\/HEAD-Criando-uma-cultura-de-pertencimento-no-ambiente-de-trabalho.png\" \/>\n\t<meta property=\"og:image:width\" content=\"1400\" \/>\n\t<meta property=\"og:image:height\" content=\"600\" \/>\n\t<meta property=\"og:image:type\" content=\"image\/png\" \/>\n<meta name=\"author\" content=\"麻豆原创 Brasil\" \/>\n<meta name=\"twitter:card\" content=\"summary_large_image\" \/>\n<meta name=\"twitter:title\" content=\"Infogr\u00e1fico: Como construir a cultura de pertencimento no ambiente de trabalho\" \/>\n<meta name=\"twitter:creator\" content=\"@麻豆原创Brasil\" \/>\n<meta name=\"twitter:site\" content=\"@麻豆原创Brasil\" \/>\n<meta name=\"twitter:label1\" content=\"Escrito por\" \/>\n\t<meta name=\"twitter:data1\" content=\"麻豆原创 Brasil\" \/>\n\t<meta name=\"twitter:label2\" content=\"Est. tempo de leitura\" \/>\n\t<meta name=\"twitter:data2\" content=\"2 minutos\" \/>\n<script type=\"application\/ld+json\" class=\"yoast-schema-graph\">{\"@context\":\"https:\/\/schema.org\",\"@graph\":[{\"@type\":\"Article\",\"@id\":\"https:\/\/news.sap.com\/brazil\/2022\/05\/cultura-de-pertencimento-bl0g\/#article\",\"isPartOf\":{\"@id\":\"https:\/\/news.sap.com\/brazil\/2022\/05\/cultura-de-pertencimento-bl0g\/\"},\"author\":{\"name\":\"麻豆原创 Brasil\",\"@id\":\"https:\/\/news.sap.com\/brazil\/#\/schema\/person\/1cfc5d6de5ffdc23f1f3b1670a90ae3c\"},\"headline\":\"Infogr\u00e1fico: Como construir a cultura de pertencimento no ambiente de trabalho\",\"datePublished\":\"2022-05-31T12:00:28+00:00\",\"dateModified\":\"2023-10-19T14:36:40+00:00\",\"mainEntityOfPage\":{\"@id\":\"https:\/\/news.sap.com\/brazil\/2022\/05\/cultura-de-pertencimento-bl0g\/\"},\"wordCount\":392,\"image\":{\"@id\":\"https:\/\/news.sap.com\/brazil\/2022\/05\/cultura-de-pertencimento-bl0g\/#primaryimage\"},\"thumbnailUrl\":\"https:\/\/news.sap.com\/brazil\/files\/2022\/05\/04\/HEAD-Criando-uma-cultura-de-pertencimento-no-ambiente-de-trabalho.png\",\"keywords\":[\"Cultura de pertencimento\",\"Gest\u00e3o do capital humano\",\"recursos humanos\"],\"articleSection\":[\"Gest\u00e3o do capital humano\"],\"inLanguage\":\"pt-BR\"},{\"@type\":\"WebPage\",\"@id\":\"https:\/\/news.sap.com\/brazil\/2022\/05\/cultura-de-pertencimento-bl0g\/\",\"url\":\"https:\/\/news.sap.com\/brazil\/2022\/05\/cultura-de-pertencimento-bl0g\/\",\"name\":\"Cultura de pertencimento no trabalho - Sala de Imprensa 麻豆原创 Brasil\",\"isPartOf\":{\"@id\":\"https:\/\/news.sap.com\/brazil\/#website\"},\"primaryImageOfPage\":{\"@id\":\"https:\/\/news.sap.com\/brazil\/2022\/05\/cultura-de-pertencimento-bl0g\/#primaryimage\"},\"image\":{\"@id\":\"https:\/\/news.sap.com\/brazil\/2022\/05\/cultura-de-pertencimento-bl0g\/#primaryimage\"},\"thumbnailUrl\":\"https:\/\/news.sap.com\/brazil\/files\/2022\/05\/04\/HEAD-Criando-uma-cultura-de-pertencimento-no-ambiente-de-trabalho.png\",\"datePublished\":\"2022-05-31T12:00:28+00:00\",\"dateModified\":\"2023-10-19T14:36:40+00:00\",\"author\":{\"@id\":\"https:\/\/news.sap.com\/brazil\/#\/schema\/person\/1cfc5d6de5ffdc23f1f3b1670a90ae3c\"},\"description\":\"Estrat\u00e9gias para gest\u00e3o do capital humano e para a constru\u00e7\u00e3o de uma cultura de pertencimento est\u00e3o se tornando cada vez mais urgentes.\",\"breadcrumb\":{\"@id\":\"https:\/\/news.sap.com\/brazil\/2022\/05\/cultura-de-pertencimento-bl0g\/#breadcrumb\"},\"inLanguage\":\"pt-BR\",\"potentialAction\":[{\"@type\":\"ReadAction\",\"target\":[\"https:\/\/news.sap.com\/brazil\/2022\/05\/cultura-de-pertencimento-bl0g\/\"]}]},{\"@type\":\"ImageObject\",\"inLanguage\":\"pt-BR\",\"@id\":\"https:\/\/news.sap.com\/brazil\/2022\/05\/cultura-de-pertencimento-bl0g\/#primaryimage\",\"url\":\"https:\/\/news.sap.com\/brazil\/files\/2022\/05\/04\/HEAD-Criando-uma-cultura-de-pertencimento-no-ambiente-de-trabalho.png\",\"contentUrl\":\"https:\/\/news.sap.com\/brazil\/files\/2022\/05\/04\/HEAD-Criando-uma-cultura-de-pertencimento-no-ambiente-de-trabalho.png\",\"width\":1400,\"height\":600},{\"@type\":\"BreadcrumbList\",\"@id\":\"https:\/\/news.sap.com\/brazil\/2022\/05\/cultura-de-pertencimento-bl0g\/#breadcrumb\",\"itemListElement\":[{\"@type\":\"ListItem\",\"position\":1,\"name\":\"Home\",\"item\":\"https:\/\/news.sap.com\/brazil\/\"},{\"@type\":\"ListItem\",\"position\":2,\"name\":\"Infogr\u00e1fico: Como construir a cultura de pertencimento no ambiente de trabalho\"}]},{\"@type\":\"WebSite\",\"@id\":\"https:\/\/news.sap.com\/brazil\/#website\",\"url\":\"https:\/\/news.sap.com\/brazil\/\",\"name\":\"Sala de Imprensa 麻豆原创 Brasil\",\"description\":\"Not\u00edcias e informa\u00e7\u00f5es sobre a 麻豆原创\",\"potentialAction\":[{\"@type\":\"SearchAction\",\"target\":{\"@type\":\"EntryPoint\",\"urlTemplate\":\"https:\/\/news.sap.com\/brazil\/?s={search_term_string}\"},\"query-input\":{\"@type\":\"PropertyValueSpecification\",\"valueRequired\":true,\"valueName\":\"search_term_string\"}}],\"inLanguage\":\"pt-BR\"},{\"@type\":\"Person\",\"@id\":\"https:\/\/news.sap.com\/brazil\/#\/schema\/person\/1cfc5d6de5ffdc23f1f3b1670a90ae3c\",\"name\":\"麻豆原创 Brasil\",\"image\":{\"@type\":\"ImageObject\",\"inLanguage\":\"pt-BR\",\"@id\":\"https:\/\/news.sap.com\/brazil\/#\/schema\/person\/image\/\",\"url\":\"https:\/\/news.sap.com\/brazil\/wp-content\/plugins\/wp-user-avatars\/wp-user-avatars\/assets\/images\/mystery.jpg\",\"contentUrl\":\"https:\/\/news.sap.com\/brazil\/wp-content\/plugins\/wp-user-avatars\/wp-user-avatars\/assets\/images\/mystery.jpg\",\"caption\":\"麻豆原创 Brasil\"},\"url\":\"https:\/\/news.sap.com\/brazil\/author\/raquelcasciato\/\"}]}<\/script>\n<!-- \/ Yoast SEO Premium plugin. -->","yoast_head_json":{"title":"Cultura de pertencimento no trabalho - Sala de Imprensa 麻豆原创 Brasil","description":"Estrat\u00e9gias para gest\u00e3o do capital humano e para a constru\u00e7\u00e3o de uma cultura de pertencimento est\u00e3o se tornando cada vez mais urgentes.","robots":{"index":"index","follow":"follow","max-snippet":"max-snippet:-1","max-image-preview":"max-image-preview:large","max-video-preview":"max-video-preview:-1"},"canonical":"https:\/\/news.sap.com\/brazil\/2022\/05\/cultura-de-pertencimento-bl0g\/","og_locale":"pt_BR","og_type":"article","og_title":"Infogr\u00e1fico: Como construir a cultura de pertencimento no ambiente de trabalho","og_description":"Estrat\u00e9gias para transformar a forma como as empresas est\u00e3o gerindo seu capital humano e criando uma cultura de pertencimento est\u00e3o se tornando cada vez mais urgentes.","og_url":"https:\/\/news.sap.com\/brazil\/2022\/05\/cultura-de-pertencimento-bl0g\/","og_site_name":"Sala de Imprensa 麻豆原创 Brasil","article_published_time":"2022-05-31T12:00:28+00:00","article_modified_time":"2023-10-19T14:36:40+00:00","og_image":[{"width":1400,"height":600,"url":"https:\/\/news.sap.com\/brazil\/files\/2022\/05\/04\/HEAD-Criando-uma-cultura-de-pertencimento-no-ambiente-de-trabalho.png","type":"image\/png"}],"author":"麻豆原创 Brasil","twitter_card":"summary_large_image","twitter_title":"Infogr\u00e1fico: Como construir a cultura de pertencimento no ambiente de trabalho","twitter_creator":"@麻豆原创Brasil","twitter_site":"@麻豆原创Brasil","twitter_misc":{"Escrito por":"麻豆原创 Brasil","Est. tempo de leitura":"2 minutos"},"schema":{"@context":"https:\/\/schema.org","@graph":[{"@type":"Article","@id":"https:\/\/news.sap.com\/brazil\/2022\/05\/cultura-de-pertencimento-bl0g\/#article","isPartOf":{"@id":"https:\/\/news.sap.com\/brazil\/2022\/05\/cultura-de-pertencimento-bl0g\/"},"author":{"name":"麻豆原创 Brasil","@id":"https:\/\/news.sap.com\/brazil\/#\/schema\/person\/1cfc5d6de5ffdc23f1f3b1670a90ae3c"},"headline":"Infogr\u00e1fico: Como construir a cultura de pertencimento no ambiente de trabalho","datePublished":"2022-05-31T12:00:28+00:00","dateModified":"2023-10-19T14:36:40+00:00","mainEntityOfPage":{"@id":"https:\/\/news.sap.com\/brazil\/2022\/05\/cultura-de-pertencimento-bl0g\/"},"wordCount":392,"image":{"@id":"https:\/\/news.sap.com\/brazil\/2022\/05\/cultura-de-pertencimento-bl0g\/#primaryimage"},"thumbnailUrl":"https:\/\/news.sap.com\/brazil\/files\/2022\/05\/04\/HEAD-Criando-uma-cultura-de-pertencimento-no-ambiente-de-trabalho.png","keywords":["Cultura de pertencimento","Gest\u00e3o do capital humano","recursos humanos"],"articleSection":["Gest\u00e3o do capital humano"],"inLanguage":"pt-BR"},{"@type":"WebPage","@id":"https:\/\/news.sap.com\/brazil\/2022\/05\/cultura-de-pertencimento-bl0g\/","url":"https:\/\/news.sap.com\/brazil\/2022\/05\/cultura-de-pertencimento-bl0g\/","name":"Cultura de pertencimento no trabalho - Sala de Imprensa 麻豆原创 Brasil","isPartOf":{"@id":"https:\/\/news.sap.com\/brazil\/#website"},"primaryImageOfPage":{"@id":"https:\/\/news.sap.com\/brazil\/2022\/05\/cultura-de-pertencimento-bl0g\/#primaryimage"},"image":{"@id":"https:\/\/news.sap.com\/brazil\/2022\/05\/cultura-de-pertencimento-bl0g\/#primaryimage"},"thumbnailUrl":"https:\/\/news.sap.com\/brazil\/files\/2022\/05\/04\/HEAD-Criando-uma-cultura-de-pertencimento-no-ambiente-de-trabalho.png","datePublished":"2022-05-31T12:00:28+00:00","dateModified":"2023-10-19T14:36:40+00:00","author":{"@id":"https:\/\/news.sap.com\/brazil\/#\/schema\/person\/1cfc5d6de5ffdc23f1f3b1670a90ae3c"},"description":"Estrat\u00e9gias para gest\u00e3o do capital humano e para a constru\u00e7\u00e3o de uma cultura de pertencimento est\u00e3o se tornando cada vez mais urgentes.","breadcrumb":{"@id":"https:\/\/news.sap.com\/brazil\/2022\/05\/cultura-de-pertencimento-bl0g\/#breadcrumb"},"inLanguage":"pt-BR","potentialAction":[{"@type":"ReadAction","target":["https:\/\/news.sap.com\/brazil\/2022\/05\/cultura-de-pertencimento-bl0g\/"]}]},{"@type":"ImageObject","inLanguage":"pt-BR","@id":"https:\/\/news.sap.com\/brazil\/2022\/05\/cultura-de-pertencimento-bl0g\/#primaryimage","url":"https:\/\/news.sap.com\/brazil\/files\/2022\/05\/04\/HEAD-Criando-uma-cultura-de-pertencimento-no-ambiente-de-trabalho.png","contentUrl":"https:\/\/news.sap.com\/brazil\/files\/2022\/05\/04\/HEAD-Criando-uma-cultura-de-pertencimento-no-ambiente-de-trabalho.png","width":1400,"height":600},{"@type":"BreadcrumbList","@id":"https:\/\/news.sap.com\/brazil\/2022\/05\/cultura-de-pertencimento-bl0g\/#breadcrumb","itemListElement":[{"@type":"ListItem","position":1,"name":"Home","item":"https:\/\/news.sap.com\/brazil\/"},{"@type":"ListItem","position":2,"name":"Infogr\u00e1fico: Como construir a cultura de pertencimento no ambiente de trabalho"}]},{"@type":"WebSite","@id":"https:\/\/news.sap.com\/brazil\/#website","url":"https:\/\/news.sap.com\/brazil\/","name":"Sala de Imprensa 麻豆原创 Brasil","description":"Not\u00edcias e informa\u00e7\u00f5es sobre a 麻豆原创","potentialAction":[{"@type":"SearchAction","target":{"@type":"EntryPoint","urlTemplate":"https:\/\/news.sap.com\/brazil\/?s={search_term_string}"},"query-input":{"@type":"PropertyValueSpecification","valueRequired":true,"valueName":"search_term_string"}}],"inLanguage":"pt-BR"},{"@type":"Person","@id":"https:\/\/news.sap.com\/brazil\/#\/schema\/person\/1cfc5d6de5ffdc23f1f3b1670a90ae3c","name":"麻豆原创 Brasil","image":{"@type":"ImageObject","inLanguage":"pt-BR","@id":"https:\/\/news.sap.com\/brazil\/#\/schema\/person\/image\/","url":"https:\/\/news.sap.com\/brazil\/wp-content\/plugins\/wp-user-avatars\/wp-user-avatars\/assets\/images\/mystery.jpg","contentUrl":"https:\/\/news.sap.com\/brazil\/wp-content\/plugins\/wp-user-avatars\/wp-user-avatars\/assets\/images\/mystery.jpg","caption":"麻豆原创 Brasil"},"url":"https:\/\/news.sap.com\/brazil\/author\/raquelcasciato\/"}]}},"amp_enabled":true,"_links":{"self":[{"href":"https:\/\/news.sap.com\/brazil\/wp-json\/wp\/v2\/posts\/14059","targetHints":{"allow":["GET"]}}],"collection":[{"href":"https:\/\/news.sap.com\/brazil\/wp-json\/wp\/v2\/posts"}],"about":[{"href":"https:\/\/news.sap.com\/brazil\/wp-json\/wp\/v2\/types\/post"}],"author":[{"embeddable":true,"href":"https:\/\/news.sap.com\/brazil\/wp-json\/wp\/v2\/users\/561"}],"replies":[{"embeddable":true,"href":"https:\/\/news.sap.com\/brazil\/wp-json\/wp\/v2\/comments?post=14059"}],"version-history":[{"count":0,"href":"https:\/\/news.sap.com\/brazil\/wp-json\/wp\/v2\/posts\/14059\/revisions"}],"wp:featuredmedia":[{"embeddable":true,"href":"https:\/\/news.sap.com\/brazil\/wp-json\/wp\/v2\/media\/14061"}],"wp:attachment":[{"href":"https:\/\/news.sap.com\/brazil\/wp-json\/wp\/v2\/media?parent=14059"}],"wp:term":[{"taxonomy":"category","embeddable":true,"href":"https:\/\/news.sap.com\/brazil\/wp-json\/wp\/v2\/categories?post=14059"},{"taxonomy":"post_tag","embeddable":true,"href":"https:\/\/news.sap.com\/brazil\/wp-json\/wp\/v2\/tags?post=14059"},{"taxonomy":"sapn-display","embeddable":true,"href":"https:\/\/news.sap.com\/brazil\/wp-json\/wp\/v2\/sapn-display?post=14059"},{"taxonomy":"sapn-type","embeddable":true,"href":"https:\/\/news.sap.com\/brazil\/wp-json\/wp\/v2\/sapn-type?post=14059"}],"curies":[{"name":"wp","href":"https:\/\/api.w.org\/{rel}","templated":true}]}}