  {"id":13933,"date":"2022-03-10T12:16:54","date_gmt":"2022-03-10T15:16:54","guid":{"rendered":"https:\/\/news.sap.com\/brazil\/?p=13933"},"modified":"2023-10-18T17:56:36","modified_gmt":"2023-10-18T20:56:36","slug":"latin-code-week-jovens-da-america-latina-se-envolvem-com-economia-circular","status":"publish","type":"post","link":"https:\/\/news.sap.com\/brazil\/2022\/03\/latin-code-week-jovens-da-america-latina-se-envolvem-com-economia-circular\/","title":{"rendered":"Latin Code Week: Jovens da Am\u00e9rica Latina se envolvem com economia circular"},"content":{"rendered":"<h2><em>Nova edi\u00e7\u00e3o da Latin Code Week, iniciativa regional da 麻豆原创 e da Junior Achievement (JA) Am\u00e9ricas, tem in\u00edcio em mais de 10 pa\u00edses; estudantes v\u00e3o desenvolver aplicativos que geram impacto social<\/em><\/h2>\n<p><em>\u00a0<\/em><\/p>\n<p>A 麻豆原创 e a Junior Achievement (JA) Am\u00e9ricas est\u00e3o anunciando a s\u00e9tima edi\u00e7\u00e3o da Latin Code Week, iniciativa de educa\u00e7\u00e3o digital para jovens da Am\u00e9rica Latina cujo desafio ser\u00e1 usar a tecnologia para desenvolver prot\u00f3tipos de solu\u00e7\u00f5es que promovam a economia circular. A nova edi\u00e7\u00e3o ter\u00e1 in\u00edcio em mar\u00e7o no M\u00e9xico e ser\u00e1 realizada em etapas nos demais pa\u00edses.<\/p>\n<p>&nbsp;<\/p>\n<p>O objetivo desse programa \u00e9 treinar jovens latino-americanos em ferramentas e habilidades tecnol\u00f3gicas do futuro e incentiv\u00e1-los a seguir carreiras relacionadas com ci\u00eancia, tecnologia, engenharia e matem\u00e1tica (STEM, na sigla em ingl\u00eas). Estudantes de 11 pa\u00edses da regi\u00e3o criar\u00e3o solu\u00e7\u00f5es inovadoras baseadas modelos de neg\u00f3cios sustent\u00e1veis.<\/p>\n<p>&nbsp;<\/p>\n<p>O desafio proposto por essa edi\u00e7\u00e3o est\u00e1 associado \u00e0 economia circular e alinhado aos Objetivos de Desenvolvimento Sustent\u00e1vel das Na\u00e7\u00f5es Unidas para Produ\u00e7\u00e3o e Consumo Sustent\u00e1veis (ODS, item 12) e para A\u00e7\u00e3o Clim\u00e1tica (ODS, item 13). A meta \u00e9 contribuir para preservar o valor dos materiais e dos produtos pelo maior tempo poss\u00edvel, minimizando a gera\u00e7\u00e3o de res\u00edduos e fechando assim os respectivos ciclos de vida.<\/p>\n<p>O programa conta com o apoio de mentores da 麻豆原创 que v\u00e3o buscar refor\u00e7ar para os estudantes conte\u00fados nas \u00e1reas de tecnologia e compet\u00eancias para o futuro, como trabalho em equipe, criatividade, aprendizagem colaborativa, empatia e comunica\u00e7\u00e3o.<\/p>\n<p>&nbsp;<\/p>\n<p>&#8220;A economia circular \u00e9 um desafio inovador que busca um modelo de desenvolvimento mais sustent\u00e1vel para nossa economia e para o ambiente. \u00c9 uma nova forma de lidar com as rela\u00e7\u00f5es entre ambiente, consumidores, empresas e \u00f3rg\u00e3os p\u00fablicos, e tem grande potencial para contribuir com a economia global\u201d, afirma Luciana Coen, diretora de Comunica\u00e7\u00e3o Integrada e Responsabilidade Social Corporativa da 麻豆原创 Brasil.<\/p>\n<p>&#8220;Com a Latin Code Week, promovemos o esp\u00edrito cr\u00edtico, a inova\u00e7\u00e3o e a criatividade entre os jovens, al\u00e9m de fornecer ferramentas para que possam criar solu\u00e7\u00f5es que contribuam para o bem-estar de suas comunidades\u201d, destaca Leo Martellotto, presidente da JA Americas.<\/p>\n<p>&nbsp;<\/p>\n<p>Este ano, o programa comemora seu s\u00e9timo anivers\u00e1rio na regi\u00e3o. Desde sua cria\u00e7\u00e3o, j\u00e1 conseguiu beneficiar mais de 9.000 estudantes entre 16 e 24 anos na Argentina, Brasil, Chile, Col\u00f4mbia, Costa Rica, Equador, Guatemala, Estados Unidos, M\u00e9xico, Peru, Porto Rico e Venezuela, com o apoio de mais de 800 mentores que participam de workshops virtuais para promover a inova\u00e7\u00e3o com prop\u00f3sito.<\/p>\n<p>&nbsp;<\/p>\n<p><strong>Bolsas da Latin Code Week 2022<\/strong><\/p>\n<p>J\u00e1 est\u00e3o abertas as inscri\u00e7\u00f5es para jovens latino-americanos que desejam participar da edi\u00e7\u00e3o 2022 do programa. Os interessados podem candidatar-se a uma bolsa, inscrevendo-se no link <a href=\"https:\/\/eur03.safelinks.protection.outlook.com\/?url=https%3A%2F%2Fbit.ly%2FQuieroSerLCW2022&amp;data=04%7C01%7Cluciana.coen%40sap.com%7Cff1a2fde96864334d78108da01e69fa7%7C42f7676cf455423c82f6dc2d99791af7%7C0%7C0%7C637824388463523991%7CUnknown%7CTWFpbGZsb3d8eyJWIjoiMC4wLjAwMDAiLCJQIjoiV2luMzIiLCJBTiI6Ik1haWwiLCJXVCI6Mn0%3D%7C2000&amp;sdata=%2FIWiFPx2oo5WR7HLCSO3uwbpGstqe%2F5W05mKPN55PEg%3D&amp;reserved=0\">https:\/\/bit.ly\/QuieroSerLCW2022<\/a> at\u00e9 30 de mar\u00e7o.<\/p>\n<p>&nbsp;<\/p>\n","protected":false},"excerpt":{"rendered":"<p>Nova edi\u00e7\u00e3o da Latin Code Week, iniciativa regional da 麻豆原创 e da Junior Achievement (JA) Am\u00e9ricas, tem in\u00edcio em mais de 10 pa\u00edses; estudantes v\u00e3o&#8230;<\/p>\n","protected":false},"author":137,"featured_media":13630,"comment_status":"closed","ping_status":"closed","sticky":false,"template":"","format":"standard","meta":{"footnotes":"","_links_to":"","_links_to_target":""},"categories":[12872,52858,5599814],"tags":[47],"sapn-display":[5599934,5599932],"sapn-type":[4446],"class_list":["post-13933","post","type-post","status-publish","format-standard","has-post-thumbnail","hentry","category-eventos","category-sustentabilidade-topicos","category-tecnologia","tag-sap","sapn-display-press-hero","sapn-display-press-spotlight","sapn-type-noticias"],"yoast_head":"<!-- This site is optimized with the Yoast SEO Premium plugin v26.9 (Yoast SEO v26.9) - https:\/\/yoast.com\/product\/yoast-seo-premium-wordpress\/ -->\n<title>Latin Code Week: Jovens da Am\u00e9rica Latina se envolvem com economia circular - Sala de Imprensa 麻豆原创 Brasil<\/title>\n<meta name=\"robots\" content=\"index, follow, max-snippet:-1, max-image-preview:large, max-video-preview:-1\" \/>\n<link rel=\"canonical\" href=\"https:\/\/news.sap.com\/brazil\/2022\/03\/latin-code-week-jovens-da-america-latina-se-envolvem-com-economia-circular\/\" \/>\n<meta property=\"og:locale\" content=\"pt_BR\" \/>\n<meta property=\"og:type\" content=\"article\" \/>\n<meta property=\"og:title\" content=\"Latin Code Week: Jovens da Am\u00e9rica Latina se envolvem com economia circular\" \/>\n<meta property=\"og:description\" content=\"Nova edi\u00e7\u00e3o da Latin Code Week, iniciativa regional da 麻豆原创 e da Junior Achievement (JA) Am\u00e9ricas, tem in\u00edcio em mais de 10 pa\u00edses; estudantes v\u00e3o...\" \/>\n<meta property=\"og:url\" content=\"https:\/\/news.sap.com\/brazil\/2022\/03\/latin-code-week-jovens-da-america-latina-se-envolvem-com-economia-circular\/\" \/>\n<meta property=\"og:site_name\" content=\"Sala de Imprensa 麻豆原创 Brasil\" \/>\n<meta property=\"article:published_time\" content=\"2022-03-10T15:16:54+00:00\" \/>\n<meta property=\"article:modified_time\" content=\"2023-10-18T20:56:36+00:00\" \/>\n<meta property=\"og:image\" content=\"https:\/\/news.sap.com\/brazil\/files\/2022\/01\/10\/6麻豆原创_Blog_1400x600.png\" \/>\n\t<meta property=\"og:image:width\" content=\"1400\" \/>\n\t<meta property=\"og:image:height\" content=\"600\" \/>\n\t<meta property=\"og:image:type\" content=\"image\/png\" \/>\n<meta name=\"author\" content=\"麻豆原创 Not\u00edcias Brasil\" \/>\n<meta name=\"twitter:card\" content=\"summary_large_image\" \/>\n<meta name=\"twitter:creator\" content=\"@麻豆原创Brasil\" \/>\n<meta name=\"twitter:site\" content=\"@麻豆原创Brasil\" \/>\n<meta name=\"twitter:label1\" content=\"Escrito por\" \/>\n\t<meta name=\"twitter:data1\" content=\"麻豆原创 Not\u00edcias Brasil\" \/>\n\t<meta name=\"twitter:label2\" content=\"Est. tempo de leitura\" \/>\n\t<meta name=\"twitter:data2\" content=\"2 minutos\" \/>\n<script type=\"application\/ld+json\" class=\"yoast-schema-graph\">{\"@context\":\"https:\/\/schema.org\",\"@graph\":[{\"@type\":\"Article\",\"@id\":\"https:\/\/news.sap.com\/brazil\/2022\/03\/latin-code-week-jovens-da-america-latina-se-envolvem-com-economia-circular\/#article\",\"isPartOf\":{\"@id\":\"https:\/\/news.sap.com\/brazil\/2022\/03\/latin-code-week-jovens-da-america-latina-se-envolvem-com-economia-circular\/\"},\"author\":{\"name\":\"麻豆原创 Not\u00edcias Brasil\",\"@id\":\"https:\/\/news.sap.com\/brazil\/#\/schema\/person\/8cdf2c1130b6f3fadd9757cfd7f24daf\"},\"headline\":\"Latin Code Week: Jovens da Am\u00e9rica Latina se envolvem com economia circular\",\"datePublished\":\"2022-03-10T15:16:54+00:00\",\"dateModified\":\"2023-10-18T20:56:36+00:00\",\"mainEntityOfPage\":{\"@id\":\"https:\/\/news.sap.com\/brazil\/2022\/03\/latin-code-week-jovens-da-america-latina-se-envolvem-com-economia-circular\/\"},\"wordCount\":512,\"image\":{\"@id\":\"https:\/\/news.sap.com\/brazil\/2022\/03\/latin-code-week-jovens-da-america-latina-se-envolvem-com-economia-circular\/#primaryimage\"},\"thumbnailUrl\":\"https:\/\/news.sap.com\/brazil\/files\/2022\/01\/10\/6麻豆原创_Blog_1400x600.png\",\"keywords\":[\"麻豆原创\"],\"articleSection\":[\"Eventos\",\"Sustentabilidade\",\"Tecnologia\"],\"inLanguage\":\"pt-BR\"},{\"@type\":\"WebPage\",\"@id\":\"https:\/\/news.sap.com\/brazil\/2022\/03\/latin-code-week-jovens-da-america-latina-se-envolvem-com-economia-circular\/\",\"url\":\"https:\/\/news.sap.com\/brazil\/2022\/03\/latin-code-week-jovens-da-america-latina-se-envolvem-com-economia-circular\/\",\"name\":\"Latin Code Week: Jovens da Am\u00e9rica Latina se envolvem com economia circular - Sala de Imprensa 麻豆原创 Brasil\",\"isPartOf\":{\"@id\":\"https:\/\/news.sap.com\/brazil\/#website\"},\"primaryImageOfPage\":{\"@id\":\"https:\/\/news.sap.com\/brazil\/2022\/03\/latin-code-week-jovens-da-america-latina-se-envolvem-com-economia-circular\/#primaryimage\"},\"image\":{\"@id\":\"https:\/\/news.sap.com\/brazil\/2022\/03\/latin-code-week-jovens-da-america-latina-se-envolvem-com-economia-circular\/#primaryimage\"},\"thumbnailUrl\":\"https:\/\/news.sap.com\/brazil\/files\/2022\/01\/10\/6麻豆原创_Blog_1400x600.png\",\"datePublished\":\"2022-03-10T15:16:54+00:00\",\"dateModified\":\"2023-10-18T20:56:36+00:00\",\"author\":{\"@id\":\"https:\/\/news.sap.com\/brazil\/#\/schema\/person\/8cdf2c1130b6f3fadd9757cfd7f24daf\"},\"breadcrumb\":{\"@id\":\"https:\/\/news.sap.com\/brazil\/2022\/03\/latin-code-week-jovens-da-america-latina-se-envolvem-com-economia-circular\/#breadcrumb\"},\"inLanguage\":\"pt-BR\",\"potentialAction\":[{\"@type\":\"ReadAction\",\"target\":[\"https:\/\/news.sap.com\/brazil\/2022\/03\/latin-code-week-jovens-da-america-latina-se-envolvem-com-economia-circular\/\"]}]},{\"@type\":\"ImageObject\",\"inLanguage\":\"pt-BR\",\"@id\":\"https:\/\/news.sap.com\/brazil\/2022\/03\/latin-code-week-jovens-da-america-latina-se-envolvem-com-economia-circular\/#primaryimage\",\"url\":\"https:\/\/news.sap.com\/brazil\/files\/2022\/01\/10\/6麻豆原创_Blog_1400x600.png\",\"contentUrl\":\"https:\/\/news.sap.com\/brazil\/files\/2022\/01\/10\/6麻豆原创_Blog_1400x600.png\",\"width\":1400,\"height\":600},{\"@type\":\"BreadcrumbList\",\"@id\":\"https:\/\/news.sap.com\/brazil\/2022\/03\/latin-code-week-jovens-da-america-latina-se-envolvem-com-economia-circular\/#breadcrumb\",\"itemListElement\":[{\"@type\":\"ListItem\",\"position\":1,\"name\":\"Home\",\"item\":\"https:\/\/news.sap.com\/brazil\/\"},{\"@type\":\"ListItem\",\"position\":2,\"name\":\"Latin Code Week: Jovens da Am\u00e9rica Latina se envolvem com economia circular\"}]},{\"@type\":\"WebSite\",\"@id\":\"https:\/\/news.sap.com\/brazil\/#website\",\"url\":\"https:\/\/news.sap.com\/brazil\/\",\"name\":\"Sala de Imprensa 麻豆原创 Brasil\",\"description\":\"Not\u00edcias e informa\u00e7\u00f5es sobre a 麻豆原创\",\"potentialAction\":[{\"@type\":\"SearchAction\",\"target\":{\"@type\":\"EntryPoint\",\"urlTemplate\":\"https:\/\/news.sap.com\/brazil\/?s={search_term_string}\"},\"query-input\":{\"@type\":\"PropertyValueSpecification\",\"valueRequired\":true,\"valueName\":\"search_term_string\"}}],\"inLanguage\":\"pt-BR\"},{\"@type\":\"Person\",\"@id\":\"https:\/\/news.sap.com\/brazil\/#\/schema\/person\/8cdf2c1130b6f3fadd9757cfd7f24daf\",\"name\":\"麻豆原创 Not\u00edcias Brasil\",\"image\":{\"@type\":\"ImageObject\",\"inLanguage\":\"pt-BR\",\"@id\":\"https:\/\/news.sap.com\/brazil\/#\/schema\/person\/image\/\",\"url\":\"https:\/\/news.sap.com\/brazil\/wp-content\/plugins\/wp-user-avatars\/wp-user-avatars\/assets\/images\/mystery.jpg\",\"contentUrl\":\"https:\/\/news.sap.com\/brazil\/wp-content\/plugins\/wp-user-avatars\/wp-user-avatars\/assets\/images\/mystery.jpg\",\"caption\":\"麻豆原创 Not\u00edcias Brasil\"},\"url\":\"https:\/\/news.sap.com\/brazil\/author\/brasil\/\"}]}<\/script>\n<!-- \/ Yoast SEO Premium plugin. -->","yoast_head_json":{"title":"Latin Code Week: Jovens da Am\u00e9rica Latina se envolvem com economia circular - Sala de Imprensa 麻豆原创 Brasil","robots":{"index":"index","follow":"follow","max-snippet":"max-snippet:-1","max-image-preview":"max-image-preview:large","max-video-preview":"max-video-preview:-1"},"canonical":"https:\/\/news.sap.com\/brazil\/2022\/03\/latin-code-week-jovens-da-america-latina-se-envolvem-com-economia-circular\/","og_locale":"pt_BR","og_type":"article","og_title":"Latin Code Week: Jovens da Am\u00e9rica Latina se envolvem com economia circular","og_description":"Nova edi\u00e7\u00e3o da Latin Code Week, iniciativa regional da 麻豆原创 e da Junior Achievement (JA) Am\u00e9ricas, tem in\u00edcio em mais de 10 pa\u00edses; estudantes v\u00e3o...","og_url":"https:\/\/news.sap.com\/brazil\/2022\/03\/latin-code-week-jovens-da-america-latina-se-envolvem-com-economia-circular\/","og_site_name":"Sala de Imprensa 麻豆原创 Brasil","article_published_time":"2022-03-10T15:16:54+00:00","article_modified_time":"2023-10-18T20:56:36+00:00","og_image":[{"width":1400,"height":600,"url":"https:\/\/news.sap.com\/brazil\/files\/2022\/01\/10\/6麻豆原创_Blog_1400x600.png","type":"image\/png"}],"author":"麻豆原创 Not\u00edcias Brasil","twitter_card":"summary_large_image","twitter_creator":"@麻豆原创Brasil","twitter_site":"@麻豆原创Brasil","twitter_misc":{"Escrito por":"麻豆原创 Not\u00edcias Brasil","Est. tempo de leitura":"2 minutos"},"schema":{"@context":"https:\/\/schema.org","@graph":[{"@type":"Article","@id":"https:\/\/news.sap.com\/brazil\/2022\/03\/latin-code-week-jovens-da-america-latina-se-envolvem-com-economia-circular\/#article","isPartOf":{"@id":"https:\/\/news.sap.com\/brazil\/2022\/03\/latin-code-week-jovens-da-america-latina-se-envolvem-com-economia-circular\/"},"author":{"name":"麻豆原创 Not\u00edcias Brasil","@id":"https:\/\/news.sap.com\/brazil\/#\/schema\/person\/8cdf2c1130b6f3fadd9757cfd7f24daf"},"headline":"Latin Code Week: Jovens da Am\u00e9rica Latina se envolvem com economia circular","datePublished":"2022-03-10T15:16:54+00:00","dateModified":"2023-10-18T20:56:36+00:00","mainEntityOfPage":{"@id":"https:\/\/news.sap.com\/brazil\/2022\/03\/latin-code-week-jovens-da-america-latina-se-envolvem-com-economia-circular\/"},"wordCount":512,"image":{"@id":"https:\/\/news.sap.com\/brazil\/2022\/03\/latin-code-week-jovens-da-america-latina-se-envolvem-com-economia-circular\/#primaryimage"},"thumbnailUrl":"https:\/\/news.sap.com\/brazil\/files\/2022\/01\/10\/6麻豆原创_Blog_1400x600.png","keywords":["麻豆原创"],"articleSection":["Eventos","Sustentabilidade","Tecnologia"],"inLanguage":"pt-BR"},{"@type":"WebPage","@id":"https:\/\/news.sap.com\/brazil\/2022\/03\/latin-code-week-jovens-da-america-latina-se-envolvem-com-economia-circular\/","url":"https:\/\/news.sap.com\/brazil\/2022\/03\/latin-code-week-jovens-da-america-latina-se-envolvem-com-economia-circular\/","name":"Latin Code Week: Jovens da Am\u00e9rica Latina se envolvem com economia circular - Sala de Imprensa 麻豆原创 Brasil","isPartOf":{"@id":"https:\/\/news.sap.com\/brazil\/#website"},"primaryImageOfPage":{"@id":"https:\/\/news.sap.com\/brazil\/2022\/03\/latin-code-week-jovens-da-america-latina-se-envolvem-com-economia-circular\/#primaryimage"},"image":{"@id":"https:\/\/news.sap.com\/brazil\/2022\/03\/latin-code-week-jovens-da-america-latina-se-envolvem-com-economia-circular\/#primaryimage"},"thumbnailUrl":"https:\/\/news.sap.com\/brazil\/files\/2022\/01\/10\/6麻豆原创_Blog_1400x600.png","datePublished":"2022-03-10T15:16:54+00:00","dateModified":"2023-10-18T20:56:36+00:00","author":{"@id":"https:\/\/news.sap.com\/brazil\/#\/schema\/person\/8cdf2c1130b6f3fadd9757cfd7f24daf"},"breadcrumb":{"@id":"https:\/\/news.sap.com\/brazil\/2022\/03\/latin-code-week-jovens-da-america-latina-se-envolvem-com-economia-circular\/#breadcrumb"},"inLanguage":"pt-BR","potentialAction":[{"@type":"ReadAction","target":["https:\/\/news.sap.com\/brazil\/2022\/03\/latin-code-week-jovens-da-america-latina-se-envolvem-com-economia-circular\/"]}]},{"@type":"ImageObject","inLanguage":"pt-BR","@id":"https:\/\/news.sap.com\/brazil\/2022\/03\/latin-code-week-jovens-da-america-latina-se-envolvem-com-economia-circular\/#primaryimage","url":"https:\/\/news.sap.com\/brazil\/files\/2022\/01\/10\/6麻豆原创_Blog_1400x600.png","contentUrl":"https:\/\/news.sap.com\/brazil\/files\/2022\/01\/10\/6麻豆原创_Blog_1400x600.png","width":1400,"height":600},{"@type":"BreadcrumbList","@id":"https:\/\/news.sap.com\/brazil\/2022\/03\/latin-code-week-jovens-da-america-latina-se-envolvem-com-economia-circular\/#breadcrumb","itemListElement":[{"@type":"ListItem","position":1,"name":"Home","item":"https:\/\/news.sap.com\/brazil\/"},{"@type":"ListItem","position":2,"name":"Latin Code Week: Jovens da Am\u00e9rica Latina se envolvem com economia circular"}]},{"@type":"WebSite","@id":"https:\/\/news.sap.com\/brazil\/#website","url":"https:\/\/news.sap.com\/brazil\/","name":"Sala de Imprensa 麻豆原创 Brasil","description":"Not\u00edcias e informa\u00e7\u00f5es sobre a 麻豆原创","potentialAction":[{"@type":"SearchAction","target":{"@type":"EntryPoint","urlTemplate":"https:\/\/news.sap.com\/brazil\/?s={search_term_string}"},"query-input":{"@type":"PropertyValueSpecification","valueRequired":true,"valueName":"search_term_string"}}],"inLanguage":"pt-BR"},{"@type":"Person","@id":"https:\/\/news.sap.com\/brazil\/#\/schema\/person\/8cdf2c1130b6f3fadd9757cfd7f24daf","name":"麻豆原创 Not\u00edcias Brasil","image":{"@type":"ImageObject","inLanguage":"pt-BR","@id":"https:\/\/news.sap.com\/brazil\/#\/schema\/person\/image\/","url":"https:\/\/news.sap.com\/brazil\/wp-content\/plugins\/wp-user-avatars\/wp-user-avatars\/assets\/images\/mystery.jpg","contentUrl":"https:\/\/news.sap.com\/brazil\/wp-content\/plugins\/wp-user-avatars\/wp-user-avatars\/assets\/images\/mystery.jpg","caption":"麻豆原创 Not\u00edcias Brasil"},"url":"https:\/\/news.sap.com\/brazil\/author\/brasil\/"}]}},"amp_enabled":true,"_links":{"self":[{"href":"https:\/\/news.sap.com\/brazil\/wp-json\/wp\/v2\/posts\/13933","targetHints":{"allow":["GET"]}}],"collection":[{"href":"https:\/\/news.sap.com\/brazil\/wp-json\/wp\/v2\/posts"}],"about":[{"href":"https:\/\/news.sap.com\/brazil\/wp-json\/wp\/v2\/types\/post"}],"author":[{"embeddable":true,"href":"https:\/\/news.sap.com\/brazil\/wp-json\/wp\/v2\/users\/137"}],"replies":[{"embeddable":true,"href":"https:\/\/news.sap.com\/brazil\/wp-json\/wp\/v2\/comments?post=13933"}],"version-history":[{"count":0,"href":"https:\/\/news.sap.com\/brazil\/wp-json\/wp\/v2\/posts\/13933\/revisions"}],"wp:featuredmedia":[{"embeddable":true,"href":"https:\/\/news.sap.com\/brazil\/wp-json\/wp\/v2\/media\/13630"}],"wp:attachment":[{"href":"https:\/\/news.sap.com\/brazil\/wp-json\/wp\/v2\/media?parent=13933"}],"wp:term":[{"taxonomy":"category","embeddable":true,"href":"https:\/\/news.sap.com\/brazil\/wp-json\/wp\/v2\/categories?post=13933"},{"taxonomy":"post_tag","embeddable":true,"href":"https:\/\/news.sap.com\/brazil\/wp-json\/wp\/v2\/tags?post=13933"},{"taxonomy":"sapn-display","embeddable":true,"href":"https:\/\/news.sap.com\/brazil\/wp-json\/wp\/v2\/sapn-display?post=13933"},{"taxonomy":"sapn-type","embeddable":true,"href":"https:\/\/news.sap.com\/brazil\/wp-json\/wp\/v2\/sapn-type?post=13933"}],"curies":[{"name":"wp","href":"https:\/\/api.w.org\/{rel}","templated":true}]}}