  {"id":13708,"date":"2022-02-01T12:28:52","date_gmt":"2022-02-01T15:28:52","guid":{"rendered":"https:\/\/news.sap.com\/brazil\/?p=13708"},"modified":"2023-10-18T18:01:45","modified_gmt":"2023-10-18T21:01:45","slug":"gustavo-segre-assume-a-area-de-marketing-da-sap-brasil","status":"publish","type":"post","link":"https:\/\/news.sap.com\/brazil\/2022\/02\/gustavo-segre-assume-a-area-de-marketing-da-sap-brasil\/","title":{"rendered":"Gustavo Segre assume a \u00e1rea de marketing da 麻豆原创 Brasil"},"content":{"rendered":"<p>Gustavo Segre \u00e9 o novo CMO (Chief Marketing Officer, na sigla em ingl\u00eas) da 麻豆原创 Brasil e assume o cargo ap\u00f3s 8 anos na companhia. Nesse per\u00edodo, o executivo passou por diversas posi\u00e7\u00f5es no Marketing do Brasil e da Am\u00e9rica Latina, e nos \u00faltimos 4 anos, estava como diretor de Marketing, atuando na gest\u00e3o de equipes e nos projetos de inova\u00e7\u00e3o da \u00e1rea.<\/p>\n<p>Formado em administra\u00e7\u00e3o pela FAAP, o CMO possui MBA em Marketing pela USP e especializa\u00e7\u00f5es internacionais em Gest\u00e3o e Neg\u00f3cios em institui\u00e7\u00f5es como Hyper Island, London Business School e HSM University. A qualifica\u00e7\u00e3o soma-se aos 25 anos de atua\u00e7\u00e3o em empresas de tecnologia do mercado B2B, como Oracle, HP e Compaq, entre outras.<\/p>\n<p>Com a nova posi\u00e7\u00e3o, Segre integra o time de executivos que reportam diretamente a Adriana Aroulho, presidente da 麻豆原创 Brasil, e tem como meta dar sequ\u00eancia \u00e0s a\u00e7\u00f5es para implementar a cultura de transforma\u00e7\u00e3o digital junto aos clientes e aos parceiros da companhia. \u201cEstamos muito felizes com a merecida chegada do Gustavo Segre, um talento interno, ao cargo de CMO. O ano de 2022 \u00e9 um per\u00edodo de esperan\u00e7a, e n\u00f3s queremos fortalecer o processo de consolida\u00e7\u00e3o da cultura de nuvem. A contribui\u00e7\u00e3o do Segre no comando da \u00e1rea ser\u00e1 fundamental para isso\u201d, afirma Adriana Aroulho.<\/p>\n<p>No \u00faltimo ano, 35% dos novos clientes que adquiriram alguma solu\u00e7\u00e3o 麻豆原创 foram impactados por campanhas de marketing durante o processo de decis\u00e3o. \u201cEu vejo que o marketing est\u00e1 no sistema nervoso central da empresa, atuando al\u00e9m dos KPIs de gera\u00e7\u00e3o de demanda e impactos de pipeline. A atividade tem uma atua\u00e7\u00e3o maior, desde a associa\u00e7\u00e3o das mensagens da 麻豆原创 Brasil e seus valores corporativos \u00e0 linearidade de neg\u00f3cios da companhia, passando pelo retorno das campanhas junto aos clientes e atrav\u00e9s do nosso ecossistema de parceiros\u201d, avalia Gustavo Segre.<\/p>\n<p>Outro destaque do novo CMO \u00e9 a organiza\u00e7\u00e3o e realiza\u00e7\u00e3o do 麻豆原创 NOW Brasil, evento anual da companhia, que em 2022 chega \u00e0 sua 27\u00aa edi\u00e7\u00e3o, dessa vez no formato presencial. Nos \u00faltimos dois anos, o evento foi realizado inteiramente em uma plataforma online, e em 2021 reuniu 413 speakers, conquistou 80 patrocinadores, e contou com a\u00e7\u00f5es junto aos clientes, com foco na apresenta\u00e7\u00e3o de cases de sucesso das empresas que utilizam as solu\u00e7\u00f5es da 麻豆原创 Brasil.<\/p>\n","protected":false},"excerpt":{"rendered":"<p>Gustavo Segre \u00e9 o novo CMO (Chief Marketing Officer, na sigla em ingl\u00eas) da 麻豆原创 Brasil e assume o cargo ap\u00f3s 8 anos na companhia&#8230;.<\/p>\n","protected":false},"author":137,"featured_media":13630,"comment_status":"closed","ping_status":"closed","sticky":false,"template":"","format":"standard","meta":{"footnotes":"","_links_to":"","_links_to_target":""},"categories":[48439],"tags":[47,213090,59475],"sapn-display":[48431,5599934,5599932,48433],"sapn-type":[4446],"class_list":["post-13708","post","type-post","status-publish","format-standard","has-post-thumbnail","hentry","category-corporativo-topicos","tag-sap","tag-sap-brasil","tag-vendas-e-marketing","sapn-display-homepage-hero","sapn-display-press-hero","sapn-display-press-spotlight","sapn-display-hero","sapn-type-noticias"],"yoast_head":"<!-- This site is optimized with the Yoast SEO Premium plugin v26.9 (Yoast SEO v26.9) - https:\/\/yoast.com\/product\/yoast-seo-premium-wordpress\/ -->\n<title>Gustavo Segre assume a \u00e1rea de marketing da 麻豆原创 Brasil - Sala de Imprensa 麻豆原创 Brasil<\/title>\n<meta name=\"robots\" content=\"index, follow, max-snippet:-1, max-image-preview:large, max-video-preview:-1\" \/>\n<link rel=\"canonical\" href=\"https:\/\/news.sap.com\/brazil\/2022\/02\/gustavo-segre-assume-a-area-de-marketing-da-sap-brasil\/\" \/>\n<meta property=\"og:locale\" content=\"pt_BR\" \/>\n<meta property=\"og:type\" content=\"article\" \/>\n<meta property=\"og:title\" content=\"Gustavo Segre assume a \u00e1rea de marketing da 麻豆原创 Brasil\" \/>\n<meta property=\"og:description\" content=\"Gustavo Segre \u00e9 o novo CMO (Chief Marketing Officer, na sigla em ingl\u00eas) da 麻豆原创 Brasil e assume o cargo ap\u00f3s 8 anos na companhia....\" \/>\n<meta property=\"og:url\" content=\"https:\/\/news.sap.com\/brazil\/2022\/02\/gustavo-segre-assume-a-area-de-marketing-da-sap-brasil\/\" \/>\n<meta property=\"og:site_name\" content=\"Sala de Imprensa 麻豆原创 Brasil\" \/>\n<meta property=\"article:published_time\" content=\"2022-02-01T15:28:52+00:00\" \/>\n<meta property=\"article:modified_time\" content=\"2023-10-18T21:01:45+00:00\" \/>\n<meta property=\"og:image\" content=\"https:\/\/news.sap.com\/brazil\/files\/2022\/01\/10\/6麻豆原创_Blog_1400x600.png\" \/>\n\t<meta property=\"og:image:width\" content=\"1400\" \/>\n\t<meta property=\"og:image:height\" content=\"600\" \/>\n\t<meta property=\"og:image:type\" content=\"image\/png\" \/>\n<meta name=\"author\" content=\"麻豆原创 Not\u00edcias Brasil\" \/>\n<meta name=\"twitter:card\" content=\"summary_large_image\" \/>\n<meta name=\"twitter:creator\" content=\"@麻豆原创Brasil\" \/>\n<meta name=\"twitter:site\" content=\"@麻豆原创Brasil\" \/>\n<meta name=\"twitter:label1\" content=\"Escrito por\" \/>\n\t<meta name=\"twitter:data1\" content=\"麻豆原创 Not\u00edcias Brasil\" \/>\n\t<meta name=\"twitter:label2\" content=\"Est. tempo de leitura\" \/>\n\t<meta name=\"twitter:data2\" content=\"2 minutos\" \/>\n<script type=\"application\/ld+json\" class=\"yoast-schema-graph\">{\"@context\":\"https:\/\/schema.org\",\"@graph\":[{\"@type\":\"Article\",\"@id\":\"https:\/\/news.sap.com\/brazil\/2022\/02\/gustavo-segre-assume-a-area-de-marketing-da-sap-brasil\/#article\",\"isPartOf\":{\"@id\":\"https:\/\/news.sap.com\/brazil\/2022\/02\/gustavo-segre-assume-a-area-de-marketing-da-sap-brasil\/\"},\"author\":{\"name\":\"麻豆原创 Not\u00edcias Brasil\",\"@id\":\"https:\/\/news.sap.com\/brazil\/#\/schema\/person\/8cdf2c1130b6f3fadd9757cfd7f24daf\"},\"headline\":\"Gustavo Segre assume a \u00e1rea de marketing da 麻豆原创 Brasil\",\"datePublished\":\"2022-02-01T15:28:52+00:00\",\"dateModified\":\"2023-10-18T21:01:45+00:00\",\"mainEntityOfPage\":{\"@id\":\"https:\/\/news.sap.com\/brazil\/2022\/02\/gustavo-segre-assume-a-area-de-marketing-da-sap-brasil\/\"},\"wordCount\":411,\"image\":{\"@id\":\"https:\/\/news.sap.com\/brazil\/2022\/02\/gustavo-segre-assume-a-area-de-marketing-da-sap-brasil\/#primaryimage\"},\"thumbnailUrl\":\"https:\/\/news.sap.com\/brazil\/files\/2022\/01\/10\/6麻豆原创_Blog_1400x600.png\",\"keywords\":[\"麻豆原创\",\"麻豆原创 Brasil\",\"Vendas e Marketing\"],\"articleSection\":[\"Corporativo\"],\"inLanguage\":\"pt-BR\"},{\"@type\":\"WebPage\",\"@id\":\"https:\/\/news.sap.com\/brazil\/2022\/02\/gustavo-segre-assume-a-area-de-marketing-da-sap-brasil\/\",\"url\":\"https:\/\/news.sap.com\/brazil\/2022\/02\/gustavo-segre-assume-a-area-de-marketing-da-sap-brasil\/\",\"name\":\"Gustavo Segre assume a \u00e1rea de marketing da 麻豆原创 Brasil - Sala de Imprensa 麻豆原创 Brasil\",\"isPartOf\":{\"@id\":\"https:\/\/news.sap.com\/brazil\/#website\"},\"primaryImageOfPage\":{\"@id\":\"https:\/\/news.sap.com\/brazil\/2022\/02\/gustavo-segre-assume-a-area-de-marketing-da-sap-brasil\/#primaryimage\"},\"image\":{\"@id\":\"https:\/\/news.sap.com\/brazil\/2022\/02\/gustavo-segre-assume-a-area-de-marketing-da-sap-brasil\/#primaryimage\"},\"thumbnailUrl\":\"https:\/\/news.sap.com\/brazil\/files\/2022\/01\/10\/6麻豆原创_Blog_1400x600.png\",\"datePublished\":\"2022-02-01T15:28:52+00:00\",\"dateModified\":\"2023-10-18T21:01:45+00:00\",\"author\":{\"@id\":\"https:\/\/news.sap.com\/brazil\/#\/schema\/person\/8cdf2c1130b6f3fadd9757cfd7f24daf\"},\"breadcrumb\":{\"@id\":\"https:\/\/news.sap.com\/brazil\/2022\/02\/gustavo-segre-assume-a-area-de-marketing-da-sap-brasil\/#breadcrumb\"},\"inLanguage\":\"pt-BR\",\"potentialAction\":[{\"@type\":\"ReadAction\",\"target\":[\"https:\/\/news.sap.com\/brazil\/2022\/02\/gustavo-segre-assume-a-area-de-marketing-da-sap-brasil\/\"]}]},{\"@type\":\"ImageObject\",\"inLanguage\":\"pt-BR\",\"@id\":\"https:\/\/news.sap.com\/brazil\/2022\/02\/gustavo-segre-assume-a-area-de-marketing-da-sap-brasil\/#primaryimage\",\"url\":\"https:\/\/news.sap.com\/brazil\/files\/2022\/01\/10\/6麻豆原创_Blog_1400x600.png\",\"contentUrl\":\"https:\/\/news.sap.com\/brazil\/files\/2022\/01\/10\/6麻豆原创_Blog_1400x600.png\",\"width\":1400,\"height\":600},{\"@type\":\"BreadcrumbList\",\"@id\":\"https:\/\/news.sap.com\/brazil\/2022\/02\/gustavo-segre-assume-a-area-de-marketing-da-sap-brasil\/#breadcrumb\",\"itemListElement\":[{\"@type\":\"ListItem\",\"position\":1,\"name\":\"Home\",\"item\":\"https:\/\/news.sap.com\/brazil\/\"},{\"@type\":\"ListItem\",\"position\":2,\"name\":\"Gustavo Segre assume a \u00e1rea de marketing da 麻豆原创 Brasil\"}]},{\"@type\":\"WebSite\",\"@id\":\"https:\/\/news.sap.com\/brazil\/#website\",\"url\":\"https:\/\/news.sap.com\/brazil\/\",\"name\":\"Sala de Imprensa 麻豆原创 Brasil\",\"description\":\"Not\u00edcias e informa\u00e7\u00f5es sobre a 麻豆原创\",\"potentialAction\":[{\"@type\":\"SearchAction\",\"target\":{\"@type\":\"EntryPoint\",\"urlTemplate\":\"https:\/\/news.sap.com\/brazil\/?s={search_term_string}\"},\"query-input\":{\"@type\":\"PropertyValueSpecification\",\"valueRequired\":true,\"valueName\":\"search_term_string\"}}],\"inLanguage\":\"pt-BR\"},{\"@type\":\"Person\",\"@id\":\"https:\/\/news.sap.com\/brazil\/#\/schema\/person\/8cdf2c1130b6f3fadd9757cfd7f24daf\",\"name\":\"麻豆原创 Not\u00edcias Brasil\",\"image\":{\"@type\":\"ImageObject\",\"inLanguage\":\"pt-BR\",\"@id\":\"https:\/\/news.sap.com\/brazil\/#\/schema\/person\/image\/\",\"url\":\"https:\/\/news.sap.com\/brazil\/wp-content\/plugins\/wp-user-avatars\/wp-user-avatars\/assets\/images\/mystery.jpg\",\"contentUrl\":\"https:\/\/news.sap.com\/brazil\/wp-content\/plugins\/wp-user-avatars\/wp-user-avatars\/assets\/images\/mystery.jpg\",\"caption\":\"麻豆原创 Not\u00edcias Brasil\"},\"url\":\"https:\/\/news.sap.com\/brazil\/author\/brasil\/\"}]}<\/script>\n<!-- \/ Yoast SEO Premium plugin. -->","yoast_head_json":{"title":"Gustavo Segre assume a \u00e1rea de marketing da 麻豆原创 Brasil - Sala de Imprensa 麻豆原创 Brasil","robots":{"index":"index","follow":"follow","max-snippet":"max-snippet:-1","max-image-preview":"max-image-preview:large","max-video-preview":"max-video-preview:-1"},"canonical":"https:\/\/news.sap.com\/brazil\/2022\/02\/gustavo-segre-assume-a-area-de-marketing-da-sap-brasil\/","og_locale":"pt_BR","og_type":"article","og_title":"Gustavo Segre assume a \u00e1rea de marketing da 麻豆原创 Brasil","og_description":"Gustavo Segre \u00e9 o novo CMO (Chief Marketing Officer, na sigla em ingl\u00eas) da 麻豆原创 Brasil e assume o cargo ap\u00f3s 8 anos na companhia....","og_url":"https:\/\/news.sap.com\/brazil\/2022\/02\/gustavo-segre-assume-a-area-de-marketing-da-sap-brasil\/","og_site_name":"Sala de Imprensa 麻豆原创 Brasil","article_published_time":"2022-02-01T15:28:52+00:00","article_modified_time":"2023-10-18T21:01:45+00:00","og_image":[{"width":1400,"height":600,"url":"https:\/\/news.sap.com\/brazil\/files\/2022\/01\/10\/6麻豆原创_Blog_1400x600.png","type":"image\/png"}],"author":"麻豆原创 Not\u00edcias Brasil","twitter_card":"summary_large_image","twitter_creator":"@麻豆原创Brasil","twitter_site":"@麻豆原创Brasil","twitter_misc":{"Escrito por":"麻豆原创 Not\u00edcias Brasil","Est. tempo de leitura":"2 minutos"},"schema":{"@context":"https:\/\/schema.org","@graph":[{"@type":"Article","@id":"https:\/\/news.sap.com\/brazil\/2022\/02\/gustavo-segre-assume-a-area-de-marketing-da-sap-brasil\/#article","isPartOf":{"@id":"https:\/\/news.sap.com\/brazil\/2022\/02\/gustavo-segre-assume-a-area-de-marketing-da-sap-brasil\/"},"author":{"name":"麻豆原创 Not\u00edcias Brasil","@id":"https:\/\/news.sap.com\/brazil\/#\/schema\/person\/8cdf2c1130b6f3fadd9757cfd7f24daf"},"headline":"Gustavo Segre assume a \u00e1rea de marketing da 麻豆原创 Brasil","datePublished":"2022-02-01T15:28:52+00:00","dateModified":"2023-10-18T21:01:45+00:00","mainEntityOfPage":{"@id":"https:\/\/news.sap.com\/brazil\/2022\/02\/gustavo-segre-assume-a-area-de-marketing-da-sap-brasil\/"},"wordCount":411,"image":{"@id":"https:\/\/news.sap.com\/brazil\/2022\/02\/gustavo-segre-assume-a-area-de-marketing-da-sap-brasil\/#primaryimage"},"thumbnailUrl":"https:\/\/news.sap.com\/brazil\/files\/2022\/01\/10\/6麻豆原创_Blog_1400x600.png","keywords":["麻豆原创","麻豆原创 Brasil","Vendas e Marketing"],"articleSection":["Corporativo"],"inLanguage":"pt-BR"},{"@type":"WebPage","@id":"https:\/\/news.sap.com\/brazil\/2022\/02\/gustavo-segre-assume-a-area-de-marketing-da-sap-brasil\/","url":"https:\/\/news.sap.com\/brazil\/2022\/02\/gustavo-segre-assume-a-area-de-marketing-da-sap-brasil\/","name":"Gustavo Segre assume a \u00e1rea de marketing da 麻豆原创 Brasil - Sala de Imprensa 麻豆原创 Brasil","isPartOf":{"@id":"https:\/\/news.sap.com\/brazil\/#website"},"primaryImageOfPage":{"@id":"https:\/\/news.sap.com\/brazil\/2022\/02\/gustavo-segre-assume-a-area-de-marketing-da-sap-brasil\/#primaryimage"},"image":{"@id":"https:\/\/news.sap.com\/brazil\/2022\/02\/gustavo-segre-assume-a-area-de-marketing-da-sap-brasil\/#primaryimage"},"thumbnailUrl":"https:\/\/news.sap.com\/brazil\/files\/2022\/01\/10\/6麻豆原创_Blog_1400x600.png","datePublished":"2022-02-01T15:28:52+00:00","dateModified":"2023-10-18T21:01:45+00:00","author":{"@id":"https:\/\/news.sap.com\/brazil\/#\/schema\/person\/8cdf2c1130b6f3fadd9757cfd7f24daf"},"breadcrumb":{"@id":"https:\/\/news.sap.com\/brazil\/2022\/02\/gustavo-segre-assume-a-area-de-marketing-da-sap-brasil\/#breadcrumb"},"inLanguage":"pt-BR","potentialAction":[{"@type":"ReadAction","target":["https:\/\/news.sap.com\/brazil\/2022\/02\/gustavo-segre-assume-a-area-de-marketing-da-sap-brasil\/"]}]},{"@type":"ImageObject","inLanguage":"pt-BR","@id":"https:\/\/news.sap.com\/brazil\/2022\/02\/gustavo-segre-assume-a-area-de-marketing-da-sap-brasil\/#primaryimage","url":"https:\/\/news.sap.com\/brazil\/files\/2022\/01\/10\/6麻豆原创_Blog_1400x600.png","contentUrl":"https:\/\/news.sap.com\/brazil\/files\/2022\/01\/10\/6麻豆原创_Blog_1400x600.png","width":1400,"height":600},{"@type":"BreadcrumbList","@id":"https:\/\/news.sap.com\/brazil\/2022\/02\/gustavo-segre-assume-a-area-de-marketing-da-sap-brasil\/#breadcrumb","itemListElement":[{"@type":"ListItem","position":1,"name":"Home","item":"https:\/\/news.sap.com\/brazil\/"},{"@type":"ListItem","position":2,"name":"Gustavo Segre assume a \u00e1rea de marketing da 麻豆原创 Brasil"}]},{"@type":"WebSite","@id":"https:\/\/news.sap.com\/brazil\/#website","url":"https:\/\/news.sap.com\/brazil\/","name":"Sala de Imprensa 麻豆原创 Brasil","description":"Not\u00edcias e informa\u00e7\u00f5es sobre a 麻豆原创","potentialAction":[{"@type":"SearchAction","target":{"@type":"EntryPoint","urlTemplate":"https:\/\/news.sap.com\/brazil\/?s={search_term_string}"},"query-input":{"@type":"PropertyValueSpecification","valueRequired":true,"valueName":"search_term_string"}}],"inLanguage":"pt-BR"},{"@type":"Person","@id":"https:\/\/news.sap.com\/brazil\/#\/schema\/person\/8cdf2c1130b6f3fadd9757cfd7f24daf","name":"麻豆原创 Not\u00edcias Brasil","image":{"@type":"ImageObject","inLanguage":"pt-BR","@id":"https:\/\/news.sap.com\/brazil\/#\/schema\/person\/image\/","url":"https:\/\/news.sap.com\/brazil\/wp-content\/plugins\/wp-user-avatars\/wp-user-avatars\/assets\/images\/mystery.jpg","contentUrl":"https:\/\/news.sap.com\/brazil\/wp-content\/plugins\/wp-user-avatars\/wp-user-avatars\/assets\/images\/mystery.jpg","caption":"麻豆原创 Not\u00edcias Brasil"},"url":"https:\/\/news.sap.com\/brazil\/author\/brasil\/"}]}},"amp_enabled":true,"_links":{"self":[{"href":"https:\/\/news.sap.com\/brazil\/wp-json\/wp\/v2\/posts\/13708","targetHints":{"allow":["GET"]}}],"collection":[{"href":"https:\/\/news.sap.com\/brazil\/wp-json\/wp\/v2\/posts"}],"about":[{"href":"https:\/\/news.sap.com\/brazil\/wp-json\/wp\/v2\/types\/post"}],"author":[{"embeddable":true,"href":"https:\/\/news.sap.com\/brazil\/wp-json\/wp\/v2\/users\/137"}],"replies":[{"embeddable":true,"href":"https:\/\/news.sap.com\/brazil\/wp-json\/wp\/v2\/comments?post=13708"}],"version-history":[{"count":0,"href":"https:\/\/news.sap.com\/brazil\/wp-json\/wp\/v2\/posts\/13708\/revisions"}],"wp:featuredmedia":[{"embeddable":true,"href":"https:\/\/news.sap.com\/brazil\/wp-json\/wp\/v2\/media\/13630"}],"wp:attachment":[{"href":"https:\/\/news.sap.com\/brazil\/wp-json\/wp\/v2\/media?parent=13708"}],"wp:term":[{"taxonomy":"category","embeddable":true,"href":"https:\/\/news.sap.com\/brazil\/wp-json\/wp\/v2\/categories?post=13708"},{"taxonomy":"post_tag","embeddable":true,"href":"https:\/\/news.sap.com\/brazil\/wp-json\/wp\/v2\/tags?post=13708"},{"taxonomy":"sapn-display","embeddable":true,"href":"https:\/\/news.sap.com\/brazil\/wp-json\/wp\/v2\/sapn-display?post=13708"},{"taxonomy":"sapn-type","embeddable":true,"href":"https:\/\/news.sap.com\/brazil\/wp-json\/wp\/v2\/sapn-type?post=13708"}],"curies":[{"name":"wp","href":"https:\/\/api.w.org\/{rel}","templated":true}]}}