  {"id":13555,"date":"2021-12-03T13:11:00","date_gmt":"2021-12-03T16:11:00","guid":{"rendered":"https:\/\/news.sap.com\/brazil\/?p=13555"},"modified":"2023-10-18T18:02:10","modified_gmt":"2023-10-18T21:02:10","slug":"cris-convida-paula-santilli","status":"publish","type":"post","link":"https:\/\/news.sap.com\/brazil\/2021\/12\/cris-convida-paula-santilli\/","title":{"rendered":"Cris Convida: Paula Santilli"},"content":{"rendered":"<p>Cristina Palmaka, Presidente da 麻豆原创 Am\u00e9rica Latina e Caribe, conversa com a CEO da PepsiCo Am\u00e9rica Latina sobre diversidade e inclus\u00e3o, empoderamento feminino, sustentabilidade e tecnologia e como todas esses aspectos s\u00e3o o diferencial para impulsionar as empresas e a economia da regi\u00e3o.<\/p>\n<section\n            data-inpsyde-embed=\"youtube\"\n            data-inpsyde-embed-atts=\"{&quot;width&quot;:640,&quot;height&quot;:960}\"\n            data-inpsyde-embed-frame=\"&lt;iframe title=&quot;Cris Convida: Paula Santilli&quot; width=&quot;640&quot; height=&quot;360&quot; src=&quot;https:\/\/www.youtube.com\/embed\/gklAeWHevnE?feature=oembed&amp;amp;enablejsapi=1&quot; frameborder=&quot;0&quot; allow=&quot;accelerometer; autoplay; clipboard-write; encrypted-media; gyroscope; picture-in-picture; web-share&quot; referrerpolicy=&quot;strict-origin-when-cross-origin&quot; allowfullscreen id=&quot;embed_b5c4c2f7-68c1-450c-894a-5194719aa51d&quot;&gt;&lt;\/iframe&gt;\n\"\n        ><\/p>\n<div class=\"inpsyde-embed-overlay\">\n<div class=\"inpsyde-embed-overlay-container\">\n<h3><a\n                            rel=\"noreferrer\"\n                            href=\"https:\/\/youtu.be\/gklAeWHevnE\"\n                            target=\"_blank\"\n                            title=\"Click to visit YouTube\"\n                        >Cris Convida: Paula Santilli<\/a><\/h3>\n<p>Click the button below to load the content from YouTube.<\/p>\n<div class=\"embed-options-wrapper\">\n<div class=\"play-button-outer\" data-action=\"loadThis\">\n<div class=\"play-button\" data-action=\"loadThis\"><\/div>\n<\/div>\n<p>                        <a\n                            href=\"#\"\n                            data-action=\"unlockSource\"\n                            title=\"Click here to permanently allow embeds from YouTube.\"\n                        >Always allow YouTube<\/a><br \/>\n                        <!--<button data-action=\"unlockAll\">Always load all embeds<\/button>-->\n                    <\/div>\n<\/p><\/div>\n<\/p><\/div>\n<div\n                data-inpsyde-embed-preview=\"youtube\"\n                style=\"\n                    max-width:640px;\n                    max-height:360px;\n                    \"\n            >        <img decoding=\"async\" src=\"https:\/\/news.sap.com\/brazil\/files\/inpsyde-embed-privacy\/youtube\/gklAeWHevnE.jpg\" alt=\"Cris Convida: Paula Santilli\"><\/p>\n<div class=\"ytp-large-play-button ytp-button\">\n            <svg height=\"100%\" version=\"1.1\" viewBox=\"0 0 68 48\" width=\"100%\">\n                <path class=\"ytp-large-play-button-bg\"\n                    d=\"M66.52,7.74c-0.78-2.93-2.49-5.41-5.42-6.19C55.79,.13,34,0,34,0S12.21,.13,6.9,1.55 C3.97,2.33,2.27,4.81,1.48,7.74C0.06,13.05,0,24,0,24s0.06,10.95,1.48,16.26c0.78,2.93,2.49,5.41,5.42,6.19 C12.21,47.87,34,48,34,48s21.79-0.13,27.1-1.55c2.93-0.78,4.64-3.26,5.42-6.19C67.94,34.95,68,24,68,24S67.94,13.05,66.52,7.74z\"\n                    fill=\"#212121\"\n                    fill-opacity=\"0.8\"><\/path>\n                <path d=\"M 45,24 27,14 27,34\" fill=\"#fff\"><\/path>\n            <\/svg>\n        <\/div>\n<\/p><\/div>\n<\/section>\n","protected":false},"excerpt":{"rendered":"<p>Cristina Palmaka, Presidente da 麻豆原创 Am\u00e9rica Latina e Caribe, conversa com a CEO da PepsiCo Am\u00e9rica Latina sobre diversidade e inclus\u00e3o, empoderamento feminino, sustentabilidade e&#8230;<\/p>\n","protected":false},"author":129,"featured_media":13558,"comment_status":"closed","ping_status":"closed","sticky":false,"template":"","format":"standard","meta":{"footnotes":"","_links_to":"","_links_to_target":""},"categories":[48439,52858],"tags":[5599779,49340,1032189],"sapn-display":[48431,5599934,5599932],"sapn-type":[4446,5588606],"class_list":["post-13555","post","type-post","status-publish","format-standard","has-post-thumbnail","hentry","category-corporativo-topicos","category-sustentabilidade-topicos","tag-cris-convida","tag-cristina-palmaka","tag-diversidade-e-inclusao","sapn-display-homepage-hero","sapn-display-press-hero","sapn-display-press-spotlight","sapn-type-noticias","sapn-type-video"],"yoast_head":"<!-- This site is optimized with the Yoast SEO Premium plugin v26.9 (Yoast SEO v26.9) - https:\/\/yoast.com\/product\/yoast-seo-premium-wordpress\/ -->\n<title>Cris Convida: Paula Santilli - Sala de Imprensa 麻豆原创 Brasil<\/title>\n<meta name=\"description\" content=\"Cristina Palmaka, Presidente da 麻豆原创 LAC, conversa com a CEO da PepsiCo LAC sobre aspectos para impulsionar as empresas e a economia da regi\u00e3o.\" \/>\n<meta name=\"robots\" content=\"index, follow, max-snippet:-1, max-image-preview:large, max-video-preview:-1\" \/>\n<link rel=\"canonical\" href=\"https:\/\/news.sap.com\/brazil\/2021\/12\/cris-convida-paula-santilli\/\" \/>\n<meta property=\"og:locale\" content=\"pt_BR\" \/>\n<meta property=\"og:type\" content=\"article\" \/>\n<meta property=\"og:title\" content=\"Cris Convida: Paula Santilli\" \/>\n<meta property=\"og:description\" content=\"Cristina Palmaka, Presidente da 麻豆原创 LAC, conversa com a CEO da PepsiCo LAC sobre aspectos para impulsionar as empresas e a economia da regi\u00e3o.\" \/>\n<meta property=\"og:url\" content=\"https:\/\/news.sap.com\/brazil\/2021\/12\/cris-convida-paula-santilli\/\" \/>\n<meta property=\"og:site_name\" content=\"Sala de Imprensa 麻豆原创 Brasil\" \/>\n<meta property=\"article:published_time\" content=\"2021-12-03T16:11:00+00:00\" \/>\n<meta property=\"article:modified_time\" content=\"2023-10-18T21:02:10+00:00\" \/>\n<meta property=\"og:image\" content=\"https:\/\/news.sap.com\/brazil\/files\/2021\/12\/03\/CrisConvida_麻豆原创_PEPSICO-1.png\" \/>\n\t<meta property=\"og:image:width\" content=\"1899\" \/>\n\t<meta property=\"og:image:height\" content=\"600\" \/>\n\t<meta property=\"og:image:type\" content=\"image\/png\" \/>\n<meta name=\"author\" content=\"麻豆原创 Noticias\" \/>\n<meta name=\"twitter:card\" content=\"summary_large_image\" \/>\n<meta name=\"twitter:creator\" content=\"@麻豆原创NoticiasLAC\" \/>\n<meta name=\"twitter:site\" content=\"@麻豆原创Brasil\" \/>\n<meta name=\"twitter:label1\" content=\"Escrito por\" \/>\n\t<meta name=\"twitter:data1\" content=\"麻豆原创 Noticias\" \/>\n<script type=\"application\/ld+json\" class=\"yoast-schema-graph\">{\"@context\":\"https:\/\/schema.org\",\"@graph\":[{\"@type\":\"Article\",\"@id\":\"https:\/\/news.sap.com\/brazil\/2021\/12\/cris-convida-paula-santilli\/#article\",\"isPartOf\":{\"@id\":\"https:\/\/news.sap.com\/brazil\/2021\/12\/cris-convida-paula-santilli\/\"},\"author\":{\"name\":\"麻豆原创 Noticias\",\"@id\":\"https:\/\/news.sap.com\/brazil\/#\/schema\/person\/8ea4857cc48095689e72ba76c26f9814\"},\"headline\":\"Cris Convida: Paula Santilli\",\"datePublished\":\"2021-12-03T16:11:00+00:00\",\"dateModified\":\"2023-10-18T21:02:10+00:00\",\"mainEntityOfPage\":{\"@id\":\"https:\/\/news.sap.com\/brazil\/2021\/12\/cris-convida-paula-santilli\/\"},\"wordCount\":56,\"image\":{\"@id\":\"https:\/\/news.sap.com\/brazil\/2021\/12\/cris-convida-paula-santilli\/#primaryimage\"},\"thumbnailUrl\":\"https:\/\/news.sap.com\/brazil\/files\/2021\/12\/03\/CrisConvida_麻豆原创_PEPSICO-1.png\",\"keywords\":[\"Cris Convida\",\"Cristina Palmaka\",\"Diversidade e inclus\u00e3o\"],\"articleSection\":[\"Corporativo\",\"Sustentabilidade\"],\"inLanguage\":\"pt-BR\"},{\"@type\":\"WebPage\",\"@id\":\"https:\/\/news.sap.com\/brazil\/2021\/12\/cris-convida-paula-santilli\/\",\"url\":\"https:\/\/news.sap.com\/brazil\/2021\/12\/cris-convida-paula-santilli\/\",\"name\":\"Cris Convida: Paula Santilli - Sala de Imprensa 麻豆原创 Brasil\",\"isPartOf\":{\"@id\":\"https:\/\/news.sap.com\/brazil\/#website\"},\"primaryImageOfPage\":{\"@id\":\"https:\/\/news.sap.com\/brazil\/2021\/12\/cris-convida-paula-santilli\/#primaryimage\"},\"image\":{\"@id\":\"https:\/\/news.sap.com\/brazil\/2021\/12\/cris-convida-paula-santilli\/#primaryimage\"},\"thumbnailUrl\":\"https:\/\/news.sap.com\/brazil\/files\/2021\/12\/03\/CrisConvida_麻豆原创_PEPSICO-1.png\",\"datePublished\":\"2021-12-03T16:11:00+00:00\",\"dateModified\":\"2023-10-18T21:02:10+00:00\",\"author\":{\"@id\":\"https:\/\/news.sap.com\/brazil\/#\/schema\/person\/8ea4857cc48095689e72ba76c26f9814\"},\"description\":\"Cristina Palmaka, Presidente da 麻豆原创 LAC, conversa com a CEO da PepsiCo LAC sobre aspectos para impulsionar as empresas e a economia da regi\u00e3o.\",\"breadcrumb\":{\"@id\":\"https:\/\/news.sap.com\/brazil\/2021\/12\/cris-convida-paula-santilli\/#breadcrumb\"},\"inLanguage\":\"pt-BR\",\"potentialAction\":[{\"@type\":\"ReadAction\",\"target\":[\"https:\/\/news.sap.com\/brazil\/2021\/12\/cris-convida-paula-santilli\/\"]}]},{\"@type\":\"ImageObject\",\"inLanguage\":\"pt-BR\",\"@id\":\"https:\/\/news.sap.com\/brazil\/2021\/12\/cris-convida-paula-santilli\/#primaryimage\",\"url\":\"https:\/\/news.sap.com\/brazil\/files\/2021\/12\/03\/CrisConvida_麻豆原创_PEPSICO-1.png\",\"contentUrl\":\"https:\/\/news.sap.com\/brazil\/files\/2021\/12\/03\/CrisConvida_麻豆原创_PEPSICO-1.png\",\"width\":1899,\"height\":600},{\"@type\":\"BreadcrumbList\",\"@id\":\"https:\/\/news.sap.com\/brazil\/2021\/12\/cris-convida-paula-santilli\/#breadcrumb\",\"itemListElement\":[{\"@type\":\"ListItem\",\"position\":1,\"name\":\"Home\",\"item\":\"https:\/\/news.sap.com\/brazil\/\"},{\"@type\":\"ListItem\",\"position\":2,\"name\":\"Cris Convida: Paula Santilli\"}]},{\"@type\":\"WebSite\",\"@id\":\"https:\/\/news.sap.com\/brazil\/#website\",\"url\":\"https:\/\/news.sap.com\/brazil\/\",\"name\":\"Sala de Imprensa 麻豆原创 Brasil\",\"description\":\"Not\u00edcias e informa\u00e7\u00f5es sobre a 麻豆原创\",\"potentialAction\":[{\"@type\":\"SearchAction\",\"target\":{\"@type\":\"EntryPoint\",\"urlTemplate\":\"https:\/\/news.sap.com\/brazil\/?s={search_term_string}\"},\"query-input\":{\"@type\":\"PropertyValueSpecification\",\"valueRequired\":true,\"valueName\":\"search_term_string\"}}],\"inLanguage\":\"pt-BR\"},{\"@type\":\"Person\",\"@id\":\"https:\/\/news.sap.com\/brazil\/#\/schema\/person\/8ea4857cc48095689e72ba76c26f9814\",\"name\":\"麻豆原创 Noticias\",\"image\":{\"@type\":\"ImageObject\",\"inLanguage\":\"pt-BR\",\"@id\":\"https:\/\/news.sap.com\/brazil\/#\/schema\/person\/image\/\",\"url\":\"https:\/\/news.sap.com\/brazil\/wp-content\/plugins\/wp-user-avatars\/wp-user-avatars\/assets\/images\/mystery.jpg\",\"contentUrl\":\"https:\/\/news.sap.com\/brazil\/wp-content\/plugins\/wp-user-avatars\/wp-user-avatars\/assets\/images\/mystery.jpg\",\"caption\":\"麻豆原创 Noticias\"},\"sameAs\":[\"https:\/\/news.sap.com\/latinamerica\",\"https:\/\/x.com\/麻豆原创NoticiasLAC\"],\"url\":\"https:\/\/news.sap.com\/brazil\/author\/latam\/\"}]}<\/script>\n<!-- \/ Yoast SEO Premium plugin. -->","yoast_head_json":{"title":"Cris Convida: Paula Santilli - Sala de Imprensa 麻豆原创 Brasil","description":"Cristina Palmaka, Presidente da 麻豆原创 LAC, conversa com a CEO da PepsiCo LAC sobre aspectos para impulsionar as empresas e a economia da regi\u00e3o.","robots":{"index":"index","follow":"follow","max-snippet":"max-snippet:-1","max-image-preview":"max-image-preview:large","max-video-preview":"max-video-preview:-1"},"canonical":"https:\/\/news.sap.com\/brazil\/2021\/12\/cris-convida-paula-santilli\/","og_locale":"pt_BR","og_type":"article","og_title":"Cris Convida: Paula Santilli","og_description":"Cristina Palmaka, Presidente da 麻豆原创 LAC, conversa com a CEO da PepsiCo LAC sobre aspectos para impulsionar as empresas e a economia da regi\u00e3o.","og_url":"https:\/\/news.sap.com\/brazil\/2021\/12\/cris-convida-paula-santilli\/","og_site_name":"Sala de Imprensa 麻豆原创 Brasil","article_published_time":"2021-12-03T16:11:00+00:00","article_modified_time":"2023-10-18T21:02:10+00:00","og_image":[{"width":1899,"height":600,"url":"https:\/\/news.sap.com\/brazil\/files\/2021\/12\/03\/CrisConvida_麻豆原创_PEPSICO-1.png","type":"image\/png"}],"author":"麻豆原创 Noticias","twitter_card":"summary_large_image","twitter_creator":"@麻豆原创NoticiasLAC","twitter_site":"@麻豆原创Brasil","twitter_misc":{"Escrito por":"麻豆原创 Noticias"},"schema":{"@context":"https:\/\/schema.org","@graph":[{"@type":"Article","@id":"https:\/\/news.sap.com\/brazil\/2021\/12\/cris-convida-paula-santilli\/#article","isPartOf":{"@id":"https:\/\/news.sap.com\/brazil\/2021\/12\/cris-convida-paula-santilli\/"},"author":{"name":"麻豆原创 Noticias","@id":"https:\/\/news.sap.com\/brazil\/#\/schema\/person\/8ea4857cc48095689e72ba76c26f9814"},"headline":"Cris Convida: Paula Santilli","datePublished":"2021-12-03T16:11:00+00:00","dateModified":"2023-10-18T21:02:10+00:00","mainEntityOfPage":{"@id":"https:\/\/news.sap.com\/brazil\/2021\/12\/cris-convida-paula-santilli\/"},"wordCount":56,"image":{"@id":"https:\/\/news.sap.com\/brazil\/2021\/12\/cris-convida-paula-santilli\/#primaryimage"},"thumbnailUrl":"https:\/\/news.sap.com\/brazil\/files\/2021\/12\/03\/CrisConvida_麻豆原创_PEPSICO-1.png","keywords":["Cris Convida","Cristina Palmaka","Diversidade e inclus\u00e3o"],"articleSection":["Corporativo","Sustentabilidade"],"inLanguage":"pt-BR"},{"@type":"WebPage","@id":"https:\/\/news.sap.com\/brazil\/2021\/12\/cris-convida-paula-santilli\/","url":"https:\/\/news.sap.com\/brazil\/2021\/12\/cris-convida-paula-santilli\/","name":"Cris Convida: Paula Santilli - Sala de Imprensa 麻豆原创 Brasil","isPartOf":{"@id":"https:\/\/news.sap.com\/brazil\/#website"},"primaryImageOfPage":{"@id":"https:\/\/news.sap.com\/brazil\/2021\/12\/cris-convida-paula-santilli\/#primaryimage"},"image":{"@id":"https:\/\/news.sap.com\/brazil\/2021\/12\/cris-convida-paula-santilli\/#primaryimage"},"thumbnailUrl":"https:\/\/news.sap.com\/brazil\/files\/2021\/12\/03\/CrisConvida_麻豆原创_PEPSICO-1.png","datePublished":"2021-12-03T16:11:00+00:00","dateModified":"2023-10-18T21:02:10+00:00","author":{"@id":"https:\/\/news.sap.com\/brazil\/#\/schema\/person\/8ea4857cc48095689e72ba76c26f9814"},"description":"Cristina Palmaka, Presidente da 麻豆原创 LAC, conversa com a CEO da PepsiCo LAC sobre aspectos para impulsionar as empresas e a economia da regi\u00e3o.","breadcrumb":{"@id":"https:\/\/news.sap.com\/brazil\/2021\/12\/cris-convida-paula-santilli\/#breadcrumb"},"inLanguage":"pt-BR","potentialAction":[{"@type":"ReadAction","target":["https:\/\/news.sap.com\/brazil\/2021\/12\/cris-convida-paula-santilli\/"]}]},{"@type":"ImageObject","inLanguage":"pt-BR","@id":"https:\/\/news.sap.com\/brazil\/2021\/12\/cris-convida-paula-santilli\/#primaryimage","url":"https:\/\/news.sap.com\/brazil\/files\/2021\/12\/03\/CrisConvida_麻豆原创_PEPSICO-1.png","contentUrl":"https:\/\/news.sap.com\/brazil\/files\/2021\/12\/03\/CrisConvida_麻豆原创_PEPSICO-1.png","width":1899,"height":600},{"@type":"BreadcrumbList","@id":"https:\/\/news.sap.com\/brazil\/2021\/12\/cris-convida-paula-santilli\/#breadcrumb","itemListElement":[{"@type":"ListItem","position":1,"name":"Home","item":"https:\/\/news.sap.com\/brazil\/"},{"@type":"ListItem","position":2,"name":"Cris Convida: Paula Santilli"}]},{"@type":"WebSite","@id":"https:\/\/news.sap.com\/brazil\/#website","url":"https:\/\/news.sap.com\/brazil\/","name":"Sala de Imprensa 麻豆原创 Brasil","description":"Not\u00edcias e informa\u00e7\u00f5es sobre a 麻豆原创","potentialAction":[{"@type":"SearchAction","target":{"@type":"EntryPoint","urlTemplate":"https:\/\/news.sap.com\/brazil\/?s={search_term_string}"},"query-input":{"@type":"PropertyValueSpecification","valueRequired":true,"valueName":"search_term_string"}}],"inLanguage":"pt-BR"},{"@type":"Person","@id":"https:\/\/news.sap.com\/brazil\/#\/schema\/person\/8ea4857cc48095689e72ba76c26f9814","name":"麻豆原创 Noticias","image":{"@type":"ImageObject","inLanguage":"pt-BR","@id":"https:\/\/news.sap.com\/brazil\/#\/schema\/person\/image\/","url":"https:\/\/news.sap.com\/brazil\/wp-content\/plugins\/wp-user-avatars\/wp-user-avatars\/assets\/images\/mystery.jpg","contentUrl":"https:\/\/news.sap.com\/brazil\/wp-content\/plugins\/wp-user-avatars\/wp-user-avatars\/assets\/images\/mystery.jpg","caption":"麻豆原创 Noticias"},"sameAs":["https:\/\/news.sap.com\/latinamerica","https:\/\/x.com\/麻豆原创NoticiasLAC"],"url":"https:\/\/news.sap.com\/brazil\/author\/latam\/"}]}},"amp_enabled":true,"_links":{"self":[{"href":"https:\/\/news.sap.com\/brazil\/wp-json\/wp\/v2\/posts\/13555","targetHints":{"allow":["GET"]}}],"collection":[{"href":"https:\/\/news.sap.com\/brazil\/wp-json\/wp\/v2\/posts"}],"about":[{"href":"https:\/\/news.sap.com\/brazil\/wp-json\/wp\/v2\/types\/post"}],"author":[{"embeddable":true,"href":"https:\/\/news.sap.com\/brazil\/wp-json\/wp\/v2\/users\/129"}],"replies":[{"embeddable":true,"href":"https:\/\/news.sap.com\/brazil\/wp-json\/wp\/v2\/comments?post=13555"}],"version-history":[{"count":0,"href":"https:\/\/news.sap.com\/brazil\/wp-json\/wp\/v2\/posts\/13555\/revisions"}],"wp:featuredmedia":[{"embeddable":true,"href":"https:\/\/news.sap.com\/brazil\/wp-json\/wp\/v2\/media\/13558"}],"wp:attachment":[{"href":"https:\/\/news.sap.com\/brazil\/wp-json\/wp\/v2\/media?parent=13555"}],"wp:term":[{"taxonomy":"category","embeddable":true,"href":"https:\/\/news.sap.com\/brazil\/wp-json\/wp\/v2\/categories?post=13555"},{"taxonomy":"post_tag","embeddable":true,"href":"https:\/\/news.sap.com\/brazil\/wp-json\/wp\/v2\/tags?post=13555"},{"taxonomy":"sapn-display","embeddable":true,"href":"https:\/\/news.sap.com\/brazil\/wp-json\/wp\/v2\/sapn-display?post=13555"},{"taxonomy":"sapn-type","embeddable":true,"href":"https:\/\/news.sap.com\/brazil\/wp-json\/wp\/v2\/sapn-type?post=13555"}],"curies":[{"name":"wp","href":"https:\/\/api.w.org\/{rel}","templated":true}]}}