  {"id":13539,"date":"2021-11-30T13:36:23","date_gmt":"2021-11-30T16:36:23","guid":{"rendered":"https:\/\/news.sap.com\/brazil\/?p=13539"},"modified":"2023-10-18T18:05:52","modified_gmt":"2023-10-18T21:05:52","slug":"transformacao-digital-e-mais-do-que-migrar-para-a-nuvem","status":"publish","type":"post","link":"https:\/\/news.sap.com\/brazil\/2021\/11\/transformacao-digital-e-mais-do-que-migrar-para-a-nuvem\/","title":{"rendered":"Transforma\u00e7\u00e3o digital \u00e9 mais do que migrar para a nuvem"},"content":{"rendered":"<p>A acelera\u00e7\u00e3o da <a href=\"https:\/\/www.ariba.com\/pt-br\/solutions\/industries\/financial-services\">transforma\u00e7\u00e3o digital<\/a> foi uma das tend\u00eancias mais marcantes da pandemia em todo o mundo. Nunca os l\u00edderes estiveram t\u00e3o inseridos neste assunto como agora, o que evidencia o papel cada vez mais importante que parceiros e consultores especializados ter\u00e3o em seus neg\u00f3cios nos pr\u00f3ximos anos. E n\u00e3o se engane: transforma\u00e7\u00e3o digital n\u00e3o \u00e9 apenas ir para a nuvem: as empresas querem entender como inovar de forma mais r\u00e1pida para aumentar a agilidade e resili\u00eancia.<\/p>\n<p>Mas como essa transforma\u00e7\u00e3o se d\u00e1 na pr\u00e1tica, e quais os desafios que os empres\u00e1rios enfrentam nessa migra\u00e7\u00e3o? Adriana Aroulho, presidente da 麻豆原创 Brasil, bateu um papo sobre a acelera\u00e7\u00e3o da transforma\u00e7\u00e3o digital com Scott Russell, membro do conselho executivo global da 麻豆原创. Confira:<\/p>\n<p><strong>Adriana Aroulho:<\/strong> Os empres\u00e1rios ainda est\u00e3o t\u00e3o empenhados na transforma\u00e7\u00e3o digital como antes da pandemia?<\/p>\n<p><strong>Scott Russell:<\/strong> Os empres\u00e1rios nunca estiveram t\u00e3o empenhados em programas de transforma\u00e7\u00e3o digital como temos visto agora. Nos \u00faltimos 18 meses, o mundo entrou num estado de hiper digitaliza\u00e7\u00e3o, uma vez que o trabalho remoto, a resili\u00eancia da cadeia de fornecimento e a ciberseguran\u00e7a impulsionaram o mercado corporativo. O que seria feito em termos de transforma\u00e7\u00e3o digital nos pr\u00f3ximo dez anos aconteceu em apenas um. Por isso, at\u00e9 mesmo empresas mais relutantes mudaram sua mentalidade, enquanto outras avan\u00e7aram com as suas linhas de tempo digitais e aceleraram o desenvolvimento de novos produtos. Contudo, agora que a transforma\u00e7\u00e3o digital se tornou uma linha de base para as opera\u00e7\u00f5es comerciais modernas, os empres\u00e1rios enfrentam alguns desafios em comum: como tornar as suas cadeias de fornecimento mais robustas? De que maneira podem melhorar a qualidade dos seus produtos? Como encontrar os melhores talentos? Qual o melhor caminho para otimizar a experi\u00eancia dos seus clientes? Essas s\u00e3o algumas das principais perguntas que ajudamos nossos clientes a responderem.<\/p>\n<p><strong>Adriana:<\/strong> Qual tipo de apoio os empres\u00e1rios precisam agora no sentido de incrementar o processo de transforma\u00e7\u00e3o digital?<\/p>\n<p><strong>Scott:<\/strong> Agora, mais do que nunca, os empres\u00e1rios dependem dos parceiros que v\u00e3o desafi\u00e1-los nas suas etapas de transforma\u00e7\u00e3o. Um fornecedor de tecnologia, por exemplo, n\u00e3o deve simplesmente entregar software, desejar boa sorte ao cliente e ir embora. As rela\u00e7\u00f5es comerciais s\u00e3o um compromisso vital\u00edcio, uma vez que o sucesso do cliente \u00e9 o seu tamb\u00e9m. Hoje em dia, os empres\u00e1rios est\u00e3o obcecados com a nuvem e com o que ela pode fazer pelos seus neg\u00f3cios. Como resultado, buscamos adaptar nosso modelo para ser aquela fonte de orienta\u00e7\u00e3o que aumente os neg\u00f3cios, independentemente do or\u00e7amento.<\/p>\n<p><strong>Adriana:<\/strong> Isso vale tanto para as PME como para os grandes empres\u00e1rios?<\/p>\n<p><strong>Scott:<\/strong> Todas as empresas querem ter sucesso em seus setores por meio de maior competitividade e servindo os clientes com o melhor que podem. Isto aplica-se desde os novos operadores do mercado at\u00e9 \u00e0s grandes empresas. Mas em conversas com os nossos pr\u00f3prios clientes, buscamos sempre uma abordagem orientada para cada um dos casos. Gostamos de perguntar: em que processo est\u00e1 a transforma\u00e7\u00e3o digital em sua empresa? Quais s\u00e3o os desafios espec\u00edficos enfrentados pela sua ind\u00fastria? E, para uma PME, quais s\u00e3o as suas \u00e1reas de crescimento? Notamos que as PMEs confiam no nosso ecossistema de parceiros para ajudar a impulsionar suas iniciativas digitais. Podemos oferecer um ecossistema forte com parceiros que apoiam as nossas ambi\u00e7\u00f5es de criar resultados relevantes.<\/p>\n<p><strong>Adriana:<\/strong> Que tipo de novos modelos de neg\u00f3cio e fluxos de receitas s\u00e3o esperados pelas empresas que se voltam para a nuvem? Por que esta mudan\u00e7a \u00e9 mais do que uma mudan\u00e7a de infraestrutura?<\/p>\n<p><strong>Scott:<\/strong> Muitas empresas pensam que a transforma\u00e7\u00e3o digital acontecer\u00e1 apenas pela realiza\u00e7\u00e3o de uma migra\u00e7\u00e3o t\u00e9cnica ou pela compra de novas tecnologias. Percebemos que os nossos clientes nos pedem uma capacidade de inova\u00e7\u00e3o mais r\u00e1pida, que os tornem mais \u00e1geis e resilientes. Quando v\u00e3o para nuvens, as organiza\u00e7\u00f5es s\u00e3o mais capazes de se modernizarem e, com isso, aceleram seus processos de transforma\u00e7\u00e3o digital \u2013 o que leva a um aumento nos fluxos de receita.<\/p>\n<p><strong>Adriana:<\/strong> Se cada empresa se mudar para a nuvem, como poder\u00e3o se diferenciar dos seus concorrentes?<\/p>\n<p><strong>Scott:<\/strong> Embora todas as empresas possam adotar a nuvem, certamente n\u00e3o o far\u00e3o da mesma maneira. A forma como uma empresa utiliza ou adotam a nuvem pode, ela pr\u00f3pria, ser um diferencial importante. \u00c9 necess\u00e1rio analisar caso a caso e entender as preocupa\u00e7\u00f5es de seguran\u00e7a, a complexidade das arquiteturas existentes, os fornecedores, a capacidade de investimento, as obriga\u00e7\u00f5es contratuais, amortiza\u00e7\u00f5es e outros pontos. Para manter essa vantagem competitiva, uma empresa deve associar-se a um fornecedor que v\u00e1 al\u00e9m de simplesmente oferecer software como um servi\u00e7o. \u00c9 necess\u00e1rio oferecer uma transforma\u00e7\u00e3o do neg\u00f3cio que elimine as barreiras mais comuns \u00e0s nuvens. Por meio do RISE with 麻豆原创, podemos agora guiar os clientes nessa transforma\u00e7\u00e3o, seja qual for o seu ponto de partida.<\/p>\n<p><strong>Adriana:<\/strong> H\u00e1 exemplos de clientes que abra\u00e7aram a transforma\u00e7\u00e3o digital e est\u00e3o revolucionando seus neg\u00f3cios gra\u00e7as a ela?<\/p>\n<p><strong>Scott:<\/strong> No Brasil n\u00f3s temos trabalhado muito pr\u00f3ximos do Carrefour para modernizar a arquitetura de TI. Como acontece em outras multinacionais de sucesso, s\u00e3o os dados que sustentam a estrat\u00e9gia e as opera\u00e7\u00f5es do Carrefour, que colocou o 麻豆原创 S\/4HANA Cloud no centro da sua nova estrat\u00e9gia de dados. O objetivo \u00e9 mais do que simplesmente ganhar desempenho e velocidade nas transa\u00e7\u00f5es: \u00e9 ganhar flexibilidade, se adaptar mais rapidamente a um ambiente que muda a todo instante. Essa capacidade de adapta\u00e7\u00e3o \u00e9 vital para as empresas continuarem competitivas no mundo altamente conectado e din\u00e2mico em que vivemos hoje.<\/p>\n<p><strong>Adriana:<\/strong> Quer acrescentar outros pontos?<\/p>\n<p><strong>Scott<\/strong>: Em \u00faltima an\u00e1lise, agora que a pandemia colocou a transforma\u00e7\u00e3o digital firmemente na agenda empresarial, os l\u00edderes precisam decidir como ir\u00e3o utilizar as solu\u00e7\u00f5es digitais para manter e criar uma vantagem competitiva durante os pr\u00f3ximos anos. Este \u00e9 um desafio que \u00e9 relevante para todos os mercados, sejam varejistas ou institui\u00e7\u00f5es financeiras. \u00a0Mais do que nunca, ter\u00e3o de se apoiar em parceiros comerciais e consultores especializados para compreender o que os pr\u00f3ximos passos implicam para o volume de dados \u00e0 sua disposi\u00e7\u00e3o. Al\u00e9m disso, devem compreender como podem implementar melhor a nuvem h\u00edbrida para obter resultados comerciais favor\u00e1veis. Seguindo essa linha, \u00e9 poss\u00edvel enfrentar com maior resili\u00eancia os desafios do futuro.<\/p>\n","protected":false},"excerpt":{"rendered":"<p>A acelera\u00e7\u00e3o da transforma\u00e7\u00e3o digital foi uma das tend\u00eancias mais marcantes da pandemia em todo o mundo. Nunca os l\u00edderes estiveram t\u00e3o inseridos neste assunto&#8230;<\/p>\n","protected":false},"author":137,"featured_media":12554,"comment_status":"closed","ping_status":"closed","sticky":false,"template":"","format":"standard","meta":{"footnotes":"","_links_to":"","_links_to_target":""},"categories":[5599823],"tags":[47,213090,5599824,270164],"sapn-display":[48431,5599934,5599932,48433],"sapn-type":[4446],"class_list":["post-13539","post","type-post","status-publish","format-standard","has-post-thumbnail","hentry","category-business-technology-platform","tag-sap","tag-sap-brasil","tag-tecnologia-banco-de-dados","tag-transformacao-digital","sapn-display-homepage-hero","sapn-display-press-hero","sapn-display-press-spotlight","sapn-display-hero","sapn-type-noticias"],"yoast_head":"<!-- This site is optimized with the Yoast SEO Premium plugin v26.9 (Yoast SEO v26.9) - https:\/\/yoast.com\/product\/yoast-seo-premium-wordpress\/ -->\n<title>Transforma\u00e7\u00e3o digital \u00e9 mais do que migrar para a nuvem<\/title>\n<meta name=\"description\" content=\"A acelera\u00e7\u00e3o da transforma\u00e7\u00e3o digital foi uma das tend\u00eancias mais marcantes da pandemia em todo o mundo. Nunca os l\u00edderes estiveram t\u00e3o inseridos neste assunto como agora, o que evidencia o papel cada vez mais importante que parceiros e consultores especializados ter\u00e3o em seus neg\u00f3cios nos pr\u00f3ximos anos.\" \/>\n<meta name=\"robots\" content=\"index, follow, max-snippet:-1, max-image-preview:large, max-video-preview:-1\" \/>\n<link rel=\"canonical\" href=\"https:\/\/news.sap.com\/brazil\/2021\/11\/transformacao-digital-e-mais-do-que-migrar-para-a-nuvem\/\" \/>\n<meta property=\"og:locale\" content=\"pt_BR\" \/>\n<meta property=\"og:type\" content=\"article\" \/>\n<meta property=\"og:title\" content=\"Transforma\u00e7\u00e3o digital \u00e9 mais do que migrar para a nuvem\" \/>\n<meta property=\"og:description\" content=\"A acelera\u00e7\u00e3o da transforma\u00e7\u00e3o digital foi uma das tend\u00eancias mais marcantes da pandemia em todo o mundo. Nunca os l\u00edderes estiveram t\u00e3o inseridos neste assunto como agora, o que evidencia o papel cada vez mais importante que parceiros e consultores especializados ter\u00e3o em seus neg\u00f3cios nos pr\u00f3ximos anos.\" \/>\n<meta property=\"og:url\" content=\"https:\/\/news.sap.com\/brazil\/2021\/11\/transformacao-digital-e-mais-do-que-migrar-para-a-nuvem\/\" \/>\n<meta property=\"og:site_name\" content=\"Sala de Imprensa 麻豆原创 Brasil\" \/>\n<meta property=\"article:published_time\" content=\"2021-11-30T16:36:23+00:00\" \/>\n<meta property=\"article:modified_time\" content=\"2023-10-18T21:05:52+00:00\" \/>\n<meta property=\"og:image\" content=\"https:\/\/news.sap.com\/brazil\/files\/2020\/10\/285937_shutterstock_1069582520.jpg\" \/>\n\t<meta property=\"og:image:width\" content=\"1400\" \/>\n\t<meta property=\"og:image:height\" content=\"601\" \/>\n\t<meta property=\"og:image:type\" content=\"image\/jpeg\" \/>\n<meta name=\"author\" content=\"麻豆原创 Not\u00edcias Brasil\" \/>\n<meta name=\"twitter:card\" content=\"summary_large_image\" \/>\n<meta name=\"twitter:creator\" content=\"@麻豆原创Brasil\" \/>\n<meta name=\"twitter:site\" content=\"@麻豆原创Brasil\" \/>\n<meta name=\"twitter:label1\" content=\"Escrito por\" \/>\n\t<meta name=\"twitter:data1\" content=\"麻豆原创 Not\u00edcias Brasil\" \/>\n\t<meta name=\"twitter:label2\" content=\"Est. tempo de leitura\" \/>\n\t<meta name=\"twitter:data2\" content=\"6 minutos\" \/>\n<script type=\"application\/ld+json\" class=\"yoast-schema-graph\">{\"@context\":\"https:\/\/schema.org\",\"@graph\":[{\"@type\":\"Article\",\"@id\":\"https:\/\/news.sap.com\/brazil\/2021\/11\/transformacao-digital-e-mais-do-que-migrar-para-a-nuvem\/#article\",\"isPartOf\":{\"@id\":\"https:\/\/news.sap.com\/brazil\/2021\/11\/transformacao-digital-e-mais-do-que-migrar-para-a-nuvem\/\"},\"author\":{\"name\":\"麻豆原创 Not\u00edcias Brasil\",\"@id\":\"https:\/\/news.sap.com\/brazil\/#\/schema\/person\/8cdf2c1130b6f3fadd9757cfd7f24daf\"},\"headline\":\"Transforma\u00e7\u00e3o digital \u00e9 mais do que migrar para a nuvem\",\"datePublished\":\"2021-11-30T16:36:23+00:00\",\"dateModified\":\"2023-10-18T21:05:52+00:00\",\"mainEntityOfPage\":{\"@id\":\"https:\/\/news.sap.com\/brazil\/2021\/11\/transformacao-digital-e-mais-do-que-migrar-para-a-nuvem\/\"},\"wordCount\":1139,\"image\":{\"@id\":\"https:\/\/news.sap.com\/brazil\/2021\/11\/transformacao-digital-e-mais-do-que-migrar-para-a-nuvem\/#primaryimage\"},\"thumbnailUrl\":\"https:\/\/news.sap.com\/brazil\/files\/2020\/10\/285937_shutterstock_1069582520.jpg\",\"keywords\":[\"麻豆原创\",\"麻豆原创 Brasil\",\"Tecnolog\u00eda &amp; Banco de Dados\",\"Transforma\u00e7\u00e3o Digital\"],\"articleSection\":[\"Business Technology Platform\"],\"inLanguage\":\"pt-BR\"},{\"@type\":\"WebPage\",\"@id\":\"https:\/\/news.sap.com\/brazil\/2021\/11\/transformacao-digital-e-mais-do-que-migrar-para-a-nuvem\/\",\"url\":\"https:\/\/news.sap.com\/brazil\/2021\/11\/transformacao-digital-e-mais-do-que-migrar-para-a-nuvem\/\",\"name\":\"Transforma\u00e7\u00e3o digital \u00e9 mais do que migrar para a nuvem\",\"isPartOf\":{\"@id\":\"https:\/\/news.sap.com\/brazil\/#website\"},\"primaryImageOfPage\":{\"@id\":\"https:\/\/news.sap.com\/brazil\/2021\/11\/transformacao-digital-e-mais-do-que-migrar-para-a-nuvem\/#primaryimage\"},\"image\":{\"@id\":\"https:\/\/news.sap.com\/brazil\/2021\/11\/transformacao-digital-e-mais-do-que-migrar-para-a-nuvem\/#primaryimage\"},\"thumbnailUrl\":\"https:\/\/news.sap.com\/brazil\/files\/2020\/10\/285937_shutterstock_1069582520.jpg\",\"datePublished\":\"2021-11-30T16:36:23+00:00\",\"dateModified\":\"2023-10-18T21:05:52+00:00\",\"author\":{\"@id\":\"https:\/\/news.sap.com\/brazil\/#\/schema\/person\/8cdf2c1130b6f3fadd9757cfd7f24daf\"},\"description\":\"A acelera\u00e7\u00e3o da transforma\u00e7\u00e3o digital foi uma das tend\u00eancias mais marcantes da pandemia em todo o mundo. Nunca os l\u00edderes estiveram t\u00e3o inseridos neste assunto como agora, o que evidencia o papel cada vez mais importante que parceiros e consultores especializados ter\u00e3o em seus neg\u00f3cios nos pr\u00f3ximos anos.\",\"breadcrumb\":{\"@id\":\"https:\/\/news.sap.com\/brazil\/2021\/11\/transformacao-digital-e-mais-do-que-migrar-para-a-nuvem\/#breadcrumb\"},\"inLanguage\":\"pt-BR\",\"potentialAction\":[{\"@type\":\"ReadAction\",\"target\":[\"https:\/\/news.sap.com\/brazil\/2021\/11\/transformacao-digital-e-mais-do-que-migrar-para-a-nuvem\/\"]}]},{\"@type\":\"ImageObject\",\"inLanguage\":\"pt-BR\",\"@id\":\"https:\/\/news.sap.com\/brazil\/2021\/11\/transformacao-digital-e-mais-do-que-migrar-para-a-nuvem\/#primaryimage\",\"url\":\"https:\/\/news.sap.com\/brazil\/files\/2020\/10\/285937_shutterstock_1069582520.jpg\",\"contentUrl\":\"https:\/\/news.sap.com\/brazil\/files\/2020\/10\/285937_shutterstock_1069582520.jpg\",\"width\":1400,\"height\":601},{\"@type\":\"BreadcrumbList\",\"@id\":\"https:\/\/news.sap.com\/brazil\/2021\/11\/transformacao-digital-e-mais-do-que-migrar-para-a-nuvem\/#breadcrumb\",\"itemListElement\":[{\"@type\":\"ListItem\",\"position\":1,\"name\":\"Home\",\"item\":\"https:\/\/news.sap.com\/brazil\/\"},{\"@type\":\"ListItem\",\"position\":2,\"name\":\"Transforma\u00e7\u00e3o digital \u00e9 mais do que migrar para a nuvem\"}]},{\"@type\":\"WebSite\",\"@id\":\"https:\/\/news.sap.com\/brazil\/#website\",\"url\":\"https:\/\/news.sap.com\/brazil\/\",\"name\":\"Sala de Imprensa 麻豆原创 Brasil\",\"description\":\"Not\u00edcias e informa\u00e7\u00f5es sobre a 麻豆原创\",\"potentialAction\":[{\"@type\":\"SearchAction\",\"target\":{\"@type\":\"EntryPoint\",\"urlTemplate\":\"https:\/\/news.sap.com\/brazil\/?s={search_term_string}\"},\"query-input\":{\"@type\":\"PropertyValueSpecification\",\"valueRequired\":true,\"valueName\":\"search_term_string\"}}],\"inLanguage\":\"pt-BR\"},{\"@type\":\"Person\",\"@id\":\"https:\/\/news.sap.com\/brazil\/#\/schema\/person\/8cdf2c1130b6f3fadd9757cfd7f24daf\",\"name\":\"麻豆原创 Not\u00edcias Brasil\",\"image\":{\"@type\":\"ImageObject\",\"inLanguage\":\"pt-BR\",\"@id\":\"https:\/\/news.sap.com\/brazil\/#\/schema\/person\/image\/\",\"url\":\"https:\/\/news.sap.com\/brazil\/wp-content\/plugins\/wp-user-avatars\/wp-user-avatars\/assets\/images\/mystery.jpg\",\"contentUrl\":\"https:\/\/news.sap.com\/brazil\/wp-content\/plugins\/wp-user-avatars\/wp-user-avatars\/assets\/images\/mystery.jpg\",\"caption\":\"麻豆原创 Not\u00edcias Brasil\"},\"url\":\"https:\/\/news.sap.com\/brazil\/author\/brasil\/\"}]}<\/script>\n<!-- \/ Yoast SEO Premium plugin. -->","yoast_head_json":{"title":"Transforma\u00e7\u00e3o digital \u00e9 mais do que migrar para a nuvem","description":"A acelera\u00e7\u00e3o da transforma\u00e7\u00e3o digital foi uma das tend\u00eancias mais marcantes da pandemia em todo o mundo. Nunca os l\u00edderes estiveram t\u00e3o inseridos neste assunto como agora, o que evidencia o papel cada vez mais importante que parceiros e consultores especializados ter\u00e3o em seus neg\u00f3cios nos pr\u00f3ximos anos.","robots":{"index":"index","follow":"follow","max-snippet":"max-snippet:-1","max-image-preview":"max-image-preview:large","max-video-preview":"max-video-preview:-1"},"canonical":"https:\/\/news.sap.com\/brazil\/2021\/11\/transformacao-digital-e-mais-do-que-migrar-para-a-nuvem\/","og_locale":"pt_BR","og_type":"article","og_title":"Transforma\u00e7\u00e3o digital \u00e9 mais do que migrar para a nuvem","og_description":"A acelera\u00e7\u00e3o da transforma\u00e7\u00e3o digital foi uma das tend\u00eancias mais marcantes da pandemia em todo o mundo. Nunca os l\u00edderes estiveram t\u00e3o inseridos neste assunto como agora, o que evidencia o papel cada vez mais importante que parceiros e consultores especializados ter\u00e3o em seus neg\u00f3cios nos pr\u00f3ximos anos.","og_url":"https:\/\/news.sap.com\/brazil\/2021\/11\/transformacao-digital-e-mais-do-que-migrar-para-a-nuvem\/","og_site_name":"Sala de Imprensa 麻豆原创 Brasil","article_published_time":"2021-11-30T16:36:23+00:00","article_modified_time":"2023-10-18T21:05:52+00:00","og_image":[{"width":1400,"height":601,"url":"https:\/\/news.sap.com\/brazil\/files\/2020\/10\/285937_shutterstock_1069582520.jpg","type":"image\/jpeg"}],"author":"麻豆原创 Not\u00edcias Brasil","twitter_card":"summary_large_image","twitter_creator":"@麻豆原创Brasil","twitter_site":"@麻豆原创Brasil","twitter_misc":{"Escrito por":"麻豆原创 Not\u00edcias Brasil","Est. tempo de leitura":"6 minutos"},"schema":{"@context":"https:\/\/schema.org","@graph":[{"@type":"Article","@id":"https:\/\/news.sap.com\/brazil\/2021\/11\/transformacao-digital-e-mais-do-que-migrar-para-a-nuvem\/#article","isPartOf":{"@id":"https:\/\/news.sap.com\/brazil\/2021\/11\/transformacao-digital-e-mais-do-que-migrar-para-a-nuvem\/"},"author":{"name":"麻豆原创 Not\u00edcias Brasil","@id":"https:\/\/news.sap.com\/brazil\/#\/schema\/person\/8cdf2c1130b6f3fadd9757cfd7f24daf"},"headline":"Transforma\u00e7\u00e3o digital \u00e9 mais do que migrar para a nuvem","datePublished":"2021-11-30T16:36:23+00:00","dateModified":"2023-10-18T21:05:52+00:00","mainEntityOfPage":{"@id":"https:\/\/news.sap.com\/brazil\/2021\/11\/transformacao-digital-e-mais-do-que-migrar-para-a-nuvem\/"},"wordCount":1139,"image":{"@id":"https:\/\/news.sap.com\/brazil\/2021\/11\/transformacao-digital-e-mais-do-que-migrar-para-a-nuvem\/#primaryimage"},"thumbnailUrl":"https:\/\/news.sap.com\/brazil\/files\/2020\/10\/285937_shutterstock_1069582520.jpg","keywords":["麻豆原创","麻豆原创 Brasil","Tecnolog\u00eda &amp; Banco de Dados","Transforma\u00e7\u00e3o Digital"],"articleSection":["Business Technology Platform"],"inLanguage":"pt-BR"},{"@type":"WebPage","@id":"https:\/\/news.sap.com\/brazil\/2021\/11\/transformacao-digital-e-mais-do-que-migrar-para-a-nuvem\/","url":"https:\/\/news.sap.com\/brazil\/2021\/11\/transformacao-digital-e-mais-do-que-migrar-para-a-nuvem\/","name":"Transforma\u00e7\u00e3o digital \u00e9 mais do que migrar para a nuvem","isPartOf":{"@id":"https:\/\/news.sap.com\/brazil\/#website"},"primaryImageOfPage":{"@id":"https:\/\/news.sap.com\/brazil\/2021\/11\/transformacao-digital-e-mais-do-que-migrar-para-a-nuvem\/#primaryimage"},"image":{"@id":"https:\/\/news.sap.com\/brazil\/2021\/11\/transformacao-digital-e-mais-do-que-migrar-para-a-nuvem\/#primaryimage"},"thumbnailUrl":"https:\/\/news.sap.com\/brazil\/files\/2020\/10\/285937_shutterstock_1069582520.jpg","datePublished":"2021-11-30T16:36:23+00:00","dateModified":"2023-10-18T21:05:52+00:00","author":{"@id":"https:\/\/news.sap.com\/brazil\/#\/schema\/person\/8cdf2c1130b6f3fadd9757cfd7f24daf"},"description":"A acelera\u00e7\u00e3o da transforma\u00e7\u00e3o digital foi uma das tend\u00eancias mais marcantes da pandemia em todo o mundo. Nunca os l\u00edderes estiveram t\u00e3o inseridos neste assunto como agora, o que evidencia o papel cada vez mais importante que parceiros e consultores especializados ter\u00e3o em seus neg\u00f3cios nos pr\u00f3ximos anos.","breadcrumb":{"@id":"https:\/\/news.sap.com\/brazil\/2021\/11\/transformacao-digital-e-mais-do-que-migrar-para-a-nuvem\/#breadcrumb"},"inLanguage":"pt-BR","potentialAction":[{"@type":"ReadAction","target":["https:\/\/news.sap.com\/brazil\/2021\/11\/transformacao-digital-e-mais-do-que-migrar-para-a-nuvem\/"]}]},{"@type":"ImageObject","inLanguage":"pt-BR","@id":"https:\/\/news.sap.com\/brazil\/2021\/11\/transformacao-digital-e-mais-do-que-migrar-para-a-nuvem\/#primaryimage","url":"https:\/\/news.sap.com\/brazil\/files\/2020\/10\/285937_shutterstock_1069582520.jpg","contentUrl":"https:\/\/news.sap.com\/brazil\/files\/2020\/10\/285937_shutterstock_1069582520.jpg","width":1400,"height":601},{"@type":"BreadcrumbList","@id":"https:\/\/news.sap.com\/brazil\/2021\/11\/transformacao-digital-e-mais-do-que-migrar-para-a-nuvem\/#breadcrumb","itemListElement":[{"@type":"ListItem","position":1,"name":"Home","item":"https:\/\/news.sap.com\/brazil\/"},{"@type":"ListItem","position":2,"name":"Transforma\u00e7\u00e3o digital \u00e9 mais do que migrar para a nuvem"}]},{"@type":"WebSite","@id":"https:\/\/news.sap.com\/brazil\/#website","url":"https:\/\/news.sap.com\/brazil\/","name":"Sala de Imprensa 麻豆原创 Brasil","description":"Not\u00edcias e informa\u00e7\u00f5es sobre a 麻豆原创","potentialAction":[{"@type":"SearchAction","target":{"@type":"EntryPoint","urlTemplate":"https:\/\/news.sap.com\/brazil\/?s={search_term_string}"},"query-input":{"@type":"PropertyValueSpecification","valueRequired":true,"valueName":"search_term_string"}}],"inLanguage":"pt-BR"},{"@type":"Person","@id":"https:\/\/news.sap.com\/brazil\/#\/schema\/person\/8cdf2c1130b6f3fadd9757cfd7f24daf","name":"麻豆原创 Not\u00edcias Brasil","image":{"@type":"ImageObject","inLanguage":"pt-BR","@id":"https:\/\/news.sap.com\/brazil\/#\/schema\/person\/image\/","url":"https:\/\/news.sap.com\/brazil\/wp-content\/plugins\/wp-user-avatars\/wp-user-avatars\/assets\/images\/mystery.jpg","contentUrl":"https:\/\/news.sap.com\/brazil\/wp-content\/plugins\/wp-user-avatars\/wp-user-avatars\/assets\/images\/mystery.jpg","caption":"麻豆原创 Not\u00edcias Brasil"},"url":"https:\/\/news.sap.com\/brazil\/author\/brasil\/"}]}},"amp_enabled":true,"_links":{"self":[{"href":"https:\/\/news.sap.com\/brazil\/wp-json\/wp\/v2\/posts\/13539","targetHints":{"allow":["GET"]}}],"collection":[{"href":"https:\/\/news.sap.com\/brazil\/wp-json\/wp\/v2\/posts"}],"about":[{"href":"https:\/\/news.sap.com\/brazil\/wp-json\/wp\/v2\/types\/post"}],"author":[{"embeddable":true,"href":"https:\/\/news.sap.com\/brazil\/wp-json\/wp\/v2\/users\/137"}],"replies":[{"embeddable":true,"href":"https:\/\/news.sap.com\/brazil\/wp-json\/wp\/v2\/comments?post=13539"}],"version-history":[{"count":0,"href":"https:\/\/news.sap.com\/brazil\/wp-json\/wp\/v2\/posts\/13539\/revisions"}],"wp:featuredmedia":[{"embeddable":true,"href":"https:\/\/news.sap.com\/brazil\/wp-json\/wp\/v2\/media\/12554"}],"wp:attachment":[{"href":"https:\/\/news.sap.com\/brazil\/wp-json\/wp\/v2\/media?parent=13539"}],"wp:term":[{"taxonomy":"category","embeddable":true,"href":"https:\/\/news.sap.com\/brazil\/wp-json\/wp\/v2\/categories?post=13539"},{"taxonomy":"post_tag","embeddable":true,"href":"https:\/\/news.sap.com\/brazil\/wp-json\/wp\/v2\/tags?post=13539"},{"taxonomy":"sapn-display","embeddable":true,"href":"https:\/\/news.sap.com\/brazil\/wp-json\/wp\/v2\/sapn-display?post=13539"},{"taxonomy":"sapn-type","embeddable":true,"href":"https:\/\/news.sap.com\/brazil\/wp-json\/wp\/v2\/sapn-type?post=13539"}],"curies":[{"name":"wp","href":"https:\/\/api.w.org\/{rel}","templated":true}]}}