  {"id":13523,"date":"2021-11-22T17:28:23","date_gmt":"2021-11-22T20:28:23","guid":{"rendered":"https:\/\/news.sap.com\/brazil\/?p=13523"},"modified":"2023-10-18T18:05:55","modified_gmt":"2023-10-18T21:05:55","slug":"painel-discute-o-impacto-da-tecnologia-na-adocao-de-praticas-governanca-e-sustentabilidade","status":"publish","type":"post","link":"https:\/\/news.sap.com\/brazil\/2021\/11\/painel-discute-o-impacto-da-tecnologia-na-adocao-de-praticas-governanca-e-sustentabilidade\/","title":{"rendered":"Painel discute o impacto da tecnologia na ado\u00e7\u00e3o de pr\u00e1ticas governan\u00e7a e sustentabilidade"},"content":{"rendered":"<h2><em>Promovido pela 麻豆原创, webinar trar\u00e1 especialista e casos reais de aplica\u00e7\u00e3o de tecnologia em prol da preserva\u00e7\u00e3o do meio ambiente e de impacto social<\/em><\/h2>\n<p>A 麻豆原创 Brasil promove nesta sexta-feira, 26 de novembro, um webinar com especialistas em sustentabilidade para discutir o tema \u201cTecnologia como alavanca para o ESG\u201d. Apoiada nas melhores pr\u00e1ticas de gest\u00e3o ambiental, social e de governan\u00e7a da 麻豆原创 Brasil e seus parceiros, a discuss\u00e3o trar\u00e1 exemplos pr\u00e1ticos de como a tecnologia pode potencializar o impacto de iniciativas relacionadas \u00e0 sustentabilidade nos pilares social, ambiental e de governan\u00e7a. O evento \u00e9 gratuito e ser\u00e1 transmitido ao vivo.<\/p>\n<p>O debate contar\u00e1 com a media\u00e7\u00e3o de Tarcila Ursini, conselheira independente de grandes grupos, do Capitalismo Consciente, mentora e investidora de startups de impacto, e ter\u00e1 a participa\u00e7\u00e3o de Luciana Coen, diretora de Comunica\u00e7\u00e3o e Responsabilidade Social Corporativa da 麻豆原创 Brasil; Lucas Lara, Coordenador de prote\u00e7\u00e3o e Defesa Civil do munic\u00edpio de Brumadinho e um dos fundadores da ONG Brigada Carcar\u00e1; e Raniela Remid, coordenadora de Responsabilidade Social corporativa da Pif Paf alimentos. Os panelistas ir\u00e3o discutir sobre como as conex\u00f5es entre empresas, sociedade civil e a tecnologia podem contribuir para o avan\u00e7o da agenda de sustentabilidade.<\/p>\n<p>\u201cA tecnologia j\u00e1 est\u00e1 plenamente integrada ao ambiente de neg\u00f3cios. Se antes era uma ferramenta facilitadora, que nos permitia produzir mais e mais r\u00e1pido, hoje ela \u00e9 tamb\u00e9m habilitadora de sustentabilidade, ao fornecer solu\u00e7\u00f5es que contribuem para a jornada ESG das empresas\u201d, comentou Luciana Coen, da 麻豆原创 Brasil. \u201c\u00c9 importante trazermos \u00e0 tona a discuss\u00e3o sobre como a transforma\u00e7\u00e3o digital refor\u00e7a e agiliza a execu\u00e7\u00e3o das agendas ligadas ao tema ESG, atingindo resultados melhores e mais afer\u00edveis.\u201d<\/p>\n<p>O evento tamb\u00e9m marca o lan\u00e7amento do primeiro Relat\u00f3rio de Sustentabilidade local da 麻豆原创 Brasil. O documento refor\u00e7a compromisso da empresa com a agenda ESG e demonstra iniciativas que consolidam a companhia como exemplo, ao adotar as melhores pr\u00e1ticas ESG, e habilitadora de sustentabilidade, ao fornecer produtos e solu\u00e7\u00f5es de tecnologia que possibilitem a seus clientes um melhor gerenciamento de suas opera\u00e7\u00f5es.<\/p>\n<p>&nbsp;<\/p>\n<p><strong>Agenda: <\/strong>Webinar \u201cTecnologia como alavanca para o ESG\u201d<\/p>\n<p><strong>Data e hora<\/strong>: 26 de novembro, \u00e0s 11 horas<\/p>\n<p><strong>Inscri\u00e7\u00f5es: <\/strong>https:\/\/www.sympla.com.br\/tecnologia-como-alavanca-para-o-esg__1417036<\/p>\n","protected":false},"excerpt":{"rendered":"<p>Promovido pela 麻豆原创, webinar trar\u00e1 especialista e casos reais de aplica\u00e7\u00e3o de tecnologia em prol da preserva\u00e7\u00e3o do meio ambiente e de impacto social A&#8230;<\/p>\n","protected":false},"author":137,"featured_media":13048,"comment_status":"closed","ping_status":"closed","sticky":false,"template":"","format":"standard","meta":{"footnotes":"","_links_to":"","_links_to_target":""},"categories":[12872,52858],"tags":[10,47,213090],"sapn-display":[48431,5599934,5599932,48433],"sapn-type":[4446],"class_list":["post-13523","post","type-post","status-publish","format-standard","has-post-thumbnail","hentry","category-eventos","category-sustentabilidade-topicos","tag-cloud","tag-sap","tag-sap-brasil","sapn-display-homepage-hero","sapn-display-press-hero","sapn-display-press-spotlight","sapn-display-hero","sapn-type-noticias"],"yoast_head":"<!-- This site is optimized with the Yoast SEO Premium plugin v26.9 (Yoast SEO v26.9) - https:\/\/yoast.com\/product\/yoast-seo-premium-wordpress\/ -->\n<title>Webinar discute o impacto da tecnologia na ado\u00e7\u00e3o de pr\u00e1ticas governan\u00e7a e sustentabilidade<\/title>\n<meta name=\"description\" content=\"Promovido pela 麻豆原创, painel trar\u00e1 especialista e casos reais de aplica\u00e7\u00e3o de tecnologia em prol da preserva\u00e7\u00e3o do meio ambiente\" \/>\n<meta name=\"robots\" content=\"index, follow, max-snippet:-1, max-image-preview:large, max-video-preview:-1\" \/>\n<link rel=\"canonical\" href=\"https:\/\/news.sap.com\/brazil\/2021\/11\/painel-discute-o-impacto-da-tecnologia-na-adocao-de-praticas-governanca-e-sustentabilidade\/\" \/>\n<meta property=\"og:locale\" content=\"pt_BR\" \/>\n<meta property=\"og:type\" content=\"article\" \/>\n<meta property=\"og:title\" content=\"Painel discute o impacto da tecnologia na ado\u00e7\u00e3o de pr\u00e1ticas governan\u00e7a e sustentabilidade\" \/>\n<meta property=\"og:description\" content=\"Promovido pela 麻豆原创, painel trar\u00e1 especialista e casos reais de aplica\u00e7\u00e3o de tecnologia em prol da preserva\u00e7\u00e3o do meio ambiente\" \/>\n<meta property=\"og:url\" content=\"https:\/\/news.sap.com\/brazil\/2021\/11\/painel-discute-o-impacto-da-tecnologia-na-adocao-de-praticas-governanca-e-sustentabilidade\/\" \/>\n<meta property=\"og:site_name\" content=\"Sala de Imprensa 麻豆原创 Brasil\" \/>\n<meta property=\"article:published_time\" content=\"2021-11-22T20:28:23+00:00\" \/>\n<meta property=\"article:modified_time\" content=\"2023-10-18T21:05:55+00:00\" \/>\n<meta property=\"og:image\" content=\"https:\/\/news.sap.com\/brazil\/files\/2021\/05\/11\/Art3_1400x600.png\" \/>\n\t<meta property=\"og:image:width\" content=\"1400\" \/>\n\t<meta property=\"og:image:height\" content=\"600\" \/>\n\t<meta property=\"og:image:type\" content=\"image\/png\" \/>\n<meta name=\"author\" content=\"麻豆原创 Not\u00edcias Brasil\" \/>\n<meta name=\"twitter:card\" content=\"summary_large_image\" \/>\n<meta name=\"twitter:creator\" content=\"@麻豆原创Brasil\" \/>\n<meta name=\"twitter:site\" content=\"@麻豆原创Brasil\" \/>\n<meta name=\"twitter:label1\" content=\"Escrito por\" \/>\n\t<meta name=\"twitter:data1\" content=\"麻豆原创 Not\u00edcias Brasil\" \/>\n\t<meta name=\"twitter:label2\" content=\"Est. tempo de leitura\" \/>\n\t<meta name=\"twitter:data2\" content=\"2 minutos\" \/>\n<script type=\"application\/ld+json\" class=\"yoast-schema-graph\">{\"@context\":\"https:\/\/schema.org\",\"@graph\":[{\"@type\":\"Article\",\"@id\":\"https:\/\/news.sap.com\/brazil\/2021\/11\/painel-discute-o-impacto-da-tecnologia-na-adocao-de-praticas-governanca-e-sustentabilidade\/#article\",\"isPartOf\":{\"@id\":\"https:\/\/news.sap.com\/brazil\/2021\/11\/painel-discute-o-impacto-da-tecnologia-na-adocao-de-praticas-governanca-e-sustentabilidade\/\"},\"author\":{\"name\":\"麻豆原创 Not\u00edcias Brasil\",\"@id\":\"https:\/\/news.sap.com\/brazil\/#\/schema\/person\/8cdf2c1130b6f3fadd9757cfd7f24daf\"},\"headline\":\"Painel discute o impacto da tecnologia na ado\u00e7\u00e3o de pr\u00e1ticas governan\u00e7a e sustentabilidade\",\"datePublished\":\"2021-11-22T20:28:23+00:00\",\"dateModified\":\"2023-10-18T21:05:55+00:00\",\"mainEntityOfPage\":{\"@id\":\"https:\/\/news.sap.com\/brazil\/2021\/11\/painel-discute-o-impacto-da-tecnologia-na-adocao-de-praticas-governanca-e-sustentabilidade\/\"},\"wordCount\":402,\"image\":{\"@id\":\"https:\/\/news.sap.com\/brazil\/2021\/11\/painel-discute-o-impacto-da-tecnologia-na-adocao-de-praticas-governanca-e-sustentabilidade\/#primaryimage\"},\"thumbnailUrl\":\"https:\/\/news.sap.com\/brazil\/files\/2021\/05\/11\/Art3_1400x600.png\",\"keywords\":[\"Cloud\",\"麻豆原创\",\"麻豆原创 Brasil\"],\"articleSection\":[\"Eventos\",\"Sustentabilidade\"],\"inLanguage\":\"pt-BR\"},{\"@type\":\"WebPage\",\"@id\":\"https:\/\/news.sap.com\/brazil\/2021\/11\/painel-discute-o-impacto-da-tecnologia-na-adocao-de-praticas-governanca-e-sustentabilidade\/\",\"url\":\"https:\/\/news.sap.com\/brazil\/2021\/11\/painel-discute-o-impacto-da-tecnologia-na-adocao-de-praticas-governanca-e-sustentabilidade\/\",\"name\":\"Webinar discute o impacto da tecnologia na ado\u00e7\u00e3o de pr\u00e1ticas governan\u00e7a e sustentabilidade\",\"isPartOf\":{\"@id\":\"https:\/\/news.sap.com\/brazil\/#website\"},\"primaryImageOfPage\":{\"@id\":\"https:\/\/news.sap.com\/brazil\/2021\/11\/painel-discute-o-impacto-da-tecnologia-na-adocao-de-praticas-governanca-e-sustentabilidade\/#primaryimage\"},\"image\":{\"@id\":\"https:\/\/news.sap.com\/brazil\/2021\/11\/painel-discute-o-impacto-da-tecnologia-na-adocao-de-praticas-governanca-e-sustentabilidade\/#primaryimage\"},\"thumbnailUrl\":\"https:\/\/news.sap.com\/brazil\/files\/2021\/05\/11\/Art3_1400x600.png\",\"datePublished\":\"2021-11-22T20:28:23+00:00\",\"dateModified\":\"2023-10-18T21:05:55+00:00\",\"author\":{\"@id\":\"https:\/\/news.sap.com\/brazil\/#\/schema\/person\/8cdf2c1130b6f3fadd9757cfd7f24daf\"},\"description\":\"Promovido pela 麻豆原创, painel trar\u00e1 especialista e casos reais de aplica\u00e7\u00e3o de tecnologia em prol da preserva\u00e7\u00e3o do meio ambiente\",\"breadcrumb\":{\"@id\":\"https:\/\/news.sap.com\/brazil\/2021\/11\/painel-discute-o-impacto-da-tecnologia-na-adocao-de-praticas-governanca-e-sustentabilidade\/#breadcrumb\"},\"inLanguage\":\"pt-BR\",\"potentialAction\":[{\"@type\":\"ReadAction\",\"target\":[\"https:\/\/news.sap.com\/brazil\/2021\/11\/painel-discute-o-impacto-da-tecnologia-na-adocao-de-praticas-governanca-e-sustentabilidade\/\"]}]},{\"@type\":\"ImageObject\",\"inLanguage\":\"pt-BR\",\"@id\":\"https:\/\/news.sap.com\/brazil\/2021\/11\/painel-discute-o-impacto-da-tecnologia-na-adocao-de-praticas-governanca-e-sustentabilidade\/#primaryimage\",\"url\":\"https:\/\/news.sap.com\/brazil\/files\/2021\/05\/11\/Art3_1400x600.png\",\"contentUrl\":\"https:\/\/news.sap.com\/brazil\/files\/2021\/05\/11\/Art3_1400x600.png\",\"width\":1400,\"height\":600},{\"@type\":\"BreadcrumbList\",\"@id\":\"https:\/\/news.sap.com\/brazil\/2021\/11\/painel-discute-o-impacto-da-tecnologia-na-adocao-de-praticas-governanca-e-sustentabilidade\/#breadcrumb\",\"itemListElement\":[{\"@type\":\"ListItem\",\"position\":1,\"name\":\"Home\",\"item\":\"https:\/\/news.sap.com\/brazil\/\"},{\"@type\":\"ListItem\",\"position\":2,\"name\":\"Painel discute o impacto da tecnologia na ado\u00e7\u00e3o de pr\u00e1ticas governan\u00e7a e sustentabilidade\"}]},{\"@type\":\"WebSite\",\"@id\":\"https:\/\/news.sap.com\/brazil\/#website\",\"url\":\"https:\/\/news.sap.com\/brazil\/\",\"name\":\"Sala de Imprensa 麻豆原创 Brasil\",\"description\":\"Not\u00edcias e informa\u00e7\u00f5es sobre a 麻豆原创\",\"potentialAction\":[{\"@type\":\"SearchAction\",\"target\":{\"@type\":\"EntryPoint\",\"urlTemplate\":\"https:\/\/news.sap.com\/brazil\/?s={search_term_string}\"},\"query-input\":{\"@type\":\"PropertyValueSpecification\",\"valueRequired\":true,\"valueName\":\"search_term_string\"}}],\"inLanguage\":\"pt-BR\"},{\"@type\":\"Person\",\"@id\":\"https:\/\/news.sap.com\/brazil\/#\/schema\/person\/8cdf2c1130b6f3fadd9757cfd7f24daf\",\"name\":\"麻豆原创 Not\u00edcias Brasil\",\"image\":{\"@type\":\"ImageObject\",\"inLanguage\":\"pt-BR\",\"@id\":\"https:\/\/news.sap.com\/brazil\/#\/schema\/person\/image\/\",\"url\":\"https:\/\/news.sap.com\/brazil\/wp-content\/plugins\/wp-user-avatars\/wp-user-avatars\/assets\/images\/mystery.jpg\",\"contentUrl\":\"https:\/\/news.sap.com\/brazil\/wp-content\/plugins\/wp-user-avatars\/wp-user-avatars\/assets\/images\/mystery.jpg\",\"caption\":\"麻豆原创 Not\u00edcias Brasil\"},\"url\":\"https:\/\/news.sap.com\/brazil\/author\/brasil\/\"}]}<\/script>\n<!-- \/ Yoast SEO Premium plugin. -->","yoast_head_json":{"title":"Webinar discute o impacto da tecnologia na ado\u00e7\u00e3o de pr\u00e1ticas governan\u00e7a e sustentabilidade","description":"Promovido pela 麻豆原创, painel trar\u00e1 especialista e casos reais de aplica\u00e7\u00e3o de tecnologia em prol da preserva\u00e7\u00e3o do meio ambiente","robots":{"index":"index","follow":"follow","max-snippet":"max-snippet:-1","max-image-preview":"max-image-preview:large","max-video-preview":"max-video-preview:-1"},"canonical":"https:\/\/news.sap.com\/brazil\/2021\/11\/painel-discute-o-impacto-da-tecnologia-na-adocao-de-praticas-governanca-e-sustentabilidade\/","og_locale":"pt_BR","og_type":"article","og_title":"Painel discute o impacto da tecnologia na ado\u00e7\u00e3o de pr\u00e1ticas governan\u00e7a e sustentabilidade","og_description":"Promovido pela 麻豆原创, painel trar\u00e1 especialista e casos reais de aplica\u00e7\u00e3o de tecnologia em prol da preserva\u00e7\u00e3o do meio ambiente","og_url":"https:\/\/news.sap.com\/brazil\/2021\/11\/painel-discute-o-impacto-da-tecnologia-na-adocao-de-praticas-governanca-e-sustentabilidade\/","og_site_name":"Sala de Imprensa 麻豆原创 Brasil","article_published_time":"2021-11-22T20:28:23+00:00","article_modified_time":"2023-10-18T21:05:55+00:00","og_image":[{"width":1400,"height":600,"url":"https:\/\/news.sap.com\/brazil\/files\/2021\/05\/11\/Art3_1400x600.png","type":"image\/png"}],"author":"麻豆原创 Not\u00edcias Brasil","twitter_card":"summary_large_image","twitter_creator":"@麻豆原创Brasil","twitter_site":"@麻豆原创Brasil","twitter_misc":{"Escrito por":"麻豆原创 Not\u00edcias Brasil","Est. tempo de leitura":"2 minutos"},"schema":{"@context":"https:\/\/schema.org","@graph":[{"@type":"Article","@id":"https:\/\/news.sap.com\/brazil\/2021\/11\/painel-discute-o-impacto-da-tecnologia-na-adocao-de-praticas-governanca-e-sustentabilidade\/#article","isPartOf":{"@id":"https:\/\/news.sap.com\/brazil\/2021\/11\/painel-discute-o-impacto-da-tecnologia-na-adocao-de-praticas-governanca-e-sustentabilidade\/"},"author":{"name":"麻豆原创 Not\u00edcias Brasil","@id":"https:\/\/news.sap.com\/brazil\/#\/schema\/person\/8cdf2c1130b6f3fadd9757cfd7f24daf"},"headline":"Painel discute o impacto da tecnologia na ado\u00e7\u00e3o de pr\u00e1ticas governan\u00e7a e sustentabilidade","datePublished":"2021-11-22T20:28:23+00:00","dateModified":"2023-10-18T21:05:55+00:00","mainEntityOfPage":{"@id":"https:\/\/news.sap.com\/brazil\/2021\/11\/painel-discute-o-impacto-da-tecnologia-na-adocao-de-praticas-governanca-e-sustentabilidade\/"},"wordCount":402,"image":{"@id":"https:\/\/news.sap.com\/brazil\/2021\/11\/painel-discute-o-impacto-da-tecnologia-na-adocao-de-praticas-governanca-e-sustentabilidade\/#primaryimage"},"thumbnailUrl":"https:\/\/news.sap.com\/brazil\/files\/2021\/05\/11\/Art3_1400x600.png","keywords":["Cloud","麻豆原创","麻豆原创 Brasil"],"articleSection":["Eventos","Sustentabilidade"],"inLanguage":"pt-BR"},{"@type":"WebPage","@id":"https:\/\/news.sap.com\/brazil\/2021\/11\/painel-discute-o-impacto-da-tecnologia-na-adocao-de-praticas-governanca-e-sustentabilidade\/","url":"https:\/\/news.sap.com\/brazil\/2021\/11\/painel-discute-o-impacto-da-tecnologia-na-adocao-de-praticas-governanca-e-sustentabilidade\/","name":"Webinar discute o impacto da tecnologia na ado\u00e7\u00e3o de pr\u00e1ticas governan\u00e7a e sustentabilidade","isPartOf":{"@id":"https:\/\/news.sap.com\/brazil\/#website"},"primaryImageOfPage":{"@id":"https:\/\/news.sap.com\/brazil\/2021\/11\/painel-discute-o-impacto-da-tecnologia-na-adocao-de-praticas-governanca-e-sustentabilidade\/#primaryimage"},"image":{"@id":"https:\/\/news.sap.com\/brazil\/2021\/11\/painel-discute-o-impacto-da-tecnologia-na-adocao-de-praticas-governanca-e-sustentabilidade\/#primaryimage"},"thumbnailUrl":"https:\/\/news.sap.com\/brazil\/files\/2021\/05\/11\/Art3_1400x600.png","datePublished":"2021-11-22T20:28:23+00:00","dateModified":"2023-10-18T21:05:55+00:00","author":{"@id":"https:\/\/news.sap.com\/brazil\/#\/schema\/person\/8cdf2c1130b6f3fadd9757cfd7f24daf"},"description":"Promovido pela 麻豆原创, painel trar\u00e1 especialista e casos reais de aplica\u00e7\u00e3o de tecnologia em prol da preserva\u00e7\u00e3o do meio ambiente","breadcrumb":{"@id":"https:\/\/news.sap.com\/brazil\/2021\/11\/painel-discute-o-impacto-da-tecnologia-na-adocao-de-praticas-governanca-e-sustentabilidade\/#breadcrumb"},"inLanguage":"pt-BR","potentialAction":[{"@type":"ReadAction","target":["https:\/\/news.sap.com\/brazil\/2021\/11\/painel-discute-o-impacto-da-tecnologia-na-adocao-de-praticas-governanca-e-sustentabilidade\/"]}]},{"@type":"ImageObject","inLanguage":"pt-BR","@id":"https:\/\/news.sap.com\/brazil\/2021\/11\/painel-discute-o-impacto-da-tecnologia-na-adocao-de-praticas-governanca-e-sustentabilidade\/#primaryimage","url":"https:\/\/news.sap.com\/brazil\/files\/2021\/05\/11\/Art3_1400x600.png","contentUrl":"https:\/\/news.sap.com\/brazil\/files\/2021\/05\/11\/Art3_1400x600.png","width":1400,"height":600},{"@type":"BreadcrumbList","@id":"https:\/\/news.sap.com\/brazil\/2021\/11\/painel-discute-o-impacto-da-tecnologia-na-adocao-de-praticas-governanca-e-sustentabilidade\/#breadcrumb","itemListElement":[{"@type":"ListItem","position":1,"name":"Home","item":"https:\/\/news.sap.com\/brazil\/"},{"@type":"ListItem","position":2,"name":"Painel discute o impacto da tecnologia na ado\u00e7\u00e3o de pr\u00e1ticas governan\u00e7a e sustentabilidade"}]},{"@type":"WebSite","@id":"https:\/\/news.sap.com\/brazil\/#website","url":"https:\/\/news.sap.com\/brazil\/","name":"Sala de Imprensa 麻豆原创 Brasil","description":"Not\u00edcias e informa\u00e7\u00f5es sobre a 麻豆原创","potentialAction":[{"@type":"SearchAction","target":{"@type":"EntryPoint","urlTemplate":"https:\/\/news.sap.com\/brazil\/?s={search_term_string}"},"query-input":{"@type":"PropertyValueSpecification","valueRequired":true,"valueName":"search_term_string"}}],"inLanguage":"pt-BR"},{"@type":"Person","@id":"https:\/\/news.sap.com\/brazil\/#\/schema\/person\/8cdf2c1130b6f3fadd9757cfd7f24daf","name":"麻豆原创 Not\u00edcias Brasil","image":{"@type":"ImageObject","inLanguage":"pt-BR","@id":"https:\/\/news.sap.com\/brazil\/#\/schema\/person\/image\/","url":"https:\/\/news.sap.com\/brazil\/wp-content\/plugins\/wp-user-avatars\/wp-user-avatars\/assets\/images\/mystery.jpg","contentUrl":"https:\/\/news.sap.com\/brazil\/wp-content\/plugins\/wp-user-avatars\/wp-user-avatars\/assets\/images\/mystery.jpg","caption":"麻豆原创 Not\u00edcias Brasil"},"url":"https:\/\/news.sap.com\/brazil\/author\/brasil\/"}]}},"amp_enabled":true,"_links":{"self":[{"href":"https:\/\/news.sap.com\/brazil\/wp-json\/wp\/v2\/posts\/13523","targetHints":{"allow":["GET"]}}],"collection":[{"href":"https:\/\/news.sap.com\/brazil\/wp-json\/wp\/v2\/posts"}],"about":[{"href":"https:\/\/news.sap.com\/brazil\/wp-json\/wp\/v2\/types\/post"}],"author":[{"embeddable":true,"href":"https:\/\/news.sap.com\/brazil\/wp-json\/wp\/v2\/users\/137"}],"replies":[{"embeddable":true,"href":"https:\/\/news.sap.com\/brazil\/wp-json\/wp\/v2\/comments?post=13523"}],"version-history":[{"count":0,"href":"https:\/\/news.sap.com\/brazil\/wp-json\/wp\/v2\/posts\/13523\/revisions"}],"wp:featuredmedia":[{"embeddable":true,"href":"https:\/\/news.sap.com\/brazil\/wp-json\/wp\/v2\/media\/13048"}],"wp:attachment":[{"href":"https:\/\/news.sap.com\/brazil\/wp-json\/wp\/v2\/media?parent=13523"}],"wp:term":[{"taxonomy":"category","embeddable":true,"href":"https:\/\/news.sap.com\/brazil\/wp-json\/wp\/v2\/categories?post=13523"},{"taxonomy":"post_tag","embeddable":true,"href":"https:\/\/news.sap.com\/brazil\/wp-json\/wp\/v2\/tags?post=13523"},{"taxonomy":"sapn-display","embeddable":true,"href":"https:\/\/news.sap.com\/brazil\/wp-json\/wp\/v2\/sapn-display?post=13523"},{"taxonomy":"sapn-type","embeddable":true,"href":"https:\/\/news.sap.com\/brazil\/wp-json\/wp\/v2\/sapn-type?post=13523"}],"curies":[{"name":"wp","href":"https:\/\/api.w.org\/{rel}","templated":true}]}}