  {"id":13518,"date":"2021-11-19T17:19:37","date_gmt":"2021-11-19T20:19:37","guid":{"rendered":"https:\/\/news.sap.com\/brazil\/?p=13518"},"modified":"2023-10-18T18:05:59","modified_gmt":"2023-10-18T21:05:59","slug":"negocios-liderados-por-pessoas-negras-recebem-consultoria-da-sap","status":"publish","type":"post","link":"https:\/\/news.sap.com\/brazil\/2021\/11\/negocios-liderados-por-pessoas-negras-recebem-consultoria-da-sap\/","title":{"rendered":"Neg\u00f3cios liderados por pessoas negras recebem consultoria da 麻豆原创"},"content":{"rendered":"<h2><em>No m\u00eas da Consci\u00eancia Negra, oito projetos selecionados pelo Pro Bono para Equidade Econ\u00f4mica passaram por mentoria em estrat\u00e9gia, planejamento, recursos humanos, finan\u00e7as e marketing<\/em><\/h2>\n<p class=\"xxxxmsonormal\" style=\"margin-bottom: 7.5pt;text-align: justify;line-height: 150%\"><span style=\"font-family: 'Helvetica',sans-serif;color: #202020\">A 麻豆原创 Brasil finalizou a primeira turma do programa Pro Bono para Equidade Econ\u00f4mica, criado globalmente pela empresa para fomentar neg\u00f3cios liderados por pessoas negras. Funcion\u00e1rios da 麻豆原创 Am\u00e9rica Latina e Portugal dedicaram aproximadamente duas mil horas de trabalho volunt\u00e1rio oferecendo consultorias especializadas para os l\u00edderes das empresas Wakanda Educa\u00e7\u00e3o Empreendedora, Seja Troca, Par\u00e7as, Conta Black, Free Soul Food, Info Preta, Mandinga de Favela e Clubinho Preto.<\/span><\/p>\n<p class=\"xxxxmsonormal\" style=\"margin-bottom: 7.5pt;text-align: justify;line-height: 150%\"><span style=\"font-family: 'Helvetica',sans-serif;color: #202020\">Os gestores das empresas se candidataram para o programa e apresentaram necessidades espec\u00edficas para melhorar o neg\u00f3cio. Durante seis semanas, uma equipe de 24 funcion\u00e1rios, a maioria brasileiros, ofereceu de forma gratuita e virtual habilidades, talentos e experi\u00eancias de mercado para auxiliar as empresas na solu\u00e7\u00e3o de problemas e na implementa\u00e7\u00e3o de a\u00e7\u00f5es para impulsionar os neg\u00f3cios.<\/span><\/p>\n<p class=\"xxxxmsonormal\" style=\"margin-bottom: 7.5pt;text-align: justify;line-height: 150%\"><span style=\"font-family: 'Helvetica',sans-serif;color: #202020\">\u201cPara os funcion\u00e1rios da 麻豆原创 comprometidos com o voluntariado, esta foi uma oportunidade fundamental de contribui\u00e7\u00e3o pessoal e profissional para a equidade racial na economia, pois visou beneficiar diretamente o empreendedorismo negro e toda a comunidade que se beneficiar\u00e1 dos produtos e servi\u00e7os oferecidos por essas oito empresas participantes do projeto. A inova\u00e7\u00e3o exige diversidade de pensamentos e de viv\u00eancias. Estamos antenados com as oportunidades e focados n\u00e3o apenas nas habilidades t\u00e9cnicas, mas tamb\u00e9m em todas as necessidades sociais e econ\u00f4micas para a transforma\u00e7\u00e3o de empresas em neg\u00f3cios sustent\u00e1veis\u201d, destaca Luciana Coen, diretora de Comunica\u00e7\u00e3o e Responsabilidade Social da 麻豆原创 Brasil.<\/span><\/p>\n<p class=\"xxxxmsonormal\" style=\"margin-bottom: 7.5pt;text-align: justify;line-height: 150%\"><span style=\"font-family: 'Helvetica',sans-serif;color: #202020\">Os neg\u00f3cios beneficiados atuam nas \u00e1reas de produ\u00e7\u00e3o cultural, tecnologia, alimenta\u00e7\u00e3o inclusiva, educa\u00e7\u00e3o para empreendedores e finan\u00e7as, todas com cunho social e direcionadas para apoiar pessoas da comunidade negra, de mulheres e LGBTQIA+. Todas receberam consultoria customizada de acordo com as necessidades, com atividades como desenvolvimento de estrat\u00e9gia e planejamento, design thinking, recursos humanos, contabilidade e finan\u00e7as, marketing e rela\u00e7\u00f5es p\u00fablicas, an\u00e1lise e gest\u00e3o de dados, entre outros.<\/span><\/p>\n<p class=\"xxxxmsonormal\" style=\"margin-bottom: 7.5pt;text-align: justify;line-height: 150%\"><span style=\"font-family: 'Helvetica',sans-serif;color: #202020\">O programa Pro Bono para Equidade Econ\u00f4mica \u00e9 uma iniciativa realizada pela 麻豆原创 em parceria com a PYXERA Global, que visa o desenvolvimento de compet\u00eancias e aprimoramento do modelo de gest\u00e3o e atua\u00e7\u00e3o. O programa, que apoia movimentos de justi\u00e7a social e racial, teve seu piloto nos Estados Unidos, em 2020, e este ano est\u00e1 sendo expandido para a \u00c1frica do Sul, Reino Unido e Brasil.<\/span><\/p>\n<p class=\"xxxxmsonormal\" style=\"margin-bottom: 7.5pt;text-align: justify;line-height: 150%\"><span style=\"font-family: 'Helvetica',sans-serif;color: #202020\">A pr\u00f3xima turma ainda n\u00e3o tem agenda definida, mas as empresas interessadas em participar podem acessar o regulamento no site <a href=\"https:\/\/www.pyxeraglobal.org\/equidade-economica-brasil\/\">https:\/\/www.pyxeraglobal.org\/equidade-economica-brasil\/<\/a> e ficarem atentas para a divulga\u00e7\u00e3o do per\u00edodo de inscri\u00e7\u00e3o.<\/span><\/p>\n","protected":false},"excerpt":{"rendered":"<p>No m\u00eas da Consci\u00eancia Negra, oito projetos selecionados pelo Pro Bono para Equidade Econ\u00f4mica passaram por mentoria em estrat\u00e9gia, planejamento, recursos humanos, finan\u00e7as e marketing&#8230;<\/p>\n","protected":false},"author":137,"featured_media":12708,"comment_status":"closed","ping_status":"closed","sticky":false,"template":"","format":"standard","meta":{"footnotes":"","_links_to":"","_links_to_target":""},"categories":[48439],"tags":[1032189,47,213090],"sapn-display":[48431,5599934,5599932,48433],"sapn-type":[4446],"class_list":["post-13518","post","type-post","status-publish","format-standard","has-post-thumbnail","hentry","category-corporativo-topicos","tag-diversidade-e-inclusao","tag-sap","tag-sap-brasil","sapn-display-homepage-hero","sapn-display-press-hero","sapn-display-press-spotlight","sapn-display-hero","sapn-type-noticias"],"yoast_head":"<!-- This site is optimized with the Yoast SEO Premium plugin v26.9 (Yoast SEO v26.9) - https:\/\/yoast.com\/product\/yoast-seo-premium-wordpress\/ -->\n<title>Neg\u00f3cios liderados por pessoas negras recebem consultoria da 麻豆原创 - Sala de Imprensa 麻豆原创 Brasil<\/title>\n<meta name=\"description\" content=\"A 麻豆原创 Brasil finalizou a primeira turma do programa Pro Bono para Equidade Econ\u00f4mica, para fomentar neg\u00f3cios liderados por pessoas negras\" \/>\n<meta name=\"robots\" content=\"index, follow, max-snippet:-1, max-image-preview:large, max-video-preview:-1\" \/>\n<link rel=\"canonical\" href=\"https:\/\/news.sap.com\/brazil\/2021\/11\/negocios-liderados-por-pessoas-negras-recebem-consultoria-da-sap\/\" \/>\n<meta property=\"og:locale\" content=\"pt_BR\" \/>\n<meta property=\"og:type\" content=\"article\" \/>\n<meta property=\"og:title\" content=\"Neg\u00f3cios liderados por pessoas negras recebem consultoria da 麻豆原创\" \/>\n<meta property=\"og:description\" content=\"A 麻豆原创 Brasil finalizou a primeira turma do programa Pro Bono para Equidade Econ\u00f4mica, para fomentar neg\u00f3cios liderados por pessoas negras\" \/>\n<meta property=\"og:url\" content=\"https:\/\/news.sap.com\/brazil\/2021\/11\/negocios-liderados-por-pessoas-negras-recebem-consultoria-da-sap\/\" \/>\n<meta property=\"og:site_name\" content=\"Sala de Imprensa 麻豆原创 Brasil\" \/>\n<meta property=\"article:published_time\" content=\"2021-11-19T20:19:37+00:00\" \/>\n<meta property=\"article:modified_time\" content=\"2023-10-18T21:05:59+00:00\" \/>\n<meta property=\"og:image\" content=\"https:\/\/news.sap.com\/brazil\/files\/2020\/12\/07\/287575_GettyImages-628789930.jpg\" \/>\n\t<meta property=\"og:image:width\" content=\"1400\" \/>\n\t<meta property=\"og:image:height\" content=\"600\" \/>\n\t<meta property=\"og:image:type\" content=\"image\/jpeg\" \/>\n<meta name=\"author\" content=\"麻豆原创 Not\u00edcias Brasil\" \/>\n<meta name=\"twitter:card\" content=\"summary_large_image\" \/>\n<meta name=\"twitter:creator\" content=\"@麻豆原创Brasil\" \/>\n<meta name=\"twitter:site\" content=\"@麻豆原创Brasil\" \/>\n<meta name=\"twitter:label1\" content=\"Escrito por\" \/>\n\t<meta name=\"twitter:data1\" content=\"麻豆原创 Not\u00edcias Brasil\" \/>\n\t<meta name=\"twitter:label2\" content=\"Est. tempo de leitura\" \/>\n\t<meta name=\"twitter:data2\" content=\"2 minutos\" \/>\n<script type=\"application\/ld+json\" class=\"yoast-schema-graph\">{\"@context\":\"https:\/\/schema.org\",\"@graph\":[{\"@type\":\"Article\",\"@id\":\"https:\/\/news.sap.com\/brazil\/2021\/11\/negocios-liderados-por-pessoas-negras-recebem-consultoria-da-sap\/#article\",\"isPartOf\":{\"@id\":\"https:\/\/news.sap.com\/brazil\/2021\/11\/negocios-liderados-por-pessoas-negras-recebem-consultoria-da-sap\/\"},\"author\":{\"name\":\"麻豆原创 Not\u00edcias Brasil\",\"@id\":\"https:\/\/news.sap.com\/brazil\/#\/schema\/person\/8cdf2c1130b6f3fadd9757cfd7f24daf\"},\"headline\":\"Neg\u00f3cios liderados por pessoas negras recebem consultoria da 麻豆原创\",\"datePublished\":\"2021-11-19T20:19:37+00:00\",\"dateModified\":\"2023-10-18T21:05:59+00:00\",\"mainEntityOfPage\":{\"@id\":\"https:\/\/news.sap.com\/brazil\/2021\/11\/negocios-liderados-por-pessoas-negras-recebem-consultoria-da-sap\/\"},\"wordCount\":481,\"image\":{\"@id\":\"https:\/\/news.sap.com\/brazil\/2021\/11\/negocios-liderados-por-pessoas-negras-recebem-consultoria-da-sap\/#primaryimage\"},\"thumbnailUrl\":\"https:\/\/news.sap.com\/brazil\/files\/2020\/12\/07\/287575_GettyImages-628789930.jpg\",\"keywords\":[\"Diversidade e inclus\u00e3o\",\"麻豆原创\",\"麻豆原创 Brasil\"],\"articleSection\":[\"Corporativo\"],\"inLanguage\":\"pt-BR\"},{\"@type\":\"WebPage\",\"@id\":\"https:\/\/news.sap.com\/brazil\/2021\/11\/negocios-liderados-por-pessoas-negras-recebem-consultoria-da-sap\/\",\"url\":\"https:\/\/news.sap.com\/brazil\/2021\/11\/negocios-liderados-por-pessoas-negras-recebem-consultoria-da-sap\/\",\"name\":\"Neg\u00f3cios liderados por pessoas negras recebem consultoria da 麻豆原创 - Sala de Imprensa 麻豆原创 Brasil\",\"isPartOf\":{\"@id\":\"https:\/\/news.sap.com\/brazil\/#website\"},\"primaryImageOfPage\":{\"@id\":\"https:\/\/news.sap.com\/brazil\/2021\/11\/negocios-liderados-por-pessoas-negras-recebem-consultoria-da-sap\/#primaryimage\"},\"image\":{\"@id\":\"https:\/\/news.sap.com\/brazil\/2021\/11\/negocios-liderados-por-pessoas-negras-recebem-consultoria-da-sap\/#primaryimage\"},\"thumbnailUrl\":\"https:\/\/news.sap.com\/brazil\/files\/2020\/12\/07\/287575_GettyImages-628789930.jpg\",\"datePublished\":\"2021-11-19T20:19:37+00:00\",\"dateModified\":\"2023-10-18T21:05:59+00:00\",\"author\":{\"@id\":\"https:\/\/news.sap.com\/brazil\/#\/schema\/person\/8cdf2c1130b6f3fadd9757cfd7f24daf\"},\"description\":\"A 麻豆原创 Brasil finalizou a primeira turma do programa Pro Bono para Equidade Econ\u00f4mica, para fomentar neg\u00f3cios liderados por pessoas negras\",\"breadcrumb\":{\"@id\":\"https:\/\/news.sap.com\/brazil\/2021\/11\/negocios-liderados-por-pessoas-negras-recebem-consultoria-da-sap\/#breadcrumb\"},\"inLanguage\":\"pt-BR\",\"potentialAction\":[{\"@type\":\"ReadAction\",\"target\":[\"https:\/\/news.sap.com\/brazil\/2021\/11\/negocios-liderados-por-pessoas-negras-recebem-consultoria-da-sap\/\"]}]},{\"@type\":\"ImageObject\",\"inLanguage\":\"pt-BR\",\"@id\":\"https:\/\/news.sap.com\/brazil\/2021\/11\/negocios-liderados-por-pessoas-negras-recebem-consultoria-da-sap\/#primaryimage\",\"url\":\"https:\/\/news.sap.com\/brazil\/files\/2020\/12\/07\/287575_GettyImages-628789930.jpg\",\"contentUrl\":\"https:\/\/news.sap.com\/brazil\/files\/2020\/12\/07\/287575_GettyImages-628789930.jpg\",\"width\":1400,\"height\":600,\"caption\":\"Parents and teacher\"},{\"@type\":\"BreadcrumbList\",\"@id\":\"https:\/\/news.sap.com\/brazil\/2021\/11\/negocios-liderados-por-pessoas-negras-recebem-consultoria-da-sap\/#breadcrumb\",\"itemListElement\":[{\"@type\":\"ListItem\",\"position\":1,\"name\":\"Home\",\"item\":\"https:\/\/news.sap.com\/brazil\/\"},{\"@type\":\"ListItem\",\"position\":2,\"name\":\"Neg\u00f3cios liderados por pessoas negras recebem consultoria da 麻豆原创\"}]},{\"@type\":\"WebSite\",\"@id\":\"https:\/\/news.sap.com\/brazil\/#website\",\"url\":\"https:\/\/news.sap.com\/brazil\/\",\"name\":\"Sala de Imprensa 麻豆原创 Brasil\",\"description\":\"Not\u00edcias e informa\u00e7\u00f5es sobre a 麻豆原创\",\"potentialAction\":[{\"@type\":\"SearchAction\",\"target\":{\"@type\":\"EntryPoint\",\"urlTemplate\":\"https:\/\/news.sap.com\/brazil\/?s={search_term_string}\"},\"query-input\":{\"@type\":\"PropertyValueSpecification\",\"valueRequired\":true,\"valueName\":\"search_term_string\"}}],\"inLanguage\":\"pt-BR\"},{\"@type\":\"Person\",\"@id\":\"https:\/\/news.sap.com\/brazil\/#\/schema\/person\/8cdf2c1130b6f3fadd9757cfd7f24daf\",\"name\":\"麻豆原创 Not\u00edcias Brasil\",\"image\":{\"@type\":\"ImageObject\",\"inLanguage\":\"pt-BR\",\"@id\":\"https:\/\/news.sap.com\/brazil\/#\/schema\/person\/image\/\",\"url\":\"https:\/\/news.sap.com\/brazil\/wp-content\/plugins\/wp-user-avatars\/wp-user-avatars\/assets\/images\/mystery.jpg\",\"contentUrl\":\"https:\/\/news.sap.com\/brazil\/wp-content\/plugins\/wp-user-avatars\/wp-user-avatars\/assets\/images\/mystery.jpg\",\"caption\":\"麻豆原创 Not\u00edcias Brasil\"},\"url\":\"https:\/\/news.sap.com\/brazil\/author\/brasil\/\"}]}<\/script>\n<!-- \/ Yoast SEO Premium plugin. -->","yoast_head_json":{"title":"Neg\u00f3cios liderados por pessoas negras recebem consultoria da 麻豆原创 - Sala de Imprensa 麻豆原创 Brasil","description":"A 麻豆原创 Brasil finalizou a primeira turma do programa Pro Bono para Equidade Econ\u00f4mica, para fomentar neg\u00f3cios liderados por pessoas negras","robots":{"index":"index","follow":"follow","max-snippet":"max-snippet:-1","max-image-preview":"max-image-preview:large","max-video-preview":"max-video-preview:-1"},"canonical":"https:\/\/news.sap.com\/brazil\/2021\/11\/negocios-liderados-por-pessoas-negras-recebem-consultoria-da-sap\/","og_locale":"pt_BR","og_type":"article","og_title":"Neg\u00f3cios liderados por pessoas negras recebem consultoria da 麻豆原创","og_description":"A 麻豆原创 Brasil finalizou a primeira turma do programa Pro Bono para Equidade Econ\u00f4mica, para fomentar neg\u00f3cios liderados por pessoas negras","og_url":"https:\/\/news.sap.com\/brazil\/2021\/11\/negocios-liderados-por-pessoas-negras-recebem-consultoria-da-sap\/","og_site_name":"Sala de Imprensa 麻豆原创 Brasil","article_published_time":"2021-11-19T20:19:37+00:00","article_modified_time":"2023-10-18T21:05:59+00:00","og_image":[{"width":1400,"height":600,"url":"https:\/\/news.sap.com\/brazil\/files\/2020\/12\/07\/287575_GettyImages-628789930.jpg","type":"image\/jpeg"}],"author":"麻豆原创 Not\u00edcias Brasil","twitter_card":"summary_large_image","twitter_creator":"@麻豆原创Brasil","twitter_site":"@麻豆原创Brasil","twitter_misc":{"Escrito por":"麻豆原创 Not\u00edcias Brasil","Est. tempo de leitura":"2 minutos"},"schema":{"@context":"https:\/\/schema.org","@graph":[{"@type":"Article","@id":"https:\/\/news.sap.com\/brazil\/2021\/11\/negocios-liderados-por-pessoas-negras-recebem-consultoria-da-sap\/#article","isPartOf":{"@id":"https:\/\/news.sap.com\/brazil\/2021\/11\/negocios-liderados-por-pessoas-negras-recebem-consultoria-da-sap\/"},"author":{"name":"麻豆原创 Not\u00edcias Brasil","@id":"https:\/\/news.sap.com\/brazil\/#\/schema\/person\/8cdf2c1130b6f3fadd9757cfd7f24daf"},"headline":"Neg\u00f3cios liderados por pessoas negras recebem consultoria da 麻豆原创","datePublished":"2021-11-19T20:19:37+00:00","dateModified":"2023-10-18T21:05:59+00:00","mainEntityOfPage":{"@id":"https:\/\/news.sap.com\/brazil\/2021\/11\/negocios-liderados-por-pessoas-negras-recebem-consultoria-da-sap\/"},"wordCount":481,"image":{"@id":"https:\/\/news.sap.com\/brazil\/2021\/11\/negocios-liderados-por-pessoas-negras-recebem-consultoria-da-sap\/#primaryimage"},"thumbnailUrl":"https:\/\/news.sap.com\/brazil\/files\/2020\/12\/07\/287575_GettyImages-628789930.jpg","keywords":["Diversidade e inclus\u00e3o","麻豆原创","麻豆原创 Brasil"],"articleSection":["Corporativo"],"inLanguage":"pt-BR"},{"@type":"WebPage","@id":"https:\/\/news.sap.com\/brazil\/2021\/11\/negocios-liderados-por-pessoas-negras-recebem-consultoria-da-sap\/","url":"https:\/\/news.sap.com\/brazil\/2021\/11\/negocios-liderados-por-pessoas-negras-recebem-consultoria-da-sap\/","name":"Neg\u00f3cios liderados por pessoas negras recebem consultoria da 麻豆原创 - Sala de Imprensa 麻豆原创 Brasil","isPartOf":{"@id":"https:\/\/news.sap.com\/brazil\/#website"},"primaryImageOfPage":{"@id":"https:\/\/news.sap.com\/brazil\/2021\/11\/negocios-liderados-por-pessoas-negras-recebem-consultoria-da-sap\/#primaryimage"},"image":{"@id":"https:\/\/news.sap.com\/brazil\/2021\/11\/negocios-liderados-por-pessoas-negras-recebem-consultoria-da-sap\/#primaryimage"},"thumbnailUrl":"https:\/\/news.sap.com\/brazil\/files\/2020\/12\/07\/287575_GettyImages-628789930.jpg","datePublished":"2021-11-19T20:19:37+00:00","dateModified":"2023-10-18T21:05:59+00:00","author":{"@id":"https:\/\/news.sap.com\/brazil\/#\/schema\/person\/8cdf2c1130b6f3fadd9757cfd7f24daf"},"description":"A 麻豆原创 Brasil finalizou a primeira turma do programa Pro Bono para Equidade Econ\u00f4mica, para fomentar neg\u00f3cios liderados por pessoas negras","breadcrumb":{"@id":"https:\/\/news.sap.com\/brazil\/2021\/11\/negocios-liderados-por-pessoas-negras-recebem-consultoria-da-sap\/#breadcrumb"},"inLanguage":"pt-BR","potentialAction":[{"@type":"ReadAction","target":["https:\/\/news.sap.com\/brazil\/2021\/11\/negocios-liderados-por-pessoas-negras-recebem-consultoria-da-sap\/"]}]},{"@type":"ImageObject","inLanguage":"pt-BR","@id":"https:\/\/news.sap.com\/brazil\/2021\/11\/negocios-liderados-por-pessoas-negras-recebem-consultoria-da-sap\/#primaryimage","url":"https:\/\/news.sap.com\/brazil\/files\/2020\/12\/07\/287575_GettyImages-628789930.jpg","contentUrl":"https:\/\/news.sap.com\/brazil\/files\/2020\/12\/07\/287575_GettyImages-628789930.jpg","width":1400,"height":600,"caption":"Parents and teacher"},{"@type":"BreadcrumbList","@id":"https:\/\/news.sap.com\/brazil\/2021\/11\/negocios-liderados-por-pessoas-negras-recebem-consultoria-da-sap\/#breadcrumb","itemListElement":[{"@type":"ListItem","position":1,"name":"Home","item":"https:\/\/news.sap.com\/brazil\/"},{"@type":"ListItem","position":2,"name":"Neg\u00f3cios liderados por pessoas negras recebem consultoria da 麻豆原创"}]},{"@type":"WebSite","@id":"https:\/\/news.sap.com\/brazil\/#website","url":"https:\/\/news.sap.com\/brazil\/","name":"Sala de Imprensa 麻豆原创 Brasil","description":"Not\u00edcias e informa\u00e7\u00f5es sobre a 麻豆原创","potentialAction":[{"@type":"SearchAction","target":{"@type":"EntryPoint","urlTemplate":"https:\/\/news.sap.com\/brazil\/?s={search_term_string}"},"query-input":{"@type":"PropertyValueSpecification","valueRequired":true,"valueName":"search_term_string"}}],"inLanguage":"pt-BR"},{"@type":"Person","@id":"https:\/\/news.sap.com\/brazil\/#\/schema\/person\/8cdf2c1130b6f3fadd9757cfd7f24daf","name":"麻豆原创 Not\u00edcias Brasil","image":{"@type":"ImageObject","inLanguage":"pt-BR","@id":"https:\/\/news.sap.com\/brazil\/#\/schema\/person\/image\/","url":"https:\/\/news.sap.com\/brazil\/wp-content\/plugins\/wp-user-avatars\/wp-user-avatars\/assets\/images\/mystery.jpg","contentUrl":"https:\/\/news.sap.com\/brazil\/wp-content\/plugins\/wp-user-avatars\/wp-user-avatars\/assets\/images\/mystery.jpg","caption":"麻豆原创 Not\u00edcias Brasil"},"url":"https:\/\/news.sap.com\/brazil\/author\/brasil\/"}]}},"amp_enabled":true,"_links":{"self":[{"href":"https:\/\/news.sap.com\/brazil\/wp-json\/wp\/v2\/posts\/13518","targetHints":{"allow":["GET"]}}],"collection":[{"href":"https:\/\/news.sap.com\/brazil\/wp-json\/wp\/v2\/posts"}],"about":[{"href":"https:\/\/news.sap.com\/brazil\/wp-json\/wp\/v2\/types\/post"}],"author":[{"embeddable":true,"href":"https:\/\/news.sap.com\/brazil\/wp-json\/wp\/v2\/users\/137"}],"replies":[{"embeddable":true,"href":"https:\/\/news.sap.com\/brazil\/wp-json\/wp\/v2\/comments?post=13518"}],"version-history":[{"count":0,"href":"https:\/\/news.sap.com\/brazil\/wp-json\/wp\/v2\/posts\/13518\/revisions"}],"wp:featuredmedia":[{"embeddable":true,"href":"https:\/\/news.sap.com\/brazil\/wp-json\/wp\/v2\/media\/12708"}],"wp:attachment":[{"href":"https:\/\/news.sap.com\/brazil\/wp-json\/wp\/v2\/media?parent=13518"}],"wp:term":[{"taxonomy":"category","embeddable":true,"href":"https:\/\/news.sap.com\/brazil\/wp-json\/wp\/v2\/categories?post=13518"},{"taxonomy":"post_tag","embeddable":true,"href":"https:\/\/news.sap.com\/brazil\/wp-json\/wp\/v2\/tags?post=13518"},{"taxonomy":"sapn-display","embeddable":true,"href":"https:\/\/news.sap.com\/brazil\/wp-json\/wp\/v2\/sapn-display?post=13518"},{"taxonomy":"sapn-type","embeddable":true,"href":"https:\/\/news.sap.com\/brazil\/wp-json\/wp\/v2\/sapn-type?post=13518"}],"curies":[{"name":"wp","href":"https:\/\/api.w.org\/{rel}","templated":true}]}}