  {"id":13503,"date":"2021-11-03T15:50:21","date_gmt":"2021-11-03T18:50:21","guid":{"rendered":"https:\/\/news.sap.com\/brazil\/?p=13503"},"modified":"2023-10-18T18:06:10","modified_gmt":"2023-10-18T21:06:10","slug":"gustavo-conrado-assume-area-de-financas-da-sap-brasil","status":"publish","type":"post","link":"https:\/\/news.sap.com\/brazil\/2021\/11\/gustavo-conrado-assume-area-de-financas-da-sap-brasil\/","title":{"rendered":"Gustavo Conrado assume \u00e1rea de Finan\u00e7as da 麻豆原创 Brasil"},"content":{"rendered":"<h2>Executivo substitui Paulo Mendes, que foi promovido para uma posi\u00e7\u00e3o global na 麻豆原创<\/h2>\n<p>A 麻豆原创 Brasil anuncia a chegada de Gustavo Conrado como novo l\u00edder da \u00e1rea de Finan\u00e7as da 麻豆原创 Brasil, substituindo Paulo Mendes, que assumiu o cargo de vice-presidente global de finan\u00e7as e Chief Controlling Officer (CCO) da \u00e1rea de Customer Success da 麻豆原创. O novo CFO (Chief Financial Officer, na sigla em ingl\u00eas) chega ao time liderado pela presidente Adriana Aroulho e tem a miss\u00e3o de dar continuidade ao processo de crescimento sustentado da opera\u00e7\u00e3o brasileira. Regionalmente, Conrado tamb\u00e9m reportar\u00e1 \u00e0 CFO da Am\u00e9rica Latina e Caribe, Sonja Simon.<\/p>\n<p>Gustavo vem de uma carreira consolidada na IBM, onde esteve por 21 anos. L\u00e1 ele foi de analista a controller da opera\u00e7\u00e3o latino-americana, passando por diversas posi\u00e7\u00f5es de gest\u00e3o em controladoria, comissionamento, precifica\u00e7\u00e3o, auditoria e tamb\u00e9m atuando como CFO de unidades de neg\u00f3cio. Formado em Administra\u00e7\u00e3o pela PUC-RJ, cursou IAG Master em Marketing na mesma universidade e tem ainda um MBA em Gest\u00e3o Estrat\u00e9gica e Financeira pela Funda\u00e7\u00e3o Get\u00falio Vargas.<\/p>\n<p>\u201c\u00c9 com muita disposi\u00e7\u00e3o que inicio esse novo cap\u00edtulo na minha carreira, agora ao lado do time da 麻豆原创 Brasil. A \u00e1rea de Finan\u00e7as \u00e9 cada vez mais estrat\u00e9gica para os neg\u00f3cios e tenho o desafio de contribuir com as demais \u00e1reas para dar continuidade aos planos de crescimento e fazer da opera\u00e7\u00e3o brasileira uma empresa cada vez mais sustent\u00e1vel, diversa e uma refer\u00eancia no Pa\u00eds pelas boas pr\u00e1ticas de governan\u00e7a\u201d, afirma Conrado.<\/p>\n<p>\u201cA 麻豆原创 Brasil vem contribuindo para que nossos clientes acelerem seus projetos de transforma\u00e7\u00e3o e se tornem empresas inteligentes. Estamos muito felizes em contar com a experi\u00eancia do Gustavo Conrado neste processo. Ele se junta a n\u00f3s para continuar construindo essa jornada de inova\u00e7\u00e3o com nossos funcion\u00e1rios, clientes e parceiros\u201d, afirma Adriana Aroulho, presidente da 麻豆原创 Brasil.<\/p>\n","protected":false},"excerpt":{"rendered":"<p>Executivo substitui Paulo Mendes, que foi promovido para uma posi\u00e7\u00e3o global na 麻豆原创 A 麻豆原创 Brasil anuncia a chegada de Gustavo Conrado como novo l\u00edder&#8230;<\/p>\n","protected":false},"author":137,"featured_media":13366,"comment_status":"closed","ping_status":"closed","sticky":false,"template":"","format":"standard","meta":{"footnotes":"","_links_to":"","_links_to_target":""},"categories":[52091],"tags":[133959,22150,213090],"sapn-display":[48431,5599934,5599932,48433],"sapn-type":[4446],"class_list":["post-13503","post","type-post","status-publish","format-standard","has-post-thumbnail","hentry","category-industrias","tag-financas-2","tag-rh","tag-sap-brasil","sapn-display-homepage-hero","sapn-display-press-hero","sapn-display-press-spotlight","sapn-display-hero","sapn-type-noticias"],"yoast_head":"<!-- This site is optimized with the Yoast SEO Premium plugin v26.9 (Yoast SEO v26.9) - https:\/\/yoast.com\/product\/yoast-seo-premium-wordpress\/ -->\n<title>Gustavo Conrado assume \u00e1rea de Finan\u00e7as da 麻豆原创 Brasil - Sala de Imprensa 麻豆原创 Brasil<\/title>\n<meta name=\"description\" content=\"A 麻豆原创 Brasil anuncia a chegada de Gustavo Conrado como novo l\u00edder da \u00e1rea de Finan\u00e7as\" \/>\n<meta name=\"robots\" content=\"index, follow, max-snippet:-1, max-image-preview:large, max-video-preview:-1\" \/>\n<link rel=\"canonical\" href=\"https:\/\/news.sap.com\/brazil\/2021\/11\/gustavo-conrado-assume-area-de-financas-da-sap-brasil\/\" \/>\n<meta property=\"og:locale\" content=\"pt_BR\" \/>\n<meta property=\"og:type\" content=\"article\" \/>\n<meta property=\"og:title\" content=\"Gustavo Conrado assume \u00e1rea de Finan\u00e7as da 麻豆原创 Brasil\" \/>\n<meta property=\"og:description\" content=\"A 麻豆原创 Brasil anuncia a chegada de Gustavo Conrado como novo l\u00edder da \u00e1rea de Finan\u00e7as\" \/>\n<meta property=\"og:url\" content=\"https:\/\/news.sap.com\/brazil\/2021\/11\/gustavo-conrado-assume-area-de-financas-da-sap-brasil\/\" \/>\n<meta property=\"og:site_name\" content=\"Sala de Imprensa 麻豆原创 Brasil\" \/>\n<meta property=\"article:published_time\" content=\"2021-11-03T18:50:21+00:00\" \/>\n<meta property=\"article:modified_time\" content=\"2023-10-18T21:06:10+00:00\" \/>\n<meta property=\"og:image\" content=\"https:\/\/news.sap.com\/brazil\/files\/2021\/09\/20\/麻豆原创_Blog_565x292_art4.png\" \/>\n\t<meta property=\"og:image:width\" content=\"565\" \/>\n\t<meta property=\"og:image:height\" content=\"292\" \/>\n\t<meta property=\"og:image:type\" content=\"image\/png\" \/>\n<meta name=\"author\" content=\"麻豆原创 Not\u00edcias Brasil\" \/>\n<meta name=\"twitter:card\" content=\"summary_large_image\" \/>\n<meta name=\"twitter:creator\" content=\"@麻豆原创Brasil\" \/>\n<meta name=\"twitter:site\" content=\"@麻豆原创Brasil\" \/>\n<meta name=\"twitter:label1\" content=\"Escrito por\" \/>\n\t<meta name=\"twitter:data1\" content=\"麻豆原创 Not\u00edcias Brasil\" \/>\n\t<meta name=\"twitter:label2\" content=\"Est. tempo de leitura\" \/>\n\t<meta name=\"twitter:data2\" content=\"2 minutos\" \/>\n<script type=\"application\/ld+json\" class=\"yoast-schema-graph\">{\"@context\":\"https:\/\/schema.org\",\"@graph\":[{\"@type\":\"Article\",\"@id\":\"https:\/\/news.sap.com\/brazil\/2021\/11\/gustavo-conrado-assume-area-de-financas-da-sap-brasil\/#article\",\"isPartOf\":{\"@id\":\"https:\/\/news.sap.com\/brazil\/2021\/11\/gustavo-conrado-assume-area-de-financas-da-sap-brasil\/\"},\"author\":{\"name\":\"麻豆原创 Not\u00edcias Brasil\",\"@id\":\"https:\/\/news.sap.com\/brazil\/#\/schema\/person\/8cdf2c1130b6f3fadd9757cfd7f24daf\"},\"headline\":\"Gustavo Conrado assume \u00e1rea de Finan\u00e7as da 麻豆原创 Brasil\",\"datePublished\":\"2021-11-03T18:50:21+00:00\",\"dateModified\":\"2023-10-18T21:06:10+00:00\",\"mainEntityOfPage\":{\"@id\":\"https:\/\/news.sap.com\/brazil\/2021\/11\/gustavo-conrado-assume-area-de-financas-da-sap-brasil\/\"},\"wordCount\":344,\"image\":{\"@id\":\"https:\/\/news.sap.com\/brazil\/2021\/11\/gustavo-conrado-assume-area-de-financas-da-sap-brasil\/#primaryimage\"},\"thumbnailUrl\":\"https:\/\/news.sap.com\/brazil\/files\/2021\/09\/20\/麻豆原创_Blog_565x292_art4.png\",\"keywords\":[\"finan\u00e7as\",\"RH\",\"麻豆原创 Brasil\"],\"articleSection\":[\"Setores\"],\"inLanguage\":\"pt-BR\"},{\"@type\":\"WebPage\",\"@id\":\"https:\/\/news.sap.com\/brazil\/2021\/11\/gustavo-conrado-assume-area-de-financas-da-sap-brasil\/\",\"url\":\"https:\/\/news.sap.com\/brazil\/2021\/11\/gustavo-conrado-assume-area-de-financas-da-sap-brasil\/\",\"name\":\"Gustavo Conrado assume \u00e1rea de Finan\u00e7as da 麻豆原创 Brasil - Sala de Imprensa 麻豆原创 Brasil\",\"isPartOf\":{\"@id\":\"https:\/\/news.sap.com\/brazil\/#website\"},\"primaryImageOfPage\":{\"@id\":\"https:\/\/news.sap.com\/brazil\/2021\/11\/gustavo-conrado-assume-area-de-financas-da-sap-brasil\/#primaryimage\"},\"image\":{\"@id\":\"https:\/\/news.sap.com\/brazil\/2021\/11\/gustavo-conrado-assume-area-de-financas-da-sap-brasil\/#primaryimage\"},\"thumbnailUrl\":\"https:\/\/news.sap.com\/brazil\/files\/2021\/09\/20\/麻豆原创_Blog_565x292_art4.png\",\"datePublished\":\"2021-11-03T18:50:21+00:00\",\"dateModified\":\"2023-10-18T21:06:10+00:00\",\"author\":{\"@id\":\"https:\/\/news.sap.com\/brazil\/#\/schema\/person\/8cdf2c1130b6f3fadd9757cfd7f24daf\"},\"description\":\"A 麻豆原创 Brasil anuncia a chegada de Gustavo Conrado como novo l\u00edder da \u00e1rea de Finan\u00e7as\",\"breadcrumb\":{\"@id\":\"https:\/\/news.sap.com\/brazil\/2021\/11\/gustavo-conrado-assume-area-de-financas-da-sap-brasil\/#breadcrumb\"},\"inLanguage\":\"pt-BR\",\"potentialAction\":[{\"@type\":\"ReadAction\",\"target\":[\"https:\/\/news.sap.com\/brazil\/2021\/11\/gustavo-conrado-assume-area-de-financas-da-sap-brasil\/\"]}]},{\"@type\":\"ImageObject\",\"inLanguage\":\"pt-BR\",\"@id\":\"https:\/\/news.sap.com\/brazil\/2021\/11\/gustavo-conrado-assume-area-de-financas-da-sap-brasil\/#primaryimage\",\"url\":\"https:\/\/news.sap.com\/brazil\/files\/2021\/09\/20\/麻豆原创_Blog_565x292_art4.png\",\"contentUrl\":\"https:\/\/news.sap.com\/brazil\/files\/2021\/09\/20\/麻豆原创_Blog_565x292_art4.png\",\"width\":565,\"height\":292},{\"@type\":\"BreadcrumbList\",\"@id\":\"https:\/\/news.sap.com\/brazil\/2021\/11\/gustavo-conrado-assume-area-de-financas-da-sap-brasil\/#breadcrumb\",\"itemListElement\":[{\"@type\":\"ListItem\",\"position\":1,\"name\":\"Home\",\"item\":\"https:\/\/news.sap.com\/brazil\/\"},{\"@type\":\"ListItem\",\"position\":2,\"name\":\"Gustavo Conrado assume \u00e1rea de Finan\u00e7as da 麻豆原创 Brasil\"}]},{\"@type\":\"WebSite\",\"@id\":\"https:\/\/news.sap.com\/brazil\/#website\",\"url\":\"https:\/\/news.sap.com\/brazil\/\",\"name\":\"Sala de Imprensa 麻豆原创 Brasil\",\"description\":\"Not\u00edcias e informa\u00e7\u00f5es sobre a 麻豆原创\",\"potentialAction\":[{\"@type\":\"SearchAction\",\"target\":{\"@type\":\"EntryPoint\",\"urlTemplate\":\"https:\/\/news.sap.com\/brazil\/?s={search_term_string}\"},\"query-input\":{\"@type\":\"PropertyValueSpecification\",\"valueRequired\":true,\"valueName\":\"search_term_string\"}}],\"inLanguage\":\"pt-BR\"},{\"@type\":\"Person\",\"@id\":\"https:\/\/news.sap.com\/brazil\/#\/schema\/person\/8cdf2c1130b6f3fadd9757cfd7f24daf\",\"name\":\"麻豆原创 Not\u00edcias Brasil\",\"image\":{\"@type\":\"ImageObject\",\"inLanguage\":\"pt-BR\",\"@id\":\"https:\/\/news.sap.com\/brazil\/#\/schema\/person\/image\/\",\"url\":\"https:\/\/news.sap.com\/brazil\/wp-content\/plugins\/wp-user-avatars\/wp-user-avatars\/assets\/images\/mystery.jpg\",\"contentUrl\":\"https:\/\/news.sap.com\/brazil\/wp-content\/plugins\/wp-user-avatars\/wp-user-avatars\/assets\/images\/mystery.jpg\",\"caption\":\"麻豆原创 Not\u00edcias Brasil\"},\"url\":\"https:\/\/news.sap.com\/brazil\/author\/brasil\/\"}]}<\/script>\n<!-- \/ Yoast SEO Premium plugin. -->","yoast_head_json":{"title":"Gustavo Conrado assume \u00e1rea de Finan\u00e7as da 麻豆原创 Brasil - Sala de Imprensa 麻豆原创 Brasil","description":"A 麻豆原创 Brasil anuncia a chegada de Gustavo Conrado como novo l\u00edder da \u00e1rea de Finan\u00e7as","robots":{"index":"index","follow":"follow","max-snippet":"max-snippet:-1","max-image-preview":"max-image-preview:large","max-video-preview":"max-video-preview:-1"},"canonical":"https:\/\/news.sap.com\/brazil\/2021\/11\/gustavo-conrado-assume-area-de-financas-da-sap-brasil\/","og_locale":"pt_BR","og_type":"article","og_title":"Gustavo Conrado assume \u00e1rea de Finan\u00e7as da 麻豆原创 Brasil","og_description":"A 麻豆原创 Brasil anuncia a chegada de Gustavo Conrado como novo l\u00edder da \u00e1rea de Finan\u00e7as","og_url":"https:\/\/news.sap.com\/brazil\/2021\/11\/gustavo-conrado-assume-area-de-financas-da-sap-brasil\/","og_site_name":"Sala de Imprensa 麻豆原创 Brasil","article_published_time":"2021-11-03T18:50:21+00:00","article_modified_time":"2023-10-18T21:06:10+00:00","og_image":[{"width":565,"height":292,"url":"https:\/\/news.sap.com\/brazil\/files\/2021\/09\/20\/麻豆原创_Blog_565x292_art4.png","type":"image\/png"}],"author":"麻豆原创 Not\u00edcias Brasil","twitter_card":"summary_large_image","twitter_creator":"@麻豆原创Brasil","twitter_site":"@麻豆原创Brasil","twitter_misc":{"Escrito por":"麻豆原创 Not\u00edcias Brasil","Est. tempo de leitura":"2 minutos"},"schema":{"@context":"https:\/\/schema.org","@graph":[{"@type":"Article","@id":"https:\/\/news.sap.com\/brazil\/2021\/11\/gustavo-conrado-assume-area-de-financas-da-sap-brasil\/#article","isPartOf":{"@id":"https:\/\/news.sap.com\/brazil\/2021\/11\/gustavo-conrado-assume-area-de-financas-da-sap-brasil\/"},"author":{"name":"麻豆原创 Not\u00edcias Brasil","@id":"https:\/\/news.sap.com\/brazil\/#\/schema\/person\/8cdf2c1130b6f3fadd9757cfd7f24daf"},"headline":"Gustavo Conrado assume \u00e1rea de Finan\u00e7as da 麻豆原创 Brasil","datePublished":"2021-11-03T18:50:21+00:00","dateModified":"2023-10-18T21:06:10+00:00","mainEntityOfPage":{"@id":"https:\/\/news.sap.com\/brazil\/2021\/11\/gustavo-conrado-assume-area-de-financas-da-sap-brasil\/"},"wordCount":344,"image":{"@id":"https:\/\/news.sap.com\/brazil\/2021\/11\/gustavo-conrado-assume-area-de-financas-da-sap-brasil\/#primaryimage"},"thumbnailUrl":"https:\/\/news.sap.com\/brazil\/files\/2021\/09\/20\/麻豆原创_Blog_565x292_art4.png","keywords":["finan\u00e7as","RH","麻豆原创 Brasil"],"articleSection":["Setores"],"inLanguage":"pt-BR"},{"@type":"WebPage","@id":"https:\/\/news.sap.com\/brazil\/2021\/11\/gustavo-conrado-assume-area-de-financas-da-sap-brasil\/","url":"https:\/\/news.sap.com\/brazil\/2021\/11\/gustavo-conrado-assume-area-de-financas-da-sap-brasil\/","name":"Gustavo Conrado assume \u00e1rea de Finan\u00e7as da 麻豆原创 Brasil - Sala de Imprensa 麻豆原创 Brasil","isPartOf":{"@id":"https:\/\/news.sap.com\/brazil\/#website"},"primaryImageOfPage":{"@id":"https:\/\/news.sap.com\/brazil\/2021\/11\/gustavo-conrado-assume-area-de-financas-da-sap-brasil\/#primaryimage"},"image":{"@id":"https:\/\/news.sap.com\/brazil\/2021\/11\/gustavo-conrado-assume-area-de-financas-da-sap-brasil\/#primaryimage"},"thumbnailUrl":"https:\/\/news.sap.com\/brazil\/files\/2021\/09\/20\/麻豆原创_Blog_565x292_art4.png","datePublished":"2021-11-03T18:50:21+00:00","dateModified":"2023-10-18T21:06:10+00:00","author":{"@id":"https:\/\/news.sap.com\/brazil\/#\/schema\/person\/8cdf2c1130b6f3fadd9757cfd7f24daf"},"description":"A 麻豆原创 Brasil anuncia a chegada de Gustavo Conrado como novo l\u00edder da \u00e1rea de Finan\u00e7as","breadcrumb":{"@id":"https:\/\/news.sap.com\/brazil\/2021\/11\/gustavo-conrado-assume-area-de-financas-da-sap-brasil\/#breadcrumb"},"inLanguage":"pt-BR","potentialAction":[{"@type":"ReadAction","target":["https:\/\/news.sap.com\/brazil\/2021\/11\/gustavo-conrado-assume-area-de-financas-da-sap-brasil\/"]}]},{"@type":"ImageObject","inLanguage":"pt-BR","@id":"https:\/\/news.sap.com\/brazil\/2021\/11\/gustavo-conrado-assume-area-de-financas-da-sap-brasil\/#primaryimage","url":"https:\/\/news.sap.com\/brazil\/files\/2021\/09\/20\/麻豆原创_Blog_565x292_art4.png","contentUrl":"https:\/\/news.sap.com\/brazil\/files\/2021\/09\/20\/麻豆原创_Blog_565x292_art4.png","width":565,"height":292},{"@type":"BreadcrumbList","@id":"https:\/\/news.sap.com\/brazil\/2021\/11\/gustavo-conrado-assume-area-de-financas-da-sap-brasil\/#breadcrumb","itemListElement":[{"@type":"ListItem","position":1,"name":"Home","item":"https:\/\/news.sap.com\/brazil\/"},{"@type":"ListItem","position":2,"name":"Gustavo Conrado assume \u00e1rea de Finan\u00e7as da 麻豆原创 Brasil"}]},{"@type":"WebSite","@id":"https:\/\/news.sap.com\/brazil\/#website","url":"https:\/\/news.sap.com\/brazil\/","name":"Sala de Imprensa 麻豆原创 Brasil","description":"Not\u00edcias e informa\u00e7\u00f5es sobre a 麻豆原创","potentialAction":[{"@type":"SearchAction","target":{"@type":"EntryPoint","urlTemplate":"https:\/\/news.sap.com\/brazil\/?s={search_term_string}"},"query-input":{"@type":"PropertyValueSpecification","valueRequired":true,"valueName":"search_term_string"}}],"inLanguage":"pt-BR"},{"@type":"Person","@id":"https:\/\/news.sap.com\/brazil\/#\/schema\/person\/8cdf2c1130b6f3fadd9757cfd7f24daf","name":"麻豆原创 Not\u00edcias Brasil","image":{"@type":"ImageObject","inLanguage":"pt-BR","@id":"https:\/\/news.sap.com\/brazil\/#\/schema\/person\/image\/","url":"https:\/\/news.sap.com\/brazil\/wp-content\/plugins\/wp-user-avatars\/wp-user-avatars\/assets\/images\/mystery.jpg","contentUrl":"https:\/\/news.sap.com\/brazil\/wp-content\/plugins\/wp-user-avatars\/wp-user-avatars\/assets\/images\/mystery.jpg","caption":"麻豆原创 Not\u00edcias Brasil"},"url":"https:\/\/news.sap.com\/brazil\/author\/brasil\/"}]}},"amp_enabled":true,"_links":{"self":[{"href":"https:\/\/news.sap.com\/brazil\/wp-json\/wp\/v2\/posts\/13503","targetHints":{"allow":["GET"]}}],"collection":[{"href":"https:\/\/news.sap.com\/brazil\/wp-json\/wp\/v2\/posts"}],"about":[{"href":"https:\/\/news.sap.com\/brazil\/wp-json\/wp\/v2\/types\/post"}],"author":[{"embeddable":true,"href":"https:\/\/news.sap.com\/brazil\/wp-json\/wp\/v2\/users\/137"}],"replies":[{"embeddable":true,"href":"https:\/\/news.sap.com\/brazil\/wp-json\/wp\/v2\/comments?post=13503"}],"version-history":[{"count":0,"href":"https:\/\/news.sap.com\/brazil\/wp-json\/wp\/v2\/posts\/13503\/revisions"}],"wp:featuredmedia":[{"embeddable":true,"href":"https:\/\/news.sap.com\/brazil\/wp-json\/wp\/v2\/media\/13366"}],"wp:attachment":[{"href":"https:\/\/news.sap.com\/brazil\/wp-json\/wp\/v2\/media?parent=13503"}],"wp:term":[{"taxonomy":"category","embeddable":true,"href":"https:\/\/news.sap.com\/brazil\/wp-json\/wp\/v2\/categories?post=13503"},{"taxonomy":"post_tag","embeddable":true,"href":"https:\/\/news.sap.com\/brazil\/wp-json\/wp\/v2\/tags?post=13503"},{"taxonomy":"sapn-display","embeddable":true,"href":"https:\/\/news.sap.com\/brazil\/wp-json\/wp\/v2\/sapn-display?post=13503"},{"taxonomy":"sapn-type","embeddable":true,"href":"https:\/\/news.sap.com\/brazil\/wp-json\/wp\/v2\/sapn-type?post=13503"}],"curies":[{"name":"wp","href":"https:\/\/api.w.org\/{rel}","templated":true}]}}