  {"id":13266,"date":"2021-08-12T15:16:19","date_gmt":"2021-08-12T18:16:19","guid":{"rendered":"https:\/\/news.sap.com\/brazil\/?p=13266"},"modified":"2023-10-18T18:10:51","modified_gmt":"2023-10-18T21:10:51","slug":"cooperativa-central-de-produtores-rurais-de-minas-gerais-moderniza-gestao-com-sap-s-4hana","status":"publish","type":"post","link":"https:\/\/news.sap.com\/brazil\/2021\/08\/cooperativa-central-de-produtores-rurais-de-minas-gerais-moderniza-gestao-com-sap-s-4hana\/","title":{"rendered":"Cooperativa Central de Produtores Rurais de Minas Gerais moderniza gest\u00e3o com 麻豆原创 S\/4HANA"},"content":{"rendered":"<h2><em>CCPR implementou o sistema de \u00faltima gera\u00e7\u00e3o da 麻豆原创 para avan\u00e7ar em seus projetos de inova\u00e7\u00e3o<\/em><\/h2>\n<p>A <strong>CCPR &#8211; Cooperativa Central de Produtores Rurais de Minas Gerais<\/strong>, maior cooperativa de leite do Brasil, completou um per\u00edodo de transi\u00e7\u00e3o marcado pela reestrutura\u00e7\u00e3o de suas opera\u00e7\u00f5es e a convers\u00e3o digital o para sistema de gest\u00e3o 麻豆原创 S\/4HANA.<\/p>\n<p>O projeto, que teve dura\u00e7\u00e3o total de apenas cinco meses, foi iniciado para modernizar a gest\u00e3o junto \u00e0s 32 cooperativas agropecu\u00e1rias, garantir uma base de backoffice s\u00f3lida no seu digital core e que permita alavancar os planos de inova\u00e7\u00e3o da empresa, que tem forte atua\u00e7\u00e3o nos estados de Minas Gerais e Goi\u00e1s.<\/p>\n<p>O planejamento e prepara\u00e7\u00e3o do projeto foi desenvolvimento em duas frentes, uma de defini\u00e7\u00e3o do business case e outra focada na infraestrutura tecnol\u00f3gica. \u201cO business case foi essencial nesse momento do projeto. Ele foi constru\u00eddo levando em considera\u00e7\u00e3o a experi\u00eancia de outros clientes, cases semelhantes, reuni\u00f5es com parceiros e conversas internas\u201d, afirma Daniel Paiva, Head de TI da CCPR. No caso da infraestrutura, diversos requisitos t\u00e9cnicos ligados \u00e0 convers\u00e3o foram verificados, al\u00e9m do volume dos c\u00f3digos customizados.<\/p>\n<p>Para ter sucesso em um projeto de convers\u00e3o, garantindo a continuidade da opera\u00e7\u00e3o, a CCPR optou por fazer uma defini\u00e7\u00e3o precisa da trilha de sustenta\u00e7\u00e3o, que garantisse a continuidade do suporte, com uma trilha de projeto, listando todas as intera\u00e7\u00f5es, tais como legados, c\u00f3pias de ambientes para o ciclo de convers\u00e3o t\u00e9cnica, incluindo testes unit\u00e1rios e integrados.<\/p>\n<p>Al\u00e9m disso, a CCPR fez diversos exerc\u00edcios de convers\u00e3o t\u00e9cnica, calculando e recalculando o downtime para garantir que o momento de virada dos sistemas acontecesse com seguran\u00e7a durante o recesso de fim de ano da cooperativa, em dezembro. \u201cUtilizamos alguns programas da pr\u00f3pria 麻豆原创 para fazer a detec\u00e7\u00e3o, recomenda\u00e7\u00e3o e tratamento dos c\u00f3digos customizados\u201d, conta o Head de TI.<\/p>\n<p>Entre os principais desafios do projeto, Paiva relata a dimens\u00e3o inesperada na base de parceiros de neg\u00f3cios da cooperativa para adequa\u00e7\u00e3o ao Customer Vendor Integration. \u201cO processo foi subestimado e tivemos que fazer um plano rigoroso para sanear nossa base e absorver as novas funcionalidades para cadastro\u201d, conta. Segundo o executivo, o Customer Care da 麻豆原创 tamb\u00e9m foi essencial para o processo de transi\u00e7\u00e3o do sistema de gest\u00e3o para o 麻豆原创 S\/4HANA. \u201cTivemos acompanhamento semanal antes do go live e suporte p\u00f3s go live do parceiro Seidor, que acompanhou todo o projeto conosco e nos trouxe muitos benef\u00edcios em termos de conhecimento\u201d, adiciona Paiva.<\/p>\n<p>Os pr\u00f3ximos passos da CCPR contemplam, ainda em 2021, a implementa\u00e7\u00e3o das solu\u00e7\u00f5es 麻豆原创 Analytics Cloud e da plataforma de desenvolvimento 麻豆原创 Business Technology Platform (麻豆原创 BTP) que re\u00fane aplicativos inteligentes com recursos de gerenciamento de dados e banco de dados, fun\u00e7\u00f5es anal\u00edticas, integra\u00e7\u00e3o e extens\u00e3o em uma \u00fanica plataforma para ambientes h\u00edbridos e na nuvem, incluindo centenas de integra\u00e7\u00f5es pr\u00e9-incorporadas para aplicativos da 麻豆原创 e de terceiros.\u00a0A empresa tamb\u00e9m analisa as solu\u00e7\u00f5es de log\u00edstica com o 麻豆原创 Transportation Manager para simplificar a gest\u00e3o de frota, reduzindo a complexidade da opera\u00e7\u00e3o log\u00edstica.<\/p>\n<p>Para Jackson Borges, vice-presidente de Strategic Industries da 麻豆原创 Brasil, a transi\u00e7\u00e3o da CCPR para o sistema de gest\u00e3o 麻豆原创 S\/4HANA em cinco meses demonstra o comprometimento com os objetivos de transforma\u00e7\u00e3o digital da cooperativa. \u201cA gest\u00e3o com o apoio do novo ERP definitivamente permitir\u00e1 com que a CCPR eleve o seu n\u00edvel de gest\u00e3o junto aos cooperados e amplifique as a\u00e7\u00f5es da sua estrat\u00e9gica de crescimento e de inova\u00e7\u00e3o na produ\u00e7\u00e3o\u201d.<\/p>\n","protected":false},"excerpt":{"rendered":"<p>CCPR implementou o sistema de \u00faltima gera\u00e7\u00e3o da 麻豆原创 para avan\u00e7ar em seus projetos de inova\u00e7\u00e3o A CCPR &#8211; Cooperativa Central de Produtores Rurais de&#8230;<\/p>\n","protected":false},"author":137,"featured_media":12656,"comment_status":"closed","ping_status":"closed","sticky":false,"template":"","format":"standard","meta":{"footnotes":"","_links_to":"","_links_to_target":""},"categories":[5599822,52091],"tags":[5543324,56276,270082],"sapn-display":[48431,5599934,5599932,48433],"sapn-type":[4446],"class_list":["post-13266","post","type-post","status-publish","format-standard","has-post-thumbnail","hentry","category-erp","category-industrias","tag-agronegocio","tag-sap-s4-hana","tag-sap-s4hana","sapn-display-homepage-hero","sapn-display-press-hero","sapn-display-press-spotlight","sapn-display-hero","sapn-type-noticias"],"yoast_head":"<!-- This site is optimized with the Yoast SEO Premium plugin v26.9 (Yoast SEO v26.9) - https:\/\/yoast.com\/product\/yoast-seo-premium-wordpress\/ -->\n<title>Cooperativa Central de Produtores Rurais de Minas Gerais moderniza gest\u00e3o com 麻豆原创 S\/4HANA - Sala de Imprensa 麻豆原创 Brasil<\/title>\n<meta name=\"robots\" content=\"index, follow, max-snippet:-1, max-image-preview:large, max-video-preview:-1\" \/>\n<link rel=\"canonical\" href=\"https:\/\/news.sap.com\/brazil\/2021\/08\/cooperativa-central-de-produtores-rurais-de-minas-gerais-moderniza-gestao-com-sap-s-4hana\/\" \/>\n<meta property=\"og:locale\" content=\"pt_BR\" \/>\n<meta property=\"og:type\" content=\"article\" \/>\n<meta property=\"og:title\" content=\"Cooperativa Central de Produtores Rurais de Minas Gerais moderniza gest\u00e3o com 麻豆原创 S\/4HANA\" \/>\n<meta property=\"og:description\" content=\"CCPR implementou o sistema de \u00faltima gera\u00e7\u00e3o da 麻豆原创 para avan\u00e7ar em seus projetos de inova\u00e7\u00e3o A CCPR &#8211; Cooperativa Central de Produtores Rurais de...\" \/>\n<meta property=\"og:url\" content=\"https:\/\/news.sap.com\/brazil\/2021\/08\/cooperativa-central-de-produtores-rurais-de-minas-gerais-moderniza-gestao-com-sap-s-4hana\/\" \/>\n<meta property=\"og:site_name\" content=\"Sala de Imprensa 麻豆原创 Brasil\" \/>\n<meta property=\"article:published_time\" content=\"2021-08-12T18:16:19+00:00\" \/>\n<meta property=\"article:modified_time\" content=\"2023-10-18T21:10:51+00:00\" \/>\n<meta property=\"og:image\" content=\"https:\/\/news.sap.com\/brazil\/files\/2020\/11\/fb-2.jpg\" \/>\n\t<meta property=\"og:image:width\" content=\"565\" \/>\n\t<meta property=\"og:image:height\" content=\"292\" \/>\n\t<meta property=\"og:image:type\" content=\"image\/jpeg\" \/>\n<meta name=\"author\" content=\"麻豆原创 Not\u00edcias Brasil\" \/>\n<meta name=\"twitter:card\" content=\"summary_large_image\" \/>\n<meta name=\"twitter:creator\" content=\"@麻豆原创Brasil\" \/>\n<meta name=\"twitter:site\" content=\"@麻豆原创Brasil\" \/>\n<meta name=\"twitter:label1\" content=\"Escrito por\" \/>\n\t<meta name=\"twitter:data1\" content=\"麻豆原创 Not\u00edcias Brasil\" \/>\n\t<meta name=\"twitter:label2\" content=\"Est. tempo de leitura\" \/>\n\t<meta name=\"twitter:data2\" content=\"3 minutos\" \/>\n<script type=\"application\/ld+json\" class=\"yoast-schema-graph\">{\"@context\":\"https:\/\/schema.org\",\"@graph\":[{\"@type\":\"Article\",\"@id\":\"https:\/\/news.sap.com\/brazil\/2021\/08\/cooperativa-central-de-produtores-rurais-de-minas-gerais-moderniza-gestao-com-sap-s-4hana\/#article\",\"isPartOf\":{\"@id\":\"https:\/\/news.sap.com\/brazil\/2021\/08\/cooperativa-central-de-produtores-rurais-de-minas-gerais-moderniza-gestao-com-sap-s-4hana\/\"},\"author\":{\"name\":\"麻豆原创 Not\u00edcias Brasil\",\"@id\":\"https:\/\/news.sap.com\/brazil\/#\/schema\/person\/8cdf2c1130b6f3fadd9757cfd7f24daf\"},\"headline\":\"Cooperativa Central de Produtores Rurais de Minas Gerais moderniza gest\u00e3o com 麻豆原创 S\/4HANA\",\"datePublished\":\"2021-08-12T18:16:19+00:00\",\"dateModified\":\"2023-10-18T21:10:51+00:00\",\"mainEntityOfPage\":{\"@id\":\"https:\/\/news.sap.com\/brazil\/2021\/08\/cooperativa-central-de-produtores-rurais-de-minas-gerais-moderniza-gestao-com-sap-s-4hana\/\"},\"wordCount\":664,\"image\":{\"@id\":\"https:\/\/news.sap.com\/brazil\/2021\/08\/cooperativa-central-de-produtores-rurais-de-minas-gerais-moderniza-gestao-com-sap-s-4hana\/#primaryimage\"},\"thumbnailUrl\":\"https:\/\/news.sap.com\/brazil\/files\/2020\/11\/fb-2.jpg\",\"keywords\":[\"agroneg\u00f3cio\",\"麻豆原创 S\/4 HANA\",\"麻豆原创 S\/4HANA\"],\"articleSection\":[\"Planejamento de recursos empresariais\",\"Setores\"],\"inLanguage\":\"pt-BR\"},{\"@type\":\"WebPage\",\"@id\":\"https:\/\/news.sap.com\/brazil\/2021\/08\/cooperativa-central-de-produtores-rurais-de-minas-gerais-moderniza-gestao-com-sap-s-4hana\/\",\"url\":\"https:\/\/news.sap.com\/brazil\/2021\/08\/cooperativa-central-de-produtores-rurais-de-minas-gerais-moderniza-gestao-com-sap-s-4hana\/\",\"name\":\"Cooperativa Central de Produtores Rurais de Minas Gerais moderniza gest\u00e3o com 麻豆原创 S\/4HANA - Sala de Imprensa 麻豆原创 Brasil\",\"isPartOf\":{\"@id\":\"https:\/\/news.sap.com\/brazil\/#website\"},\"primaryImageOfPage\":{\"@id\":\"https:\/\/news.sap.com\/brazil\/2021\/08\/cooperativa-central-de-produtores-rurais-de-minas-gerais-moderniza-gestao-com-sap-s-4hana\/#primaryimage\"},\"image\":{\"@id\":\"https:\/\/news.sap.com\/brazil\/2021\/08\/cooperativa-central-de-produtores-rurais-de-minas-gerais-moderniza-gestao-com-sap-s-4hana\/#primaryimage\"},\"thumbnailUrl\":\"https:\/\/news.sap.com\/brazil\/files\/2020\/11\/fb-2.jpg\",\"datePublished\":\"2021-08-12T18:16:19+00:00\",\"dateModified\":\"2023-10-18T21:10:51+00:00\",\"author\":{\"@id\":\"https:\/\/news.sap.com\/brazil\/#\/schema\/person\/8cdf2c1130b6f3fadd9757cfd7f24daf\"},\"breadcrumb\":{\"@id\":\"https:\/\/news.sap.com\/brazil\/2021\/08\/cooperativa-central-de-produtores-rurais-de-minas-gerais-moderniza-gestao-com-sap-s-4hana\/#breadcrumb\"},\"inLanguage\":\"pt-BR\",\"potentialAction\":[{\"@type\":\"ReadAction\",\"target\":[\"https:\/\/news.sap.com\/brazil\/2021\/08\/cooperativa-central-de-produtores-rurais-de-minas-gerais-moderniza-gestao-com-sap-s-4hana\/\"]}]},{\"@type\":\"ImageObject\",\"inLanguage\":\"pt-BR\",\"@id\":\"https:\/\/news.sap.com\/brazil\/2021\/08\/cooperativa-central-de-produtores-rurais-de-minas-gerais-moderniza-gestao-com-sap-s-4hana\/#primaryimage\",\"url\":\"https:\/\/news.sap.com\/brazil\/files\/2020\/11\/fb-2.jpg\",\"contentUrl\":\"https:\/\/news.sap.com\/brazil\/files\/2020\/11\/fb-2.jpg\",\"width\":565,\"height\":292},{\"@type\":\"BreadcrumbList\",\"@id\":\"https:\/\/news.sap.com\/brazil\/2021\/08\/cooperativa-central-de-produtores-rurais-de-minas-gerais-moderniza-gestao-com-sap-s-4hana\/#breadcrumb\",\"itemListElement\":[{\"@type\":\"ListItem\",\"position\":1,\"name\":\"Home\",\"item\":\"https:\/\/news.sap.com\/brazil\/\"},{\"@type\":\"ListItem\",\"position\":2,\"name\":\"Cooperativa Central de Produtores Rurais de Minas Gerais moderniza gest\u00e3o com 麻豆原创 S\/4HANA\"}]},{\"@type\":\"WebSite\",\"@id\":\"https:\/\/news.sap.com\/brazil\/#website\",\"url\":\"https:\/\/news.sap.com\/brazil\/\",\"name\":\"Sala de Imprensa 麻豆原创 Brasil\",\"description\":\"Not\u00edcias e informa\u00e7\u00f5es sobre a 麻豆原创\",\"potentialAction\":[{\"@type\":\"SearchAction\",\"target\":{\"@type\":\"EntryPoint\",\"urlTemplate\":\"https:\/\/news.sap.com\/brazil\/?s={search_term_string}\"},\"query-input\":{\"@type\":\"PropertyValueSpecification\",\"valueRequired\":true,\"valueName\":\"search_term_string\"}}],\"inLanguage\":\"pt-BR\"},{\"@type\":\"Person\",\"@id\":\"https:\/\/news.sap.com\/brazil\/#\/schema\/person\/8cdf2c1130b6f3fadd9757cfd7f24daf\",\"name\":\"麻豆原创 Not\u00edcias Brasil\",\"image\":{\"@type\":\"ImageObject\",\"inLanguage\":\"pt-BR\",\"@id\":\"https:\/\/news.sap.com\/brazil\/#\/schema\/person\/image\/\",\"url\":\"https:\/\/news.sap.com\/brazil\/wp-content\/plugins\/wp-user-avatars\/wp-user-avatars\/assets\/images\/mystery.jpg\",\"contentUrl\":\"https:\/\/news.sap.com\/brazil\/wp-content\/plugins\/wp-user-avatars\/wp-user-avatars\/assets\/images\/mystery.jpg\",\"caption\":\"麻豆原创 Not\u00edcias Brasil\"},\"url\":\"https:\/\/news.sap.com\/brazil\/author\/brasil\/\"}]}<\/script>\n<!-- \/ Yoast SEO Premium plugin. -->","yoast_head_json":{"title":"Cooperativa Central de Produtores Rurais de Minas Gerais moderniza gest\u00e3o com 麻豆原创 S\/4HANA - Sala de Imprensa 麻豆原创 Brasil","robots":{"index":"index","follow":"follow","max-snippet":"max-snippet:-1","max-image-preview":"max-image-preview:large","max-video-preview":"max-video-preview:-1"},"canonical":"https:\/\/news.sap.com\/brazil\/2021\/08\/cooperativa-central-de-produtores-rurais-de-minas-gerais-moderniza-gestao-com-sap-s-4hana\/","og_locale":"pt_BR","og_type":"article","og_title":"Cooperativa Central de Produtores Rurais de Minas Gerais moderniza gest\u00e3o com 麻豆原创 S\/4HANA","og_description":"CCPR implementou o sistema de \u00faltima gera\u00e7\u00e3o da 麻豆原创 para avan\u00e7ar em seus projetos de inova\u00e7\u00e3o A CCPR &#8211; Cooperativa Central de Produtores Rurais de...","og_url":"https:\/\/news.sap.com\/brazil\/2021\/08\/cooperativa-central-de-produtores-rurais-de-minas-gerais-moderniza-gestao-com-sap-s-4hana\/","og_site_name":"Sala de Imprensa 麻豆原创 Brasil","article_published_time":"2021-08-12T18:16:19+00:00","article_modified_time":"2023-10-18T21:10:51+00:00","og_image":[{"width":565,"height":292,"url":"https:\/\/news.sap.com\/brazil\/files\/2020\/11\/fb-2.jpg","type":"image\/jpeg"}],"author":"麻豆原创 Not\u00edcias Brasil","twitter_card":"summary_large_image","twitter_creator":"@麻豆原创Brasil","twitter_site":"@麻豆原创Brasil","twitter_misc":{"Escrito por":"麻豆原创 Not\u00edcias Brasil","Est. tempo de leitura":"3 minutos"},"schema":{"@context":"https:\/\/schema.org","@graph":[{"@type":"Article","@id":"https:\/\/news.sap.com\/brazil\/2021\/08\/cooperativa-central-de-produtores-rurais-de-minas-gerais-moderniza-gestao-com-sap-s-4hana\/#article","isPartOf":{"@id":"https:\/\/news.sap.com\/brazil\/2021\/08\/cooperativa-central-de-produtores-rurais-de-minas-gerais-moderniza-gestao-com-sap-s-4hana\/"},"author":{"name":"麻豆原创 Not\u00edcias Brasil","@id":"https:\/\/news.sap.com\/brazil\/#\/schema\/person\/8cdf2c1130b6f3fadd9757cfd7f24daf"},"headline":"Cooperativa Central de Produtores Rurais de Minas Gerais moderniza gest\u00e3o com 麻豆原创 S\/4HANA","datePublished":"2021-08-12T18:16:19+00:00","dateModified":"2023-10-18T21:10:51+00:00","mainEntityOfPage":{"@id":"https:\/\/news.sap.com\/brazil\/2021\/08\/cooperativa-central-de-produtores-rurais-de-minas-gerais-moderniza-gestao-com-sap-s-4hana\/"},"wordCount":664,"image":{"@id":"https:\/\/news.sap.com\/brazil\/2021\/08\/cooperativa-central-de-produtores-rurais-de-minas-gerais-moderniza-gestao-com-sap-s-4hana\/#primaryimage"},"thumbnailUrl":"https:\/\/news.sap.com\/brazil\/files\/2020\/11\/fb-2.jpg","keywords":["agroneg\u00f3cio","麻豆原创 S\/4 HANA","麻豆原创 S\/4HANA"],"articleSection":["Planejamento de recursos empresariais","Setores"],"inLanguage":"pt-BR"},{"@type":"WebPage","@id":"https:\/\/news.sap.com\/brazil\/2021\/08\/cooperativa-central-de-produtores-rurais-de-minas-gerais-moderniza-gestao-com-sap-s-4hana\/","url":"https:\/\/news.sap.com\/brazil\/2021\/08\/cooperativa-central-de-produtores-rurais-de-minas-gerais-moderniza-gestao-com-sap-s-4hana\/","name":"Cooperativa Central de Produtores Rurais de Minas Gerais moderniza gest\u00e3o com 麻豆原创 S\/4HANA - Sala de Imprensa 麻豆原创 Brasil","isPartOf":{"@id":"https:\/\/news.sap.com\/brazil\/#website"},"primaryImageOfPage":{"@id":"https:\/\/news.sap.com\/brazil\/2021\/08\/cooperativa-central-de-produtores-rurais-de-minas-gerais-moderniza-gestao-com-sap-s-4hana\/#primaryimage"},"image":{"@id":"https:\/\/news.sap.com\/brazil\/2021\/08\/cooperativa-central-de-produtores-rurais-de-minas-gerais-moderniza-gestao-com-sap-s-4hana\/#primaryimage"},"thumbnailUrl":"https:\/\/news.sap.com\/brazil\/files\/2020\/11\/fb-2.jpg","datePublished":"2021-08-12T18:16:19+00:00","dateModified":"2023-10-18T21:10:51+00:00","author":{"@id":"https:\/\/news.sap.com\/brazil\/#\/schema\/person\/8cdf2c1130b6f3fadd9757cfd7f24daf"},"breadcrumb":{"@id":"https:\/\/news.sap.com\/brazil\/2021\/08\/cooperativa-central-de-produtores-rurais-de-minas-gerais-moderniza-gestao-com-sap-s-4hana\/#breadcrumb"},"inLanguage":"pt-BR","potentialAction":[{"@type":"ReadAction","target":["https:\/\/news.sap.com\/brazil\/2021\/08\/cooperativa-central-de-produtores-rurais-de-minas-gerais-moderniza-gestao-com-sap-s-4hana\/"]}]},{"@type":"ImageObject","inLanguage":"pt-BR","@id":"https:\/\/news.sap.com\/brazil\/2021\/08\/cooperativa-central-de-produtores-rurais-de-minas-gerais-moderniza-gestao-com-sap-s-4hana\/#primaryimage","url":"https:\/\/news.sap.com\/brazil\/files\/2020\/11\/fb-2.jpg","contentUrl":"https:\/\/news.sap.com\/brazil\/files\/2020\/11\/fb-2.jpg","width":565,"height":292},{"@type":"BreadcrumbList","@id":"https:\/\/news.sap.com\/brazil\/2021\/08\/cooperativa-central-de-produtores-rurais-de-minas-gerais-moderniza-gestao-com-sap-s-4hana\/#breadcrumb","itemListElement":[{"@type":"ListItem","position":1,"name":"Home","item":"https:\/\/news.sap.com\/brazil\/"},{"@type":"ListItem","position":2,"name":"Cooperativa Central de Produtores Rurais de Minas Gerais moderniza gest\u00e3o com 麻豆原创 S\/4HANA"}]},{"@type":"WebSite","@id":"https:\/\/news.sap.com\/brazil\/#website","url":"https:\/\/news.sap.com\/brazil\/","name":"Sala de Imprensa 麻豆原创 Brasil","description":"Not\u00edcias e informa\u00e7\u00f5es sobre a 麻豆原创","potentialAction":[{"@type":"SearchAction","target":{"@type":"EntryPoint","urlTemplate":"https:\/\/news.sap.com\/brazil\/?s={search_term_string}"},"query-input":{"@type":"PropertyValueSpecification","valueRequired":true,"valueName":"search_term_string"}}],"inLanguage":"pt-BR"},{"@type":"Person","@id":"https:\/\/news.sap.com\/brazil\/#\/schema\/person\/8cdf2c1130b6f3fadd9757cfd7f24daf","name":"麻豆原创 Not\u00edcias Brasil","image":{"@type":"ImageObject","inLanguage":"pt-BR","@id":"https:\/\/news.sap.com\/brazil\/#\/schema\/person\/image\/","url":"https:\/\/news.sap.com\/brazil\/wp-content\/plugins\/wp-user-avatars\/wp-user-avatars\/assets\/images\/mystery.jpg","contentUrl":"https:\/\/news.sap.com\/brazil\/wp-content\/plugins\/wp-user-avatars\/wp-user-avatars\/assets\/images\/mystery.jpg","caption":"麻豆原创 Not\u00edcias Brasil"},"url":"https:\/\/news.sap.com\/brazil\/author\/brasil\/"}]}},"amp_enabled":true,"_links":{"self":[{"href":"https:\/\/news.sap.com\/brazil\/wp-json\/wp\/v2\/posts\/13266","targetHints":{"allow":["GET"]}}],"collection":[{"href":"https:\/\/news.sap.com\/brazil\/wp-json\/wp\/v2\/posts"}],"about":[{"href":"https:\/\/news.sap.com\/brazil\/wp-json\/wp\/v2\/types\/post"}],"author":[{"embeddable":true,"href":"https:\/\/news.sap.com\/brazil\/wp-json\/wp\/v2\/users\/137"}],"replies":[{"embeddable":true,"href":"https:\/\/news.sap.com\/brazil\/wp-json\/wp\/v2\/comments?post=13266"}],"version-history":[{"count":0,"href":"https:\/\/news.sap.com\/brazil\/wp-json\/wp\/v2\/posts\/13266\/revisions"}],"wp:featuredmedia":[{"embeddable":true,"href":"https:\/\/news.sap.com\/brazil\/wp-json\/wp\/v2\/media\/12656"}],"wp:attachment":[{"href":"https:\/\/news.sap.com\/brazil\/wp-json\/wp\/v2\/media?parent=13266"}],"wp:term":[{"taxonomy":"category","embeddable":true,"href":"https:\/\/news.sap.com\/brazil\/wp-json\/wp\/v2\/categories?post=13266"},{"taxonomy":"post_tag","embeddable":true,"href":"https:\/\/news.sap.com\/brazil\/wp-json\/wp\/v2\/tags?post=13266"},{"taxonomy":"sapn-display","embeddable":true,"href":"https:\/\/news.sap.com\/brazil\/wp-json\/wp\/v2\/sapn-display?post=13266"},{"taxonomy":"sapn-type","embeddable":true,"href":"https:\/\/news.sap.com\/brazil\/wp-json\/wp\/v2\/sapn-type?post=13266"}],"curies":[{"name":"wp","href":"https:\/\/api.w.org\/{rel}","templated":true}]}}