  {"id":13234,"date":"2021-08-17T09:00:20","date_gmt":"2021-08-17T12:00:20","guid":{"rendered":"https:\/\/news.sap.com\/brazil\/?p=13234"},"modified":"2023-10-19T13:09:32","modified_gmt":"2023-10-19T16:09:32","slug":"gestao-de-talentos-pos-pandemia-bl0g","status":"publish","type":"post","link":"https:\/\/news.sap.com\/brazil\/2021\/08\/gestao-de-talentos-pos-pandemia-bl0g\/","title":{"rendered":"A gest\u00e3o de talentos como vantagem competitiva em um mundo p\u00f3s pandemia"},"content":{"rendered":"<p class=\"lead\"><em>A gest\u00e3o de talentos passou a ser um ponto de aten\u00e7\u00e3o para as organiza\u00e7\u00f5es. Ir al\u00e9m dos processos tradicionais de Recursos Humanos \u00e9 uma das premissas a serem consideradas por l\u00edderes quando falamos em engajar e reter os melhores talentos.<\/em><\/p>\n<p>A disputa por talentos est\u00e1 cada vez mais acirrada no mercado atual. Com a chegada da pandemia, as empresas tiveram que readaptar processos e apostar em tecnologias inteligentes para compreender a necessidade de cada colaborador e, a partir disso, criar experi\u00eancias de trabalho personalizadas e desenvolver planos de carreira compat\u00edveis \u00e0s expectativas dos funcion\u00e1rios com o intuito de mant\u00ea-los engajados e alinhados aos prop\u00f3sitos corporativos.<\/p>\n<p>O futuro se redesenhou! Novos modelos de trabalho foram elaborados e solu\u00e7\u00f5es inteligentes foram implementadas para facilitar a vida do colaborador e extrair suas melhores habilidades. O que esses talentos esperam de uma organiza\u00e7\u00e3o? Seja no trabalho presencial, h\u00edbrido ou 100% home-office, algumas expectativas precisam ser atendidas.<\/p>\n<h2><strong>Pr\u00e1ticas de diversidade e inclus\u00e3o<\/strong><\/h2>\n<p>Muito mais que um simples posicionamento, \u00e9 preciso implementar pol\u00edticas que assegurem na pr\u00e1tica a contrata\u00e7\u00e3o de pessoas diversas, al\u00e9m de garantir a equidade entre os g\u00eaneros. Apostar em diversidade e inclus\u00e3o \u00e9 dar voz \u00e0 diferentes pontos de vista, experi\u00eancias e perspectivas.<\/p>\n<h2><strong>Flexibilidade para escolher entre trabalho remoto e home-office<\/strong><\/h2>\n<p>O modelo h\u00edbrido chegou para ficar! <a href=\"https:\/\/www.flexjobs.com\/blog\/post\/survey-productivity-balance-improve-during-pandemic-remote-work\/\" target=\"_blank\" rel=\"noopener\">Uma pesquisa feita pela Flexjobs<\/a> mostra que 96% dos entrevistados preferem o trabalho remoto ou gostariam de ter a possibilidade de escolher entre trabalho presencial ou home-office. Em <a href=\"https:\/\/news.prudential.com\/increasingly-workers-expect-pandemic-workplace-adaptations-to-stick.htm\" target=\"_blank\" rel=\"noopener\">estudo feito pela Prudential<\/a>, 42% dos entrevistados trocariam de emprego, caso a flexibilidade no trabalho n\u00e3o fosse priorizada no longo prazo. Isso porque cada colaborador possui necessidades diferentes e a possibilidade de escolher onde e quando trabalhar \u00e9 considerado um importante diferencial.<\/p>\n<h2><strong>Investimentos em tecnologias inteligentes<\/strong><\/h2>\n<p>Solu\u00e7\u00f5es focadas na \u00e1rea de Recursos Humanos chegaram para facilitar processos e otimizar modelos de contrata\u00e7\u00e3o das organiza\u00e7\u00f5es. Al\u00e9m de ajudar na capta\u00e7\u00e3o dos melhores talentos, a tecnologia pode ser utilizada para tra\u00e7ar a jornada de cada colaborador e entender suas necessidades individuais, contribuindo para novas estrat\u00e9gias de neg\u00f3cios, mais personalizadas e inteligentes.<\/p>\n<h2><strong>Sa\u00fade mental e bem-estar<\/strong><\/h2>\n<p>Al\u00e9m de mudan\u00e7as estrat\u00e9gicas, os talentos est\u00e3o \u00e0 procura de empresas que trabalhem com clareza, empatia, cuidado e suporte com temas n\u00e3o correspondentes ao ambiente profissional. Colaboradores trabalham melhor e oferecem o melhor de si em ambientes onde possam ser ouvidos e t\u00eam as ferramentas necess\u00e1rias para prosperar.<\/p>\n<p>Engajar \u00e9 preciso, mas gerir de forma humana \u00e9 essencial. Empresas de sucesso s\u00e3o constru\u00eddas com as pessoas certas. Conhe\u00e7a as solu\u00e7\u00f5es da 麻豆原创 para a <a href=\"https:\/\/www.sap.com\/brazil\/products\/human-resources-hcm\/talent-management.html?url_id=text-blogentry-innovationBlogBR-2021_blog-original-post-sapcom\" target=\"_blank\" rel=\"noopener\">gest\u00e3o de talentos<\/a>.<\/p>\n<p>Acompanhe mais novidades nos canais de comunica\u00e7\u00e3o da 麻豆原创:\u00a0 <a href=\"https:\/\/www.facebook.com\/sapbrasil\/\" target=\"_blank\" rel=\"noopener\">Facebook\u00a0<\/a>\/\u00a0<a href=\"https:\/\/twitter.com\/麻豆原创Brasil\" target=\"_blank\" rel=\"noopener\">Twitter\u00a0<\/a>\/\u00a0<a href=\"https:\/\/www.linkedin.com\/company\/1115\/\" target=\"_blank\" rel=\"noopener\">LinkedIn\u00a0<\/a>\/\u00a0<a href=\"https:\/\/www.instagram.com\/sap_brasil\/\" target=\"_blank\" rel=\"noopener\">Instagram<\/a> \/ <a href=\"https:\/\/widget.msgp.pl\/?id=66415e417325f13e20.82207836\" target=\"_blank\" rel=\"noopener\">WhatsApp<\/a> \/ <a href=\"https:\/\/www.youtube.com\/user\/sapbrasil\" target=\"_blank\" rel=\"noopener\">Youtube<\/a><\/p>\n<p>\u00a9 2021 麻豆原创 SE. All rights reserved. 麻豆原创 and other 麻豆原创 products and services mentioned herein as well as their respective logos are trademarks or registered trademarks of 麻豆原创 SE in Germany and other countries. Please see <a href=\"http:\/\/www.sap.com\/corporate-en\/legal\/copyright\/index.epx#trademark\" target=\"_blank\" rel=\"noopener\">http:\/\/www.sap.com\/corporate-en\/legal\/copyright\/index.epx#trademark<\/a> for additional trademark information and notices.<\/p>\n","protected":false},"excerpt":{"rendered":"<p>A gest\u00e3o de talentos passou a ser um ponto de aten\u00e7\u00e3o para as organiza\u00e7\u00f5es. Ir al\u00e9m dos processos tradicionais de Recursos Humanos \u00e9 uma das&#8230;<\/p>\n","protected":false},"author":561,"featured_media":13235,"comment_status":"closed","ping_status":"closed","sticky":false,"template":"","format":"standard","meta":{"footnotes":"","_links_to":"","_links_to_target":""},"categories":[48444],"tags":[1032221,20464,5599760],"sapn-display":[5599933,5599931,48431,48433],"sapn-type":[6114],"class_list":["post-13234","post","type-post","status-publish","format-standard","has-post-thumbnail","hentry","category-recursos-humanos-topicos","tag-gestao-de-talentos","tag-recursos-humanos","tag-trabalho-hibrido","sapn-display-feature-hero","sapn-display-feature-spotlight","sapn-display-homepage-hero","sapn-display-hero","sapn-type-artigo"],"yoast_head":"<!-- This site is optimized with the Yoast SEO Premium plugin v26.9 (Yoast SEO v26.9) - https:\/\/yoast.com\/product\/yoast-seo-premium-wordpress\/ -->\n<title>A gest\u00e3o de talentos p\u00f3s pandemia - Sala de Imprensa 麻豆原创 Brasil<\/title>\n<meta name=\"description\" content=\"A gest\u00e3o de talentos passou a ser um ponto de aten\u00e7\u00e3o para as organiza\u00e7\u00f5es. \u00c9 preciso ir al\u00e9m dos processos tradicionais de Recursos Humanos.\" \/>\n<meta name=\"robots\" content=\"index, follow, max-snippet:-1, max-image-preview:large, max-video-preview:-1\" \/>\n<link rel=\"canonical\" href=\"https:\/\/news.sap.com\/brazil\/2021\/08\/gestao-de-talentos-pos-pandemia-bl0g\/\" \/>\n<meta property=\"og:locale\" content=\"pt_BR\" \/>\n<meta property=\"og:type\" content=\"article\" \/>\n<meta property=\"og:title\" content=\"A gest\u00e3o de talentos como vantagem competitiva em um mundo p\u00f3s pandemia\" \/>\n<meta property=\"og:description\" content=\"A gest\u00e3o de talentos passou a ser um ponto de aten\u00e7\u00e3o para as organiza\u00e7\u00f5es. Ir al\u00e9m dos processos tradicionais de Recursos Humanos \u00e9 uma das premissas a serem consideradas por l\u00edderes quando falamos em engajar e reter os melhores talentos.\" \/>\n<meta property=\"og:url\" content=\"https:\/\/news.sap.com\/brazil\/2021\/08\/gestao-de-talentos-pos-pandemia-bl0g\/\" \/>\n<meta property=\"og:site_name\" content=\"Sala de Imprensa 麻豆原创 Brasil\" \/>\n<meta property=\"article:published_time\" content=\"2021-08-17T12:00:20+00:00\" \/>\n<meta property=\"article:modified_time\" content=\"2023-10-19T16:09:32+00:00\" \/>\n<meta property=\"og:image\" content=\"https:\/\/news.sap.com\/brazil\/files\/2021\/08\/03\/565x292_art3.png\" \/>\n\t<meta property=\"og:image:width\" content=\"565\" \/>\n\t<meta property=\"og:image:height\" content=\"292\" \/>\n\t<meta property=\"og:image:type\" content=\"image\/png\" \/>\n<meta name=\"author\" content=\"麻豆原创 Brasil\" \/>\n<meta name=\"twitter:card\" content=\"summary_large_image\" \/>\n<meta name=\"twitter:title\" content=\"A gest\u00e3o de talentos como vantagem competitiva em um mundo p\u00f3s pandemia\" \/>\n<meta name=\"twitter:creator\" content=\"@麻豆原创Brasil\" \/>\n<meta name=\"twitter:site\" content=\"@麻豆原创Brasil\" \/>\n<meta name=\"twitter:label1\" content=\"Escrito por\" \/>\n\t<meta name=\"twitter:data1\" content=\"麻豆原创 Brasil\" \/>\n\t<meta name=\"twitter:label2\" content=\"Est. tempo de leitura\" \/>\n\t<meta name=\"twitter:data2\" content=\"3 minutos\" \/>\n<script type=\"application\/ld+json\" class=\"yoast-schema-graph\">{\"@context\":\"https:\/\/schema.org\",\"@graph\":[{\"@type\":\"Article\",\"@id\":\"https:\/\/news.sap.com\/brazil\/2021\/08\/gestao-de-talentos-pos-pandemia-bl0g\/#article\",\"isPartOf\":{\"@id\":\"https:\/\/news.sap.com\/brazil\/2021\/08\/gestao-de-talentos-pos-pandemia-bl0g\/\"},\"author\":{\"name\":\"麻豆原创 Brasil\",\"@id\":\"https:\/\/news.sap.com\/brazil\/#\/schema\/person\/1cfc5d6de5ffdc23f1f3b1670a90ae3c\"},\"headline\":\"A gest\u00e3o de talentos como vantagem competitiva em um mundo p\u00f3s pandemia\",\"datePublished\":\"2021-08-17T12:00:20+00:00\",\"dateModified\":\"2023-10-19T16:09:32+00:00\",\"mainEntityOfPage\":{\"@id\":\"https:\/\/news.sap.com\/brazil\/2021\/08\/gestao-de-talentos-pos-pandemia-bl0g\/\"},\"wordCount\":537,\"image\":{\"@id\":\"https:\/\/news.sap.com\/brazil\/2021\/08\/gestao-de-talentos-pos-pandemia-bl0g\/#primaryimage\"},\"thumbnailUrl\":\"https:\/\/news.sap.com\/brazil\/files\/2021\/08\/03\/1400x600_art3.png\",\"keywords\":[\"gest\u00e3o de talentos\",\"recursos humanos\",\"Trabalho h\u00edbrido\"],\"articleSection\":[\"Gest\u00e3o do capital humano\"],\"inLanguage\":\"pt-BR\"},{\"@type\":\"WebPage\",\"@id\":\"https:\/\/news.sap.com\/brazil\/2021\/08\/gestao-de-talentos-pos-pandemia-bl0g\/\",\"url\":\"https:\/\/news.sap.com\/brazil\/2021\/08\/gestao-de-talentos-pos-pandemia-bl0g\/\",\"name\":\"A gest\u00e3o de talentos p\u00f3s pandemia - Sala de Imprensa 麻豆原创 Brasil\",\"isPartOf\":{\"@id\":\"https:\/\/news.sap.com\/brazil\/#website\"},\"primaryImageOfPage\":{\"@id\":\"https:\/\/news.sap.com\/brazil\/2021\/08\/gestao-de-talentos-pos-pandemia-bl0g\/#primaryimage\"},\"image\":{\"@id\":\"https:\/\/news.sap.com\/brazil\/2021\/08\/gestao-de-talentos-pos-pandemia-bl0g\/#primaryimage\"},\"thumbnailUrl\":\"https:\/\/news.sap.com\/brazil\/files\/2021\/08\/03\/1400x600_art3.png\",\"datePublished\":\"2021-08-17T12:00:20+00:00\",\"dateModified\":\"2023-10-19T16:09:32+00:00\",\"author\":{\"@id\":\"https:\/\/news.sap.com\/brazil\/#\/schema\/person\/1cfc5d6de5ffdc23f1f3b1670a90ae3c\"},\"description\":\"A gest\u00e3o de talentos passou a ser um ponto de aten\u00e7\u00e3o para as organiza\u00e7\u00f5es. \u00c9 preciso ir al\u00e9m dos processos tradicionais de Recursos Humanos.\",\"breadcrumb\":{\"@id\":\"https:\/\/news.sap.com\/brazil\/2021\/08\/gestao-de-talentos-pos-pandemia-bl0g\/#breadcrumb\"},\"inLanguage\":\"pt-BR\",\"potentialAction\":[{\"@type\":\"ReadAction\",\"target\":[\"https:\/\/news.sap.com\/brazil\/2021\/08\/gestao-de-talentos-pos-pandemia-bl0g\/\"]}]},{\"@type\":\"ImageObject\",\"inLanguage\":\"pt-BR\",\"@id\":\"https:\/\/news.sap.com\/brazil\/2021\/08\/gestao-de-talentos-pos-pandemia-bl0g\/#primaryimage\",\"url\":\"https:\/\/news.sap.com\/brazil\/files\/2021\/08\/03\/1400x600_art3.png\",\"contentUrl\":\"https:\/\/news.sap.com\/brazil\/files\/2021\/08\/03\/1400x600_art3.png\",\"width\":1400,\"height\":600},{\"@type\":\"BreadcrumbList\",\"@id\":\"https:\/\/news.sap.com\/brazil\/2021\/08\/gestao-de-talentos-pos-pandemia-bl0g\/#breadcrumb\",\"itemListElement\":[{\"@type\":\"ListItem\",\"position\":1,\"name\":\"Home\",\"item\":\"https:\/\/news.sap.com\/brazil\/\"},{\"@type\":\"ListItem\",\"position\":2,\"name\":\"A gest\u00e3o de talentos como vantagem competitiva em um mundo p\u00f3s pandemia\"}]},{\"@type\":\"WebSite\",\"@id\":\"https:\/\/news.sap.com\/brazil\/#website\",\"url\":\"https:\/\/news.sap.com\/brazil\/\",\"name\":\"Sala de Imprensa 麻豆原创 Brasil\",\"description\":\"Not\u00edcias e informa\u00e7\u00f5es sobre a 麻豆原创\",\"potentialAction\":[{\"@type\":\"SearchAction\",\"target\":{\"@type\":\"EntryPoint\",\"urlTemplate\":\"https:\/\/news.sap.com\/brazil\/?s={search_term_string}\"},\"query-input\":{\"@type\":\"PropertyValueSpecification\",\"valueRequired\":true,\"valueName\":\"search_term_string\"}}],\"inLanguage\":\"pt-BR\"},{\"@type\":\"Person\",\"@id\":\"https:\/\/news.sap.com\/brazil\/#\/schema\/person\/1cfc5d6de5ffdc23f1f3b1670a90ae3c\",\"name\":\"麻豆原创 Brasil\",\"image\":{\"@type\":\"ImageObject\",\"inLanguage\":\"pt-BR\",\"@id\":\"https:\/\/news.sap.com\/brazil\/#\/schema\/person\/image\/\",\"url\":\"https:\/\/news.sap.com\/brazil\/wp-content\/plugins\/wp-user-avatars\/wp-user-avatars\/assets\/images\/mystery.jpg\",\"contentUrl\":\"https:\/\/news.sap.com\/brazil\/wp-content\/plugins\/wp-user-avatars\/wp-user-avatars\/assets\/images\/mystery.jpg\",\"caption\":\"麻豆原创 Brasil\"},\"url\":\"https:\/\/news.sap.com\/brazil\/author\/raquelcasciato\/\"}]}<\/script>\n<!-- \/ Yoast SEO Premium plugin. -->","yoast_head_json":{"title":"A gest\u00e3o de talentos p\u00f3s pandemia - Sala de Imprensa 麻豆原创 Brasil","description":"A gest\u00e3o de talentos passou a ser um ponto de aten\u00e7\u00e3o para as organiza\u00e7\u00f5es. \u00c9 preciso ir al\u00e9m dos processos tradicionais de Recursos Humanos.","robots":{"index":"index","follow":"follow","max-snippet":"max-snippet:-1","max-image-preview":"max-image-preview:large","max-video-preview":"max-video-preview:-1"},"canonical":"https:\/\/news.sap.com\/brazil\/2021\/08\/gestao-de-talentos-pos-pandemia-bl0g\/","og_locale":"pt_BR","og_type":"article","og_title":"A gest\u00e3o de talentos como vantagem competitiva em um mundo p\u00f3s pandemia","og_description":"A gest\u00e3o de talentos passou a ser um ponto de aten\u00e7\u00e3o para as organiza\u00e7\u00f5es. Ir al\u00e9m dos processos tradicionais de Recursos Humanos \u00e9 uma das premissas a serem consideradas por l\u00edderes quando falamos em engajar e reter os melhores talentos.","og_url":"https:\/\/news.sap.com\/brazil\/2021\/08\/gestao-de-talentos-pos-pandemia-bl0g\/","og_site_name":"Sala de Imprensa 麻豆原创 Brasil","article_published_time":"2021-08-17T12:00:20+00:00","article_modified_time":"2023-10-19T16:09:32+00:00","og_image":[{"width":565,"height":292,"url":"https:\/\/news.sap.com\/brazil\/files\/2021\/08\/03\/565x292_art3.png","type":"image\/png"}],"author":"麻豆原创 Brasil","twitter_card":"summary_large_image","twitter_title":"A gest\u00e3o de talentos como vantagem competitiva em um mundo p\u00f3s pandemia","twitter_creator":"@麻豆原创Brasil","twitter_site":"@麻豆原创Brasil","twitter_misc":{"Escrito por":"麻豆原创 Brasil","Est. tempo de leitura":"3 minutos"},"schema":{"@context":"https:\/\/schema.org","@graph":[{"@type":"Article","@id":"https:\/\/news.sap.com\/brazil\/2021\/08\/gestao-de-talentos-pos-pandemia-bl0g\/#article","isPartOf":{"@id":"https:\/\/news.sap.com\/brazil\/2021\/08\/gestao-de-talentos-pos-pandemia-bl0g\/"},"author":{"name":"麻豆原创 Brasil","@id":"https:\/\/news.sap.com\/brazil\/#\/schema\/person\/1cfc5d6de5ffdc23f1f3b1670a90ae3c"},"headline":"A gest\u00e3o de talentos como vantagem competitiva em um mundo p\u00f3s pandemia","datePublished":"2021-08-17T12:00:20+00:00","dateModified":"2023-10-19T16:09:32+00:00","mainEntityOfPage":{"@id":"https:\/\/news.sap.com\/brazil\/2021\/08\/gestao-de-talentos-pos-pandemia-bl0g\/"},"wordCount":537,"image":{"@id":"https:\/\/news.sap.com\/brazil\/2021\/08\/gestao-de-talentos-pos-pandemia-bl0g\/#primaryimage"},"thumbnailUrl":"https:\/\/news.sap.com\/brazil\/files\/2021\/08\/03\/1400x600_art3.png","keywords":["gest\u00e3o de talentos","recursos humanos","Trabalho h\u00edbrido"],"articleSection":["Gest\u00e3o do capital humano"],"inLanguage":"pt-BR"},{"@type":"WebPage","@id":"https:\/\/news.sap.com\/brazil\/2021\/08\/gestao-de-talentos-pos-pandemia-bl0g\/","url":"https:\/\/news.sap.com\/brazil\/2021\/08\/gestao-de-talentos-pos-pandemia-bl0g\/","name":"A gest\u00e3o de talentos p\u00f3s pandemia - Sala de Imprensa 麻豆原创 Brasil","isPartOf":{"@id":"https:\/\/news.sap.com\/brazil\/#website"},"primaryImageOfPage":{"@id":"https:\/\/news.sap.com\/brazil\/2021\/08\/gestao-de-talentos-pos-pandemia-bl0g\/#primaryimage"},"image":{"@id":"https:\/\/news.sap.com\/brazil\/2021\/08\/gestao-de-talentos-pos-pandemia-bl0g\/#primaryimage"},"thumbnailUrl":"https:\/\/news.sap.com\/brazil\/files\/2021\/08\/03\/1400x600_art3.png","datePublished":"2021-08-17T12:00:20+00:00","dateModified":"2023-10-19T16:09:32+00:00","author":{"@id":"https:\/\/news.sap.com\/brazil\/#\/schema\/person\/1cfc5d6de5ffdc23f1f3b1670a90ae3c"},"description":"A gest\u00e3o de talentos passou a ser um ponto de aten\u00e7\u00e3o para as organiza\u00e7\u00f5es. \u00c9 preciso ir al\u00e9m dos processos tradicionais de Recursos Humanos.","breadcrumb":{"@id":"https:\/\/news.sap.com\/brazil\/2021\/08\/gestao-de-talentos-pos-pandemia-bl0g\/#breadcrumb"},"inLanguage":"pt-BR","potentialAction":[{"@type":"ReadAction","target":["https:\/\/news.sap.com\/brazil\/2021\/08\/gestao-de-talentos-pos-pandemia-bl0g\/"]}]},{"@type":"ImageObject","inLanguage":"pt-BR","@id":"https:\/\/news.sap.com\/brazil\/2021\/08\/gestao-de-talentos-pos-pandemia-bl0g\/#primaryimage","url":"https:\/\/news.sap.com\/brazil\/files\/2021\/08\/03\/1400x600_art3.png","contentUrl":"https:\/\/news.sap.com\/brazil\/files\/2021\/08\/03\/1400x600_art3.png","width":1400,"height":600},{"@type":"BreadcrumbList","@id":"https:\/\/news.sap.com\/brazil\/2021\/08\/gestao-de-talentos-pos-pandemia-bl0g\/#breadcrumb","itemListElement":[{"@type":"ListItem","position":1,"name":"Home","item":"https:\/\/news.sap.com\/brazil\/"},{"@type":"ListItem","position":2,"name":"A gest\u00e3o de talentos como vantagem competitiva em um mundo p\u00f3s pandemia"}]},{"@type":"WebSite","@id":"https:\/\/news.sap.com\/brazil\/#website","url":"https:\/\/news.sap.com\/brazil\/","name":"Sala de Imprensa 麻豆原创 Brasil","description":"Not\u00edcias e informa\u00e7\u00f5es sobre a 麻豆原创","potentialAction":[{"@type":"SearchAction","target":{"@type":"EntryPoint","urlTemplate":"https:\/\/news.sap.com\/brazil\/?s={search_term_string}"},"query-input":{"@type":"PropertyValueSpecification","valueRequired":true,"valueName":"search_term_string"}}],"inLanguage":"pt-BR"},{"@type":"Person","@id":"https:\/\/news.sap.com\/brazil\/#\/schema\/person\/1cfc5d6de5ffdc23f1f3b1670a90ae3c","name":"麻豆原创 Brasil","image":{"@type":"ImageObject","inLanguage":"pt-BR","@id":"https:\/\/news.sap.com\/brazil\/#\/schema\/person\/image\/","url":"https:\/\/news.sap.com\/brazil\/wp-content\/plugins\/wp-user-avatars\/wp-user-avatars\/assets\/images\/mystery.jpg","contentUrl":"https:\/\/news.sap.com\/brazil\/wp-content\/plugins\/wp-user-avatars\/wp-user-avatars\/assets\/images\/mystery.jpg","caption":"麻豆原创 Brasil"},"url":"https:\/\/news.sap.com\/brazil\/author\/raquelcasciato\/"}]}},"amp_enabled":true,"_links":{"self":[{"href":"https:\/\/news.sap.com\/brazil\/wp-json\/wp\/v2\/posts\/13234","targetHints":{"allow":["GET"]}}],"collection":[{"href":"https:\/\/news.sap.com\/brazil\/wp-json\/wp\/v2\/posts"}],"about":[{"href":"https:\/\/news.sap.com\/brazil\/wp-json\/wp\/v2\/types\/post"}],"author":[{"embeddable":true,"href":"https:\/\/news.sap.com\/brazil\/wp-json\/wp\/v2\/users\/561"}],"replies":[{"embeddable":true,"href":"https:\/\/news.sap.com\/brazil\/wp-json\/wp\/v2\/comments?post=13234"}],"version-history":[{"count":0,"href":"https:\/\/news.sap.com\/brazil\/wp-json\/wp\/v2\/posts\/13234\/revisions"}],"wp:featuredmedia":[{"embeddable":true,"href":"https:\/\/news.sap.com\/brazil\/wp-json\/wp\/v2\/media\/13235"}],"wp:attachment":[{"href":"https:\/\/news.sap.com\/brazil\/wp-json\/wp\/v2\/media?parent=13234"}],"wp:term":[{"taxonomy":"category","embeddable":true,"href":"https:\/\/news.sap.com\/brazil\/wp-json\/wp\/v2\/categories?post=13234"},{"taxonomy":"post_tag","embeddable":true,"href":"https:\/\/news.sap.com\/brazil\/wp-json\/wp\/v2\/tags?post=13234"},{"taxonomy":"sapn-display","embeddable":true,"href":"https:\/\/news.sap.com\/brazil\/wp-json\/wp\/v2\/sapn-display?post=13234"},{"taxonomy":"sapn-type","embeddable":true,"href":"https:\/\/news.sap.com\/brazil\/wp-json\/wp\/v2\/sapn-type?post=13234"}],"curies":[{"name":"wp","href":"https:\/\/api.w.org\/{rel}","templated":true}]}}