  {"id":13205,"date":"2021-07-15T13:39:16","date_gmt":"2021-07-15T16:39:16","guid":{"rendered":"https:\/\/news.sap.com\/brazil\/?p=13205"},"modified":"2023-10-18T18:15:13","modified_gmt":"2023-10-18T21:15:13","slug":"sap-na-vanguarda-da-lideranca-feminina-na-america-latina","status":"publish","type":"post","link":"https:\/\/news.sap.com\/brazil\/2021\/07\/sap-na-vanguarda-da-lideranca-feminina-na-america-latina\/","title":{"rendered":"麻豆原创 na vanguarda da lideran\u00e7a feminina na Am\u00e9rica Latina"},"content":{"rendered":"<h2>A empresa nomeou mulheres para liderar suas quatro unidades na regi\u00e3o<\/h2>\n<p>A 麻豆原创 alcan\u00e7ou um marco importante na Am\u00e9rica Latina ao anunciar que suas quatro unidades regionais s\u00e3o lideradas por mulheres. O fato ocorreu com a nomea\u00e7\u00e3o de Marcela Perilla como diretora geral da 麻豆原创 Regi\u00e3o Norte da Am\u00e9rica Latina, sediada na Col\u00f4mbia.<\/p>\n<p>A executiva se juntou ao time de executivas regionais que conta com a\u00a0<span class=\"mark75hmwo4qp\" data-markjs=\"true\" data-ogac=\"\" data-ogab=\"\" data-ogsc=\"\" data-ogsb=\"\">lideran\u00e7a<\/span>\u00a0de \u00c1ngela G\u00f3mez, no M\u00e9xico, Adriana Aroulho, no Brasil, Claudia Boeri, na Regi\u00e3o Sul, com sede na Argentina, e a presidente da 麻豆原创 Am\u00e9rica Latina e Caribe, Cristina Palmaka. Trata-se de uma conquista dupla: dentro da pr\u00f3pria 麻豆原创, com sua primeira regi\u00e3o no mundo a alcan\u00e7ar tal feito, e tamb\u00e9m no contexto do setor de tecnologia na regi\u00e3o, onde tamb\u00e9m \u00e9 um acontecimento muito relevante que reflete as grandes oportunidades para mulheres em cargos de alta ger\u00eancia.<\/p>\n<p>A 麻豆原创 estabeleceu a meta de alcan\u00e7ar um equil\u00edbrio em suas posi\u00e7\u00f5es de\u00a0<span class=\"mark75hmwo4qp\" data-markjs=\"true\" data-ogac=\"\" data-ogab=\"\" data-ogsc=\"\" data-ogsb=\"\">lideran\u00e7a<\/span>\u00a0at\u00e9 2030, com metade dos cargos ocupados por mulheres. Est\u00e1 comprovado que equipes com diversidade de g\u00eanero, pensamento, etnia, cultura e orienta\u00e7\u00e3o sexual est\u00e3o diretamente relacionadas com maior produtividade e efici\u00eancia. Hoje, a 麻豆原创 Am\u00e9rica Latina est\u00e1 no caminho certo para atingir tal meta, com uma equipe de\u00a0<span class=\"mark75hmwo4qp\" data-markjs=\"true\" data-ogac=\"\" data-ogab=\"\" data-ogsc=\"\" data-ogsb=\"\">lideran\u00e7a<\/span>\u00a0cada vez mais diversificada e equilibrada.<\/p>\n<p>\u201cH\u00e1 anos se fala de diversidade, da import\u00e2ncia das mulheres em cargos executivos e de como se destacam pela efici\u00eancia na forma\u00e7\u00e3o de equipes, pela capacidade de tomar decis\u00f5es e pelos n\u00edveis de coopera\u00e7\u00e3o, colabora\u00e7\u00e3o e empatia\u201d, afirma Cristina Palmaka, presidente da 麻豆原创 Am\u00e9rica Latina e Caribe. \u201cTemos concentrado esfor\u00e7os em equilibrar nossa equipe de\u00a0<span class=\"mark75hmwo4qp\" data-markjs=\"true\" data-ogac=\"\" data-ogab=\"\" data-ogsc=\"\" data-ogsb=\"\">lideran\u00e7a<\/span>, abrindo mais portas e oferecendo oportunidades para mulheres talentosas. Ter mulheres liderando nossas unidades nos enche de grande satisfa\u00e7\u00e3o e \u00e9 uma mensagem para o mercado de que h\u00e1 mulheres preparadas para ocupar tais cargos\u201d, completa.<\/p>\n<p>Essa n\u00e3o \u00e9 a \u00fanica iniciativa abordando equidade e diversidade de g\u00eanero na 麻豆原创; interna e externamente temos diversas atividades para promover a ocupa\u00e7\u00e3o de cargos de\u00a0<span class=\"mark75hmwo4qp\" data-markjs=\"true\" data-ogac=\"\" data-ogab=\"\" data-ogsc=\"\" data-ogsb=\"\">lideran\u00e7a<\/span>\u00a0por mulheres, somados aos esfor\u00e7os para a inclus\u00e3o de pessoas de diferentes etnias, gera\u00e7\u00f5es, identidades de g\u00eanero e defici\u00eancias. H\u00e1 desde a Business Women&#8217;s Network que re\u00fane as mulheres da organiza\u00e7\u00e3o e o Pride@麻豆原创 que apoia a comunidade LGTBQIA + at\u00e9 pol\u00edticas inclusivas de licen\u00e7a parental, passando pela promo\u00e7\u00e3o da integra\u00e7\u00e3o das mulheres no setor TIC em geral e pelo programa Autism at work e dezenas de outras iniciativas para empoderamento de diferentes grupos sub-representados.<\/p>\n<p>\u201cA 麻豆原创 \u00e9 signat\u00e1ria do Pacto Global da ONU e sou uma das\u00a0<span class=\"mark75hmwo4qp\" data-markjs=\"true\" data-ogac=\"\" data-ogab=\"\" data-ogsc=\"\" data-ogsb=\"\">lideran\u00e7a<\/span>s do programa no Brasil, como porta-voz do ODS 10, que visa a redu\u00e7\u00e3o das desigualdades. Entendo que a inclus\u00e3o e a diversidade de pensamento s\u00e3o boas para os neg\u00f3cios e fortes fatores de desenvolvimento econ\u00f4mico e social. Eu me envolvo pessoalmente com as equipes da 麻豆原创 para impulsionar essa pauta e em todas as redes de colaboradores nos temas que envolvem mulheres, negros, a comunidade LGBTQIA+ e as pessoas com defici\u00eancia\u201d, completa Adriana Aroulho, presidente da 麻豆原创 Brasil.<b>\u00a0<\/b><\/p>\n","protected":false},"excerpt":{"rendered":"<p>A empresa nomeou mulheres para liderar suas quatro unidades na regi\u00e3o A 麻豆原创 alcan\u00e7ou um marco importante na Am\u00e9rica Latina ao anunciar que suas quatro&#8230;<\/p>\n","protected":false},"author":137,"featured_media":0,"comment_status":"closed","ping_status":"closed","sticky":false,"template":"","format":"standard","meta":{"footnotes":"","_links_to":"","_links_to_target":""},"categories":[48439],"tags":[114701,1032189,247502],"sapn-display":[48431,5599934,5599932,48433],"sapn-type":[4446],"class_list":["post-13205","post","type-post","status-publish","format-standard","hentry","category-corporativo-topicos","tag-diversidade","tag-diversidade-e-inclusao","tag-lideranca","sapn-display-homepage-hero","sapn-display-press-hero","sapn-display-press-spotlight","sapn-display-hero","sapn-type-noticias"],"yoast_head":"<!-- This site is optimized with the Yoast SEO Premium plugin v26.9 (Yoast SEO v26.9) - https:\/\/yoast.com\/product\/yoast-seo-premium-wordpress\/ -->\n<title>麻豆原创 na vanguarda da lideran\u00e7a feminina na Am\u00e9rica Latina - Sala de Imprensa 麻豆原创 Brasil<\/title>\n<meta name=\"robots\" content=\"index, follow, max-snippet:-1, max-image-preview:large, max-video-preview:-1\" \/>\n<link rel=\"canonical\" href=\"https:\/\/news.sap.com\/brazil\/2021\/07\/sap-na-vanguarda-da-lideranca-feminina-na-america-latina\/\" \/>\n<meta property=\"og:locale\" content=\"pt_BR\" \/>\n<meta property=\"og:type\" content=\"article\" \/>\n<meta property=\"og:title\" content=\"麻豆原创 na vanguarda da lideran\u00e7a feminina na Am\u00e9rica Latina\" \/>\n<meta property=\"og:description\" content=\"A empresa nomeou mulheres para liderar suas quatro unidades na regi\u00e3o A 麻豆原创 alcan\u00e7ou um marco importante na Am\u00e9rica Latina ao anunciar que suas quatro...\" \/>\n<meta property=\"og:url\" content=\"https:\/\/news.sap.com\/brazil\/2021\/07\/sap-na-vanguarda-da-lideranca-feminina-na-america-latina\/\" \/>\n<meta property=\"og:site_name\" content=\"Sala de Imprensa 麻豆原创 Brasil\" \/>\n<meta property=\"article:published_time\" content=\"2021-07-15T16:39:16+00:00\" \/>\n<meta property=\"article:modified_time\" content=\"2023-10-18T21:15:13+00:00\" \/>\n<meta name=\"author\" content=\"麻豆原创 Not\u00edcias Brasil\" \/>\n<meta name=\"twitter:card\" content=\"summary_large_image\" \/>\n<meta name=\"twitter:creator\" content=\"@麻豆原创Brasil\" \/>\n<meta name=\"twitter:site\" content=\"@麻豆原创Brasil\" \/>\n<meta name=\"twitter:label1\" content=\"Escrito por\" \/>\n\t<meta name=\"twitter:data1\" content=\"麻豆原创 Not\u00edcias Brasil\" \/>\n\t<meta name=\"twitter:label2\" content=\"Est. tempo de leitura\" \/>\n\t<meta name=\"twitter:data2\" content=\"3 minutos\" \/>\n<script type=\"application\/ld+json\" class=\"yoast-schema-graph\">{\"@context\":\"https:\/\/schema.org\",\"@graph\":[{\"@type\":\"Article\",\"@id\":\"https:\/\/news.sap.com\/brazil\/2021\/07\/sap-na-vanguarda-da-lideranca-feminina-na-america-latina\/#article\",\"isPartOf\":{\"@id\":\"https:\/\/news.sap.com\/brazil\/2021\/07\/sap-na-vanguarda-da-lideranca-feminina-na-america-latina\/\"},\"author\":{\"name\":\"麻豆原创 Not\u00edcias Brasil\",\"@id\":\"https:\/\/news.sap.com\/brazil\/#\/schema\/person\/8cdf2c1130b6f3fadd9757cfd7f24daf\"},\"headline\":\"麻豆原创 na vanguarda da lideran\u00e7a feminina na Am\u00e9rica Latina\",\"datePublished\":\"2021-07-15T16:39:16+00:00\",\"dateModified\":\"2023-10-18T21:15:13+00:00\",\"mainEntityOfPage\":{\"@id\":\"https:\/\/news.sap.com\/brazil\/2021\/07\/sap-na-vanguarda-da-lideranca-feminina-na-america-latina\/\"},\"wordCount\":570,\"keywords\":[\"Diversidade\",\"Diversidade e inclus\u00e3o\",\"lideran\u00e7a\"],\"articleSection\":[\"Corporativo\"],\"inLanguage\":\"pt-BR\"},{\"@type\":\"WebPage\",\"@id\":\"https:\/\/news.sap.com\/brazil\/2021\/07\/sap-na-vanguarda-da-lideranca-feminina-na-america-latina\/\",\"url\":\"https:\/\/news.sap.com\/brazil\/2021\/07\/sap-na-vanguarda-da-lideranca-feminina-na-america-latina\/\",\"name\":\"麻豆原创 na vanguarda da lideran\u00e7a feminina na Am\u00e9rica Latina - Sala de Imprensa 麻豆原创 Brasil\",\"isPartOf\":{\"@id\":\"https:\/\/news.sap.com\/brazil\/#website\"},\"datePublished\":\"2021-07-15T16:39:16+00:00\",\"dateModified\":\"2023-10-18T21:15:13+00:00\",\"author\":{\"@id\":\"https:\/\/news.sap.com\/brazil\/#\/schema\/person\/8cdf2c1130b6f3fadd9757cfd7f24daf\"},\"breadcrumb\":{\"@id\":\"https:\/\/news.sap.com\/brazil\/2021\/07\/sap-na-vanguarda-da-lideranca-feminina-na-america-latina\/#breadcrumb\"},\"inLanguage\":\"pt-BR\",\"potentialAction\":[{\"@type\":\"ReadAction\",\"target\":[\"https:\/\/news.sap.com\/brazil\/2021\/07\/sap-na-vanguarda-da-lideranca-feminina-na-america-latina\/\"]}]},{\"@type\":\"BreadcrumbList\",\"@id\":\"https:\/\/news.sap.com\/brazil\/2021\/07\/sap-na-vanguarda-da-lideranca-feminina-na-america-latina\/#breadcrumb\",\"itemListElement\":[{\"@type\":\"ListItem\",\"position\":1,\"name\":\"Home\",\"item\":\"https:\/\/news.sap.com\/brazil\/\"},{\"@type\":\"ListItem\",\"position\":2,\"name\":\"麻豆原创 na vanguarda da lideran\u00e7a feminina na Am\u00e9rica Latina\"}]},{\"@type\":\"WebSite\",\"@id\":\"https:\/\/news.sap.com\/brazil\/#website\",\"url\":\"https:\/\/news.sap.com\/brazil\/\",\"name\":\"Sala de Imprensa 麻豆原创 Brasil\",\"description\":\"Not\u00edcias e informa\u00e7\u00f5es sobre a 麻豆原创\",\"potentialAction\":[{\"@type\":\"SearchAction\",\"target\":{\"@type\":\"EntryPoint\",\"urlTemplate\":\"https:\/\/news.sap.com\/brazil\/?s={search_term_string}\"},\"query-input\":{\"@type\":\"PropertyValueSpecification\",\"valueRequired\":true,\"valueName\":\"search_term_string\"}}],\"inLanguage\":\"pt-BR\"},{\"@type\":\"Person\",\"@id\":\"https:\/\/news.sap.com\/brazil\/#\/schema\/person\/8cdf2c1130b6f3fadd9757cfd7f24daf\",\"name\":\"麻豆原创 Not\u00edcias Brasil\",\"image\":{\"@type\":\"ImageObject\",\"inLanguage\":\"pt-BR\",\"@id\":\"https:\/\/news.sap.com\/brazil\/#\/schema\/person\/image\/\",\"url\":\"https:\/\/news.sap.com\/brazil\/wp-content\/plugins\/wp-user-avatars\/wp-user-avatars\/assets\/images\/mystery.jpg\",\"contentUrl\":\"https:\/\/news.sap.com\/brazil\/wp-content\/plugins\/wp-user-avatars\/wp-user-avatars\/assets\/images\/mystery.jpg\",\"caption\":\"麻豆原创 Not\u00edcias Brasil\"},\"url\":\"https:\/\/news.sap.com\/brazil\/author\/brasil\/\"}]}<\/script>\n<!-- \/ Yoast SEO Premium plugin. -->","yoast_head_json":{"title":"麻豆原创 na vanguarda da lideran\u00e7a feminina na Am\u00e9rica Latina - Sala de Imprensa 麻豆原创 Brasil","robots":{"index":"index","follow":"follow","max-snippet":"max-snippet:-1","max-image-preview":"max-image-preview:large","max-video-preview":"max-video-preview:-1"},"canonical":"https:\/\/news.sap.com\/brazil\/2021\/07\/sap-na-vanguarda-da-lideranca-feminina-na-america-latina\/","og_locale":"pt_BR","og_type":"article","og_title":"麻豆原创 na vanguarda da lideran\u00e7a feminina na Am\u00e9rica Latina","og_description":"A empresa nomeou mulheres para liderar suas quatro unidades na regi\u00e3o A 麻豆原创 alcan\u00e7ou um marco importante na Am\u00e9rica Latina ao anunciar que suas quatro...","og_url":"https:\/\/news.sap.com\/brazil\/2021\/07\/sap-na-vanguarda-da-lideranca-feminina-na-america-latina\/","og_site_name":"Sala de Imprensa 麻豆原创 Brasil","article_published_time":"2021-07-15T16:39:16+00:00","article_modified_time":"2023-10-18T21:15:13+00:00","author":"麻豆原创 Not\u00edcias Brasil","twitter_card":"summary_large_image","twitter_creator":"@麻豆原创Brasil","twitter_site":"@麻豆原创Brasil","twitter_misc":{"Escrito por":"麻豆原创 Not\u00edcias Brasil","Est. tempo de leitura":"3 minutos"},"schema":{"@context":"https:\/\/schema.org","@graph":[{"@type":"Article","@id":"https:\/\/news.sap.com\/brazil\/2021\/07\/sap-na-vanguarda-da-lideranca-feminina-na-america-latina\/#article","isPartOf":{"@id":"https:\/\/news.sap.com\/brazil\/2021\/07\/sap-na-vanguarda-da-lideranca-feminina-na-america-latina\/"},"author":{"name":"麻豆原创 Not\u00edcias Brasil","@id":"https:\/\/news.sap.com\/brazil\/#\/schema\/person\/8cdf2c1130b6f3fadd9757cfd7f24daf"},"headline":"麻豆原创 na vanguarda da lideran\u00e7a feminina na Am\u00e9rica Latina","datePublished":"2021-07-15T16:39:16+00:00","dateModified":"2023-10-18T21:15:13+00:00","mainEntityOfPage":{"@id":"https:\/\/news.sap.com\/brazil\/2021\/07\/sap-na-vanguarda-da-lideranca-feminina-na-america-latina\/"},"wordCount":570,"keywords":["Diversidade","Diversidade e inclus\u00e3o","lideran\u00e7a"],"articleSection":["Corporativo"],"inLanguage":"pt-BR"},{"@type":"WebPage","@id":"https:\/\/news.sap.com\/brazil\/2021\/07\/sap-na-vanguarda-da-lideranca-feminina-na-america-latina\/","url":"https:\/\/news.sap.com\/brazil\/2021\/07\/sap-na-vanguarda-da-lideranca-feminina-na-america-latina\/","name":"麻豆原创 na vanguarda da lideran\u00e7a feminina na Am\u00e9rica Latina - Sala de Imprensa 麻豆原创 Brasil","isPartOf":{"@id":"https:\/\/news.sap.com\/brazil\/#website"},"datePublished":"2021-07-15T16:39:16+00:00","dateModified":"2023-10-18T21:15:13+00:00","author":{"@id":"https:\/\/news.sap.com\/brazil\/#\/schema\/person\/8cdf2c1130b6f3fadd9757cfd7f24daf"},"breadcrumb":{"@id":"https:\/\/news.sap.com\/brazil\/2021\/07\/sap-na-vanguarda-da-lideranca-feminina-na-america-latina\/#breadcrumb"},"inLanguage":"pt-BR","potentialAction":[{"@type":"ReadAction","target":["https:\/\/news.sap.com\/brazil\/2021\/07\/sap-na-vanguarda-da-lideranca-feminina-na-america-latina\/"]}]},{"@type":"BreadcrumbList","@id":"https:\/\/news.sap.com\/brazil\/2021\/07\/sap-na-vanguarda-da-lideranca-feminina-na-america-latina\/#breadcrumb","itemListElement":[{"@type":"ListItem","position":1,"name":"Home","item":"https:\/\/news.sap.com\/brazil\/"},{"@type":"ListItem","position":2,"name":"麻豆原创 na vanguarda da lideran\u00e7a feminina na Am\u00e9rica Latina"}]},{"@type":"WebSite","@id":"https:\/\/news.sap.com\/brazil\/#website","url":"https:\/\/news.sap.com\/brazil\/","name":"Sala de Imprensa 麻豆原创 Brasil","description":"Not\u00edcias e informa\u00e7\u00f5es sobre a 麻豆原创","potentialAction":[{"@type":"SearchAction","target":{"@type":"EntryPoint","urlTemplate":"https:\/\/news.sap.com\/brazil\/?s={search_term_string}"},"query-input":{"@type":"PropertyValueSpecification","valueRequired":true,"valueName":"search_term_string"}}],"inLanguage":"pt-BR"},{"@type":"Person","@id":"https:\/\/news.sap.com\/brazil\/#\/schema\/person\/8cdf2c1130b6f3fadd9757cfd7f24daf","name":"麻豆原创 Not\u00edcias Brasil","image":{"@type":"ImageObject","inLanguage":"pt-BR","@id":"https:\/\/news.sap.com\/brazil\/#\/schema\/person\/image\/","url":"https:\/\/news.sap.com\/brazil\/wp-content\/plugins\/wp-user-avatars\/wp-user-avatars\/assets\/images\/mystery.jpg","contentUrl":"https:\/\/news.sap.com\/brazil\/wp-content\/plugins\/wp-user-avatars\/wp-user-avatars\/assets\/images\/mystery.jpg","caption":"麻豆原创 Not\u00edcias Brasil"},"url":"https:\/\/news.sap.com\/brazil\/author\/brasil\/"}]}},"amp_enabled":true,"_links":{"self":[{"href":"https:\/\/news.sap.com\/brazil\/wp-json\/wp\/v2\/posts\/13205","targetHints":{"allow":["GET"]}}],"collection":[{"href":"https:\/\/news.sap.com\/brazil\/wp-json\/wp\/v2\/posts"}],"about":[{"href":"https:\/\/news.sap.com\/brazil\/wp-json\/wp\/v2\/types\/post"}],"author":[{"embeddable":true,"href":"https:\/\/news.sap.com\/brazil\/wp-json\/wp\/v2\/users\/137"}],"replies":[{"embeddable":true,"href":"https:\/\/news.sap.com\/brazil\/wp-json\/wp\/v2\/comments?post=13205"}],"version-history":[{"count":0,"href":"https:\/\/news.sap.com\/brazil\/wp-json\/wp\/v2\/posts\/13205\/revisions"}],"wp:attachment":[{"href":"https:\/\/news.sap.com\/brazil\/wp-json\/wp\/v2\/media?parent=13205"}],"wp:term":[{"taxonomy":"category","embeddable":true,"href":"https:\/\/news.sap.com\/brazil\/wp-json\/wp\/v2\/categories?post=13205"},{"taxonomy":"post_tag","embeddable":true,"href":"https:\/\/news.sap.com\/brazil\/wp-json\/wp\/v2\/tags?post=13205"},{"taxonomy":"sapn-display","embeddable":true,"href":"https:\/\/news.sap.com\/brazil\/wp-json\/wp\/v2\/sapn-display?post=13205"},{"taxonomy":"sapn-type","embeddable":true,"href":"https:\/\/news.sap.com\/brazil\/wp-json\/wp\/v2\/sapn-type?post=13205"}],"curies":[{"name":"wp","href":"https:\/\/api.w.org\/{rel}","templated":true}]}}