  {"id":13179,"date":"2021-07-06T14:21:01","date_gmt":"2021-07-06T17:21:01","guid":{"rendered":"https:\/\/news.sap.com\/brazil\/?p=13179"},"modified":"2023-10-18T18:15:18","modified_gmt":"2023-10-18T21:15:18","slug":"sap-e-socialab-anunciam-nova-edicao-de-competicao-de-empreendedorismo-social-e-ambiental-na-america-latina","status":"publish","type":"post","link":"https:\/\/news.sap.com\/brazil\/2021\/07\/sap-e-socialab-anunciam-nova-edicao-de-competicao-de-empreendedorismo-social-e-ambiental-na-america-latina\/","title":{"rendered":"麻豆原创 e Socialab anunciam nova edi\u00e7\u00e3o de competi\u00e7\u00e3o de empreendedorismo social e ambiental na Am\u00e9rica Latina"},"content":{"rendered":"<h2>Com inscri\u00e7\u00f5es abertas at\u00e9 13 de julho, o Social Innomarathon 2021 \u00e9 destinado a startups latino-americanas que contribuam para o cumprimento de determinados Objetivos de Desenvolvimento Sustent\u00e1vel, da ONU<\/h2>\n<p>A 麻豆原创, em parceria com o Socialab, anuncia a nova edi\u00e7\u00e3o da Social Innomarathon, competi\u00e7\u00e3o regional que busca promover o empreendedorismo na Am\u00e9rica Latina com foco na solu\u00e7\u00e3o de problemas sociais ou ambientais por meio de modelos de neg\u00f3cios sustent\u00e1veis \u200b\u200bque utilizam tecnologias, ferramentas digitais ou gest\u00e3o de dados de forma inovadora.<\/p>\n<p>Este ano o desafio \u00e9 voltado para projetos latino-americanos que, por meio da inova\u00e7\u00e3o aberta, contribuam para o cumprimento de um dos seguintes Objetivos de Desenvolvimento Sustent\u00e1vel (ODS), da ONU: Fim da pobreza; Fome Zero; Educa\u00e7\u00e3o de Qualidade; Trabalho Decente e Crescimento econ\u00f4mico das comunidades.<\/p>\n<p>A iniciativa busca empreendimentos que tenham uma vis\u00e3o clara de crescimento e sustentabilidade de longo prazo em seus neg\u00f3cios. Alguns dos requisitos que os projetos inscritos devem atender s\u00e3o: ter um produto ou servi\u00e7o no mercado que seja comercializado de forma recorrente h\u00e1 pelo menos seis meses; atuar em um pa\u00eds da Am\u00e9rica Latina; e contar com, pelo menos, uma pessoa dedicada em tempo integral aos projetos e que receba remunera\u00e7\u00e3o.<\/p>\n<p>\u201cMais do que sermos sustent\u00e1veis, a 麻豆原创 atua para habilitar a sustentabilidade de empresas de variados segmentos do mercado. Entendemos que a tecnologia \u00e9 uma ferramenta capaz de fazer o mundo funcionar melhor e de levar mais oportunidades \u00e0 sociedade. Essa competi\u00e7\u00e3o saud\u00e1vel entre startups visa justamente revelarmos o que h\u00e1 de mais inovador e transformador, e os impactos dessas solu\u00e7\u00f5es em termos ambientais e sociais\u201d, afirma Matheus Souza, Chief Digital Transformation Officer do 麻豆原创 Labs Latin America.<\/p>\n<p>As inscri\u00e7\u00f5es s\u00e3o gratuitas e est\u00e3o abertas at\u00e9 13 de julho. Posteriormente, os projetos ser\u00e3o avaliados, e 20 deles ser\u00e3o selecionados para a etapa de aprofundamento. Nessa fase, os trabalhos ter\u00e3o suas potencialidades analisadas em conjunto com mentores. Na sequ\u00eancia, 12 finalistas ser\u00e3o escolhidos para participar, em novembro, de um encontro de acelera\u00e7\u00e3o, treinamento e inspira\u00e7\u00e3o.<\/p>\n<p>A startup\u00a0vencedora receber\u00e1 um pr\u00eamio de US$ 6 mil para investir em seu projeto, al\u00e9m de acompanhamento personalizado de um consultor do 麻豆原创 Labs por um ano. O objetivo da assessoria \u00e9 fortalecer o projeto e ampliar as chances da vencedora de se tornar um dos parceiros da 麻豆原创, possibilitando conectar-se com mais de 400 mil clientes da empresa no mundo. A Socialab tamb\u00e9m oferecer\u00e1 apoio para que o modelo de neg\u00f3cios da vencedora seja \u2018<em>Hippietalista\u2019<\/em>, ou seja, que a empresa possa gerar lucro financeiro e impacto socioambiental simultaneamente.<\/p>\n<p>Nas edi\u00e7\u00f5es anteriores, os projetos vencedores foram:<\/p>\n<ul>\n<li>2017 \u2013\u00a0<a href=\"https:\/\/www.bikelite.io\/\">Bikelite<\/a>\u00a0(Chile): solu\u00e7\u00e3o para que ciclistas utilizando GPS criem rotas seguras para evitar acidentes e situa\u00e7\u00f5es como roubo ou ruas em m\u00e1s condi\u00e7\u00f5es.<\/li>\n<li>2018 \u2013 Ecolones (Costa Rica): rede de pessoas que reciclam e trocam res\u00edduos por criptomoedas para uso em lojas.<\/li>\n<li>2019 \u2013\u00a0<a href=\"https:\/\/nilus.online\/\">Nilus<\/a>\u00a0(Argentina): plataforma que conecta empresas de alimentos com produtos prestes a serem descartados com cozinhas populares.<\/li>\n<li>2020 &#8211; <em>\u00a0<\/em><a href=\"https:\/\/www.instagram.com\/sdwforall\/?hl=es-la\">Safe Drinking Water For All<\/a>\u00a0&#8211; SDW (Brasil), startup concentrada em promover a democratiza\u00e7\u00e3o do acesso \u00e0 \u00e1gua pot\u00e1vel e ao saneamento b\u00e1sico nas comunidades mais carentes por meio de solu\u00e7\u00f5es inovadoras.<\/li>\n<\/ul>\n<p>As inscri\u00e7\u00f5es podem ser feitas em <a href=\"https:\/\/comunidad.socialab.com\/challenges\/SocialInnomarathon2021\">Social Innomarathon<\/a>.<\/p>\n","protected":false},"excerpt":{"rendered":"<p>Com inscri\u00e7\u00f5es abertas at\u00e9 13 de julho, o Social Innomarathon 2021 \u00e9 destinado a startups latino-americanas que contribuam para o cumprimento de determinados Objetivos de&#8230;<\/p>\n","protected":false},"author":137,"featured_media":12867,"comment_status":"closed","ping_status":"closed","sticky":false,"template":"","format":"standard","meta":{"footnotes":"","_links_to":"","_links_to_target":""},"categories":[52858],"tags":[18993,16615],"sapn-display":[48431,5599934,5599932,48433],"sapn-type":[4446],"class_list":["post-13179","post","type-post","status-publish","format-standard","has-post-thumbnail","hentry","category-sustentabilidade-topicos","tag-inovacao","tag-sustentabilidade","sapn-display-homepage-hero","sapn-display-press-hero","sapn-display-press-spotlight","sapn-display-hero","sapn-type-noticias"],"yoast_head":"<!-- This site is optimized with the Yoast SEO Premium plugin v26.9 (Yoast SEO v26.9) - https:\/\/yoast.com\/product\/yoast-seo-premium-wordpress\/ -->\n<title>麻豆原创 e Socialab anunciam nova edi\u00e7\u00e3o de competi\u00e7\u00e3o de empreendedorismo social e ambiental na Am\u00e9rica Latina - Sala de Imprensa 麻豆原创 Brasil<\/title>\n<meta name=\"robots\" content=\"index, follow, max-snippet:-1, max-image-preview:large, max-video-preview:-1\" \/>\n<link rel=\"canonical\" href=\"https:\/\/news.sap.com\/brazil\/2021\/07\/sap-e-socialab-anunciam-nova-edicao-de-competicao-de-empreendedorismo-social-e-ambiental-na-america-latina\/\" \/>\n<meta property=\"og:locale\" content=\"pt_BR\" \/>\n<meta property=\"og:type\" content=\"article\" \/>\n<meta property=\"og:title\" content=\"麻豆原创 e Socialab anunciam nova edi\u00e7\u00e3o de competi\u00e7\u00e3o de empreendedorismo social e ambiental na Am\u00e9rica Latina\" \/>\n<meta property=\"og:description\" content=\"Com inscri\u00e7\u00f5es abertas at\u00e9 13 de julho, o Social Innomarathon 2021 \u00e9 destinado a startups latino-americanas que contribuam para o cumprimento de determinados Objetivos de...\" \/>\n<meta property=\"og:url\" content=\"https:\/\/news.sap.com\/brazil\/2021\/07\/sap-e-socialab-anunciam-nova-edicao-de-competicao-de-empreendedorismo-social-e-ambiental-na-america-latina\/\" \/>\n<meta property=\"og:site_name\" content=\"Sala de Imprensa 麻豆原创 Brasil\" \/>\n<meta property=\"article:published_time\" content=\"2021-07-06T17:21:01+00:00\" \/>\n<meta property=\"article:modified_time\" content=\"2023-10-18T21:15:18+00:00\" \/>\n<meta property=\"og:image\" content=\"https:\/\/news.sap.com\/brazil\/files\/2021\/03\/01\/dest-1.jpg\" \/>\n\t<meta property=\"og:image:width\" content=\"1400\" \/>\n\t<meta property=\"og:image:height\" content=\"601\" \/>\n\t<meta property=\"og:image:type\" content=\"image\/jpeg\" \/>\n<meta name=\"author\" content=\"麻豆原创 Not\u00edcias Brasil\" \/>\n<meta name=\"twitter:card\" content=\"summary_large_image\" \/>\n<meta name=\"twitter:creator\" content=\"@麻豆原创Brasil\" \/>\n<meta name=\"twitter:site\" content=\"@麻豆原创Brasil\" \/>\n<meta name=\"twitter:label1\" content=\"Escrito por\" \/>\n\t<meta name=\"twitter:data1\" content=\"麻豆原创 Not\u00edcias Brasil\" \/>\n\t<meta name=\"twitter:label2\" content=\"Est. tempo de leitura\" \/>\n\t<meta name=\"twitter:data2\" content=\"3 minutos\" \/>\n<script type=\"application\/ld+json\" class=\"yoast-schema-graph\">{\"@context\":\"https:\/\/schema.org\",\"@graph\":[{\"@type\":\"Article\",\"@id\":\"https:\/\/news.sap.com\/brazil\/2021\/07\/sap-e-socialab-anunciam-nova-edicao-de-competicao-de-empreendedorismo-social-e-ambiental-na-america-latina\/#article\",\"isPartOf\":{\"@id\":\"https:\/\/news.sap.com\/brazil\/2021\/07\/sap-e-socialab-anunciam-nova-edicao-de-competicao-de-empreendedorismo-social-e-ambiental-na-america-latina\/\"},\"author\":{\"name\":\"麻豆原创 Not\u00edcias Brasil\",\"@id\":\"https:\/\/news.sap.com\/brazil\/#\/schema\/person\/8cdf2c1130b6f3fadd9757cfd7f24daf\"},\"headline\":\"麻豆原创 e Socialab anunciam nova edi\u00e7\u00e3o de competi\u00e7\u00e3o de empreendedorismo social e ambiental na Am\u00e9rica Latina\",\"datePublished\":\"2021-07-06T17:21:01+00:00\",\"dateModified\":\"2023-10-18T21:15:18+00:00\",\"mainEntityOfPage\":{\"@id\":\"https:\/\/news.sap.com\/brazil\/2021\/07\/sap-e-socialab-anunciam-nova-edicao-de-competicao-de-empreendedorismo-social-e-ambiental-na-america-latina\/\"},\"wordCount\":581,\"image\":{\"@id\":\"https:\/\/news.sap.com\/brazil\/2021\/07\/sap-e-socialab-anunciam-nova-edicao-de-competicao-de-empreendedorismo-social-e-ambiental-na-america-latina\/#primaryimage\"},\"thumbnailUrl\":\"https:\/\/news.sap.com\/brazil\/files\/2021\/03\/01\/dest-1.jpg\",\"keywords\":[\"inova\u00e7\u00e3o\",\"sustentabilidade\"],\"articleSection\":[\"Sustentabilidade\"],\"inLanguage\":\"pt-BR\"},{\"@type\":\"WebPage\",\"@id\":\"https:\/\/news.sap.com\/brazil\/2021\/07\/sap-e-socialab-anunciam-nova-edicao-de-competicao-de-empreendedorismo-social-e-ambiental-na-america-latina\/\",\"url\":\"https:\/\/news.sap.com\/brazil\/2021\/07\/sap-e-socialab-anunciam-nova-edicao-de-competicao-de-empreendedorismo-social-e-ambiental-na-america-latina\/\",\"name\":\"麻豆原创 e Socialab anunciam nova edi\u00e7\u00e3o de competi\u00e7\u00e3o de empreendedorismo social e ambiental na Am\u00e9rica Latina - Sala de Imprensa 麻豆原创 Brasil\",\"isPartOf\":{\"@id\":\"https:\/\/news.sap.com\/brazil\/#website\"},\"primaryImageOfPage\":{\"@id\":\"https:\/\/news.sap.com\/brazil\/2021\/07\/sap-e-socialab-anunciam-nova-edicao-de-competicao-de-empreendedorismo-social-e-ambiental-na-america-latina\/#primaryimage\"},\"image\":{\"@id\":\"https:\/\/news.sap.com\/brazil\/2021\/07\/sap-e-socialab-anunciam-nova-edicao-de-competicao-de-empreendedorismo-social-e-ambiental-na-america-latina\/#primaryimage\"},\"thumbnailUrl\":\"https:\/\/news.sap.com\/brazil\/files\/2021\/03\/01\/dest-1.jpg\",\"datePublished\":\"2021-07-06T17:21:01+00:00\",\"dateModified\":\"2023-10-18T21:15:18+00:00\",\"author\":{\"@id\":\"https:\/\/news.sap.com\/brazil\/#\/schema\/person\/8cdf2c1130b6f3fadd9757cfd7f24daf\"},\"breadcrumb\":{\"@id\":\"https:\/\/news.sap.com\/brazil\/2021\/07\/sap-e-socialab-anunciam-nova-edicao-de-competicao-de-empreendedorismo-social-e-ambiental-na-america-latina\/#breadcrumb\"},\"inLanguage\":\"pt-BR\",\"potentialAction\":[{\"@type\":\"ReadAction\",\"target\":[\"https:\/\/news.sap.com\/brazil\/2021\/07\/sap-e-socialab-anunciam-nova-edicao-de-competicao-de-empreendedorismo-social-e-ambiental-na-america-latina\/\"]}]},{\"@type\":\"ImageObject\",\"inLanguage\":\"pt-BR\",\"@id\":\"https:\/\/news.sap.com\/brazil\/2021\/07\/sap-e-socialab-anunciam-nova-edicao-de-competicao-de-empreendedorismo-social-e-ambiental-na-america-latina\/#primaryimage\",\"url\":\"https:\/\/news.sap.com\/brazil\/files\/2021\/03\/01\/dest-1.jpg\",\"contentUrl\":\"https:\/\/news.sap.com\/brazil\/files\/2021\/03\/01\/dest-1.jpg\",\"width\":1400,\"height\":601},{\"@type\":\"BreadcrumbList\",\"@id\":\"https:\/\/news.sap.com\/brazil\/2021\/07\/sap-e-socialab-anunciam-nova-edicao-de-competicao-de-empreendedorismo-social-e-ambiental-na-america-latina\/#breadcrumb\",\"itemListElement\":[{\"@type\":\"ListItem\",\"position\":1,\"name\":\"Home\",\"item\":\"https:\/\/news.sap.com\/brazil\/\"},{\"@type\":\"ListItem\",\"position\":2,\"name\":\"麻豆原创 e Socialab anunciam nova edi\u00e7\u00e3o de competi\u00e7\u00e3o de empreendedorismo social e ambiental na Am\u00e9rica Latina\"}]},{\"@type\":\"WebSite\",\"@id\":\"https:\/\/news.sap.com\/brazil\/#website\",\"url\":\"https:\/\/news.sap.com\/brazil\/\",\"name\":\"Sala de Imprensa 麻豆原创 Brasil\",\"description\":\"Not\u00edcias e informa\u00e7\u00f5es sobre a 麻豆原创\",\"potentialAction\":[{\"@type\":\"SearchAction\",\"target\":{\"@type\":\"EntryPoint\",\"urlTemplate\":\"https:\/\/news.sap.com\/brazil\/?s={search_term_string}\"},\"query-input\":{\"@type\":\"PropertyValueSpecification\",\"valueRequired\":true,\"valueName\":\"search_term_string\"}}],\"inLanguage\":\"pt-BR\"},{\"@type\":\"Person\",\"@id\":\"https:\/\/news.sap.com\/brazil\/#\/schema\/person\/8cdf2c1130b6f3fadd9757cfd7f24daf\",\"name\":\"麻豆原创 Not\u00edcias Brasil\",\"image\":{\"@type\":\"ImageObject\",\"inLanguage\":\"pt-BR\",\"@id\":\"https:\/\/news.sap.com\/brazil\/#\/schema\/person\/image\/\",\"url\":\"https:\/\/news.sap.com\/brazil\/wp-content\/plugins\/wp-user-avatars\/wp-user-avatars\/assets\/images\/mystery.jpg\",\"contentUrl\":\"https:\/\/news.sap.com\/brazil\/wp-content\/plugins\/wp-user-avatars\/wp-user-avatars\/assets\/images\/mystery.jpg\",\"caption\":\"麻豆原创 Not\u00edcias Brasil\"},\"url\":\"https:\/\/news.sap.com\/brazil\/author\/brasil\/\"}]}<\/script>\n<!-- \/ Yoast SEO Premium plugin. -->","yoast_head_json":{"title":"麻豆原创 e Socialab anunciam nova edi\u00e7\u00e3o de competi\u00e7\u00e3o de empreendedorismo social e ambiental na Am\u00e9rica Latina - Sala de Imprensa 麻豆原创 Brasil","robots":{"index":"index","follow":"follow","max-snippet":"max-snippet:-1","max-image-preview":"max-image-preview:large","max-video-preview":"max-video-preview:-1"},"canonical":"https:\/\/news.sap.com\/brazil\/2021\/07\/sap-e-socialab-anunciam-nova-edicao-de-competicao-de-empreendedorismo-social-e-ambiental-na-america-latina\/","og_locale":"pt_BR","og_type":"article","og_title":"麻豆原创 e Socialab anunciam nova edi\u00e7\u00e3o de competi\u00e7\u00e3o de empreendedorismo social e ambiental na Am\u00e9rica Latina","og_description":"Com inscri\u00e7\u00f5es abertas at\u00e9 13 de julho, o Social Innomarathon 2021 \u00e9 destinado a startups latino-americanas que contribuam para o cumprimento de determinados Objetivos de...","og_url":"https:\/\/news.sap.com\/brazil\/2021\/07\/sap-e-socialab-anunciam-nova-edicao-de-competicao-de-empreendedorismo-social-e-ambiental-na-america-latina\/","og_site_name":"Sala de Imprensa 麻豆原创 Brasil","article_published_time":"2021-07-06T17:21:01+00:00","article_modified_time":"2023-10-18T21:15:18+00:00","og_image":[{"width":1400,"height":601,"url":"https:\/\/news.sap.com\/brazil\/files\/2021\/03\/01\/dest-1.jpg","type":"image\/jpeg"}],"author":"麻豆原创 Not\u00edcias Brasil","twitter_card":"summary_large_image","twitter_creator":"@麻豆原创Brasil","twitter_site":"@麻豆原创Brasil","twitter_misc":{"Escrito por":"麻豆原创 Not\u00edcias Brasil","Est. tempo de leitura":"3 minutos"},"schema":{"@context":"https:\/\/schema.org","@graph":[{"@type":"Article","@id":"https:\/\/news.sap.com\/brazil\/2021\/07\/sap-e-socialab-anunciam-nova-edicao-de-competicao-de-empreendedorismo-social-e-ambiental-na-america-latina\/#article","isPartOf":{"@id":"https:\/\/news.sap.com\/brazil\/2021\/07\/sap-e-socialab-anunciam-nova-edicao-de-competicao-de-empreendedorismo-social-e-ambiental-na-america-latina\/"},"author":{"name":"麻豆原创 Not\u00edcias Brasil","@id":"https:\/\/news.sap.com\/brazil\/#\/schema\/person\/8cdf2c1130b6f3fadd9757cfd7f24daf"},"headline":"麻豆原创 e Socialab anunciam nova edi\u00e7\u00e3o de competi\u00e7\u00e3o de empreendedorismo social e ambiental na Am\u00e9rica Latina","datePublished":"2021-07-06T17:21:01+00:00","dateModified":"2023-10-18T21:15:18+00:00","mainEntityOfPage":{"@id":"https:\/\/news.sap.com\/brazil\/2021\/07\/sap-e-socialab-anunciam-nova-edicao-de-competicao-de-empreendedorismo-social-e-ambiental-na-america-latina\/"},"wordCount":581,"image":{"@id":"https:\/\/news.sap.com\/brazil\/2021\/07\/sap-e-socialab-anunciam-nova-edicao-de-competicao-de-empreendedorismo-social-e-ambiental-na-america-latina\/#primaryimage"},"thumbnailUrl":"https:\/\/news.sap.com\/brazil\/files\/2021\/03\/01\/dest-1.jpg","keywords":["inova\u00e7\u00e3o","sustentabilidade"],"articleSection":["Sustentabilidade"],"inLanguage":"pt-BR"},{"@type":"WebPage","@id":"https:\/\/news.sap.com\/brazil\/2021\/07\/sap-e-socialab-anunciam-nova-edicao-de-competicao-de-empreendedorismo-social-e-ambiental-na-america-latina\/","url":"https:\/\/news.sap.com\/brazil\/2021\/07\/sap-e-socialab-anunciam-nova-edicao-de-competicao-de-empreendedorismo-social-e-ambiental-na-america-latina\/","name":"麻豆原创 e Socialab anunciam nova edi\u00e7\u00e3o de competi\u00e7\u00e3o de empreendedorismo social e ambiental na Am\u00e9rica Latina - Sala de Imprensa 麻豆原创 Brasil","isPartOf":{"@id":"https:\/\/news.sap.com\/brazil\/#website"},"primaryImageOfPage":{"@id":"https:\/\/news.sap.com\/brazil\/2021\/07\/sap-e-socialab-anunciam-nova-edicao-de-competicao-de-empreendedorismo-social-e-ambiental-na-america-latina\/#primaryimage"},"image":{"@id":"https:\/\/news.sap.com\/brazil\/2021\/07\/sap-e-socialab-anunciam-nova-edicao-de-competicao-de-empreendedorismo-social-e-ambiental-na-america-latina\/#primaryimage"},"thumbnailUrl":"https:\/\/news.sap.com\/brazil\/files\/2021\/03\/01\/dest-1.jpg","datePublished":"2021-07-06T17:21:01+00:00","dateModified":"2023-10-18T21:15:18+00:00","author":{"@id":"https:\/\/news.sap.com\/brazil\/#\/schema\/person\/8cdf2c1130b6f3fadd9757cfd7f24daf"},"breadcrumb":{"@id":"https:\/\/news.sap.com\/brazil\/2021\/07\/sap-e-socialab-anunciam-nova-edicao-de-competicao-de-empreendedorismo-social-e-ambiental-na-america-latina\/#breadcrumb"},"inLanguage":"pt-BR","potentialAction":[{"@type":"ReadAction","target":["https:\/\/news.sap.com\/brazil\/2021\/07\/sap-e-socialab-anunciam-nova-edicao-de-competicao-de-empreendedorismo-social-e-ambiental-na-america-latina\/"]}]},{"@type":"ImageObject","inLanguage":"pt-BR","@id":"https:\/\/news.sap.com\/brazil\/2021\/07\/sap-e-socialab-anunciam-nova-edicao-de-competicao-de-empreendedorismo-social-e-ambiental-na-america-latina\/#primaryimage","url":"https:\/\/news.sap.com\/brazil\/files\/2021\/03\/01\/dest-1.jpg","contentUrl":"https:\/\/news.sap.com\/brazil\/files\/2021\/03\/01\/dest-1.jpg","width":1400,"height":601},{"@type":"BreadcrumbList","@id":"https:\/\/news.sap.com\/brazil\/2021\/07\/sap-e-socialab-anunciam-nova-edicao-de-competicao-de-empreendedorismo-social-e-ambiental-na-america-latina\/#breadcrumb","itemListElement":[{"@type":"ListItem","position":1,"name":"Home","item":"https:\/\/news.sap.com\/brazil\/"},{"@type":"ListItem","position":2,"name":"麻豆原创 e Socialab anunciam nova edi\u00e7\u00e3o de competi\u00e7\u00e3o de empreendedorismo social e ambiental na Am\u00e9rica Latina"}]},{"@type":"WebSite","@id":"https:\/\/news.sap.com\/brazil\/#website","url":"https:\/\/news.sap.com\/brazil\/","name":"Sala de Imprensa 麻豆原创 Brasil","description":"Not\u00edcias e informa\u00e7\u00f5es sobre a 麻豆原创","potentialAction":[{"@type":"SearchAction","target":{"@type":"EntryPoint","urlTemplate":"https:\/\/news.sap.com\/brazil\/?s={search_term_string}"},"query-input":{"@type":"PropertyValueSpecification","valueRequired":true,"valueName":"search_term_string"}}],"inLanguage":"pt-BR"},{"@type":"Person","@id":"https:\/\/news.sap.com\/brazil\/#\/schema\/person\/8cdf2c1130b6f3fadd9757cfd7f24daf","name":"麻豆原创 Not\u00edcias Brasil","image":{"@type":"ImageObject","inLanguage":"pt-BR","@id":"https:\/\/news.sap.com\/brazil\/#\/schema\/person\/image\/","url":"https:\/\/news.sap.com\/brazil\/wp-content\/plugins\/wp-user-avatars\/wp-user-avatars\/assets\/images\/mystery.jpg","contentUrl":"https:\/\/news.sap.com\/brazil\/wp-content\/plugins\/wp-user-avatars\/wp-user-avatars\/assets\/images\/mystery.jpg","caption":"麻豆原创 Not\u00edcias Brasil"},"url":"https:\/\/news.sap.com\/brazil\/author\/brasil\/"}]}},"amp_enabled":true,"_links":{"self":[{"href":"https:\/\/news.sap.com\/brazil\/wp-json\/wp\/v2\/posts\/13179","targetHints":{"allow":["GET"]}}],"collection":[{"href":"https:\/\/news.sap.com\/brazil\/wp-json\/wp\/v2\/posts"}],"about":[{"href":"https:\/\/news.sap.com\/brazil\/wp-json\/wp\/v2\/types\/post"}],"author":[{"embeddable":true,"href":"https:\/\/news.sap.com\/brazil\/wp-json\/wp\/v2\/users\/137"}],"replies":[{"embeddable":true,"href":"https:\/\/news.sap.com\/brazil\/wp-json\/wp\/v2\/comments?post=13179"}],"version-history":[{"count":0,"href":"https:\/\/news.sap.com\/brazil\/wp-json\/wp\/v2\/posts\/13179\/revisions"}],"wp:featuredmedia":[{"embeddable":true,"href":"https:\/\/news.sap.com\/brazil\/wp-json\/wp\/v2\/media\/12867"}],"wp:attachment":[{"href":"https:\/\/news.sap.com\/brazil\/wp-json\/wp\/v2\/media?parent=13179"}],"wp:term":[{"taxonomy":"category","embeddable":true,"href":"https:\/\/news.sap.com\/brazil\/wp-json\/wp\/v2\/categories?post=13179"},{"taxonomy":"post_tag","embeddable":true,"href":"https:\/\/news.sap.com\/brazil\/wp-json\/wp\/v2\/tags?post=13179"},{"taxonomy":"sapn-display","embeddable":true,"href":"https:\/\/news.sap.com\/brazil\/wp-json\/wp\/v2\/sapn-display?post=13179"},{"taxonomy":"sapn-type","embeddable":true,"href":"https:\/\/news.sap.com\/brazil\/wp-json\/wp\/v2\/sapn-type?post=13179"}],"curies":[{"name":"wp","href":"https:\/\/api.w.org\/{rel}","templated":true}]}}