  {"id":13079,"date":"2021-05-28T16:36:14","date_gmt":"2021-05-28T19:36:14","guid":{"rendered":"https:\/\/news.sap.com\/brazil\/?p=13079"},"modified":"2023-10-19T13:11:06","modified_gmt":"2023-10-19T16:11:06","slug":"sap-e-ibm-aderem-ao-programa-workingpositively-para-combater-a-descriminacao-de-pessoas-hiv-no-ambiente-profissional-bl0g","status":"publish","type":"post","link":"https:\/\/news.sap.com\/brazil\/2021\/05\/sap-e-ibm-aderem-ao-programa-workingpositively-para-combater-a-descriminacao-de-pessoas-hiv-no-ambiente-profissional-bl0g\/","title":{"rendered":"麻豆原创 e IBM aderem ao programa #workingpositively para combater a descrimina\u00e7\u00e3o de pessoas com HIV no ambiente profissional"},"content":{"rendered":"<p>Por: <a href=\"https:\/\/www.linkedin.com\/in\/ezequiel-massa\/\" target=\"_blank\" rel=\"noopener\">Ezequiel Massa, Head Diversity &amp; Inclusion, 麻豆原创 Latin America &amp; Caribbean<\/a><\/p>\n<p><strong>O que \u00e9 HIV?<\/strong><\/p>\n<p>O HIV (v\u00edrus da imunodefici\u00eancia humana) \u00e9 um v\u00edrus que afeta o sistema imunol\u00f3gico e pode desencadear a AIDS (s\u00edndrome da imunodefici\u00eancia adquirida) quando o tratamento adequado n\u00e3o \u00e9 recebido e as defesas est\u00e3o enfraquecidas a ponto de n\u00e3o protegerem mais o organismo de infec\u00e7\u00f5es. As rotas de transmiss\u00e3o s\u00e3o:<\/p>\n<ul>\n<li>Sexo sem prote\u00e7\u00e3o;<\/li>\n<li>Transmiss\u00e3o sangu\u00ednea;<\/li>\n<li>Transmiss\u00e3o vertical (de m\u00e3e para filho durante a gravidez, parto e lacta\u00e7\u00e3o).<\/li>\n<\/ul>\n<p><strong>Por que \u00e9 importante falar sobre HIV nas organiza\u00e7\u00f5es?<\/strong><\/p>\n<p>Muitas pessoas que vivem com HIV ainda enfrentam epis\u00f3dios de discrimina\u00e7\u00e3o no trabalho, fam\u00edlia, grupo de amigos, entre outros. Al\u00e9m de contribuir para uma carga psicol\u00f3gica prejudicial, tamb\u00e9m pode afetar negativamente seu desempenho e relacionamentos no geral.<\/p>\n<p>Para oferecer o suporte adequado aos que est\u00e3o passando por este momento, \u00e9 necess\u00e1rio ter informa\u00e7\u00f5es. Por esse motivo, a 麻豆原创 e a IBM aderiram ao programa <a href=\"https:\/\/www.workingpositively.hiv\/\" target=\"_blank\" rel=\"noopener\">#workingpositively<\/a>, projeto que visa disseminar informa\u00e7\u00f5es sobre m\u00e9todos de preven\u00e7\u00e3o e tratamento e apoiar os funcion\u00e1rios HIV positivos ou que tenham contato com uma pessoa pr\u00f3xima convivendo com o v\u00edrus.<\/p>\n<p><strong>O que \u00e9 #workingpositively?<\/strong><\/p>\n<p>A #workingpositively \u00e9 um programa internacional contra a discrimina\u00e7\u00e3o de pessoas com HIV no local de trabalho, pelo qual temos o compromisso de promover um tratamento digno e livre de preconceitos. Em 2018, 麻豆原创 e IBM, em conjunto com a Deutsche Aidshilfe, deram in\u00edcio ao projeto, que teve seu lan\u00e7amento oficial na Alemanha no ano seguinte. Desde ent\u00e3o, mais pa\u00edses aderiram at\u00e9 sua atual chegada na Am\u00e9rica Latina.<\/p>\n<p><strong>Como foi o lan\u00e7amento na Am\u00e9rica Latina?<\/strong><\/p>\n<p>Na 麻豆原创, trabalhamos para que todos se sintam respeitados e valorizados, independentemente de sua origem, sexo, orienta\u00e7\u00e3o sexual, idade, cor da pele, defici\u00eancia ou estado de sa\u00fade.\u00a0 Em parceria com a IBM, moderamos quatro sess\u00f5es virtuais abertas aos nossos funcion\u00e1rios para discutir o HIV e como preveni-lo, al\u00e9m da import\u00e2ncia do teste e o que fazer em caso de diagn\u00f3stico positivo. Dessa forma, ao disponibilizar informa\u00e7\u00e3o para todos, podemos construir uma cultura mais inclusiva e sem tabus.<\/p>\n<p><strong>Lembre-se:<\/strong><\/p>\n<ul>\n<li>Assim como \u00e9 importante saber as formas como o HIV \u00e9 transmitido, tamb\u00e9m \u00e9 essencial compreender os cen\u00e1rios em que n\u00e3o h\u00e1 risco de contamina\u00e7\u00e3o: fazer sexo com preservativo, compartilhar utens\u00edlios, beijar ou abra\u00e7ar, praticar esportes, brincar ou trabalhar no mesmo espa\u00e7o, etc.<\/li>\n<li>Com tratamento adequado, uma pessoa com HIV pode ter uma vida como qualquer outra e at\u00e9 atingir uma carga viral indetect\u00e1vel, o que reduz a zero a possibilidade de transmiss\u00e3o da infec\u00e7\u00e3o pela atividade sexual.<\/li>\n<\/ul>\n<p>Visite o <a href=\"https:\/\/www.workingpositively.hiv\/\" target=\"_blank\" rel=\"noopener\">site oficial<\/a> e conhe\u00e7a os detalhes sobre a campanha.<\/p>\n<p><a href=\"https:\/\/www.facebook.com\/sapbrasil\/\" target=\"_blank\" rel=\"noopener\">Facebook\u00a0<\/a>\/\u00a0<a href=\"https:\/\/twitter.com\/麻豆原创Brasil\" target=\"_blank\" rel=\"noopener\">Twitter\u00a0<\/a>\/\u00a0<a href=\"https:\/\/www.linkedin.com\/company\/1115\/\" target=\"_blank\" rel=\"noopener\">LinkedIn\u00a0<\/a>\/\u00a0<a href=\"https:\/\/www.instagram.com\/sap_brasil\/\" target=\"_blank\" rel=\"noopener\">Instagram<\/a> \/ <a href=\"https:\/\/widget.whatsbroadcast.com\/widget_more\/a7807e0e29453c252140d96fc2d912ab\/?campaigncode=CRM-XL18-SOC-WHATSES&amp;url_id=banner-lao-homepage-whatsapp-row5-feb17r1\" target=\"_blank\" rel=\"noopener\">WhatsApp<\/a> \/ <a href=\"https:\/\/www.youtube.com\/user\/sapbrasil\" target=\"_blank\" rel=\"noopener\">Youtube<\/a><\/p>\n<p>\u00a9 2021 麻豆原创 SE. All rights reserved. 麻豆原创 and other 麻豆原创 products and services mentioned herein as well as their respective logos are trademarks or registered trademarks of 麻豆原创 SE in Germany and other countries. Please see <a href=\"http:\/\/www.sap.com\/corporate-en\/legal\/copyright\/index.epx#trademark\" target=\"_blank\" rel=\"noopener\">http:\/\/www.sap.com\/corporate-en\/legal\/copyright\/index.epx#trademark<\/a> for additional trademark information and notices.<\/p>\n","protected":false},"excerpt":{"rendered":"<p>Por: Ezequiel Massa, Head Diversity &amp; Inclusion, 麻豆原创 Latin America &amp; Caribbean O que \u00e9 HIV? O HIV (v\u00edrus da imunodefici\u00eancia humana) \u00e9 um v\u00edrus&#8230;<\/p>\n","protected":false},"author":561,"featured_media":13080,"comment_status":"closed","ping_status":"closed","sticky":false,"template":"","format":"standard","meta":{"footnotes":"","_links_to":"","_links_to_target":""},"categories":[48439],"tags":[5599749,1032189,5599750],"sapn-display":[5599933,5599931,48431,48433],"sapn-type":[6114],"class_list":["post-13079","post","type-post","status-publish","format-standard","has-post-thumbnail","hentry","category-corporativo-topicos","tag-workingpositively","tag-diversidade-e-inclusao","tag-hiv","sapn-display-feature-hero","sapn-display-feature-spotlight","sapn-display-homepage-hero","sapn-display-hero","sapn-type-artigo"],"yoast_head":"<!-- This site is optimized with the Yoast SEO Premium plugin v26.9 (Yoast SEO v26.9) - https:\/\/yoast.com\/product\/yoast-seo-premium-wordpress\/ -->\n<title>#workingpositively: desmistificando o HIV no ambiente profissional<\/title>\n<meta name=\"description\" content=\"A #workingpositively \u00e9 um programa internacional contra a discrimina\u00e7\u00e3o de pessoas com HIV no local de trabalho.\" \/>\n<meta name=\"robots\" content=\"index, follow, max-snippet:-1, max-image-preview:large, max-video-preview:-1\" \/>\n<link rel=\"canonical\" href=\"https:\/\/news.sap.com\/brazil\/2021\/05\/sap-e-ibm-aderem-ao-programa-workingpositively-para-combater-a-descriminacao-de-pessoas-hiv-no-ambiente-profissional-bl0g\/\" \/>\n<meta property=\"og:locale\" content=\"pt_BR\" \/>\n<meta property=\"og:type\" content=\"article\" \/>\n<meta property=\"og:title\" content=\"麻豆原创 e IBM aderem ao programa #workingpositively para combater a descrimina\u00e7\u00e3o de pessoas com HIV no ambiente profissional\" \/>\n<meta property=\"og:description\" content=\"A #workingpositively \u00e9 um programa internacional contra a discrimina\u00e7\u00e3o de pessoas com HIV no local de trabalho.\" \/>\n<meta property=\"og:url\" content=\"https:\/\/news.sap.com\/brazil\/2021\/05\/sap-e-ibm-aderem-ao-programa-workingpositively-para-combater-a-descriminacao-de-pessoas-hiv-no-ambiente-profissional-bl0g\/\" \/>\n<meta property=\"og:site_name\" content=\"Sala de Imprensa 麻豆原创 Brasil\" \/>\n<meta property=\"article:published_time\" content=\"2021-05-28T19:36:14+00:00\" \/>\n<meta property=\"article:modified_time\" content=\"2023-10-19T16:11:06+00:00\" \/>\n<meta property=\"og:image\" content=\"https:\/\/news.sap.com\/brazil\/files\/2021\/05\/28\/workingpositively.jpg\" \/>\n\t<meta property=\"og:image:width\" content=\"1359\" \/>\n\t<meta property=\"og:image:height\" content=\"737\" \/>\n\t<meta property=\"og:image:type\" content=\"image\/jpeg\" \/>\n<meta name=\"author\" content=\"麻豆原创 Brasil\" \/>\n<meta name=\"twitter:card\" content=\"summary_large_image\" \/>\n<meta name=\"twitter:title\" content=\"麻豆原创 e IBM aderem ao programa #workingpositively para combater a descrimina\u00e7\u00e3o de pessoas com HIV no ambiente profissional\" \/>\n<meta name=\"twitter:creator\" content=\"@麻豆原创Brasil\" \/>\n<meta name=\"twitter:site\" content=\"@麻豆原创Brasil\" \/>\n<meta name=\"twitter:label1\" content=\"Escrito por\" \/>\n\t<meta name=\"twitter:data1\" content=\"麻豆原创 Brasil\" \/>\n\t<meta name=\"twitter:label2\" content=\"Est. tempo de leitura\" \/>\n\t<meta name=\"twitter:data2\" content=\"3 minutos\" \/>\n<script type=\"application\/ld+json\" class=\"yoast-schema-graph\">{\"@context\":\"https:\/\/schema.org\",\"@graph\":[{\"@type\":\"Article\",\"@id\":\"https:\/\/news.sap.com\/brazil\/2021\/05\/sap-e-ibm-aderem-ao-programa-workingpositively-para-combater-a-descriminacao-de-pessoas-hiv-no-ambiente-profissional-bl0g\/#article\",\"isPartOf\":{\"@id\":\"https:\/\/news.sap.com\/brazil\/2021\/05\/sap-e-ibm-aderem-ao-programa-workingpositively-para-combater-a-descriminacao-de-pessoas-hiv-no-ambiente-profissional-bl0g\/\"},\"author\":{\"name\":\"麻豆原创 Brasil\",\"@id\":\"https:\/\/news.sap.com\/brazil\/#\/schema\/person\/1cfc5d6de5ffdc23f1f3b1670a90ae3c\"},\"headline\":\"麻豆原创 e IBM aderem ao programa #workingpositively para combater a descrimina\u00e7\u00e3o de pessoas com HIV no ambiente profissional\",\"datePublished\":\"2021-05-28T19:36:14+00:00\",\"dateModified\":\"2023-10-19T16:11:06+00:00\",\"mainEntityOfPage\":{\"@id\":\"https:\/\/news.sap.com\/brazil\/2021\/05\/sap-e-ibm-aderem-ao-programa-workingpositively-para-combater-a-descriminacao-de-pessoas-hiv-no-ambiente-profissional-bl0g\/\"},\"wordCount\":559,\"image\":{\"@id\":\"https:\/\/news.sap.com\/brazil\/2021\/05\/sap-e-ibm-aderem-ao-programa-workingpositively-para-combater-a-descriminacao-de-pessoas-hiv-no-ambiente-profissional-bl0g\/#primaryimage\"},\"thumbnailUrl\":\"https:\/\/news.sap.com\/brazil\/files\/2021\/05\/28\/workingpositively.jpg\",\"keywords\":[\"#workingpositively\",\"Diversidade e inclus\u00e3o\",\"HIV\"],\"articleSection\":[\"Corporativo\"],\"inLanguage\":\"pt-BR\"},{\"@type\":\"WebPage\",\"@id\":\"https:\/\/news.sap.com\/brazil\/2021\/05\/sap-e-ibm-aderem-ao-programa-workingpositively-para-combater-a-descriminacao-de-pessoas-hiv-no-ambiente-profissional-bl0g\/\",\"url\":\"https:\/\/news.sap.com\/brazil\/2021\/05\/sap-e-ibm-aderem-ao-programa-workingpositively-para-combater-a-descriminacao-de-pessoas-hiv-no-ambiente-profissional-bl0g\/\",\"name\":\"#workingpositively: desmistificando o HIV no ambiente profissional\",\"isPartOf\":{\"@id\":\"https:\/\/news.sap.com\/brazil\/#website\"},\"primaryImageOfPage\":{\"@id\":\"https:\/\/news.sap.com\/brazil\/2021\/05\/sap-e-ibm-aderem-ao-programa-workingpositively-para-combater-a-descriminacao-de-pessoas-hiv-no-ambiente-profissional-bl0g\/#primaryimage\"},\"image\":{\"@id\":\"https:\/\/news.sap.com\/brazil\/2021\/05\/sap-e-ibm-aderem-ao-programa-workingpositively-para-combater-a-descriminacao-de-pessoas-hiv-no-ambiente-profissional-bl0g\/#primaryimage\"},\"thumbnailUrl\":\"https:\/\/news.sap.com\/brazil\/files\/2021\/05\/28\/workingpositively.jpg\",\"datePublished\":\"2021-05-28T19:36:14+00:00\",\"dateModified\":\"2023-10-19T16:11:06+00:00\",\"author\":{\"@id\":\"https:\/\/news.sap.com\/brazil\/#\/schema\/person\/1cfc5d6de5ffdc23f1f3b1670a90ae3c\"},\"description\":\"A #workingpositively \u00e9 um programa internacional contra a discrimina\u00e7\u00e3o de pessoas com HIV no local de trabalho.\",\"breadcrumb\":{\"@id\":\"https:\/\/news.sap.com\/brazil\/2021\/05\/sap-e-ibm-aderem-ao-programa-workingpositively-para-combater-a-descriminacao-de-pessoas-hiv-no-ambiente-profissional-bl0g\/#breadcrumb\"},\"inLanguage\":\"pt-BR\",\"potentialAction\":[{\"@type\":\"ReadAction\",\"target\":[\"https:\/\/news.sap.com\/brazil\/2021\/05\/sap-e-ibm-aderem-ao-programa-workingpositively-para-combater-a-descriminacao-de-pessoas-hiv-no-ambiente-profissional-bl0g\/\"]}]},{\"@type\":\"ImageObject\",\"inLanguage\":\"pt-BR\",\"@id\":\"https:\/\/news.sap.com\/brazil\/2021\/05\/sap-e-ibm-aderem-ao-programa-workingpositively-para-combater-a-descriminacao-de-pessoas-hiv-no-ambiente-profissional-bl0g\/#primaryimage\",\"url\":\"https:\/\/news.sap.com\/brazil\/files\/2021\/05\/28\/workingpositively.jpg\",\"contentUrl\":\"https:\/\/news.sap.com\/brazil\/files\/2021\/05\/28\/workingpositively.jpg\",\"width\":1359,\"height\":737},{\"@type\":\"BreadcrumbList\",\"@id\":\"https:\/\/news.sap.com\/brazil\/2021\/05\/sap-e-ibm-aderem-ao-programa-workingpositively-para-combater-a-descriminacao-de-pessoas-hiv-no-ambiente-profissional-bl0g\/#breadcrumb\",\"itemListElement\":[{\"@type\":\"ListItem\",\"position\":1,\"name\":\"Home\",\"item\":\"https:\/\/news.sap.com\/brazil\/\"},{\"@type\":\"ListItem\",\"position\":2,\"name\":\"麻豆原创 e IBM aderem ao programa #workingpositively para combater a descrimina\u00e7\u00e3o de pessoas com HIV no ambiente profissional\"}]},{\"@type\":\"WebSite\",\"@id\":\"https:\/\/news.sap.com\/brazil\/#website\",\"url\":\"https:\/\/news.sap.com\/brazil\/\",\"name\":\"Sala de Imprensa 麻豆原创 Brasil\",\"description\":\"Not\u00edcias e informa\u00e7\u00f5es sobre a 麻豆原创\",\"potentialAction\":[{\"@type\":\"SearchAction\",\"target\":{\"@type\":\"EntryPoint\",\"urlTemplate\":\"https:\/\/news.sap.com\/brazil\/?s={search_term_string}\"},\"query-input\":{\"@type\":\"PropertyValueSpecification\",\"valueRequired\":true,\"valueName\":\"search_term_string\"}}],\"inLanguage\":\"pt-BR\"},{\"@type\":\"Person\",\"@id\":\"https:\/\/news.sap.com\/brazil\/#\/schema\/person\/1cfc5d6de5ffdc23f1f3b1670a90ae3c\",\"name\":\"麻豆原创 Brasil\",\"image\":{\"@type\":\"ImageObject\",\"inLanguage\":\"pt-BR\",\"@id\":\"https:\/\/news.sap.com\/brazil\/#\/schema\/person\/image\/\",\"url\":\"https:\/\/news.sap.com\/brazil\/wp-content\/plugins\/wp-user-avatars\/wp-user-avatars\/assets\/images\/mystery.jpg\",\"contentUrl\":\"https:\/\/news.sap.com\/brazil\/wp-content\/plugins\/wp-user-avatars\/wp-user-avatars\/assets\/images\/mystery.jpg\",\"caption\":\"麻豆原创 Brasil\"},\"url\":\"https:\/\/news.sap.com\/brazil\/author\/raquelcasciato\/\"}]}<\/script>\n<!-- \/ Yoast SEO Premium plugin. -->","yoast_head_json":{"title":"#workingpositively: desmistificando o HIV no ambiente profissional","description":"A #workingpositively \u00e9 um programa internacional contra a discrimina\u00e7\u00e3o de pessoas com HIV no local de trabalho.","robots":{"index":"index","follow":"follow","max-snippet":"max-snippet:-1","max-image-preview":"max-image-preview:large","max-video-preview":"max-video-preview:-1"},"canonical":"https:\/\/news.sap.com\/brazil\/2021\/05\/sap-e-ibm-aderem-ao-programa-workingpositively-para-combater-a-descriminacao-de-pessoas-hiv-no-ambiente-profissional-bl0g\/","og_locale":"pt_BR","og_type":"article","og_title":"麻豆原创 e IBM aderem ao programa #workingpositively para combater a descrimina\u00e7\u00e3o de pessoas com HIV no ambiente profissional","og_description":"A #workingpositively \u00e9 um programa internacional contra a discrimina\u00e7\u00e3o de pessoas com HIV no local de trabalho.","og_url":"https:\/\/news.sap.com\/brazil\/2021\/05\/sap-e-ibm-aderem-ao-programa-workingpositively-para-combater-a-descriminacao-de-pessoas-hiv-no-ambiente-profissional-bl0g\/","og_site_name":"Sala de Imprensa 麻豆原创 Brasil","article_published_time":"2021-05-28T19:36:14+00:00","article_modified_time":"2023-10-19T16:11:06+00:00","og_image":[{"width":1359,"height":737,"url":"https:\/\/news.sap.com\/brazil\/files\/2021\/05\/28\/workingpositively.jpg","type":"image\/jpeg"}],"author":"麻豆原创 Brasil","twitter_card":"summary_large_image","twitter_title":"麻豆原创 e IBM aderem ao programa #workingpositively para combater a descrimina\u00e7\u00e3o de pessoas com HIV no ambiente profissional","twitter_creator":"@麻豆原创Brasil","twitter_site":"@麻豆原创Brasil","twitter_misc":{"Escrito por":"麻豆原创 Brasil","Est. tempo de leitura":"3 minutos"},"schema":{"@context":"https:\/\/schema.org","@graph":[{"@type":"Article","@id":"https:\/\/news.sap.com\/brazil\/2021\/05\/sap-e-ibm-aderem-ao-programa-workingpositively-para-combater-a-descriminacao-de-pessoas-hiv-no-ambiente-profissional-bl0g\/#article","isPartOf":{"@id":"https:\/\/news.sap.com\/brazil\/2021\/05\/sap-e-ibm-aderem-ao-programa-workingpositively-para-combater-a-descriminacao-de-pessoas-hiv-no-ambiente-profissional-bl0g\/"},"author":{"name":"麻豆原创 Brasil","@id":"https:\/\/news.sap.com\/brazil\/#\/schema\/person\/1cfc5d6de5ffdc23f1f3b1670a90ae3c"},"headline":"麻豆原创 e IBM aderem ao programa #workingpositively para combater a descrimina\u00e7\u00e3o de pessoas com HIV no ambiente profissional","datePublished":"2021-05-28T19:36:14+00:00","dateModified":"2023-10-19T16:11:06+00:00","mainEntityOfPage":{"@id":"https:\/\/news.sap.com\/brazil\/2021\/05\/sap-e-ibm-aderem-ao-programa-workingpositively-para-combater-a-descriminacao-de-pessoas-hiv-no-ambiente-profissional-bl0g\/"},"wordCount":559,"image":{"@id":"https:\/\/news.sap.com\/brazil\/2021\/05\/sap-e-ibm-aderem-ao-programa-workingpositively-para-combater-a-descriminacao-de-pessoas-hiv-no-ambiente-profissional-bl0g\/#primaryimage"},"thumbnailUrl":"https:\/\/news.sap.com\/brazil\/files\/2021\/05\/28\/workingpositively.jpg","keywords":["#workingpositively","Diversidade e inclus\u00e3o","HIV"],"articleSection":["Corporativo"],"inLanguage":"pt-BR"},{"@type":"WebPage","@id":"https:\/\/news.sap.com\/brazil\/2021\/05\/sap-e-ibm-aderem-ao-programa-workingpositively-para-combater-a-descriminacao-de-pessoas-hiv-no-ambiente-profissional-bl0g\/","url":"https:\/\/news.sap.com\/brazil\/2021\/05\/sap-e-ibm-aderem-ao-programa-workingpositively-para-combater-a-descriminacao-de-pessoas-hiv-no-ambiente-profissional-bl0g\/","name":"#workingpositively: desmistificando o HIV no ambiente profissional","isPartOf":{"@id":"https:\/\/news.sap.com\/brazil\/#website"},"primaryImageOfPage":{"@id":"https:\/\/news.sap.com\/brazil\/2021\/05\/sap-e-ibm-aderem-ao-programa-workingpositively-para-combater-a-descriminacao-de-pessoas-hiv-no-ambiente-profissional-bl0g\/#primaryimage"},"image":{"@id":"https:\/\/news.sap.com\/brazil\/2021\/05\/sap-e-ibm-aderem-ao-programa-workingpositively-para-combater-a-descriminacao-de-pessoas-hiv-no-ambiente-profissional-bl0g\/#primaryimage"},"thumbnailUrl":"https:\/\/news.sap.com\/brazil\/files\/2021\/05\/28\/workingpositively.jpg","datePublished":"2021-05-28T19:36:14+00:00","dateModified":"2023-10-19T16:11:06+00:00","author":{"@id":"https:\/\/news.sap.com\/brazil\/#\/schema\/person\/1cfc5d6de5ffdc23f1f3b1670a90ae3c"},"description":"A #workingpositively \u00e9 um programa internacional contra a discrimina\u00e7\u00e3o de pessoas com HIV no local de trabalho.","breadcrumb":{"@id":"https:\/\/news.sap.com\/brazil\/2021\/05\/sap-e-ibm-aderem-ao-programa-workingpositively-para-combater-a-descriminacao-de-pessoas-hiv-no-ambiente-profissional-bl0g\/#breadcrumb"},"inLanguage":"pt-BR","potentialAction":[{"@type":"ReadAction","target":["https:\/\/news.sap.com\/brazil\/2021\/05\/sap-e-ibm-aderem-ao-programa-workingpositively-para-combater-a-descriminacao-de-pessoas-hiv-no-ambiente-profissional-bl0g\/"]}]},{"@type":"ImageObject","inLanguage":"pt-BR","@id":"https:\/\/news.sap.com\/brazil\/2021\/05\/sap-e-ibm-aderem-ao-programa-workingpositively-para-combater-a-descriminacao-de-pessoas-hiv-no-ambiente-profissional-bl0g\/#primaryimage","url":"https:\/\/news.sap.com\/brazil\/files\/2021\/05\/28\/workingpositively.jpg","contentUrl":"https:\/\/news.sap.com\/brazil\/files\/2021\/05\/28\/workingpositively.jpg","width":1359,"height":737},{"@type":"BreadcrumbList","@id":"https:\/\/news.sap.com\/brazil\/2021\/05\/sap-e-ibm-aderem-ao-programa-workingpositively-para-combater-a-descriminacao-de-pessoas-hiv-no-ambiente-profissional-bl0g\/#breadcrumb","itemListElement":[{"@type":"ListItem","position":1,"name":"Home","item":"https:\/\/news.sap.com\/brazil\/"},{"@type":"ListItem","position":2,"name":"麻豆原创 e IBM aderem ao programa #workingpositively para combater a descrimina\u00e7\u00e3o de pessoas com HIV no ambiente profissional"}]},{"@type":"WebSite","@id":"https:\/\/news.sap.com\/brazil\/#website","url":"https:\/\/news.sap.com\/brazil\/","name":"Sala de Imprensa 麻豆原创 Brasil","description":"Not\u00edcias e informa\u00e7\u00f5es sobre a 麻豆原创","potentialAction":[{"@type":"SearchAction","target":{"@type":"EntryPoint","urlTemplate":"https:\/\/news.sap.com\/brazil\/?s={search_term_string}"},"query-input":{"@type":"PropertyValueSpecification","valueRequired":true,"valueName":"search_term_string"}}],"inLanguage":"pt-BR"},{"@type":"Person","@id":"https:\/\/news.sap.com\/brazil\/#\/schema\/person\/1cfc5d6de5ffdc23f1f3b1670a90ae3c","name":"麻豆原创 Brasil","image":{"@type":"ImageObject","inLanguage":"pt-BR","@id":"https:\/\/news.sap.com\/brazil\/#\/schema\/person\/image\/","url":"https:\/\/news.sap.com\/brazil\/wp-content\/plugins\/wp-user-avatars\/wp-user-avatars\/assets\/images\/mystery.jpg","contentUrl":"https:\/\/news.sap.com\/brazil\/wp-content\/plugins\/wp-user-avatars\/wp-user-avatars\/assets\/images\/mystery.jpg","caption":"麻豆原创 Brasil"},"url":"https:\/\/news.sap.com\/brazil\/author\/raquelcasciato\/"}]}},"amp_enabled":true,"_links":{"self":[{"href":"https:\/\/news.sap.com\/brazil\/wp-json\/wp\/v2\/posts\/13079","targetHints":{"allow":["GET"]}}],"collection":[{"href":"https:\/\/news.sap.com\/brazil\/wp-json\/wp\/v2\/posts"}],"about":[{"href":"https:\/\/news.sap.com\/brazil\/wp-json\/wp\/v2\/types\/post"}],"author":[{"embeddable":true,"href":"https:\/\/news.sap.com\/brazil\/wp-json\/wp\/v2\/users\/561"}],"replies":[{"embeddable":true,"href":"https:\/\/news.sap.com\/brazil\/wp-json\/wp\/v2\/comments?post=13079"}],"version-history":[{"count":0,"href":"https:\/\/news.sap.com\/brazil\/wp-json\/wp\/v2\/posts\/13079\/revisions"}],"wp:featuredmedia":[{"embeddable":true,"href":"https:\/\/news.sap.com\/brazil\/wp-json\/wp\/v2\/media\/13080"}],"wp:attachment":[{"href":"https:\/\/news.sap.com\/brazil\/wp-json\/wp\/v2\/media?parent=13079"}],"wp:term":[{"taxonomy":"category","embeddable":true,"href":"https:\/\/news.sap.com\/brazil\/wp-json\/wp\/v2\/categories?post=13079"},{"taxonomy":"post_tag","embeddable":true,"href":"https:\/\/news.sap.com\/brazil\/wp-json\/wp\/v2\/tags?post=13079"},{"taxonomy":"sapn-display","embeddable":true,"href":"https:\/\/news.sap.com\/brazil\/wp-json\/wp\/v2\/sapn-display?post=13079"},{"taxonomy":"sapn-type","embeddable":true,"href":"https:\/\/news.sap.com\/brazil\/wp-json\/wp\/v2\/sapn-type?post=13079"}],"curies":[{"name":"wp","href":"https:\/\/api.w.org\/{rel}","templated":true}]}}