  {"id":13045,"date":"2021-05-11T11:04:26","date_gmt":"2021-05-11T14:04:26","guid":{"rendered":"https:\/\/news.sap.com\/brazil\/?p=13045"},"modified":"2023-10-19T13:11:14","modified_gmt":"2023-10-19T16:11:14","slug":"a-importancia-de-praticas-de-esg-nas-organizacoes-bl0g","status":"publish","type":"post","link":"https:\/\/news.sap.com\/brazil\/2021\/05\/a-importancia-de-praticas-de-esg-nas-organizacoes-bl0g\/","title":{"rendered":"A import\u00e2ncia de pr\u00e1ticas de ESG nas organiza\u00e7\u00f5es"},"content":{"rendered":"<p>Por: 麻豆原创 Brasil<\/p>\n<p>O conjunto de pr\u00e1ticas ambientais, sociais e de governan\u00e7a, denominado ESG, tornou-se popular nos \u00faltimos cinco anos, quando a gera\u00e7\u00e3o millenials demonstrou n\u00e3o estar mais disposta a comprar produtos de empresas que utilizam pr\u00e1ticas sustent\u00e1veis n\u00e3o eficientes. Por\u00e9m, o tema ganhou realmente for\u00e7a durante a pandemia e passou a ter um grande impacto na forma como as empresas s\u00e3o vistas.<\/p>\n<p>Em <a href=\"https:\/\/www.willistowerswatson.com\/en-US\/Insights\/2020\/12\/2020-esg-survey-of-board-members-and-senior-executives\" target=\"_blank\" rel=\"noopener\">pesquisa global realizada pela Wills Towers Watson<\/a> em meados de 2020, foi revelada a exist\u00eancia de uma maior consci\u00eancia das empresas para quest\u00f5es sociais e ambientais, incluindo aquelas exacerbadas durante a Covid-19, e um senso de urg\u00eancia para enfrentar os problemas clim\u00e1ticos enquanto as organiza\u00e7\u00f5es se esfor\u00e7am para criar valor sustent\u00e1vel a longo prazo.<\/p>\n<p>A maioria dos diretores entrevistados durante a pesquisa indicou que a pandemia fez com que seu foco nas quest\u00f5es da ESG aumentasse. Demonstrando uma \u00eanfase na import\u00e2ncia do crescente senso de responsabilidade social, percebeu-se tamb\u00e9m que empresas com boas pr\u00e1ticas ESG passaram pelos per\u00edodos turbulentos do ano passado de forma mais branda do que aquelas que ainda n\u00e3o tinham pr\u00e1ticas s\u00f3lidas relacionadas ao tema.<\/p>\n<p>Al\u00e9m de impactar no modo como uma empresa \u00e9 vista e se relaciona com o ambiente em que est\u00e1 inserida, a ado\u00e7\u00e3o das pr\u00e1ticas ESG quebrou o paradigma envolvendo investimentos com quest\u00f5es sociais e ambientais. O The New York Times destacou em seu artigo \u201c<a href=\"https:\/\/www.nytimes.com\/2020\/08\/28\/your-money\/impact-investing-coronavirus.html\" target=\"_blank\" rel=\"noopener\">Investir no bem-social finalmente se tornou lucrativo<\/a>\u201d que os fundos ESG tiveram um crescimento maior que fundos tradicionais na bolsa de Nova York no ano passado. Em pesquisa da RBC Capital Markets divulgada pelo jornal, 64% dos investimentos baseados em ESG bateram seus pontos de refer\u00eancia contra 49% dos fundos tradicionais no come\u00e7o de agosto de 2020.<\/p>\n<p>Apesar do assunto ainda estar em evolu\u00e7\u00e3o no Brasil, as pr\u00e1ticas ESG foram destacadas como extremamente relevantes para sustentabilidade e responsabilidade social das empresas, al\u00e9m de representarem uma melhora na imagem e crescimento da mesma.<\/p>\n<p>Saiba mais sobre como a <a href=\"https:\/\/news.sap.com\/brazil\/2021\/04\/sap-habilita-praticas-esg-a-partir-de-dados-gerados-em-suas-solucoes-2\/?url_id=text-blogentry-innovationBlogBR-2021_blog-original-post-otherpost\" target=\"_blank\" rel=\"noopener\">tecnologia<\/a> pode auxiliar sua empresa a habilitar as pr\u00e1ticas ESG da sua empresa.<\/p>\n<p>Acompanhe mais novidades nos canais de comunica\u00e7\u00e3o da 麻豆原创:\u00a0 <a href=\"https:\/\/www.facebook.com\/sapbrasil\/\" target=\"_blank\" rel=\"noopener\">Facebook\u00a0<\/a>\/\u00a0<a href=\"https:\/\/twitter.com\/麻豆原创Brasil\" target=\"_blank\" rel=\"noopener\">Twitter\u00a0<\/a>\/\u00a0<a href=\"https:\/\/www.linkedin.com\/company\/1115\/\" target=\"_blank\" rel=\"noopener\">LinkedIn\u00a0<\/a>\/\u00a0<a href=\"https:\/\/www.instagram.com\/sap_brasil\/\" target=\"_blank\" rel=\"noopener\">Instagram<\/a> \/ <a href=\"https:\/\/widget.msgp.pl\/?id=66415e417325f13e20.82207836\" target=\"_blank\" rel=\"noopener\">WhatsApp<\/a> \/ <a href=\"https:\/\/www.youtube.com\/user\/sapbrasil\" target=\"_blank\" rel=\"noopener\">Youtube<\/a><\/p>\n<p>\u00a9 2021 麻豆原创 SE. All rights reserved. 麻豆原创 and other 麻豆原创 products and services mentioned herein as well as their respective logos are trademarks or registered trademarks of 麻豆原创 SE in Germany and other countries. Please see <a href=\"http:\/\/www.sap.com\/corporate-en\/legal\/copyright\/index.epx#trademark\" target=\"_blank\" rel=\"noopener\">http:\/\/www.sap.com\/corporate-en\/legal\/copyright\/index.epx#trademark<\/a> for additional trademark information and notices.<\/p>\n","protected":false},"excerpt":{"rendered":"<p>Por: 麻豆原创 Brasil O conjunto de pr\u00e1ticas ambientais, sociais e de governan\u00e7a, denominado ESG, tornou-se popular nos \u00faltimos cinco anos, quando a gera\u00e7\u00e3o millenials demonstrou&#8230;<\/p>\n","protected":false},"author":561,"featured_media":13048,"comment_status":"closed","ping_status":"closed","sticky":false,"template":"","format":"standard","meta":{"footnotes":"","_links_to":"","_links_to_target":""},"categories":[52858],"tags":[5599735,16615,24297],"sapn-display":[5599933,5599931,48431,48433],"sapn-type":[6114],"class_list":["post-13045","post","type-post","status-publish","format-standard","has-post-thumbnail","hentry","category-sustentabilidade-topicos","tag-esg","tag-sustentabilidade","tag-tecnologia","sapn-display-feature-hero","sapn-display-feature-spotlight","sapn-display-homepage-hero","sapn-display-hero","sapn-type-artigo"],"yoast_head":"<!-- This site is optimized with the Yoast SEO Premium plugin v26.9 (Yoast SEO v26.9) - https:\/\/yoast.com\/product\/yoast-seo-premium-wordpress\/ -->\n<title>A import\u00e2ncia de pr\u00e1ticas de ESG nas organiza\u00e7\u00f5es<\/title>\n<meta name=\"description\" content=\"O conjunto de pr\u00e1ticas ambientais, sociais e de governan\u00e7a, denominado ESG, tornou-se popular nos \u00faltimos cinco anos.\" \/>\n<meta name=\"robots\" content=\"index, follow, max-snippet:-1, max-image-preview:large, max-video-preview:-1\" \/>\n<link rel=\"canonical\" href=\"https:\/\/news.sap.com\/brazil\/2021\/05\/a-importancia-de-praticas-de-esg-nas-organizacoes-bl0g\/\" \/>\n<meta property=\"og:locale\" content=\"pt_BR\" \/>\n<meta property=\"og:type\" content=\"article\" \/>\n<meta property=\"og:title\" content=\"A import\u00e2ncia de pr\u00e1ticas de ESG nas organiza\u00e7\u00f5es\" \/>\n<meta property=\"og:description\" content=\"O conjunto de pr\u00e1ticas ambientais, sociais e de governan\u00e7a, denominado ESG, tornou-se popular nos \u00faltimos cinco anos.\" \/>\n<meta property=\"og:url\" content=\"https:\/\/news.sap.com\/brazil\/2021\/05\/a-importancia-de-praticas-de-esg-nas-organizacoes-bl0g\/\" \/>\n<meta property=\"og:site_name\" content=\"Sala de Imprensa 麻豆原创 Brasil\" \/>\n<meta property=\"article:published_time\" content=\"2021-05-11T14:04:26+00:00\" \/>\n<meta property=\"article:modified_time\" content=\"2023-10-19T16:11:14+00:00\" \/>\n<meta property=\"og:image\" content=\"https:\/\/news.sap.com\/brazil\/files\/2021\/05\/11\/Art3_565x292.png\" \/>\n\t<meta property=\"og:image:width\" content=\"565\" \/>\n\t<meta property=\"og:image:height\" content=\"292\" \/>\n\t<meta property=\"og:image:type\" content=\"image\/png\" \/>\n<meta name=\"author\" content=\"麻豆原创 Brasil\" \/>\n<meta name=\"twitter:card\" content=\"summary_large_image\" \/>\n<meta name=\"twitter:title\" content=\"A import\u00e2ncia de pr\u00e1ticas de ESG nas organiza\u00e7\u00f5es\" \/>\n<meta name=\"twitter:creator\" content=\"@麻豆原创Brasil\" \/>\n<meta name=\"twitter:site\" content=\"@麻豆原创Brasil\" \/>\n<meta name=\"twitter:label1\" content=\"Escrito por\" \/>\n\t<meta name=\"twitter:data1\" content=\"麻豆原创 Brasil\" \/>\n\t<meta name=\"twitter:label2\" content=\"Est. tempo de leitura\" \/>\n\t<meta name=\"twitter:data2\" content=\"2 minutos\" \/>\n<script type=\"application\/ld+json\" class=\"yoast-schema-graph\">{\"@context\":\"https:\/\/schema.org\",\"@graph\":[{\"@type\":\"Article\",\"@id\":\"https:\/\/news.sap.com\/brazil\/2021\/05\/a-importancia-de-praticas-de-esg-nas-organizacoes-bl0g\/#article\",\"isPartOf\":{\"@id\":\"https:\/\/news.sap.com\/brazil\/2021\/05\/a-importancia-de-praticas-de-esg-nas-organizacoes-bl0g\/\"},\"author\":{\"name\":\"麻豆原创 Brasil\",\"@id\":\"https:\/\/news.sap.com\/brazil\/#\/schema\/person\/1cfc5d6de5ffdc23f1f3b1670a90ae3c\"},\"headline\":\"A import\u00e2ncia de pr\u00e1ticas de ESG nas organiza\u00e7\u00f5es\",\"datePublished\":\"2021-05-11T14:04:26+00:00\",\"dateModified\":\"2023-10-19T16:11:14+00:00\",\"mainEntityOfPage\":{\"@id\":\"https:\/\/news.sap.com\/brazil\/2021\/05\/a-importancia-de-praticas-de-esg-nas-organizacoes-bl0g\/\"},\"wordCount\":445,\"image\":{\"@id\":\"https:\/\/news.sap.com\/brazil\/2021\/05\/a-importancia-de-praticas-de-esg-nas-organizacoes-bl0g\/#primaryimage\"},\"thumbnailUrl\":\"https:\/\/news.sap.com\/brazil\/files\/2021\/05\/11\/Art3_1400x600.png\",\"keywords\":[\"ESG\",\"sustentabilidade\",\"Tecnologia\"],\"articleSection\":[\"Sustentabilidade\"],\"inLanguage\":\"pt-BR\"},{\"@type\":\"WebPage\",\"@id\":\"https:\/\/news.sap.com\/brazil\/2021\/05\/a-importancia-de-praticas-de-esg-nas-organizacoes-bl0g\/\",\"url\":\"https:\/\/news.sap.com\/brazil\/2021\/05\/a-importancia-de-praticas-de-esg-nas-organizacoes-bl0g\/\",\"name\":\"A import\u00e2ncia de pr\u00e1ticas de ESG nas organiza\u00e7\u00f5es\",\"isPartOf\":{\"@id\":\"https:\/\/news.sap.com\/brazil\/#website\"},\"primaryImageOfPage\":{\"@id\":\"https:\/\/news.sap.com\/brazil\/2021\/05\/a-importancia-de-praticas-de-esg-nas-organizacoes-bl0g\/#primaryimage\"},\"image\":{\"@id\":\"https:\/\/news.sap.com\/brazil\/2021\/05\/a-importancia-de-praticas-de-esg-nas-organizacoes-bl0g\/#primaryimage\"},\"thumbnailUrl\":\"https:\/\/news.sap.com\/brazil\/files\/2021\/05\/11\/Art3_1400x600.png\",\"datePublished\":\"2021-05-11T14:04:26+00:00\",\"dateModified\":\"2023-10-19T16:11:14+00:00\",\"author\":{\"@id\":\"https:\/\/news.sap.com\/brazil\/#\/schema\/person\/1cfc5d6de5ffdc23f1f3b1670a90ae3c\"},\"description\":\"O conjunto de pr\u00e1ticas ambientais, sociais e de governan\u00e7a, denominado ESG, tornou-se popular nos \u00faltimos cinco anos.\",\"breadcrumb\":{\"@id\":\"https:\/\/news.sap.com\/brazil\/2021\/05\/a-importancia-de-praticas-de-esg-nas-organizacoes-bl0g\/#breadcrumb\"},\"inLanguage\":\"pt-BR\",\"potentialAction\":[{\"@type\":\"ReadAction\",\"target\":[\"https:\/\/news.sap.com\/brazil\/2021\/05\/a-importancia-de-praticas-de-esg-nas-organizacoes-bl0g\/\"]}]},{\"@type\":\"ImageObject\",\"inLanguage\":\"pt-BR\",\"@id\":\"https:\/\/news.sap.com\/brazil\/2021\/05\/a-importancia-de-praticas-de-esg-nas-organizacoes-bl0g\/#primaryimage\",\"url\":\"https:\/\/news.sap.com\/brazil\/files\/2021\/05\/11\/Art3_1400x600.png\",\"contentUrl\":\"https:\/\/news.sap.com\/brazil\/files\/2021\/05\/11\/Art3_1400x600.png\",\"width\":1400,\"height\":600},{\"@type\":\"BreadcrumbList\",\"@id\":\"https:\/\/news.sap.com\/brazil\/2021\/05\/a-importancia-de-praticas-de-esg-nas-organizacoes-bl0g\/#breadcrumb\",\"itemListElement\":[{\"@type\":\"ListItem\",\"position\":1,\"name\":\"Home\",\"item\":\"https:\/\/news.sap.com\/brazil\/\"},{\"@type\":\"ListItem\",\"position\":2,\"name\":\"A import\u00e2ncia de pr\u00e1ticas de ESG nas organiza\u00e7\u00f5es\"}]},{\"@type\":\"WebSite\",\"@id\":\"https:\/\/news.sap.com\/brazil\/#website\",\"url\":\"https:\/\/news.sap.com\/brazil\/\",\"name\":\"Sala de Imprensa 麻豆原创 Brasil\",\"description\":\"Not\u00edcias e informa\u00e7\u00f5es sobre a 麻豆原创\",\"potentialAction\":[{\"@type\":\"SearchAction\",\"target\":{\"@type\":\"EntryPoint\",\"urlTemplate\":\"https:\/\/news.sap.com\/brazil\/?s={search_term_string}\"},\"query-input\":{\"@type\":\"PropertyValueSpecification\",\"valueRequired\":true,\"valueName\":\"search_term_string\"}}],\"inLanguage\":\"pt-BR\"},{\"@type\":\"Person\",\"@id\":\"https:\/\/news.sap.com\/brazil\/#\/schema\/person\/1cfc5d6de5ffdc23f1f3b1670a90ae3c\",\"name\":\"麻豆原创 Brasil\",\"image\":{\"@type\":\"ImageObject\",\"inLanguage\":\"pt-BR\",\"@id\":\"https:\/\/news.sap.com\/brazil\/#\/schema\/person\/image\/\",\"url\":\"https:\/\/news.sap.com\/brazil\/wp-content\/plugins\/wp-user-avatars\/wp-user-avatars\/assets\/images\/mystery.jpg\",\"contentUrl\":\"https:\/\/news.sap.com\/brazil\/wp-content\/plugins\/wp-user-avatars\/wp-user-avatars\/assets\/images\/mystery.jpg\",\"caption\":\"麻豆原创 Brasil\"},\"url\":\"https:\/\/news.sap.com\/brazil\/author\/raquelcasciato\/\"}]}<\/script>\n<!-- \/ Yoast SEO Premium plugin. -->","yoast_head_json":{"title":"A import\u00e2ncia de pr\u00e1ticas de ESG nas organiza\u00e7\u00f5es","description":"O conjunto de pr\u00e1ticas ambientais, sociais e de governan\u00e7a, denominado ESG, tornou-se popular nos \u00faltimos cinco anos.","robots":{"index":"index","follow":"follow","max-snippet":"max-snippet:-1","max-image-preview":"max-image-preview:large","max-video-preview":"max-video-preview:-1"},"canonical":"https:\/\/news.sap.com\/brazil\/2021\/05\/a-importancia-de-praticas-de-esg-nas-organizacoes-bl0g\/","og_locale":"pt_BR","og_type":"article","og_title":"A import\u00e2ncia de pr\u00e1ticas de ESG nas organiza\u00e7\u00f5es","og_description":"O conjunto de pr\u00e1ticas ambientais, sociais e de governan\u00e7a, denominado ESG, tornou-se popular nos \u00faltimos cinco anos.","og_url":"https:\/\/news.sap.com\/brazil\/2021\/05\/a-importancia-de-praticas-de-esg-nas-organizacoes-bl0g\/","og_site_name":"Sala de Imprensa 麻豆原创 Brasil","article_published_time":"2021-05-11T14:04:26+00:00","article_modified_time":"2023-10-19T16:11:14+00:00","og_image":[{"width":565,"height":292,"url":"https:\/\/news.sap.com\/brazil\/files\/2021\/05\/11\/Art3_565x292.png","type":"image\/png"}],"author":"麻豆原创 Brasil","twitter_card":"summary_large_image","twitter_title":"A import\u00e2ncia de pr\u00e1ticas de ESG nas organiza\u00e7\u00f5es","twitter_creator":"@麻豆原创Brasil","twitter_site":"@麻豆原创Brasil","twitter_misc":{"Escrito por":"麻豆原创 Brasil","Est. tempo de leitura":"2 minutos"},"schema":{"@context":"https:\/\/schema.org","@graph":[{"@type":"Article","@id":"https:\/\/news.sap.com\/brazil\/2021\/05\/a-importancia-de-praticas-de-esg-nas-organizacoes-bl0g\/#article","isPartOf":{"@id":"https:\/\/news.sap.com\/brazil\/2021\/05\/a-importancia-de-praticas-de-esg-nas-organizacoes-bl0g\/"},"author":{"name":"麻豆原创 Brasil","@id":"https:\/\/news.sap.com\/brazil\/#\/schema\/person\/1cfc5d6de5ffdc23f1f3b1670a90ae3c"},"headline":"A import\u00e2ncia de pr\u00e1ticas de ESG nas organiza\u00e7\u00f5es","datePublished":"2021-05-11T14:04:26+00:00","dateModified":"2023-10-19T16:11:14+00:00","mainEntityOfPage":{"@id":"https:\/\/news.sap.com\/brazil\/2021\/05\/a-importancia-de-praticas-de-esg-nas-organizacoes-bl0g\/"},"wordCount":445,"image":{"@id":"https:\/\/news.sap.com\/brazil\/2021\/05\/a-importancia-de-praticas-de-esg-nas-organizacoes-bl0g\/#primaryimage"},"thumbnailUrl":"https:\/\/news.sap.com\/brazil\/files\/2021\/05\/11\/Art3_1400x600.png","keywords":["ESG","sustentabilidade","Tecnologia"],"articleSection":["Sustentabilidade"],"inLanguage":"pt-BR"},{"@type":"WebPage","@id":"https:\/\/news.sap.com\/brazil\/2021\/05\/a-importancia-de-praticas-de-esg-nas-organizacoes-bl0g\/","url":"https:\/\/news.sap.com\/brazil\/2021\/05\/a-importancia-de-praticas-de-esg-nas-organizacoes-bl0g\/","name":"A import\u00e2ncia de pr\u00e1ticas de ESG nas organiza\u00e7\u00f5es","isPartOf":{"@id":"https:\/\/news.sap.com\/brazil\/#website"},"primaryImageOfPage":{"@id":"https:\/\/news.sap.com\/brazil\/2021\/05\/a-importancia-de-praticas-de-esg-nas-organizacoes-bl0g\/#primaryimage"},"image":{"@id":"https:\/\/news.sap.com\/brazil\/2021\/05\/a-importancia-de-praticas-de-esg-nas-organizacoes-bl0g\/#primaryimage"},"thumbnailUrl":"https:\/\/news.sap.com\/brazil\/files\/2021\/05\/11\/Art3_1400x600.png","datePublished":"2021-05-11T14:04:26+00:00","dateModified":"2023-10-19T16:11:14+00:00","author":{"@id":"https:\/\/news.sap.com\/brazil\/#\/schema\/person\/1cfc5d6de5ffdc23f1f3b1670a90ae3c"},"description":"O conjunto de pr\u00e1ticas ambientais, sociais e de governan\u00e7a, denominado ESG, tornou-se popular nos \u00faltimos cinco anos.","breadcrumb":{"@id":"https:\/\/news.sap.com\/brazil\/2021\/05\/a-importancia-de-praticas-de-esg-nas-organizacoes-bl0g\/#breadcrumb"},"inLanguage":"pt-BR","potentialAction":[{"@type":"ReadAction","target":["https:\/\/news.sap.com\/brazil\/2021\/05\/a-importancia-de-praticas-de-esg-nas-organizacoes-bl0g\/"]}]},{"@type":"ImageObject","inLanguage":"pt-BR","@id":"https:\/\/news.sap.com\/brazil\/2021\/05\/a-importancia-de-praticas-de-esg-nas-organizacoes-bl0g\/#primaryimage","url":"https:\/\/news.sap.com\/brazil\/files\/2021\/05\/11\/Art3_1400x600.png","contentUrl":"https:\/\/news.sap.com\/brazil\/files\/2021\/05\/11\/Art3_1400x600.png","width":1400,"height":600},{"@type":"BreadcrumbList","@id":"https:\/\/news.sap.com\/brazil\/2021\/05\/a-importancia-de-praticas-de-esg-nas-organizacoes-bl0g\/#breadcrumb","itemListElement":[{"@type":"ListItem","position":1,"name":"Home","item":"https:\/\/news.sap.com\/brazil\/"},{"@type":"ListItem","position":2,"name":"A import\u00e2ncia de pr\u00e1ticas de ESG nas organiza\u00e7\u00f5es"}]},{"@type":"WebSite","@id":"https:\/\/news.sap.com\/brazil\/#website","url":"https:\/\/news.sap.com\/brazil\/","name":"Sala de Imprensa 麻豆原创 Brasil","description":"Not\u00edcias e informa\u00e7\u00f5es sobre a 麻豆原创","potentialAction":[{"@type":"SearchAction","target":{"@type":"EntryPoint","urlTemplate":"https:\/\/news.sap.com\/brazil\/?s={search_term_string}"},"query-input":{"@type":"PropertyValueSpecification","valueRequired":true,"valueName":"search_term_string"}}],"inLanguage":"pt-BR"},{"@type":"Person","@id":"https:\/\/news.sap.com\/brazil\/#\/schema\/person\/1cfc5d6de5ffdc23f1f3b1670a90ae3c","name":"麻豆原创 Brasil","image":{"@type":"ImageObject","inLanguage":"pt-BR","@id":"https:\/\/news.sap.com\/brazil\/#\/schema\/person\/image\/","url":"https:\/\/news.sap.com\/brazil\/wp-content\/plugins\/wp-user-avatars\/wp-user-avatars\/assets\/images\/mystery.jpg","contentUrl":"https:\/\/news.sap.com\/brazil\/wp-content\/plugins\/wp-user-avatars\/wp-user-avatars\/assets\/images\/mystery.jpg","caption":"麻豆原创 Brasil"},"url":"https:\/\/news.sap.com\/brazil\/author\/raquelcasciato\/"}]}},"amp_enabled":true,"_links":{"self":[{"href":"https:\/\/news.sap.com\/brazil\/wp-json\/wp\/v2\/posts\/13045","targetHints":{"allow":["GET"]}}],"collection":[{"href":"https:\/\/news.sap.com\/brazil\/wp-json\/wp\/v2\/posts"}],"about":[{"href":"https:\/\/news.sap.com\/brazil\/wp-json\/wp\/v2\/types\/post"}],"author":[{"embeddable":true,"href":"https:\/\/news.sap.com\/brazil\/wp-json\/wp\/v2\/users\/561"}],"replies":[{"embeddable":true,"href":"https:\/\/news.sap.com\/brazil\/wp-json\/wp\/v2\/comments?post=13045"}],"version-history":[{"count":0,"href":"https:\/\/news.sap.com\/brazil\/wp-json\/wp\/v2\/posts\/13045\/revisions"}],"wp:featuredmedia":[{"embeddable":true,"href":"https:\/\/news.sap.com\/brazil\/wp-json\/wp\/v2\/media\/13048"}],"wp:attachment":[{"href":"https:\/\/news.sap.com\/brazil\/wp-json\/wp\/v2\/media?parent=13045"}],"wp:term":[{"taxonomy":"category","embeddable":true,"href":"https:\/\/news.sap.com\/brazil\/wp-json\/wp\/v2\/categories?post=13045"},{"taxonomy":"post_tag","embeddable":true,"href":"https:\/\/news.sap.com\/brazil\/wp-json\/wp\/v2\/tags?post=13045"},{"taxonomy":"sapn-display","embeddable":true,"href":"https:\/\/news.sap.com\/brazil\/wp-json\/wp\/v2\/sapn-display?post=13045"},{"taxonomy":"sapn-type","embeddable":true,"href":"https:\/\/news.sap.com\/brazil\/wp-json\/wp\/v2\/sapn-type?post=13045"}],"curies":[{"name":"wp","href":"https:\/\/api.w.org\/{rel}","templated":true}]}}