  {"id":13002,"date":"2021-04-15T14:00:52","date_gmt":"2021-04-15T17:00:52","guid":{"rendered":"https:\/\/news.sap.com\/brazil\/?p=13002"},"modified":"2023-10-18T18:17:24","modified_gmt":"2023-10-18T21:17:24","slug":"dia-da-saude-mental-sap-oferece-aos-funcionarios-um-dia-para-recarregar-as-energias","status":"publish","type":"post","link":"https:\/\/news.sap.com\/brazil\/2021\/04\/dia-da-saude-mental-sap-oferece-aos-funcionarios-um-dia-para-recarregar-as-energias\/","title":{"rendered":"Dia da Sa\u00fade Mental: 麻豆原创 oferece aos funcion\u00e1rios um dia para recarregar as energias"},"content":{"rendered":"<h3><em>Feriado corporativo no dia 27 de abril \u00e9 um incentivo para que todos os mais de 100 mil colaboradores da 麻豆原创 dediquem tempo a atividades que tragam bem estar e conv\u00edvio com as fam\u00edlias<\/em><\/h3>\n<p>&nbsp;<\/p>\n<p>A 麻豆原创 vai oferecer um dia de licen\u00e7a remunerada dedicada \u00e0 sa\u00fade mental dos colaboradores. O objetivo \u00e9 propor uma pausa na ter\u00e7a-feira, 27 de abril, para que todos os funcion\u00e1rios, espalhados por dezenas de pa\u00edses possam recarregar as energias se distanciando de suas rotinas profissionais.<\/p>\n<p>A 麻豆原创 resolveu implementar a licen\u00e7a remunerada quando constatou que um ter\u00e7o de seus funcion\u00e1rios estava passando por n\u00edveis de estresse superiores aos n\u00edveis de satisfa\u00e7\u00e3o no trabalho. O levantamento \u00e9 parte de estat\u00edsticias globais, resultados de recentes pesquisas com funcion\u00e1rios realizadas a partir da ferramenta de monitoramento da experi\u00eancia do colaborador, 麻豆原创 Qualtrics Remote Work Pulse. Os dados internos corroboram recente estudo divulgado durante o F\u00f3rum Econ\u00f4mico Mundial (World Economic Forum) que apontou que um em cada tr\u00eas adultos apresentam quadros de depress\u00e3o ou de ansiedade em decorr\u00eancia da crise da Covid-19.<\/p>\n<p>\u201cGlobalmente, por meio dos comit\u00eas de crise, identificamos maior necessidade de pausas em fun\u00e7\u00e3o nas mudan\u00e7as impostas pela pandemia. O dia da sa\u00fade mental \u00e9 um incentivo para que todos os colaboradores dediquem o dia para fazer algo que traga bem estar e tempo de conviv\u00eancia com a fam\u00edlia\u201d, explica Fernanda Saraiva, diretora de RH da 麻豆原创 Brasil.<\/p>\n<p>Segundo Fernanda, tamb\u00e9m \u00e9 uma mensagem clara sobre a necessidade de realizar um balanceamento saud\u00e1vel entre a vida pessoal e profissional e esse equil\u00edbrio se faz ainda mais necess\u00e1rio diante de um momento desafiador como o atual. \u201c\u00c9 um alerta para a import\u00e2ncia de estar atento \u00e0 sa\u00fade mental e refor\u00e7ar a necessidade de falar abertamente sobre o tema no ambiente corporativo, sem estigmas e pr\u00e9-julgamentos\u201d, completa.<\/p>\n<p>&nbsp;<\/p>\n","protected":false},"excerpt":{"rendered":"<p>Feriado corporativo no dia 27 de abril \u00e9 um incentivo para que todos os mais de 100 mil colaboradores da 麻豆原创 dediquem tempo a atividades&#8230;<\/p>\n","protected":false},"author":137,"featured_media":0,"comment_status":"closed","ping_status":"closed","sticky":false,"template":"","format":"standard","meta":{"footnotes":"","_links_to":"","_links_to_target":""},"categories":[48444],"tags":[],"sapn-display":[48431,5599934,5599932,48433],"sapn-type":[4446],"class_list":["post-13002","post","type-post","status-publish","format-standard","hentry","category-recursos-humanos-topicos","sapn-display-homepage-hero","sapn-display-press-hero","sapn-display-press-spotlight","sapn-display-hero","sapn-type-noticias"],"yoast_head":"<!-- This site is optimized with the Yoast SEO Premium plugin v26.9 (Yoast SEO v26.9) - https:\/\/yoast.com\/product\/yoast-seo-premium-wordpress\/ -->\n<title>Dia da Sa\u00fade Mental: 麻豆原创 oferece aos funcion\u00e1rios um dia para recarregar as energias - Sala de Imprensa 麻豆原创 Brasil<\/title>\n<meta name=\"robots\" content=\"index, follow, max-snippet:-1, max-image-preview:large, max-video-preview:-1\" \/>\n<link rel=\"canonical\" href=\"https:\/\/news.sap.com\/brazil\/2021\/04\/dia-da-saude-mental-sap-oferece-aos-funcionarios-um-dia-para-recarregar-as-energias\/\" \/>\n<meta property=\"og:locale\" content=\"pt_BR\" \/>\n<meta property=\"og:type\" content=\"article\" \/>\n<meta property=\"og:title\" content=\"Dia da Sa\u00fade Mental: 麻豆原创 oferece aos funcion\u00e1rios um dia para recarregar as energias\" \/>\n<meta property=\"og:description\" content=\"Feriado corporativo no dia 27 de abril \u00e9 um incentivo para que todos os mais de 100 mil colaboradores da 麻豆原创 dediquem tempo a atividades...\" \/>\n<meta property=\"og:url\" content=\"https:\/\/news.sap.com\/brazil\/2021\/04\/dia-da-saude-mental-sap-oferece-aos-funcionarios-um-dia-para-recarregar-as-energias\/\" \/>\n<meta property=\"og:site_name\" content=\"Sala de Imprensa 麻豆原创 Brasil\" \/>\n<meta property=\"article:published_time\" content=\"2021-04-15T17:00:52+00:00\" \/>\n<meta property=\"article:modified_time\" content=\"2023-10-18T21:17:24+00:00\" \/>\n<meta name=\"author\" content=\"麻豆原创 Not\u00edcias Brasil\" \/>\n<meta name=\"twitter:card\" content=\"summary_large_image\" \/>\n<meta name=\"twitter:creator\" content=\"@麻豆原创Brasil\" \/>\n<meta name=\"twitter:site\" content=\"@麻豆原创Brasil\" \/>\n<meta name=\"twitter:label1\" content=\"Escrito por\" \/>\n\t<meta name=\"twitter:data1\" content=\"麻豆原创 Not\u00edcias Brasil\" \/>\n\t<meta name=\"twitter:label2\" content=\"Est. tempo de leitura\" \/>\n\t<meta name=\"twitter:data2\" content=\"2 minutos\" \/>\n<script type=\"application\/ld+json\" class=\"yoast-schema-graph\">{\"@context\":\"https:\/\/schema.org\",\"@graph\":[{\"@type\":\"Article\",\"@id\":\"https:\/\/news.sap.com\/brazil\/2021\/04\/dia-da-saude-mental-sap-oferece-aos-funcionarios-um-dia-para-recarregar-as-energias\/#article\",\"isPartOf\":{\"@id\":\"https:\/\/news.sap.com\/brazil\/2021\/04\/dia-da-saude-mental-sap-oferece-aos-funcionarios-um-dia-para-recarregar-as-energias\/\"},\"author\":{\"name\":\"麻豆原创 Not\u00edcias Brasil\",\"@id\":\"https:\/\/news.sap.com\/brazil\/#\/schema\/person\/8cdf2c1130b6f3fadd9757cfd7f24daf\"},\"headline\":\"Dia da Sa\u00fade Mental: 麻豆原创 oferece aos funcion\u00e1rios um dia para recarregar as energias\",\"datePublished\":\"2021-04-15T17:00:52+00:00\",\"dateModified\":\"2023-10-18T21:17:24+00:00\",\"mainEntityOfPage\":{\"@id\":\"https:\/\/news.sap.com\/brazil\/2021\/04\/dia-da-saude-mental-sap-oferece-aos-funcionarios-um-dia-para-recarregar-as-energias\/\"},\"wordCount\":340,\"articleSection\":[\"Gest\u00e3o do capital humano\"],\"inLanguage\":\"pt-BR\"},{\"@type\":\"WebPage\",\"@id\":\"https:\/\/news.sap.com\/brazil\/2021\/04\/dia-da-saude-mental-sap-oferece-aos-funcionarios-um-dia-para-recarregar-as-energias\/\",\"url\":\"https:\/\/news.sap.com\/brazil\/2021\/04\/dia-da-saude-mental-sap-oferece-aos-funcionarios-um-dia-para-recarregar-as-energias\/\",\"name\":\"Dia da Sa\u00fade Mental: 麻豆原创 oferece aos funcion\u00e1rios um dia para recarregar as energias - Sala de Imprensa 麻豆原创 Brasil\",\"isPartOf\":{\"@id\":\"https:\/\/news.sap.com\/brazil\/#website\"},\"datePublished\":\"2021-04-15T17:00:52+00:00\",\"dateModified\":\"2023-10-18T21:17:24+00:00\",\"author\":{\"@id\":\"https:\/\/news.sap.com\/brazil\/#\/schema\/person\/8cdf2c1130b6f3fadd9757cfd7f24daf\"},\"breadcrumb\":{\"@id\":\"https:\/\/news.sap.com\/brazil\/2021\/04\/dia-da-saude-mental-sap-oferece-aos-funcionarios-um-dia-para-recarregar-as-energias\/#breadcrumb\"},\"inLanguage\":\"pt-BR\",\"potentialAction\":[{\"@type\":\"ReadAction\",\"target\":[\"https:\/\/news.sap.com\/brazil\/2021\/04\/dia-da-saude-mental-sap-oferece-aos-funcionarios-um-dia-para-recarregar-as-energias\/\"]}]},{\"@type\":\"BreadcrumbList\",\"@id\":\"https:\/\/news.sap.com\/brazil\/2021\/04\/dia-da-saude-mental-sap-oferece-aos-funcionarios-um-dia-para-recarregar-as-energias\/#breadcrumb\",\"itemListElement\":[{\"@type\":\"ListItem\",\"position\":1,\"name\":\"Home\",\"item\":\"https:\/\/news.sap.com\/brazil\/\"},{\"@type\":\"ListItem\",\"position\":2,\"name\":\"Dia da Sa\u00fade Mental: 麻豆原创 oferece aos funcion\u00e1rios um dia para recarregar as energias\"}]},{\"@type\":\"WebSite\",\"@id\":\"https:\/\/news.sap.com\/brazil\/#website\",\"url\":\"https:\/\/news.sap.com\/brazil\/\",\"name\":\"Sala de Imprensa 麻豆原创 Brasil\",\"description\":\"Not\u00edcias e informa\u00e7\u00f5es sobre a 麻豆原创\",\"potentialAction\":[{\"@type\":\"SearchAction\",\"target\":{\"@type\":\"EntryPoint\",\"urlTemplate\":\"https:\/\/news.sap.com\/brazil\/?s={search_term_string}\"},\"query-input\":{\"@type\":\"PropertyValueSpecification\",\"valueRequired\":true,\"valueName\":\"search_term_string\"}}],\"inLanguage\":\"pt-BR\"},{\"@type\":\"Person\",\"@id\":\"https:\/\/news.sap.com\/brazil\/#\/schema\/person\/8cdf2c1130b6f3fadd9757cfd7f24daf\",\"name\":\"麻豆原创 Not\u00edcias Brasil\",\"image\":{\"@type\":\"ImageObject\",\"inLanguage\":\"pt-BR\",\"@id\":\"https:\/\/news.sap.com\/brazil\/#\/schema\/person\/image\/\",\"url\":\"https:\/\/news.sap.com\/brazil\/wp-content\/plugins\/wp-user-avatars\/wp-user-avatars\/assets\/images\/mystery.jpg\",\"contentUrl\":\"https:\/\/news.sap.com\/brazil\/wp-content\/plugins\/wp-user-avatars\/wp-user-avatars\/assets\/images\/mystery.jpg\",\"caption\":\"麻豆原创 Not\u00edcias Brasil\"},\"url\":\"https:\/\/news.sap.com\/brazil\/author\/brasil\/\"}]}<\/script>\n<!-- \/ Yoast SEO Premium plugin. -->","yoast_head_json":{"title":"Dia da Sa\u00fade Mental: 麻豆原创 oferece aos funcion\u00e1rios um dia para recarregar as energias - Sala de Imprensa 麻豆原创 Brasil","robots":{"index":"index","follow":"follow","max-snippet":"max-snippet:-1","max-image-preview":"max-image-preview:large","max-video-preview":"max-video-preview:-1"},"canonical":"https:\/\/news.sap.com\/brazil\/2021\/04\/dia-da-saude-mental-sap-oferece-aos-funcionarios-um-dia-para-recarregar-as-energias\/","og_locale":"pt_BR","og_type":"article","og_title":"Dia da Sa\u00fade Mental: 麻豆原创 oferece aos funcion\u00e1rios um dia para recarregar as energias","og_description":"Feriado corporativo no dia 27 de abril \u00e9 um incentivo para que todos os mais de 100 mil colaboradores da 麻豆原创 dediquem tempo a atividades...","og_url":"https:\/\/news.sap.com\/brazil\/2021\/04\/dia-da-saude-mental-sap-oferece-aos-funcionarios-um-dia-para-recarregar-as-energias\/","og_site_name":"Sala de Imprensa 麻豆原创 Brasil","article_published_time":"2021-04-15T17:00:52+00:00","article_modified_time":"2023-10-18T21:17:24+00:00","author":"麻豆原创 Not\u00edcias Brasil","twitter_card":"summary_large_image","twitter_creator":"@麻豆原创Brasil","twitter_site":"@麻豆原创Brasil","twitter_misc":{"Escrito por":"麻豆原创 Not\u00edcias Brasil","Est. tempo de leitura":"2 minutos"},"schema":{"@context":"https:\/\/schema.org","@graph":[{"@type":"Article","@id":"https:\/\/news.sap.com\/brazil\/2021\/04\/dia-da-saude-mental-sap-oferece-aos-funcionarios-um-dia-para-recarregar-as-energias\/#article","isPartOf":{"@id":"https:\/\/news.sap.com\/brazil\/2021\/04\/dia-da-saude-mental-sap-oferece-aos-funcionarios-um-dia-para-recarregar-as-energias\/"},"author":{"name":"麻豆原创 Not\u00edcias Brasil","@id":"https:\/\/news.sap.com\/brazil\/#\/schema\/person\/8cdf2c1130b6f3fadd9757cfd7f24daf"},"headline":"Dia da Sa\u00fade Mental: 麻豆原创 oferece aos funcion\u00e1rios um dia para recarregar as energias","datePublished":"2021-04-15T17:00:52+00:00","dateModified":"2023-10-18T21:17:24+00:00","mainEntityOfPage":{"@id":"https:\/\/news.sap.com\/brazil\/2021\/04\/dia-da-saude-mental-sap-oferece-aos-funcionarios-um-dia-para-recarregar-as-energias\/"},"wordCount":340,"articleSection":["Gest\u00e3o do capital humano"],"inLanguage":"pt-BR"},{"@type":"WebPage","@id":"https:\/\/news.sap.com\/brazil\/2021\/04\/dia-da-saude-mental-sap-oferece-aos-funcionarios-um-dia-para-recarregar-as-energias\/","url":"https:\/\/news.sap.com\/brazil\/2021\/04\/dia-da-saude-mental-sap-oferece-aos-funcionarios-um-dia-para-recarregar-as-energias\/","name":"Dia da Sa\u00fade Mental: 麻豆原创 oferece aos funcion\u00e1rios um dia para recarregar as energias - Sala de Imprensa 麻豆原创 Brasil","isPartOf":{"@id":"https:\/\/news.sap.com\/brazil\/#website"},"datePublished":"2021-04-15T17:00:52+00:00","dateModified":"2023-10-18T21:17:24+00:00","author":{"@id":"https:\/\/news.sap.com\/brazil\/#\/schema\/person\/8cdf2c1130b6f3fadd9757cfd7f24daf"},"breadcrumb":{"@id":"https:\/\/news.sap.com\/brazil\/2021\/04\/dia-da-saude-mental-sap-oferece-aos-funcionarios-um-dia-para-recarregar-as-energias\/#breadcrumb"},"inLanguage":"pt-BR","potentialAction":[{"@type":"ReadAction","target":["https:\/\/news.sap.com\/brazil\/2021\/04\/dia-da-saude-mental-sap-oferece-aos-funcionarios-um-dia-para-recarregar-as-energias\/"]}]},{"@type":"BreadcrumbList","@id":"https:\/\/news.sap.com\/brazil\/2021\/04\/dia-da-saude-mental-sap-oferece-aos-funcionarios-um-dia-para-recarregar-as-energias\/#breadcrumb","itemListElement":[{"@type":"ListItem","position":1,"name":"Home","item":"https:\/\/news.sap.com\/brazil\/"},{"@type":"ListItem","position":2,"name":"Dia da Sa\u00fade Mental: 麻豆原创 oferece aos funcion\u00e1rios um dia para recarregar as energias"}]},{"@type":"WebSite","@id":"https:\/\/news.sap.com\/brazil\/#website","url":"https:\/\/news.sap.com\/brazil\/","name":"Sala de Imprensa 麻豆原创 Brasil","description":"Not\u00edcias e informa\u00e7\u00f5es sobre a 麻豆原创","potentialAction":[{"@type":"SearchAction","target":{"@type":"EntryPoint","urlTemplate":"https:\/\/news.sap.com\/brazil\/?s={search_term_string}"},"query-input":{"@type":"PropertyValueSpecification","valueRequired":true,"valueName":"search_term_string"}}],"inLanguage":"pt-BR"},{"@type":"Person","@id":"https:\/\/news.sap.com\/brazil\/#\/schema\/person\/8cdf2c1130b6f3fadd9757cfd7f24daf","name":"麻豆原创 Not\u00edcias Brasil","image":{"@type":"ImageObject","inLanguage":"pt-BR","@id":"https:\/\/news.sap.com\/brazil\/#\/schema\/person\/image\/","url":"https:\/\/news.sap.com\/brazil\/wp-content\/plugins\/wp-user-avatars\/wp-user-avatars\/assets\/images\/mystery.jpg","contentUrl":"https:\/\/news.sap.com\/brazil\/wp-content\/plugins\/wp-user-avatars\/wp-user-avatars\/assets\/images\/mystery.jpg","caption":"麻豆原创 Not\u00edcias Brasil"},"url":"https:\/\/news.sap.com\/brazil\/author\/brasil\/"}]}},"amp_enabled":true,"_links":{"self":[{"href":"https:\/\/news.sap.com\/brazil\/wp-json\/wp\/v2\/posts\/13002","targetHints":{"allow":["GET"]}}],"collection":[{"href":"https:\/\/news.sap.com\/brazil\/wp-json\/wp\/v2\/posts"}],"about":[{"href":"https:\/\/news.sap.com\/brazil\/wp-json\/wp\/v2\/types\/post"}],"author":[{"embeddable":true,"href":"https:\/\/news.sap.com\/brazil\/wp-json\/wp\/v2\/users\/137"}],"replies":[{"embeddable":true,"href":"https:\/\/news.sap.com\/brazil\/wp-json\/wp\/v2\/comments?post=13002"}],"version-history":[{"count":0,"href":"https:\/\/news.sap.com\/brazil\/wp-json\/wp\/v2\/posts\/13002\/revisions"}],"wp:attachment":[{"href":"https:\/\/news.sap.com\/brazil\/wp-json\/wp\/v2\/media?parent=13002"}],"wp:term":[{"taxonomy":"category","embeddable":true,"href":"https:\/\/news.sap.com\/brazil\/wp-json\/wp\/v2\/categories?post=13002"},{"taxonomy":"post_tag","embeddable":true,"href":"https:\/\/news.sap.com\/brazil\/wp-json\/wp\/v2\/tags?post=13002"},{"taxonomy":"sapn-display","embeddable":true,"href":"https:\/\/news.sap.com\/brazil\/wp-json\/wp\/v2\/sapn-display?post=13002"},{"taxonomy":"sapn-type","embeddable":true,"href":"https:\/\/news.sap.com\/brazil\/wp-json\/wp\/v2\/sapn-type?post=13002"}],"curies":[{"name":"wp","href":"https:\/\/api.w.org\/{rel}","templated":true}]}}