  {"id":12981,"date":"2021-04-27T09:00:58","date_gmt":"2021-04-27T12:00:58","guid":{"rendered":"https:\/\/news.sap.com\/brazil\/?p=12981"},"modified":"2023-10-19T13:13:05","modified_gmt":"2023-10-19T16:13:05","slug":"infografico-a-sustentabilidade-na-agenda-dos-lideres-da-america-latina-bl0g","status":"publish","type":"post","link":"https:\/\/news.sap.com\/brazil\/2021\/04\/infografico-a-sustentabilidade-na-agenda-dos-lideres-da-america-latina-bl0g\/","title":{"rendered":"Infogr\u00e1fico: A sustentabilidade na agenda dos l\u00edderes da Am\u00e9rica Latina"},"content":{"rendered":"<p>Por: 麻豆原创 Brasil<\/p>\n<p>Em mar\u00e7o de 2021, a CIO Research l\u00edder em pesquisas de mercado e a SEEKMENT, refer\u00eancia na \u00e1rea de avalia\u00e7\u00e3o e an\u00e1lise de informa\u00e7\u00f5es, realizaram um estudo \u201c<a href=\"https:\/\/news.sap.com\/brazil\/files\/2021\/03\/12\/BRA-Three-Pager.pdf?url_id=text-blogentry-innovationBlogBR-2021_blog-original-post-otherpost\" target=\"_blank\" rel=\"noopener\">A sustentabilidade na agenda dos l\u00edderes da Am\u00e9rica Latina<\/a>\u201d patrocinado pela 麻豆原创 com o objetivo de realizar uma primeira abordagem sobre como CEOs e altos executivos de empresas na Am\u00e9rica Latina analisam os avan\u00e7os na agenda de sustentabilidade em seus pa\u00edses e quais impactos seus neg\u00f3cios geram, apontando tend\u00eancias que ajudar\u00e3o a delinear o futuro.<\/p>\n<p>Mais de 450 executivos de n\u00edvel s\u00eanior das principais m\u00e9dias e grandes empresas de pa\u00edses como Argentina, Brasil, Col\u00f4mbia e M\u00e9xico compartilharam impress\u00f5es e experi\u00eancias sobre avan\u00e7os na implementa\u00e7\u00e3o de estrat\u00e9gias de sustentabilidade, direcionamento de recursos nesse sentido e como suas organiza\u00e7\u00f5es est\u00e3o preocupadas com o equil\u00edbrio sustent\u00e1vel entre atividade econ\u00f4mica e meio ambiente.<\/p>\n<p><img loading=\"lazy\" decoding=\"async\" class=\"aligncenter size-full wp-image-12982\" src=\"https:\/\/news.sap.com\/brazil\/files\/2021\/04\/05\/Infografico-A-sustentabilidade-na-agenda-dos-lideres-da-America-Latina.png\" alt=\"\" width=\"1000\" height=\"1827\" srcset=\"https:\/\/news.sap.com\/brazil\/files\/2021\/04\/05\/Infografico-A-sustentabilidade-na-agenda-dos-lideres-da-America-Latina.png 1000w, https:\/\/news.sap.com\/brazil\/files\/2021\/04\/05\/Infografico-A-sustentabilidade-na-agenda-dos-lideres-da-America-Latina-164x300.png 164w, https:\/\/news.sap.com\/brazil\/files\/2021\/04\/05\/Infografico-A-sustentabilidade-na-agenda-dos-lideres-da-America-Latina-560x1024.png 560w, https:\/\/news.sap.com\/brazil\/files\/2021\/04\/05\/Infografico-A-sustentabilidade-na-agenda-dos-lideres-da-America-Latina-768x1403.png 768w, https:\/\/news.sap.com\/brazil\/files\/2021\/04\/05\/Infografico-A-sustentabilidade-na-agenda-dos-lideres-da-America-Latina-841x1536.png 841w\" sizes=\"auto, (max-width: 1000px) 100vw, 1000px\" \/><\/p>\n<p>O uso de indicadores de performance tem sido adotado por 37% dos executivos brasileiros para monitorar as informa\u00e7\u00f5es sobre o andamento do trabalho sustent\u00e1vel na pr\u00e1tica, ajudando as organiza\u00e7\u00f5es a entender como as pol\u00edticas de sustentabilidade est\u00e3o sendo efetivas para o neg\u00f3cio.<\/p>\n<p>Mas \u00e9 importante atentar-se aos aspectos que dominam a agenda da sustentabilidade como igualdade de g\u00eanero, profissionais do futuro, economia circular, empreendedorismo social e mudan\u00e7as clim\u00e1ticas. Eles est\u00e3o ajudando a delinear as mudan\u00e7as organizacionais tamb\u00e9m no contexto que o mundo vive atualmente, para promover mudan\u00e7as nas empresas e em toda a comunidade ao redor.<\/p>\n<p>O estudo mostra que as perspectivas para o futuro do desenvolvimento de pol\u00edticas de sustentabilidade s\u00e3o positivas, mas que levar\u00e3o tempo para serem totalmente implementadas pelas empresas que precisam investir em \u00e1reas especializadas, estabelecer padr\u00f5es e indicadores a partir de par\u00e2metros internacionais para que trabalhem em conjunto, estender pol\u00edticas sustent\u00e1veis para toda sua cadeia de valor e pensar em estrat\u00e9gias para atrair a gera\u00e7\u00e3o dos <em>millennials<\/em>, que estar\u00e3o entre sua principal for\u00e7a de trabalho.<\/p>\n<p>A sustentabilidade est\u00e1 se tornando fator decisivo e as organiza\u00e7\u00f5es t\u00eam a chance de promover mudan\u00e7as se come\u00e7arem esse trabalho o quanto antes.<\/p>\n<p><a href=\"https:\/\/www.sap.com\/corporate\/en\/company\/sustainability-csr\/sustainability-impact.html?url_id=text-blogentry-innovationBlogBR-2021_blog-original-post-sapcom\" target=\"_blank\" rel=\"noopener\">Acesse<\/a> as solu\u00e7\u00f5es da 麻豆原创 para que a sua empresa siga a rota da sustentabilidade.<\/p>\n<p>Acompanhe mais novidades nos canais de comunica\u00e7\u00e3o da 麻豆原创:\u00a0 <a href=\"https:\/\/www.facebook.com\/sapbrasil\/\" target=\"_blank\" rel=\"noopener\">Facebook\u00a0<\/a>\/\u00a0<a href=\"https:\/\/twitter.com\/麻豆原创Brasil\" target=\"_blank\" rel=\"noopener\">Twitter\u00a0<\/a>\/\u00a0<a href=\"https:\/\/www.linkedin.com\/company\/1115\/\" target=\"_blank\" rel=\"noopener\">LinkedIn\u00a0<\/a>\/\u00a0<a href=\"https:\/\/www.instagram.com\/sap_brasil\/\" target=\"_blank\" rel=\"noopener\">Instagram<\/a> \/ <a href=\"https:\/\/widget.whatsbroadcast.com\/widget_more\/a7807e0e29453c252140d96fc2d912ab\/?campaigncode=CRM-XL18-SOC-WHATSES&amp;url_id=banner-lao-homepage-whatsapp-row5-feb17r1\" target=\"_blank\" rel=\"noopener\">WhatsApp<\/a> \/ <a href=\"https:\/\/www.youtube.com\/user\/sapbrasil\" target=\"_blank\" rel=\"noopener\">Youtube<\/a><\/p>\n<p>\u00a9 2021 麻豆原创 SE. All rights reserved. 麻豆原创 and other 麻豆原创 products and services mentioned herein as well as their respective logos are trademarks or registered trademarks of 麻豆原创 SE in Germany and other countries. Please see <a href=\"http:\/\/www.sap.com\/corporate-en\/legal\/copyright\/index.epx#trademark\" target=\"_blank\" rel=\"noopener\">http:\/\/www.sap.com\/corporate-en\/legal\/copyright\/index.epx#trademark<\/a> for additional trademark information and notices.<\/p>\n","protected":false},"excerpt":{"rendered":"<p>Por: 麻豆原创 Brasil Em mar\u00e7o de 2021, a CIO Research l\u00edder em pesquisas de mercado e a SEEKMENT, refer\u00eancia na \u00e1rea de avalia\u00e7\u00e3o e an\u00e1lise&#8230;<\/p>\n","protected":false},"author":561,"featured_media":12986,"comment_status":"closed","ping_status":"closed","sticky":false,"template":"","format":"standard","meta":{"footnotes":"","_links_to":"","_links_to_target":""},"categories":[52858],"tags":[20468,16615,5599745],"sapn-display":[5599933,5599931,48431,48433],"sapn-type":[6114],"class_list":["post-12981","post","type-post","status-publish","format-standard","has-post-thumbnail","hentry","category-sustentabilidade-topicos","tag-america-latina","tag-sustentabilidade","tag-trabalho-sustentavel","sapn-display-feature-hero","sapn-display-feature-spotlight","sapn-display-homepage-hero","sapn-display-hero","sapn-type-artigo"],"yoast_head":"<!-- This site is optimized with the Yoast SEO Premium plugin v26.9 (Yoast SEO v26.9) - https:\/\/yoast.com\/product\/yoast-seo-premium-wordpress\/ -->\n<title>Infogr\u00e1fico: A sustentabilidade na agenda dos l\u00edderes da Am\u00e9rica Latina<\/title>\n<meta name=\"description\" content=\"Mais de 450 executivos de n\u00edvel s\u00eanior das principais m\u00e9dias e grandes empresas compartilharam impress\u00f5es e experi\u00eancias sobre a implementa\u00e7\u00e3o de estrat\u00e9gias de sustentabilidade.\" \/>\n<meta name=\"robots\" content=\"index, follow, max-snippet:-1, max-image-preview:large, max-video-preview:-1\" \/>\n<link rel=\"canonical\" href=\"https:\/\/news.sap.com\/brazil\/2021\/04\/infografico-a-sustentabilidade-na-agenda-dos-lideres-da-america-latina-bl0g\/\" \/>\n<meta property=\"og:locale\" content=\"pt_BR\" \/>\n<meta property=\"og:type\" content=\"article\" \/>\n<meta property=\"og:title\" content=\"Infogr\u00e1fico: A sustentabilidade na agenda dos l\u00edderes da Am\u00e9rica Latina\" \/>\n<meta property=\"og:description\" content=\"Mais de 450 executivos de n\u00edvel s\u00eanior das principais m\u00e9dias e grandes empresas compartilharam impress\u00f5es e experi\u00eancias sobre avan\u00e7os na implementa\u00e7\u00e3o de estrat\u00e9gias de sustentabilidade.\" \/>\n<meta property=\"og:url\" content=\"https:\/\/news.sap.com\/brazil\/2021\/04\/infografico-a-sustentabilidade-na-agenda-dos-lideres-da-america-latina-bl0g\/\" \/>\n<meta property=\"og:site_name\" content=\"Sala de Imprensa 麻豆原创 Brasil\" \/>\n<meta property=\"article:published_time\" content=\"2021-04-27T12:00:58+00:00\" \/>\n<meta property=\"article:modified_time\" content=\"2023-10-19T16:13:05+00:00\" \/>\n<meta property=\"og:image\" content=\"https:\/\/news.sap.com\/brazil\/files\/2021\/04\/05\/5_565x292.png\" \/>\n\t<meta property=\"og:image:width\" content=\"565\" \/>\n\t<meta property=\"og:image:height\" content=\"292\" \/>\n\t<meta property=\"og:image:type\" content=\"image\/png\" \/>\n<meta name=\"author\" content=\"麻豆原创 Brasil\" \/>\n<meta name=\"twitter:card\" content=\"summary_large_image\" \/>\n<meta name=\"twitter:title\" content=\"Infogr\u00e1fico: A sustentabilidade na agenda dos l\u00edderes da Am\u00e9rica Latina\" \/>\n<meta name=\"twitter:creator\" content=\"@麻豆原创Brasil\" \/>\n<meta name=\"twitter:site\" content=\"@麻豆原创Brasil\" \/>\n<meta name=\"twitter:label1\" content=\"Escrito por\" \/>\n\t<meta name=\"twitter:data1\" content=\"麻豆原创 Brasil\" \/>\n\t<meta name=\"twitter:label2\" content=\"Est. tempo de leitura\" \/>\n\t<meta name=\"twitter:data2\" content=\"2 minutos\" \/>\n<script type=\"application\/ld+json\" class=\"yoast-schema-graph\">{\"@context\":\"https:\/\/schema.org\",\"@graph\":[{\"@type\":\"Article\",\"@id\":\"https:\/\/news.sap.com\/brazil\/2021\/04\/infografico-a-sustentabilidade-na-agenda-dos-lideres-da-america-latina-bl0g\/#article\",\"isPartOf\":{\"@id\":\"https:\/\/news.sap.com\/brazil\/2021\/04\/infografico-a-sustentabilidade-na-agenda-dos-lideres-da-america-latina-bl0g\/\"},\"author\":{\"name\":\"麻豆原创 Brasil\",\"@id\":\"https:\/\/news.sap.com\/brazil\/#\/schema\/person\/1cfc5d6de5ffdc23f1f3b1670a90ae3c\"},\"headline\":\"Infogr\u00e1fico: A sustentabilidade na agenda dos l\u00edderes da Am\u00e9rica Latina\",\"datePublished\":\"2021-04-27T12:00:58+00:00\",\"dateModified\":\"2023-10-19T16:13:05+00:00\",\"mainEntityOfPage\":{\"@id\":\"https:\/\/news.sap.com\/brazil\/2021\/04\/infografico-a-sustentabilidade-na-agenda-dos-lideres-da-america-latina-bl0g\/\"},\"wordCount\":483,\"image\":{\"@id\":\"https:\/\/news.sap.com\/brazil\/2021\/04\/infografico-a-sustentabilidade-na-agenda-dos-lideres-da-america-latina-bl0g\/#primaryimage\"},\"thumbnailUrl\":\"https:\/\/news.sap.com\/brazil\/files\/2021\/04\/27\/HEAD-A-sustentabilidade-na-agenda-dos-lideres-da-America-Latina.png\",\"keywords\":[\"Am\u00e9rica Latina\",\"sustentabilidade\",\"Trabalho sustent\u00e1vel\"],\"articleSection\":[\"Sustentabilidade\"],\"inLanguage\":\"pt-BR\"},{\"@type\":\"WebPage\",\"@id\":\"https:\/\/news.sap.com\/brazil\/2021\/04\/infografico-a-sustentabilidade-na-agenda-dos-lideres-da-america-latina-bl0g\/\",\"url\":\"https:\/\/news.sap.com\/brazil\/2021\/04\/infografico-a-sustentabilidade-na-agenda-dos-lideres-da-america-latina-bl0g\/\",\"name\":\"Infogr\u00e1fico: A sustentabilidade na agenda dos l\u00edderes da Am\u00e9rica Latina\",\"isPartOf\":{\"@id\":\"https:\/\/news.sap.com\/brazil\/#website\"},\"primaryImageOfPage\":{\"@id\":\"https:\/\/news.sap.com\/brazil\/2021\/04\/infografico-a-sustentabilidade-na-agenda-dos-lideres-da-america-latina-bl0g\/#primaryimage\"},\"image\":{\"@id\":\"https:\/\/news.sap.com\/brazil\/2021\/04\/infografico-a-sustentabilidade-na-agenda-dos-lideres-da-america-latina-bl0g\/#primaryimage\"},\"thumbnailUrl\":\"https:\/\/news.sap.com\/brazil\/files\/2021\/04\/27\/HEAD-A-sustentabilidade-na-agenda-dos-lideres-da-America-Latina.png\",\"datePublished\":\"2021-04-27T12:00:58+00:00\",\"dateModified\":\"2023-10-19T16:13:05+00:00\",\"author\":{\"@id\":\"https:\/\/news.sap.com\/brazil\/#\/schema\/person\/1cfc5d6de5ffdc23f1f3b1670a90ae3c\"},\"description\":\"Mais de 450 executivos de n\u00edvel s\u00eanior das principais m\u00e9dias e grandes empresas compartilharam impress\u00f5es e experi\u00eancias sobre a implementa\u00e7\u00e3o de estrat\u00e9gias de sustentabilidade.\",\"breadcrumb\":{\"@id\":\"https:\/\/news.sap.com\/brazil\/2021\/04\/infografico-a-sustentabilidade-na-agenda-dos-lideres-da-america-latina-bl0g\/#breadcrumb\"},\"inLanguage\":\"pt-BR\",\"potentialAction\":[{\"@type\":\"ReadAction\",\"target\":[\"https:\/\/news.sap.com\/brazil\/2021\/04\/infografico-a-sustentabilidade-na-agenda-dos-lideres-da-america-latina-bl0g\/\"]}]},{\"@type\":\"ImageObject\",\"inLanguage\":\"pt-BR\",\"@id\":\"https:\/\/news.sap.com\/brazil\/2021\/04\/infografico-a-sustentabilidade-na-agenda-dos-lideres-da-america-latina-bl0g\/#primaryimage\",\"url\":\"https:\/\/news.sap.com\/brazil\/files\/2021\/04\/27\/HEAD-A-sustentabilidade-na-agenda-dos-lideres-da-America-Latina.png\",\"contentUrl\":\"https:\/\/news.sap.com\/brazil\/files\/2021\/04\/27\/HEAD-A-sustentabilidade-na-agenda-dos-lideres-da-America-Latina.png\",\"width\":1400,\"height\":600},{\"@type\":\"BreadcrumbList\",\"@id\":\"https:\/\/news.sap.com\/brazil\/2021\/04\/infografico-a-sustentabilidade-na-agenda-dos-lideres-da-america-latina-bl0g\/#breadcrumb\",\"itemListElement\":[{\"@type\":\"ListItem\",\"position\":1,\"name\":\"Home\",\"item\":\"https:\/\/news.sap.com\/brazil\/\"},{\"@type\":\"ListItem\",\"position\":2,\"name\":\"Infogr\u00e1fico: A sustentabilidade na agenda dos l\u00edderes da Am\u00e9rica Latina\"}]},{\"@type\":\"WebSite\",\"@id\":\"https:\/\/news.sap.com\/brazil\/#website\",\"url\":\"https:\/\/news.sap.com\/brazil\/\",\"name\":\"Sala de Imprensa 麻豆原创 Brasil\",\"description\":\"Not\u00edcias e informa\u00e7\u00f5es sobre a 麻豆原创\",\"potentialAction\":[{\"@type\":\"SearchAction\",\"target\":{\"@type\":\"EntryPoint\",\"urlTemplate\":\"https:\/\/news.sap.com\/brazil\/?s={search_term_string}\"},\"query-input\":{\"@type\":\"PropertyValueSpecification\",\"valueRequired\":true,\"valueName\":\"search_term_string\"}}],\"inLanguage\":\"pt-BR\"},{\"@type\":\"Person\",\"@id\":\"https:\/\/news.sap.com\/brazil\/#\/schema\/person\/1cfc5d6de5ffdc23f1f3b1670a90ae3c\",\"name\":\"麻豆原创 Brasil\",\"image\":{\"@type\":\"ImageObject\",\"inLanguage\":\"pt-BR\",\"@id\":\"https:\/\/news.sap.com\/brazil\/#\/schema\/person\/image\/\",\"url\":\"https:\/\/news.sap.com\/brazil\/wp-content\/plugins\/wp-user-avatars\/wp-user-avatars\/assets\/images\/mystery.jpg\",\"contentUrl\":\"https:\/\/news.sap.com\/brazil\/wp-content\/plugins\/wp-user-avatars\/wp-user-avatars\/assets\/images\/mystery.jpg\",\"caption\":\"麻豆原创 Brasil\"},\"url\":\"https:\/\/news.sap.com\/brazil\/author\/raquelcasciato\/\"}]}<\/script>\n<!-- \/ Yoast SEO Premium plugin. -->","yoast_head_json":{"title":"Infogr\u00e1fico: A sustentabilidade na agenda dos l\u00edderes da Am\u00e9rica Latina","description":"Mais de 450 executivos de n\u00edvel s\u00eanior das principais m\u00e9dias e grandes empresas compartilharam impress\u00f5es e experi\u00eancias sobre a implementa\u00e7\u00e3o de estrat\u00e9gias de sustentabilidade.","robots":{"index":"index","follow":"follow","max-snippet":"max-snippet:-1","max-image-preview":"max-image-preview:large","max-video-preview":"max-video-preview:-1"},"canonical":"https:\/\/news.sap.com\/brazil\/2021\/04\/infografico-a-sustentabilidade-na-agenda-dos-lideres-da-america-latina-bl0g\/","og_locale":"pt_BR","og_type":"article","og_title":"Infogr\u00e1fico: A sustentabilidade na agenda dos l\u00edderes da Am\u00e9rica Latina","og_description":"Mais de 450 executivos de n\u00edvel s\u00eanior das principais m\u00e9dias e grandes empresas compartilharam impress\u00f5es e experi\u00eancias sobre avan\u00e7os na implementa\u00e7\u00e3o de estrat\u00e9gias de sustentabilidade.","og_url":"https:\/\/news.sap.com\/brazil\/2021\/04\/infografico-a-sustentabilidade-na-agenda-dos-lideres-da-america-latina-bl0g\/","og_site_name":"Sala de Imprensa 麻豆原创 Brasil","article_published_time":"2021-04-27T12:00:58+00:00","article_modified_time":"2023-10-19T16:13:05+00:00","og_image":[{"width":565,"height":292,"url":"https:\/\/news.sap.com\/brazil\/files\/2021\/04\/05\/5_565x292.png","type":"image\/png"}],"author":"麻豆原创 Brasil","twitter_card":"summary_large_image","twitter_title":"Infogr\u00e1fico: A sustentabilidade na agenda dos l\u00edderes da Am\u00e9rica Latina","twitter_creator":"@麻豆原创Brasil","twitter_site":"@麻豆原创Brasil","twitter_misc":{"Escrito por":"麻豆原创 Brasil","Est. tempo de leitura":"2 minutos"},"schema":{"@context":"https:\/\/schema.org","@graph":[{"@type":"Article","@id":"https:\/\/news.sap.com\/brazil\/2021\/04\/infografico-a-sustentabilidade-na-agenda-dos-lideres-da-america-latina-bl0g\/#article","isPartOf":{"@id":"https:\/\/news.sap.com\/brazil\/2021\/04\/infografico-a-sustentabilidade-na-agenda-dos-lideres-da-america-latina-bl0g\/"},"author":{"name":"麻豆原创 Brasil","@id":"https:\/\/news.sap.com\/brazil\/#\/schema\/person\/1cfc5d6de5ffdc23f1f3b1670a90ae3c"},"headline":"Infogr\u00e1fico: A sustentabilidade na agenda dos l\u00edderes da Am\u00e9rica Latina","datePublished":"2021-04-27T12:00:58+00:00","dateModified":"2023-10-19T16:13:05+00:00","mainEntityOfPage":{"@id":"https:\/\/news.sap.com\/brazil\/2021\/04\/infografico-a-sustentabilidade-na-agenda-dos-lideres-da-america-latina-bl0g\/"},"wordCount":483,"image":{"@id":"https:\/\/news.sap.com\/brazil\/2021\/04\/infografico-a-sustentabilidade-na-agenda-dos-lideres-da-america-latina-bl0g\/#primaryimage"},"thumbnailUrl":"https:\/\/news.sap.com\/brazil\/files\/2021\/04\/27\/HEAD-A-sustentabilidade-na-agenda-dos-lideres-da-America-Latina.png","keywords":["Am\u00e9rica Latina","sustentabilidade","Trabalho sustent\u00e1vel"],"articleSection":["Sustentabilidade"],"inLanguage":"pt-BR"},{"@type":"WebPage","@id":"https:\/\/news.sap.com\/brazil\/2021\/04\/infografico-a-sustentabilidade-na-agenda-dos-lideres-da-america-latina-bl0g\/","url":"https:\/\/news.sap.com\/brazil\/2021\/04\/infografico-a-sustentabilidade-na-agenda-dos-lideres-da-america-latina-bl0g\/","name":"Infogr\u00e1fico: A sustentabilidade na agenda dos l\u00edderes da Am\u00e9rica Latina","isPartOf":{"@id":"https:\/\/news.sap.com\/brazil\/#website"},"primaryImageOfPage":{"@id":"https:\/\/news.sap.com\/brazil\/2021\/04\/infografico-a-sustentabilidade-na-agenda-dos-lideres-da-america-latina-bl0g\/#primaryimage"},"image":{"@id":"https:\/\/news.sap.com\/brazil\/2021\/04\/infografico-a-sustentabilidade-na-agenda-dos-lideres-da-america-latina-bl0g\/#primaryimage"},"thumbnailUrl":"https:\/\/news.sap.com\/brazil\/files\/2021\/04\/27\/HEAD-A-sustentabilidade-na-agenda-dos-lideres-da-America-Latina.png","datePublished":"2021-04-27T12:00:58+00:00","dateModified":"2023-10-19T16:13:05+00:00","author":{"@id":"https:\/\/news.sap.com\/brazil\/#\/schema\/person\/1cfc5d6de5ffdc23f1f3b1670a90ae3c"},"description":"Mais de 450 executivos de n\u00edvel s\u00eanior das principais m\u00e9dias e grandes empresas compartilharam impress\u00f5es e experi\u00eancias sobre a implementa\u00e7\u00e3o de estrat\u00e9gias de sustentabilidade.","breadcrumb":{"@id":"https:\/\/news.sap.com\/brazil\/2021\/04\/infografico-a-sustentabilidade-na-agenda-dos-lideres-da-america-latina-bl0g\/#breadcrumb"},"inLanguage":"pt-BR","potentialAction":[{"@type":"ReadAction","target":["https:\/\/news.sap.com\/brazil\/2021\/04\/infografico-a-sustentabilidade-na-agenda-dos-lideres-da-america-latina-bl0g\/"]}]},{"@type":"ImageObject","inLanguage":"pt-BR","@id":"https:\/\/news.sap.com\/brazil\/2021\/04\/infografico-a-sustentabilidade-na-agenda-dos-lideres-da-america-latina-bl0g\/#primaryimage","url":"https:\/\/news.sap.com\/brazil\/files\/2021\/04\/27\/HEAD-A-sustentabilidade-na-agenda-dos-lideres-da-America-Latina.png","contentUrl":"https:\/\/news.sap.com\/brazil\/files\/2021\/04\/27\/HEAD-A-sustentabilidade-na-agenda-dos-lideres-da-America-Latina.png","width":1400,"height":600},{"@type":"BreadcrumbList","@id":"https:\/\/news.sap.com\/brazil\/2021\/04\/infografico-a-sustentabilidade-na-agenda-dos-lideres-da-america-latina-bl0g\/#breadcrumb","itemListElement":[{"@type":"ListItem","position":1,"name":"Home","item":"https:\/\/news.sap.com\/brazil\/"},{"@type":"ListItem","position":2,"name":"Infogr\u00e1fico: A sustentabilidade na agenda dos l\u00edderes da Am\u00e9rica Latina"}]},{"@type":"WebSite","@id":"https:\/\/news.sap.com\/brazil\/#website","url":"https:\/\/news.sap.com\/brazil\/","name":"Sala de Imprensa 麻豆原创 Brasil","description":"Not\u00edcias e informa\u00e7\u00f5es sobre a 麻豆原创","potentialAction":[{"@type":"SearchAction","target":{"@type":"EntryPoint","urlTemplate":"https:\/\/news.sap.com\/brazil\/?s={search_term_string}"},"query-input":{"@type":"PropertyValueSpecification","valueRequired":true,"valueName":"search_term_string"}}],"inLanguage":"pt-BR"},{"@type":"Person","@id":"https:\/\/news.sap.com\/brazil\/#\/schema\/person\/1cfc5d6de5ffdc23f1f3b1670a90ae3c","name":"麻豆原创 Brasil","image":{"@type":"ImageObject","inLanguage":"pt-BR","@id":"https:\/\/news.sap.com\/brazil\/#\/schema\/person\/image\/","url":"https:\/\/news.sap.com\/brazil\/wp-content\/plugins\/wp-user-avatars\/wp-user-avatars\/assets\/images\/mystery.jpg","contentUrl":"https:\/\/news.sap.com\/brazil\/wp-content\/plugins\/wp-user-avatars\/wp-user-avatars\/assets\/images\/mystery.jpg","caption":"麻豆原创 Brasil"},"url":"https:\/\/news.sap.com\/brazil\/author\/raquelcasciato\/"}]}},"amp_enabled":true,"_links":{"self":[{"href":"https:\/\/news.sap.com\/brazil\/wp-json\/wp\/v2\/posts\/12981","targetHints":{"allow":["GET"]}}],"collection":[{"href":"https:\/\/news.sap.com\/brazil\/wp-json\/wp\/v2\/posts"}],"about":[{"href":"https:\/\/news.sap.com\/brazil\/wp-json\/wp\/v2\/types\/post"}],"author":[{"embeddable":true,"href":"https:\/\/news.sap.com\/brazil\/wp-json\/wp\/v2\/users\/561"}],"replies":[{"embeddable":true,"href":"https:\/\/news.sap.com\/brazil\/wp-json\/wp\/v2\/comments?post=12981"}],"version-history":[{"count":0,"href":"https:\/\/news.sap.com\/brazil\/wp-json\/wp\/v2\/posts\/12981\/revisions"}],"wp:featuredmedia":[{"embeddable":true,"href":"https:\/\/news.sap.com\/brazil\/wp-json\/wp\/v2\/media\/12986"}],"wp:attachment":[{"href":"https:\/\/news.sap.com\/brazil\/wp-json\/wp\/v2\/media?parent=12981"}],"wp:term":[{"taxonomy":"category","embeddable":true,"href":"https:\/\/news.sap.com\/brazil\/wp-json\/wp\/v2\/categories?post=12981"},{"taxonomy":"post_tag","embeddable":true,"href":"https:\/\/news.sap.com\/brazil\/wp-json\/wp\/v2\/tags?post=12981"},{"taxonomy":"sapn-display","embeddable":true,"href":"https:\/\/news.sap.com\/brazil\/wp-json\/wp\/v2\/sapn-display?post=12981"},{"taxonomy":"sapn-type","embeddable":true,"href":"https:\/\/news.sap.com\/brazil\/wp-json\/wp\/v2\/sapn-type?post=12981"}],"curies":[{"name":"wp","href":"https:\/\/api.w.org\/{rel}","templated":true}]}}