  {"id":12932,"date":"2021-03-15T12:23:30","date_gmt":"2021-03-15T15:23:30","guid":{"rendered":"https:\/\/news.sap.com\/brazil\/?p=12932"},"modified":"2022-02-14T14:01:55","modified_gmt":"2022-02-14T17:01:55","slug":"estudo-da-sap-aponta-sustentabilidade-como-tema-prioritario-para-empresas-da-america-latina","status":"publish","type":"post","link":"https:\/\/news.sap.com\/brazil\/2021\/03\/estudo-da-sap-aponta-sustentabilidade-como-tema-prioritario-para-empresas-da-america-latina\/","title":{"rendered":"Estudo da 麻豆原创 aponta sustentabilidade como tema priorit\u00e1rio para empresas da Am\u00e9rica Latina"},"content":{"rendered":"<h3><i>Foram entrevistados 450 l\u00edderes de empresas no Brasil, Argentina, M\u00e9xico e Col\u00f4mbia. Brasil se destaca na gest\u00e3o da cadeia de valor, com maior aten\u00e7\u00e3o nos contratos com fornecedores<\/i><\/h3>\n<p class=\"x_MsoNormal\"><b>S\u00e3o Paulo, 15 de mar\u00e7o de 2021<\/b>\u00a0\u2013 Pesquisa realizada pela 麻豆原创 com mais de 450 companhias de m\u00e9dio e grande portes no <a href=\"https:\/\/news.sap.com\/brazil\/?p=12931\">Brasil<\/a>, Argentina, M\u00e9xico e Col\u00f4mbia revela que a sustentabilidade \u00e9 tema priorit\u00e1rio para as empresas da regi\u00e3o. Entre os presidentes e diretores entrevistados, 45% expressaram ter uma estrat\u00e9gia de sustentabilidade em suas organiza\u00e7\u00f5es e 22% afirmaram estar em fase de implementa\u00e7\u00e3o. No recorte de Brasil, os executivos se mostram um pouco mais conservadores, com \u00edndices de 42% e 19%, respectivamente. Essa \u00e9 uma das conclus\u00f5es do estudo\u00a0<a href=\"https:\/\/news.sap.com\/brazil\/?p=12917\" target=\"_blank\" rel=\"noopener noreferrer\" data-auth=\"NotApplicable\"><b>\u201cSustentabilidade na Agenda dos L\u00edderes Latino-Americanos&#8221;<\/b><\/a>, realizado, a pedido da 麻豆原创, pela CIO Research, empresa l\u00edder em pesquisas de mercado da regi\u00e3o, e pela Seekment, refer\u00eancia na \u00e1rea de avalia\u00e7\u00e3o e an\u00e1lise de informa\u00e7\u00f5es entre diretores e gerentes nas Am\u00e9ricas e Europa.<\/p>\n<section\n            data-inpsyde-embed=\"youtube\"\n            data-inpsyde-embed-atts=\"{&quot;width&quot;:640,&quot;height&quot;:960}\"\n            data-inpsyde-embed-frame=\"&lt;iframe title=&quot;Primer estudio de sostenibilidad empresarial en Latinoam&amp;eacute;rica&quot; width=&quot;640&quot; height=&quot;360&quot; src=&quot;https:\/\/www.youtube.com\/embed\/lojmMLD-fP8?feature=oembed&amp;amp;enablejsapi=1&quot; frameborder=&quot;0&quot; allow=&quot;accelerometer; autoplay; clipboard-write; encrypted-media; gyroscope; picture-in-picture; web-share&quot; referrerpolicy=&quot;strict-origin-when-cross-origin&quot; allowfullscreen id=&quot;embed_e49422f4-ca4d-4629-872f-fe12b7e941d9&quot;&gt;&lt;\/iframe&gt;\n\"\n        ><\/p>\n<div class=\"inpsyde-embed-overlay\">\n<div class=\"inpsyde-embed-overlay-container\">\n<h3><a\n                            rel=\"noreferrer\"\n                            href=\"https:\/\/youtu.be\/lojmMLD-fP8\"\n                            target=\"_blank\"\n                            title=\"Click to visit YouTube\"\n                        >Primer estudio de sostenibilidad empresarial en Latinoam\u00e9rica<\/a><\/h3>\n<p>Click the button below to load the content from YouTube.<\/p>\n<div class=\"embed-options-wrapper\">\n<div class=\"play-button-outer\" data-action=\"loadThis\">\n<div class=\"play-button\" data-action=\"loadThis\"><\/div>\n<\/div>\n<p>                        <a\n                            href=\"#\"\n                            data-action=\"unlockSource\"\n                            title=\"Click here to permanently allow embeds from YouTube.\"\n                        >Always allow YouTube<\/a><br \/>\n                        <!--<button data-action=\"unlockAll\">Always load all embeds<\/button>-->\n                    <\/div>\n<\/p><\/div>\n<\/p><\/div>\n<div\n                data-inpsyde-embed-preview=\"youtube\"\n                style=\"\n                    max-width:640px;\n                    max-height:360px;\n                    \"\n            >        <img decoding=\"async\" src=\"https:\/\/news.sap.com\/brazil\/files\/inpsyde-embed-privacy\/youtube\/lojmMLD-fP8.jpg\" alt=\"Primer estudio de sostenibilidad empresarial en Latinoam\u00e9rica\"><\/p>\n<div class=\"ytp-large-play-button ytp-button\">\n            <svg height=\"100%\" version=\"1.1\" viewBox=\"0 0 68 48\" width=\"100%\">\n                <path class=\"ytp-large-play-button-bg\"\n                    d=\"M66.52,7.74c-0.78-2.93-2.49-5.41-5.42-6.19C55.79,.13,34,0,34,0S12.21,.13,6.9,1.55 C3.97,2.33,2.27,4.81,1.48,7.74C0.06,13.05,0,24,0,24s0.06,10.95,1.48,16.26c0.78,2.93,2.49,5.41,5.42,6.19 C12.21,47.87,34,48,34,48s21.79-0.13,27.1-1.55c2.93-0.78,4.64-3.26,5.42-6.19C67.94,34.95,68,24,68,24S67.94,13.05,66.52,7.74z\"\n                    fill=\"#212121\"\n                    fill-opacity=\"0.8\"><\/path>\n                <path d=\"M 45,24 27,14 27,34\" fill=\"#fff\"><\/path>\n            <\/svg>\n        <\/div>\n<\/p><\/div>\n<\/section>\n<p class=\"x_MsoNormal\">A amostra contempla empresas de servi\u00e7os (53%), incluindo os segmentos financeiro, de varejo, telecomunica\u00e7\u00f5es, sa\u00fade, entretenimento e viagens; e empresas fornecedoras de bens (47%) \u2013 ind\u00fastrias de petr\u00f3leo e g\u00e1s, minera\u00e7\u00e3o, agricultura, farmac\u00eautica, constru\u00e7\u00e3o e produtos de consumo. Este \u00e9 um dos primeiros estudos do g\u00eanero realizados na regi\u00e3o e fornece dados muito animadores sobre os avan\u00e7os da sustentabilidade na Am\u00e9rica Latina.<\/p>\n<p class=\"x_MsoNormal\">Os resultados mostram tamb\u00e9m que seis em cada dez executivos latino-americanos consideram a sustentabilidade lucrativa. No Brasil, a parcela de executivos que concordam que a sustentabilidade traz vantagem competitiva \u00e9 de 41%, enquanto a m\u00e9dia regional fica um pouco acima, com 46%. Por outro lado, chama aten\u00e7\u00e3o que 27% dos consultados no Brasil j\u00e1 levam em considera\u00e7\u00e3o os esfor\u00e7os sustent\u00e1veis de um fornecedor na hora de fechar um contrato, ao passo que a m\u00e9dia da regi\u00e3o \u00e9 de 19%. Esse indicador mostra maior grau de maturidade das empresas brasileiras e mostra que a cadeia de valor \u00e9 uma for\u00e7a que vem ganhando espa\u00e7o na agenda de sustentabilidade.<\/p>\n<p class=\"x_MsoNormal\">\u201cAs pr\u00e1ticas sustent\u00e1veis \u200b\u200bn\u00e3o ajudam apenas o meio ambiente e nossas comunidades, mas s\u00e3o tamb\u00e9m a chave para obter vantagens competitivas, melhorando a reputa\u00e7\u00e3o da marca e aumentando a satisfa\u00e7\u00e3o dos funcion\u00e1rios\u201d, afirma Cristina Palmaka, presidente da 麻豆原创 Am\u00e9rica Latina e Caribe. \u201cA sustentabilidade est\u00e1 deixando de ser opcional para ser obrigat\u00f3ria e a 麻豆原创 tem um portf\u00f3lio de alternativas para ajudar nossos clientes a executar e medir suas estrat\u00e9gias sustent\u00e1veis\u201d, acrescentou.<\/p>\n<p class=\"x_MsoNormal\">O estudo tamb\u00e9m aponta o quanto a pauta de sustentabilidade \u00e9 abrangente e contempla diferentes partes da gest\u00e3o do neg\u00f3cio e do capital humano. Entre as descobertas, 60% dos entrevistados afirmaram que a sua empresa tem uma afinidade importante com a abordagem da igualdade de g\u00eanero (principal preocupa\u00e7\u00e3o das empresas da regi\u00e3o), economia circular (segunda em relev\u00e2ncia para fornecedores de bens de consumo), forma\u00e7\u00e3o da m\u00e3o-de-obra para o futuro (segundo lugar entre empresas de servi\u00e7os), empreendedorismo social ou mudan\u00e7as clim\u00e1ticas.<\/p>\n<p class=\"x_MsoNormal\">Os executivos tamb\u00e9m acreditam que os funcion\u00e1rios s\u00e3o um motor que impulsionar\u00e1 fortemente estrat\u00e9gias sustent\u00e1veis, com 30% deles considerando isso uma quest\u00e3o &#8220;bastante importante&#8221; e 39% &#8220;muito importante&#8221;, com picos mais altos no Brasil (41%) e no M\u00e9xico (38%). Um ponto de aten\u00e7\u00e3o para as empresas brasileiras, que em muitos casos contam com at\u00e9 cinco gera\u00e7\u00f5es compondo a sua for\u00e7a de trabalho, \u00e9 que precisam estar atentas ao fato de que at\u00e9 2025 ter\u00e3o 75% da for\u00e7a de trabalho composta pelos chamados &#8220;<i>millennials<\/i>\u201d ou Gera\u00e7\u00e3o Y (1981-1996). Para esse grupo, as pr\u00e1ticas sustent\u00e1veis \u200b\u200bs\u00e3o de vital import\u00e2ncia, tanto que estudos anteriores apontam que 64% deles s\u00f3 aceitariam um emprego se a empresa contasse com a\u00e7\u00f5es sustent\u00e1veis.<\/p>\n<p class=\"x_MsoNormal\">Sob esse e outros aspectos, fica evidente a consolida\u00e7\u00e3o do papel da tecnologia como pilar de sustenta\u00e7\u00e3o da gest\u00e3o da sustentabilidade: 40% dos executivos consultados a utilizam para direcionar sua estrat\u00e9gia e obter indicadores eficazes. E o esfor\u00e7o continuar\u00e1 a se multiplicar em 2021: 28% planejam aumentar os recursos nessa \u00e1rea enquanto outros 25% estimam manter o mesmo investimento feito em 2020. Este \u00e9 um fato a destacar, principalmente em um per\u00edodo de tantos desafios.<\/p>\n<p class=\"x_MsoNormal\">O estudo aponta ainda que alcan\u00e7ar a transforma\u00e7\u00e3o em dire\u00e7\u00e3o \u00e0 sustentabilidade n\u00e3o \u00e9 um caminho direto ou de m\u00e3o \u00fanica, e os l\u00edderes de neg\u00f3cios ter\u00e3o a responsabilidade de gerenciar v\u00e1rias prioridades em um mundo em r\u00e1pida transforma\u00e7\u00e3o. As organiza\u00e7\u00f5es que conseguirem integrar a sustentabilidade ao seu DNA ter\u00e3o uma base muito s\u00f3lida e uma vantagem competitiva para se destacar.<\/p>\n<p class=\"x_MsoNormal\">Para obter mais informa\u00e7\u00f5es sobre os esfor\u00e7os globais de sustentabilidade da 麻豆原创, clique\u00a0<a href=\"https:\/\/www.sap.com\/corporate\/en\/company\/sustainability-csr\/sustainability-impact.html\" target=\"_blank\" rel=\"noopener noreferrer\" data-auth=\"NotApplicable\">aqui<\/a>.<\/p>\n<p><strong>Resultados por pa\u00eds:\u00a0<\/strong><\/p>\n<div>\n<ul>\n<li><a href=\"https:\/\/news.sap.com\/latinamerica\/files\/2021\/03\/02\/ARG-Three-Pagers.pdf\" target=\"_blank\" rel=\"noopener\">Argentina<\/a><\/li>\n<li><a href=\"https:\/\/news.sap.com\/latinamerica\/files\/2021\/03\/02\/COL-Three-Pagers.pdf\" target=\"_blank\" rel=\"noopener\">Colombia<\/a><\/li>\n<li><a href=\"https:\/\/news.sap.com\/latinamerica\/files\/2021\/03\/02\/MEX-Three-Pager.pdf\" target=\"_blank\" rel=\"noopener\">M\u00e9xico\u00a0<\/a><\/li>\n<\/ul>\n<p class=\"x_xmsonormal\"><b>Sobre a 麻豆原创<\/b><\/p>\n<p>A estrat\u00e9gia da 麻豆原创 \u00e9 apoiar os neg\u00f3cios para que funcionem como empresas inteligentes. Como l\u00edder de mercado em software de aplicativos corporativos, ajudamos empresas de todos os tamanhos e em todos os setores a obter o melhor desempenho: 77% da receita de transa\u00e7\u00f5es do mundo passa por um sistema 麻豆原创\u00ae. Nossas tecnologias de aprendizado de m\u00e1quina, Internet das Coisas (IoT) e an\u00e1lises avan\u00e7adas ajudam a transformar o neg\u00f3cio dos clientes em companhias inteligentes. A 麻豆原创 fornece \u00e0s pessoas e organiza\u00e7\u00f5es uma vis\u00e3o profunda dos neg\u00f3cios e promove a colabora\u00e7\u00e3o que os impulsiona a ficar \u00e0 frente da concorr\u00eancia. Simplificamos a tecnologia para que as organiza\u00e7\u00f5es possam adotar nosso software da maneira que desejam &#8211; sem interrup\u00e7\u00f5es. Nosso conjunto completo de aplicativos e servi\u00e7os permite que clientes p\u00fablicos e empresas de 25 setores em todo o mundo operem com lucro, se adaptem continuamente e fa\u00e7am a diferen\u00e7a. Com uma rede global de clientes, parceiros, funcion\u00e1rios e l\u00edderes de opini\u00e3o, a 麻豆原创 ajuda o mundo a funcionar melhor e melhorar a vida das pessoas. Para obter mais informa\u00e7\u00f5es sobre a 麻豆原创 Brasil, visite\u00a0<a href=\"http:\/\/www.sap.com\/brazil\" target=\"_blank\" rel=\"noopener noreferrer\" data-auth=\"NotApplicable\">http:\/\/www.sap.com\/brazil<\/a>, a Sala Virtual de Not\u00edcias da 麻豆原创,\u00a0<a href=\"http:\/\/news.sap.com\/brazil\/\" target=\"_blank\" rel=\"noopener noreferrer\" data-auth=\"NotApplicable\">http:\/\/news.sap.com\/brazil\/<\/a>, e siga o canal de not\u00edcias no Twitter\u00a0<a href=\"https:\/\/twitter.com\/麻豆原创Brasil\" target=\"_blank\" rel=\"noopener noreferrer\" data-auth=\"NotApplicable\">@麻豆原创Brasil<\/a><span class=\"x_MsoHyperlink\">.<\/span><\/p>\n<\/div>\n","protected":false},"excerpt":{"rendered":"<p>Foram entrevistados 450 l\u00edderes de empresas no Brasil, Argentina, M\u00e9xico e Col\u00f4mbia. Brasil se destaca na gest\u00e3o da cadeia de valor, com maior aten\u00e7\u00e3o nos&#8230;<\/p>\n","protected":false},"author":137,"featured_media":0,"comment_status":"closed","ping_status":"closed","sticky":false,"template":"","format":"standard","meta":{"footnotes":"","_links_to":"","_links_to_target":""},"categories":[52858],"tags":[5597537,5009715,16615],"sapn-display":[48431,48433],"sapn-type":[4446],"class_list":["post-12932","post","type-post","status-publish","format-standard","hentry","category-sustentabilidade-topicos","tag-crescimento-sustentavel","tag-desenvolvimento-sustentavel","tag-sustentabilidade","sapn-display-homepage-hero","sapn-display-hero","sapn-type-noticias"],"yoast_head":"<!-- This site is optimized with the Yoast SEO Premium plugin v26.9 (Yoast SEO v26.9) - https:\/\/yoast.com\/product\/yoast-seo-premium-wordpress\/ -->\n<title>Estudo da 麻豆原创 aponta sustentabilidade como tema priorit\u00e1rio para empresas da Am\u00e9rica Latina - Sala de Imprensa 麻豆原创 Brasil<\/title>\n<meta name=\"robots\" content=\"index, follow, max-snippet:-1, max-image-preview:large, max-video-preview:-1\" \/>\n<link rel=\"canonical\" href=\"https:\/\/news.sap.com\/brazil\/2021\/03\/estudo-da-sap-aponta-sustentabilidade-como-tema-prioritario-para-empresas-da-america-latina\/\" \/>\n<meta property=\"og:locale\" content=\"pt_BR\" \/>\n<meta property=\"og:type\" content=\"article\" \/>\n<meta property=\"og:title\" content=\"Estudo da 麻豆原创 aponta sustentabilidade como tema priorit\u00e1rio para empresas da Am\u00e9rica Latina\" \/>\n<meta property=\"og:description\" content=\"Foram entrevistados 450 l\u00edderes de empresas no Brasil, Argentina, M\u00e9xico e Col\u00f4mbia. Brasil se destaca na gest\u00e3o da cadeia de valor, com maior aten\u00e7\u00e3o nos...\" \/>\n<meta property=\"og:url\" content=\"https:\/\/news.sap.com\/brazil\/2021\/03\/estudo-da-sap-aponta-sustentabilidade-como-tema-prioritario-para-empresas-da-america-latina\/\" \/>\n<meta property=\"og:site_name\" content=\"Sala de Imprensa 麻豆原创 Brasil\" \/>\n<meta property=\"article:published_time\" content=\"2021-03-15T15:23:30+00:00\" \/>\n<meta property=\"article:modified_time\" content=\"2022-02-14T17:01:55+00:00\" \/>\n<meta property=\"og:image\" content=\"https:\/\/news.sap.com\/brazil\/files\/2019\/12\/clima-rede.jpg\" \/>\n\t<meta property=\"og:image:width\" content=\"565\" \/>\n\t<meta property=\"og:image:height\" content=\"295\" \/>\n\t<meta property=\"og:image:type\" content=\"image\/jpeg\" \/>\n<meta name=\"author\" content=\"麻豆原创 Not\u00edcias Brasil\" \/>\n<meta name=\"twitter:card\" content=\"summary_large_image\" \/>\n<meta name=\"twitter:creator\" content=\"@麻豆原创Brasil\" \/>\n<meta name=\"twitter:site\" content=\"@麻豆原创Brasil\" \/>\n<meta name=\"twitter:label1\" content=\"Escrito por\" \/>\n\t<meta name=\"twitter:data1\" content=\"麻豆原创 Not\u00edcias Brasil\" \/>\n\t<meta name=\"twitter:label2\" content=\"Est. tempo de leitura\" \/>\n\t<meta name=\"twitter:data2\" content=\"5 minutos\" \/>\n<script type=\"application\/ld+json\" class=\"yoast-schema-graph\">{\"@context\":\"https:\/\/schema.org\",\"@graph\":[{\"@type\":\"Article\",\"@id\":\"https:\/\/news.sap.com\/brazil\/2021\/03\/estudo-da-sap-aponta-sustentabilidade-como-tema-prioritario-para-empresas-da-america-latina\/#article\",\"isPartOf\":{\"@id\":\"https:\/\/news.sap.com\/brazil\/2021\/03\/estudo-da-sap-aponta-sustentabilidade-como-tema-prioritario-para-empresas-da-america-latina\/\"},\"author\":{\"name\":\"麻豆原创 Not\u00edcias Brasil\",\"@id\":\"https:\/\/news.sap.com\/brazil\/#\/schema\/person\/8cdf2c1130b6f3fadd9757cfd7f24daf\"},\"headline\":\"Estudo da 麻豆原创 aponta sustentabilidade como tema priorit\u00e1rio para empresas da Am\u00e9rica Latina\",\"datePublished\":\"2021-03-15T15:23:30+00:00\",\"dateModified\":\"2022-02-14T17:01:55+00:00\",\"mainEntityOfPage\":{\"@id\":\"https:\/\/news.sap.com\/brazil\/2021\/03\/estudo-da-sap-aponta-sustentabilidade-como-tema-prioritario-para-empresas-da-america-latina\/\"},\"wordCount\":1079,\"keywords\":[\"Crescimento sustent\u00e1vel\",\"Desenvolvimento sustent\u00e1vel\",\"sustentabilidade\"],\"articleSection\":[\"Sustentabilidade\"],\"inLanguage\":\"pt-BR\"},{\"@type\":\"WebPage\",\"@id\":\"https:\/\/news.sap.com\/brazil\/2021\/03\/estudo-da-sap-aponta-sustentabilidade-como-tema-prioritario-para-empresas-da-america-latina\/\",\"url\":\"https:\/\/news.sap.com\/brazil\/2021\/03\/estudo-da-sap-aponta-sustentabilidade-como-tema-prioritario-para-empresas-da-america-latina\/\",\"name\":\"Estudo da 麻豆原创 aponta sustentabilidade como tema priorit\u00e1rio para empresas da Am\u00e9rica Latina - Sala de Imprensa 麻豆原创 Brasil\",\"isPartOf\":{\"@id\":\"https:\/\/news.sap.com\/brazil\/#website\"},\"datePublished\":\"2021-03-15T15:23:30+00:00\",\"dateModified\":\"2022-02-14T17:01:55+00:00\",\"author\":{\"@id\":\"https:\/\/news.sap.com\/brazil\/#\/schema\/person\/8cdf2c1130b6f3fadd9757cfd7f24daf\"},\"breadcrumb\":{\"@id\":\"https:\/\/news.sap.com\/brazil\/2021\/03\/estudo-da-sap-aponta-sustentabilidade-como-tema-prioritario-para-empresas-da-america-latina\/#breadcrumb\"},\"inLanguage\":\"pt-BR\",\"potentialAction\":[{\"@type\":\"ReadAction\",\"target\":[\"https:\/\/news.sap.com\/brazil\/2021\/03\/estudo-da-sap-aponta-sustentabilidade-como-tema-prioritario-para-empresas-da-america-latina\/\"]}]},{\"@type\":\"BreadcrumbList\",\"@id\":\"https:\/\/news.sap.com\/brazil\/2021\/03\/estudo-da-sap-aponta-sustentabilidade-como-tema-prioritario-para-empresas-da-america-latina\/#breadcrumb\",\"itemListElement\":[{\"@type\":\"ListItem\",\"position\":1,\"name\":\"Home\",\"item\":\"https:\/\/news.sap.com\/brazil\/\"},{\"@type\":\"ListItem\",\"position\":2,\"name\":\"Estudo da 麻豆原创 aponta sustentabilidade como tema priorit\u00e1rio para empresas da Am\u00e9rica Latina\"}]},{\"@type\":\"WebSite\",\"@id\":\"https:\/\/news.sap.com\/brazil\/#website\",\"url\":\"https:\/\/news.sap.com\/brazil\/\",\"name\":\"Sala de Imprensa 麻豆原创 Brasil\",\"description\":\"Not\u00edcias e informa\u00e7\u00f5es sobre a 麻豆原创\",\"potentialAction\":[{\"@type\":\"SearchAction\",\"target\":{\"@type\":\"EntryPoint\",\"urlTemplate\":\"https:\/\/news.sap.com\/brazil\/?s={search_term_string}\"},\"query-input\":{\"@type\":\"PropertyValueSpecification\",\"valueRequired\":true,\"valueName\":\"search_term_string\"}}],\"inLanguage\":\"pt-BR\"},{\"@type\":\"Person\",\"@id\":\"https:\/\/news.sap.com\/brazil\/#\/schema\/person\/8cdf2c1130b6f3fadd9757cfd7f24daf\",\"name\":\"麻豆原创 Not\u00edcias Brasil\",\"image\":{\"@type\":\"ImageObject\",\"inLanguage\":\"pt-BR\",\"@id\":\"https:\/\/news.sap.com\/brazil\/#\/schema\/person\/image\/\",\"url\":\"https:\/\/news.sap.com\/brazil\/wp-content\/plugins\/wp-user-avatars\/wp-user-avatars\/assets\/images\/mystery.jpg\",\"contentUrl\":\"https:\/\/news.sap.com\/brazil\/wp-content\/plugins\/wp-user-avatars\/wp-user-avatars\/assets\/images\/mystery.jpg\",\"caption\":\"麻豆原创 Not\u00edcias Brasil\"},\"url\":\"https:\/\/news.sap.com\/brazil\/author\/brasil\/\"}]}<\/script>\n<!-- \/ Yoast SEO Premium plugin. -->","yoast_head_json":{"title":"Estudo da 麻豆原创 aponta sustentabilidade como tema priorit\u00e1rio para empresas da Am\u00e9rica Latina - Sala de Imprensa 麻豆原创 Brasil","robots":{"index":"index","follow":"follow","max-snippet":"max-snippet:-1","max-image-preview":"max-image-preview:large","max-video-preview":"max-video-preview:-1"},"canonical":"https:\/\/news.sap.com\/brazil\/2021\/03\/estudo-da-sap-aponta-sustentabilidade-como-tema-prioritario-para-empresas-da-america-latina\/","og_locale":"pt_BR","og_type":"article","og_title":"Estudo da 麻豆原创 aponta sustentabilidade como tema priorit\u00e1rio para empresas da Am\u00e9rica Latina","og_description":"Foram entrevistados 450 l\u00edderes de empresas no Brasil, Argentina, M\u00e9xico e Col\u00f4mbia. Brasil se destaca na gest\u00e3o da cadeia de valor, com maior aten\u00e7\u00e3o nos...","og_url":"https:\/\/news.sap.com\/brazil\/2021\/03\/estudo-da-sap-aponta-sustentabilidade-como-tema-prioritario-para-empresas-da-america-latina\/","og_site_name":"Sala de Imprensa 麻豆原创 Brasil","article_published_time":"2021-03-15T15:23:30+00:00","article_modified_time":"2022-02-14T17:01:55+00:00","og_image":[{"width":565,"height":295,"url":"https:\/\/news.sap.com\/brazil\/files\/2019\/12\/clima-rede.jpg","type":"image\/jpeg"}],"author":"麻豆原创 Not\u00edcias Brasil","twitter_card":"summary_large_image","twitter_creator":"@麻豆原创Brasil","twitter_site":"@麻豆原创Brasil","twitter_misc":{"Escrito por":"麻豆原创 Not\u00edcias Brasil","Est. tempo de leitura":"5 minutos"},"schema":{"@context":"https:\/\/schema.org","@graph":[{"@type":"Article","@id":"https:\/\/news.sap.com\/brazil\/2021\/03\/estudo-da-sap-aponta-sustentabilidade-como-tema-prioritario-para-empresas-da-america-latina\/#article","isPartOf":{"@id":"https:\/\/news.sap.com\/brazil\/2021\/03\/estudo-da-sap-aponta-sustentabilidade-como-tema-prioritario-para-empresas-da-america-latina\/"},"author":{"name":"麻豆原创 Not\u00edcias Brasil","@id":"https:\/\/news.sap.com\/brazil\/#\/schema\/person\/8cdf2c1130b6f3fadd9757cfd7f24daf"},"headline":"Estudo da 麻豆原创 aponta sustentabilidade como tema priorit\u00e1rio para empresas da Am\u00e9rica Latina","datePublished":"2021-03-15T15:23:30+00:00","dateModified":"2022-02-14T17:01:55+00:00","mainEntityOfPage":{"@id":"https:\/\/news.sap.com\/brazil\/2021\/03\/estudo-da-sap-aponta-sustentabilidade-como-tema-prioritario-para-empresas-da-america-latina\/"},"wordCount":1079,"keywords":["Crescimento sustent\u00e1vel","Desenvolvimento sustent\u00e1vel","sustentabilidade"],"articleSection":["Sustentabilidade"],"inLanguage":"pt-BR"},{"@type":"WebPage","@id":"https:\/\/news.sap.com\/brazil\/2021\/03\/estudo-da-sap-aponta-sustentabilidade-como-tema-prioritario-para-empresas-da-america-latina\/","url":"https:\/\/news.sap.com\/brazil\/2021\/03\/estudo-da-sap-aponta-sustentabilidade-como-tema-prioritario-para-empresas-da-america-latina\/","name":"Estudo da 麻豆原创 aponta sustentabilidade como tema priorit\u00e1rio para empresas da Am\u00e9rica Latina - Sala de Imprensa 麻豆原创 Brasil","isPartOf":{"@id":"https:\/\/news.sap.com\/brazil\/#website"},"datePublished":"2021-03-15T15:23:30+00:00","dateModified":"2022-02-14T17:01:55+00:00","author":{"@id":"https:\/\/news.sap.com\/brazil\/#\/schema\/person\/8cdf2c1130b6f3fadd9757cfd7f24daf"},"breadcrumb":{"@id":"https:\/\/news.sap.com\/brazil\/2021\/03\/estudo-da-sap-aponta-sustentabilidade-como-tema-prioritario-para-empresas-da-america-latina\/#breadcrumb"},"inLanguage":"pt-BR","potentialAction":[{"@type":"ReadAction","target":["https:\/\/news.sap.com\/brazil\/2021\/03\/estudo-da-sap-aponta-sustentabilidade-como-tema-prioritario-para-empresas-da-america-latina\/"]}]},{"@type":"BreadcrumbList","@id":"https:\/\/news.sap.com\/brazil\/2021\/03\/estudo-da-sap-aponta-sustentabilidade-como-tema-prioritario-para-empresas-da-america-latina\/#breadcrumb","itemListElement":[{"@type":"ListItem","position":1,"name":"Home","item":"https:\/\/news.sap.com\/brazil\/"},{"@type":"ListItem","position":2,"name":"Estudo da 麻豆原创 aponta sustentabilidade como tema priorit\u00e1rio para empresas da Am\u00e9rica Latina"}]},{"@type":"WebSite","@id":"https:\/\/news.sap.com\/brazil\/#website","url":"https:\/\/news.sap.com\/brazil\/","name":"Sala de Imprensa 麻豆原创 Brasil","description":"Not\u00edcias e informa\u00e7\u00f5es sobre a 麻豆原创","potentialAction":[{"@type":"SearchAction","target":{"@type":"EntryPoint","urlTemplate":"https:\/\/news.sap.com\/brazil\/?s={search_term_string}"},"query-input":{"@type":"PropertyValueSpecification","valueRequired":true,"valueName":"search_term_string"}}],"inLanguage":"pt-BR"},{"@type":"Person","@id":"https:\/\/news.sap.com\/brazil\/#\/schema\/person\/8cdf2c1130b6f3fadd9757cfd7f24daf","name":"麻豆原创 Not\u00edcias Brasil","image":{"@type":"ImageObject","inLanguage":"pt-BR","@id":"https:\/\/news.sap.com\/brazil\/#\/schema\/person\/image\/","url":"https:\/\/news.sap.com\/brazil\/wp-content\/plugins\/wp-user-avatars\/wp-user-avatars\/assets\/images\/mystery.jpg","contentUrl":"https:\/\/news.sap.com\/brazil\/wp-content\/plugins\/wp-user-avatars\/wp-user-avatars\/assets\/images\/mystery.jpg","caption":"麻豆原创 Not\u00edcias Brasil"},"url":"https:\/\/news.sap.com\/brazil\/author\/brasil\/"}]}},"amp_enabled":true,"_links":{"self":[{"href":"https:\/\/news.sap.com\/brazil\/wp-json\/wp\/v2\/posts\/12932","targetHints":{"allow":["GET"]}}],"collection":[{"href":"https:\/\/news.sap.com\/brazil\/wp-json\/wp\/v2\/posts"}],"about":[{"href":"https:\/\/news.sap.com\/brazil\/wp-json\/wp\/v2\/types\/post"}],"author":[{"embeddable":true,"href":"https:\/\/news.sap.com\/brazil\/wp-json\/wp\/v2\/users\/137"}],"replies":[{"embeddable":true,"href":"https:\/\/news.sap.com\/brazil\/wp-json\/wp\/v2\/comments?post=12932"}],"version-history":[{"count":0,"href":"https:\/\/news.sap.com\/brazil\/wp-json\/wp\/v2\/posts\/12932\/revisions"}],"wp:attachment":[{"href":"https:\/\/news.sap.com\/brazil\/wp-json\/wp\/v2\/media?parent=12932"}],"wp:term":[{"taxonomy":"category","embeddable":true,"href":"https:\/\/news.sap.com\/brazil\/wp-json\/wp\/v2\/categories?post=12932"},{"taxonomy":"post_tag","embeddable":true,"href":"https:\/\/news.sap.com\/brazil\/wp-json\/wp\/v2\/tags?post=12932"},{"taxonomy":"sapn-display","embeddable":true,"href":"https:\/\/news.sap.com\/brazil\/wp-json\/wp\/v2\/sapn-display?post=12932"},{"taxonomy":"sapn-type","embeddable":true,"href":"https:\/\/news.sap.com\/brazil\/wp-json\/wp\/v2\/sapn-type?post=12932"}],"curies":[{"name":"wp","href":"https:\/\/api.w.org\/{rel}","templated":true}]}}