  {"id":12884,"date":"2021-03-10T15:58:43","date_gmt":"2021-03-10T18:58:43","guid":{"rendered":"https:\/\/news.sap.com\/brazil\/?p=12884"},"modified":"2022-02-25T13:24:37","modified_gmt":"2022-02-25T16:24:37","slug":"dia-da-mulher-documentario-como-ela-faz-discute-desigualdade-de-genero-no-trabalho","status":"publish","type":"post","link":"https:\/\/news.sap.com\/brazil\/2021\/03\/dia-da-mulher-documentario-como-ela-faz-discute-desigualdade-de-genero-no-trabalho\/","title":{"rendered":"Dia da Mulher: Document\u00e1rio \u201cComo Ela Faz?\u201d discute desigualdade de g\u00eanero no trabalho"},"content":{"rendered":"<h3><i>Cristina Palmaka \u00e9 uma das personagens do document\u00e1rio que narra um dia na vida profissional e pessoal de doze mulheres brasileiras<\/i><\/h3>\n<p class=\"x_MsoNoSpacing\"><b><span lang=\"DE\">Mar\u00e7o de 2021<\/span><\/b><span lang=\"DE\">\u00a0&#8211; Premiado no Hollywood Womens\u2019s Film Festival em 2020, a vers\u00e3o curta-metragem do document\u00e1rio \u201c<span class=\"markq7hxoej9j\" data-markjs=\"true\" data-ogac=\"\" data-ogab=\"\" data-ogsc=\"\" data-ogsb=\"\">Como<\/span>\u00a0<span class=\"markmie0h7mlh\" data-markjs=\"true\" data-ogac=\"\" data-ogab=\"\" data-ogsc=\"\" data-ogsb=\"\">Ela<\/span>\u00a0<span class=\"markyjk44rsmf\" data-markjs=\"true\" data-ogac=\"\" data-ogab=\"\" data-ogsc=\"\" data-ogsb=\"\">Faz<\/span>?\u201d, promove reflex\u00f5es sobre o tema da equidade de g\u00eanero no Brasil. Com 85 minutos de dura\u00e7\u00e3o, ele estreou no dia 4 de mar\u00e7o, no Cine Petra Belas Artes. Dia 7 de mar\u00e7o ele ser\u00e1 exibido na TV Cultura, \u00e0s 23h. O canal GNT exibe o document\u00e1rio no dia 8, Dia Internacional da Mulher, a meia-noite. A produ\u00e7\u00e3o \u00e9 de Sylvio Rocha da Tocha Filmes e a dire\u00e7\u00e3o de Tatiana Villela.<\/span><\/p>\n<p class=\"x_MsoNoSpacing\"><span lang=\"DE\">Gravado enquanto\u00a0<b>Cristina Palmaka<\/b>\u00a0ainda ocupava a presid\u00eancia da 麻豆原创 Brasil, a executiva, que hoje lidera a opera\u00e7\u00e3o Am\u00e9rica Latina e Caribe, compartilha sua hist\u00f3ria de vida e carreira juntamente com outras 11 mulheres. Entre\u00a0<span class=\"markmie0h7mlh\" data-markjs=\"true\" data-ogac=\"\" data-ogab=\"\" data-ogsc=\"\" data-ogsb=\"\">ela<\/span>s a fil\u00f3sofa\u00a0<b>Djamila Ribeiro<\/b>, a jogadora\u00a0<b>Cristiane Rozeira,\u00a0<\/b>a diarista\u00a0<b>Carla Dias<\/b>, a deputada\u00a0<b>Tabata Amaral\u00a0<\/b>e\u00a0<b>Maite Schneider<\/b>\u00a0fundadora da transemprego.<\/span><\/p>\n<p class=\"x_MsoNoSpacing\"><span lang=\"DE\">\u201c<span class=\"markq7hxoej9j\" data-markjs=\"true\" data-ogac=\"\" data-ogab=\"\" data-ogsc=\"\" data-ogsb=\"\">Como<\/span>\u00a0<span class=\"markmie0h7mlh\" data-markjs=\"true\" data-ogac=\"\" data-ogab=\"\" data-ogsc=\"\" data-ogsb=\"\">Ela<\/span>\u00a0<span class=\"markyjk44rsmf\" data-markjs=\"true\" data-ogac=\"\" data-ogab=\"\" data-ogsc=\"\" data-ogsb=\"\">Faz<\/span>?\u201d, acompanha um dia na vida de 12 mulheres e revela o significado amplo e complexo da palavra trabalho em suas vidas. Trabalho que vai muito al\u00e9m do profissional, abarcando a m\u00e3e, a esposa, a cuidadora, a provedora, a sonhadora.<\/span><\/p>\n<p class=\"x_MsoNoSpacing\"><span lang=\"DE\">\u00a0<\/span><i>\u00a0<\/i><\/p>\n<p class=\"x_MsoNormal\" align=\"center\"><i>Exibi\u00e7\u00f5es:<\/i><\/p>\n<p class=\"x_MsoNormal\" align=\"center\"><b>Dia 7 de mar\u00e7o, \u00e0s 23h, na Tv Cultura<\/b><\/p>\n<p class=\"x_MsoNormal\" align=\"center\"><b>Dia 8 de mar\u00e7o, meia noite, no canal GNT<\/b><\/p>\n<p class=\"x_MsoNoSpacing\" align=\"center\"><i><span lang=\"DE\">Link para o trailer &#8211;\u00a0<\/span><\/i><span class=\"x_MsoHyperlink\"><span lang=\"DE\">https:\/\/vimeo.com\/387412258<\/span><\/span><\/p>\n<p class=\"x_MsoNoSpacing\"><span lang=\"DE\">\u00a0<\/span><\/p>\n<p class=\"x_MsoNoSpacing\"><i><span lang=\"DE\">\u201cAcho que a diversidade \u00e9 um eterno aprendizado&#8230; e a responsabilidade das empresas \u00e9 gigante.\u00a0<span class=\"markmie0h7mlh\" data-markjs=\"true\" data-ogac=\"\" data-ogab=\"\" data-ogsc=\"\" data-ogsb=\"\">Ela<\/span>s t\u00eam que ser as protagonistas dessa mudan\u00e7a\u201d &#8211;\u00a0<\/span><\/i><b><span lang=\"DE\">Cristina Palmaka<\/span><\/b><\/p>\n<p>&nbsp;<\/p>\n<p class=\"x_MsoNoSpacing\"><i><span lang=\"DE\">Minha m\u00e3e fala: &#8220;filha, acho que se voc\u00ea fosse homem voc\u00ea estava rica&#8221;. Eu disse: &#8220;m\u00e3e, eu tenho certeza disso!&#8221;<\/span><\/i><\/p>\n<p class=\"x_MsoNoSpacing\"><b><span lang=\"DE\">Cristiane Rozeira<\/span><\/b><span lang=\"DE\">, Jogadora de futebol<\/span><\/p>\n<p>&nbsp;<\/p>\n<p class=\"x_MsoNoSpacing\"><span lang=\"DE\">Ilustrado a partir de imagens e testemunhos pessoais, mulheres das mais diferentes profiss\u00f5es revelam as adversidades vividas por\u00a0<span class=\"markmie0h7mlh\" data-markjs=\"true\" data-ogac=\"\" data-ogab=\"\" data-ogsc=\"\" data-ogsb=\"\">ela<\/span>s em suas jornadas di\u00e1rias em busca de maiores oportunidades no mundo do trabalho. Os depoimentos s\u00e3o entremeados por declara\u00e7\u00f5es de especialistas, tamb\u00e9m mulheres, costurando um grande painel sobre a desigualdade de oportunidades em que nossa sociedade est\u00e1 inserida.<\/span><\/p>\n<p class=\"x_MsoNormal\"><b>\u00a0<\/b><\/p>\n<p class=\"x_MsoNormal\"><b>Personagens<\/b><\/p>\n<p class=\"x_MsoNormal\">Cristina Palmaka | Presidente da 麻豆原创 Brasil<\/p>\n<p class=\"x_MsoNormal\">Adriana Barbosa | Fundadora Preta Hub<\/p>\n<p class=\"x_MsoNormal\">Carla Dias | Diarista<\/p>\n<p class=\"x_MsoNormal\">Cida Silva | Agricultora<\/p>\n<p class=\"x_MsoNormal\">Cristiane Rozeira | Jogadora de Futebol<\/p>\n<p class=\"x_MsoNormal\">Djamila Ribeiro | Mestre em Filosofia Pol\u00edtica<\/p>\n<p class=\"x_MsoNormal\">Nina Silva | CEO D\u2019Black Bank<\/p>\n<p class=\"x_MsoNormal\">Duilia de Mello | Astrof\u00edsica<\/p>\n<p class=\"x_MsoNormal\">Gina Vieira Ponte | Professora<\/p>\n<p class=\"x_MsoNormal\">Kamila Dias | Parteira<\/p>\n<p class=\"x_MsoNormal\">Maite Schneider | Fundadora Transemprego<\/p>\n<p class=\"x_MsoNormal\">Tabata Amaral | Deputada Federal<\/p>\n<p class=\"x_MsoNormal\">\n<p>&nbsp;<\/p>\n<p class=\"x_MsoNormal\"><b>Especialistas<\/b><\/p>\n<p class=\"x_MsoNormal\">Sheila de Carvalho | Advogada Ativista<\/p>\n<p class=\"x_MsoNormal\">Preta Rara | Influencer Digital<\/p>\n<p class=\"x_MsoNormal\">Regina Madalozzo | Economista<\/p>\n<p class=\"x_MsoNormal\">Ana Fontes | Rede Mulher Empreendedora<\/p>\n<p class=\"x_MsoNormal\">Amelinha Teles | Militante Direitos Humanos<\/p>\n<p class=\"x_MsoNormal\">Margareth Goldenberg | Movimento Mulher 360<\/p>\n<p class=\"x_MsoNormal\">Jaqueline Concei\u00e7\u00e3o | Pedagoga e Mestre em Educa\u00e7\u00e3o<\/p>\n<p class=\"x_MsoNormal\">Rosane Borges | Jornalista<\/p>\n<p class=\"x_MsoNormal\">Vera Iaconelli | Psicanalista<\/p>\n<p class=\"x_MsoNormal\"><span lang=\"EN-US\">Adriana de Carvalho | Onu Mulheres<\/span><\/p>\n<p class=\"x_MsoNormal\"><span lang=\"EN-US\">\u00a0<\/span><\/p>\n<p class=\"x_MsoNormal\"><span lang=\"DE\">\u201c<i>Eu me criei neste lugar de mulher na cozinha&#8230; lugar de mulher \u00e9 onde\u00a0<span class=\"markmie0h7mlh\" data-markjs=\"true\" data-ogac=\"\" data-ogab=\"\" data-ogsc=\"\" data-ogsb=\"\">ela<\/span>\u00a0quiser.\u201d<\/i><\/span><\/p>\n<p class=\"x_MsoNoSpacing\"><b><span lang=\"DE\">Cida Silva,\u00a0<\/span><\/b><span lang=\"DE\">Agricultora<\/span><\/p>\n<p class=\"x_MsoNoSpacing\"><span lang=\"DE\">\u00a0<\/span><\/p>\n<p class=\"x_MsoNoSpacing\"><span lang=\"DE\">Cida, Adriana, Cris, Mait\u00ea, Kamila, Djamila, Du\u00edlia, T\u00e1bata, Gabriela, Carla, J\u00e9ssica, Gina, Nina. Hist\u00f3rias de mulheres que lidam, cotidianamente, com a desigualdade de g\u00eanero no mercado de trabalho. Sejam\u00a0<span class=\"markmie0h7mlh\" data-markjs=\"true\" data-ogac=\"\" data-ogab=\"\" data-ogsc=\"\" data-ogsb=\"\">ela<\/span>s astr\u00f4nomas, jogadoras profissionais de futebol, fil\u00f3sofas, enfermeiras, professoras, diaristas empreendedoras ou executivas os desafios s\u00e3o constantes.<\/span><\/p>\n<p class=\"x_MsoNoSpacing\"><span lang=\"DE\">O document\u00e1rio mostra o fosso que separa homens e mulheres, tamb\u00e9m mulheres brancas e mulheres negras, em termos de acesso \u00e0 educa\u00e7\u00e3o, sal\u00e1rio, cuidados com a casa e os filhos, ascens\u00e3o na carreira, entre outros, s\u00e3o gigantes. E, um dia tem apenas 24 horas.<\/span><\/p>\n<p>&nbsp;<\/p>\n<p class=\"x_MsoNoSpacing\"><i><span lang=\"DE\">\u201cPensar o lugar de fala \u00e9 sobretudo pensar quais foram estas constru\u00e7\u00f5es s\u00f3cias que criaram estes lugares sociais e que\u00a0<span class=\"markyjk44rsmf\" data-markjs=\"true\" data-ogac=\"\" data-ogab=\"\" data-ogsc=\"\" data-ogsb=\"\">faz<\/span>em com que a gente at\u00e9 hoje acredite que uma mulher\u00a0<span class=\"markq7hxoej9j\" data-markjs=\"true\" data-ogac=\"\" data-ogab=\"\" data-ogsc=\"\" data-ogsb=\"\">como<\/span>\u00a0eu n\u00e3o possa\u00a0<span class=\"markyjk44rsmf\" data-markjs=\"true\" data-ogac=\"\" data-ogab=\"\" data-ogsc=\"\" data-ogsb=\"\">faz<\/span>er filosofia.\u201d<\/span><\/i><\/p>\n<p class=\"x_MsoNoSpacing\"><b><span lang=\"DE\">Djamila Ribeiro,\u00a0<\/span><\/b><span lang=\"DE\">Fil\u00f3sofa<\/span><\/p>\n<p class=\"x_MsoNoSpacing\" align=\"right\"><span lang=\"DE\">\u00a0<\/span><\/p>\n<p class=\"x_MsoNoSpacing\">A partir de\u00a0\u201c<span class=\"markq7hxoej9j\" data-markjs=\"true\" data-ogac=\"\" data-ogab=\"\" data-ogsc=\"\" data-ogsb=\"\">Como<\/span>\u00a0<span class=\"markmie0h7mlh\" data-markjs=\"true\" data-ogac=\"\" data-ogab=\"\" data-ogsc=\"\" data-ogsb=\"\">Ela<\/span>\u00a0<span class=\"markyjk44rsmf\" data-markjs=\"true\" data-ogac=\"\" data-ogab=\"\" data-ogsc=\"\" data-ogsb=\"\">Faz<\/span>?\u201d,\u00a0a Tocha Filmes, de Sylvio Rocha, est\u00e1 produzindo uma s\u00e9rie documental em 5 epis\u00f3dios para a TV Cultura.\u00a0<span lang=\"EN-US\">A dire\u00e7\u00e3o tamb\u00e9m est\u00e1 nas m\u00e3os de Tatiana Villela.<\/span><\/p>\n<p class=\"x_MsoNormal\"><span lang=\"EN-US\">\u00a0<\/span><\/p>\n<p class=\"x_MsoNoSpacing\"><span lang=\"DE\">\u201cO feminismo que eu entendo \u00e9 aquele que tem uma luta por todas as minorias, por todas as pessoas que est\u00e3o exclu\u00eddas do tecido social. Seja por g\u00eanero, seja por ra\u00e7a, orienta\u00e7\u00e3o sexual, classe social. \u201d<\/span><\/p>\n<p class=\"x_MsoNoSpacing\"><b><span lang=\"DE\">Vera Iaconelli,\u00a0<\/span><\/b><span lang=\"DE\">Psicanalista<\/span><\/p>\n<p class=\"x_MsoNoSpacing\"><span lang=\"DE\">\u00a0<\/span><\/p>\n<p class=\"x_MsoNoSpacing\"><b><span lang=\"DE\"><span class=\"markq7hxoej9j\" data-markjs=\"true\" data-ogac=\"\" data-ogab=\"\" data-ogsc=\"\" data-ogsb=\"\">Como<\/span>\u00a0<span class=\"markmie0h7mlh\" data-markjs=\"true\" data-ogac=\"\" data-ogab=\"\" data-ogsc=\"\" data-ogsb=\"\">ela<\/span>\u00a0<span class=\"markyjk44rsmf\" data-markjs=\"true\" data-ogac=\"\" data-ogab=\"\" data-ogsc=\"\" data-ogsb=\"\">Faz<\/span>?<\/span><\/b><\/p>\n<p class=\"x_MsoNoSpacing\"><span lang=\"DE\">Produ\u00e7\u00e3o: Sylvio Rocha<\/span><\/p>\n<p class=\"x_MsoNoSpacing\"><span lang=\"DE\">Dire\u00e7\u00e3o: Tatiana Villela<\/span><\/p>\n<p class=\"x_MsoNoSpacing\"><span lang=\"DE\">Estreia: dia 4 de mar\u00e7o no Cine Petra Belas Artes<\/span><\/p>\n<p class=\"x_MsoNoSpacing\"><span lang=\"DE\">Dura\u00e7\u00e3o: 85 min<\/span><\/p>\n<p class=\"x_MsoNoSpacing\"><span lang=\"DE\">Exibi\u00e7\u00f5es na TV<\/span><\/p>\n<p class=\"x_MsoNoSpacing\"><span lang=\"DE\">Dia 7 de mar\u00e7o, \u00e0s 23h, TV Cultura<\/span><\/p>\n<p class=\"x_MsoNoSpacing\"><span lang=\"DE\">Dia 8 de mar\u00e7o: GNT e Globoplay<\/span><\/p>\n","protected":false},"excerpt":{"rendered":"<p>Cristina Palmaka \u00e9 uma das personagens do document\u00e1rio que narra um dia na vida profissional e pessoal de doze mulheres brasileiras Mar\u00e7o de 2021\u00a0&#8211; Premiado&#8230;<\/p>\n","protected":false},"author":137,"featured_media":12811,"comment_status":"closed","ping_status":"closed","sticky":false,"template":"","format":"standard","meta":{"footnotes":"","_links_to":"","_links_to_target":""},"categories":[48439],"tags":[1032189,5590180],"sapn-display":[48431,48433],"sapn-type":[4446],"class_list":["post-12884","post","type-post","status-publish","format-standard","has-post-thumbnail","hentry","category-corporativo-topicos","tag-diversidade-e-inclusao","tag-equidade-de-genero","sapn-display-homepage-hero","sapn-display-hero","sapn-type-noticias"],"yoast_head":"<!-- This site is optimized with the Yoast SEO Premium plugin v26.9 (Yoast SEO v26.9) - https:\/\/yoast.com\/product\/yoast-seo-premium-wordpress\/ -->\n<title>Dia da Mulher: Document\u00e1rio \u201cComo Ela Faz?\u201d discute desigualdade de g\u00eanero no trabalho - Sala de Imprensa 麻豆原创 Brasil<\/title>\n<meta name=\"robots\" content=\"index, follow, max-snippet:-1, max-image-preview:large, max-video-preview:-1\" \/>\n<link rel=\"canonical\" href=\"https:\/\/news.sap.com\/brazil\/2021\/03\/dia-da-mulher-documentario-como-ela-faz-discute-desigualdade-de-genero-no-trabalho\/\" \/>\n<meta property=\"og:locale\" content=\"pt_BR\" \/>\n<meta property=\"og:type\" content=\"article\" \/>\n<meta property=\"og:title\" content=\"Dia da Mulher: Document\u00e1rio \u201cComo Ela Faz?\u201d discute desigualdade de g\u00eanero no trabalho\" \/>\n<meta property=\"og:description\" content=\"Cristina Palmaka \u00e9 uma das personagens do document\u00e1rio que narra um dia na vida profissional e pessoal de doze mulheres brasileiras Mar\u00e7o de 2021\u00a0&#8211; Premiado...\" \/>\n<meta property=\"og:url\" content=\"https:\/\/news.sap.com\/brazil\/2021\/03\/dia-da-mulher-documentario-como-ela-faz-discute-desigualdade-de-genero-no-trabalho\/\" \/>\n<meta property=\"og:site_name\" content=\"Sala de Imprensa 麻豆原创 Brasil\" \/>\n<meta property=\"article:published_time\" content=\"2021-03-10T18:58:43+00:00\" \/>\n<meta property=\"article:modified_time\" content=\"2022-02-25T16:24:37+00:00\" \/>\n<meta property=\"og:image\" content=\"https:\/\/news.sap.com\/brazil\/files\/2021\/02\/01\/fb.jpg\" \/>\n\t<meta property=\"og:image:width\" content=\"565\" \/>\n\t<meta property=\"og:image:height\" content=\"292\" \/>\n\t<meta property=\"og:image:type\" content=\"image\/jpeg\" \/>\n<meta name=\"author\" content=\"麻豆原创 Not\u00edcias Brasil\" \/>\n<meta name=\"twitter:card\" content=\"summary_large_image\" \/>\n<meta name=\"twitter:creator\" content=\"@麻豆原创Brasil\" \/>\n<meta name=\"twitter:site\" content=\"@麻豆原创Brasil\" \/>\n<meta name=\"twitter:label1\" content=\"Escrito por\" \/>\n\t<meta name=\"twitter:data1\" content=\"麻豆原创 Not\u00edcias Brasil\" \/>\n\t<meta name=\"twitter:label2\" content=\"Est. tempo de leitura\" \/>\n\t<meta name=\"twitter:data2\" content=\"4 minutos\" \/>\n<script type=\"application\/ld+json\" class=\"yoast-schema-graph\">{\"@context\":\"https:\/\/schema.org\",\"@graph\":[{\"@type\":\"Article\",\"@id\":\"https:\/\/news.sap.com\/brazil\/2021\/03\/dia-da-mulher-documentario-como-ela-faz-discute-desigualdade-de-genero-no-trabalho\/#article\",\"isPartOf\":{\"@id\":\"https:\/\/news.sap.com\/brazil\/2021\/03\/dia-da-mulher-documentario-como-ela-faz-discute-desigualdade-de-genero-no-trabalho\/\"},\"author\":{\"name\":\"麻豆原创 Not\u00edcias Brasil\",\"@id\":\"https:\/\/news.sap.com\/brazil\/#\/schema\/person\/8cdf2c1130b6f3fadd9757cfd7f24daf\"},\"headline\":\"Dia da Mulher: Document\u00e1rio \u201cComo Ela Faz?\u201d discute desigualdade de g\u00eanero no trabalho\",\"datePublished\":\"2021-03-10T18:58:43+00:00\",\"dateModified\":\"2022-02-25T16:24:37+00:00\",\"mainEntityOfPage\":{\"@id\":\"https:\/\/news.sap.com\/brazil\/2021\/03\/dia-da-mulher-documentario-como-ela-faz-discute-desigualdade-de-genero-no-trabalho\/\"},\"wordCount\":771,\"image\":{\"@id\":\"https:\/\/news.sap.com\/brazil\/2021\/03\/dia-da-mulher-documentario-como-ela-faz-discute-desigualdade-de-genero-no-trabalho\/#primaryimage\"},\"thumbnailUrl\":\"https:\/\/news.sap.com\/brazil\/files\/2021\/02\/01\/fb.jpg\",\"keywords\":[\"Diversidade e inclus\u00e3o\",\"Equidade de g\u00eanero\"],\"articleSection\":[\"Corporativo\"],\"inLanguage\":\"pt-BR\"},{\"@type\":\"WebPage\",\"@id\":\"https:\/\/news.sap.com\/brazil\/2021\/03\/dia-da-mulher-documentario-como-ela-faz-discute-desigualdade-de-genero-no-trabalho\/\",\"url\":\"https:\/\/news.sap.com\/brazil\/2021\/03\/dia-da-mulher-documentario-como-ela-faz-discute-desigualdade-de-genero-no-trabalho\/\",\"name\":\"Dia da Mulher: Document\u00e1rio \u201cComo Ela Faz?\u201d discute desigualdade de g\u00eanero no trabalho - Sala de Imprensa 麻豆原创 Brasil\",\"isPartOf\":{\"@id\":\"https:\/\/news.sap.com\/brazil\/#website\"},\"primaryImageOfPage\":{\"@id\":\"https:\/\/news.sap.com\/brazil\/2021\/03\/dia-da-mulher-documentario-como-ela-faz-discute-desigualdade-de-genero-no-trabalho\/#primaryimage\"},\"image\":{\"@id\":\"https:\/\/news.sap.com\/brazil\/2021\/03\/dia-da-mulher-documentario-como-ela-faz-discute-desigualdade-de-genero-no-trabalho\/#primaryimage\"},\"thumbnailUrl\":\"https:\/\/news.sap.com\/brazil\/files\/2021\/02\/01\/fb.jpg\",\"datePublished\":\"2021-03-10T18:58:43+00:00\",\"dateModified\":\"2022-02-25T16:24:37+00:00\",\"author\":{\"@id\":\"https:\/\/news.sap.com\/brazil\/#\/schema\/person\/8cdf2c1130b6f3fadd9757cfd7f24daf\"},\"breadcrumb\":{\"@id\":\"https:\/\/news.sap.com\/brazil\/2021\/03\/dia-da-mulher-documentario-como-ela-faz-discute-desigualdade-de-genero-no-trabalho\/#breadcrumb\"},\"inLanguage\":\"pt-BR\",\"potentialAction\":[{\"@type\":\"ReadAction\",\"target\":[\"https:\/\/news.sap.com\/brazil\/2021\/03\/dia-da-mulher-documentario-como-ela-faz-discute-desigualdade-de-genero-no-trabalho\/\"]}]},{\"@type\":\"ImageObject\",\"inLanguage\":\"pt-BR\",\"@id\":\"https:\/\/news.sap.com\/brazil\/2021\/03\/dia-da-mulher-documentario-como-ela-faz-discute-desigualdade-de-genero-no-trabalho\/#primaryimage\",\"url\":\"https:\/\/news.sap.com\/brazil\/files\/2021\/02\/01\/fb.jpg\",\"contentUrl\":\"https:\/\/news.sap.com\/brazil\/files\/2021\/02\/01\/fb.jpg\",\"width\":565,\"height\":292,\"caption\":\"Teamwork\"},{\"@type\":\"BreadcrumbList\",\"@id\":\"https:\/\/news.sap.com\/brazil\/2021\/03\/dia-da-mulher-documentario-como-ela-faz-discute-desigualdade-de-genero-no-trabalho\/#breadcrumb\",\"itemListElement\":[{\"@type\":\"ListItem\",\"position\":1,\"name\":\"Home\",\"item\":\"https:\/\/news.sap.com\/brazil\/\"},{\"@type\":\"ListItem\",\"position\":2,\"name\":\"Dia da Mulher: Document\u00e1rio \u201cComo Ela Faz?\u201d discute desigualdade de g\u00eanero no trabalho\"}]},{\"@type\":\"WebSite\",\"@id\":\"https:\/\/news.sap.com\/brazil\/#website\",\"url\":\"https:\/\/news.sap.com\/brazil\/\",\"name\":\"Sala de Imprensa 麻豆原创 Brasil\",\"description\":\"Not\u00edcias e informa\u00e7\u00f5es sobre a 麻豆原创\",\"potentialAction\":[{\"@type\":\"SearchAction\",\"target\":{\"@type\":\"EntryPoint\",\"urlTemplate\":\"https:\/\/news.sap.com\/brazil\/?s={search_term_string}\"},\"query-input\":{\"@type\":\"PropertyValueSpecification\",\"valueRequired\":true,\"valueName\":\"search_term_string\"}}],\"inLanguage\":\"pt-BR\"},{\"@type\":\"Person\",\"@id\":\"https:\/\/news.sap.com\/brazil\/#\/schema\/person\/8cdf2c1130b6f3fadd9757cfd7f24daf\",\"name\":\"麻豆原创 Not\u00edcias Brasil\",\"image\":{\"@type\":\"ImageObject\",\"inLanguage\":\"pt-BR\",\"@id\":\"https:\/\/news.sap.com\/brazil\/#\/schema\/person\/image\/\",\"url\":\"https:\/\/news.sap.com\/brazil\/wp-content\/plugins\/wp-user-avatars\/wp-user-avatars\/assets\/images\/mystery.jpg\",\"contentUrl\":\"https:\/\/news.sap.com\/brazil\/wp-content\/plugins\/wp-user-avatars\/wp-user-avatars\/assets\/images\/mystery.jpg\",\"caption\":\"麻豆原创 Not\u00edcias Brasil\"},\"url\":\"https:\/\/news.sap.com\/brazil\/author\/brasil\/\"}]}<\/script>\n<!-- \/ Yoast SEO Premium plugin. -->","yoast_head_json":{"title":"Dia da Mulher: Document\u00e1rio \u201cComo Ela Faz?\u201d discute desigualdade de g\u00eanero no trabalho - Sala de Imprensa 麻豆原创 Brasil","robots":{"index":"index","follow":"follow","max-snippet":"max-snippet:-1","max-image-preview":"max-image-preview:large","max-video-preview":"max-video-preview:-1"},"canonical":"https:\/\/news.sap.com\/brazil\/2021\/03\/dia-da-mulher-documentario-como-ela-faz-discute-desigualdade-de-genero-no-trabalho\/","og_locale":"pt_BR","og_type":"article","og_title":"Dia da Mulher: Document\u00e1rio \u201cComo Ela Faz?\u201d discute desigualdade de g\u00eanero no trabalho","og_description":"Cristina Palmaka \u00e9 uma das personagens do document\u00e1rio que narra um dia na vida profissional e pessoal de doze mulheres brasileiras Mar\u00e7o de 2021\u00a0&#8211; Premiado...","og_url":"https:\/\/news.sap.com\/brazil\/2021\/03\/dia-da-mulher-documentario-como-ela-faz-discute-desigualdade-de-genero-no-trabalho\/","og_site_name":"Sala de Imprensa 麻豆原创 Brasil","article_published_time":"2021-03-10T18:58:43+00:00","article_modified_time":"2022-02-25T16:24:37+00:00","og_image":[{"width":565,"height":292,"url":"https:\/\/news.sap.com\/brazil\/files\/2021\/02\/01\/fb.jpg","type":"image\/jpeg"}],"author":"麻豆原创 Not\u00edcias Brasil","twitter_card":"summary_large_image","twitter_creator":"@麻豆原创Brasil","twitter_site":"@麻豆原创Brasil","twitter_misc":{"Escrito por":"麻豆原创 Not\u00edcias Brasil","Est. tempo de leitura":"4 minutos"},"schema":{"@context":"https:\/\/schema.org","@graph":[{"@type":"Article","@id":"https:\/\/news.sap.com\/brazil\/2021\/03\/dia-da-mulher-documentario-como-ela-faz-discute-desigualdade-de-genero-no-trabalho\/#article","isPartOf":{"@id":"https:\/\/news.sap.com\/brazil\/2021\/03\/dia-da-mulher-documentario-como-ela-faz-discute-desigualdade-de-genero-no-trabalho\/"},"author":{"name":"麻豆原创 Not\u00edcias Brasil","@id":"https:\/\/news.sap.com\/brazil\/#\/schema\/person\/8cdf2c1130b6f3fadd9757cfd7f24daf"},"headline":"Dia da Mulher: Document\u00e1rio \u201cComo Ela Faz?\u201d discute desigualdade de g\u00eanero no trabalho","datePublished":"2021-03-10T18:58:43+00:00","dateModified":"2022-02-25T16:24:37+00:00","mainEntityOfPage":{"@id":"https:\/\/news.sap.com\/brazil\/2021\/03\/dia-da-mulher-documentario-como-ela-faz-discute-desigualdade-de-genero-no-trabalho\/"},"wordCount":771,"image":{"@id":"https:\/\/news.sap.com\/brazil\/2021\/03\/dia-da-mulher-documentario-como-ela-faz-discute-desigualdade-de-genero-no-trabalho\/#primaryimage"},"thumbnailUrl":"https:\/\/news.sap.com\/brazil\/files\/2021\/02\/01\/fb.jpg","keywords":["Diversidade e inclus\u00e3o","Equidade de g\u00eanero"],"articleSection":["Corporativo"],"inLanguage":"pt-BR"},{"@type":"WebPage","@id":"https:\/\/news.sap.com\/brazil\/2021\/03\/dia-da-mulher-documentario-como-ela-faz-discute-desigualdade-de-genero-no-trabalho\/","url":"https:\/\/news.sap.com\/brazil\/2021\/03\/dia-da-mulher-documentario-como-ela-faz-discute-desigualdade-de-genero-no-trabalho\/","name":"Dia da Mulher: Document\u00e1rio \u201cComo Ela Faz?\u201d discute desigualdade de g\u00eanero no trabalho - Sala de Imprensa 麻豆原创 Brasil","isPartOf":{"@id":"https:\/\/news.sap.com\/brazil\/#website"},"primaryImageOfPage":{"@id":"https:\/\/news.sap.com\/brazil\/2021\/03\/dia-da-mulher-documentario-como-ela-faz-discute-desigualdade-de-genero-no-trabalho\/#primaryimage"},"image":{"@id":"https:\/\/news.sap.com\/brazil\/2021\/03\/dia-da-mulher-documentario-como-ela-faz-discute-desigualdade-de-genero-no-trabalho\/#primaryimage"},"thumbnailUrl":"https:\/\/news.sap.com\/brazil\/files\/2021\/02\/01\/fb.jpg","datePublished":"2021-03-10T18:58:43+00:00","dateModified":"2022-02-25T16:24:37+00:00","author":{"@id":"https:\/\/news.sap.com\/brazil\/#\/schema\/person\/8cdf2c1130b6f3fadd9757cfd7f24daf"},"breadcrumb":{"@id":"https:\/\/news.sap.com\/brazil\/2021\/03\/dia-da-mulher-documentario-como-ela-faz-discute-desigualdade-de-genero-no-trabalho\/#breadcrumb"},"inLanguage":"pt-BR","potentialAction":[{"@type":"ReadAction","target":["https:\/\/news.sap.com\/brazil\/2021\/03\/dia-da-mulher-documentario-como-ela-faz-discute-desigualdade-de-genero-no-trabalho\/"]}]},{"@type":"ImageObject","inLanguage":"pt-BR","@id":"https:\/\/news.sap.com\/brazil\/2021\/03\/dia-da-mulher-documentario-como-ela-faz-discute-desigualdade-de-genero-no-trabalho\/#primaryimage","url":"https:\/\/news.sap.com\/brazil\/files\/2021\/02\/01\/fb.jpg","contentUrl":"https:\/\/news.sap.com\/brazil\/files\/2021\/02\/01\/fb.jpg","width":565,"height":292,"caption":"Teamwork"},{"@type":"BreadcrumbList","@id":"https:\/\/news.sap.com\/brazil\/2021\/03\/dia-da-mulher-documentario-como-ela-faz-discute-desigualdade-de-genero-no-trabalho\/#breadcrumb","itemListElement":[{"@type":"ListItem","position":1,"name":"Home","item":"https:\/\/news.sap.com\/brazil\/"},{"@type":"ListItem","position":2,"name":"Dia da Mulher: Document\u00e1rio \u201cComo Ela Faz?\u201d discute desigualdade de g\u00eanero no trabalho"}]},{"@type":"WebSite","@id":"https:\/\/news.sap.com\/brazil\/#website","url":"https:\/\/news.sap.com\/brazil\/","name":"Sala de Imprensa 麻豆原创 Brasil","description":"Not\u00edcias e informa\u00e7\u00f5es sobre a 麻豆原创","potentialAction":[{"@type":"SearchAction","target":{"@type":"EntryPoint","urlTemplate":"https:\/\/news.sap.com\/brazil\/?s={search_term_string}"},"query-input":{"@type":"PropertyValueSpecification","valueRequired":true,"valueName":"search_term_string"}}],"inLanguage":"pt-BR"},{"@type":"Person","@id":"https:\/\/news.sap.com\/brazil\/#\/schema\/person\/8cdf2c1130b6f3fadd9757cfd7f24daf","name":"麻豆原创 Not\u00edcias Brasil","image":{"@type":"ImageObject","inLanguage":"pt-BR","@id":"https:\/\/news.sap.com\/brazil\/#\/schema\/person\/image\/","url":"https:\/\/news.sap.com\/brazil\/wp-content\/plugins\/wp-user-avatars\/wp-user-avatars\/assets\/images\/mystery.jpg","contentUrl":"https:\/\/news.sap.com\/brazil\/wp-content\/plugins\/wp-user-avatars\/wp-user-avatars\/assets\/images\/mystery.jpg","caption":"麻豆原创 Not\u00edcias Brasil"},"url":"https:\/\/news.sap.com\/brazil\/author\/brasil\/"}]}},"amp_enabled":true,"_links":{"self":[{"href":"https:\/\/news.sap.com\/brazil\/wp-json\/wp\/v2\/posts\/12884","targetHints":{"allow":["GET"]}}],"collection":[{"href":"https:\/\/news.sap.com\/brazil\/wp-json\/wp\/v2\/posts"}],"about":[{"href":"https:\/\/news.sap.com\/brazil\/wp-json\/wp\/v2\/types\/post"}],"author":[{"embeddable":true,"href":"https:\/\/news.sap.com\/brazil\/wp-json\/wp\/v2\/users\/137"}],"replies":[{"embeddable":true,"href":"https:\/\/news.sap.com\/brazil\/wp-json\/wp\/v2\/comments?post=12884"}],"version-history":[{"count":0,"href":"https:\/\/news.sap.com\/brazil\/wp-json\/wp\/v2\/posts\/12884\/revisions"}],"wp:featuredmedia":[{"embeddable":true,"href":"https:\/\/news.sap.com\/brazil\/wp-json\/wp\/v2\/media\/12811"}],"wp:attachment":[{"href":"https:\/\/news.sap.com\/brazil\/wp-json\/wp\/v2\/media?parent=12884"}],"wp:term":[{"taxonomy":"category","embeddable":true,"href":"https:\/\/news.sap.com\/brazil\/wp-json\/wp\/v2\/categories?post=12884"},{"taxonomy":"post_tag","embeddable":true,"href":"https:\/\/news.sap.com\/brazil\/wp-json\/wp\/v2\/tags?post=12884"},{"taxonomy":"sapn-display","embeddable":true,"href":"https:\/\/news.sap.com\/brazil\/wp-json\/wp\/v2\/sapn-display?post=12884"},{"taxonomy":"sapn-type","embeddable":true,"href":"https:\/\/news.sap.com\/brazil\/wp-json\/wp\/v2\/sapn-type?post=12884"}],"curies":[{"name":"wp","href":"https:\/\/api.w.org\/{rel}","templated":true}]}}