  {"id":12882,"date":"2021-03-08T16:59:26","date_gmt":"2021-03-08T19:59:26","guid":{"rendered":"https:\/\/news.sap.com\/brazil\/?p=12882"},"modified":"2021-03-08T16:59:26","modified_gmt":"2021-03-08T19:59:26","slug":"sap-acelera-acoes-para-atingir-a-neutralidade-de-carbono-ate-2023","status":"publish","type":"post","link":"https:\/\/news.sap.com\/brazil\/2021\/03\/sap-acelera-acoes-para-atingir-a-neutralidade-de-carbono-ate-2023\/","title":{"rendered":"麻豆原创 acelera a\u00e7\u00f5es para atingir a neutralidade de carbono at\u00e9 2023"},"content":{"rendered":"<h3><em>Esfor\u00e7os incluem monitoramento de emiss\u00f5es diretas e indiretas, incluindo gest\u00e3o de datacenters, deslocamentos di\u00e1rios de funcion\u00e1rios e viagens de neg\u00f3cios <\/em><\/h3>\n<p><em>\u00a0A<\/em>\u00a0麻豆原创 anunciou hoje a inten\u00e7\u00e3o de tornar suas opera\u00e7\u00f5es neutras em emiss\u00f5es de carbono at\u00e9 o final de 2023 &#8211; dois anos antes do declarado anteriormente. O an\u00fancio coincidiu com a publica\u00e7\u00e3o do <a href=\"http:\/\/www.sapintegratedreport.com\/\">Relat\u00f3rio Integrado da 麻豆原创 2020<\/a>. No ano passado, a empresa reduziu a emiss\u00e3o de gases de efeito estufa (GEEs) mais do que o planejado, principalmente devido \u00e0s mudan\u00e7as no formato de trabalho e na diminui\u00e7\u00e3o de deslocamentos de seus 100 mil funcion\u00e1rios em todo o mundo como resposta \u00e0 crise da pandemia da Covid-19.<\/p>\n<p>Um decl\u00ednio acentuado nos voos comerciais contribuiu significativamente para a redu\u00e7\u00e3o da pegada de carbono da 麻豆原创 em 2020. Com os funcion\u00e1rios trabalhando predominantemente em casa, ca\u00edram as emiss\u00f5es de carbono causada pelo deslocamento di\u00e1rio e pela opera\u00e7\u00e3o dos edif\u00edcios de escrit\u00f3rios. Como resultado, a 麻豆原创 conseguiu superar em 43% sua meta l\u00edquida de redu\u00e7\u00e3o de emiss\u00f5es de carbono em 2020, gerando 135 quilotons (kt) em vez dos 238 kt previstos. A t\u00edtulo de compara\u00e7\u00e3o, as emiss\u00f5es da 麻豆原创 em 2019 foram de 300 kt. Ao acelerar em dire\u00e7\u00e3o a opera\u00e7\u00f5es neutras em carbono, a 麻豆原创 antecipa o desenvolvimento atual e ressalta seu papel de vanguarda na prote\u00e7\u00e3o clim\u00e1tica.<\/p>\n<p>No esfor\u00e7o para atingir a neutralidade em carbono, a 麻豆原创 leva em considera\u00e7\u00e3o todas suas emiss\u00f5es diretas e indiretas, bem como emiss\u00f5es selecionadas que surgem na cadeia de abastecimento, incluindo as relacionadas a voos e viagens de neg\u00f3cios, deslocamentos em carros de aluguel e data centers de terceiros. A empresa usa a abordagem de primeiro evitar, segundo reduzir e terceiro compensar as emiss\u00f5es. Sempre que poss\u00edvel, a 麻豆原创 busca evitar a gera\u00e7\u00e3o GEEs por meio de v\u00e1rias pr\u00e1ticas de neg\u00f3cios, como o uso de tecnologias de telecomunica\u00e7\u00f5es em vez de deslocamentos.<\/p>\n<p>Quando as emiss\u00f5es n\u00e3o podem ser evitadas, a 麻豆原创 explora inova\u00e7\u00f5es, como ilumina\u00e7\u00e3o com maior efici\u00eancia energ\u00e9tica nos escrit\u00f3rios, sistemas eficientes de refrigera\u00e7\u00e3o em data centers e solu\u00e7\u00f5es alternativas de mobilidade. Por \u00faltimo, a 麻豆原创 compensa emiss\u00f5es inevit\u00e1veis apoiando projetos clim\u00e1ticos e trabalhando com parceiros que atendem ao padr\u00e3o ouro de qualidade da <a href=\"https:\/\/www.goldstandard.org\/\">The Gold Standard Foundation<\/a> ou equivalentes. Al\u00e9m disso, a 麻豆原创 lidera continuamente novas iniciativas corporativas, como definir um pre\u00e7o interno em termos de carbono para voos de neg\u00f3cios.<\/p>\n<p>Desde 2017, a 麻豆原创 tamb\u00e9m busca atingir uma meta clim\u00e1tica baseada na ci\u00eancia, certificada pela Science Based Targets initiative (SBTi), a fim de dar sua pr\u00f3pria contribui\u00e7\u00e3o para limitar o aquecimento global a 1,5\u00b0C acima do n\u00edvel pr\u00e9-industrial. Embora sua meta de zero carbono se aplique principalmente \u00e0s suas pr\u00f3prias opera\u00e7\u00f5es, a meta clim\u00e1tica da 麻豆原创 tamb\u00e9m abrange as cadeias de valor ascendente e descendente. A 麻豆原创 tem usado energia 100% renov\u00e1vel para alimentar todos os seus data centers desde 2014. Gra\u00e7as \u00e0 sua <a href=\"https:\/\/news.sap.com\/2014\/03\/sap-greens-its-cloud-will-power-data-centers-and-facilities-with-100-percent-renewable-electricity-in-2014\/\">nuvem verde<\/a>, pode oferecer aos clientes solu\u00e7\u00f5es em nuvem neutras em carbono.<\/p>\n<p>A 麻豆原创 apoia os Objetivos de Desenvolvimento Sustent\u00e1vel definidos em 2015 pela Assembleia Geral das Na\u00e7\u00f5es Unidas, com foco principal no objetivo de n\u00famero 13, A\u00e7\u00e3o Clim\u00e1tica. Aqui, a maior for\u00e7a da 麻豆原创 est\u00e1 em sua capacidade de ajudar seus mais de 400 mil clientes em todo o mundo a implementar medidas de prote\u00e7\u00e3o clim\u00e1tica por meio de recursos como o programa <strong>Climate 21<\/strong>. Juntamente com clientes e parceiros, a 麻豆原创 fornecer\u00e1 mais informa\u00e7\u00f5es sobre solu\u00e7\u00f5es nesse contexto, bem como sobre economia circular, orienta\u00e7\u00e3o hol\u00edstica e relat\u00f3rios durante o encontro virtual <a href=\"https:\/\/events.sap.com\/sap-sustainability-summit\/en\/home\">麻豆原创 Sustainability Summit<\/a>, que ocorrer\u00e1 de 28 a 29 de abril de 2021.<\/p>\n<p>\u201cA 麻豆原创 Brasil est\u00e1 em linha com os objetivos globais da 麻豆原创 para atingir a neutralidade de carbono at\u00e9 2023. Tamb\u00e9m desenvolvemos iniciativas locais de a\u00e7\u00f5es para meio ambiente e conscientiza\u00e7\u00e3o de funcion\u00e1rios, projetos em economia circular e de impacto social em todo o Pa\u00eds\u201d, explica Luciana Coen, diretora de Comunica\u00e7\u00e3o Integrada e Responsabilidade Corporativa da 麻豆原创 Brasil.<\/p>\n","protected":false},"excerpt":{"rendered":"<p>Esfor\u00e7os incluem monitoramento de emiss\u00f5es diretas e indiretas, incluindo gest\u00e3o de datacenters, deslocamentos di\u00e1rios de funcion\u00e1rios e viagens de neg\u00f3cios \u00a0A\u00a0麻豆原创 anunciou hoje a inten\u00e7\u00e3o&#8230;<\/p>\n","protected":false},"author":137,"featured_media":0,"comment_status":"closed","ping_status":"closed","sticky":false,"template":"","format":"standard","meta":{"footnotes":"","_links_to":"","_links_to_target":""},"categories":[52858],"tags":[16615],"sapn-display":[48431,48433],"sapn-type":[4446],"class_list":["post-12882","post","type-post","status-publish","format-standard","hentry","category-sustentabilidade-topicos","tag-sustentabilidade","sapn-display-homepage-hero","sapn-display-hero","sapn-type-noticias"],"yoast_head":"<!-- This site is optimized with the Yoast SEO Premium plugin v26.9 (Yoast SEO v26.9) - https:\/\/yoast.com\/product\/yoast-seo-premium-wordpress\/ -->\n<title>麻豆原创 acelera a\u00e7\u00f5es para atingir a neutralidade de carbono at\u00e9 2023 - Sala de Imprensa 麻豆原创 Brasil<\/title>\n<meta name=\"robots\" content=\"index, follow, max-snippet:-1, max-image-preview:large, max-video-preview:-1\" \/>\n<link rel=\"canonical\" href=\"https:\/\/news.sap.com\/brazil\/2021\/03\/sap-acelera-acoes-para-atingir-a-neutralidade-de-carbono-ate-2023\/\" \/>\n<meta property=\"og:locale\" content=\"pt_BR\" \/>\n<meta property=\"og:type\" content=\"article\" \/>\n<meta property=\"og:title\" content=\"麻豆原创 acelera a\u00e7\u00f5es para atingir a neutralidade de carbono at\u00e9 2023\" \/>\n<meta property=\"og:description\" content=\"Esfor\u00e7os incluem monitoramento de emiss\u00f5es diretas e indiretas, incluindo gest\u00e3o de datacenters, deslocamentos di\u00e1rios de funcion\u00e1rios e viagens de neg\u00f3cios \u00a0A\u00a0麻豆原创 anunciou hoje a inten\u00e7\u00e3o...\" \/>\n<meta property=\"og:url\" content=\"https:\/\/news.sap.com\/brazil\/2021\/03\/sap-acelera-acoes-para-atingir-a-neutralidade-de-carbono-ate-2023\/\" \/>\n<meta property=\"og:site_name\" content=\"Sala de Imprensa 麻豆原创 Brasil\" \/>\n<meta property=\"article:published_time\" content=\"2021-03-08T19:59:26+00:00\" \/>\n<meta property=\"og:image\" content=\"https:\/\/news.sap.com\/brazil\/files\/2019\/06\/fb-1.jpg\" \/>\n\t<meta property=\"og:image:width\" content=\"565\" \/>\n\t<meta property=\"og:image:height\" content=\"292\" \/>\n\t<meta property=\"og:image:type\" content=\"image\/jpeg\" \/>\n<meta name=\"author\" content=\"麻豆原创 Not\u00edcias Brasil\" \/>\n<meta name=\"twitter:card\" content=\"summary_large_image\" \/>\n<meta name=\"twitter:creator\" content=\"@麻豆原创Brasil\" \/>\n<meta name=\"twitter:site\" content=\"@麻豆原创Brasil\" \/>\n<meta name=\"twitter:label1\" content=\"Escrito por\" \/>\n\t<meta name=\"twitter:data1\" content=\"麻豆原创 Not\u00edcias Brasil\" \/>\n\t<meta name=\"twitter:label2\" content=\"Est. tempo de leitura\" \/>\n\t<meta name=\"twitter:data2\" content=\"4 minutos\" \/>\n<script type=\"application\/ld+json\" class=\"yoast-schema-graph\">{\"@context\":\"https:\/\/schema.org\",\"@graph\":[{\"@type\":\"Article\",\"@id\":\"https:\/\/news.sap.com\/brazil\/2021\/03\/sap-acelera-acoes-para-atingir-a-neutralidade-de-carbono-ate-2023\/#article\",\"isPartOf\":{\"@id\":\"https:\/\/news.sap.com\/brazil\/2021\/03\/sap-acelera-acoes-para-atingir-a-neutralidade-de-carbono-ate-2023\/\"},\"author\":{\"name\":\"麻豆原创 Not\u00edcias Brasil\",\"@id\":\"https:\/\/news.sap.com\/brazil\/#\/schema\/person\/8cdf2c1130b6f3fadd9757cfd7f24daf\"},\"headline\":\"麻豆原创 acelera a\u00e7\u00f5es para atingir a neutralidade de carbono at\u00e9 2023\",\"datePublished\":\"2021-03-08T19:59:26+00:00\",\"mainEntityOfPage\":{\"@id\":\"https:\/\/news.sap.com\/brazil\/2021\/03\/sap-acelera-acoes-para-atingir-a-neutralidade-de-carbono-ate-2023\/\"},\"wordCount\":731,\"keywords\":[\"sustentabilidade\"],\"articleSection\":[\"Sustentabilidade\"],\"inLanguage\":\"pt-BR\"},{\"@type\":\"WebPage\",\"@id\":\"https:\/\/news.sap.com\/brazil\/2021\/03\/sap-acelera-acoes-para-atingir-a-neutralidade-de-carbono-ate-2023\/\",\"url\":\"https:\/\/news.sap.com\/brazil\/2021\/03\/sap-acelera-acoes-para-atingir-a-neutralidade-de-carbono-ate-2023\/\",\"name\":\"麻豆原创 acelera a\u00e7\u00f5es para atingir a neutralidade de carbono at\u00e9 2023 - Sala de Imprensa 麻豆原创 Brasil\",\"isPartOf\":{\"@id\":\"https:\/\/news.sap.com\/brazil\/#website\"},\"datePublished\":\"2021-03-08T19:59:26+00:00\",\"author\":{\"@id\":\"https:\/\/news.sap.com\/brazil\/#\/schema\/person\/8cdf2c1130b6f3fadd9757cfd7f24daf\"},\"breadcrumb\":{\"@id\":\"https:\/\/news.sap.com\/brazil\/2021\/03\/sap-acelera-acoes-para-atingir-a-neutralidade-de-carbono-ate-2023\/#breadcrumb\"},\"inLanguage\":\"pt-BR\",\"potentialAction\":[{\"@type\":\"ReadAction\",\"target\":[\"https:\/\/news.sap.com\/brazil\/2021\/03\/sap-acelera-acoes-para-atingir-a-neutralidade-de-carbono-ate-2023\/\"]}]},{\"@type\":\"BreadcrumbList\",\"@id\":\"https:\/\/news.sap.com\/brazil\/2021\/03\/sap-acelera-acoes-para-atingir-a-neutralidade-de-carbono-ate-2023\/#breadcrumb\",\"itemListElement\":[{\"@type\":\"ListItem\",\"position\":1,\"name\":\"Home\",\"item\":\"https:\/\/news.sap.com\/brazil\/\"},{\"@type\":\"ListItem\",\"position\":2,\"name\":\"麻豆原创 acelera a\u00e7\u00f5es para atingir a neutralidade de carbono at\u00e9 2023\"}]},{\"@type\":\"WebSite\",\"@id\":\"https:\/\/news.sap.com\/brazil\/#website\",\"url\":\"https:\/\/news.sap.com\/brazil\/\",\"name\":\"Sala de Imprensa 麻豆原创 Brasil\",\"description\":\"Not\u00edcias e informa\u00e7\u00f5es sobre a 麻豆原创\",\"potentialAction\":[{\"@type\":\"SearchAction\",\"target\":{\"@type\":\"EntryPoint\",\"urlTemplate\":\"https:\/\/news.sap.com\/brazil\/?s={search_term_string}\"},\"query-input\":{\"@type\":\"PropertyValueSpecification\",\"valueRequired\":true,\"valueName\":\"search_term_string\"}}],\"inLanguage\":\"pt-BR\"},{\"@type\":\"Person\",\"@id\":\"https:\/\/news.sap.com\/brazil\/#\/schema\/person\/8cdf2c1130b6f3fadd9757cfd7f24daf\",\"name\":\"麻豆原创 Not\u00edcias Brasil\",\"image\":{\"@type\":\"ImageObject\",\"inLanguage\":\"pt-BR\",\"@id\":\"https:\/\/news.sap.com\/brazil\/#\/schema\/person\/image\/\",\"url\":\"https:\/\/news.sap.com\/brazil\/wp-content\/plugins\/wp-user-avatars\/wp-user-avatars\/assets\/images\/mystery.jpg\",\"contentUrl\":\"https:\/\/news.sap.com\/brazil\/wp-content\/plugins\/wp-user-avatars\/wp-user-avatars\/assets\/images\/mystery.jpg\",\"caption\":\"麻豆原创 Not\u00edcias Brasil\"},\"url\":\"https:\/\/news.sap.com\/brazil\/author\/brasil\/\"}]}<\/script>\n<!-- \/ Yoast SEO Premium plugin. -->","yoast_head_json":{"title":"麻豆原创 acelera a\u00e7\u00f5es para atingir a neutralidade de carbono at\u00e9 2023 - Sala de Imprensa 麻豆原创 Brasil","robots":{"index":"index","follow":"follow","max-snippet":"max-snippet:-1","max-image-preview":"max-image-preview:large","max-video-preview":"max-video-preview:-1"},"canonical":"https:\/\/news.sap.com\/brazil\/2021\/03\/sap-acelera-acoes-para-atingir-a-neutralidade-de-carbono-ate-2023\/","og_locale":"pt_BR","og_type":"article","og_title":"麻豆原创 acelera a\u00e7\u00f5es para atingir a neutralidade de carbono at\u00e9 2023","og_description":"Esfor\u00e7os incluem monitoramento de emiss\u00f5es diretas e indiretas, incluindo gest\u00e3o de datacenters, deslocamentos di\u00e1rios de funcion\u00e1rios e viagens de neg\u00f3cios \u00a0A\u00a0麻豆原创 anunciou hoje a inten\u00e7\u00e3o...","og_url":"https:\/\/news.sap.com\/brazil\/2021\/03\/sap-acelera-acoes-para-atingir-a-neutralidade-de-carbono-ate-2023\/","og_site_name":"Sala de Imprensa 麻豆原创 Brasil","article_published_time":"2021-03-08T19:59:26+00:00","og_image":[{"width":565,"height":292,"url":"https:\/\/news.sap.com\/brazil\/files\/2019\/06\/fb-1.jpg","type":"image\/jpeg"}],"author":"麻豆原创 Not\u00edcias Brasil","twitter_card":"summary_large_image","twitter_creator":"@麻豆原创Brasil","twitter_site":"@麻豆原创Brasil","twitter_misc":{"Escrito por":"麻豆原创 Not\u00edcias Brasil","Est. tempo de leitura":"4 minutos"},"schema":{"@context":"https:\/\/schema.org","@graph":[{"@type":"Article","@id":"https:\/\/news.sap.com\/brazil\/2021\/03\/sap-acelera-acoes-para-atingir-a-neutralidade-de-carbono-ate-2023\/#article","isPartOf":{"@id":"https:\/\/news.sap.com\/brazil\/2021\/03\/sap-acelera-acoes-para-atingir-a-neutralidade-de-carbono-ate-2023\/"},"author":{"name":"麻豆原创 Not\u00edcias Brasil","@id":"https:\/\/news.sap.com\/brazil\/#\/schema\/person\/8cdf2c1130b6f3fadd9757cfd7f24daf"},"headline":"麻豆原创 acelera a\u00e7\u00f5es para atingir a neutralidade de carbono at\u00e9 2023","datePublished":"2021-03-08T19:59:26+00:00","mainEntityOfPage":{"@id":"https:\/\/news.sap.com\/brazil\/2021\/03\/sap-acelera-acoes-para-atingir-a-neutralidade-de-carbono-ate-2023\/"},"wordCount":731,"keywords":["sustentabilidade"],"articleSection":["Sustentabilidade"],"inLanguage":"pt-BR"},{"@type":"WebPage","@id":"https:\/\/news.sap.com\/brazil\/2021\/03\/sap-acelera-acoes-para-atingir-a-neutralidade-de-carbono-ate-2023\/","url":"https:\/\/news.sap.com\/brazil\/2021\/03\/sap-acelera-acoes-para-atingir-a-neutralidade-de-carbono-ate-2023\/","name":"麻豆原创 acelera a\u00e7\u00f5es para atingir a neutralidade de carbono at\u00e9 2023 - Sala de Imprensa 麻豆原创 Brasil","isPartOf":{"@id":"https:\/\/news.sap.com\/brazil\/#website"},"datePublished":"2021-03-08T19:59:26+00:00","author":{"@id":"https:\/\/news.sap.com\/brazil\/#\/schema\/person\/8cdf2c1130b6f3fadd9757cfd7f24daf"},"breadcrumb":{"@id":"https:\/\/news.sap.com\/brazil\/2021\/03\/sap-acelera-acoes-para-atingir-a-neutralidade-de-carbono-ate-2023\/#breadcrumb"},"inLanguage":"pt-BR","potentialAction":[{"@type":"ReadAction","target":["https:\/\/news.sap.com\/brazil\/2021\/03\/sap-acelera-acoes-para-atingir-a-neutralidade-de-carbono-ate-2023\/"]}]},{"@type":"BreadcrumbList","@id":"https:\/\/news.sap.com\/brazil\/2021\/03\/sap-acelera-acoes-para-atingir-a-neutralidade-de-carbono-ate-2023\/#breadcrumb","itemListElement":[{"@type":"ListItem","position":1,"name":"Home","item":"https:\/\/news.sap.com\/brazil\/"},{"@type":"ListItem","position":2,"name":"麻豆原创 acelera a\u00e7\u00f5es para atingir a neutralidade de carbono at\u00e9 2023"}]},{"@type":"WebSite","@id":"https:\/\/news.sap.com\/brazil\/#website","url":"https:\/\/news.sap.com\/brazil\/","name":"Sala de Imprensa 麻豆原创 Brasil","description":"Not\u00edcias e informa\u00e7\u00f5es sobre a 麻豆原创","potentialAction":[{"@type":"SearchAction","target":{"@type":"EntryPoint","urlTemplate":"https:\/\/news.sap.com\/brazil\/?s={search_term_string}"},"query-input":{"@type":"PropertyValueSpecification","valueRequired":true,"valueName":"search_term_string"}}],"inLanguage":"pt-BR"},{"@type":"Person","@id":"https:\/\/news.sap.com\/brazil\/#\/schema\/person\/8cdf2c1130b6f3fadd9757cfd7f24daf","name":"麻豆原创 Not\u00edcias Brasil","image":{"@type":"ImageObject","inLanguage":"pt-BR","@id":"https:\/\/news.sap.com\/brazil\/#\/schema\/person\/image\/","url":"https:\/\/news.sap.com\/brazil\/wp-content\/plugins\/wp-user-avatars\/wp-user-avatars\/assets\/images\/mystery.jpg","contentUrl":"https:\/\/news.sap.com\/brazil\/wp-content\/plugins\/wp-user-avatars\/wp-user-avatars\/assets\/images\/mystery.jpg","caption":"麻豆原创 Not\u00edcias Brasil"},"url":"https:\/\/news.sap.com\/brazil\/author\/brasil\/"}]}},"amp_enabled":true,"_links":{"self":[{"href":"https:\/\/news.sap.com\/brazil\/wp-json\/wp\/v2\/posts\/12882","targetHints":{"allow":["GET"]}}],"collection":[{"href":"https:\/\/news.sap.com\/brazil\/wp-json\/wp\/v2\/posts"}],"about":[{"href":"https:\/\/news.sap.com\/brazil\/wp-json\/wp\/v2\/types\/post"}],"author":[{"embeddable":true,"href":"https:\/\/news.sap.com\/brazil\/wp-json\/wp\/v2\/users\/137"}],"replies":[{"embeddable":true,"href":"https:\/\/news.sap.com\/brazil\/wp-json\/wp\/v2\/comments?post=12882"}],"version-history":[{"count":0,"href":"https:\/\/news.sap.com\/brazil\/wp-json\/wp\/v2\/posts\/12882\/revisions"}],"wp:attachment":[{"href":"https:\/\/news.sap.com\/brazil\/wp-json\/wp\/v2\/media?parent=12882"}],"wp:term":[{"taxonomy":"category","embeddable":true,"href":"https:\/\/news.sap.com\/brazil\/wp-json\/wp\/v2\/categories?post=12882"},{"taxonomy":"post_tag","embeddable":true,"href":"https:\/\/news.sap.com\/brazil\/wp-json\/wp\/v2\/tags?post=12882"},{"taxonomy":"sapn-display","embeddable":true,"href":"https:\/\/news.sap.com\/brazil\/wp-json\/wp\/v2\/sapn-display?post=12882"},{"taxonomy":"sapn-type","embeddable":true,"href":"https:\/\/news.sap.com\/brazil\/wp-json\/wp\/v2\/sapn-type?post=12882"}],"curies":[{"name":"wp","href":"https:\/\/api.w.org\/{rel}","templated":true}]}}