  {"id":12870,"date":"2021-03-23T09:00:55","date_gmt":"2021-03-23T12:00:55","guid":{"rendered":"https:\/\/news.sap.com\/brazil\/?p=12870"},"modified":"2023-10-19T13:13:25","modified_gmt":"2023-10-19T16:13:25","slug":"o-futuro-do-trabalho-sera-acessivel-distribuido-e-diverso-bl0g","status":"publish","type":"post","link":"https:\/\/news.sap.com\/brazil\/2021\/03\/o-futuro-do-trabalho-sera-acessivel-distribuido-e-diverso-bl0g\/","title":{"rendered":"O futuro do trabalho ser\u00e1 acess\u00edvel, distribu\u00eddo e diverso"},"content":{"rendered":"<p>Por: 麻豆原创 Brasil<\/p>\n<p>Falamos muito sobre o <a href=\"https:\/\/news.sap.com\/brazil\/2018\/10\/o-poder-do-proposito-no-futuro-do-trabalho\/?url_id=text-blogentry-innovationBlogBR-2021_blog-original-post-otherpost\" target=\"_blank\" rel=\"noopener noreferrer\">futuro do trabalho<\/a> e tend\u00eancias que acredit\u00e1vamos que fossem acontecer em um prazo distante, como a ado\u00e7\u00e3o ao home office e a digitaliza\u00e7\u00e3o de processos. Mas a <a href=\"https:\/\/news.sap.com\/brazil\/2020\/07\/novas-prioridades-do-setor-de-recursos-humanos-na-retomada-do-trabalho-bl0g\/?url_id=text-blogentry-innovationBlogBR-2021_blog-original-post-otherpost\" target=\"_blank\" rel=\"noopener noreferrer\">pandemia mostrou que essas demandas poderiam acontecer<\/a> antes do que imagin\u00e1vamos e, apesar de terem sido implementadas em car\u00e1ter de urg\u00eancia em muitas empresas, foram bem recebidas e at\u00e9 adotadas como padr\u00e3o dentro de diversas organiza\u00e7\u00f5es. Por\u00e9m ainda existe um futuro a ser explorado quando a pandemia acabar e conforme voltamos a circular em locais de conv\u00edvio coletivo.<\/p>\n<p><strong>Rotina de trabalho alternada<\/strong><\/p>\n<p>No Brasil, o n\u00famero de pessoas trabalhando remotamente totalizou 7,3 milh\u00f5es, em novembro de 2020. Uma redu\u00e7\u00e3o de 260 mil pessoas em rela\u00e7\u00e3o ao m\u00eas de outubro, de acordo com estudo realizado pelo Instituto de Pesquisa Econ\u00f4mica Aplicada (Ipea), <a href=\"https:\/\/agenciabrasil.ebc.com.br\/economia\/noticia\/2021-02\/numero-de-trabalhadores-em-home-office-diminuiu-em-novembro-de-2020\" target=\"_blank\" rel=\"noopener noreferrer\">divulgado<\/a> no in\u00edcio de fevereiro pela Ag\u00eancia Brasil.<\/p>\n<p>Apesar da adapta\u00e7\u00e3o ao home office, muitas pessoas j\u00e1 querem voltar ao escrit\u00f3rio pois sentem falta das intera\u00e7\u00f5es sociais e sentem a necessidade de se concentrar mais no trabalho. De acordo com uma<a href=\"https:\/\/www.steelcase.com\/research\/articles\/work-better\/?utm_source=forbes&amp;utm_medium=tb-article&amp;utm_campaign=work-better&amp;utm_term=work-better-article\" target=\"_blank\" rel=\"noopener noreferrer\"> pesquisa<\/a> da Steelcase com mais de 32 mil pessoas em 10 pa\u00edses, 54% dos entrevistados deseja voltar ao trabalho no escrit\u00f3rio, mas n\u00e3o de maneira integral.<\/p>\n<p>A expectativa \u00e9 que as empresas atuem de maneira mais flex\u00edvel, com uma rotina alternada entre parte da semana no escrit\u00f3rio e parte da semana de trabalho remoto. Estabelecer uma rela\u00e7\u00e3o de confian\u00e7a com os colaboradores e negociar uma escala de trabalho h\u00edbrida pode fortalecer o engajamento dos profissionais.<\/p>\n<p><strong>Conectar e envolver colaboradores<\/strong><\/p>\n<p>Para uma rotina de trabalho flex\u00edvel, as empresas precisam oferecer ferramentas que permitam que funcion\u00e1rios interajam e recebam o suporte adequado para realizar tarefas. <a href=\"https:\/\/www.sap.com\/brazil\/products\/employee-engagement.html?url_id=text-blogentry-innovationBlogBR-2021_blog-original-post-sapcom\" target=\"_blank\" rel=\"noopener noreferrer\">Investir<\/a> em pesquisas e coletar informa\u00e7\u00f5es sobre a satisfa\u00e7\u00e3o dos colaboradores pode ajudar a melhorar a experi\u00eancia deles e gerar engajamento.<\/p>\n<p><a href=\"https:\/\/news.sap.com\/brazil\/2020\/07\/a-tecnologia-pode-ser-uma-grande-aliada-na-busca-por-maior-inclusao-e-diversidade-bl0g\/?url_id=text-blogentry-innovationBlogBR-2021_blog-original-post-otherpost\" target=\"_blank\" rel=\"noopener noreferrer\"><strong>Diversidade<\/strong><\/a><strong> e acesso<\/strong><\/p>\n<p>\u00c9 fundamental que as empresas se mostrem abertas e dispon\u00edveis para investir em novas ideias e receber equipes diversas em origem, g\u00eanero e ra\u00e7a. Desta maneira, ela pode contribuir com a redu\u00e7\u00e3o das desigualdades no mercado de trabalho e ainda se beneficia com a chegada de profissionais com bagagens diferentes que podem apresentar ideias inovadoras e repletas de refer\u00eancias.<\/p>\n<p><strong>Sa\u00fade mental e seguran\u00e7a s\u00e3o fundamentais<\/strong><\/p>\n<p>As pessoas n\u00e3o v\u00e3o querer voltar para o ambiente de trabalho se n\u00e3o sentirem que \u00e9 seguro. Diante dos riscos, elas precisam saber que as organiza\u00e7\u00f5es est\u00e3o preocupadas com sua sa\u00fade e bem-estar, criando espa\u00e7os de distanciamento, aderindo \u00e0 protocolos de limpeza e higieniza\u00e7\u00e3o rigorosos.<\/p>\n<p>As pessoas ainda est\u00e3o vivendo um cen\u00e1rio de inseguran\u00e7a por conta da Covid-19, e o estresse causado por essas situa\u00e7\u00f5es pode atrapalhar seu desempenho. Para contribuir com o bem-estar de seus funcion\u00e1rios, empresas podem <a href=\"https:\/\/news.sap.com\/brazil\/2020\/05\/mental-health-matters-campanha-da-sap-focada-na-saude-mental-e-bem-estar-dos-colaboradores-bl0g\/?url_id=text-blogentry-innovationBlogBR-2021_blog-original-post-otherpost\" target=\"_blank\" rel=\"noopener noreferrer\">oferecer seguran\u00e7a emocional<\/a> e apoio psicol\u00f3gico para que a equipe se sinta confort\u00e1vel em voltar ao escrit\u00f3rio.<\/p>\n<p>Saiba como a sua empresa pode ficar por dentro do futuro do trabalho atrav\u00e9s da coleta de dados valiosos em nosso <a href=\"https:\/\/www.sap.com\/brazil\/products\/human-resources-hcm\/employee-experience-management.html?url_id=text-blogentry-innovationBlogBR-2021_blog-original-post-sapcom\" target=\"_blank\" rel=\"noopener noreferrer\">site<\/a>.<\/p>\n<p>Acompanhe mais novidades nos canais de comunica\u00e7\u00e3o da 麻豆原创:\u00a0 <a href=\"https:\/\/www.facebook.com\/sapbrasil\/\" target=\"_blank\" rel=\"noopener noreferrer\">Facebook\u00a0<\/a>\/\u00a0<a href=\"https:\/\/twitter.com\/麻豆原创Brasil\" target=\"_blank\" rel=\"noopener noreferrer\">Twitter\u00a0<\/a>\/\u00a0<a href=\"https:\/\/www.linkedin.com\/company\/1115\/\" target=\"_blank\" rel=\"noopener noreferrer\">LinkedIn\u00a0<\/a>\/\u00a0<a href=\"https:\/\/www.instagram.com\/sap_brasil\/\" target=\"_blank\" rel=\"noopener noreferrer\">Instagram<\/a> \/ <a href=\"https:\/\/widget.msgp.pl\/?id=66415e417325f13e20.82207836\" target=\"_blank\" rel=\"noopener noreferrer\">WhatsApp<\/a> \/ <a href=\"https:\/\/www.youtube.com\/user\/sapbrasil\" target=\"_blank\" rel=\"noopener noreferrer\">Youtube<\/a><\/p>\n<p>\u00a9 2021 麻豆原创 SE. All rights reserved. 麻豆原创 and other 麻豆原创 products and services mentioned herein as well as their respective logos are trademarks or registered trademarks of 麻豆原创 SE in Germany and other countries. Please see <a href=\"http:\/\/www.sap.com\/corporate-en\/legal\/copyright\/index.epx#trademark\" target=\"_blank\" rel=\"noopener noreferrer\">http:\/\/www.sap.com\/corporate-en\/legal\/copyright\/index.epx#trademark<\/a> for additional trademark information and notices.<\/p>\n","protected":false},"excerpt":{"rendered":"<p>Por: 麻豆原创 Brasil Falamos muito sobre o futuro do trabalho e tend\u00eancias que acredit\u00e1vamos que fossem acontecer em um prazo distante, como a ado\u00e7\u00e3o ao&#8230;<\/p>\n","protected":false},"author":561,"featured_media":12871,"comment_status":"closed","ping_status":"closed","sticky":false,"template":"","format":"standard","meta":{"footnotes":"","_links_to":"","_links_to_target":""},"categories":[48444],"tags":[114701,60943,20464],"sapn-display":[5599933,5599931,48431,48433],"sapn-type":[6114],"class_list":["post-12870","post","type-post","status-publish","format-standard","has-post-thumbnail","hentry","category-recursos-humanos-topicos","tag-diversidade","tag-futuro-do-trabalho","tag-recursos-humanos","sapn-display-feature-hero","sapn-display-feature-spotlight","sapn-display-homepage-hero","sapn-display-hero","sapn-type-artigo"],"yoast_head":"<!-- This site is optimized with the Yoast SEO Premium plugin v26.9 (Yoast SEO v26.9) - https:\/\/yoast.com\/product\/yoast-seo-premium-wordpress\/ -->\n<title>O futuro do trabalho ser\u00e1 acess\u00edvel, distribu\u00eddo e diverso<\/title>\n<meta name=\"description\" content=\"Existe um futuro a ser explorado quando a pandemia acabar e conforme voltamos a circular em locais de conv\u00edvio coletivo.\" \/>\n<meta name=\"robots\" content=\"index, follow, max-snippet:-1, max-image-preview:large, max-video-preview:-1\" \/>\n<link rel=\"canonical\" href=\"https:\/\/news.sap.com\/brazil\/2021\/03\/o-futuro-do-trabalho-sera-acessivel-distribuido-e-diverso-bl0g\/\" \/>\n<meta property=\"og:locale\" content=\"pt_BR\" \/>\n<meta property=\"og:type\" content=\"article\" \/>\n<meta property=\"og:title\" content=\"O futuro do trabalho ser\u00e1 acess\u00edvel, distribu\u00eddo e diverso\" \/>\n<meta property=\"og:description\" content=\"Existe um futuro a ser explorado quando a pandemia acabar e conforme voltamos a circular em locais de conv\u00edvio coletivo.\" \/>\n<meta property=\"og:url\" content=\"https:\/\/news.sap.com\/brazil\/2021\/03\/o-futuro-do-trabalho-sera-acessivel-distribuido-e-diverso-bl0g\/\" \/>\n<meta property=\"og:site_name\" content=\"Sala de Imprensa 麻豆原创 Brasil\" \/>\n<meta property=\"article:published_time\" content=\"2021-03-23T12:00:55+00:00\" \/>\n<meta property=\"article:modified_time\" content=\"2023-10-19T16:13:25+00:00\" \/>\n<meta property=\"og:image\" content=\"https:\/\/news.sap.com\/brazil\/files\/2021\/03\/01\/fb-3.jpg\" \/>\n\t<meta property=\"og:image:width\" content=\"565\" \/>\n\t<meta property=\"og:image:height\" content=\"292\" \/>\n\t<meta property=\"og:image:type\" content=\"image\/jpeg\" \/>\n<meta name=\"author\" content=\"麻豆原创 Brasil\" \/>\n<meta name=\"twitter:card\" content=\"summary_large_image\" \/>\n<meta name=\"twitter:title\" content=\"O futuro do trabalho ser\u00e1 acess\u00edvel, distribu\u00eddo e diverso\" \/>\n<meta name=\"twitter:creator\" content=\"@麻豆原创Brasil\" \/>\n<meta name=\"twitter:site\" content=\"@麻豆原创Brasil\" \/>\n<meta name=\"twitter:label1\" content=\"Escrito por\" \/>\n\t<meta name=\"twitter:data1\" content=\"麻豆原创 Brasil\" \/>\n\t<meta name=\"twitter:label2\" content=\"Est. tempo de leitura\" \/>\n\t<meta name=\"twitter:data2\" content=\"3 minutos\" \/>\n<script type=\"application\/ld+json\" class=\"yoast-schema-graph\">{\"@context\":\"https:\/\/schema.org\",\"@graph\":[{\"@type\":\"Article\",\"@id\":\"https:\/\/news.sap.com\/brazil\/2021\/03\/o-futuro-do-trabalho-sera-acessivel-distribuido-e-diverso-bl0g\/#article\",\"isPartOf\":{\"@id\":\"https:\/\/news.sap.com\/brazil\/2021\/03\/o-futuro-do-trabalho-sera-acessivel-distribuido-e-diverso-bl0g\/\"},\"author\":{\"name\":\"麻豆原创 Brasil\",\"@id\":\"https:\/\/news.sap.com\/brazil\/#\/schema\/person\/1cfc5d6de5ffdc23f1f3b1670a90ae3c\"},\"headline\":\"O futuro do trabalho ser\u00e1 acess\u00edvel, distribu\u00eddo e diverso\",\"datePublished\":\"2021-03-23T12:00:55+00:00\",\"dateModified\":\"2023-10-19T16:13:25+00:00\",\"mainEntityOfPage\":{\"@id\":\"https:\/\/news.sap.com\/brazil\/2021\/03\/o-futuro-do-trabalho-sera-acessivel-distribuido-e-diverso-bl0g\/\"},\"wordCount\":615,\"image\":{\"@id\":\"https:\/\/news.sap.com\/brazil\/2021\/03\/o-futuro-do-trabalho-sera-acessivel-distribuido-e-diverso-bl0g\/#primaryimage\"},\"thumbnailUrl\":\"https:\/\/news.sap.com\/brazil\/files\/2021\/03\/01\/dest-2.jpg\",\"keywords\":[\"Diversidade\",\"futuro do trabalho\",\"recursos humanos\"],\"articleSection\":[\"Gest\u00e3o do capital humano\"],\"inLanguage\":\"pt-BR\"},{\"@type\":\"WebPage\",\"@id\":\"https:\/\/news.sap.com\/brazil\/2021\/03\/o-futuro-do-trabalho-sera-acessivel-distribuido-e-diverso-bl0g\/\",\"url\":\"https:\/\/news.sap.com\/brazil\/2021\/03\/o-futuro-do-trabalho-sera-acessivel-distribuido-e-diverso-bl0g\/\",\"name\":\"O futuro do trabalho ser\u00e1 acess\u00edvel, distribu\u00eddo e diverso\",\"isPartOf\":{\"@id\":\"https:\/\/news.sap.com\/brazil\/#website\"},\"primaryImageOfPage\":{\"@id\":\"https:\/\/news.sap.com\/brazil\/2021\/03\/o-futuro-do-trabalho-sera-acessivel-distribuido-e-diverso-bl0g\/#primaryimage\"},\"image\":{\"@id\":\"https:\/\/news.sap.com\/brazil\/2021\/03\/o-futuro-do-trabalho-sera-acessivel-distribuido-e-diverso-bl0g\/#primaryimage\"},\"thumbnailUrl\":\"https:\/\/news.sap.com\/brazil\/files\/2021\/03\/01\/dest-2.jpg\",\"datePublished\":\"2021-03-23T12:00:55+00:00\",\"dateModified\":\"2023-10-19T16:13:25+00:00\",\"author\":{\"@id\":\"https:\/\/news.sap.com\/brazil\/#\/schema\/person\/1cfc5d6de5ffdc23f1f3b1670a90ae3c\"},\"description\":\"Existe um futuro a ser explorado quando a pandemia acabar e conforme voltamos a circular em locais de conv\u00edvio coletivo.\",\"breadcrumb\":{\"@id\":\"https:\/\/news.sap.com\/brazil\/2021\/03\/o-futuro-do-trabalho-sera-acessivel-distribuido-e-diverso-bl0g\/#breadcrumb\"},\"inLanguage\":\"pt-BR\",\"potentialAction\":[{\"@type\":\"ReadAction\",\"target\":[\"https:\/\/news.sap.com\/brazil\/2021\/03\/o-futuro-do-trabalho-sera-acessivel-distribuido-e-diverso-bl0g\/\"]}]},{\"@type\":\"ImageObject\",\"inLanguage\":\"pt-BR\",\"@id\":\"https:\/\/news.sap.com\/brazil\/2021\/03\/o-futuro-do-trabalho-sera-acessivel-distribuido-e-diverso-bl0g\/#primaryimage\",\"url\":\"https:\/\/news.sap.com\/brazil\/files\/2021\/03\/01\/dest-2.jpg\",\"contentUrl\":\"https:\/\/news.sap.com\/brazil\/files\/2021\/03\/01\/dest-2.jpg\",\"width\":1400,\"height\":600},{\"@type\":\"BreadcrumbList\",\"@id\":\"https:\/\/news.sap.com\/brazil\/2021\/03\/o-futuro-do-trabalho-sera-acessivel-distribuido-e-diverso-bl0g\/#breadcrumb\",\"itemListElement\":[{\"@type\":\"ListItem\",\"position\":1,\"name\":\"Home\",\"item\":\"https:\/\/news.sap.com\/brazil\/\"},{\"@type\":\"ListItem\",\"position\":2,\"name\":\"O futuro do trabalho ser\u00e1 acess\u00edvel, distribu\u00eddo e diverso\"}]},{\"@type\":\"WebSite\",\"@id\":\"https:\/\/news.sap.com\/brazil\/#website\",\"url\":\"https:\/\/news.sap.com\/brazil\/\",\"name\":\"Sala de Imprensa 麻豆原创 Brasil\",\"description\":\"Not\u00edcias e informa\u00e7\u00f5es sobre a 麻豆原创\",\"potentialAction\":[{\"@type\":\"SearchAction\",\"target\":{\"@type\":\"EntryPoint\",\"urlTemplate\":\"https:\/\/news.sap.com\/brazil\/?s={search_term_string}\"},\"query-input\":{\"@type\":\"PropertyValueSpecification\",\"valueRequired\":true,\"valueName\":\"search_term_string\"}}],\"inLanguage\":\"pt-BR\"},{\"@type\":\"Person\",\"@id\":\"https:\/\/news.sap.com\/brazil\/#\/schema\/person\/1cfc5d6de5ffdc23f1f3b1670a90ae3c\",\"name\":\"麻豆原创 Brasil\",\"image\":{\"@type\":\"ImageObject\",\"inLanguage\":\"pt-BR\",\"@id\":\"https:\/\/news.sap.com\/brazil\/#\/schema\/person\/image\/\",\"url\":\"https:\/\/news.sap.com\/brazil\/wp-content\/plugins\/wp-user-avatars\/wp-user-avatars\/assets\/images\/mystery.jpg\",\"contentUrl\":\"https:\/\/news.sap.com\/brazil\/wp-content\/plugins\/wp-user-avatars\/wp-user-avatars\/assets\/images\/mystery.jpg\",\"caption\":\"麻豆原创 Brasil\"},\"url\":\"https:\/\/news.sap.com\/brazil\/author\/raquelcasciato\/\"}]}<\/script>\n<!-- \/ Yoast SEO Premium plugin. -->","yoast_head_json":{"title":"O futuro do trabalho ser\u00e1 acess\u00edvel, distribu\u00eddo e diverso","description":"Existe um futuro a ser explorado quando a pandemia acabar e conforme voltamos a circular em locais de conv\u00edvio coletivo.","robots":{"index":"index","follow":"follow","max-snippet":"max-snippet:-1","max-image-preview":"max-image-preview:large","max-video-preview":"max-video-preview:-1"},"canonical":"https:\/\/news.sap.com\/brazil\/2021\/03\/o-futuro-do-trabalho-sera-acessivel-distribuido-e-diverso-bl0g\/","og_locale":"pt_BR","og_type":"article","og_title":"O futuro do trabalho ser\u00e1 acess\u00edvel, distribu\u00eddo e diverso","og_description":"Existe um futuro a ser explorado quando a pandemia acabar e conforme voltamos a circular em locais de conv\u00edvio coletivo.","og_url":"https:\/\/news.sap.com\/brazil\/2021\/03\/o-futuro-do-trabalho-sera-acessivel-distribuido-e-diverso-bl0g\/","og_site_name":"Sala de Imprensa 麻豆原创 Brasil","article_published_time":"2021-03-23T12:00:55+00:00","article_modified_time":"2023-10-19T16:13:25+00:00","og_image":[{"width":565,"height":292,"url":"https:\/\/news.sap.com\/brazil\/files\/2021\/03\/01\/fb-3.jpg","type":"image\/jpeg"}],"author":"麻豆原创 Brasil","twitter_card":"summary_large_image","twitter_title":"O futuro do trabalho ser\u00e1 acess\u00edvel, distribu\u00eddo e diverso","twitter_creator":"@麻豆原创Brasil","twitter_site":"@麻豆原创Brasil","twitter_misc":{"Escrito por":"麻豆原创 Brasil","Est. tempo de leitura":"3 minutos"},"schema":{"@context":"https:\/\/schema.org","@graph":[{"@type":"Article","@id":"https:\/\/news.sap.com\/brazil\/2021\/03\/o-futuro-do-trabalho-sera-acessivel-distribuido-e-diverso-bl0g\/#article","isPartOf":{"@id":"https:\/\/news.sap.com\/brazil\/2021\/03\/o-futuro-do-trabalho-sera-acessivel-distribuido-e-diverso-bl0g\/"},"author":{"name":"麻豆原创 Brasil","@id":"https:\/\/news.sap.com\/brazil\/#\/schema\/person\/1cfc5d6de5ffdc23f1f3b1670a90ae3c"},"headline":"O futuro do trabalho ser\u00e1 acess\u00edvel, distribu\u00eddo e diverso","datePublished":"2021-03-23T12:00:55+00:00","dateModified":"2023-10-19T16:13:25+00:00","mainEntityOfPage":{"@id":"https:\/\/news.sap.com\/brazil\/2021\/03\/o-futuro-do-trabalho-sera-acessivel-distribuido-e-diverso-bl0g\/"},"wordCount":615,"image":{"@id":"https:\/\/news.sap.com\/brazil\/2021\/03\/o-futuro-do-trabalho-sera-acessivel-distribuido-e-diverso-bl0g\/#primaryimage"},"thumbnailUrl":"https:\/\/news.sap.com\/brazil\/files\/2021\/03\/01\/dest-2.jpg","keywords":["Diversidade","futuro do trabalho","recursos humanos"],"articleSection":["Gest\u00e3o do capital humano"],"inLanguage":"pt-BR"},{"@type":"WebPage","@id":"https:\/\/news.sap.com\/brazil\/2021\/03\/o-futuro-do-trabalho-sera-acessivel-distribuido-e-diverso-bl0g\/","url":"https:\/\/news.sap.com\/brazil\/2021\/03\/o-futuro-do-trabalho-sera-acessivel-distribuido-e-diverso-bl0g\/","name":"O futuro do trabalho ser\u00e1 acess\u00edvel, distribu\u00eddo e diverso","isPartOf":{"@id":"https:\/\/news.sap.com\/brazil\/#website"},"primaryImageOfPage":{"@id":"https:\/\/news.sap.com\/brazil\/2021\/03\/o-futuro-do-trabalho-sera-acessivel-distribuido-e-diverso-bl0g\/#primaryimage"},"image":{"@id":"https:\/\/news.sap.com\/brazil\/2021\/03\/o-futuro-do-trabalho-sera-acessivel-distribuido-e-diverso-bl0g\/#primaryimage"},"thumbnailUrl":"https:\/\/news.sap.com\/brazil\/files\/2021\/03\/01\/dest-2.jpg","datePublished":"2021-03-23T12:00:55+00:00","dateModified":"2023-10-19T16:13:25+00:00","author":{"@id":"https:\/\/news.sap.com\/brazil\/#\/schema\/person\/1cfc5d6de5ffdc23f1f3b1670a90ae3c"},"description":"Existe um futuro a ser explorado quando a pandemia acabar e conforme voltamos a circular em locais de conv\u00edvio coletivo.","breadcrumb":{"@id":"https:\/\/news.sap.com\/brazil\/2021\/03\/o-futuro-do-trabalho-sera-acessivel-distribuido-e-diverso-bl0g\/#breadcrumb"},"inLanguage":"pt-BR","potentialAction":[{"@type":"ReadAction","target":["https:\/\/news.sap.com\/brazil\/2021\/03\/o-futuro-do-trabalho-sera-acessivel-distribuido-e-diverso-bl0g\/"]}]},{"@type":"ImageObject","inLanguage":"pt-BR","@id":"https:\/\/news.sap.com\/brazil\/2021\/03\/o-futuro-do-trabalho-sera-acessivel-distribuido-e-diverso-bl0g\/#primaryimage","url":"https:\/\/news.sap.com\/brazil\/files\/2021\/03\/01\/dest-2.jpg","contentUrl":"https:\/\/news.sap.com\/brazil\/files\/2021\/03\/01\/dest-2.jpg","width":1400,"height":600},{"@type":"BreadcrumbList","@id":"https:\/\/news.sap.com\/brazil\/2021\/03\/o-futuro-do-trabalho-sera-acessivel-distribuido-e-diverso-bl0g\/#breadcrumb","itemListElement":[{"@type":"ListItem","position":1,"name":"Home","item":"https:\/\/news.sap.com\/brazil\/"},{"@type":"ListItem","position":2,"name":"O futuro do trabalho ser\u00e1 acess\u00edvel, distribu\u00eddo e diverso"}]},{"@type":"WebSite","@id":"https:\/\/news.sap.com\/brazil\/#website","url":"https:\/\/news.sap.com\/brazil\/","name":"Sala de Imprensa 麻豆原创 Brasil","description":"Not\u00edcias e informa\u00e7\u00f5es sobre a 麻豆原创","potentialAction":[{"@type":"SearchAction","target":{"@type":"EntryPoint","urlTemplate":"https:\/\/news.sap.com\/brazil\/?s={search_term_string}"},"query-input":{"@type":"PropertyValueSpecification","valueRequired":true,"valueName":"search_term_string"}}],"inLanguage":"pt-BR"},{"@type":"Person","@id":"https:\/\/news.sap.com\/brazil\/#\/schema\/person\/1cfc5d6de5ffdc23f1f3b1670a90ae3c","name":"麻豆原创 Brasil","image":{"@type":"ImageObject","inLanguage":"pt-BR","@id":"https:\/\/news.sap.com\/brazil\/#\/schema\/person\/image\/","url":"https:\/\/news.sap.com\/brazil\/wp-content\/plugins\/wp-user-avatars\/wp-user-avatars\/assets\/images\/mystery.jpg","contentUrl":"https:\/\/news.sap.com\/brazil\/wp-content\/plugins\/wp-user-avatars\/wp-user-avatars\/assets\/images\/mystery.jpg","caption":"麻豆原创 Brasil"},"url":"https:\/\/news.sap.com\/brazil\/author\/raquelcasciato\/"}]}},"amp_enabled":true,"_links":{"self":[{"href":"https:\/\/news.sap.com\/brazil\/wp-json\/wp\/v2\/posts\/12870","targetHints":{"allow":["GET"]}}],"collection":[{"href":"https:\/\/news.sap.com\/brazil\/wp-json\/wp\/v2\/posts"}],"about":[{"href":"https:\/\/news.sap.com\/brazil\/wp-json\/wp\/v2\/types\/post"}],"author":[{"embeddable":true,"href":"https:\/\/news.sap.com\/brazil\/wp-json\/wp\/v2\/users\/561"}],"replies":[{"embeddable":true,"href":"https:\/\/news.sap.com\/brazil\/wp-json\/wp\/v2\/comments?post=12870"}],"version-history":[{"count":0,"href":"https:\/\/news.sap.com\/brazil\/wp-json\/wp\/v2\/posts\/12870\/revisions"}],"wp:featuredmedia":[{"embeddable":true,"href":"https:\/\/news.sap.com\/brazil\/wp-json\/wp\/v2\/media\/12871"}],"wp:attachment":[{"href":"https:\/\/news.sap.com\/brazil\/wp-json\/wp\/v2\/media?parent=12870"}],"wp:term":[{"taxonomy":"category","embeddable":true,"href":"https:\/\/news.sap.com\/brazil\/wp-json\/wp\/v2\/categories?post=12870"},{"taxonomy":"post_tag","embeddable":true,"href":"https:\/\/news.sap.com\/brazil\/wp-json\/wp\/v2\/tags?post=12870"},{"taxonomy":"sapn-display","embeddable":true,"href":"https:\/\/news.sap.com\/brazil\/wp-json\/wp\/v2\/sapn-display?post=12870"},{"taxonomy":"sapn-type","embeddable":true,"href":"https:\/\/news.sap.com\/brazil\/wp-json\/wp\/v2\/sapn-type?post=12870"}],"curies":[{"name":"wp","href":"https:\/\/api.w.org\/{rel}","templated":true}]}}