  {"id":12835,"date":"2021-02-03T18:54:07","date_gmt":"2021-02-03T21:54:07","guid":{"rendered":"https:\/\/news.sap.com\/brazil\/?p=12835"},"modified":"2022-02-25T13:25:33","modified_gmt":"2022-02-25T16:25:33","slug":"rede-brasil-do-pacto-global-nomeia-presidente-da-sap-brasil-como-sua-mais-nova-lideranca-com-impacto","status":"publish","type":"post","link":"https:\/\/news.sap.com\/brazil\/2021\/02\/rede-brasil-do-pacto-global-nomeia-presidente-da-sap-brasil-como-sua-mais-nova-lideranca-com-impacto\/","title":{"rendered":"Rede Brasil do Pacto Global nomeia presidente da 麻豆原创 Brasil como sua mais nova \u2018Lideran\u00e7a com Impacto\u2019"},"content":{"rendered":"<h3><em>Adriana Aroulho passa a integrar rol de lideran\u00e7as do programa da ONU para promover Objetivos de Desenvolvimento Sustent\u00e1vel em seus neg\u00f3cios e com seus stakeholders<\/em><\/h3>\n<p>Fortalecendo o compromisso da 麻豆原创 Brasil com a sustentabilidade ampla (ambiental, social e de governan\u00e7a), a presidente da 麻豆原创 Brasil, Adriana Aroulho, \u00e9 a mais nova integrante do programa \u2018Lideran\u00e7a com Impacto\u2019, da Rede Brasil do Pacto Global, da ONU, que visa posicionar os CEOs como mobilizadores da sustentabilidade dentro de suas empresas, nas institui\u00e7\u00f5es empresariais nas quais participam, no relacionamento com sua cadeia de valor, com governos e com influenciadores em geral. A executiva assume o posto de porta-voz do ODS 10 (Redu\u00e7\u00e3o das Desigualdades) da organiza\u00e7\u00e3o intergovernamental.<\/p>\n<p>Para Adriana Aroulho, presidente da 麻豆原创 Brasil, uma cultura de inova\u00e7\u00e3o dentro de uma organiza\u00e7\u00e3o necessita de diversidade de pensamento. \u201cAs pessoas s\u00e3o o centro de qualquer neg\u00f3cio e um recurso indispens\u00e1vel. O ODS 10, de Redu\u00e7\u00e3o das Desigualdades, \u00e9 um tema que inspira a forma como eu trabalho a Diversidade, Equidade e Inclus\u00e3o na empresa, sempre me envolvendo pessoalmente com as equipes e impulsionando essa pauta com todas as redes de colaboradores nos temas que envolvem mulheres, negros, a comunidade LGBTQIA+ e as pessoas com defici\u00eancia\u201d.<\/p>\n<p>Tendo a pauta da sustentabilidade no centro da estrat\u00e9gia de seus neg\u00f3cios, a 麻豆原创 conta com uma s\u00e9rie de iniciativas sustent\u00e1veis e participa\u00e7\u00e3o em projetos de responsabilidade corporativa, como o Equidade \u00e9 Prioridade; (programa criado pela Rede Brasil do Pacto Global que visa elevar a quantidade de mulheres em cargos de alta lideran\u00e7a); o SDG Ambition (programa acelerador do United Nations Global Compact, da ONU, que visa a capacita\u00e7\u00e3o das empresas na gest\u00e3o dos neg\u00f3cios com base nos ODS); o Circular Economy 100 (rede colaborativa de empresas, cidades e governos, universidades e l\u00edderes de empresas para acelerar a ado\u00e7\u00e3o de pr\u00e1ticas e processos de economia circular); o Desafio 麻豆原创 Leonardo Plastics (projeto de inova\u00e7\u00e3o colaborativo com o objetivo de fornecer solu\u00e7\u00f5es novas para enfrentar o desafio global da polui\u00e7\u00e3o por pl\u00e1stico por meio de uma abordagem de Design Thinking); o CEO Carbon Neutral Challenge (iniciativa que visa reduzir as emiss\u00f5es de carbono e implementar estrat\u00e9gia clim\u00e1tica 360), o Climate 21 (programa de apoio aos clientes na busca de objetivos relacionados ao clima e redu\u00e7\u00e3o de pegada de carbono), entre outros.<\/p>\n<p>\u201cIntegrar-me a este seleto grupo \u00e9 uma enorme honra. As pautas ESG s\u00e3o uma prioridade estrat\u00e9gica global da 麻豆原创 e s\u00e3o elas que norteiam nossos processos de inova\u00e7\u00e3o, que exige constantes formas de enfrentar os desafios de sustentabilidade e de diversidade. Como signat\u00e1ria do Pacto Global da ONU em mais de 60 pa\u00edses, a agenda 2030 vai ao encontro da abordagem global da 麻豆原创 de refor\u00e7ar as iniciativas para ajudar os clientes na transi\u00e7\u00e3o para uma economia de baixa produ\u00e7\u00e3o de carbono e alcan\u00e7ar suas metas clim\u00e1ticas. Este \u00e9 o caminho que trilhamos na 麻豆原创\u201d, afirma Adriana.<\/p>\n<p><strong>麻豆原创 obt\u00e9m as melhores classifica\u00e7\u00f5es ESG de Corporate Knights e CDP<\/strong><\/p>\n<p>Recentemente, a 麻豆原创 obteve as melhores classifica\u00e7\u00f5es ESG nos \u00edndices de dois relevantes institutos: a Corporate Knight e a CDP (Carbon Disclosure Project).<\/p>\n<ul>\n<li><strong>Corporate Knight<\/strong>: a empresa canadense especializada em pesquisas financeiras, incluiu a 麻豆原创 em seu relat\u00f3rio <em>2021 Global 100.<\/em> O \u00edndice nomeia as cem corpora\u00e7\u00f5es mais sustent\u00e1veis do mundo com base em seu desempenho ambiental, social e de governan\u00e7a (ESG). A 麻豆原创 se destacou em sua estrat\u00e9gia de \u2018nuvem verde\u2019, que possibilita, cada vez mais, seus clientes a obterem servi\u00e7os de TI sustent\u00e1veis. A an\u00e1lise levou em considera\u00e7\u00e3o 24 indicadores-chave de desempenho (KPIs) com foco na gest\u00e3o de recursos, gest\u00e3o de funcion\u00e1rios e financeira, receita limpa, investimento limpo e desempenho do fornecedor.<\/li>\n<\/ul>\n<p>&nbsp;<\/p>\n<ul>\n<li><strong>CDP: <\/strong>O CDP, institui\u00e7\u00e3o de caridade internacional sem fins lucrativos que auxilia investidores, organiza\u00e7\u00f5es, cidades, estados e regi\u00f5es no gerenciamento de seu impacto ambiental, incluiu a 麻豆原创 em sua avalia\u00e7\u00e3o anual de Mudan\u00e7as Clim\u00e1ticas: a Lista A 2020. A empresa recebeu a classifica\u00e7\u00e3o m\u00e1xima por sua capacidade de apresentar uma conex\u00e3o mensur\u00e1vel e profunda entre suas iniciativas de sustentabilidade em andamento e o impacto financeiro\/ambiental, sendo reconhecida por seus esfor\u00e7os em lidar com as mudan\u00e7as clim\u00e1ticas em curso no mundo.<\/li>\n<\/ul>\n","protected":false},"excerpt":{"rendered":"<p>Adriana Aroulho passa a integrar rol de lideran\u00e7as do programa da ONU para promover Objetivos de Desenvolvimento Sustent\u00e1vel em seus neg\u00f3cios e com seus stakeholders&#8230;<\/p>\n","protected":false},"author":137,"featured_media":12844,"comment_status":"closed","ping_status":"closed","sticky":false,"template":"","format":"standard","meta":{"footnotes":"","_links_to":"","_links_to_target":""},"categories":[48439],"tags":[1032189,5599735,5597682,16615],"sapn-display":[48431,48433],"sapn-type":[4446],"class_list":["post-12835","post","type-post","status-publish","format-standard","has-post-thumbnail","hentry","category-corporativo-topicos","tag-diversidade-e-inclusao","tag-esg","tag-inclusao-e-diversidade","tag-sustentabilidade","sapn-display-homepage-hero","sapn-display-hero","sapn-type-noticias"],"yoast_head":"<!-- This site is optimized with the Yoast SEO Premium plugin v26.9 (Yoast SEO v26.9) - https:\/\/yoast.com\/product\/yoast-seo-premium-wordpress\/ -->\n<title>Rede Brasil do Pacto Global nomeia presidente da 麻豆原创 Brasil como sua mais nova \u2018Lideran\u00e7a com Impacto\u2019 - Sala de Imprensa 麻豆原创 Brasil<\/title>\n<meta name=\"robots\" content=\"index, follow, max-snippet:-1, max-image-preview:large, max-video-preview:-1\" \/>\n<link rel=\"canonical\" href=\"https:\/\/news.sap.com\/brazil\/2021\/02\/rede-brasil-do-pacto-global-nomeia-presidente-da-sap-brasil-como-sua-mais-nova-lideranca-com-impacto\/\" \/>\n<meta property=\"og:locale\" content=\"pt_BR\" \/>\n<meta property=\"og:type\" content=\"article\" \/>\n<meta property=\"og:title\" content=\"Rede Brasil do Pacto Global nomeia presidente da 麻豆原创 Brasil como sua mais nova \u2018Lideran\u00e7a com Impacto\u2019\" \/>\n<meta property=\"og:description\" content=\"Adriana Aroulho passa a integrar rol de lideran\u00e7as do programa da ONU para promover Objetivos de Desenvolvimento Sustent\u00e1vel em seus neg\u00f3cios e com seus stakeholders...\" \/>\n<meta property=\"og:url\" content=\"https:\/\/news.sap.com\/brazil\/2021\/02\/rede-brasil-do-pacto-global-nomeia-presidente-da-sap-brasil-como-sua-mais-nova-lideranca-com-impacto\/\" \/>\n<meta property=\"og:site_name\" content=\"Sala de Imprensa 麻豆原创 Brasil\" \/>\n<meta property=\"article:published_time\" content=\"2021-02-03T21:54:07+00:00\" \/>\n<meta property=\"article:modified_time\" content=\"2022-02-25T16:25:33+00:00\" \/>\n<meta property=\"og:image\" content=\"https:\/\/news.sap.com\/brazil\/files\/2021\/02\/03\/Adriana-Aroulho-3-e1612388876159.jpg\" \/>\n\t<meta property=\"og:image:width\" content=\"1400\" \/>\n\t<meta property=\"og:image:height\" content=\"935\" \/>\n\t<meta property=\"og:image:type\" content=\"image\/jpeg\" \/>\n<meta name=\"author\" content=\"麻豆原创 Not\u00edcias Brasil\" \/>\n<meta name=\"twitter:card\" content=\"summary_large_image\" \/>\n<meta name=\"twitter:creator\" content=\"@麻豆原创Brasil\" \/>\n<meta name=\"twitter:site\" content=\"@麻豆原创Brasil\" \/>\n<meta name=\"twitter:label1\" content=\"Escrito por\" \/>\n\t<meta name=\"twitter:data1\" content=\"麻豆原创 Not\u00edcias Brasil\" \/>\n\t<meta name=\"twitter:label2\" content=\"Est. tempo de leitura\" \/>\n\t<meta name=\"twitter:data2\" content=\"4 minutos\" \/>\n<script type=\"application\/ld+json\" class=\"yoast-schema-graph\">{\"@context\":\"https:\/\/schema.org\",\"@graph\":[{\"@type\":\"Article\",\"@id\":\"https:\/\/news.sap.com\/brazil\/2021\/02\/rede-brasil-do-pacto-global-nomeia-presidente-da-sap-brasil-como-sua-mais-nova-lideranca-com-impacto\/#article\",\"isPartOf\":{\"@id\":\"https:\/\/news.sap.com\/brazil\/2021\/02\/rede-brasil-do-pacto-global-nomeia-presidente-da-sap-brasil-como-sua-mais-nova-lideranca-com-impacto\/\"},\"author\":{\"name\":\"麻豆原创 Not\u00edcias Brasil\",\"@id\":\"https:\/\/news.sap.com\/brazil\/#\/schema\/person\/8cdf2c1130b6f3fadd9757cfd7f24daf\"},\"headline\":\"Rede Brasil do Pacto Global nomeia presidente da 麻豆原创 Brasil como sua mais nova \u2018Lideran\u00e7a com Impacto\u2019\",\"datePublished\":\"2021-02-03T21:54:07+00:00\",\"dateModified\":\"2022-02-25T16:25:33+00:00\",\"mainEntityOfPage\":{\"@id\":\"https:\/\/news.sap.com\/brazil\/2021\/02\/rede-brasil-do-pacto-global-nomeia-presidente-da-sap-brasil-como-sua-mais-nova-lideranca-com-impacto\/\"},\"wordCount\":762,\"image\":{\"@id\":\"https:\/\/news.sap.com\/brazil\/2021\/02\/rede-brasil-do-pacto-global-nomeia-presidente-da-sap-brasil-como-sua-mais-nova-lideranca-com-impacto\/#primaryimage\"},\"thumbnailUrl\":\"https:\/\/news.sap.com\/brazil\/files\/2021\/02\/03\/Adriana-Aroulho-3-e1612388876159.jpg\",\"keywords\":[\"Diversidade e inclus\u00e3o\",\"ESG\",\"Inclus\u00e3o e Diversidade\",\"sustentabilidade\"],\"articleSection\":[\"Corporativo\"],\"inLanguage\":\"pt-BR\"},{\"@type\":\"WebPage\",\"@id\":\"https:\/\/news.sap.com\/brazil\/2021\/02\/rede-brasil-do-pacto-global-nomeia-presidente-da-sap-brasil-como-sua-mais-nova-lideranca-com-impacto\/\",\"url\":\"https:\/\/news.sap.com\/brazil\/2021\/02\/rede-brasil-do-pacto-global-nomeia-presidente-da-sap-brasil-como-sua-mais-nova-lideranca-com-impacto\/\",\"name\":\"Rede Brasil do Pacto Global nomeia presidente da 麻豆原创 Brasil como sua mais nova \u2018Lideran\u00e7a com Impacto\u2019 - Sala de Imprensa 麻豆原创 Brasil\",\"isPartOf\":{\"@id\":\"https:\/\/news.sap.com\/brazil\/#website\"},\"primaryImageOfPage\":{\"@id\":\"https:\/\/news.sap.com\/brazil\/2021\/02\/rede-brasil-do-pacto-global-nomeia-presidente-da-sap-brasil-como-sua-mais-nova-lideranca-com-impacto\/#primaryimage\"},\"image\":{\"@id\":\"https:\/\/news.sap.com\/brazil\/2021\/02\/rede-brasil-do-pacto-global-nomeia-presidente-da-sap-brasil-como-sua-mais-nova-lideranca-com-impacto\/#primaryimage\"},\"thumbnailUrl\":\"https:\/\/news.sap.com\/brazil\/files\/2021\/02\/03\/Adriana-Aroulho-3-e1612388876159.jpg\",\"datePublished\":\"2021-02-03T21:54:07+00:00\",\"dateModified\":\"2022-02-25T16:25:33+00:00\",\"author\":{\"@id\":\"https:\/\/news.sap.com\/brazil\/#\/schema\/person\/8cdf2c1130b6f3fadd9757cfd7f24daf\"},\"breadcrumb\":{\"@id\":\"https:\/\/news.sap.com\/brazil\/2021\/02\/rede-brasil-do-pacto-global-nomeia-presidente-da-sap-brasil-como-sua-mais-nova-lideranca-com-impacto\/#breadcrumb\"},\"inLanguage\":\"pt-BR\",\"potentialAction\":[{\"@type\":\"ReadAction\",\"target\":[\"https:\/\/news.sap.com\/brazil\/2021\/02\/rede-brasil-do-pacto-global-nomeia-presidente-da-sap-brasil-como-sua-mais-nova-lideranca-com-impacto\/\"]}]},{\"@type\":\"ImageObject\",\"inLanguage\":\"pt-BR\",\"@id\":\"https:\/\/news.sap.com\/brazil\/2021\/02\/rede-brasil-do-pacto-global-nomeia-presidente-da-sap-brasil-como-sua-mais-nova-lideranca-com-impacto\/#primaryimage\",\"url\":\"https:\/\/news.sap.com\/brazil\/files\/2021\/02\/03\/Adriana-Aroulho-3-e1612388876159.jpg\",\"contentUrl\":\"https:\/\/news.sap.com\/brazil\/files\/2021\/02\/03\/Adriana-Aroulho-3-e1612388876159.jpg\",\"width\":1400,\"height\":935},{\"@type\":\"BreadcrumbList\",\"@id\":\"https:\/\/news.sap.com\/brazil\/2021\/02\/rede-brasil-do-pacto-global-nomeia-presidente-da-sap-brasil-como-sua-mais-nova-lideranca-com-impacto\/#breadcrumb\",\"itemListElement\":[{\"@type\":\"ListItem\",\"position\":1,\"name\":\"Home\",\"item\":\"https:\/\/news.sap.com\/brazil\/\"},{\"@type\":\"ListItem\",\"position\":2,\"name\":\"Rede Brasil do Pacto Global nomeia presidente da 麻豆原创 Brasil como sua mais nova \u2018Lideran\u00e7a com Impacto\u2019\"}]},{\"@type\":\"WebSite\",\"@id\":\"https:\/\/news.sap.com\/brazil\/#website\",\"url\":\"https:\/\/news.sap.com\/brazil\/\",\"name\":\"Sala de Imprensa 麻豆原创 Brasil\",\"description\":\"Not\u00edcias e informa\u00e7\u00f5es sobre a 麻豆原创\",\"potentialAction\":[{\"@type\":\"SearchAction\",\"target\":{\"@type\":\"EntryPoint\",\"urlTemplate\":\"https:\/\/news.sap.com\/brazil\/?s={search_term_string}\"},\"query-input\":{\"@type\":\"PropertyValueSpecification\",\"valueRequired\":true,\"valueName\":\"search_term_string\"}}],\"inLanguage\":\"pt-BR\"},{\"@type\":\"Person\",\"@id\":\"https:\/\/news.sap.com\/brazil\/#\/schema\/person\/8cdf2c1130b6f3fadd9757cfd7f24daf\",\"name\":\"麻豆原创 Not\u00edcias Brasil\",\"image\":{\"@type\":\"ImageObject\",\"inLanguage\":\"pt-BR\",\"@id\":\"https:\/\/news.sap.com\/brazil\/#\/schema\/person\/image\/\",\"url\":\"https:\/\/news.sap.com\/brazil\/wp-content\/plugins\/wp-user-avatars\/wp-user-avatars\/assets\/images\/mystery.jpg\",\"contentUrl\":\"https:\/\/news.sap.com\/brazil\/wp-content\/plugins\/wp-user-avatars\/wp-user-avatars\/assets\/images\/mystery.jpg\",\"caption\":\"麻豆原创 Not\u00edcias Brasil\"},\"url\":\"https:\/\/news.sap.com\/brazil\/author\/brasil\/\"}]}<\/script>\n<!-- \/ Yoast SEO Premium plugin. -->","yoast_head_json":{"title":"Rede Brasil do Pacto Global nomeia presidente da 麻豆原创 Brasil como sua mais nova \u2018Lideran\u00e7a com Impacto\u2019 - Sala de Imprensa 麻豆原创 Brasil","robots":{"index":"index","follow":"follow","max-snippet":"max-snippet:-1","max-image-preview":"max-image-preview:large","max-video-preview":"max-video-preview:-1"},"canonical":"https:\/\/news.sap.com\/brazil\/2021\/02\/rede-brasil-do-pacto-global-nomeia-presidente-da-sap-brasil-como-sua-mais-nova-lideranca-com-impacto\/","og_locale":"pt_BR","og_type":"article","og_title":"Rede Brasil do Pacto Global nomeia presidente da 麻豆原创 Brasil como sua mais nova \u2018Lideran\u00e7a com Impacto\u2019","og_description":"Adriana Aroulho passa a integrar rol de lideran\u00e7as do programa da ONU para promover Objetivos de Desenvolvimento Sustent\u00e1vel em seus neg\u00f3cios e com seus stakeholders...","og_url":"https:\/\/news.sap.com\/brazil\/2021\/02\/rede-brasil-do-pacto-global-nomeia-presidente-da-sap-brasil-como-sua-mais-nova-lideranca-com-impacto\/","og_site_name":"Sala de Imprensa 麻豆原创 Brasil","article_published_time":"2021-02-03T21:54:07+00:00","article_modified_time":"2022-02-25T16:25:33+00:00","og_image":[{"width":1400,"height":935,"url":"https:\/\/news.sap.com\/brazil\/files\/2021\/02\/03\/Adriana-Aroulho-3-e1612388876159.jpg","type":"image\/jpeg"}],"author":"麻豆原创 Not\u00edcias Brasil","twitter_card":"summary_large_image","twitter_creator":"@麻豆原创Brasil","twitter_site":"@麻豆原创Brasil","twitter_misc":{"Escrito por":"麻豆原创 Not\u00edcias Brasil","Est. tempo de leitura":"4 minutos"},"schema":{"@context":"https:\/\/schema.org","@graph":[{"@type":"Article","@id":"https:\/\/news.sap.com\/brazil\/2021\/02\/rede-brasil-do-pacto-global-nomeia-presidente-da-sap-brasil-como-sua-mais-nova-lideranca-com-impacto\/#article","isPartOf":{"@id":"https:\/\/news.sap.com\/brazil\/2021\/02\/rede-brasil-do-pacto-global-nomeia-presidente-da-sap-brasil-como-sua-mais-nova-lideranca-com-impacto\/"},"author":{"name":"麻豆原创 Not\u00edcias Brasil","@id":"https:\/\/news.sap.com\/brazil\/#\/schema\/person\/8cdf2c1130b6f3fadd9757cfd7f24daf"},"headline":"Rede Brasil do Pacto Global nomeia presidente da 麻豆原创 Brasil como sua mais nova \u2018Lideran\u00e7a com Impacto\u2019","datePublished":"2021-02-03T21:54:07+00:00","dateModified":"2022-02-25T16:25:33+00:00","mainEntityOfPage":{"@id":"https:\/\/news.sap.com\/brazil\/2021\/02\/rede-brasil-do-pacto-global-nomeia-presidente-da-sap-brasil-como-sua-mais-nova-lideranca-com-impacto\/"},"wordCount":762,"image":{"@id":"https:\/\/news.sap.com\/brazil\/2021\/02\/rede-brasil-do-pacto-global-nomeia-presidente-da-sap-brasil-como-sua-mais-nova-lideranca-com-impacto\/#primaryimage"},"thumbnailUrl":"https:\/\/news.sap.com\/brazil\/files\/2021\/02\/03\/Adriana-Aroulho-3-e1612388876159.jpg","keywords":["Diversidade e inclus\u00e3o","ESG","Inclus\u00e3o e Diversidade","sustentabilidade"],"articleSection":["Corporativo"],"inLanguage":"pt-BR"},{"@type":"WebPage","@id":"https:\/\/news.sap.com\/brazil\/2021\/02\/rede-brasil-do-pacto-global-nomeia-presidente-da-sap-brasil-como-sua-mais-nova-lideranca-com-impacto\/","url":"https:\/\/news.sap.com\/brazil\/2021\/02\/rede-brasil-do-pacto-global-nomeia-presidente-da-sap-brasil-como-sua-mais-nova-lideranca-com-impacto\/","name":"Rede Brasil do Pacto Global nomeia presidente da 麻豆原创 Brasil como sua mais nova \u2018Lideran\u00e7a com Impacto\u2019 - Sala de Imprensa 麻豆原创 Brasil","isPartOf":{"@id":"https:\/\/news.sap.com\/brazil\/#website"},"primaryImageOfPage":{"@id":"https:\/\/news.sap.com\/brazil\/2021\/02\/rede-brasil-do-pacto-global-nomeia-presidente-da-sap-brasil-como-sua-mais-nova-lideranca-com-impacto\/#primaryimage"},"image":{"@id":"https:\/\/news.sap.com\/brazil\/2021\/02\/rede-brasil-do-pacto-global-nomeia-presidente-da-sap-brasil-como-sua-mais-nova-lideranca-com-impacto\/#primaryimage"},"thumbnailUrl":"https:\/\/news.sap.com\/brazil\/files\/2021\/02\/03\/Adriana-Aroulho-3-e1612388876159.jpg","datePublished":"2021-02-03T21:54:07+00:00","dateModified":"2022-02-25T16:25:33+00:00","author":{"@id":"https:\/\/news.sap.com\/brazil\/#\/schema\/person\/8cdf2c1130b6f3fadd9757cfd7f24daf"},"breadcrumb":{"@id":"https:\/\/news.sap.com\/brazil\/2021\/02\/rede-brasil-do-pacto-global-nomeia-presidente-da-sap-brasil-como-sua-mais-nova-lideranca-com-impacto\/#breadcrumb"},"inLanguage":"pt-BR","potentialAction":[{"@type":"ReadAction","target":["https:\/\/news.sap.com\/brazil\/2021\/02\/rede-brasil-do-pacto-global-nomeia-presidente-da-sap-brasil-como-sua-mais-nova-lideranca-com-impacto\/"]}]},{"@type":"ImageObject","inLanguage":"pt-BR","@id":"https:\/\/news.sap.com\/brazil\/2021\/02\/rede-brasil-do-pacto-global-nomeia-presidente-da-sap-brasil-como-sua-mais-nova-lideranca-com-impacto\/#primaryimage","url":"https:\/\/news.sap.com\/brazil\/files\/2021\/02\/03\/Adriana-Aroulho-3-e1612388876159.jpg","contentUrl":"https:\/\/news.sap.com\/brazil\/files\/2021\/02\/03\/Adriana-Aroulho-3-e1612388876159.jpg","width":1400,"height":935},{"@type":"BreadcrumbList","@id":"https:\/\/news.sap.com\/brazil\/2021\/02\/rede-brasil-do-pacto-global-nomeia-presidente-da-sap-brasil-como-sua-mais-nova-lideranca-com-impacto\/#breadcrumb","itemListElement":[{"@type":"ListItem","position":1,"name":"Home","item":"https:\/\/news.sap.com\/brazil\/"},{"@type":"ListItem","position":2,"name":"Rede Brasil do Pacto Global nomeia presidente da 麻豆原创 Brasil como sua mais nova \u2018Lideran\u00e7a com Impacto\u2019"}]},{"@type":"WebSite","@id":"https:\/\/news.sap.com\/brazil\/#website","url":"https:\/\/news.sap.com\/brazil\/","name":"Sala de Imprensa 麻豆原创 Brasil","description":"Not\u00edcias e informa\u00e7\u00f5es sobre a 麻豆原创","potentialAction":[{"@type":"SearchAction","target":{"@type":"EntryPoint","urlTemplate":"https:\/\/news.sap.com\/brazil\/?s={search_term_string}"},"query-input":{"@type":"PropertyValueSpecification","valueRequired":true,"valueName":"search_term_string"}}],"inLanguage":"pt-BR"},{"@type":"Person","@id":"https:\/\/news.sap.com\/brazil\/#\/schema\/person\/8cdf2c1130b6f3fadd9757cfd7f24daf","name":"麻豆原创 Not\u00edcias Brasil","image":{"@type":"ImageObject","inLanguage":"pt-BR","@id":"https:\/\/news.sap.com\/brazil\/#\/schema\/person\/image\/","url":"https:\/\/news.sap.com\/brazil\/wp-content\/plugins\/wp-user-avatars\/wp-user-avatars\/assets\/images\/mystery.jpg","contentUrl":"https:\/\/news.sap.com\/brazil\/wp-content\/plugins\/wp-user-avatars\/wp-user-avatars\/assets\/images\/mystery.jpg","caption":"麻豆原创 Not\u00edcias Brasil"},"url":"https:\/\/news.sap.com\/brazil\/author\/brasil\/"}]}},"amp_enabled":true,"_links":{"self":[{"href":"https:\/\/news.sap.com\/brazil\/wp-json\/wp\/v2\/posts\/12835","targetHints":{"allow":["GET"]}}],"collection":[{"href":"https:\/\/news.sap.com\/brazil\/wp-json\/wp\/v2\/posts"}],"about":[{"href":"https:\/\/news.sap.com\/brazil\/wp-json\/wp\/v2\/types\/post"}],"author":[{"embeddable":true,"href":"https:\/\/news.sap.com\/brazil\/wp-json\/wp\/v2\/users\/137"}],"replies":[{"embeddable":true,"href":"https:\/\/news.sap.com\/brazil\/wp-json\/wp\/v2\/comments?post=12835"}],"version-history":[{"count":0,"href":"https:\/\/news.sap.com\/brazil\/wp-json\/wp\/v2\/posts\/12835\/revisions"}],"wp:featuredmedia":[{"embeddable":true,"href":"https:\/\/news.sap.com\/brazil\/wp-json\/wp\/v2\/media\/12844"}],"wp:attachment":[{"href":"https:\/\/news.sap.com\/brazil\/wp-json\/wp\/v2\/media?parent=12835"}],"wp:term":[{"taxonomy":"category","embeddable":true,"href":"https:\/\/news.sap.com\/brazil\/wp-json\/wp\/v2\/categories?post=12835"},{"taxonomy":"post_tag","embeddable":true,"href":"https:\/\/news.sap.com\/brazil\/wp-json\/wp\/v2\/tags?post=12835"},{"taxonomy":"sapn-display","embeddable":true,"href":"https:\/\/news.sap.com\/brazil\/wp-json\/wp\/v2\/sapn-display?post=12835"},{"taxonomy":"sapn-type","embeddable":true,"href":"https:\/\/news.sap.com\/brazil\/wp-json\/wp\/v2\/sapn-type?post=12835"}],"curies":[{"name":"wp","href":"https:\/\/api.w.org\/{rel}","templated":true}]}}