  {"id":12720,"date":"2021-01-07T09:00:24","date_gmt":"2021-01-07T12:00:24","guid":{"rendered":"https:\/\/news.sap.com\/brazil\/?p=12720"},"modified":"2023-10-19T13:24:24","modified_gmt":"2023-10-19T16:24:24","slug":"tendencias-do-agronegocio-a-partir-de-2021-bl0g","status":"publish","type":"post","link":"https:\/\/news.sap.com\/brazil\/2021\/01\/tendencias-do-agronegocio-a-partir-de-2021-bl0g\/","title":{"rendered":"Tend\u00eancias do agroneg\u00f3cio a partir de 2021"},"content":{"rendered":"<p>Por: 麻豆原创 Brasil<\/p>\n<p>No geral, a pandemia acelerou as tend\u00eancias pr\u00e9-existentes no agroneg\u00f3cio, as mudan\u00e7as que pens\u00e1vamos que levariam alguns anos est\u00e3o ocorrendo agora.<\/p>\n<p>A tecnologia chegou ao campo mais r\u00e1pido do que poder\u00edamos prever. Vamos aos fatos: <a href=\"https:\/\/www.sap.com\/brazil\/industries\/agribusiness.html?url_id=text-blogentry-innovationBlogBR-2020_blog-original-post-sapcom\" target=\"_blank\" rel=\"noopener noreferrer\">80% do mercado potencial de drones no curto prazo dever\u00e3o estar na agricultura e US$16,8 bilh\u00f5es \u00e9 o valor esperado do mercado de rob\u00f4s agr\u00edcolas at\u00e9 2020<\/a>.<\/p>\n<p>O agroneg\u00f3cio vinha passando por uma onda de transforma\u00e7\u00e3o digital, e em um cen\u00e1rio p\u00f3s pandemia, com pautas como seguran\u00e7a alimentar, mudan\u00e7as clim\u00e1ticas e gest\u00e3o de recursos naturais em foco, o setor deve viver um momento disruptivo.<\/p>\n<p>No geral, a pandemia acelerou as tend\u00eancias pr\u00e9-existentes, as mudan\u00e7as que pens\u00e1vamos que levariam alguns anos est\u00e3o ocorrendo agora. Confira as principais tend\u00eancias para o agroneg\u00f3cio a partir de 2021:<\/p>\n<p><strong>Ado\u00e7\u00e3o de novas tecnologias e digitaliza\u00e7\u00e3o em campo <\/strong><\/p>\n<p>Na busca por mais efici\u00eancia, menor custo e maior integra\u00e7\u00e3o <a href=\"https:\/\/news.sap.com\/brazil\/2020\/09\/agrotech-tecnologias-inteligentes-a-favor-do-campo-bl0g\/?url_id=text-blogentry-innovationBlogBR-2020_blog-original-post-otherpost\" target=\"_blank\" rel=\"noopener noreferrer\">o agroneg\u00f3cio est\u00e1 explorando todo o tipo de recurso tecnol\u00f3gico<\/a>. <a href=\"https:\/\/news.sap.com\/brazil\/2020\/02\/o-uso-de-drones-agricolas-oferece-resultados-positivos-para-o-setor-agricola-bl0g\/?url_id=text-blogentry-innovationBlogBR-2020_blog-original-post-otherpost\" target=\"_blank\" rel=\"noopener noreferrer\">Dos drones sobrevoando o campo para acompanhar as colheitas<\/a>, a Intelig\u00eancia Artificial aplicada na pecu\u00e1ria, m\u00e1quinas agr\u00edcolas com tecnologias de sensores e Internet das Coisas at\u00e9 o uso de tecnologia em nuvem para gerir melhor processos administrativos e a cadeira de suprimentos.<\/p>\n<p><strong>Aprimoramento da cadeia de valor<\/strong><\/p>\n<p>Os consumidores est\u00e3o mais empoderados e exigentes, as demandas sobre a origem e valor nutricional dos alimentos s\u00e3o uma realidade. Empresas do agroneg\u00f3cio devem trabalhar para mostrar transpar\u00eancia nos processos e apresentar informa\u00e7\u00f5es como: origem, rastreabilidade, qualidade e seguran\u00e7a, criando uma conex\u00e3o mais estreita entre produtor e consumidor.<\/p>\n<p><strong>Responsabilidade coletiva e consci\u00eancia sustent\u00e1vel<\/strong><\/p>\n<p>Ser uma empresa comprometida com a sustentabilidade e as boas pr\u00e1ticas ambientais deixou de ser um diferencial e passou a ser um dever. Com as mudan\u00e7as clim\u00e1ticas e as discuss\u00f5es envolvendo o papel do agroneg\u00f3cio da sa\u00fade mundial, as empresas do setor desenvolveram maior consci\u00eancia do impacto de suas decis\u00f5es. Esse novo pensamento inclui a ado\u00e7\u00e3o de diferentes iniciativas, como: tecnologia para obter resili\u00eancia clim\u00e1tica, menor produ\u00e7\u00e3o de carbono, maior efici\u00eancia h\u00eddrica e energ\u00e9tica, etc. Tudo isso, al\u00e9m do cuidado na cria\u00e7\u00e3o de um ecossistema de neg\u00f3cios sustent\u00e1vel, ou seja, a busca por parceiros de neg\u00f3cios e fornecedores com a mesma consci\u00eancia e responsabilidade.<\/p>\n<p>Quer saber mais sobre o tema? Acesse nosso conte\u00fado exclusivo e gratuito \u201c<a href=\"https:\/\/www.sap.com\/brazil\/industries\/agribusiness.html?pdf-asset=2242eae2-6a7c-0010-82c7-eda71af511fa&amp;page=1?url_id=text-blogentry-innovationBlogBR-2020_blog-original-post-sapcom\" target=\"_blank\" rel=\"noopener noreferrer\">Crie valor na rede digital de agroneg\u00f3cios<\/a>\u201d.<\/p>\n<p>Acompanhe mais novidades nos canais de comunica\u00e7\u00e3o da 麻豆原创:\u00a0 <a href=\"https:\/\/www.facebook.com\/sapbrasil\/\" target=\"_blank\" rel=\"noopener noreferrer\">Facebook\u00a0<\/a>\/\u00a0<a href=\"https:\/\/twitter.com\/麻豆原创Brasil\" target=\"_blank\" rel=\"noopener noreferrer\">Twitter\u00a0<\/a>\/\u00a0<a href=\"https:\/\/www.linkedin.com\/company\/1115\/\" target=\"_blank\" rel=\"noopener noreferrer\">LinkedIn\u00a0<\/a>\/\u00a0<a href=\"https:\/\/www.instagram.com\/sap_brasil\/\" target=\"_blank\" rel=\"noopener noreferrer\">Instagram<\/a> \/ <a href=\"https:\/\/widget.msgp.pl\/?id=66415e417325f13e20.82207836\" target=\"_blank\" rel=\"noopener noreferrer\">WhatsApp<\/a> \/ <a href=\"https:\/\/www.youtube.com\/user\/sapbrasil\" target=\"_blank\" rel=\"noopener noreferrer\">Youtube<\/a><\/p>\n<p>\u00a9 2021 麻豆原创 SE. All rights reserved. 麻豆原创 and other 麻豆原创 products and services mentioned herein as well as their respective logos are trademarks or registered trademarks of 麻豆原创 SE in Germany and other countries. Please see <a href=\"http:\/\/www.sap.com\/corporate-en\/legal\/copyright\/index.epx#trademark\" target=\"_blank\" rel=\"noopener noreferrer\">http:\/\/www.sap.com\/corporate-en\/legal\/copyright\/index.epx#trademark<\/a> for additional trademark information and notices.<\/p>\n","protected":false},"excerpt":{"rendered":"<p>Por: 麻豆原创 Brasil No geral, a pandemia acelerou as tend\u00eancias pr\u00e9-existentes no agroneg\u00f3cio, as mudan\u00e7as que pens\u00e1vamos que levariam alguns anos est\u00e3o ocorrendo agora. A&#8230;<\/p>\n","protected":false},"author":561,"featured_media":12721,"comment_status":"closed","ping_status":"closed","sticky":false,"template":"","format":"standard","meta":{"footnotes":"","_links_to":"","_links_to_target":""},"categories":[52091],"tags":[5543324,5599722,16615],"sapn-display":[5599933,5599931,48431,48433],"sapn-type":[6114],"class_list":["post-12720","post","type-post","status-publish","format-standard","has-post-thumbnail","hentry","category-industrias","tag-agronegocio","tag-campo","tag-sustentabilidade","sapn-display-feature-hero","sapn-display-feature-spotlight","sapn-display-homepage-hero","sapn-display-hero","sapn-type-artigo"],"yoast_head":"<!-- This site is optimized with the Yoast SEO Premium plugin v26.9 (Yoast SEO v26.9) - https:\/\/yoast.com\/product\/yoast-seo-premium-wordpress\/ -->\n<title>Tend\u00eancias do agroneg\u00f3cio a partir de 2021 - Sala de Imprensa 麻豆原创 Brasil<\/title>\n<meta name=\"description\" content=\"A pandemia acelerou as tend\u00eancias pr\u00e9-existentes no agroneg\u00f3cio, as mudan\u00e7as que pens\u00e1vamos que levariam alguns anos est\u00e3o ocorrendo agora.\" \/>\n<meta name=\"robots\" content=\"index, follow, max-snippet:-1, max-image-preview:large, max-video-preview:-1\" \/>\n<link rel=\"canonical\" href=\"https:\/\/news.sap.com\/brazil\/2021\/01\/tendencias-do-agronegocio-a-partir-de-2021-bl0g\/\" \/>\n<meta property=\"og:locale\" content=\"pt_BR\" \/>\n<meta property=\"og:type\" content=\"article\" \/>\n<meta property=\"og:title\" content=\"Tend\u00eancias do agroneg\u00f3cio a partir de 2021\" \/>\n<meta property=\"og:description\" content=\"No geral, a pandemia acelerou as tend\u00eancias pr\u00e9-existentes no agroneg\u00f3cio, as mudan\u00e7as que pens\u00e1vamos que levariam alguns anos est\u00e3o ocorrendo agora.\" \/>\n<meta property=\"og:url\" content=\"https:\/\/news.sap.com\/brazil\/2021\/01\/tendencias-do-agronegocio-a-partir-de-2021-bl0g\/\" \/>\n<meta property=\"og:site_name\" content=\"Sala de Imprensa 麻豆原创 Brasil\" \/>\n<meta property=\"article:published_time\" content=\"2021-01-07T12:00:24+00:00\" \/>\n<meta property=\"article:modified_time\" content=\"2023-10-19T16:24:24+00:00\" \/>\n<meta property=\"og:image\" content=\"https:\/\/news.sap.com\/brazil\/files\/2020\/12\/09\/fb-1.jpg\" \/>\n\t<meta property=\"og:image:width\" content=\"565\" \/>\n\t<meta property=\"og:image:height\" content=\"292\" \/>\n\t<meta property=\"og:image:type\" content=\"image\/jpeg\" \/>\n<meta name=\"author\" content=\"麻豆原创 Brasil\" \/>\n<meta name=\"twitter:card\" content=\"summary_large_image\" \/>\n<meta name=\"twitter:title\" content=\"Tend\u00eancias do agroneg\u00f3cio a partir de 2021\" \/>\n<meta name=\"twitter:creator\" content=\"@麻豆原创Brasil\" \/>\n<meta name=\"twitter:site\" content=\"@麻豆原创Brasil\" \/>\n<meta name=\"twitter:label1\" content=\"Escrito por\" \/>\n\t<meta name=\"twitter:data1\" content=\"麻豆原创 Brasil\" \/>\n\t<meta name=\"twitter:label2\" content=\"Est. tempo de leitura\" \/>\n\t<meta name=\"twitter:data2\" content=\"3 minutos\" \/>\n<script type=\"application\/ld+json\" class=\"yoast-schema-graph\">{\"@context\":\"https:\/\/schema.org\",\"@graph\":[{\"@type\":\"Article\",\"@id\":\"https:\/\/news.sap.com\/brazil\/2021\/01\/tendencias-do-agronegocio-a-partir-de-2021-bl0g\/#article\",\"isPartOf\":{\"@id\":\"https:\/\/news.sap.com\/brazil\/2021\/01\/tendencias-do-agronegocio-a-partir-de-2021-bl0g\/\"},\"author\":{\"name\":\"麻豆原创 Brasil\",\"@id\":\"https:\/\/news.sap.com\/brazil\/#\/schema\/person\/1cfc5d6de5ffdc23f1f3b1670a90ae3c\"},\"headline\":\"Tend\u00eancias do agroneg\u00f3cio a partir de 2021\",\"datePublished\":\"2021-01-07T12:00:24+00:00\",\"dateModified\":\"2023-10-19T16:24:24+00:00\",\"mainEntityOfPage\":{\"@id\":\"https:\/\/news.sap.com\/brazil\/2021\/01\/tendencias-do-agronegocio-a-partir-de-2021-bl0g\/\"},\"wordCount\":523,\"image\":{\"@id\":\"https:\/\/news.sap.com\/brazil\/2021\/01\/tendencias-do-agronegocio-a-partir-de-2021-bl0g\/#primaryimage\"},\"thumbnailUrl\":\"https:\/\/news.sap.com\/brazil\/files\/2020\/12\/09\/277420_277420_h_ergb_s_gl.jpg\",\"keywords\":[\"agroneg\u00f3cio\",\"Campo\",\"sustentabilidade\"],\"articleSection\":[\"Setores\"],\"inLanguage\":\"pt-BR\"},{\"@type\":\"WebPage\",\"@id\":\"https:\/\/news.sap.com\/brazil\/2021\/01\/tendencias-do-agronegocio-a-partir-de-2021-bl0g\/\",\"url\":\"https:\/\/news.sap.com\/brazil\/2021\/01\/tendencias-do-agronegocio-a-partir-de-2021-bl0g\/\",\"name\":\"Tend\u00eancias do agroneg\u00f3cio a partir de 2021 - Sala de Imprensa 麻豆原创 Brasil\",\"isPartOf\":{\"@id\":\"https:\/\/news.sap.com\/brazil\/#website\"},\"primaryImageOfPage\":{\"@id\":\"https:\/\/news.sap.com\/brazil\/2021\/01\/tendencias-do-agronegocio-a-partir-de-2021-bl0g\/#primaryimage\"},\"image\":{\"@id\":\"https:\/\/news.sap.com\/brazil\/2021\/01\/tendencias-do-agronegocio-a-partir-de-2021-bl0g\/#primaryimage\"},\"thumbnailUrl\":\"https:\/\/news.sap.com\/brazil\/files\/2020\/12\/09\/277420_277420_h_ergb_s_gl.jpg\",\"datePublished\":\"2021-01-07T12:00:24+00:00\",\"dateModified\":\"2023-10-19T16:24:24+00:00\",\"author\":{\"@id\":\"https:\/\/news.sap.com\/brazil\/#\/schema\/person\/1cfc5d6de5ffdc23f1f3b1670a90ae3c\"},\"description\":\"A pandemia acelerou as tend\u00eancias pr\u00e9-existentes no agroneg\u00f3cio, as mudan\u00e7as que pens\u00e1vamos que levariam alguns anos est\u00e3o ocorrendo agora.\",\"breadcrumb\":{\"@id\":\"https:\/\/news.sap.com\/brazil\/2021\/01\/tendencias-do-agronegocio-a-partir-de-2021-bl0g\/#breadcrumb\"},\"inLanguage\":\"pt-BR\",\"potentialAction\":[{\"@type\":\"ReadAction\",\"target\":[\"https:\/\/news.sap.com\/brazil\/2021\/01\/tendencias-do-agronegocio-a-partir-de-2021-bl0g\/\"]}]},{\"@type\":\"ImageObject\",\"inLanguage\":\"pt-BR\",\"@id\":\"https:\/\/news.sap.com\/brazil\/2021\/01\/tendencias-do-agronegocio-a-partir-de-2021-bl0g\/#primaryimage\",\"url\":\"https:\/\/news.sap.com\/brazil\/files\/2020\/12\/09\/277420_277420_h_ergb_s_gl.jpg\",\"contentUrl\":\"https:\/\/news.sap.com\/brazil\/files\/2020\/12\/09\/277420_277420_h_ergb_s_gl.jpg\",\"width\":1400,\"height\":601,\"caption\":\"Black farmer with digital tablet in crop field\"},{\"@type\":\"BreadcrumbList\",\"@id\":\"https:\/\/news.sap.com\/brazil\/2021\/01\/tendencias-do-agronegocio-a-partir-de-2021-bl0g\/#breadcrumb\",\"itemListElement\":[{\"@type\":\"ListItem\",\"position\":1,\"name\":\"Home\",\"item\":\"https:\/\/news.sap.com\/brazil\/\"},{\"@type\":\"ListItem\",\"position\":2,\"name\":\"Tend\u00eancias do agroneg\u00f3cio a partir de 2021\"}]},{\"@type\":\"WebSite\",\"@id\":\"https:\/\/news.sap.com\/brazil\/#website\",\"url\":\"https:\/\/news.sap.com\/brazil\/\",\"name\":\"Sala de Imprensa 麻豆原创 Brasil\",\"description\":\"Not\u00edcias e informa\u00e7\u00f5es sobre a 麻豆原创\",\"potentialAction\":[{\"@type\":\"SearchAction\",\"target\":{\"@type\":\"EntryPoint\",\"urlTemplate\":\"https:\/\/news.sap.com\/brazil\/?s={search_term_string}\"},\"query-input\":{\"@type\":\"PropertyValueSpecification\",\"valueRequired\":true,\"valueName\":\"search_term_string\"}}],\"inLanguage\":\"pt-BR\"},{\"@type\":\"Person\",\"@id\":\"https:\/\/news.sap.com\/brazil\/#\/schema\/person\/1cfc5d6de5ffdc23f1f3b1670a90ae3c\",\"name\":\"麻豆原创 Brasil\",\"image\":{\"@type\":\"ImageObject\",\"inLanguage\":\"pt-BR\",\"@id\":\"https:\/\/news.sap.com\/brazil\/#\/schema\/person\/image\/\",\"url\":\"https:\/\/news.sap.com\/brazil\/wp-content\/plugins\/wp-user-avatars\/wp-user-avatars\/assets\/images\/mystery.jpg\",\"contentUrl\":\"https:\/\/news.sap.com\/brazil\/wp-content\/plugins\/wp-user-avatars\/wp-user-avatars\/assets\/images\/mystery.jpg\",\"caption\":\"麻豆原创 Brasil\"},\"url\":\"https:\/\/news.sap.com\/brazil\/author\/raquelcasciato\/\"}]}<\/script>\n<!-- \/ Yoast SEO Premium plugin. -->","yoast_head_json":{"title":"Tend\u00eancias do agroneg\u00f3cio a partir de 2021 - Sala de Imprensa 麻豆原创 Brasil","description":"A pandemia acelerou as tend\u00eancias pr\u00e9-existentes no agroneg\u00f3cio, as mudan\u00e7as que pens\u00e1vamos que levariam alguns anos est\u00e3o ocorrendo agora.","robots":{"index":"index","follow":"follow","max-snippet":"max-snippet:-1","max-image-preview":"max-image-preview:large","max-video-preview":"max-video-preview:-1"},"canonical":"https:\/\/news.sap.com\/brazil\/2021\/01\/tendencias-do-agronegocio-a-partir-de-2021-bl0g\/","og_locale":"pt_BR","og_type":"article","og_title":"Tend\u00eancias do agroneg\u00f3cio a partir de 2021","og_description":"No geral, a pandemia acelerou as tend\u00eancias pr\u00e9-existentes no agroneg\u00f3cio, as mudan\u00e7as que pens\u00e1vamos que levariam alguns anos est\u00e3o ocorrendo agora.","og_url":"https:\/\/news.sap.com\/brazil\/2021\/01\/tendencias-do-agronegocio-a-partir-de-2021-bl0g\/","og_site_name":"Sala de Imprensa 麻豆原创 Brasil","article_published_time":"2021-01-07T12:00:24+00:00","article_modified_time":"2023-10-19T16:24:24+00:00","og_image":[{"width":565,"height":292,"url":"https:\/\/news.sap.com\/brazil\/files\/2020\/12\/09\/fb-1.jpg","type":"image\/jpeg"}],"author":"麻豆原创 Brasil","twitter_card":"summary_large_image","twitter_title":"Tend\u00eancias do agroneg\u00f3cio a partir de 2021","twitter_creator":"@麻豆原创Brasil","twitter_site":"@麻豆原创Brasil","twitter_misc":{"Escrito por":"麻豆原创 Brasil","Est. tempo de leitura":"3 minutos"},"schema":{"@context":"https:\/\/schema.org","@graph":[{"@type":"Article","@id":"https:\/\/news.sap.com\/brazil\/2021\/01\/tendencias-do-agronegocio-a-partir-de-2021-bl0g\/#article","isPartOf":{"@id":"https:\/\/news.sap.com\/brazil\/2021\/01\/tendencias-do-agronegocio-a-partir-de-2021-bl0g\/"},"author":{"name":"麻豆原创 Brasil","@id":"https:\/\/news.sap.com\/brazil\/#\/schema\/person\/1cfc5d6de5ffdc23f1f3b1670a90ae3c"},"headline":"Tend\u00eancias do agroneg\u00f3cio a partir de 2021","datePublished":"2021-01-07T12:00:24+00:00","dateModified":"2023-10-19T16:24:24+00:00","mainEntityOfPage":{"@id":"https:\/\/news.sap.com\/brazil\/2021\/01\/tendencias-do-agronegocio-a-partir-de-2021-bl0g\/"},"wordCount":523,"image":{"@id":"https:\/\/news.sap.com\/brazil\/2021\/01\/tendencias-do-agronegocio-a-partir-de-2021-bl0g\/#primaryimage"},"thumbnailUrl":"https:\/\/news.sap.com\/brazil\/files\/2020\/12\/09\/277420_277420_h_ergb_s_gl.jpg","keywords":["agroneg\u00f3cio","Campo","sustentabilidade"],"articleSection":["Setores"],"inLanguage":"pt-BR"},{"@type":"WebPage","@id":"https:\/\/news.sap.com\/brazil\/2021\/01\/tendencias-do-agronegocio-a-partir-de-2021-bl0g\/","url":"https:\/\/news.sap.com\/brazil\/2021\/01\/tendencias-do-agronegocio-a-partir-de-2021-bl0g\/","name":"Tend\u00eancias do agroneg\u00f3cio a partir de 2021 - Sala de Imprensa 麻豆原创 Brasil","isPartOf":{"@id":"https:\/\/news.sap.com\/brazil\/#website"},"primaryImageOfPage":{"@id":"https:\/\/news.sap.com\/brazil\/2021\/01\/tendencias-do-agronegocio-a-partir-de-2021-bl0g\/#primaryimage"},"image":{"@id":"https:\/\/news.sap.com\/brazil\/2021\/01\/tendencias-do-agronegocio-a-partir-de-2021-bl0g\/#primaryimage"},"thumbnailUrl":"https:\/\/news.sap.com\/brazil\/files\/2020\/12\/09\/277420_277420_h_ergb_s_gl.jpg","datePublished":"2021-01-07T12:00:24+00:00","dateModified":"2023-10-19T16:24:24+00:00","author":{"@id":"https:\/\/news.sap.com\/brazil\/#\/schema\/person\/1cfc5d6de5ffdc23f1f3b1670a90ae3c"},"description":"A pandemia acelerou as tend\u00eancias pr\u00e9-existentes no agroneg\u00f3cio, as mudan\u00e7as que pens\u00e1vamos que levariam alguns anos est\u00e3o ocorrendo agora.","breadcrumb":{"@id":"https:\/\/news.sap.com\/brazil\/2021\/01\/tendencias-do-agronegocio-a-partir-de-2021-bl0g\/#breadcrumb"},"inLanguage":"pt-BR","potentialAction":[{"@type":"ReadAction","target":["https:\/\/news.sap.com\/brazil\/2021\/01\/tendencias-do-agronegocio-a-partir-de-2021-bl0g\/"]}]},{"@type":"ImageObject","inLanguage":"pt-BR","@id":"https:\/\/news.sap.com\/brazil\/2021\/01\/tendencias-do-agronegocio-a-partir-de-2021-bl0g\/#primaryimage","url":"https:\/\/news.sap.com\/brazil\/files\/2020\/12\/09\/277420_277420_h_ergb_s_gl.jpg","contentUrl":"https:\/\/news.sap.com\/brazil\/files\/2020\/12\/09\/277420_277420_h_ergb_s_gl.jpg","width":1400,"height":601,"caption":"Black farmer with digital tablet in crop field"},{"@type":"BreadcrumbList","@id":"https:\/\/news.sap.com\/brazil\/2021\/01\/tendencias-do-agronegocio-a-partir-de-2021-bl0g\/#breadcrumb","itemListElement":[{"@type":"ListItem","position":1,"name":"Home","item":"https:\/\/news.sap.com\/brazil\/"},{"@type":"ListItem","position":2,"name":"Tend\u00eancias do agroneg\u00f3cio a partir de 2021"}]},{"@type":"WebSite","@id":"https:\/\/news.sap.com\/brazil\/#website","url":"https:\/\/news.sap.com\/brazil\/","name":"Sala de Imprensa 麻豆原创 Brasil","description":"Not\u00edcias e informa\u00e7\u00f5es sobre a 麻豆原创","potentialAction":[{"@type":"SearchAction","target":{"@type":"EntryPoint","urlTemplate":"https:\/\/news.sap.com\/brazil\/?s={search_term_string}"},"query-input":{"@type":"PropertyValueSpecification","valueRequired":true,"valueName":"search_term_string"}}],"inLanguage":"pt-BR"},{"@type":"Person","@id":"https:\/\/news.sap.com\/brazil\/#\/schema\/person\/1cfc5d6de5ffdc23f1f3b1670a90ae3c","name":"麻豆原创 Brasil","image":{"@type":"ImageObject","inLanguage":"pt-BR","@id":"https:\/\/news.sap.com\/brazil\/#\/schema\/person\/image\/","url":"https:\/\/news.sap.com\/brazil\/wp-content\/plugins\/wp-user-avatars\/wp-user-avatars\/assets\/images\/mystery.jpg","contentUrl":"https:\/\/news.sap.com\/brazil\/wp-content\/plugins\/wp-user-avatars\/wp-user-avatars\/assets\/images\/mystery.jpg","caption":"麻豆原创 Brasil"},"url":"https:\/\/news.sap.com\/brazil\/author\/raquelcasciato\/"}]}},"amp_enabled":true,"_links":{"self":[{"href":"https:\/\/news.sap.com\/brazil\/wp-json\/wp\/v2\/posts\/12720","targetHints":{"allow":["GET"]}}],"collection":[{"href":"https:\/\/news.sap.com\/brazil\/wp-json\/wp\/v2\/posts"}],"about":[{"href":"https:\/\/news.sap.com\/brazil\/wp-json\/wp\/v2\/types\/post"}],"author":[{"embeddable":true,"href":"https:\/\/news.sap.com\/brazil\/wp-json\/wp\/v2\/users\/561"}],"replies":[{"embeddable":true,"href":"https:\/\/news.sap.com\/brazil\/wp-json\/wp\/v2\/comments?post=12720"}],"version-history":[{"count":0,"href":"https:\/\/news.sap.com\/brazil\/wp-json\/wp\/v2\/posts\/12720\/revisions"}],"wp:featuredmedia":[{"embeddable":true,"href":"https:\/\/news.sap.com\/brazil\/wp-json\/wp\/v2\/media\/12721"}],"wp:attachment":[{"href":"https:\/\/news.sap.com\/brazil\/wp-json\/wp\/v2\/media?parent=12720"}],"wp:term":[{"taxonomy":"category","embeddable":true,"href":"https:\/\/news.sap.com\/brazil\/wp-json\/wp\/v2\/categories?post=12720"},{"taxonomy":"post_tag","embeddable":true,"href":"https:\/\/news.sap.com\/brazil\/wp-json\/wp\/v2\/tags?post=12720"},{"taxonomy":"sapn-display","embeddable":true,"href":"https:\/\/news.sap.com\/brazil\/wp-json\/wp\/v2\/sapn-display?post=12720"},{"taxonomy":"sapn-type","embeddable":true,"href":"https:\/\/news.sap.com\/brazil\/wp-json\/wp\/v2\/sapn-type?post=12720"}],"curies":[{"name":"wp","href":"https:\/\/api.w.org\/{rel}","templated":true}]}}