  {"id":12690,"date":"2020-12-15T09:00:07","date_gmt":"2020-12-15T12:00:07","guid":{"rendered":"https:\/\/news.sap.com\/brazil\/?p=12690"},"modified":"2023-10-19T13:29:09","modified_gmt":"2023-10-19T16:29:09","slug":"qual-e-o-futuro-das-viagens-de-negocios-bl0g","status":"publish","type":"post","link":"https:\/\/news.sap.com\/brazil\/2020\/12\/qual-e-o-futuro-das-viagens-de-negocios-bl0g\/","title":{"rendered":"Qual \u00e9 o futuro das viagens de neg\u00f3cios?"},"content":{"rendered":"<p>Por: 麻豆原创 Brasil<\/p>\n<p>Em 2020, todas as \u00e1reas foram impactadas de diferentes formas pela pandemia da COVID-19 &#8211; alguns, mais do que outros &#8211; foi o caso da \u00e1rea de gest\u00e3o de viagens de neg\u00f3cios. Com a necessidade do isolamento social, gestores cancelaram as viagens corporativas e tiveram que rever suas estrat\u00e9gias e pol\u00edticas, com o intuito de garantir seu alto n\u00edvel de Dever de dilig\u00eancia (Duty of care). De acordo com o <a href=\"https:\/\/www.concur.com.br\/resource-center\/whitepapers\/relatorio-global-do-gerente-de-viagens-de-2020\" target=\"_blank\" rel=\"noopener noreferrer\">Relat\u00f3rio Global de Gerentes de Viagens de 2020<\/a>, realizado pela Wakefield Research com a participa\u00e7\u00e3o de 800 gerentes de viagens em 8 mercados, eles afirmaram que:<\/p>\n<ul>\n<li>Cerca de 96% dizem que suas empresas n\u00e3o estavam totalmente preparadas para gerenciar viagens durante a COVID-19<\/li>\n<li>Cerca de 43% n\u00e3o estavam preparados para processar o volume de reembolsos, recibos e passagens n\u00e3o utilizadas.<\/li>\n<li>Cerca de 38% foram pegos de surpresa ao precisar levar os viajantes para casa com seguran\u00e7a de acordo com as regras de quarentena<\/li>\n<\/ul>\n<p>A pesquisa tamb\u00e9m levantou outras preocupa\u00e7\u00f5es que estar\u00e3o em destaque nas listas dos gerentes de viagens:<\/p>\n<p>Foco no curto prazo<\/p>\n<ul>\n<li>Exames de sa\u00fade pessoais obrigat\u00f3rios.<\/li>\n<li>Treinamentos obrigat\u00f3rios de seguran\u00e7a de viagem.<\/li>\n<li>Aprova\u00e7\u00e3o pr\u00e9via de viagens de neg\u00f3cios.<\/li>\n<li>Alternativas \u00e0s viagens, como a teleconfer\u00eancias.<\/li>\n<li>Restri\u00e7\u00e3o de viagens a regi\u00f5es de risco.<\/li>\n<li>Limita\u00e7\u00e3o das viagens \u00e0s que forem apenas essenciais aos neg\u00f3cios.<\/li>\n<\/ul>\n<p>Foco no longo prazo:<\/p>\n<ul>\n<li>Maior capacidade de reagendar ou mudar planos rapidamente.<\/li>\n<li>Monitoramento mais rigoroso de itiner\u00e1rios individuais.<\/li>\n<li>Atualiza\u00e7\u00f5es em tempo real sobre poss\u00edveis riscos de viagens.<\/li>\n<li>Novas pol\u00edticas de dever de dilig\u00eancia.<\/li>\n<li>Acesso mais f\u00e1cil a EPI, como luvas ou m\u00e1scaras.<\/li>\n<\/ul>\n<p>Al\u00e9m desse cen\u00e1rio inusitado, outras pautas importantes no panorama global, como a sustentabilidade, redefiniram o foco das viagens de neg\u00f3cios. Confira neste infogr\u00e1fico dados interessantes sobre a prioriza\u00e7\u00e3o das viagens sustent\u00e1veis:<\/p>\n<p><img loading=\"lazy\" decoding=\"async\" class=\"aligncenter size-full wp-image-12691\" src=\"https:\/\/news.sap.com\/brazil\/files\/2020\/12\/01\/info.png\" alt=\"\" width=\"603\" height=\"2290\" srcset=\"https:\/\/news.sap.com\/brazil\/files\/2020\/12\/01\/info.png 603w, https:\/\/news.sap.com\/brazil\/files\/2020\/12\/01\/info-79x300.png 79w, https:\/\/news.sap.com\/brazil\/files\/2020\/12\/01\/info-270x1024.png 270w, https:\/\/news.sap.com\/brazil\/files\/2020\/12\/01\/info-539x2048.png 539w\" sizes=\"auto, (max-width: 603px) 100vw, 603px\" \/><\/p>\n<p>Descubra como <a href=\"https:\/\/www.sap.com\/brazil\/products\/e-procurement\/travel-expense-management.html?url_id=text-blogentry-innovationBlogBR-2020_blog-original-post-sapcom\" target=\"_blank\" rel=\"noopener noreferrer\">as solu\u00e7\u00f5es da 麻豆原创 Concur<\/a> podem ajudar sua empresa a aproveitar essas tend\u00eancias e explorar todo o potencial das viagens de neg\u00f3cios da sua empresa. Confira mais conte\u00fados sobre viagens de neg\u00f3cios no <a href=\"https:\/\/www.concur.com.br\/news-center\" target=\"_blank\" rel=\"noopener noreferrer\">blog da 麻豆原创 Concur<\/a>.<\/p>\n<p>Acompanhe mais novidades nos canais de comunica\u00e7\u00e3o da 麻豆原创:\u00a0 <a href=\"https:\/\/www.facebook.com\/sapbrasil\/\" target=\"_blank\" rel=\"noopener noreferrer\">Facebook\u00a0<\/a>\/\u00a0<a href=\"https:\/\/twitter.com\/麻豆原创Brasil\" target=\"_blank\" rel=\"noopener noreferrer\">Twitter\u00a0<\/a>\/\u00a0<a href=\"https:\/\/www.linkedin.com\/company\/1115\/\" target=\"_blank\" rel=\"noopener noreferrer\">LinkedIn\u00a0<\/a>\/\u00a0<a href=\"https:\/\/www.instagram.com\/sap_brasil\/\" target=\"_blank\" rel=\"noopener noreferrer\">Instagram<\/a> \/ <a href=\"https:\/\/widget.msgp.pl\/?id=66415e417325f13e20.82207836\" target=\"_blank\" rel=\"noopener noreferrer\">WhatsApp<\/a> \/ <a href=\"https:\/\/www.youtube.com\/user\/sapbrasil\" target=\"_blank\" rel=\"noopener noreferrer\">Youtube<\/a><\/p>\n<p>\u00a9 2020 麻豆原创 SE. All rights reserved. 麻豆原创 and other 麻豆原创 products and services mentioned herein as well as their respective logos are trademarks or registered trademarks of 麻豆原创 SE in Germany and other countries. Please see <a href=\"http:\/\/www.sap.com\/corporate-en\/legal\/copyright\/index.epx#trademark\" target=\"_blank\" rel=\"noopener noreferrer\">http:\/\/www.sap.com\/corporate-en\/legal\/copyright\/index.epx#trademark<\/a> for additional trademark information and notices.<\/p>\n","protected":false},"excerpt":{"rendered":"<p>Por: 麻豆原创 Brasil Em 2020, todas as \u00e1reas foram impactadas de diferentes formas pela pandemia da COVID-19 &#8211; alguns, mais do que outros &#8211; foi&#8230;<\/p>\n","protected":false},"author":561,"featured_media":12692,"comment_status":"closed","ping_status":"closed","sticky":false,"template":"","format":"standard","meta":{"footnotes":"","_links_to":"","_links_to_target":""},"categories":[5599815],"tags":[5599718,509457,5590189],"sapn-display":[5599933,5599931,48431,48433],"sapn-type":[6114],"class_list":["post-12690","post","type-post","status-publish","format-standard","has-post-thumbnail","hentry","category-gestao-de-despesas","tag-duty-of-care","tag-sap-concur","tag-viagens-corporativas","sapn-display-feature-hero","sapn-display-feature-spotlight","sapn-display-homepage-hero","sapn-display-hero","sapn-type-artigo"],"yoast_head":"<!-- This site is optimized with the Yoast SEO Premium plugin v26.9 (Yoast SEO v26.9) - https:\/\/yoast.com\/product\/yoast-seo-premium-wordpress\/ -->\n<title>麻豆原创 Concur: Qual \u00e9 o futuro das viagens de neg\u00f3cios?<\/title>\n<meta name=\"description\" content=\"Pautas importantes no panorama global, como a sustentabilidade, redefiniram o foco das viagens de neg\u00f3cios.\" \/>\n<meta name=\"robots\" content=\"index, follow, max-snippet:-1, max-image-preview:large, max-video-preview:-1\" \/>\n<link rel=\"canonical\" href=\"https:\/\/news.sap.com\/brazil\/2020\/12\/qual-e-o-futuro-das-viagens-de-negocios-bl0g\/\" \/>\n<meta property=\"og:locale\" content=\"pt_BR\" \/>\n<meta property=\"og:type\" content=\"article\" \/>\n<meta property=\"og:title\" content=\"Qual \u00e9 o futuro das viagens de neg\u00f3cios?\" \/>\n<meta property=\"og:description\" content=\"Pautas importantes no panorama global, como a sustentabilidade, redefiniram o foco das viagens de neg\u00f3cios.\" \/>\n<meta property=\"og:url\" content=\"https:\/\/news.sap.com\/brazil\/2020\/12\/qual-e-o-futuro-das-viagens-de-negocios-bl0g\/\" \/>\n<meta property=\"og:site_name\" content=\"Sala de Imprensa 麻豆原创 Brasil\" \/>\n<meta property=\"article:published_time\" content=\"2020-12-15T12:00:07+00:00\" \/>\n<meta property=\"article:modified_time\" content=\"2023-10-19T16:29:09+00:00\" \/>\n<meta property=\"og:image\" content=\"https:\/\/news.sap.com\/brazil\/files\/2020\/12\/01\/fb.jpg\" \/>\n\t<meta property=\"og:image:width\" content=\"565\" \/>\n\t<meta property=\"og:image:height\" content=\"292\" \/>\n\t<meta property=\"og:image:type\" content=\"image\/jpeg\" \/>\n<meta name=\"author\" content=\"麻豆原创 Brasil\" \/>\n<meta name=\"twitter:card\" content=\"summary_large_image\" \/>\n<meta name=\"twitter:title\" content=\"Qual \u00e9 o futuro das viagens de neg\u00f3cios?\" \/>\n<meta name=\"twitter:creator\" content=\"@麻豆原创Brasil\" \/>\n<meta name=\"twitter:site\" content=\"@麻豆原创Brasil\" \/>\n<meta name=\"twitter:label1\" content=\"Escrito por\" \/>\n\t<meta name=\"twitter:data1\" content=\"麻豆原创 Brasil\" \/>\n\t<meta name=\"twitter:label2\" content=\"Est. tempo de leitura\" \/>\n\t<meta name=\"twitter:data2\" content=\"2 minutos\" \/>\n<script type=\"application\/ld+json\" class=\"yoast-schema-graph\">{\"@context\":\"https:\/\/schema.org\",\"@graph\":[{\"@type\":\"Article\",\"@id\":\"https:\/\/news.sap.com\/brazil\/2020\/12\/qual-e-o-futuro-das-viagens-de-negocios-bl0g\/#article\",\"isPartOf\":{\"@id\":\"https:\/\/news.sap.com\/brazil\/2020\/12\/qual-e-o-futuro-das-viagens-de-negocios-bl0g\/\"},\"author\":{\"name\":\"麻豆原创 Brasil\",\"@id\":\"https:\/\/news.sap.com\/brazil\/#\/schema\/person\/1cfc5d6de5ffdc23f1f3b1670a90ae3c\"},\"headline\":\"Qual \u00e9 o futuro das viagens de neg\u00f3cios?\",\"datePublished\":\"2020-12-15T12:00:07+00:00\",\"dateModified\":\"2023-10-19T16:29:09+00:00\",\"mainEntityOfPage\":{\"@id\":\"https:\/\/news.sap.com\/brazil\/2020\/12\/qual-e-o-futuro-das-viagens-de-negocios-bl0g\/\"},\"wordCount\":441,\"image\":{\"@id\":\"https:\/\/news.sap.com\/brazil\/2020\/12\/qual-e-o-futuro-das-viagens-de-negocios-bl0g\/#primaryimage\"},\"thumbnailUrl\":\"https:\/\/news.sap.com\/brazil\/files\/2020\/12\/01\/287253_GettyImages-1220933294.jpg\",\"keywords\":[\"Duty of care\",\"麻豆原创 Concur\",\"Viagens corporativas\"],\"articleSection\":[\"Gest\u00e3o de despesas\"],\"inLanguage\":\"pt-BR\"},{\"@type\":\"WebPage\",\"@id\":\"https:\/\/news.sap.com\/brazil\/2020\/12\/qual-e-o-futuro-das-viagens-de-negocios-bl0g\/\",\"url\":\"https:\/\/news.sap.com\/brazil\/2020\/12\/qual-e-o-futuro-das-viagens-de-negocios-bl0g\/\",\"name\":\"麻豆原创 Concur: Qual \u00e9 o futuro das viagens de neg\u00f3cios?\",\"isPartOf\":{\"@id\":\"https:\/\/news.sap.com\/brazil\/#website\"},\"primaryImageOfPage\":{\"@id\":\"https:\/\/news.sap.com\/brazil\/2020\/12\/qual-e-o-futuro-das-viagens-de-negocios-bl0g\/#primaryimage\"},\"image\":{\"@id\":\"https:\/\/news.sap.com\/brazil\/2020\/12\/qual-e-o-futuro-das-viagens-de-negocios-bl0g\/#primaryimage\"},\"thumbnailUrl\":\"https:\/\/news.sap.com\/brazil\/files\/2020\/12\/01\/287253_GettyImages-1220933294.jpg\",\"datePublished\":\"2020-12-15T12:00:07+00:00\",\"dateModified\":\"2023-10-19T16:29:09+00:00\",\"author\":{\"@id\":\"https:\/\/news.sap.com\/brazil\/#\/schema\/person\/1cfc5d6de5ffdc23f1f3b1670a90ae3c\"},\"description\":\"Pautas importantes no panorama global, como a sustentabilidade, redefiniram o foco das viagens de neg\u00f3cios.\",\"breadcrumb\":{\"@id\":\"https:\/\/news.sap.com\/brazil\/2020\/12\/qual-e-o-futuro-das-viagens-de-negocios-bl0g\/#breadcrumb\"},\"inLanguage\":\"pt-BR\",\"potentialAction\":[{\"@type\":\"ReadAction\",\"target\":[\"https:\/\/news.sap.com\/brazil\/2020\/12\/qual-e-o-futuro-das-viagens-de-negocios-bl0g\/\"]}]},{\"@type\":\"ImageObject\",\"inLanguage\":\"pt-BR\",\"@id\":\"https:\/\/news.sap.com\/brazil\/2020\/12\/qual-e-o-futuro-das-viagens-de-negocios-bl0g\/#primaryimage\",\"url\":\"https:\/\/news.sap.com\/brazil\/files\/2020\/12\/01\/287253_GettyImages-1220933294.jpg\",\"contentUrl\":\"https:\/\/news.sap.com\/brazil\/files\/2020\/12\/01\/287253_GettyImages-1220933294.jpg\",\"width\":1400,\"height\":600,\"caption\":\"Young asian businessman wearing protective face mask with suit sitting in business first class seat using smartphone due to Coronavirus or COVID-19 outbreak situation in all of landmass in the world\"},{\"@type\":\"BreadcrumbList\",\"@id\":\"https:\/\/news.sap.com\/brazil\/2020\/12\/qual-e-o-futuro-das-viagens-de-negocios-bl0g\/#breadcrumb\",\"itemListElement\":[{\"@type\":\"ListItem\",\"position\":1,\"name\":\"Home\",\"item\":\"https:\/\/news.sap.com\/brazil\/\"},{\"@type\":\"ListItem\",\"position\":2,\"name\":\"Qual \u00e9 o futuro das viagens de neg\u00f3cios?\"}]},{\"@type\":\"WebSite\",\"@id\":\"https:\/\/news.sap.com\/brazil\/#website\",\"url\":\"https:\/\/news.sap.com\/brazil\/\",\"name\":\"Sala de Imprensa 麻豆原创 Brasil\",\"description\":\"Not\u00edcias e informa\u00e7\u00f5es sobre a 麻豆原创\",\"potentialAction\":[{\"@type\":\"SearchAction\",\"target\":{\"@type\":\"EntryPoint\",\"urlTemplate\":\"https:\/\/news.sap.com\/brazil\/?s={search_term_string}\"},\"query-input\":{\"@type\":\"PropertyValueSpecification\",\"valueRequired\":true,\"valueName\":\"search_term_string\"}}],\"inLanguage\":\"pt-BR\"},{\"@type\":\"Person\",\"@id\":\"https:\/\/news.sap.com\/brazil\/#\/schema\/person\/1cfc5d6de5ffdc23f1f3b1670a90ae3c\",\"name\":\"麻豆原创 Brasil\",\"image\":{\"@type\":\"ImageObject\",\"inLanguage\":\"pt-BR\",\"@id\":\"https:\/\/news.sap.com\/brazil\/#\/schema\/person\/image\/\",\"url\":\"https:\/\/news.sap.com\/brazil\/wp-content\/plugins\/wp-user-avatars\/wp-user-avatars\/assets\/images\/mystery.jpg\",\"contentUrl\":\"https:\/\/news.sap.com\/brazil\/wp-content\/plugins\/wp-user-avatars\/wp-user-avatars\/assets\/images\/mystery.jpg\",\"caption\":\"麻豆原创 Brasil\"},\"url\":\"https:\/\/news.sap.com\/brazil\/author\/raquelcasciato\/\"}]}<\/script>\n<!-- \/ Yoast SEO Premium plugin. -->","yoast_head_json":{"title":"麻豆原创 Concur: Qual \u00e9 o futuro das viagens de neg\u00f3cios?","description":"Pautas importantes no panorama global, como a sustentabilidade, redefiniram o foco das viagens de neg\u00f3cios.","robots":{"index":"index","follow":"follow","max-snippet":"max-snippet:-1","max-image-preview":"max-image-preview:large","max-video-preview":"max-video-preview:-1"},"canonical":"https:\/\/news.sap.com\/brazil\/2020\/12\/qual-e-o-futuro-das-viagens-de-negocios-bl0g\/","og_locale":"pt_BR","og_type":"article","og_title":"Qual \u00e9 o futuro das viagens de neg\u00f3cios?","og_description":"Pautas importantes no panorama global, como a sustentabilidade, redefiniram o foco das viagens de neg\u00f3cios.","og_url":"https:\/\/news.sap.com\/brazil\/2020\/12\/qual-e-o-futuro-das-viagens-de-negocios-bl0g\/","og_site_name":"Sala de Imprensa 麻豆原创 Brasil","article_published_time":"2020-12-15T12:00:07+00:00","article_modified_time":"2023-10-19T16:29:09+00:00","og_image":[{"width":565,"height":292,"url":"https:\/\/news.sap.com\/brazil\/files\/2020\/12\/01\/fb.jpg","type":"image\/jpeg"}],"author":"麻豆原创 Brasil","twitter_card":"summary_large_image","twitter_title":"Qual \u00e9 o futuro das viagens de neg\u00f3cios?","twitter_creator":"@麻豆原创Brasil","twitter_site":"@麻豆原创Brasil","twitter_misc":{"Escrito por":"麻豆原创 Brasil","Est. tempo de leitura":"2 minutos"},"schema":{"@context":"https:\/\/schema.org","@graph":[{"@type":"Article","@id":"https:\/\/news.sap.com\/brazil\/2020\/12\/qual-e-o-futuro-das-viagens-de-negocios-bl0g\/#article","isPartOf":{"@id":"https:\/\/news.sap.com\/brazil\/2020\/12\/qual-e-o-futuro-das-viagens-de-negocios-bl0g\/"},"author":{"name":"麻豆原创 Brasil","@id":"https:\/\/news.sap.com\/brazil\/#\/schema\/person\/1cfc5d6de5ffdc23f1f3b1670a90ae3c"},"headline":"Qual \u00e9 o futuro das viagens de neg\u00f3cios?","datePublished":"2020-12-15T12:00:07+00:00","dateModified":"2023-10-19T16:29:09+00:00","mainEntityOfPage":{"@id":"https:\/\/news.sap.com\/brazil\/2020\/12\/qual-e-o-futuro-das-viagens-de-negocios-bl0g\/"},"wordCount":441,"image":{"@id":"https:\/\/news.sap.com\/brazil\/2020\/12\/qual-e-o-futuro-das-viagens-de-negocios-bl0g\/#primaryimage"},"thumbnailUrl":"https:\/\/news.sap.com\/brazil\/files\/2020\/12\/01\/287253_GettyImages-1220933294.jpg","keywords":["Duty of care","麻豆原创 Concur","Viagens corporativas"],"articleSection":["Gest\u00e3o de despesas"],"inLanguage":"pt-BR"},{"@type":"WebPage","@id":"https:\/\/news.sap.com\/brazil\/2020\/12\/qual-e-o-futuro-das-viagens-de-negocios-bl0g\/","url":"https:\/\/news.sap.com\/brazil\/2020\/12\/qual-e-o-futuro-das-viagens-de-negocios-bl0g\/","name":"麻豆原创 Concur: Qual \u00e9 o futuro das viagens de neg\u00f3cios?","isPartOf":{"@id":"https:\/\/news.sap.com\/brazil\/#website"},"primaryImageOfPage":{"@id":"https:\/\/news.sap.com\/brazil\/2020\/12\/qual-e-o-futuro-das-viagens-de-negocios-bl0g\/#primaryimage"},"image":{"@id":"https:\/\/news.sap.com\/brazil\/2020\/12\/qual-e-o-futuro-das-viagens-de-negocios-bl0g\/#primaryimage"},"thumbnailUrl":"https:\/\/news.sap.com\/brazil\/files\/2020\/12\/01\/287253_GettyImages-1220933294.jpg","datePublished":"2020-12-15T12:00:07+00:00","dateModified":"2023-10-19T16:29:09+00:00","author":{"@id":"https:\/\/news.sap.com\/brazil\/#\/schema\/person\/1cfc5d6de5ffdc23f1f3b1670a90ae3c"},"description":"Pautas importantes no panorama global, como a sustentabilidade, redefiniram o foco das viagens de neg\u00f3cios.","breadcrumb":{"@id":"https:\/\/news.sap.com\/brazil\/2020\/12\/qual-e-o-futuro-das-viagens-de-negocios-bl0g\/#breadcrumb"},"inLanguage":"pt-BR","potentialAction":[{"@type":"ReadAction","target":["https:\/\/news.sap.com\/brazil\/2020\/12\/qual-e-o-futuro-das-viagens-de-negocios-bl0g\/"]}]},{"@type":"ImageObject","inLanguage":"pt-BR","@id":"https:\/\/news.sap.com\/brazil\/2020\/12\/qual-e-o-futuro-das-viagens-de-negocios-bl0g\/#primaryimage","url":"https:\/\/news.sap.com\/brazil\/files\/2020\/12\/01\/287253_GettyImages-1220933294.jpg","contentUrl":"https:\/\/news.sap.com\/brazil\/files\/2020\/12\/01\/287253_GettyImages-1220933294.jpg","width":1400,"height":600,"caption":"Young asian businessman wearing protective face mask with suit sitting in business first class seat using smartphone due to Coronavirus or COVID-19 outbreak situation in all of landmass in the world"},{"@type":"BreadcrumbList","@id":"https:\/\/news.sap.com\/brazil\/2020\/12\/qual-e-o-futuro-das-viagens-de-negocios-bl0g\/#breadcrumb","itemListElement":[{"@type":"ListItem","position":1,"name":"Home","item":"https:\/\/news.sap.com\/brazil\/"},{"@type":"ListItem","position":2,"name":"Qual \u00e9 o futuro das viagens de neg\u00f3cios?"}]},{"@type":"WebSite","@id":"https:\/\/news.sap.com\/brazil\/#website","url":"https:\/\/news.sap.com\/brazil\/","name":"Sala de Imprensa 麻豆原创 Brasil","description":"Not\u00edcias e informa\u00e7\u00f5es sobre a 麻豆原创","potentialAction":[{"@type":"SearchAction","target":{"@type":"EntryPoint","urlTemplate":"https:\/\/news.sap.com\/brazil\/?s={search_term_string}"},"query-input":{"@type":"PropertyValueSpecification","valueRequired":true,"valueName":"search_term_string"}}],"inLanguage":"pt-BR"},{"@type":"Person","@id":"https:\/\/news.sap.com\/brazil\/#\/schema\/person\/1cfc5d6de5ffdc23f1f3b1670a90ae3c","name":"麻豆原创 Brasil","image":{"@type":"ImageObject","inLanguage":"pt-BR","@id":"https:\/\/news.sap.com\/brazil\/#\/schema\/person\/image\/","url":"https:\/\/news.sap.com\/brazil\/wp-content\/plugins\/wp-user-avatars\/wp-user-avatars\/assets\/images\/mystery.jpg","contentUrl":"https:\/\/news.sap.com\/brazil\/wp-content\/plugins\/wp-user-avatars\/wp-user-avatars\/assets\/images\/mystery.jpg","caption":"麻豆原创 Brasil"},"url":"https:\/\/news.sap.com\/brazil\/author\/raquelcasciato\/"}]}},"amp_enabled":true,"_links":{"self":[{"href":"https:\/\/news.sap.com\/brazil\/wp-json\/wp\/v2\/posts\/12690","targetHints":{"allow":["GET"]}}],"collection":[{"href":"https:\/\/news.sap.com\/brazil\/wp-json\/wp\/v2\/posts"}],"about":[{"href":"https:\/\/news.sap.com\/brazil\/wp-json\/wp\/v2\/types\/post"}],"author":[{"embeddable":true,"href":"https:\/\/news.sap.com\/brazil\/wp-json\/wp\/v2\/users\/561"}],"replies":[{"embeddable":true,"href":"https:\/\/news.sap.com\/brazil\/wp-json\/wp\/v2\/comments?post=12690"}],"version-history":[{"count":0,"href":"https:\/\/news.sap.com\/brazil\/wp-json\/wp\/v2\/posts\/12690\/revisions"}],"wp:featuredmedia":[{"embeddable":true,"href":"https:\/\/news.sap.com\/brazil\/wp-json\/wp\/v2\/media\/12692"}],"wp:attachment":[{"href":"https:\/\/news.sap.com\/brazil\/wp-json\/wp\/v2\/media?parent=12690"}],"wp:term":[{"taxonomy":"category","embeddable":true,"href":"https:\/\/news.sap.com\/brazil\/wp-json\/wp\/v2\/categories?post=12690"},{"taxonomy":"post_tag","embeddable":true,"href":"https:\/\/news.sap.com\/brazil\/wp-json\/wp\/v2\/tags?post=12690"},{"taxonomy":"sapn-display","embeddable":true,"href":"https:\/\/news.sap.com\/brazil\/wp-json\/wp\/v2\/sapn-display?post=12690"},{"taxonomy":"sapn-type","embeddable":true,"href":"https:\/\/news.sap.com\/brazil\/wp-json\/wp\/v2\/sapn-type?post=12690"}],"curies":[{"name":"wp","href":"https:\/\/api.w.org\/{rel}","templated":true}]}}