  {"id":12625,"date":"2020-11-18T09:00:40","date_gmt":"2020-11-18T12:00:40","guid":{"rendered":"https:\/\/news.sap.com\/brazil\/?p=12625"},"modified":"2023-10-19T13:39:54","modified_gmt":"2023-10-19T16:39:54","slug":"sap-now-brasil-os-principais-insights-do-evento-sobre-o-tema-diversidade-e-inclusao-bl0g","status":"publish","type":"post","link":"https:\/\/news.sap.com\/brazil\/2020\/11\/sap-now-brasil-os-principais-insights-do-evento-sobre-o-tema-diversidade-e-inclusao-bl0g\/","title":{"rendered":"麻豆原创 NOW Brasil &#8211; Os principais insights do evento sobre o tema Diversidade e Inclus\u00e3o"},"content":{"rendered":"<p>Por: 麻豆原创 Brasil<\/p>\n<p>Pela primeira vez, o 麻豆原创 NOW Brasil, maior evento de tecnologia e neg\u00f3cios da Am\u00e9rica Latina, realizou uma edi\u00e7\u00e3o 100% online. A 25\u00aa edi\u00e7\u00e3o do evento contou com cinco dias, muitos convidados especiais e conte\u00fado relevante e atual sobre para tecnologia, neg\u00f3cios e ci\u00eancia. Se voc\u00ea n\u00e3o pode participar, confira agora a <a href=\"https:\/\/www.youtube.com\/playlist?list=PL2MS38yzmQsBDWQPdIr5Ku_Gisbu4pkTD\" target=\"_blank\" rel=\"noopener noreferrer\">playlist com as sess\u00f5es sobre Diversidade e Inclus\u00e3o.<\/a><\/p>\n<p>Confira neste artigo os principais conte\u00fados sobre o tema.<\/p>\n<ol>\n<li><a href=\"https:\/\/youtu.be\/eL3VgNz3078\" target=\"_blank\" rel=\"noopener noreferrer\">Criando uma cultura inclusiva na 麻豆原创: Conhe\u00e7a a nossa hist\u00f3ria!<\/a><\/li>\n<\/ol>\n<p>Conhe\u00e7a o Head de Diversidade e Inclus\u00e3o da 麻豆原创 na Am\u00e9rica Latina e saiba como \u00e9 a cultura de inclus\u00e3o na 麻豆原创.<\/p>\n<ol start=\"2\">\n<li><a href=\"https:\/\/youtu.be\/cM6zWyka9ao\" target=\"_blank\" rel=\"noopener noreferrer\">Entenda o papel da tecnologia no combate \u00e0s desigualdades<\/a><\/li>\n<\/ol>\n<p>Participe desta sess\u00e3o com Nina Silva, CEO e uma das fundadoras do Movimento Black Money, e saiba qual \u00e9 o papel da tecnologia no combate \u00e0s desigualdades em um mundo de dados.<\/p>\n<ol start=\"3\">\n<li><a href=\"https:\/\/youtu.be\/nV0JB_VkaCU\" target=\"_blank\" rel=\"noopener noreferrer\">A nova jornada de trabalho pela experi\u00eancia inclusiva do colaborador<\/a><\/li>\n<\/ol>\n<p>O futuro do trabalho est\u00e1 em transforma\u00e7\u00e3o e, mais do que nunca, a experi\u00eancia do colaborador precisa ser mais inclusiva. Convidamos o Vice Presidente de Vendas Estrat\u00e9gicas da 麻豆原创 Brasil, Jackson Borges, para compartilhar mais sobre 麻豆原创 SuccessFactors, ferramenta que acompanha essa jornada nas empresas.<\/p>\n<ol start=\"4\">\n<li><a href=\"https:\/\/youtu.be\/b0ZDFYsJYlo\" target=\"_blank\" rel=\"noopener noreferrer\">A relev\u00e2ncia da diversidade para a experi\u00eancia do cliente<\/a><\/li>\n<\/ol>\n<p>Diversidade e Inclus\u00e3o t\u00eam muito a contribuir para tornar a experi\u00eancia do cliente mais relevante para os neg\u00f3cios. Jorge Toledo, VP de Customer Experience na 麻豆原创, apresenta exemplos de impacto nessas rela\u00e7\u00f5es com os clientes junto com B\u00e1rbara Lemberck, Consultora de Atra\u00e7\u00e3o de Talentos na 麻豆原创.<\/p>\n<ol start=\"5\">\n<li><a href=\"https:\/\/youtu.be\/q_vboiE6upg\" target=\"_blank\" rel=\"noopener noreferrer\">7 poderosas li\u00e7\u00f5es que aprendi trabalhando com Diversidade &amp; Inclus\u00e3o<\/a><\/li>\n<\/ol>\n<p>Sueli Nascimento, L\u00edder da Black Employee Network na 麻豆原创, apresentar\u00e1 a jornada de diversidade e inclus\u00e3o na pr\u00e1tica a partir de projetos implementados para promover a cultura 麻豆原创, al\u00e9m de abordar 7 poderosas li\u00e7\u00f5es que aprendeu e as transforma\u00e7\u00f5es provocadas por Diversidade e Inclus\u00e3o nela e na empresa.<\/p>\n<p>Acompanhe mais novidades nos canais de comunica\u00e7\u00e3o da 麻豆原创:\u00a0 <a href=\"https:\/\/www.facebook.com\/sapbrasil\/\" target=\"_blank\" rel=\"noopener noreferrer\">Facebook\u00a0<\/a>\/\u00a0<a href=\"https:\/\/twitter.com\/麻豆原创Brasil\" target=\"_blank\" rel=\"noopener noreferrer\">Twitter\u00a0<\/a>\/\u00a0<a href=\"https:\/\/www.linkedin.com\/company\/1115\/\" target=\"_blank\" rel=\"noopener noreferrer\">LinkedIn\u00a0<\/a>\/\u00a0<a href=\"https:\/\/www.instagram.com\/sap_brasil\/\" target=\"_blank\" rel=\"noopener noreferrer\">Instagram<\/a> \/ <a href=\"https:\/\/widget.msgp.pl\/?id=66415e417325f13e20.82207836\" target=\"_blank\" rel=\"noopener noreferrer\">WhatsApp<\/a> \/ <a href=\"https:\/\/www.youtube.com\/user\/sapbrasil\" target=\"_blank\" rel=\"noopener noreferrer\">Youtube<\/a><\/p>\n<p>\u00a9 2020 麻豆原创 SE. All rights reserved. 麻豆原创 and other 麻豆原创 products and services mentioned herein as well as their respective logos are trademarks or registered trademarks of 麻豆原创 SE in Germany and other countries. Please see <a href=\"http:\/\/www.sap.com\/corporate-en\/legal\/copyright\/index.epx#trademark\" target=\"_blank\" rel=\"noopener noreferrer\">http:\/\/www.sap.com\/corporate-en\/legal\/copyright\/index.epx#trademark<\/a> for additional trademark information and notices.<\/p>\n","protected":false},"excerpt":{"rendered":"<p>Por: 麻豆原创 Brasil Pela primeira vez, o 麻豆原创 NOW Brasil, maior evento de tecnologia e neg\u00f3cios da Am\u00e9rica Latina, realizou uma edi\u00e7\u00e3o 100% online. A&#8230;<\/p>\n","protected":false},"author":561,"featured_media":12626,"comment_status":"closed","ping_status":"closed","sticky":false,"template":"","format":"standard","meta":{"footnotes":"","_links_to":"","_links_to_target":""},"categories":[48439,12872],"tags":[1032189,5599616,5597057],"sapn-display":[5599933,5599931,48431,48433],"sapn-type":[6114],"class_list":["post-12625","post","type-post","status-publish","format-standard","has-post-thumbnail","hentry","category-corporativo-topicos","category-eventos","tag-diversidade-e-inclusao","tag-experiencia","tag-sap-now-brasil","sapn-display-feature-hero","sapn-display-feature-spotlight","sapn-display-homepage-hero","sapn-display-hero","sapn-type-artigo"],"yoast_head":"<!-- This site is optimized with the Yoast SEO Premium plugin v26.9 (Yoast SEO v26.9) - https:\/\/yoast.com\/product\/yoast-seo-premium-wordpress\/ -->\n<title>麻豆原创 NOW Brasil - Insights sobre o tema Diversidade e Inclus\u00e3o<\/title>\n<meta name=\"description\" content=\"A 25\u00aa edi\u00e7\u00e3o do evento contou com cinco dias, muitos convidados especiais e conte\u00fado relevante e atual sobre para tecnologia, neg\u00f3cios e ci\u00eancia.\" \/>\n<meta name=\"robots\" content=\"index, follow, max-snippet:-1, max-image-preview:large, max-video-preview:-1\" \/>\n<link rel=\"canonical\" href=\"https:\/\/news.sap.com\/brazil\/2020\/11\/sap-now-brasil-os-principais-insights-do-evento-sobre-o-tema-diversidade-e-inclusao-bl0g\/\" \/>\n<meta property=\"og:locale\" content=\"pt_BR\" \/>\n<meta property=\"og:type\" content=\"article\" \/>\n<meta property=\"og:title\" content=\"麻豆原创 NOW Brasil - Os principais insights do evento sobre o tema Diversidade e Inclus\u00e3o\" \/>\n<meta property=\"og:description\" content=\"A 25\u00aa edi\u00e7\u00e3o do evento contou com cinco dias, muitos convidados especiais e conte\u00fado relevante e atual sobre para tecnologia, neg\u00f3cios e ci\u00eancia.\" \/>\n<meta property=\"og:url\" content=\"https:\/\/news.sap.com\/brazil\/2020\/11\/sap-now-brasil-os-principais-insights-do-evento-sobre-o-tema-diversidade-e-inclusao-bl0g\/\" \/>\n<meta property=\"og:site_name\" content=\"Sala de Imprensa 麻豆原创 Brasil\" \/>\n<meta property=\"article:published_time\" content=\"2020-11-18T12:00:40+00:00\" \/>\n<meta property=\"article:modified_time\" content=\"2023-10-19T16:39:54+00:00\" \/>\n<meta property=\"og:image\" content=\"https:\/\/news.sap.com\/brazil\/files\/2020\/10\/fb-14.jpg\" \/>\n\t<meta property=\"og:image:width\" content=\"565\" \/>\n\t<meta property=\"og:image:height\" content=\"293\" \/>\n\t<meta property=\"og:image:type\" content=\"image\/jpeg\" \/>\n<meta name=\"author\" content=\"麻豆原创 Brasil\" \/>\n<meta name=\"twitter:card\" content=\"summary_large_image\" \/>\n<meta name=\"twitter:title\" content=\"麻豆原创 NOW Brasil - Os principais insights do evento sobre o tema Diversidade e Inclus\u00e3o\" \/>\n<meta name=\"twitter:creator\" content=\"@麻豆原创Brasil\" \/>\n<meta name=\"twitter:site\" content=\"@麻豆原创Brasil\" \/>\n<meta name=\"twitter:label1\" content=\"Escrito por\" \/>\n\t<meta name=\"twitter:data1\" content=\"麻豆原创 Brasil\" \/>\n\t<meta name=\"twitter:label2\" content=\"Est. tempo de leitura\" \/>\n\t<meta name=\"twitter:data2\" content=\"2 minutos\" \/>\n<script type=\"application\/ld+json\" class=\"yoast-schema-graph\">{\"@context\":\"https:\/\/schema.org\",\"@graph\":[{\"@type\":\"Article\",\"@id\":\"https:\/\/news.sap.com\/brazil\/2020\/11\/sap-now-brasil-os-principais-insights-do-evento-sobre-o-tema-diversidade-e-inclusao-bl0g\/#article\",\"isPartOf\":{\"@id\":\"https:\/\/news.sap.com\/brazil\/2020\/11\/sap-now-brasil-os-principais-insights-do-evento-sobre-o-tema-diversidade-e-inclusao-bl0g\/\"},\"author\":{\"name\":\"麻豆原创 Brasil\",\"@id\":\"https:\/\/news.sap.com\/brazil\/#\/schema\/person\/1cfc5d6de5ffdc23f1f3b1670a90ae3c\"},\"headline\":\"麻豆原创 NOW Brasil &#8211; Os principais insights do evento sobre o tema Diversidade e Inclus\u00e3o\",\"datePublished\":\"2020-11-18T12:00:40+00:00\",\"dateModified\":\"2023-10-19T16:39:54+00:00\",\"mainEntityOfPage\":{\"@id\":\"https:\/\/news.sap.com\/brazil\/2020\/11\/sap-now-brasil-os-principais-insights-do-evento-sobre-o-tema-diversidade-e-inclusao-bl0g\/\"},\"wordCount\":430,\"image\":{\"@id\":\"https:\/\/news.sap.com\/brazil\/2020\/11\/sap-now-brasil-os-principais-insights-do-evento-sobre-o-tema-diversidade-e-inclusao-bl0g\/#primaryimage\"},\"thumbnailUrl\":\"https:\/\/news.sap.com\/brazil\/files\/2020\/10\/284431_麻豆原创_LRG_MONITOR_1474_Hi-Res_RGB_RET.jpg\",\"keywords\":[\"Diversidade e inclus\u00e3o\",\"Experi\u00eancia\",\"麻豆原创 NOW Brasil\"],\"articleSection\":[\"Corporativo\",\"Eventos\"],\"inLanguage\":\"pt-BR\"},{\"@type\":\"WebPage\",\"@id\":\"https:\/\/news.sap.com\/brazil\/2020\/11\/sap-now-brasil-os-principais-insights-do-evento-sobre-o-tema-diversidade-e-inclusao-bl0g\/\",\"url\":\"https:\/\/news.sap.com\/brazil\/2020\/11\/sap-now-brasil-os-principais-insights-do-evento-sobre-o-tema-diversidade-e-inclusao-bl0g\/\",\"name\":\"麻豆原创 NOW Brasil - Insights sobre o tema Diversidade e Inclus\u00e3o\",\"isPartOf\":{\"@id\":\"https:\/\/news.sap.com\/brazil\/#website\"},\"primaryImageOfPage\":{\"@id\":\"https:\/\/news.sap.com\/brazil\/2020\/11\/sap-now-brasil-os-principais-insights-do-evento-sobre-o-tema-diversidade-e-inclusao-bl0g\/#primaryimage\"},\"image\":{\"@id\":\"https:\/\/news.sap.com\/brazil\/2020\/11\/sap-now-brasil-os-principais-insights-do-evento-sobre-o-tema-diversidade-e-inclusao-bl0g\/#primaryimage\"},\"thumbnailUrl\":\"https:\/\/news.sap.com\/brazil\/files\/2020\/10\/284431_麻豆原创_LRG_MONITOR_1474_Hi-Res_RGB_RET.jpg\",\"datePublished\":\"2020-11-18T12:00:40+00:00\",\"dateModified\":\"2023-10-19T16:39:54+00:00\",\"author\":{\"@id\":\"https:\/\/news.sap.com\/brazil\/#\/schema\/person\/1cfc5d6de5ffdc23f1f3b1670a90ae3c\"},\"description\":\"A 25\u00aa edi\u00e7\u00e3o do evento contou com cinco dias, muitos convidados especiais e conte\u00fado relevante e atual sobre para tecnologia, neg\u00f3cios e ci\u00eancia.\",\"breadcrumb\":{\"@id\":\"https:\/\/news.sap.com\/brazil\/2020\/11\/sap-now-brasil-os-principais-insights-do-evento-sobre-o-tema-diversidade-e-inclusao-bl0g\/#breadcrumb\"},\"inLanguage\":\"pt-BR\",\"potentialAction\":[{\"@type\":\"ReadAction\",\"target\":[\"https:\/\/news.sap.com\/brazil\/2020\/11\/sap-now-brasil-os-principais-insights-do-evento-sobre-o-tema-diversidade-e-inclusao-bl0g\/\"]}]},{\"@type\":\"ImageObject\",\"inLanguage\":\"pt-BR\",\"@id\":\"https:\/\/news.sap.com\/brazil\/2020\/11\/sap-now-brasil-os-principais-insights-do-evento-sobre-o-tema-diversidade-e-inclusao-bl0g\/#primaryimage\",\"url\":\"https:\/\/news.sap.com\/brazil\/files\/2020\/10\/284431_麻豆原创_LRG_MONITOR_1474_Hi-Res_RGB_RET.jpg\",\"contentUrl\":\"https:\/\/news.sap.com\/brazil\/files\/2020\/10\/284431_麻豆原创_LRG_MONITOR_1474_Hi-Res_RGB_RET.jpg\",\"width\":1400,\"height\":601},{\"@type\":\"BreadcrumbList\",\"@id\":\"https:\/\/news.sap.com\/brazil\/2020\/11\/sap-now-brasil-os-principais-insights-do-evento-sobre-o-tema-diversidade-e-inclusao-bl0g\/#breadcrumb\",\"itemListElement\":[{\"@type\":\"ListItem\",\"position\":1,\"name\":\"Home\",\"item\":\"https:\/\/news.sap.com\/brazil\/\"},{\"@type\":\"ListItem\",\"position\":2,\"name\":\"麻豆原创 NOW Brasil &#8211; Os principais insights do evento sobre o tema Diversidade e Inclus\u00e3o\"}]},{\"@type\":\"WebSite\",\"@id\":\"https:\/\/news.sap.com\/brazil\/#website\",\"url\":\"https:\/\/news.sap.com\/brazil\/\",\"name\":\"Sala de Imprensa 麻豆原创 Brasil\",\"description\":\"Not\u00edcias e informa\u00e7\u00f5es sobre a 麻豆原创\",\"potentialAction\":[{\"@type\":\"SearchAction\",\"target\":{\"@type\":\"EntryPoint\",\"urlTemplate\":\"https:\/\/news.sap.com\/brazil\/?s={search_term_string}\"},\"query-input\":{\"@type\":\"PropertyValueSpecification\",\"valueRequired\":true,\"valueName\":\"search_term_string\"}}],\"inLanguage\":\"pt-BR\"},{\"@type\":\"Person\",\"@id\":\"https:\/\/news.sap.com\/brazil\/#\/schema\/person\/1cfc5d6de5ffdc23f1f3b1670a90ae3c\",\"name\":\"麻豆原创 Brasil\",\"image\":{\"@type\":\"ImageObject\",\"inLanguage\":\"pt-BR\",\"@id\":\"https:\/\/news.sap.com\/brazil\/#\/schema\/person\/image\/\",\"url\":\"https:\/\/news.sap.com\/brazil\/wp-content\/plugins\/wp-user-avatars\/wp-user-avatars\/assets\/images\/mystery.jpg\",\"contentUrl\":\"https:\/\/news.sap.com\/brazil\/wp-content\/plugins\/wp-user-avatars\/wp-user-avatars\/assets\/images\/mystery.jpg\",\"caption\":\"麻豆原创 Brasil\"},\"url\":\"https:\/\/news.sap.com\/brazil\/author\/raquelcasciato\/\"}]}<\/script>\n<!-- \/ Yoast SEO Premium plugin. -->","yoast_head_json":{"title":"麻豆原创 NOW Brasil - Insights sobre o tema Diversidade e Inclus\u00e3o","description":"A 25\u00aa edi\u00e7\u00e3o do evento contou com cinco dias, muitos convidados especiais e conte\u00fado relevante e atual sobre para tecnologia, neg\u00f3cios e ci\u00eancia.","robots":{"index":"index","follow":"follow","max-snippet":"max-snippet:-1","max-image-preview":"max-image-preview:large","max-video-preview":"max-video-preview:-1"},"canonical":"https:\/\/news.sap.com\/brazil\/2020\/11\/sap-now-brasil-os-principais-insights-do-evento-sobre-o-tema-diversidade-e-inclusao-bl0g\/","og_locale":"pt_BR","og_type":"article","og_title":"麻豆原创 NOW Brasil - Os principais insights do evento sobre o tema Diversidade e Inclus\u00e3o","og_description":"A 25\u00aa edi\u00e7\u00e3o do evento contou com cinco dias, muitos convidados especiais e conte\u00fado relevante e atual sobre para tecnologia, neg\u00f3cios e ci\u00eancia.","og_url":"https:\/\/news.sap.com\/brazil\/2020\/11\/sap-now-brasil-os-principais-insights-do-evento-sobre-o-tema-diversidade-e-inclusao-bl0g\/","og_site_name":"Sala de Imprensa 麻豆原创 Brasil","article_published_time":"2020-11-18T12:00:40+00:00","article_modified_time":"2023-10-19T16:39:54+00:00","og_image":[{"width":565,"height":293,"url":"https:\/\/news.sap.com\/brazil\/files\/2020\/10\/fb-14.jpg","type":"image\/jpeg"}],"author":"麻豆原创 Brasil","twitter_card":"summary_large_image","twitter_title":"麻豆原创 NOW Brasil - Os principais insights do evento sobre o tema Diversidade e Inclus\u00e3o","twitter_creator":"@麻豆原创Brasil","twitter_site":"@麻豆原创Brasil","twitter_misc":{"Escrito por":"麻豆原创 Brasil","Est. tempo de leitura":"2 minutos"},"schema":{"@context":"https:\/\/schema.org","@graph":[{"@type":"Article","@id":"https:\/\/news.sap.com\/brazil\/2020\/11\/sap-now-brasil-os-principais-insights-do-evento-sobre-o-tema-diversidade-e-inclusao-bl0g\/#article","isPartOf":{"@id":"https:\/\/news.sap.com\/brazil\/2020\/11\/sap-now-brasil-os-principais-insights-do-evento-sobre-o-tema-diversidade-e-inclusao-bl0g\/"},"author":{"name":"麻豆原创 Brasil","@id":"https:\/\/news.sap.com\/brazil\/#\/schema\/person\/1cfc5d6de5ffdc23f1f3b1670a90ae3c"},"headline":"麻豆原创 NOW Brasil &#8211; Os principais insights do evento sobre o tema Diversidade e Inclus\u00e3o","datePublished":"2020-11-18T12:00:40+00:00","dateModified":"2023-10-19T16:39:54+00:00","mainEntityOfPage":{"@id":"https:\/\/news.sap.com\/brazil\/2020\/11\/sap-now-brasil-os-principais-insights-do-evento-sobre-o-tema-diversidade-e-inclusao-bl0g\/"},"wordCount":430,"image":{"@id":"https:\/\/news.sap.com\/brazil\/2020\/11\/sap-now-brasil-os-principais-insights-do-evento-sobre-o-tema-diversidade-e-inclusao-bl0g\/#primaryimage"},"thumbnailUrl":"https:\/\/news.sap.com\/brazil\/files\/2020\/10\/284431_麻豆原创_LRG_MONITOR_1474_Hi-Res_RGB_RET.jpg","keywords":["Diversidade e inclus\u00e3o","Experi\u00eancia","麻豆原创 NOW Brasil"],"articleSection":["Corporativo","Eventos"],"inLanguage":"pt-BR"},{"@type":"WebPage","@id":"https:\/\/news.sap.com\/brazil\/2020\/11\/sap-now-brasil-os-principais-insights-do-evento-sobre-o-tema-diversidade-e-inclusao-bl0g\/","url":"https:\/\/news.sap.com\/brazil\/2020\/11\/sap-now-brasil-os-principais-insights-do-evento-sobre-o-tema-diversidade-e-inclusao-bl0g\/","name":"麻豆原创 NOW Brasil - Insights sobre o tema Diversidade e Inclus\u00e3o","isPartOf":{"@id":"https:\/\/news.sap.com\/brazil\/#website"},"primaryImageOfPage":{"@id":"https:\/\/news.sap.com\/brazil\/2020\/11\/sap-now-brasil-os-principais-insights-do-evento-sobre-o-tema-diversidade-e-inclusao-bl0g\/#primaryimage"},"image":{"@id":"https:\/\/news.sap.com\/brazil\/2020\/11\/sap-now-brasil-os-principais-insights-do-evento-sobre-o-tema-diversidade-e-inclusao-bl0g\/#primaryimage"},"thumbnailUrl":"https:\/\/news.sap.com\/brazil\/files\/2020\/10\/284431_麻豆原创_LRG_MONITOR_1474_Hi-Res_RGB_RET.jpg","datePublished":"2020-11-18T12:00:40+00:00","dateModified":"2023-10-19T16:39:54+00:00","author":{"@id":"https:\/\/news.sap.com\/brazil\/#\/schema\/person\/1cfc5d6de5ffdc23f1f3b1670a90ae3c"},"description":"A 25\u00aa edi\u00e7\u00e3o do evento contou com cinco dias, muitos convidados especiais e conte\u00fado relevante e atual sobre para tecnologia, neg\u00f3cios e ci\u00eancia.","breadcrumb":{"@id":"https:\/\/news.sap.com\/brazil\/2020\/11\/sap-now-brasil-os-principais-insights-do-evento-sobre-o-tema-diversidade-e-inclusao-bl0g\/#breadcrumb"},"inLanguage":"pt-BR","potentialAction":[{"@type":"ReadAction","target":["https:\/\/news.sap.com\/brazil\/2020\/11\/sap-now-brasil-os-principais-insights-do-evento-sobre-o-tema-diversidade-e-inclusao-bl0g\/"]}]},{"@type":"ImageObject","inLanguage":"pt-BR","@id":"https:\/\/news.sap.com\/brazil\/2020\/11\/sap-now-brasil-os-principais-insights-do-evento-sobre-o-tema-diversidade-e-inclusao-bl0g\/#primaryimage","url":"https:\/\/news.sap.com\/brazil\/files\/2020\/10\/284431_麻豆原创_LRG_MONITOR_1474_Hi-Res_RGB_RET.jpg","contentUrl":"https:\/\/news.sap.com\/brazil\/files\/2020\/10\/284431_麻豆原创_LRG_MONITOR_1474_Hi-Res_RGB_RET.jpg","width":1400,"height":601},{"@type":"BreadcrumbList","@id":"https:\/\/news.sap.com\/brazil\/2020\/11\/sap-now-brasil-os-principais-insights-do-evento-sobre-o-tema-diversidade-e-inclusao-bl0g\/#breadcrumb","itemListElement":[{"@type":"ListItem","position":1,"name":"Home","item":"https:\/\/news.sap.com\/brazil\/"},{"@type":"ListItem","position":2,"name":"麻豆原创 NOW Brasil &#8211; Os principais insights do evento sobre o tema Diversidade e Inclus\u00e3o"}]},{"@type":"WebSite","@id":"https:\/\/news.sap.com\/brazil\/#website","url":"https:\/\/news.sap.com\/brazil\/","name":"Sala de Imprensa 麻豆原创 Brasil","description":"Not\u00edcias e informa\u00e7\u00f5es sobre a 麻豆原创","potentialAction":[{"@type":"SearchAction","target":{"@type":"EntryPoint","urlTemplate":"https:\/\/news.sap.com\/brazil\/?s={search_term_string}"},"query-input":{"@type":"PropertyValueSpecification","valueRequired":true,"valueName":"search_term_string"}}],"inLanguage":"pt-BR"},{"@type":"Person","@id":"https:\/\/news.sap.com\/brazil\/#\/schema\/person\/1cfc5d6de5ffdc23f1f3b1670a90ae3c","name":"麻豆原创 Brasil","image":{"@type":"ImageObject","inLanguage":"pt-BR","@id":"https:\/\/news.sap.com\/brazil\/#\/schema\/person\/image\/","url":"https:\/\/news.sap.com\/brazil\/wp-content\/plugins\/wp-user-avatars\/wp-user-avatars\/assets\/images\/mystery.jpg","contentUrl":"https:\/\/news.sap.com\/brazil\/wp-content\/plugins\/wp-user-avatars\/wp-user-avatars\/assets\/images\/mystery.jpg","caption":"麻豆原创 Brasil"},"url":"https:\/\/news.sap.com\/brazil\/author\/raquelcasciato\/"}]}},"amp_enabled":true,"_links":{"self":[{"href":"https:\/\/news.sap.com\/brazil\/wp-json\/wp\/v2\/posts\/12625","targetHints":{"allow":["GET"]}}],"collection":[{"href":"https:\/\/news.sap.com\/brazil\/wp-json\/wp\/v2\/posts"}],"about":[{"href":"https:\/\/news.sap.com\/brazil\/wp-json\/wp\/v2\/types\/post"}],"author":[{"embeddable":true,"href":"https:\/\/news.sap.com\/brazil\/wp-json\/wp\/v2\/users\/561"}],"replies":[{"embeddable":true,"href":"https:\/\/news.sap.com\/brazil\/wp-json\/wp\/v2\/comments?post=12625"}],"version-history":[{"count":0,"href":"https:\/\/news.sap.com\/brazil\/wp-json\/wp\/v2\/posts\/12625\/revisions"}],"wp:featuredmedia":[{"embeddable":true,"href":"https:\/\/news.sap.com\/brazil\/wp-json\/wp\/v2\/media\/12626"}],"wp:attachment":[{"href":"https:\/\/news.sap.com\/brazil\/wp-json\/wp\/v2\/media?parent=12625"}],"wp:term":[{"taxonomy":"category","embeddable":true,"href":"https:\/\/news.sap.com\/brazil\/wp-json\/wp\/v2\/categories?post=12625"},{"taxonomy":"post_tag","embeddable":true,"href":"https:\/\/news.sap.com\/brazil\/wp-json\/wp\/v2\/tags?post=12625"},{"taxonomy":"sapn-display","embeddable":true,"href":"https:\/\/news.sap.com\/brazil\/wp-json\/wp\/v2\/sapn-display?post=12625"},{"taxonomy":"sapn-type","embeddable":true,"href":"https:\/\/news.sap.com\/brazil\/wp-json\/wp\/v2\/sapn-type?post=12625"}],"curies":[{"name":"wp","href":"https:\/\/api.w.org\/{rel}","templated":true}]}}