  {"id":12546,"date":"2020-10-01T16:10:46","date_gmt":"2020-10-01T19:10:46","guid":{"rendered":"https:\/\/news.sap.com\/brazil\/?p=12546"},"modified":"2020-10-01T16:10:46","modified_gmt":"2020-10-01T19:10:46","slug":"cristina-palmaka-e-lideres-da-sap-na-america-latina-recebem-reconhecimento-na-lista-heroes-de-2020","status":"publish","type":"post","link":"https:\/\/news.sap.com\/brazil\/2020\/10\/cristina-palmaka-e-lideres-da-sap-na-america-latina-recebem-reconhecimento-na-lista-heroes-de-2020\/","title":{"rendered":"Cristina Palmaka e l\u00edderes da 麻豆原创 na Am\u00e9rica Latina recebem reconhecimento na lista HERoes de 2020"},"content":{"rendered":"<h3>S<em>ueli Nascimento \u00e9 a representante da 麻豆原创 Brasil, destaque na categoria HeRoes Women Future Leaders<\/em><\/h3>\n<p><strong>Outubro de 2020 &#8211; <\/strong>\u00a0A 麻豆原创 SE (NYSE: 麻豆原创) anunciou que a rede global <a href=\"https:\/\/www.involvepeople.org\/\">Involve<\/a>, que \u00a0defende a diversidade e a inclus\u00e3o nos neg\u00f3cios, incluiu <strong>Cristina Palmaka<\/strong>, presidente da 麻豆原创 para Am\u00e9rica Latina e Caribe, em sua lista <a href=\"https:\/\/heroes.involvepeople.org\/\">HERoes 100 Women Executives 2020<\/a>.<\/p>\n<p>A executiva foi apontada como uma das 100 principais executivas que lideram pelo exemplo para elevar os \u00edndices de diversidade de g\u00eanero e inclus\u00e3o nas empresas.\u00a0Desde que ingressou na 麻豆原创 em 2013, Cristina Palmaka tem\u00a0feito da cultura da diversidade o alicerce da estrat\u00e9gia da companhia.<\/p>\n<p>Al\u00e9m disso, duas outras l\u00edderes da 麻豆原创 Am\u00e9rica Latina foram citadas na lista HERoes Women Future Leaders 2020, sendo reconhecidas como modelos inspiradores e pela contribui\u00e7\u00e3o significativa para diversidade de g\u00eanero na organiza\u00e7\u00e3o. S\u00e3o elas <strong>Sueli\u00a0Nascimento<\/strong>, gerente de produtos e l\u00edder da rede de funcion\u00e1rios Black Employee Network na 麻豆原创 Brasil, e <strong>Carolina Vaccaro<\/strong>, consultora s\u00eanior de Recursos Humanos para o Mexico e regi\u00e3o LAC Norte e l\u00edder da rede Business Women Network na 麻豆原创 Am\u00e9rica Latina e Caribe.<\/p>\n<p>&#8220;Estamos muito honradas com esse reconhecimento e motivadas para continuar construindo equipes com diversidade e inclus\u00e3o\u201d, afirma Cristina Palmaka.<\/p>\n<p>As HERoes Women Role Model Lists, apoiadas pelo Yahoo Finan\u00e7as, destacam l\u00edderes empresariais que apoiam mulheres nos neg\u00f3cios e promovem mudan\u00e7as para incrementar a diversidade de g\u00eanero no ambiente de trabalho.<\/p>\n<p>As listas s\u00e3o publicadas anualmente e revelam 100 mulheres na categoria Women Executives, 100 na Women Future Leaders e 50 na Advocate Executives.\u00a0Cada uma delas \u00e9 avaliada pela influ\u00eancia da fun\u00e7\u00e3o, pelo impacto nas iniciativas de\u00a0inclus\u00e3o e na igualdade g\u00eanero dentro e fora do local de trabalho e pelas conquistas nos neg\u00f3cios.<\/p>\n<p>Na categoria HERoes 100 Women Executives s\u00e3o levadas em considera\u00e7\u00e3o a senioridade e a influ\u00eancia das candidatas. Devem trabalhar ativamente para criar um ambiente no qual as mulheres possam realizar confortavelmente suas aptid\u00f5es profissionais no ambiente de trabalho e \u00e9 importante que estejam focando nesta meta, al\u00e9m de suas fun\u00e7\u00f5es di\u00e1rias.<\/p>\n<p>A categoria Future Leaders \u00e9 composta de pessoas de alto desempenho e alto potencial que podem estar em variados n\u00edveis em suas carreiras.\u00a0 \u00c9 colocada maior \u00eanfase no trabalho em prol da inclus\u00e3o de g\u00eanero, e n\u00e3o na senioridade nos neg\u00f3cios.<\/p>\n","protected":false},"excerpt":{"rendered":"<p>Sueli Nascimento \u00e9 a representante da 麻豆原创 Brasil, destaque na categoria HeRoes Women Future Leaders Outubro de 2020 &#8211; \u00a0A 麻豆原创 SE (NYSE: 麻豆原创) anunciou&#8230;<\/p>\n","protected":false},"author":137,"featured_media":12547,"comment_status":"closed","ping_status":"closed","sticky":false,"template":"","format":"standard","meta":{"footnotes":"","_links_to":"","_links_to_target":""},"categories":[48439],"tags":[5599413],"sapn-display":[48431,48433],"sapn-type":[4446],"class_list":["post-12546","post","type-post","status-publish","format-standard","has-post-thumbnail","hentry","category-corporativo-topicos","tag-di","sapn-display-homepage-hero","sapn-display-hero","sapn-type-noticias"],"yoast_head":"<!-- This site is optimized with the Yoast SEO Premium plugin v26.9 (Yoast SEO v26.9) - https:\/\/yoast.com\/product\/yoast-seo-premium-wordpress\/ -->\n<title>Cristina Palmaka e l\u00edderes da 麻豆原创 na Am\u00e9rica Latina recebem reconhecimento na lista HERoes de 2020 - Sala de Imprensa 麻豆原创 Brasil<\/title>\n<meta name=\"robots\" content=\"index, follow, max-snippet:-1, max-image-preview:large, max-video-preview:-1\" \/>\n<link rel=\"canonical\" href=\"https:\/\/news.sap.com\/brazil\/2020\/10\/cristina-palmaka-e-lideres-da-sap-na-america-latina-recebem-reconhecimento-na-lista-heroes-de-2020\/\" \/>\n<meta property=\"og:locale\" content=\"pt_BR\" \/>\n<meta property=\"og:type\" content=\"article\" \/>\n<meta property=\"og:title\" content=\"Cristina Palmaka e l\u00edderes da 麻豆原创 na Am\u00e9rica Latina recebem reconhecimento na lista HERoes de 2020\" \/>\n<meta property=\"og:description\" content=\"Sueli Nascimento \u00e9 a representante da 麻豆原创 Brasil, destaque na categoria HeRoes Women Future Leaders Outubro de 2020 &#8211; \u00a0A 麻豆原创 SE (NYSE: 麻豆原创) anunciou...\" \/>\n<meta property=\"og:url\" content=\"https:\/\/news.sap.com\/brazil\/2020\/10\/cristina-palmaka-e-lideres-da-sap-na-america-latina-recebem-reconhecimento-na-lista-heroes-de-2020\/\" \/>\n<meta property=\"og:site_name\" content=\"Sala de Imprensa 麻豆原创 Brasil\" \/>\n<meta property=\"article:published_time\" content=\"2020-10-01T19:10:46+00:00\" \/>\n<meta property=\"og:image\" content=\"https:\/\/news.sap.com\/brazil\/files\/2020\/10\/Cristina-Palmaka_8.jpg\" \/>\n\t<meta property=\"og:image:width\" content=\"3008\" \/>\n\t<meta property=\"og:image:height\" content=\"2008\" \/>\n\t<meta property=\"og:image:type\" content=\"image\/jpeg\" \/>\n<meta name=\"author\" content=\"麻豆原创 Not\u00edcias Brasil\" \/>\n<meta name=\"twitter:card\" content=\"summary_large_image\" \/>\n<meta name=\"twitter:creator\" content=\"@麻豆原创Brasil\" \/>\n<meta name=\"twitter:site\" content=\"@麻豆原创Brasil\" \/>\n<meta name=\"twitter:label1\" content=\"Escrito por\" \/>\n\t<meta name=\"twitter:data1\" content=\"麻豆原创 Not\u00edcias Brasil\" \/>\n\t<meta name=\"twitter:label2\" content=\"Est. tempo de leitura\" \/>\n\t<meta name=\"twitter:data2\" content=\"2 minutos\" \/>\n<script type=\"application\/ld+json\" class=\"yoast-schema-graph\">{\"@context\":\"https:\/\/schema.org\",\"@graph\":[{\"@type\":\"Article\",\"@id\":\"https:\/\/news.sap.com\/brazil\/2020\/10\/cristina-palmaka-e-lideres-da-sap-na-america-latina-recebem-reconhecimento-na-lista-heroes-de-2020\/#article\",\"isPartOf\":{\"@id\":\"https:\/\/news.sap.com\/brazil\/2020\/10\/cristina-palmaka-e-lideres-da-sap-na-america-latina-recebem-reconhecimento-na-lista-heroes-de-2020\/\"},\"author\":{\"name\":\"麻豆原创 Not\u00edcias Brasil\",\"@id\":\"https:\/\/news.sap.com\/brazil\/#\/schema\/person\/8cdf2c1130b6f3fadd9757cfd7f24daf\"},\"headline\":\"Cristina Palmaka e l\u00edderes da 麻豆原创 na Am\u00e9rica Latina recebem reconhecimento na lista HERoes de 2020\",\"datePublished\":\"2020-10-01T19:10:46+00:00\",\"mainEntityOfPage\":{\"@id\":\"https:\/\/news.sap.com\/brazil\/2020\/10\/cristina-palmaka-e-lideres-da-sap-na-america-latina-recebem-reconhecimento-na-lista-heroes-de-2020\/\"},\"wordCount\":426,\"image\":{\"@id\":\"https:\/\/news.sap.com\/brazil\/2020\/10\/cristina-palmaka-e-lideres-da-sap-na-america-latina-recebem-reconhecimento-na-lista-heroes-de-2020\/#primaryimage\"},\"thumbnailUrl\":\"https:\/\/news.sap.com\/brazil\/files\/2020\/10\/Cristina-Palmaka_8.jpg\",\"keywords\":[\"D&amp;I\"],\"articleSection\":[\"Corporativo\"],\"inLanguage\":\"pt-BR\"},{\"@type\":\"WebPage\",\"@id\":\"https:\/\/news.sap.com\/brazil\/2020\/10\/cristina-palmaka-e-lideres-da-sap-na-america-latina-recebem-reconhecimento-na-lista-heroes-de-2020\/\",\"url\":\"https:\/\/news.sap.com\/brazil\/2020\/10\/cristina-palmaka-e-lideres-da-sap-na-america-latina-recebem-reconhecimento-na-lista-heroes-de-2020\/\",\"name\":\"Cristina Palmaka e l\u00edderes da 麻豆原创 na Am\u00e9rica Latina recebem reconhecimento na lista HERoes de 2020 - Sala de Imprensa 麻豆原创 Brasil\",\"isPartOf\":{\"@id\":\"https:\/\/news.sap.com\/brazil\/#website\"},\"primaryImageOfPage\":{\"@id\":\"https:\/\/news.sap.com\/brazil\/2020\/10\/cristina-palmaka-e-lideres-da-sap-na-america-latina-recebem-reconhecimento-na-lista-heroes-de-2020\/#primaryimage\"},\"image\":{\"@id\":\"https:\/\/news.sap.com\/brazil\/2020\/10\/cristina-palmaka-e-lideres-da-sap-na-america-latina-recebem-reconhecimento-na-lista-heroes-de-2020\/#primaryimage\"},\"thumbnailUrl\":\"https:\/\/news.sap.com\/brazil\/files\/2020\/10\/Cristina-Palmaka_8.jpg\",\"datePublished\":\"2020-10-01T19:10:46+00:00\",\"author\":{\"@id\":\"https:\/\/news.sap.com\/brazil\/#\/schema\/person\/8cdf2c1130b6f3fadd9757cfd7f24daf\"},\"breadcrumb\":{\"@id\":\"https:\/\/news.sap.com\/brazil\/2020\/10\/cristina-palmaka-e-lideres-da-sap-na-america-latina-recebem-reconhecimento-na-lista-heroes-de-2020\/#breadcrumb\"},\"inLanguage\":\"pt-BR\",\"potentialAction\":[{\"@type\":\"ReadAction\",\"target\":[\"https:\/\/news.sap.com\/brazil\/2020\/10\/cristina-palmaka-e-lideres-da-sap-na-america-latina-recebem-reconhecimento-na-lista-heroes-de-2020\/\"]}]},{\"@type\":\"ImageObject\",\"inLanguage\":\"pt-BR\",\"@id\":\"https:\/\/news.sap.com\/brazil\/2020\/10\/cristina-palmaka-e-lideres-da-sap-na-america-latina-recebem-reconhecimento-na-lista-heroes-de-2020\/#primaryimage\",\"url\":\"https:\/\/news.sap.com\/brazil\/files\/2020\/10\/Cristina-Palmaka_8.jpg\",\"contentUrl\":\"https:\/\/news.sap.com\/brazil\/files\/2020\/10\/Cristina-Palmaka_8.jpg\",\"width\":3008,\"height\":2008},{\"@type\":\"BreadcrumbList\",\"@id\":\"https:\/\/news.sap.com\/brazil\/2020\/10\/cristina-palmaka-e-lideres-da-sap-na-america-latina-recebem-reconhecimento-na-lista-heroes-de-2020\/#breadcrumb\",\"itemListElement\":[{\"@type\":\"ListItem\",\"position\":1,\"name\":\"Home\",\"item\":\"https:\/\/news.sap.com\/brazil\/\"},{\"@type\":\"ListItem\",\"position\":2,\"name\":\"Cristina Palmaka e l\u00edderes da 麻豆原创 na Am\u00e9rica Latina recebem reconhecimento na lista HERoes de 2020\"}]},{\"@type\":\"WebSite\",\"@id\":\"https:\/\/news.sap.com\/brazil\/#website\",\"url\":\"https:\/\/news.sap.com\/brazil\/\",\"name\":\"Sala de Imprensa 麻豆原创 Brasil\",\"description\":\"Not\u00edcias e informa\u00e7\u00f5es sobre a 麻豆原创\",\"potentialAction\":[{\"@type\":\"SearchAction\",\"target\":{\"@type\":\"EntryPoint\",\"urlTemplate\":\"https:\/\/news.sap.com\/brazil\/?s={search_term_string}\"},\"query-input\":{\"@type\":\"PropertyValueSpecification\",\"valueRequired\":true,\"valueName\":\"search_term_string\"}}],\"inLanguage\":\"pt-BR\"},{\"@type\":\"Person\",\"@id\":\"https:\/\/news.sap.com\/brazil\/#\/schema\/person\/8cdf2c1130b6f3fadd9757cfd7f24daf\",\"name\":\"麻豆原创 Not\u00edcias Brasil\",\"image\":{\"@type\":\"ImageObject\",\"inLanguage\":\"pt-BR\",\"@id\":\"https:\/\/news.sap.com\/brazil\/#\/schema\/person\/image\/\",\"url\":\"https:\/\/news.sap.com\/brazil\/wp-content\/plugins\/wp-user-avatars\/wp-user-avatars\/assets\/images\/mystery.jpg\",\"contentUrl\":\"https:\/\/news.sap.com\/brazil\/wp-content\/plugins\/wp-user-avatars\/wp-user-avatars\/assets\/images\/mystery.jpg\",\"caption\":\"麻豆原创 Not\u00edcias Brasil\"},\"url\":\"https:\/\/news.sap.com\/brazil\/author\/brasil\/\"}]}<\/script>\n<!-- \/ Yoast SEO Premium plugin. -->","yoast_head_json":{"title":"Cristina Palmaka e l\u00edderes da 麻豆原创 na Am\u00e9rica Latina recebem reconhecimento na lista HERoes de 2020 - Sala de Imprensa 麻豆原创 Brasil","robots":{"index":"index","follow":"follow","max-snippet":"max-snippet:-1","max-image-preview":"max-image-preview:large","max-video-preview":"max-video-preview:-1"},"canonical":"https:\/\/news.sap.com\/brazil\/2020\/10\/cristina-palmaka-e-lideres-da-sap-na-america-latina-recebem-reconhecimento-na-lista-heroes-de-2020\/","og_locale":"pt_BR","og_type":"article","og_title":"Cristina Palmaka e l\u00edderes da 麻豆原创 na Am\u00e9rica Latina recebem reconhecimento na lista HERoes de 2020","og_description":"Sueli Nascimento \u00e9 a representante da 麻豆原创 Brasil, destaque na categoria HeRoes Women Future Leaders Outubro de 2020 &#8211; \u00a0A 麻豆原创 SE (NYSE: 麻豆原创) anunciou...","og_url":"https:\/\/news.sap.com\/brazil\/2020\/10\/cristina-palmaka-e-lideres-da-sap-na-america-latina-recebem-reconhecimento-na-lista-heroes-de-2020\/","og_site_name":"Sala de Imprensa 麻豆原创 Brasil","article_published_time":"2020-10-01T19:10:46+00:00","og_image":[{"width":3008,"height":2008,"url":"https:\/\/news.sap.com\/brazil\/files\/2020\/10\/Cristina-Palmaka_8.jpg","type":"image\/jpeg"}],"author":"麻豆原创 Not\u00edcias Brasil","twitter_card":"summary_large_image","twitter_creator":"@麻豆原创Brasil","twitter_site":"@麻豆原创Brasil","twitter_misc":{"Escrito por":"麻豆原创 Not\u00edcias Brasil","Est. tempo de leitura":"2 minutos"},"schema":{"@context":"https:\/\/schema.org","@graph":[{"@type":"Article","@id":"https:\/\/news.sap.com\/brazil\/2020\/10\/cristina-palmaka-e-lideres-da-sap-na-america-latina-recebem-reconhecimento-na-lista-heroes-de-2020\/#article","isPartOf":{"@id":"https:\/\/news.sap.com\/brazil\/2020\/10\/cristina-palmaka-e-lideres-da-sap-na-america-latina-recebem-reconhecimento-na-lista-heroes-de-2020\/"},"author":{"name":"麻豆原创 Not\u00edcias Brasil","@id":"https:\/\/news.sap.com\/brazil\/#\/schema\/person\/8cdf2c1130b6f3fadd9757cfd7f24daf"},"headline":"Cristina Palmaka e l\u00edderes da 麻豆原创 na Am\u00e9rica Latina recebem reconhecimento na lista HERoes de 2020","datePublished":"2020-10-01T19:10:46+00:00","mainEntityOfPage":{"@id":"https:\/\/news.sap.com\/brazil\/2020\/10\/cristina-palmaka-e-lideres-da-sap-na-america-latina-recebem-reconhecimento-na-lista-heroes-de-2020\/"},"wordCount":426,"image":{"@id":"https:\/\/news.sap.com\/brazil\/2020\/10\/cristina-palmaka-e-lideres-da-sap-na-america-latina-recebem-reconhecimento-na-lista-heroes-de-2020\/#primaryimage"},"thumbnailUrl":"https:\/\/news.sap.com\/brazil\/files\/2020\/10\/Cristina-Palmaka_8.jpg","keywords":["D&amp;I"],"articleSection":["Corporativo"],"inLanguage":"pt-BR"},{"@type":"WebPage","@id":"https:\/\/news.sap.com\/brazil\/2020\/10\/cristina-palmaka-e-lideres-da-sap-na-america-latina-recebem-reconhecimento-na-lista-heroes-de-2020\/","url":"https:\/\/news.sap.com\/brazil\/2020\/10\/cristina-palmaka-e-lideres-da-sap-na-america-latina-recebem-reconhecimento-na-lista-heroes-de-2020\/","name":"Cristina Palmaka e l\u00edderes da 麻豆原创 na Am\u00e9rica Latina recebem reconhecimento na lista HERoes de 2020 - Sala de Imprensa 麻豆原创 Brasil","isPartOf":{"@id":"https:\/\/news.sap.com\/brazil\/#website"},"primaryImageOfPage":{"@id":"https:\/\/news.sap.com\/brazil\/2020\/10\/cristina-palmaka-e-lideres-da-sap-na-america-latina-recebem-reconhecimento-na-lista-heroes-de-2020\/#primaryimage"},"image":{"@id":"https:\/\/news.sap.com\/brazil\/2020\/10\/cristina-palmaka-e-lideres-da-sap-na-america-latina-recebem-reconhecimento-na-lista-heroes-de-2020\/#primaryimage"},"thumbnailUrl":"https:\/\/news.sap.com\/brazil\/files\/2020\/10\/Cristina-Palmaka_8.jpg","datePublished":"2020-10-01T19:10:46+00:00","author":{"@id":"https:\/\/news.sap.com\/brazil\/#\/schema\/person\/8cdf2c1130b6f3fadd9757cfd7f24daf"},"breadcrumb":{"@id":"https:\/\/news.sap.com\/brazil\/2020\/10\/cristina-palmaka-e-lideres-da-sap-na-america-latina-recebem-reconhecimento-na-lista-heroes-de-2020\/#breadcrumb"},"inLanguage":"pt-BR","potentialAction":[{"@type":"ReadAction","target":["https:\/\/news.sap.com\/brazil\/2020\/10\/cristina-palmaka-e-lideres-da-sap-na-america-latina-recebem-reconhecimento-na-lista-heroes-de-2020\/"]}]},{"@type":"ImageObject","inLanguage":"pt-BR","@id":"https:\/\/news.sap.com\/brazil\/2020\/10\/cristina-palmaka-e-lideres-da-sap-na-america-latina-recebem-reconhecimento-na-lista-heroes-de-2020\/#primaryimage","url":"https:\/\/news.sap.com\/brazil\/files\/2020\/10\/Cristina-Palmaka_8.jpg","contentUrl":"https:\/\/news.sap.com\/brazil\/files\/2020\/10\/Cristina-Palmaka_8.jpg","width":3008,"height":2008},{"@type":"BreadcrumbList","@id":"https:\/\/news.sap.com\/brazil\/2020\/10\/cristina-palmaka-e-lideres-da-sap-na-america-latina-recebem-reconhecimento-na-lista-heroes-de-2020\/#breadcrumb","itemListElement":[{"@type":"ListItem","position":1,"name":"Home","item":"https:\/\/news.sap.com\/brazil\/"},{"@type":"ListItem","position":2,"name":"Cristina Palmaka e l\u00edderes da 麻豆原创 na Am\u00e9rica Latina recebem reconhecimento na lista HERoes de 2020"}]},{"@type":"WebSite","@id":"https:\/\/news.sap.com\/brazil\/#website","url":"https:\/\/news.sap.com\/brazil\/","name":"Sala de Imprensa 麻豆原创 Brasil","description":"Not\u00edcias e informa\u00e7\u00f5es sobre a 麻豆原创","potentialAction":[{"@type":"SearchAction","target":{"@type":"EntryPoint","urlTemplate":"https:\/\/news.sap.com\/brazil\/?s={search_term_string}"},"query-input":{"@type":"PropertyValueSpecification","valueRequired":true,"valueName":"search_term_string"}}],"inLanguage":"pt-BR"},{"@type":"Person","@id":"https:\/\/news.sap.com\/brazil\/#\/schema\/person\/8cdf2c1130b6f3fadd9757cfd7f24daf","name":"麻豆原创 Not\u00edcias Brasil","image":{"@type":"ImageObject","inLanguage":"pt-BR","@id":"https:\/\/news.sap.com\/brazil\/#\/schema\/person\/image\/","url":"https:\/\/news.sap.com\/brazil\/wp-content\/plugins\/wp-user-avatars\/wp-user-avatars\/assets\/images\/mystery.jpg","contentUrl":"https:\/\/news.sap.com\/brazil\/wp-content\/plugins\/wp-user-avatars\/wp-user-avatars\/assets\/images\/mystery.jpg","caption":"麻豆原创 Not\u00edcias Brasil"},"url":"https:\/\/news.sap.com\/brazil\/author\/brasil\/"}]}},"amp_enabled":true,"_links":{"self":[{"href":"https:\/\/news.sap.com\/brazil\/wp-json\/wp\/v2\/posts\/12546","targetHints":{"allow":["GET"]}}],"collection":[{"href":"https:\/\/news.sap.com\/brazil\/wp-json\/wp\/v2\/posts"}],"about":[{"href":"https:\/\/news.sap.com\/brazil\/wp-json\/wp\/v2\/types\/post"}],"author":[{"embeddable":true,"href":"https:\/\/news.sap.com\/brazil\/wp-json\/wp\/v2\/users\/137"}],"replies":[{"embeddable":true,"href":"https:\/\/news.sap.com\/brazil\/wp-json\/wp\/v2\/comments?post=12546"}],"version-history":[{"count":0,"href":"https:\/\/news.sap.com\/brazil\/wp-json\/wp\/v2\/posts\/12546\/revisions"}],"wp:featuredmedia":[{"embeddable":true,"href":"https:\/\/news.sap.com\/brazil\/wp-json\/wp\/v2\/media\/12547"}],"wp:attachment":[{"href":"https:\/\/news.sap.com\/brazil\/wp-json\/wp\/v2\/media?parent=12546"}],"wp:term":[{"taxonomy":"category","embeddable":true,"href":"https:\/\/news.sap.com\/brazil\/wp-json\/wp\/v2\/categories?post=12546"},{"taxonomy":"post_tag","embeddable":true,"href":"https:\/\/news.sap.com\/brazil\/wp-json\/wp\/v2\/tags?post=12546"},{"taxonomy":"sapn-display","embeddable":true,"href":"https:\/\/news.sap.com\/brazil\/wp-json\/wp\/v2\/sapn-display?post=12546"},{"taxonomy":"sapn-type","embeddable":true,"href":"https:\/\/news.sap.com\/brazil\/wp-json\/wp\/v2\/sapn-type?post=12546"}],"curies":[{"name":"wp","href":"https:\/\/api.w.org\/{rel}","templated":true}]}}