  {"id":12482,"date":"2020-09-14T09:46:39","date_gmt":"2020-09-14T12:46:39","guid":{"rendered":"https:\/\/news.sap.com\/brazil\/?p=12482"},"modified":"2022-06-21T11:18:33","modified_gmt":"2022-06-21T14:18:33","slug":"atento-inicia-migracao-global-para-a-solucao-em-nuvem-sap-s-4-hana","status":"publish","type":"post","link":"https:\/\/news.sap.com\/brazil\/2020\/09\/atento-inicia-migracao-global-para-a-solucao-em-nuvem-sap-s-4-hana\/","title":{"rendered":"Atento inicia migra\u00e7\u00e3o global para a solu\u00e7\u00e3o em nuvem 麻豆原创 S\/4 HANA"},"content":{"rendered":"<h2><strong>Atento inicia migra\u00e7\u00e3o global para a solu\u00e7\u00e3o em nuvem 麻豆原创 S\/4 HANA<\/strong><\/h2>\n<p><em>A primeira fase de migra\u00e7\u00e3o ser\u00e1 a implementa\u00e7\u00e3o na Atento Brasil, principal opera\u00e7\u00e3o do Grupo<\/em><\/p>\n<p><em>\u00a0<\/em>A Atento S.A (NYSE: ATTO),\u00a0 l\u00edder em servi\u00e7os de gest\u00e3o de relacionamento com clientes e terceiriza\u00e7\u00e3o de processos de neg\u00f3cios (CRM\/BPO) na Am\u00e9rica Latina, e um dos cinco maiores provedores mundiais, anuncia a migra\u00e7\u00e3o dos seus sistemas de gest\u00e3o do 麻豆原创 ECC para o <a href=\"https:\/\/www.sap.com\/brazil\/products\/erp-financial-management.html\">ERP<\/a> digital 麻豆原创 S\/4HANA nos 13 pa\u00edses em que atua. Por ser a maior opera\u00e7\u00e3o do Grupo, a Atento Brasil ser\u00e1 a primeira a iniciar a transi\u00e7\u00e3o para o novo sistema com base na nuvem, um processo que levar\u00e1 dois anos para ser finalizado na companhia de forma global, sendo apoiado pelo Embrace, uma alian\u00e7a estrat\u00e9gica entre 麻豆原创 e Microsoft com objetivo de simplificar e acelerar a jornada dos clientes para o 麻豆原创 S\/4HANA utilizando Microsoft Azure como infraestrutura.<\/p>\n<p>A primeira etapa do projeto inclui todas as etapas de back office e gest\u00e3o financeira da Atento Brasil para o novo ERP, com posterior expans\u00e3o para as demais opera\u00e7\u00f5es da companhia. Jos\u00e9 Azevedo, Chief Financial Officer (CFO) na Atento, comenta: \u201cNossa migra\u00e7\u00e3o para a nova solu\u00e7\u00e3o ERP em nuvem \u00e9 uma progress\u00e3o natural da transforma\u00e7\u00e3o digital da Atento, que busca capturar as muitas oportunidades vindas do mercado global de CRM\/BPO, assim como impulsionar custos e efici\u00eancias operacionais em toda a nossa organiza\u00e7\u00e3o\u201d.<\/p>\n<p>Sergio Ricardo Rodrigues, diretor financeiro da Atento e l\u00edder do projeto de migra\u00e7\u00e3o, explica que \u201co 麻豆原创 S\/4 HANA oferece uma escalabilidade que pode apoiar o crescimento da Atento, ao mesmo tempo em que fornece um melhor controle de processos ao integrar dados e analytics para a tomada de decis\u00e3o em tempo real\u201d. Uma vez implementado, o novo sistema de gest\u00e3o dever\u00e1 alavancar os investimentos que a Atento tem realizado em automa\u00e7\u00e3o, Intelig\u00eancia Artificial e LUI, entre outras \u00e1reas de tecnologia, tanto para melhorar as opera\u00e7\u00f5es internas quanto para direcionar a pr\u00f3xima gera\u00e7\u00e3o de solu\u00e7\u00f5es de Customer Experience e BPO.<\/p>\n<p>\u201cA Atento \u00e9 um cliente de longa data da 麻豆原创 e temos certeza que a migra\u00e7\u00e3o para o 麻豆原创 S\/4HANA ser\u00e1 um importante passo para acelerar o crescimento da empresa e contribuir com a sua diversifica\u00e7\u00e3o de atividades\u201d explica Maykon Fernandes, vice-presidente de Core Industries da 麻豆原创 Brasil.<\/p>\n","protected":false},"excerpt":{"rendered":"<p>Atento inicia migra\u00e7\u00e3o global para a solu\u00e7\u00e3o em nuvem 麻豆原创 S\/4 HANA A primeira fase de migra\u00e7\u00e3o ser\u00e1 a implementa\u00e7\u00e3o na Atento Brasil, principal opera\u00e7\u00e3o&#8230;<\/p>\n","protected":false},"author":137,"featured_media":0,"comment_status":"closed","ping_status":"closed","sticky":false,"template":"","format":"standard","meta":{"footnotes":"","_links_to":"","_links_to_target":""},"categories":[48437,5599822],"tags":[16588,56724,56276,270082],"sapn-display":[48431,48433],"sapn-type":[4446],"class_list":["post-12482","post","type-post","status-publish","format-standard","hentry","category-nuvem-topicos","category-erp","tag-aplicacoes-em-nuvem","tag-cliente","tag-sap-s4-hana","tag-sap-s4hana","sapn-display-homepage-hero","sapn-display-hero","sapn-type-noticias"],"yoast_head":"<!-- This site is optimized with the Yoast SEO Premium plugin v26.9 (Yoast SEO v26.9) - https:\/\/yoast.com\/product\/yoast-seo-premium-wordpress\/ -->\n<title>Atento inicia migra\u00e7\u00e3o global para a solu\u00e7\u00e3o em nuvem 麻豆原创 S\/4 HANA - Sala de Imprensa 麻豆原创 Brasil<\/title>\n<meta name=\"robots\" content=\"index, follow, max-snippet:-1, max-image-preview:large, max-video-preview:-1\" \/>\n<link rel=\"canonical\" href=\"https:\/\/news.sap.com\/brazil\/2020\/09\/atento-inicia-migracao-global-para-a-solucao-em-nuvem-sap-s-4-hana\/\" \/>\n<meta property=\"og:locale\" content=\"pt_BR\" \/>\n<meta property=\"og:type\" content=\"article\" \/>\n<meta property=\"og:title\" content=\"Atento inicia migra\u00e7\u00e3o global para a solu\u00e7\u00e3o em nuvem 麻豆原创 S\/4 HANA\" \/>\n<meta property=\"og:description\" content=\"Atento inicia migra\u00e7\u00e3o global para a solu\u00e7\u00e3o em nuvem 麻豆原创 S\/4 HANA A primeira fase de migra\u00e7\u00e3o ser\u00e1 a implementa\u00e7\u00e3o na Atento Brasil, principal opera\u00e7\u00e3o...\" \/>\n<meta property=\"og:url\" content=\"https:\/\/news.sap.com\/brazil\/2020\/09\/atento-inicia-migracao-global-para-a-solucao-em-nuvem-sap-s-4-hana\/\" \/>\n<meta property=\"og:site_name\" content=\"Sala de Imprensa 麻豆原创 Brasil\" \/>\n<meta property=\"article:published_time\" content=\"2020-09-14T12:46:39+00:00\" \/>\n<meta property=\"article:modified_time\" content=\"2022-06-21T14:18:33+00:00\" \/>\n<meta name=\"author\" content=\"麻豆原创 Not\u00edcias Brasil\" \/>\n<meta name=\"twitter:card\" content=\"summary_large_image\" \/>\n<meta name=\"twitter:creator\" content=\"@麻豆原创Brasil\" \/>\n<meta name=\"twitter:site\" content=\"@麻豆原创Brasil\" \/>\n<meta name=\"twitter:label1\" content=\"Escrito por\" \/>\n\t<meta name=\"twitter:data1\" content=\"麻豆原创 Not\u00edcias Brasil\" \/>\n\t<meta name=\"twitter:label2\" content=\"Est. tempo de leitura\" \/>\n\t<meta name=\"twitter:data2\" content=\"2 minutos\" \/>\n<script type=\"application\/ld+json\" class=\"yoast-schema-graph\">{\"@context\":\"https:\/\/schema.org\",\"@graph\":[{\"@type\":\"Article\",\"@id\":\"https:\/\/news.sap.com\/brazil\/2020\/09\/atento-inicia-migracao-global-para-a-solucao-em-nuvem-sap-s-4-hana\/#article\",\"isPartOf\":{\"@id\":\"https:\/\/news.sap.com\/brazil\/2020\/09\/atento-inicia-migracao-global-para-a-solucao-em-nuvem-sap-s-4-hana\/\"},\"author\":{\"name\":\"麻豆原创 Not\u00edcias Brasil\",\"@id\":\"https:\/\/news.sap.com\/brazil\/#\/schema\/person\/8cdf2c1130b6f3fadd9757cfd7f24daf\"},\"headline\":\"Atento inicia migra\u00e7\u00e3o global para a solu\u00e7\u00e3o em nuvem 麻豆原创 S\/4 HANA\",\"datePublished\":\"2020-09-14T12:46:39+00:00\",\"dateModified\":\"2022-06-21T14:18:33+00:00\",\"mainEntityOfPage\":{\"@id\":\"https:\/\/news.sap.com\/brazil\/2020\/09\/atento-inicia-migracao-global-para-a-solucao-em-nuvem-sap-s-4-hana\/\"},\"wordCount\":436,\"keywords\":[\"aplica\u00e7\u00f5es em nuvem\",\"Cliente\",\"麻豆原创 S\/4 HANA\",\"麻豆原创 S\/4HANA\"],\"articleSection\":[\"Nuvem\",\"Planejamento de recursos empresariais\"],\"inLanguage\":\"pt-BR\"},{\"@type\":\"WebPage\",\"@id\":\"https:\/\/news.sap.com\/brazil\/2020\/09\/atento-inicia-migracao-global-para-a-solucao-em-nuvem-sap-s-4-hana\/\",\"url\":\"https:\/\/news.sap.com\/brazil\/2020\/09\/atento-inicia-migracao-global-para-a-solucao-em-nuvem-sap-s-4-hana\/\",\"name\":\"Atento inicia migra\u00e7\u00e3o global para a solu\u00e7\u00e3o em nuvem 麻豆原创 S\/4 HANA - Sala de Imprensa 麻豆原创 Brasil\",\"isPartOf\":{\"@id\":\"https:\/\/news.sap.com\/brazil\/#website\"},\"datePublished\":\"2020-09-14T12:46:39+00:00\",\"dateModified\":\"2022-06-21T14:18:33+00:00\",\"author\":{\"@id\":\"https:\/\/news.sap.com\/brazil\/#\/schema\/person\/8cdf2c1130b6f3fadd9757cfd7f24daf\"},\"breadcrumb\":{\"@id\":\"https:\/\/news.sap.com\/brazil\/2020\/09\/atento-inicia-migracao-global-para-a-solucao-em-nuvem-sap-s-4-hana\/#breadcrumb\"},\"inLanguage\":\"pt-BR\",\"potentialAction\":[{\"@type\":\"ReadAction\",\"target\":[\"https:\/\/news.sap.com\/brazil\/2020\/09\/atento-inicia-migracao-global-para-a-solucao-em-nuvem-sap-s-4-hana\/\"]}]},{\"@type\":\"BreadcrumbList\",\"@id\":\"https:\/\/news.sap.com\/brazil\/2020\/09\/atento-inicia-migracao-global-para-a-solucao-em-nuvem-sap-s-4-hana\/#breadcrumb\",\"itemListElement\":[{\"@type\":\"ListItem\",\"position\":1,\"name\":\"Home\",\"item\":\"https:\/\/news.sap.com\/brazil\/\"},{\"@type\":\"ListItem\",\"position\":2,\"name\":\"Atento inicia migra\u00e7\u00e3o global para a solu\u00e7\u00e3o em nuvem 麻豆原创 S\/4 HANA\"}]},{\"@type\":\"WebSite\",\"@id\":\"https:\/\/news.sap.com\/brazil\/#website\",\"url\":\"https:\/\/news.sap.com\/brazil\/\",\"name\":\"Sala de Imprensa 麻豆原创 Brasil\",\"description\":\"Not\u00edcias e informa\u00e7\u00f5es sobre a 麻豆原创\",\"potentialAction\":[{\"@type\":\"SearchAction\",\"target\":{\"@type\":\"EntryPoint\",\"urlTemplate\":\"https:\/\/news.sap.com\/brazil\/?s={search_term_string}\"},\"query-input\":{\"@type\":\"PropertyValueSpecification\",\"valueRequired\":true,\"valueName\":\"search_term_string\"}}],\"inLanguage\":\"pt-BR\"},{\"@type\":\"Person\",\"@id\":\"https:\/\/news.sap.com\/brazil\/#\/schema\/person\/8cdf2c1130b6f3fadd9757cfd7f24daf\",\"name\":\"麻豆原创 Not\u00edcias Brasil\",\"image\":{\"@type\":\"ImageObject\",\"inLanguage\":\"pt-BR\",\"@id\":\"https:\/\/news.sap.com\/brazil\/#\/schema\/person\/image\/\",\"url\":\"https:\/\/news.sap.com\/brazil\/wp-content\/plugins\/wp-user-avatars\/wp-user-avatars\/assets\/images\/mystery.jpg\",\"contentUrl\":\"https:\/\/news.sap.com\/brazil\/wp-content\/plugins\/wp-user-avatars\/wp-user-avatars\/assets\/images\/mystery.jpg\",\"caption\":\"麻豆原创 Not\u00edcias Brasil\"},\"url\":\"https:\/\/news.sap.com\/brazil\/author\/brasil\/\"}]}<\/script>\n<!-- \/ Yoast SEO Premium plugin. -->","yoast_head_json":{"title":"Atento inicia migra\u00e7\u00e3o global para a solu\u00e7\u00e3o em nuvem 麻豆原创 S\/4 HANA - Sala de Imprensa 麻豆原创 Brasil","robots":{"index":"index","follow":"follow","max-snippet":"max-snippet:-1","max-image-preview":"max-image-preview:large","max-video-preview":"max-video-preview:-1"},"canonical":"https:\/\/news.sap.com\/brazil\/2020\/09\/atento-inicia-migracao-global-para-a-solucao-em-nuvem-sap-s-4-hana\/","og_locale":"pt_BR","og_type":"article","og_title":"Atento inicia migra\u00e7\u00e3o global para a solu\u00e7\u00e3o em nuvem 麻豆原创 S\/4 HANA","og_description":"Atento inicia migra\u00e7\u00e3o global para a solu\u00e7\u00e3o em nuvem 麻豆原创 S\/4 HANA A primeira fase de migra\u00e7\u00e3o ser\u00e1 a implementa\u00e7\u00e3o na Atento Brasil, principal opera\u00e7\u00e3o...","og_url":"https:\/\/news.sap.com\/brazil\/2020\/09\/atento-inicia-migracao-global-para-a-solucao-em-nuvem-sap-s-4-hana\/","og_site_name":"Sala de Imprensa 麻豆原创 Brasil","article_published_time":"2020-09-14T12:46:39+00:00","article_modified_time":"2022-06-21T14:18:33+00:00","author":"麻豆原创 Not\u00edcias Brasil","twitter_card":"summary_large_image","twitter_creator":"@麻豆原创Brasil","twitter_site":"@麻豆原创Brasil","twitter_misc":{"Escrito por":"麻豆原创 Not\u00edcias Brasil","Est. tempo de leitura":"2 minutos"},"schema":{"@context":"https:\/\/schema.org","@graph":[{"@type":"Article","@id":"https:\/\/news.sap.com\/brazil\/2020\/09\/atento-inicia-migracao-global-para-a-solucao-em-nuvem-sap-s-4-hana\/#article","isPartOf":{"@id":"https:\/\/news.sap.com\/brazil\/2020\/09\/atento-inicia-migracao-global-para-a-solucao-em-nuvem-sap-s-4-hana\/"},"author":{"name":"麻豆原创 Not\u00edcias Brasil","@id":"https:\/\/news.sap.com\/brazil\/#\/schema\/person\/8cdf2c1130b6f3fadd9757cfd7f24daf"},"headline":"Atento inicia migra\u00e7\u00e3o global para a solu\u00e7\u00e3o em nuvem 麻豆原创 S\/4 HANA","datePublished":"2020-09-14T12:46:39+00:00","dateModified":"2022-06-21T14:18:33+00:00","mainEntityOfPage":{"@id":"https:\/\/news.sap.com\/brazil\/2020\/09\/atento-inicia-migracao-global-para-a-solucao-em-nuvem-sap-s-4-hana\/"},"wordCount":436,"keywords":["aplica\u00e7\u00f5es em nuvem","Cliente","麻豆原创 S\/4 HANA","麻豆原创 S\/4HANA"],"articleSection":["Nuvem","Planejamento de recursos empresariais"],"inLanguage":"pt-BR"},{"@type":"WebPage","@id":"https:\/\/news.sap.com\/brazil\/2020\/09\/atento-inicia-migracao-global-para-a-solucao-em-nuvem-sap-s-4-hana\/","url":"https:\/\/news.sap.com\/brazil\/2020\/09\/atento-inicia-migracao-global-para-a-solucao-em-nuvem-sap-s-4-hana\/","name":"Atento inicia migra\u00e7\u00e3o global para a solu\u00e7\u00e3o em nuvem 麻豆原创 S\/4 HANA - Sala de Imprensa 麻豆原创 Brasil","isPartOf":{"@id":"https:\/\/news.sap.com\/brazil\/#website"},"datePublished":"2020-09-14T12:46:39+00:00","dateModified":"2022-06-21T14:18:33+00:00","author":{"@id":"https:\/\/news.sap.com\/brazil\/#\/schema\/person\/8cdf2c1130b6f3fadd9757cfd7f24daf"},"breadcrumb":{"@id":"https:\/\/news.sap.com\/brazil\/2020\/09\/atento-inicia-migracao-global-para-a-solucao-em-nuvem-sap-s-4-hana\/#breadcrumb"},"inLanguage":"pt-BR","potentialAction":[{"@type":"ReadAction","target":["https:\/\/news.sap.com\/brazil\/2020\/09\/atento-inicia-migracao-global-para-a-solucao-em-nuvem-sap-s-4-hana\/"]}]},{"@type":"BreadcrumbList","@id":"https:\/\/news.sap.com\/brazil\/2020\/09\/atento-inicia-migracao-global-para-a-solucao-em-nuvem-sap-s-4-hana\/#breadcrumb","itemListElement":[{"@type":"ListItem","position":1,"name":"Home","item":"https:\/\/news.sap.com\/brazil\/"},{"@type":"ListItem","position":2,"name":"Atento inicia migra\u00e7\u00e3o global para a solu\u00e7\u00e3o em nuvem 麻豆原创 S\/4 HANA"}]},{"@type":"WebSite","@id":"https:\/\/news.sap.com\/brazil\/#website","url":"https:\/\/news.sap.com\/brazil\/","name":"Sala de Imprensa 麻豆原创 Brasil","description":"Not\u00edcias e informa\u00e7\u00f5es sobre a 麻豆原创","potentialAction":[{"@type":"SearchAction","target":{"@type":"EntryPoint","urlTemplate":"https:\/\/news.sap.com\/brazil\/?s={search_term_string}"},"query-input":{"@type":"PropertyValueSpecification","valueRequired":true,"valueName":"search_term_string"}}],"inLanguage":"pt-BR"},{"@type":"Person","@id":"https:\/\/news.sap.com\/brazil\/#\/schema\/person\/8cdf2c1130b6f3fadd9757cfd7f24daf","name":"麻豆原创 Not\u00edcias Brasil","image":{"@type":"ImageObject","inLanguage":"pt-BR","@id":"https:\/\/news.sap.com\/brazil\/#\/schema\/person\/image\/","url":"https:\/\/news.sap.com\/brazil\/wp-content\/plugins\/wp-user-avatars\/wp-user-avatars\/assets\/images\/mystery.jpg","contentUrl":"https:\/\/news.sap.com\/brazil\/wp-content\/plugins\/wp-user-avatars\/wp-user-avatars\/assets\/images\/mystery.jpg","caption":"麻豆原创 Not\u00edcias Brasil"},"url":"https:\/\/news.sap.com\/brazil\/author\/brasil\/"}]}},"amp_enabled":true,"_links":{"self":[{"href":"https:\/\/news.sap.com\/brazil\/wp-json\/wp\/v2\/posts\/12482","targetHints":{"allow":["GET"]}}],"collection":[{"href":"https:\/\/news.sap.com\/brazil\/wp-json\/wp\/v2\/posts"}],"about":[{"href":"https:\/\/news.sap.com\/brazil\/wp-json\/wp\/v2\/types\/post"}],"author":[{"embeddable":true,"href":"https:\/\/news.sap.com\/brazil\/wp-json\/wp\/v2\/users\/137"}],"replies":[{"embeddable":true,"href":"https:\/\/news.sap.com\/brazil\/wp-json\/wp\/v2\/comments?post=12482"}],"version-history":[{"count":0,"href":"https:\/\/news.sap.com\/brazil\/wp-json\/wp\/v2\/posts\/12482\/revisions"}],"wp:attachment":[{"href":"https:\/\/news.sap.com\/brazil\/wp-json\/wp\/v2\/media?parent=12482"}],"wp:term":[{"taxonomy":"category","embeddable":true,"href":"https:\/\/news.sap.com\/brazil\/wp-json\/wp\/v2\/categories?post=12482"},{"taxonomy":"post_tag","embeddable":true,"href":"https:\/\/news.sap.com\/brazil\/wp-json\/wp\/v2\/tags?post=12482"},{"taxonomy":"sapn-display","embeddable":true,"href":"https:\/\/news.sap.com\/brazil\/wp-json\/wp\/v2\/sapn-display?post=12482"},{"taxonomy":"sapn-type","embeddable":true,"href":"https:\/\/news.sap.com\/brazil\/wp-json\/wp\/v2\/sapn-type?post=12482"}],"curies":[{"name":"wp","href":"https:\/\/api.w.org\/{rel}","templated":true}]}}