  {"id":12424,"date":"2020-08-24T16:49:47","date_gmt":"2020-08-24T19:49:47","guid":{"rendered":"https:\/\/news.sap.com\/brazil\/?p=12424"},"modified":"2020-08-24T16:52:03","modified_gmt":"2020-08-24T19:52:03","slug":"sap-now-2020-apresenta-o-futuro-da-empresa-inteligente-e-os-desafios-da-ciencia-e-tecnologia","status":"publish","type":"post","link":"https:\/\/news.sap.com\/brazil\/2020\/08\/sap-now-2020-apresenta-o-futuro-da-empresa-inteligente-e-os-desafios-da-ciencia-e-tecnologia\/","title":{"rendered":"麻豆原创 NOW 2020 apresenta o futuro da Empresa Inteligente e os desafios da ci\u00eancia e tecnologia"},"content":{"rendered":"<ul>\n<li>\n<h3><em>Principais lideran\u00e7as da 麻豆原创 no Brasil e no mundo discutir\u00e3o com palestrantes e clientes a diversidade, economia, sa\u00fade mental, ci\u00eancia e responsabilidade social na sociedade p\u00f3s-Covid<\/em><\/h3>\n<\/li>\n<li>\n<h3><em>Edi\u00e7\u00e3o 2020 do segundo maior evento da 麻豆原创 no mundo ser\u00e1 100% digital e com agenda estendida para cinco dias com keynotes, palestras inspiracionais, cases de clientes e conte\u00fados t\u00e9cnicos <\/em><\/h3>\n<\/li>\n<\/ul>\n<p><strong>Agosto de 2020 \u2013 <\/strong>O 麻豆原创 NOW Brasil 2020 ser\u00e1 totalmente digital. Com o novo formato, a empresa amplia o per\u00edodo de realiza\u00e7\u00e3o do evento \u2013 cinco dias, entre 14 e 18 de setembro \u2013 bem como sua grade de conte\u00fados e acesso, em um modelo que unir\u00e1 tecnologia, neg\u00f3cios, ci\u00eancia, economia e aspectos humanos para discutir o futuro.<\/p>\n<p>Os keynotes ser\u00e3o di\u00e1rios, al\u00e9m de uma agenda especial com as principais lideran\u00e7as da 麻豆原创 no Brasil e no mundo, que falar\u00e3o sobre a constru\u00e7\u00e3o da Empresa Inteligente dentro do novo contexto e p\u00f3s-Covid. Ser\u00e3o cinco dias com grandes nomes de mercado trazendo uma vis\u00e3o hol\u00edstica, al\u00e9m das lideran\u00e7as regionais e globais da 麻豆原创, demonstrando a relev\u00e2ncia do mercado brasileiro para os neg\u00f3cios da companhia.<\/p>\n<p>\u201cSabemos que \u00e9 um momento desafiador e por isso estamos muito empenhados em produzir conte\u00fado que seja relevante para o nosso p\u00fablico, compartilhando boas pr\u00e1ticas do mercado, cases de sucesso e conte\u00fados inspiradores para ajudar os profissionais a pensar o futuro de suas carreiras e ajudar nossos clientes a superar obst\u00e1culos, abrir caminhos para a inova\u00e7\u00e3o e transforma\u00e7\u00e3o de\u00a0 suas empresas em neg\u00f3cios inteligentes\u201d, afirma Fernando Migrone, vice-presidente de marketing da 麻豆原创 Brasil. \u201cVamos aproveitar o potencial das tecnologias digitais para ampliar o nosso p\u00fablico e oferecer uma experi\u00eancia completa\u201d.<\/p>\n<p>No dia 14\/09, \u00e0s 10h, o evento contar\u00e1 com abertura do <strong>CEO global da 麻豆原创, Christian Klein,<\/strong> focada no momento p\u00f3s-pandemia: \u201cAl\u00e9m das fronteiras: o potencial de uma nova era\u201d. Na sequ\u00eancia, a <strong>nova presidente da 麻豆原创 Brasil, Adriana Aroulho<\/strong> ir\u00e1 aprofundar o tema. A programa\u00e7\u00e3o inclui ainda keynote com <strong>Cristina Palmaka, <\/strong>presidente da 麻豆原创 Am\u00e9rica Latina, e<strong> Roberto Fulcherberger, <\/strong>presidente da <strong>Via Varejo<\/strong>, no tema \u201cTecnologia e humaniza\u00e7\u00e3o\u00a0em tempos desafiadores\u201d, falando sobre as a\u00e7\u00f5es da empresa na pandemia, tanto em sua reorganiza\u00e7\u00e3o quanto na ajuda \u00e0 sociedade.<\/p>\n<p>O evento conta nos outros dias com outros grandes clientes, como <strong>Natura<\/strong>, <strong>Petrobras<\/strong>, <strong>CVC<\/strong> e <strong>Bradesco<\/strong>. As duas presidentes e os membros do board da 麻豆原创, Adaire Fox-Martin, head de Customer Success, e Luka Mucic, CFO, abordar\u00e3o com eles temas como acelera\u00e7\u00e3o da transforma\u00e7\u00e3o digital, recupera\u00e7\u00e3o financeira e como a Economia Circular pode impulsionar a sustentabilidade e a inova\u00e7\u00e3o neste contexto.<\/p>\n<p><strong>Convidados dividem suas vis\u00f5es sobre temas que v\u00e3o ajudar a repensar os neg\u00f3cios e a sociedade p\u00f3s Covid-19<\/strong><\/p>\n<p>Como as novas quest\u00f5es da atualidade impactam o ambiente de neg\u00f3cios agora e no futuro? Para este debate, a 麻豆原创 convidou especialistas de diversas \u00e1reas do conhecimento, que v\u00e3o trazer seus pontos de vista sobre as rela\u00e7\u00f5es, sociedade e tecnologia a partir de agora.<\/p>\n<p>O f\u00edsico, astr\u00f4nomo e escritor <strong>Marcelo Gleiser<\/strong> e a diretora-chefe de voos da Nasa, <strong>Holly Ridings<\/strong>, trar\u00e3o uma vis\u00e3o da ci\u00eancia e da tecnologia. Gleiser fala sobre como a associa\u00e7\u00e3o entre intelig\u00eancia humana e inova\u00e7\u00f5es tecnol\u00f3gicas nos levar\u00e1 a um novo patamar cient\u00edfico e comenta como a tecnologia poder\u00e1 alterar comportamentos sociais. J\u00e1 Ridings conversa com Adriana\u00a0Aroulho sobre como os desafios da pesquisa cient\u00edfica est\u00e3o pautando tamb\u00e9m o desenvolvimento de tecnologias emergentes.<\/p>\n<p>J\u00e1 <strong>Arianna Huffington<\/strong>, fundadora e CEO da Thrive Global, traz em painel com Cristina Palmaka seu olhar sobre como sa\u00fade mental e intelig\u00eancia emocional podem impactar as pessoas e neg\u00f3cios neste per\u00edodo de pandemia. Ela oferece caminhos para reconhecer, administrar o estresse e atacar o problema.<\/p>\n<p>O evento ser\u00e1 encerrado por <strong>Paul Krugman<\/strong>, Pr\u00eamio Nobel de Economia e colunista do jornal The New York Times. Ele far\u00e1 uma an\u00e1lise atualizada das perspectivas econ\u00f4micas, comentar o impacto da pandemia ao redor do mundo, os\u00a0pr\u00f3ximos passos e\u00a0o que \u00e9 poss\u00edvel esperar do futuro.<\/p>\n<p>&nbsp;<\/p>\n<p><strong>Confira a programa\u00e7\u00e3o | Keynotes de abertura e pain\u00e9is com convidados <\/strong><\/p>\n<p><strong>Dia 1 (14 de setembro) <\/strong><\/p>\n<p>10h &#8211; Al\u00e9m das fronteiras:\u00a0o potencial de uma nova era\u00a0| Christian Klein, CEO global da 麻豆原创, e Adriana Aroulho, presidente da 麻豆原创 Brasil.<\/p>\n<p>10h30 &#8211; Painel Tecnologia e humaniza\u00e7\u00e3o em tempos desafiadores |\u00a0Cristina Palmaka, presidente da 麻豆原创 Am\u00e9rica Latina e Caribe,\u00a0e\u00a0Roberto Fulcherberguer, CEO da holding Via Varejo<\/p>\n<p><strong>Dia 2 (15 de setembro) <\/strong><\/p>\n<p>10h\u00a0&#8211; Am\u00e9rica Latina em foco |\u00a0Cristina Palmaka, presidente da 麻豆原创 Am\u00e9rica Latina e Caribe<\/p>\n<p>10h30\u00a0&#8211; Humanidade reinventada \u2013 como 2020 pode ser o ponto de virada da humanidade\u00a0|\u00a0Marcelo Gleiser<\/p>\n<p><strong>Dia 3 (16 de setembro) <\/strong><\/p>\n<p>10h &#8211; Da transforma\u00e7\u00e3o digital \u00e0 transforma\u00e7\u00e3o cultural\u00a0|\u00a0Adaire Fox-Martin, head global de Customer Success e membro do board da 麻豆原创, e Nicolas Simone, diretor-executivo de Transforma\u00e7\u00e3o Digital da Petrobras.<\/p>\n<p>10h30 &#8211; Lideran\u00e7a e representatividade mudando o jogo cient\u00edfico: as li\u00e7\u00f5es da NASA |\u00a0Adriana Aroulho, presidente da 麻豆原创 Brasil, e Holly Ridings, diretora-chefe de voos da Nasa<\/p>\n<p><strong>Dia 4 (17 de setembro) <\/strong><\/p>\n<p>10h &#8211; Novos e revolucion\u00e1rios caminhos econ\u00f4micos |\u00a0Luka Mucic, CFO global e membro do board da 麻豆原创, e Jos\u00e9 Filippo, CFO da Natura.<\/p>\n<p>10h30 &#8211; Al\u00e9m da resili\u00eancia \u2013 como prosperar e sair fortalecido da pandemia\u00a0| Cristina Palmaka e\u00a0Arianna Huffington, fundadora e CEO da Thrive Global<\/p>\n<p>11h &#8211; Tend\u00eancias e novos comportamentos: como a ind\u00fastria de Turismo est\u00e1 reagindo \u00e0 pandemia\u00a0| Adriana Aroulho e Leonel Andrade, presidente da CVC.<\/p>\n<p><strong>Dia 5 (18 de setembro) <\/strong><\/p>\n<p>10h &#8211; O que impulsiona as Empresas Inteligentes no novo cen\u00e1rio global? | Cristina Palmaka e Oct\u00e1vio de Lazari J\u00fanior, diretor-presidente do Bradesco<\/p>\n<p>10h30 \u2013 Perspectivas econ\u00f4micas em um mundo vol\u00e1til | Paul Krugman<\/p>\n<p>Al\u00e9m dos keynotes, diariamente ser\u00e3o apresentados f\u00f3runs, cases de clientes, mesas redondas, sess\u00f5es interativas dos parceiros, espa\u00e7o virtual de neg\u00f3cios e uma agenda com diversas op\u00e7\u00f5es de conte\u00fados t\u00e9cnicos.<\/p>\n<p><strong>Inscri\u00e7\u00f5es<\/strong><\/p>\n<p>Para participar, \u00e9 necess\u00e1rio fazer a <a href=\"https:\/\/events.sap.com\/br\/sap-now-brasil-2020\/pt\/registration.aspx?campaigncode=CRM-BR20-EVE-NOWBRGG\">Inscri\u00e7\u00e3o<\/a>.<\/p>\n<p>&nbsp;<\/p>\n<p><strong>Red Door Agency assume mais uma vez a produ\u00e7\u00e3o do 麻豆原创 NOW Brasil<\/strong><\/p>\n<p>O 麻豆原创 NOW Brasil ter\u00e1 mais uma vez a assinatura da Red Door Agency no seu planejamento, cria\u00e7\u00e3o e realiza\u00e7\u00e3o. As empresas trabalharam juntas para reestruturar o evento mantendo a mesma qualidade de entrega presencial em formato digital e criando as bases para constru\u00e7\u00e3o de um evento hibrido e ainda mais inovador em 2021.<\/p>\n<p>Nesta edi\u00e7\u00e3o, a plataforma digital reunir\u00e1 diversas inova\u00e7\u00f5es para apresentar as tend\u00eancias, aceleradas em parte pela pandemia, e promover a troca de experi\u00eancias do p\u00fablico, alcan\u00e7ando um n\u00famero ainda maior de clientes e parceiros. A Red Door tamb\u00e9m \u00e9 respons\u00e1vel pelo desenho e comercializa\u00e7\u00e3o das cotas com altos n\u00edveis de convers\u00e3o de patrocinadores que, neste ano, obteve o apoio de dezenas de marcas parceiras da 麻豆原创.<\/p>\n","protected":false},"excerpt":{"rendered":"<p>Principais lideran\u00e7as da 麻豆原创 no Brasil e no mundo discutir\u00e3o com palestrantes e clientes a diversidade, economia, sa\u00fade mental, ci\u00eancia e responsabilidade social na sociedade&#8230;<\/p>\n","protected":false},"author":137,"featured_media":0,"comment_status":"closed","ping_status":"closed","sticky":false,"template":"","format":"standard","meta":{"footnotes":"","_links_to":"","_links_to_target":""},"categories":[48441,12872],"tags":[270070,24299,213090,5597057],"sapn-display":[48431,48433],"sapn-type":[4446],"class_list":["post-12424","post","type-post","status-publish","format-standard","hentry","category-ecossistema-topicos","category-eventos","tag-mobilidade","tag-negocios","tag-sap-brasil","tag-sap-now-brasil","sapn-display-homepage-hero","sapn-display-hero","sapn-type-noticias"],"yoast_head":"<!-- This site is optimized with the Yoast SEO Premium plugin v26.9 (Yoast SEO v26.9) - https:\/\/yoast.com\/product\/yoast-seo-premium-wordpress\/ -->\n<title>麻豆原创 NOW 2020 apresenta o futuro da Empresa Inteligente e os desafios da ci\u00eancia e tecnologia - Sala de Imprensa 麻豆原创 Brasil<\/title>\n<meta name=\"robots\" content=\"index, follow, max-snippet:-1, max-image-preview:large, max-video-preview:-1\" \/>\n<link rel=\"canonical\" href=\"https:\/\/news.sap.com\/brazil\/2020\/08\/sap-now-2020-apresenta-o-futuro-da-empresa-inteligente-e-os-desafios-da-ciencia-e-tecnologia\/\" \/>\n<meta property=\"og:locale\" content=\"pt_BR\" \/>\n<meta property=\"og:type\" content=\"article\" \/>\n<meta property=\"og:title\" content=\"麻豆原创 NOW 2020 apresenta o futuro da Empresa Inteligente e os desafios da ci\u00eancia e tecnologia\" \/>\n<meta property=\"og:description\" content=\"Principais lideran\u00e7as da 麻豆原创 no Brasil e no mundo discutir\u00e3o com palestrantes e clientes a diversidade, economia, sa\u00fade mental, ci\u00eancia e responsabilidade social na sociedade...\" \/>\n<meta property=\"og:url\" content=\"https:\/\/news.sap.com\/brazil\/2020\/08\/sap-now-2020-apresenta-o-futuro-da-empresa-inteligente-e-os-desafios-da-ciencia-e-tecnologia\/\" \/>\n<meta property=\"og:site_name\" content=\"Sala de Imprensa 麻豆原创 Brasil\" \/>\n<meta property=\"article:published_time\" content=\"2020-08-24T19:49:47+00:00\" \/>\n<meta property=\"article:modified_time\" content=\"2020-08-24T19:52:03+00:00\" \/>\n<meta property=\"og:image\" content=\"https:\/\/news.sap.com\/brazil\/files\/2019\/11\/redes-dados.jpg\" \/>\n\t<meta property=\"og:image:width\" content=\"565\" \/>\n\t<meta property=\"og:image:height\" content=\"292\" \/>\n\t<meta property=\"og:image:type\" content=\"image\/jpeg\" \/>\n<meta name=\"author\" content=\"麻豆原创 Not\u00edcias Brasil\" \/>\n<meta name=\"twitter:card\" content=\"summary_large_image\" \/>\n<meta name=\"twitter:creator\" content=\"@麻豆原创Brasil\" \/>\n<meta name=\"twitter:site\" content=\"@麻豆原创Brasil\" \/>\n<meta name=\"twitter:label1\" content=\"Escrito por\" \/>\n\t<meta name=\"twitter:data1\" content=\"麻豆原创 Not\u00edcias Brasil\" \/>\n\t<meta name=\"twitter:label2\" content=\"Est. tempo de leitura\" \/>\n\t<meta name=\"twitter:data2\" content=\"6 minutos\" \/>\n<script type=\"application\/ld+json\" class=\"yoast-schema-graph\">{\"@context\":\"https:\/\/schema.org\",\"@graph\":[{\"@type\":\"Article\",\"@id\":\"https:\/\/news.sap.com\/brazil\/2020\/08\/sap-now-2020-apresenta-o-futuro-da-empresa-inteligente-e-os-desafios-da-ciencia-e-tecnologia\/#article\",\"isPartOf\":{\"@id\":\"https:\/\/news.sap.com\/brazil\/2020\/08\/sap-now-2020-apresenta-o-futuro-da-empresa-inteligente-e-os-desafios-da-ciencia-e-tecnologia\/\"},\"author\":{\"name\":\"麻豆原创 Not\u00edcias Brasil\",\"@id\":\"https:\/\/news.sap.com\/brazil\/#\/schema\/person\/8cdf2c1130b6f3fadd9757cfd7f24daf\"},\"headline\":\"麻豆原创 NOW 2020 apresenta o futuro da Empresa Inteligente e os desafios da ci\u00eancia e tecnologia\",\"datePublished\":\"2020-08-24T19:49:47+00:00\",\"dateModified\":\"2020-08-24T19:52:03+00:00\",\"mainEntityOfPage\":{\"@id\":\"https:\/\/news.sap.com\/brazil\/2020\/08\/sap-now-2020-apresenta-o-futuro-da-empresa-inteligente-e-os-desafios-da-ciencia-e-tecnologia\/\"},\"wordCount\":1212,\"keywords\":[\"Mobilidade\",\"Neg\u00f3cios\",\"麻豆原创 Brasil\",\"麻豆原创 NOW Brasil\"],\"articleSection\":[\"Ecossistema\",\"Eventos\"],\"inLanguage\":\"pt-BR\"},{\"@type\":\"WebPage\",\"@id\":\"https:\/\/news.sap.com\/brazil\/2020\/08\/sap-now-2020-apresenta-o-futuro-da-empresa-inteligente-e-os-desafios-da-ciencia-e-tecnologia\/\",\"url\":\"https:\/\/news.sap.com\/brazil\/2020\/08\/sap-now-2020-apresenta-o-futuro-da-empresa-inteligente-e-os-desafios-da-ciencia-e-tecnologia\/\",\"name\":\"麻豆原创 NOW 2020 apresenta o futuro da Empresa Inteligente e os desafios da ci\u00eancia e tecnologia - Sala de Imprensa 麻豆原创 Brasil\",\"isPartOf\":{\"@id\":\"https:\/\/news.sap.com\/brazil\/#website\"},\"datePublished\":\"2020-08-24T19:49:47+00:00\",\"dateModified\":\"2020-08-24T19:52:03+00:00\",\"author\":{\"@id\":\"https:\/\/news.sap.com\/brazil\/#\/schema\/person\/8cdf2c1130b6f3fadd9757cfd7f24daf\"},\"breadcrumb\":{\"@id\":\"https:\/\/news.sap.com\/brazil\/2020\/08\/sap-now-2020-apresenta-o-futuro-da-empresa-inteligente-e-os-desafios-da-ciencia-e-tecnologia\/#breadcrumb\"},\"inLanguage\":\"pt-BR\",\"potentialAction\":[{\"@type\":\"ReadAction\",\"target\":[\"https:\/\/news.sap.com\/brazil\/2020\/08\/sap-now-2020-apresenta-o-futuro-da-empresa-inteligente-e-os-desafios-da-ciencia-e-tecnologia\/\"]}]},{\"@type\":\"BreadcrumbList\",\"@id\":\"https:\/\/news.sap.com\/brazil\/2020\/08\/sap-now-2020-apresenta-o-futuro-da-empresa-inteligente-e-os-desafios-da-ciencia-e-tecnologia\/#breadcrumb\",\"itemListElement\":[{\"@type\":\"ListItem\",\"position\":1,\"name\":\"Home\",\"item\":\"https:\/\/news.sap.com\/brazil\/\"},{\"@type\":\"ListItem\",\"position\":2,\"name\":\"麻豆原创 NOW 2020 apresenta o futuro da Empresa Inteligente e os desafios da ci\u00eancia e tecnologia\"}]},{\"@type\":\"WebSite\",\"@id\":\"https:\/\/news.sap.com\/brazil\/#website\",\"url\":\"https:\/\/news.sap.com\/brazil\/\",\"name\":\"Sala de Imprensa 麻豆原创 Brasil\",\"description\":\"Not\u00edcias e informa\u00e7\u00f5es sobre a 麻豆原创\",\"potentialAction\":[{\"@type\":\"SearchAction\",\"target\":{\"@type\":\"EntryPoint\",\"urlTemplate\":\"https:\/\/news.sap.com\/brazil\/?s={search_term_string}\"},\"query-input\":{\"@type\":\"PropertyValueSpecification\",\"valueRequired\":true,\"valueName\":\"search_term_string\"}}],\"inLanguage\":\"pt-BR\"},{\"@type\":\"Person\",\"@id\":\"https:\/\/news.sap.com\/brazil\/#\/schema\/person\/8cdf2c1130b6f3fadd9757cfd7f24daf\",\"name\":\"麻豆原创 Not\u00edcias Brasil\",\"image\":{\"@type\":\"ImageObject\",\"inLanguage\":\"pt-BR\",\"@id\":\"https:\/\/news.sap.com\/brazil\/#\/schema\/person\/image\/\",\"url\":\"https:\/\/news.sap.com\/brazil\/wp-content\/plugins\/wp-user-avatars\/wp-user-avatars\/assets\/images\/mystery.jpg\",\"contentUrl\":\"https:\/\/news.sap.com\/brazil\/wp-content\/plugins\/wp-user-avatars\/wp-user-avatars\/assets\/images\/mystery.jpg\",\"caption\":\"麻豆原创 Not\u00edcias Brasil\"},\"url\":\"https:\/\/news.sap.com\/brazil\/author\/brasil\/\"}]}<\/script>\n<!-- \/ Yoast SEO Premium plugin. -->","yoast_head_json":{"title":"麻豆原创 NOW 2020 apresenta o futuro da Empresa Inteligente e os desafios da ci\u00eancia e tecnologia - Sala de Imprensa 麻豆原创 Brasil","robots":{"index":"index","follow":"follow","max-snippet":"max-snippet:-1","max-image-preview":"max-image-preview:large","max-video-preview":"max-video-preview:-1"},"canonical":"https:\/\/news.sap.com\/brazil\/2020\/08\/sap-now-2020-apresenta-o-futuro-da-empresa-inteligente-e-os-desafios-da-ciencia-e-tecnologia\/","og_locale":"pt_BR","og_type":"article","og_title":"麻豆原创 NOW 2020 apresenta o futuro da Empresa Inteligente e os desafios da ci\u00eancia e tecnologia","og_description":"Principais lideran\u00e7as da 麻豆原创 no Brasil e no mundo discutir\u00e3o com palestrantes e clientes a diversidade, economia, sa\u00fade mental, ci\u00eancia e responsabilidade social na sociedade...","og_url":"https:\/\/news.sap.com\/brazil\/2020\/08\/sap-now-2020-apresenta-o-futuro-da-empresa-inteligente-e-os-desafios-da-ciencia-e-tecnologia\/","og_site_name":"Sala de Imprensa 麻豆原创 Brasil","article_published_time":"2020-08-24T19:49:47+00:00","article_modified_time":"2020-08-24T19:52:03+00:00","og_image":[{"width":565,"height":292,"url":"https:\/\/news.sap.com\/brazil\/files\/2019\/11\/redes-dados.jpg","type":"image\/jpeg"}],"author":"麻豆原创 Not\u00edcias Brasil","twitter_card":"summary_large_image","twitter_creator":"@麻豆原创Brasil","twitter_site":"@麻豆原创Brasil","twitter_misc":{"Escrito por":"麻豆原创 Not\u00edcias Brasil","Est. tempo de leitura":"6 minutos"},"schema":{"@context":"https:\/\/schema.org","@graph":[{"@type":"Article","@id":"https:\/\/news.sap.com\/brazil\/2020\/08\/sap-now-2020-apresenta-o-futuro-da-empresa-inteligente-e-os-desafios-da-ciencia-e-tecnologia\/#article","isPartOf":{"@id":"https:\/\/news.sap.com\/brazil\/2020\/08\/sap-now-2020-apresenta-o-futuro-da-empresa-inteligente-e-os-desafios-da-ciencia-e-tecnologia\/"},"author":{"name":"麻豆原创 Not\u00edcias Brasil","@id":"https:\/\/news.sap.com\/brazil\/#\/schema\/person\/8cdf2c1130b6f3fadd9757cfd7f24daf"},"headline":"麻豆原创 NOW 2020 apresenta o futuro da Empresa Inteligente e os desafios da ci\u00eancia e tecnologia","datePublished":"2020-08-24T19:49:47+00:00","dateModified":"2020-08-24T19:52:03+00:00","mainEntityOfPage":{"@id":"https:\/\/news.sap.com\/brazil\/2020\/08\/sap-now-2020-apresenta-o-futuro-da-empresa-inteligente-e-os-desafios-da-ciencia-e-tecnologia\/"},"wordCount":1212,"keywords":["Mobilidade","Neg\u00f3cios","麻豆原创 Brasil","麻豆原创 NOW Brasil"],"articleSection":["Ecossistema","Eventos"],"inLanguage":"pt-BR"},{"@type":"WebPage","@id":"https:\/\/news.sap.com\/brazil\/2020\/08\/sap-now-2020-apresenta-o-futuro-da-empresa-inteligente-e-os-desafios-da-ciencia-e-tecnologia\/","url":"https:\/\/news.sap.com\/brazil\/2020\/08\/sap-now-2020-apresenta-o-futuro-da-empresa-inteligente-e-os-desafios-da-ciencia-e-tecnologia\/","name":"麻豆原创 NOW 2020 apresenta o futuro da Empresa Inteligente e os desafios da ci\u00eancia e tecnologia - Sala de Imprensa 麻豆原创 Brasil","isPartOf":{"@id":"https:\/\/news.sap.com\/brazil\/#website"},"datePublished":"2020-08-24T19:49:47+00:00","dateModified":"2020-08-24T19:52:03+00:00","author":{"@id":"https:\/\/news.sap.com\/brazil\/#\/schema\/person\/8cdf2c1130b6f3fadd9757cfd7f24daf"},"breadcrumb":{"@id":"https:\/\/news.sap.com\/brazil\/2020\/08\/sap-now-2020-apresenta-o-futuro-da-empresa-inteligente-e-os-desafios-da-ciencia-e-tecnologia\/#breadcrumb"},"inLanguage":"pt-BR","potentialAction":[{"@type":"ReadAction","target":["https:\/\/news.sap.com\/brazil\/2020\/08\/sap-now-2020-apresenta-o-futuro-da-empresa-inteligente-e-os-desafios-da-ciencia-e-tecnologia\/"]}]},{"@type":"BreadcrumbList","@id":"https:\/\/news.sap.com\/brazil\/2020\/08\/sap-now-2020-apresenta-o-futuro-da-empresa-inteligente-e-os-desafios-da-ciencia-e-tecnologia\/#breadcrumb","itemListElement":[{"@type":"ListItem","position":1,"name":"Home","item":"https:\/\/news.sap.com\/brazil\/"},{"@type":"ListItem","position":2,"name":"麻豆原创 NOW 2020 apresenta o futuro da Empresa Inteligente e os desafios da ci\u00eancia e tecnologia"}]},{"@type":"WebSite","@id":"https:\/\/news.sap.com\/brazil\/#website","url":"https:\/\/news.sap.com\/brazil\/","name":"Sala de Imprensa 麻豆原创 Brasil","description":"Not\u00edcias e informa\u00e7\u00f5es sobre a 麻豆原创","potentialAction":[{"@type":"SearchAction","target":{"@type":"EntryPoint","urlTemplate":"https:\/\/news.sap.com\/brazil\/?s={search_term_string}"},"query-input":{"@type":"PropertyValueSpecification","valueRequired":true,"valueName":"search_term_string"}}],"inLanguage":"pt-BR"},{"@type":"Person","@id":"https:\/\/news.sap.com\/brazil\/#\/schema\/person\/8cdf2c1130b6f3fadd9757cfd7f24daf","name":"麻豆原创 Not\u00edcias Brasil","image":{"@type":"ImageObject","inLanguage":"pt-BR","@id":"https:\/\/news.sap.com\/brazil\/#\/schema\/person\/image\/","url":"https:\/\/news.sap.com\/brazil\/wp-content\/plugins\/wp-user-avatars\/wp-user-avatars\/assets\/images\/mystery.jpg","contentUrl":"https:\/\/news.sap.com\/brazil\/wp-content\/plugins\/wp-user-avatars\/wp-user-avatars\/assets\/images\/mystery.jpg","caption":"麻豆原创 Not\u00edcias Brasil"},"url":"https:\/\/news.sap.com\/brazil\/author\/brasil\/"}]}},"amp_enabled":true,"_links":{"self":[{"href":"https:\/\/news.sap.com\/brazil\/wp-json\/wp\/v2\/posts\/12424","targetHints":{"allow":["GET"]}}],"collection":[{"href":"https:\/\/news.sap.com\/brazil\/wp-json\/wp\/v2\/posts"}],"about":[{"href":"https:\/\/news.sap.com\/brazil\/wp-json\/wp\/v2\/types\/post"}],"author":[{"embeddable":true,"href":"https:\/\/news.sap.com\/brazil\/wp-json\/wp\/v2\/users\/137"}],"replies":[{"embeddable":true,"href":"https:\/\/news.sap.com\/brazil\/wp-json\/wp\/v2\/comments?post=12424"}],"version-history":[{"count":0,"href":"https:\/\/news.sap.com\/brazil\/wp-json\/wp\/v2\/posts\/12424\/revisions"}],"wp:attachment":[{"href":"https:\/\/news.sap.com\/brazil\/wp-json\/wp\/v2\/media?parent=12424"}],"wp:term":[{"taxonomy":"category","embeddable":true,"href":"https:\/\/news.sap.com\/brazil\/wp-json\/wp\/v2\/categories?post=12424"},{"taxonomy":"post_tag","embeddable":true,"href":"https:\/\/news.sap.com\/brazil\/wp-json\/wp\/v2\/tags?post=12424"},{"taxonomy":"sapn-display","embeddable":true,"href":"https:\/\/news.sap.com\/brazil\/wp-json\/wp\/v2\/sapn-display?post=12424"},{"taxonomy":"sapn-type","embeddable":true,"href":"https:\/\/news.sap.com\/brazil\/wp-json\/wp\/v2\/sapn-type?post=12424"}],"curies":[{"name":"wp","href":"https:\/\/api.w.org\/{rel}","templated":true}]}}