  {"id":12356,"date":"2020-08-11T09:00:55","date_gmt":"2020-08-11T12:00:55","guid":{"rendered":"https:\/\/news.sap.com\/brazil\/?p=12356"},"modified":"2023-10-19T14:02:18","modified_gmt":"2023-10-19T17:02:18","slug":"varejo-busca-adaptacao-aos-novos-habitos-de-consumo-no-pos-pandemia-bl0g","status":"publish","type":"post","link":"https:\/\/news.sap.com\/brazil\/2020\/08\/varejo-busca-adaptacao-aos-novos-habitos-de-consumo-no-pos-pandemia-bl0g\/","title":{"rendered":"Varejo busca adapta\u00e7\u00e3o aos novos h\u00e1bitos de consumo no p\u00f3s-pandemia"},"content":{"rendered":"<p>Por: 麻豆原创 Brasil<\/p>\n<p><em>Para manter neg\u00f3cios, empres\u00e1rios devem estudar e acompanhar as movimenta\u00e7\u00f5es na nova rotina do consumidor, adequando os modelos de venda ao novo momento<\/em><\/p>\n<p>Se durante a pandemia tivemos que ajustar nossos h\u00e1bitos de vida e relacionamento, os h\u00e1bitos do consumidor tamb\u00e9m passaram por mudan\u00e7as para se adequar \u00e0 nova rotina. Os resultados para o varejo oscilaram e entre os dias 28 de junho e 4 de julho, o com\u00e9rcio registrou queda de 18% no faturamento das empresas do setor, de acordo com dados divulgados pelo <a href=\"https:\/\/bibliotecas.sebrae.com.br\/chronus\/ARQUIVOS_CHRONUS\/bds\/bds.nsf\/a24547a7fa70c93fb54944fcbccbddc9\/$File\/19623.pdf\" target=\"_blank\" rel=\"noopener noreferrer\">Sebrae<\/a>.<\/p>\n<p>Passado o per\u00edodo de isolamento, novas estrat\u00e9gias devem ser adotadas, por meio da reestrutura\u00e7\u00e3o dos neg\u00f3cios, com a implementa\u00e7\u00e3o da digitaliza\u00e7\u00e3o e a ado\u00e7\u00e3o de novas formas de relacionamento com o cliente, que melhorem a experi\u00eancia e atraiam o p\u00fablico.<\/p>\n<p><strong>Invista na digitaliza\u00e7\u00e3o para ampliar a capacidade anal\u00edtica do neg\u00f3cio<\/strong><\/p>\n<p>A transforma\u00e7\u00e3o digital tornou-se uma das principais ferramentas para os neg\u00f3cios durante a pandemia, oferecendo a possibilidade de gerenciar processos operacionais \u00e0 dist\u00e2ncia. Empreendedores entenderam a import\u00e2ncia de transformar suas empresas em Empresas Intelig\u00eancias para obter maior capacidade de an\u00e1lise sobre o desempenho de suas equipes, demandas dos clientes e produ\u00e7\u00e3o.<\/p>\n<p>Recentemente, a McKinsey lan\u00e7ou o <a href=\"https:\/\/www.mckinsey.com\/br\/~\/media\/McKinsey\/Locations\/South%20America\/Brazil\/Our%20Insights\/Transformacoes%20digitais%20no%20Brasil\/Transformacao-digital-no-brasil.pdf\" target=\"_blank\" rel=\"noopener noreferrer\">relat\u00f3rio<\/a> &#8220;Transforma\u00e7\u00f5es digitais o Brasil: insights sobre o n\u00edvel de maturidade digital das empresas no pa\u00eds&#8221;, o documento avalia o n\u00edvel de maturidade das empresas brasileiras para operar no universo digital a partir de 4 dimens\u00f5es: estrat\u00e9gia, capacidades, organiza\u00e7\u00e3o e cultura. Um dos pontos destacados na pesquisa \u00e9 sobre a compreens\u00e3o das empresas a respeito da relev\u00e2ncia do digital e de melhorias na jornada do cliente, a pesquisa mostrou que ainda existe uma dificuldade em desenvolver a capacidade anal\u00edtica das organiza\u00e7\u00f5es.<\/p>\n<p>De acordo com o relat\u00f3rio, grande parte das empresas no Brasil ainda utiliza modelos descritivos simples e t\u00e9cnicas pouco sofisticadas para an\u00e1lises estat\u00edsticas. Isso porque precisa investir em solu\u00e7\u00f5es mais robustas, com capacidade para armazenar o maior n\u00famero de dados e oferecer an\u00e1lises mais precisas para mensura\u00e7\u00e3o dos resultados com velocidade.<\/p>\n<p>As <a href=\"https:\/\/www.sap.com\/brazil\/products\/crm.html?url_id=text-blogentry-innovationBlogBR-2020_blog-original-post-sapcom\" target=\"_blank\" rel=\"noopener noreferrer\">informa\u00e7\u00f5es em nuvem<\/a> podem contribuir muito para que as empresas obtenham dados essenciais para transformar visitantes em clientes. O caminho \u00e9 o investimento nas plataformas de gest\u00e3o online.<\/p>\n<p><strong>Adote tecnologia para gerenciar cadeia de suprimentos <\/strong><\/p>\n<p>Esse \u00e9 o momento de transmitir confian\u00e7a aos consumidores, buscando solu\u00e7\u00f5es para manter os estoques abastecidos e encontrar fornecedores de maneira r\u00e1pida e segura, evitando perdas por conta da falta de produtos.<\/p>\n<p>Al\u00e9m disso, as demandas de consumo est\u00e3o passando por mudan\u00e7as e para continuar vendendo as empresas precisam se adequar. Existem solu\u00e7\u00f5es como o <a href=\"https:\/\/www.ariba.com\/solutions\/solutions-overview\/strategic-sourcing\/sap-ariba-discovery\" target=\"_blank\" rel=\"noopener noreferrer\">麻豆原创 Ariba Discovery<\/a>, que conecta uma rede de fornecedores e compradores a partir de uma base de dados, que contribui para o crescimento sustent\u00e1vel das redes de fornecimento, oferecendo dados sobre riscos e produ\u00e7\u00e3o que ajudam a evitar a interrup\u00e7\u00e3o da cadeia de suprimentos. Contribuindo para que lojistas possam cumprir seus prazos de entrega.<\/p>\n<p><strong>Implemente protocolos de seguran\u00e7a e higieniza\u00e7\u00e3o mais r\u00edgidos <\/strong><\/p>\n<p>Apesar da reabertura da economia em muitos pa\u00edses, as orienta\u00e7\u00f5es da Organiza\u00e7\u00e3o Mundial da Sa\u00fade e de especialistas continuam as mesmas, manter o isolamento quando poss\u00edvel e n\u00e3o ignorar as medidas de distanciamento. Uma vida mais restritiva pode fazer com que o consumidor continue evitando sair de casa para realizar compras e se sair, ele pode estar em busca de agilidade para que possa retornar r\u00e1pido e em seguran\u00e7a para seu lar.<\/p>\n<p>Em um cen\u00e1rio como este, as etapas do atendimento precisam passar por mudan\u00e7as para que o consumidor se sinta mais seguro e para que sua experi\u00eancia seja positiva. Portanto, n\u00e3o esque\u00e7a de recomendar o uso de m\u00e1scara, disponibilizar \u00e1lcool em gel e gerenciar o distanciamento dentro do estabelecimento.<\/p>\n<p>Amplie tamb\u00e9m os canais de comunica\u00e7\u00e3o para atender o cliente. Voc\u00ea pode ser multiplataforma e estar presente nas redes sociais, em um canal de atendimento em seu site e refor\u00e7ar a comunica\u00e7\u00e3o pelo telefone. O consumidor se sentir\u00e1 amparado ao sair da sua loja, sabendo que se precisar de algum suporte, ele n\u00e3o precisa, necessariamente, voltar \u00e0 loja f\u00edsica.<\/p>\n<p>No p\u00f3s-pandemia, o impulsionamento dos neg\u00f3cios deve ter as pessoas como foco, para assegurar experi\u00eancias positivas que contemplem colaboradores e clientes. Utilizando como principal ferramenta as tecnologias digitais, a adapta\u00e7\u00e3o dos neg\u00f3cios aos novos h\u00e1bitos pode ganhar um acelerador.<\/p>\n<p>Nos canais de comunica\u00e7\u00e3o da 麻豆原创, voc\u00ea pode acompanhar mais informa\u00e7\u00f5es sobre o mundo p\u00f3s-pandemia:\u00a0 <a href=\"https:\/\/www.facebook.com\/sapbrasil\/\" target=\"_blank\" rel=\"noopener noreferrer\">Facebook\u00a0<\/a>\/\u00a0<a href=\"https:\/\/twitter.com\/麻豆原创Brasil\" target=\"_blank\" rel=\"noopener noreferrer\">Twitter\u00a0<\/a>\/\u00a0<a href=\"https:\/\/www.linkedin.com\/company\/1115\/\" target=\"_blank\" rel=\"noopener noreferrer\">LinkedIn\u00a0<\/a>\/\u00a0<a href=\"https:\/\/www.instagram.com\/sap_brasil\/\" target=\"_blank\" rel=\"noopener noreferrer\">Instagram<\/a> \/ <a href=\"https:\/\/widget.msgp.pl\/?id=66415e417325f13e20.82207836\" target=\"_blank\" rel=\"noopener noreferrer\">WhatsApp<\/a> \/ <a href=\"https:\/\/www.youtube.com\/user\/sapbrasil\" target=\"_blank\" rel=\"noopener noreferrer\">Youtube<\/a><\/p>\n<p>\u00a9 2020 麻豆原创 SE. All rights reserved. 麻豆原创 and other 麻豆原创 products and services mentioned herein as well as their respective logos are trademarks or registered trademarks of 麻豆原创 SE in Germany and other countries. Please see <a href=\"http:\/\/www.sap.com\/corporate-en\/legal\/copyright\/index.epx#trademark\" target=\"_blank\" rel=\"noopener noreferrer\">http:\/\/www.sap.com\/corporate-en\/legal\/copyright\/index.epx#trademark<\/a> for additional trademark information and notices.<\/p>\n","protected":false},"excerpt":{"rendered":"<p>Por: 麻豆原创 Brasil Para manter neg\u00f3cios, empres\u00e1rios devem estudar e acompanhar as movimenta\u00e7\u00f5es na nova rotina do consumidor, adequando os modelos de venda ao novo&#8230;<\/p>\n","protected":false},"author":561,"featured_media":12357,"comment_status":"closed","ping_status":"closed","sticky":false,"template":"","format":"standard","meta":{"footnotes":"","_links_to":"","_links_to_target":""},"categories":[52091],"tags":[56898,16576,41868],"sapn-display":[5599933,5599931,48431,48433],"sapn-type":[6114],"class_list":["post-12356","post","type-post","status-publish","format-standard","has-post-thumbnail","hentry","category-industrias","tag-consumo","tag-varejo","tag-vendas","sapn-display-feature-hero","sapn-display-feature-spotlight","sapn-display-homepage-hero","sapn-display-hero","sapn-type-artigo"],"yoast_head":"<!-- This site is optimized with the Yoast SEO Premium plugin v26.9 (Yoast SEO v26.9) - https:\/\/yoast.com\/product\/yoast-seo-premium-wordpress\/ -->\n<title>Varejo busca adapta\u00e7\u00e3o aos novos h\u00e1bitos de consumo no p\u00f3s-pandemia<\/title>\n<meta name=\"description\" content=\"Para manter neg\u00f3cios, empres\u00e1rios devem estudar e acompanhar as movimenta\u00e7\u00f5es na nova rotina do consumidor, adequando os modelos de venda ao novo momento.\" \/>\n<meta name=\"robots\" content=\"index, follow, max-snippet:-1, max-image-preview:large, max-video-preview:-1\" \/>\n<link rel=\"canonical\" href=\"https:\/\/news.sap.com\/brazil\/2020\/08\/varejo-busca-adaptacao-aos-novos-habitos-de-consumo-no-pos-pandemia-bl0g\/\" \/>\n<meta property=\"og:locale\" content=\"pt_BR\" \/>\n<meta property=\"og:type\" content=\"article\" \/>\n<meta property=\"og:title\" content=\"Varejo busca adapta\u00e7\u00e3o aos novos h\u00e1bitos de consumo no p\u00f3s-pandemia\" \/>\n<meta property=\"og:description\" content=\"Para manter neg\u00f3cios, empres\u00e1rios devem estudar e acompanhar as movimenta\u00e7\u00f5es na nova rotina do consumidor, adequando os modelos de venda ao novo momento.\" \/>\n<meta property=\"og:url\" content=\"https:\/\/news.sap.com\/brazil\/2020\/08\/varejo-busca-adaptacao-aos-novos-habitos-de-consumo-no-pos-pandemia-bl0g\/\" \/>\n<meta property=\"og:site_name\" content=\"Sala de Imprensa 麻豆原创 Brasil\" \/>\n<meta property=\"article:published_time\" content=\"2020-08-11T12:00:55+00:00\" \/>\n<meta property=\"article:modified_time\" content=\"2023-10-19T17:02:18+00:00\" \/>\n<meta property=\"og:image\" content=\"https:\/\/news.sap.com\/brazil\/files\/2020\/08\/fb-2.jpg\" \/>\n\t<meta property=\"og:image:width\" content=\"563\" \/>\n\t<meta property=\"og:image:height\" content=\"292\" \/>\n\t<meta property=\"og:image:type\" content=\"image\/jpeg\" \/>\n<meta name=\"author\" content=\"麻豆原创 Brasil\" \/>\n<meta name=\"twitter:card\" content=\"summary_large_image\" \/>\n<meta name=\"twitter:title\" content=\"Varejo busca adapta\u00e7\u00e3o aos novos h\u00e1bitos de consumo no p\u00f3s-pandemia\" \/>\n<meta name=\"twitter:creator\" content=\"@麻豆原创Brasil\" \/>\n<meta name=\"twitter:site\" content=\"@麻豆原创Brasil\" \/>\n<meta name=\"twitter:label1\" content=\"Escrito por\" \/>\n\t<meta name=\"twitter:data1\" content=\"麻豆原创 Brasil\" \/>\n\t<meta name=\"twitter:label2\" content=\"Est. tempo de leitura\" \/>\n\t<meta name=\"twitter:data2\" content=\"4 minutos\" \/>\n<script type=\"application\/ld+json\" class=\"yoast-schema-graph\">{\"@context\":\"https:\/\/schema.org\",\"@graph\":[{\"@type\":\"Article\",\"@id\":\"https:\/\/news.sap.com\/brazil\/2020\/08\/varejo-busca-adaptacao-aos-novos-habitos-de-consumo-no-pos-pandemia-bl0g\/#article\",\"isPartOf\":{\"@id\":\"https:\/\/news.sap.com\/brazil\/2020\/08\/varejo-busca-adaptacao-aos-novos-habitos-de-consumo-no-pos-pandemia-bl0g\/\"},\"author\":{\"name\":\"麻豆原创 Brasil\",\"@id\":\"https:\/\/news.sap.com\/brazil\/#\/schema\/person\/1cfc5d6de5ffdc23f1f3b1670a90ae3c\"},\"headline\":\"Varejo busca adapta\u00e7\u00e3o aos novos h\u00e1bitos de consumo no p\u00f3s-pandemia\",\"datePublished\":\"2020-08-11T12:00:55+00:00\",\"dateModified\":\"2023-10-19T17:02:18+00:00\",\"mainEntityOfPage\":{\"@id\":\"https:\/\/news.sap.com\/brazil\/2020\/08\/varejo-busca-adaptacao-aos-novos-habitos-de-consumo-no-pos-pandemia-bl0g\/\"},\"wordCount\":865,\"image\":{\"@id\":\"https:\/\/news.sap.com\/brazil\/2020\/08\/varejo-busca-adaptacao-aos-novos-habitos-de-consumo-no-pos-pandemia-bl0g\/#primaryimage\"},\"thumbnailUrl\":\"https:\/\/news.sap.com\/brazil\/files\/2020\/08\/287013_GettyImages-1224667631.jpg\",\"keywords\":[\"Consumo\",\"varejo\",\"vendas\"],\"articleSection\":[\"Setores\"],\"inLanguage\":\"pt-BR\"},{\"@type\":\"WebPage\",\"@id\":\"https:\/\/news.sap.com\/brazil\/2020\/08\/varejo-busca-adaptacao-aos-novos-habitos-de-consumo-no-pos-pandemia-bl0g\/\",\"url\":\"https:\/\/news.sap.com\/brazil\/2020\/08\/varejo-busca-adaptacao-aos-novos-habitos-de-consumo-no-pos-pandemia-bl0g\/\",\"name\":\"Varejo busca adapta\u00e7\u00e3o aos novos h\u00e1bitos de consumo no p\u00f3s-pandemia\",\"isPartOf\":{\"@id\":\"https:\/\/news.sap.com\/brazil\/#website\"},\"primaryImageOfPage\":{\"@id\":\"https:\/\/news.sap.com\/brazil\/2020\/08\/varejo-busca-adaptacao-aos-novos-habitos-de-consumo-no-pos-pandemia-bl0g\/#primaryimage\"},\"image\":{\"@id\":\"https:\/\/news.sap.com\/brazil\/2020\/08\/varejo-busca-adaptacao-aos-novos-habitos-de-consumo-no-pos-pandemia-bl0g\/#primaryimage\"},\"thumbnailUrl\":\"https:\/\/news.sap.com\/brazil\/files\/2020\/08\/287013_GettyImages-1224667631.jpg\",\"datePublished\":\"2020-08-11T12:00:55+00:00\",\"dateModified\":\"2023-10-19T17:02:18+00:00\",\"author\":{\"@id\":\"https:\/\/news.sap.com\/brazil\/#\/schema\/person\/1cfc5d6de5ffdc23f1f3b1670a90ae3c\"},\"description\":\"Para manter neg\u00f3cios, empres\u00e1rios devem estudar e acompanhar as movimenta\u00e7\u00f5es na nova rotina do consumidor, adequando os modelos de venda ao novo momento.\",\"breadcrumb\":{\"@id\":\"https:\/\/news.sap.com\/brazil\/2020\/08\/varejo-busca-adaptacao-aos-novos-habitos-de-consumo-no-pos-pandemia-bl0g\/#breadcrumb\"},\"inLanguage\":\"pt-BR\",\"potentialAction\":[{\"@type\":\"ReadAction\",\"target\":[\"https:\/\/news.sap.com\/brazil\/2020\/08\/varejo-busca-adaptacao-aos-novos-habitos-de-consumo-no-pos-pandemia-bl0g\/\"]}]},{\"@type\":\"ImageObject\",\"inLanguage\":\"pt-BR\",\"@id\":\"https:\/\/news.sap.com\/brazil\/2020\/08\/varejo-busca-adaptacao-aos-novos-habitos-de-consumo-no-pos-pandemia-bl0g\/#primaryimage\",\"url\":\"https:\/\/news.sap.com\/brazil\/files\/2020\/08\/287013_GettyImages-1224667631.jpg\",\"contentUrl\":\"https:\/\/news.sap.com\/brazil\/files\/2020\/08\/287013_GettyImages-1224667631.jpg\",\"width\":1400,\"height\":601,\"caption\":\"Man working at a supermarket restocking the shelves and wearing a facemask - COVID-19 lifestyle concepts\"},{\"@type\":\"BreadcrumbList\",\"@id\":\"https:\/\/news.sap.com\/brazil\/2020\/08\/varejo-busca-adaptacao-aos-novos-habitos-de-consumo-no-pos-pandemia-bl0g\/#breadcrumb\",\"itemListElement\":[{\"@type\":\"ListItem\",\"position\":1,\"name\":\"Home\",\"item\":\"https:\/\/news.sap.com\/brazil\/\"},{\"@type\":\"ListItem\",\"position\":2,\"name\":\"Varejo busca adapta\u00e7\u00e3o aos novos h\u00e1bitos de consumo no p\u00f3s-pandemia\"}]},{\"@type\":\"WebSite\",\"@id\":\"https:\/\/news.sap.com\/brazil\/#website\",\"url\":\"https:\/\/news.sap.com\/brazil\/\",\"name\":\"Sala de Imprensa 麻豆原创 Brasil\",\"description\":\"Not\u00edcias e informa\u00e7\u00f5es sobre a 麻豆原创\",\"potentialAction\":[{\"@type\":\"SearchAction\",\"target\":{\"@type\":\"EntryPoint\",\"urlTemplate\":\"https:\/\/news.sap.com\/brazil\/?s={search_term_string}\"},\"query-input\":{\"@type\":\"PropertyValueSpecification\",\"valueRequired\":true,\"valueName\":\"search_term_string\"}}],\"inLanguage\":\"pt-BR\"},{\"@type\":\"Person\",\"@id\":\"https:\/\/news.sap.com\/brazil\/#\/schema\/person\/1cfc5d6de5ffdc23f1f3b1670a90ae3c\",\"name\":\"麻豆原创 Brasil\",\"image\":{\"@type\":\"ImageObject\",\"inLanguage\":\"pt-BR\",\"@id\":\"https:\/\/news.sap.com\/brazil\/#\/schema\/person\/image\/\",\"url\":\"https:\/\/news.sap.com\/brazil\/wp-content\/plugins\/wp-user-avatars\/wp-user-avatars\/assets\/images\/mystery.jpg\",\"contentUrl\":\"https:\/\/news.sap.com\/brazil\/wp-content\/plugins\/wp-user-avatars\/wp-user-avatars\/assets\/images\/mystery.jpg\",\"caption\":\"麻豆原创 Brasil\"},\"url\":\"https:\/\/news.sap.com\/brazil\/author\/raquelcasciato\/\"}]}<\/script>\n<!-- \/ Yoast SEO Premium plugin. -->","yoast_head_json":{"title":"Varejo busca adapta\u00e7\u00e3o aos novos h\u00e1bitos de consumo no p\u00f3s-pandemia","description":"Para manter neg\u00f3cios, empres\u00e1rios devem estudar e acompanhar as movimenta\u00e7\u00f5es na nova rotina do consumidor, adequando os modelos de venda ao novo momento.","robots":{"index":"index","follow":"follow","max-snippet":"max-snippet:-1","max-image-preview":"max-image-preview:large","max-video-preview":"max-video-preview:-1"},"canonical":"https:\/\/news.sap.com\/brazil\/2020\/08\/varejo-busca-adaptacao-aos-novos-habitos-de-consumo-no-pos-pandemia-bl0g\/","og_locale":"pt_BR","og_type":"article","og_title":"Varejo busca adapta\u00e7\u00e3o aos novos h\u00e1bitos de consumo no p\u00f3s-pandemia","og_description":"Para manter neg\u00f3cios, empres\u00e1rios devem estudar e acompanhar as movimenta\u00e7\u00f5es na nova rotina do consumidor, adequando os modelos de venda ao novo momento.","og_url":"https:\/\/news.sap.com\/brazil\/2020\/08\/varejo-busca-adaptacao-aos-novos-habitos-de-consumo-no-pos-pandemia-bl0g\/","og_site_name":"Sala de Imprensa 麻豆原创 Brasil","article_published_time":"2020-08-11T12:00:55+00:00","article_modified_time":"2023-10-19T17:02:18+00:00","og_image":[{"width":563,"height":292,"url":"https:\/\/news.sap.com\/brazil\/files\/2020\/08\/fb-2.jpg","type":"image\/jpeg"}],"author":"麻豆原创 Brasil","twitter_card":"summary_large_image","twitter_title":"Varejo busca adapta\u00e7\u00e3o aos novos h\u00e1bitos de consumo no p\u00f3s-pandemia","twitter_creator":"@麻豆原创Brasil","twitter_site":"@麻豆原创Brasil","twitter_misc":{"Escrito por":"麻豆原创 Brasil","Est. tempo de leitura":"4 minutos"},"schema":{"@context":"https:\/\/schema.org","@graph":[{"@type":"Article","@id":"https:\/\/news.sap.com\/brazil\/2020\/08\/varejo-busca-adaptacao-aos-novos-habitos-de-consumo-no-pos-pandemia-bl0g\/#article","isPartOf":{"@id":"https:\/\/news.sap.com\/brazil\/2020\/08\/varejo-busca-adaptacao-aos-novos-habitos-de-consumo-no-pos-pandemia-bl0g\/"},"author":{"name":"麻豆原创 Brasil","@id":"https:\/\/news.sap.com\/brazil\/#\/schema\/person\/1cfc5d6de5ffdc23f1f3b1670a90ae3c"},"headline":"Varejo busca adapta\u00e7\u00e3o aos novos h\u00e1bitos de consumo no p\u00f3s-pandemia","datePublished":"2020-08-11T12:00:55+00:00","dateModified":"2023-10-19T17:02:18+00:00","mainEntityOfPage":{"@id":"https:\/\/news.sap.com\/brazil\/2020\/08\/varejo-busca-adaptacao-aos-novos-habitos-de-consumo-no-pos-pandemia-bl0g\/"},"wordCount":865,"image":{"@id":"https:\/\/news.sap.com\/brazil\/2020\/08\/varejo-busca-adaptacao-aos-novos-habitos-de-consumo-no-pos-pandemia-bl0g\/#primaryimage"},"thumbnailUrl":"https:\/\/news.sap.com\/brazil\/files\/2020\/08\/287013_GettyImages-1224667631.jpg","keywords":["Consumo","varejo","vendas"],"articleSection":["Setores"],"inLanguage":"pt-BR"},{"@type":"WebPage","@id":"https:\/\/news.sap.com\/brazil\/2020\/08\/varejo-busca-adaptacao-aos-novos-habitos-de-consumo-no-pos-pandemia-bl0g\/","url":"https:\/\/news.sap.com\/brazil\/2020\/08\/varejo-busca-adaptacao-aos-novos-habitos-de-consumo-no-pos-pandemia-bl0g\/","name":"Varejo busca adapta\u00e7\u00e3o aos novos h\u00e1bitos de consumo no p\u00f3s-pandemia","isPartOf":{"@id":"https:\/\/news.sap.com\/brazil\/#website"},"primaryImageOfPage":{"@id":"https:\/\/news.sap.com\/brazil\/2020\/08\/varejo-busca-adaptacao-aos-novos-habitos-de-consumo-no-pos-pandemia-bl0g\/#primaryimage"},"image":{"@id":"https:\/\/news.sap.com\/brazil\/2020\/08\/varejo-busca-adaptacao-aos-novos-habitos-de-consumo-no-pos-pandemia-bl0g\/#primaryimage"},"thumbnailUrl":"https:\/\/news.sap.com\/brazil\/files\/2020\/08\/287013_GettyImages-1224667631.jpg","datePublished":"2020-08-11T12:00:55+00:00","dateModified":"2023-10-19T17:02:18+00:00","author":{"@id":"https:\/\/news.sap.com\/brazil\/#\/schema\/person\/1cfc5d6de5ffdc23f1f3b1670a90ae3c"},"description":"Para manter neg\u00f3cios, empres\u00e1rios devem estudar e acompanhar as movimenta\u00e7\u00f5es na nova rotina do consumidor, adequando os modelos de venda ao novo momento.","breadcrumb":{"@id":"https:\/\/news.sap.com\/brazil\/2020\/08\/varejo-busca-adaptacao-aos-novos-habitos-de-consumo-no-pos-pandemia-bl0g\/#breadcrumb"},"inLanguage":"pt-BR","potentialAction":[{"@type":"ReadAction","target":["https:\/\/news.sap.com\/brazil\/2020\/08\/varejo-busca-adaptacao-aos-novos-habitos-de-consumo-no-pos-pandemia-bl0g\/"]}]},{"@type":"ImageObject","inLanguage":"pt-BR","@id":"https:\/\/news.sap.com\/brazil\/2020\/08\/varejo-busca-adaptacao-aos-novos-habitos-de-consumo-no-pos-pandemia-bl0g\/#primaryimage","url":"https:\/\/news.sap.com\/brazil\/files\/2020\/08\/287013_GettyImages-1224667631.jpg","contentUrl":"https:\/\/news.sap.com\/brazil\/files\/2020\/08\/287013_GettyImages-1224667631.jpg","width":1400,"height":601,"caption":"Man working at a supermarket restocking the shelves and wearing a facemask - COVID-19 lifestyle concepts"},{"@type":"BreadcrumbList","@id":"https:\/\/news.sap.com\/brazil\/2020\/08\/varejo-busca-adaptacao-aos-novos-habitos-de-consumo-no-pos-pandemia-bl0g\/#breadcrumb","itemListElement":[{"@type":"ListItem","position":1,"name":"Home","item":"https:\/\/news.sap.com\/brazil\/"},{"@type":"ListItem","position":2,"name":"Varejo busca adapta\u00e7\u00e3o aos novos h\u00e1bitos de consumo no p\u00f3s-pandemia"}]},{"@type":"WebSite","@id":"https:\/\/news.sap.com\/brazil\/#website","url":"https:\/\/news.sap.com\/brazil\/","name":"Sala de Imprensa 麻豆原创 Brasil","description":"Not\u00edcias e informa\u00e7\u00f5es sobre a 麻豆原创","potentialAction":[{"@type":"SearchAction","target":{"@type":"EntryPoint","urlTemplate":"https:\/\/news.sap.com\/brazil\/?s={search_term_string}"},"query-input":{"@type":"PropertyValueSpecification","valueRequired":true,"valueName":"search_term_string"}}],"inLanguage":"pt-BR"},{"@type":"Person","@id":"https:\/\/news.sap.com\/brazil\/#\/schema\/person\/1cfc5d6de5ffdc23f1f3b1670a90ae3c","name":"麻豆原创 Brasil","image":{"@type":"ImageObject","inLanguage":"pt-BR","@id":"https:\/\/news.sap.com\/brazil\/#\/schema\/person\/image\/","url":"https:\/\/news.sap.com\/brazil\/wp-content\/plugins\/wp-user-avatars\/wp-user-avatars\/assets\/images\/mystery.jpg","contentUrl":"https:\/\/news.sap.com\/brazil\/wp-content\/plugins\/wp-user-avatars\/wp-user-avatars\/assets\/images\/mystery.jpg","caption":"麻豆原创 Brasil"},"url":"https:\/\/news.sap.com\/brazil\/author\/raquelcasciato\/"}]}},"amp_enabled":true,"_links":{"self":[{"href":"https:\/\/news.sap.com\/brazil\/wp-json\/wp\/v2\/posts\/12356","targetHints":{"allow":["GET"]}}],"collection":[{"href":"https:\/\/news.sap.com\/brazil\/wp-json\/wp\/v2\/posts"}],"about":[{"href":"https:\/\/news.sap.com\/brazil\/wp-json\/wp\/v2\/types\/post"}],"author":[{"embeddable":true,"href":"https:\/\/news.sap.com\/brazil\/wp-json\/wp\/v2\/users\/561"}],"replies":[{"embeddable":true,"href":"https:\/\/news.sap.com\/brazil\/wp-json\/wp\/v2\/comments?post=12356"}],"version-history":[{"count":0,"href":"https:\/\/news.sap.com\/brazil\/wp-json\/wp\/v2\/posts\/12356\/revisions"}],"wp:featuredmedia":[{"embeddable":true,"href":"https:\/\/news.sap.com\/brazil\/wp-json\/wp\/v2\/media\/12357"}],"wp:attachment":[{"href":"https:\/\/news.sap.com\/brazil\/wp-json\/wp\/v2\/media?parent=12356"}],"wp:term":[{"taxonomy":"category","embeddable":true,"href":"https:\/\/news.sap.com\/brazil\/wp-json\/wp\/v2\/categories?post=12356"},{"taxonomy":"post_tag","embeddable":true,"href":"https:\/\/news.sap.com\/brazil\/wp-json\/wp\/v2\/tags?post=12356"},{"taxonomy":"sapn-display","embeddable":true,"href":"https:\/\/news.sap.com\/brazil\/wp-json\/wp\/v2\/sapn-display?post=12356"},{"taxonomy":"sapn-type","embeddable":true,"href":"https:\/\/news.sap.com\/brazil\/wp-json\/wp\/v2\/sapn-type?post=12356"}],"curies":[{"name":"wp","href":"https:\/\/api.w.org\/{rel}","templated":true}]}}