  {"id":12340,"date":"2020-07-31T13:29:18","date_gmt":"2020-07-31T16:29:18","guid":{"rendered":"https:\/\/news.sap.com\/brazil\/?p=12340"},"modified":"2023-10-19T14:02:28","modified_gmt":"2023-10-19T17:02:28","slug":"resiliencia-da-cadeia-de-suprimentos-em-tempos-de-ruptura-uma-visao-da-america-latina-bl0g","status":"publish","type":"post","link":"https:\/\/news.sap.com\/brazil\/2020\/07\/resiliencia-da-cadeia-de-suprimentos-em-tempos-de-ruptura-uma-visao-da-america-latina-bl0g\/","title":{"rendered":"Resili\u00eancia da cadeia de suprimentos em tempos de ruptura: uma vis\u00e3o da Am\u00e9rica Latina"},"content":{"rendered":"<p>Por: Juan Cartier<\/p>\n<p>Eu sempre morei na Am\u00e9rica Latina e, ao longo da minha carreira, passei bastante tempo focando-me em gest\u00e3o da cadeia de suprimentos. Na minha opini\u00e3o, o fator mais importante que ajudou as empresas na regi\u00e3o a sobreviver \u00e0 pandemia do coronav\u00edrus at\u00e9 agora foi, sem d\u00favidas, a resili\u00eancia da cadeia de suprimentos.<\/p>\n<p>A experi\u00eancia aqui foi diferente de muitas outras regi\u00f5es do mundo. Por um lado, a Am\u00e9rica Latina teve o benef\u00edcio de ver o v\u00edrus chegando de fora. N\u00f3s assistimos a propaga\u00e7\u00e3o pela Europa e Estados Unidos antes de vir para c\u00e1 &#8211; dando-nos um certo tempo para entender o que era, antecipar a rea\u00e7\u00e3o e preparar os pr\u00f3ximos passos.<\/p>\n<p>Por outro lado, a Am\u00e9rica Latina \u00e9 composta por muitos pa\u00edses &#8211; todos com diferentes respostas \u00e0 crise. A maioria fechou suas fronteiras &#8211; significativamente, se n\u00e3o totalmente -, interrompendo assim as cadeias de suprimentos em plena opera\u00e7\u00e3o. Em resposta, as empresas tiveram de ser criativas. E o meio para essa criatividade toda tem sido as cadeias de suprimentos resilientes.<\/p>\n<p><strong>Mas o que significa resili\u00eancia?<\/strong><\/p>\n<p>Defino a resili\u00eancia da cadeia de suprimentos diretamente como a capacidade dos seus participantes em responder \u00e0 mudan\u00e7a. Para os varejistas da Am\u00e9rica Latina, como em outros lugares, tudo come\u00e7a com o consumidor, por exemplo.<\/p>\n<p>At\u00e9 agora, n\u00e3o \u00e9 novidade que as prefer\u00eancias do consumidor mudaram drasticamente em resposta ao Covid. Hoje, o foco est\u00e1 nas mercadorias essenciais: itens como alimentos b\u00e1sicos, desinfetantes e, \u00e9 claro, vinho. A demanda por itens de luxo caiu vertiginosamente. Os h\u00e1bitos de compra tamb\u00e9m mudaram muito &#8211; com mudan\u00e7as dr\u00e1sticas no com\u00e9rcio eletr\u00f4nico em rela\u00e7\u00e3o \u00e0s lojas f\u00edsicas.<\/p>\n<p>Em resposta, os varejistas precisaram redistribuir seus sortimentos para atender \u00e0 mudan\u00e7a na demanda do consumidor. Para alguns, isso significa encontrar novas fontes de bens para abastecer suas prateleiras. Tamb\u00e9m significou focar-se ainda mais nas vendas online. E, quando os varejistas come\u00e7aram a reabrir suas lojas f\u00edsicas, precisaram introduzir novos protocolos compat\u00edveis com o Covid e organizar um tr\u00e1fego m\u00ednimo para garantir o distanciamento social.<\/p>\n<p>Quanto aos fabricantes, o fechamento das fronteiras exigiu que eles lutassem para garantir fontes alternativas locais de suprimentos. Em muitos casos, eles tiveram de reprojetar produtos com base nas varia\u00e7\u00f5es na disponibilidade de mat\u00e9rias-primas. Ao mesmo tempo, eles est\u00e3o respondendo a novos padr\u00f5es de demanda. Tudo isso exigiu que os fabricantes executassem constantemente novos cen\u00e1rios e simula\u00e7\u00f5es de planejamento para prever melhor os resultados finais para clientes e consumidores.<\/p>\n<p><strong>Os recursos da resili\u00eancia<\/strong><\/p>\n<p>Para empresas de sucesso enfrentando a crise da Covid, vejo que aquelas com capacidade para planejamento de neg\u00f3cios integrado, log\u00edstica flex\u00edvel e com\u00e9rcio eletr\u00f4nico se sa\u00edram bem.<\/p>\n<ul>\n<li><strong>Planejamento de neg\u00f3cios integrado (Integrated Business Planning)<\/strong><\/li>\n<\/ul>\n<p>A capacidade de fazer simula\u00e7\u00f5es r\u00e1pidas com base em certas premissas ajuda as organiza\u00e7\u00f5es a construir cen\u00e1rios de planejamento e a tomar decis\u00f5es s\u00e1bias. O aspecto &#8220;integrado&#8221; do planejamento de neg\u00f3cios tamb\u00e9m \u00e9 importante. Com o acesso aos principais sistemas de neg\u00f3cios para ERP, por exemplo, os planejadores podem colaborar com mais efic\u00e1cia com base em uma vers\u00e3o compartilhada da verdade entre as unidades de neg\u00f3cios e os parceiros da cadeia de suprimentos.<\/p>\n<ul>\n<li><strong>Log\u00edstica flex\u00edvel<\/strong><\/li>\n<\/ul>\n<p>Log\u00edstica e transporte flex\u00edveis foram igualmente cr\u00edticos. Como os picos de demanda se concentram em certas \u00e1reas &#8211; como nas zonas urbanas &#8211; as empresas precisam reunir recursos de transporte e redirecionar rapidamente as transportadoras para atender \u00e0 demanda onde ela est\u00e1. Isso est\u00e1 ajudando as empresas da Am\u00e9rica Latina a oferecer experi\u00eancias positivas aos clientes, apesar das interrup\u00e7\u00f5es.<\/p>\n<ul>\n<li><strong>Com\u00e9rcio eletr\u00f4nico<\/strong><\/li>\n<\/ul>\n<p>\u00c0 medida que mais e mais empresas na Am\u00e9rica Latina s\u00e3o for\u00e7adas a aderir ao com\u00e9rcio eletr\u00f4nico, o planejamento de neg\u00f3cios integrado e a log\u00edstica flex\u00edvel t\u00eam desempenhado um papel importante. O com\u00e9rcio eletr\u00f4nico requer planejamento e colabora\u00e7\u00e3o na cadeia de suprimentos. Os clientes mais exigentes querem visibilidade em cada passo do seu pedido. E embora o volume geralmente aumente nos cen\u00e1rios de com\u00e9rcio eletr\u00f4nico, a log\u00edstica se torna mais desafiadora. Em vez de entregar a granel para grandes pontos de venda, agora os fabricantes precisam entregar no &#8220;1:1&#8221; &#8211; levando a mercadoria at\u00e9 a porta do cliente que fez o pedido.<\/p>\n<p><strong>Agilidade em a\u00e7\u00e3o<\/strong><\/p>\n<p>Vi v\u00e1rias empresas intensificando resultados positivos em resposta \u00e0 pandemia do coronav\u00edrus aqui na Am\u00e9rica Latina. Uma empresa, fabricante de papel higi\u00eanico &#8211; talvez o s\u00edmbolo de uma mercadoria em falta &#8211; estava nos est\u00e1gios de planejamento da adi\u00e7\u00e3o de recursos de com\u00e9rcio eletr\u00f4nico. Quando a crise chegou, no entanto, esta empresa acelerou o projeto e hoje est\u00e1 totalmente operacional com uma solu\u00e7\u00e3o de com\u00e9rcio eletr\u00f4nico. Esse tipo de resposta \u00e9 parte do motivo pelo qual &#8211; em grande parte &#8211; os latino-americanos n\u00e3o viram a escassez deste item.<\/p>\n<p>Outro exemplo \u00e9 uma empresa que produz produtos de cuidados pessoais &#8211; como cremes e lo\u00e7\u00f5es. Normalmente, essa empresa lan\u00e7a novos produtos a cada tr\u00eas semanas &#8211; dependendo de uma sofisticada cadeia de suprimentos regional e global para fornecer as mat\u00e9rias-primas que permitem inovar regularmente. Diante da nova realidades na cadeia de suprimentos, essa empresa revisitou rapidamente seus modelos de planejamento, encontrou novas fontes de materiais localmente e reformulou seus novos produtos para acomodar o que estava dispon\u00edvel.<\/p>\n<p>A Am\u00e9rica Latina tem in\u00fameras hist\u00f3rias assim. A quest\u00e3o \u00e9 que a agilidade est\u00e1 no cora\u00e7\u00e3o da resili\u00eancia da cadeia de suprimentos. As empresas, em outras palavras, precisam de cadeias de suprimentos que se desdobrem, mas n\u00e3o quebrem. Essa \u00e9 pelo menos uma chave para empresas que procuram sobreviver e prosperar na nova realidade do coronav\u00edrus.<\/p>\n<p>Acompanhe mais informa\u00e7\u00f5es nas redes sociais da 麻豆原创: <a href=\"https:\/\/www.facebook.com\/sapbrasil\/\" target=\"_blank\" rel=\"noopener noreferrer\">Facebook\u00a0<\/a>\/\u00a0<a href=\"https:\/\/twitter.com\/麻豆原创Brasil\" target=\"_blank\" rel=\"noopener noreferrer\">Twitter\u00a0<\/a>\/\u00a0<a href=\"https:\/\/www.linkedin.com\/company\/1115\/\" target=\"_blank\" rel=\"noopener noreferrer\">LinkedIn\u00a0<\/a>\/\u00a0<a href=\"https:\/\/www.instagram.com\/sap_brasil\/\" target=\"_blank\" rel=\"noopener noreferrer\">Instagram<\/a> \/ <a href=\"https:\/\/widget.msgp.pl\/?id=66415e417325f13e20.82207836\" target=\"_blank\" rel=\"noopener noreferrer\">WhatsApp<\/a> \/ <a href=\"https:\/\/www.youtube.com\/user\/sapbrasil\">Youtube<\/a><\/p>\n<p>\u00a9 2020 麻豆原创 SE. All rights reserved. 麻豆原创 and other 麻豆原创 products and services mentioned herein as well as their respective logos are trademarks or registered trademarks of 麻豆原创 SE in Germany and other countries. Please see <a href=\"http:\/\/www.sap.com\/corporate-en\/legal\/copyright\/index.epx#trademark\" target=\"_blank\" rel=\"noopener noreferrer\">http:\/\/www.sap.com\/corporate-en\/legal\/copyright\/index.epx#trademark<\/a> for additional trademark information and notices.<\/p>\n","protected":false},"excerpt":{"rendered":"<p>Por: Juan Cartier Eu sempre morei na Am\u00e9rica Latina e, ao longo da minha carreira, passei bastante tempo focando-me em gest\u00e3o da cadeia de suprimentos&#8230;.<\/p>\n","protected":false},"author":3301,"featured_media":12343,"comment_status":"closed","ping_status":"closed","sticky":false,"template":"","format":"standard","meta":{"footnotes":"","_links_to":"","_links_to_target":""},"categories":[5599816],"tags":[20468,83576,36],"sapn-display":[5599933,5599931,48431,48433],"sapn-type":[6114],"class_list":["post-12340","post","type-post","status-publish","format-standard","has-post-thumbnail","hentry","category-gestao-da-cadeia-de-suprimentos","tag-america-latina","tag-cadeia-de-suprimentos-2","tag-supply-chain","sapn-display-feature-hero","sapn-display-feature-spotlight","sapn-display-homepage-hero","sapn-display-hero","sapn-type-artigo"],"yoast_head":"<!-- This site is optimized with the Yoast SEO Premium plugin v26.9 (Yoast SEO v26.9) - https:\/\/yoast.com\/product\/yoast-seo-premium-wordpress\/ -->\n<title>Cadeia de suprimentos em tempos de ruptura: vis\u00e3o da Am\u00e9rica Latina<\/title>\n<meta name=\"description\" content=\"A resili\u00eancia da cadeia de suprimentos est\u00e1 diretamente ligada a capacidade dos seus participantes em responder \u00e0 mudan\u00e7as.\" \/>\n<meta name=\"robots\" content=\"index, follow, max-snippet:-1, max-image-preview:large, max-video-preview:-1\" \/>\n<link rel=\"canonical\" href=\"https:\/\/news.sap.com\/brazil\/2020\/07\/resiliencia-da-cadeia-de-suprimentos-em-tempos-de-ruptura-uma-visao-da-america-latina-bl0g\/\" \/>\n<meta property=\"og:locale\" content=\"pt_BR\" \/>\n<meta property=\"og:type\" content=\"article\" \/>\n<meta property=\"og:title\" content=\"Resili\u00eancia da cadeia de suprimentos em tempos de ruptura: uma vis\u00e3o da Am\u00e9rica Latina\" \/>\n<meta property=\"og:description\" content=\"A resili\u00eancia da cadeia de suprimentos est\u00e1 diretamente ligada a capacidade dos seus participantes em responder \u00e0 mudan\u00e7as.\" \/>\n<meta property=\"og:url\" content=\"https:\/\/news.sap.com\/brazil\/2020\/07\/resiliencia-da-cadeia-de-suprimentos-em-tempos-de-ruptura-uma-visao-da-america-latina-bl0g\/\" \/>\n<meta property=\"og:site_name\" content=\"Sala de Imprensa 麻豆原创 Brasil\" \/>\n<meta property=\"article:published_time\" content=\"2020-07-31T16:29:18+00:00\" \/>\n<meta property=\"article:modified_time\" content=\"2023-10-19T17:02:28+00:00\" \/>\n<meta property=\"og:image\" content=\"https:\/\/news.sap.com\/brazil\/files\/2020\/07\/fb-5.jpg\" \/>\n\t<meta property=\"og:image:width\" content=\"565\" \/>\n\t<meta property=\"og:image:height\" content=\"292\" \/>\n\t<meta property=\"og:image:type\" content=\"image\/jpeg\" \/>\n<meta name=\"author\" content=\"Juan Cartier\" \/>\n<meta name=\"twitter:card\" content=\"summary_large_image\" \/>\n<meta name=\"twitter:title\" content=\"Resili\u00eancia da cadeia de suprimentos em tempos de ruptura: uma vis\u00e3o da Am\u00e9rica Latina\" \/>\n<meta name=\"twitter:creator\" content=\"@麻豆原创Brasil\" \/>\n<meta name=\"twitter:site\" content=\"@麻豆原创Brasil\" \/>\n<meta name=\"twitter:label1\" content=\"Escrito por\" \/>\n\t<meta name=\"twitter:data1\" content=\"Juan Cartier\" \/>\n\t<meta name=\"twitter:label2\" content=\"Est. tempo de leitura\" \/>\n\t<meta name=\"twitter:data2\" content=\"5 minutos\" \/>\n<script type=\"application\/ld+json\" class=\"yoast-schema-graph\">{\"@context\":\"https:\/\/schema.org\",\"@graph\":[{\"@type\":\"Article\",\"@id\":\"https:\/\/news.sap.com\/brazil\/2020\/07\/resiliencia-da-cadeia-de-suprimentos-em-tempos-de-ruptura-uma-visao-da-america-latina-bl0g\/#article\",\"isPartOf\":{\"@id\":\"https:\/\/news.sap.com\/brazil\/2020\/07\/resiliencia-da-cadeia-de-suprimentos-em-tempos-de-ruptura-uma-visao-da-america-latina-bl0g\/\"},\"author\":{\"name\":\"Juan Cartier\",\"@id\":\"https:\/\/news.sap.com\/brazil\/#\/schema\/person\/b2d377bca90dbf2867a97ef37685add8\"},\"headline\":\"Resili\u00eancia da cadeia de suprimentos em tempos de ruptura: uma vis\u00e3o da Am\u00e9rica Latina\",\"datePublished\":\"2020-07-31T16:29:18+00:00\",\"dateModified\":\"2023-10-19T17:02:28+00:00\",\"mainEntityOfPage\":{\"@id\":\"https:\/\/news.sap.com\/brazil\/2020\/07\/resiliencia-da-cadeia-de-suprimentos-em-tempos-de-ruptura-uma-visao-da-america-latina-bl0g\/\"},\"wordCount\":1098,\"image\":{\"@id\":\"https:\/\/news.sap.com\/brazil\/2020\/07\/resiliencia-da-cadeia-de-suprimentos-em-tempos-de-ruptura-uma-visao-da-america-latina-bl0g\/#primaryimage\"},\"thumbnailUrl\":\"https:\/\/news.sap.com\/brazil\/files\/2020\/07\/278144_278144_l_srgb_s_gl.jpg\",\"keywords\":[\"Am\u00e9rica Latina\",\"cadeia de suprimentos\",\"supply chain\"],\"articleSection\":[\"Gest\u00e3o da cadeia de suprimentos\"],\"inLanguage\":\"pt-BR\"},{\"@type\":\"WebPage\",\"@id\":\"https:\/\/news.sap.com\/brazil\/2020\/07\/resiliencia-da-cadeia-de-suprimentos-em-tempos-de-ruptura-uma-visao-da-america-latina-bl0g\/\",\"url\":\"https:\/\/news.sap.com\/brazil\/2020\/07\/resiliencia-da-cadeia-de-suprimentos-em-tempos-de-ruptura-uma-visao-da-america-latina-bl0g\/\",\"name\":\"Cadeia de suprimentos em tempos de ruptura: vis\u00e3o da Am\u00e9rica Latina\",\"isPartOf\":{\"@id\":\"https:\/\/news.sap.com\/brazil\/#website\"},\"primaryImageOfPage\":{\"@id\":\"https:\/\/news.sap.com\/brazil\/2020\/07\/resiliencia-da-cadeia-de-suprimentos-em-tempos-de-ruptura-uma-visao-da-america-latina-bl0g\/#primaryimage\"},\"image\":{\"@id\":\"https:\/\/news.sap.com\/brazil\/2020\/07\/resiliencia-da-cadeia-de-suprimentos-em-tempos-de-ruptura-uma-visao-da-america-latina-bl0g\/#primaryimage\"},\"thumbnailUrl\":\"https:\/\/news.sap.com\/brazil\/files\/2020\/07\/278144_278144_l_srgb_s_gl.jpg\",\"datePublished\":\"2020-07-31T16:29:18+00:00\",\"dateModified\":\"2023-10-19T17:02:28+00:00\",\"author\":{\"@id\":\"https:\/\/news.sap.com\/brazil\/#\/schema\/person\/b2d377bca90dbf2867a97ef37685add8\"},\"description\":\"A resili\u00eancia da cadeia de suprimentos est\u00e1 diretamente ligada a capacidade dos seus participantes em responder \u00e0 mudan\u00e7as.\",\"breadcrumb\":{\"@id\":\"https:\/\/news.sap.com\/brazil\/2020\/07\/resiliencia-da-cadeia-de-suprimentos-em-tempos-de-ruptura-uma-visao-da-america-latina-bl0g\/#breadcrumb\"},\"inLanguage\":\"pt-BR\",\"potentialAction\":[{\"@type\":\"ReadAction\",\"target\":[\"https:\/\/news.sap.com\/brazil\/2020\/07\/resiliencia-da-cadeia-de-suprimentos-em-tempos-de-ruptura-uma-visao-da-america-latina-bl0g\/\"]}]},{\"@type\":\"ImageObject\",\"inLanguage\":\"pt-BR\",\"@id\":\"https:\/\/news.sap.com\/brazil\/2020\/07\/resiliencia-da-cadeia-de-suprimentos-em-tempos-de-ruptura-uma-visao-da-america-latina-bl0g\/#primaryimage\",\"url\":\"https:\/\/news.sap.com\/brazil\/files\/2020\/07\/278144_278144_l_srgb_s_gl.jpg\",\"contentUrl\":\"https:\/\/news.sap.com\/brazil\/files\/2020\/07\/278144_278144_l_srgb_s_gl.jpg\",\"width\":1400,\"height\":600},{\"@type\":\"BreadcrumbList\",\"@id\":\"https:\/\/news.sap.com\/brazil\/2020\/07\/resiliencia-da-cadeia-de-suprimentos-em-tempos-de-ruptura-uma-visao-da-america-latina-bl0g\/#breadcrumb\",\"itemListElement\":[{\"@type\":\"ListItem\",\"position\":1,\"name\":\"Home\",\"item\":\"https:\/\/news.sap.com\/brazil\/\"},{\"@type\":\"ListItem\",\"position\":2,\"name\":\"Resili\u00eancia da cadeia de suprimentos em tempos de ruptura: uma vis\u00e3o da Am\u00e9rica Latina\"}]},{\"@type\":\"WebSite\",\"@id\":\"https:\/\/news.sap.com\/brazil\/#website\",\"url\":\"https:\/\/news.sap.com\/brazil\/\",\"name\":\"Sala de Imprensa 麻豆原创 Brasil\",\"description\":\"Not\u00edcias e informa\u00e7\u00f5es sobre a 麻豆原创\",\"potentialAction\":[{\"@type\":\"SearchAction\",\"target\":{\"@type\":\"EntryPoint\",\"urlTemplate\":\"https:\/\/news.sap.com\/brazil\/?s={search_term_string}\"},\"query-input\":{\"@type\":\"PropertyValueSpecification\",\"valueRequired\":true,\"valueName\":\"search_term_string\"}}],\"inLanguage\":\"pt-BR\"},{\"@type\":\"Person\",\"@id\":\"https:\/\/news.sap.com\/brazil\/#\/schema\/person\/b2d377bca90dbf2867a97ef37685add8\",\"name\":\"Juan Cartier\",\"image\":{\"@type\":\"ImageObject\",\"inLanguage\":\"pt-BR\",\"@id\":\"https:\/\/news.sap.com\/brazil\/#\/schema\/person\/image\/\",\"url\":\"https:\/\/news.sap.com\/brazil\/wp-content\/plugins\/wp-user-avatars\/wp-user-avatars\/assets\/images\/mystery.jpg\",\"contentUrl\":\"https:\/\/news.sap.com\/brazil\/wp-content\/plugins\/wp-user-avatars\/wp-user-avatars\/assets\/images\/mystery.jpg\",\"caption\":\"Juan Cartier\"},\"url\":\"https:\/\/news.sap.com\/brazil\/author\/juancartier\/\"}]}<\/script>\n<!-- \/ Yoast SEO Premium plugin. -->","yoast_head_json":{"title":"Cadeia de suprimentos em tempos de ruptura: vis\u00e3o da Am\u00e9rica Latina","description":"A resili\u00eancia da cadeia de suprimentos est\u00e1 diretamente ligada a capacidade dos seus participantes em responder \u00e0 mudan\u00e7as.","robots":{"index":"index","follow":"follow","max-snippet":"max-snippet:-1","max-image-preview":"max-image-preview:large","max-video-preview":"max-video-preview:-1"},"canonical":"https:\/\/news.sap.com\/brazil\/2020\/07\/resiliencia-da-cadeia-de-suprimentos-em-tempos-de-ruptura-uma-visao-da-america-latina-bl0g\/","og_locale":"pt_BR","og_type":"article","og_title":"Resili\u00eancia da cadeia de suprimentos em tempos de ruptura: uma vis\u00e3o da Am\u00e9rica Latina","og_description":"A resili\u00eancia da cadeia de suprimentos est\u00e1 diretamente ligada a capacidade dos seus participantes em responder \u00e0 mudan\u00e7as.","og_url":"https:\/\/news.sap.com\/brazil\/2020\/07\/resiliencia-da-cadeia-de-suprimentos-em-tempos-de-ruptura-uma-visao-da-america-latina-bl0g\/","og_site_name":"Sala de Imprensa 麻豆原创 Brasil","article_published_time":"2020-07-31T16:29:18+00:00","article_modified_time":"2023-10-19T17:02:28+00:00","og_image":[{"width":565,"height":292,"url":"https:\/\/news.sap.com\/brazil\/files\/2020\/07\/fb-5.jpg","type":"image\/jpeg"}],"author":"Juan Cartier","twitter_card":"summary_large_image","twitter_title":"Resili\u00eancia da cadeia de suprimentos em tempos de ruptura: uma vis\u00e3o da Am\u00e9rica Latina","twitter_creator":"@麻豆原创Brasil","twitter_site":"@麻豆原创Brasil","twitter_misc":{"Escrito por":"Juan Cartier","Est. tempo de leitura":"5 minutos"},"schema":{"@context":"https:\/\/schema.org","@graph":[{"@type":"Article","@id":"https:\/\/news.sap.com\/brazil\/2020\/07\/resiliencia-da-cadeia-de-suprimentos-em-tempos-de-ruptura-uma-visao-da-america-latina-bl0g\/#article","isPartOf":{"@id":"https:\/\/news.sap.com\/brazil\/2020\/07\/resiliencia-da-cadeia-de-suprimentos-em-tempos-de-ruptura-uma-visao-da-america-latina-bl0g\/"},"author":{"name":"Juan Cartier","@id":"https:\/\/news.sap.com\/brazil\/#\/schema\/person\/b2d377bca90dbf2867a97ef37685add8"},"headline":"Resili\u00eancia da cadeia de suprimentos em tempos de ruptura: uma vis\u00e3o da Am\u00e9rica Latina","datePublished":"2020-07-31T16:29:18+00:00","dateModified":"2023-10-19T17:02:28+00:00","mainEntityOfPage":{"@id":"https:\/\/news.sap.com\/brazil\/2020\/07\/resiliencia-da-cadeia-de-suprimentos-em-tempos-de-ruptura-uma-visao-da-america-latina-bl0g\/"},"wordCount":1098,"image":{"@id":"https:\/\/news.sap.com\/brazil\/2020\/07\/resiliencia-da-cadeia-de-suprimentos-em-tempos-de-ruptura-uma-visao-da-america-latina-bl0g\/#primaryimage"},"thumbnailUrl":"https:\/\/news.sap.com\/brazil\/files\/2020\/07\/278144_278144_l_srgb_s_gl.jpg","keywords":["Am\u00e9rica Latina","cadeia de suprimentos","supply chain"],"articleSection":["Gest\u00e3o da cadeia de suprimentos"],"inLanguage":"pt-BR"},{"@type":"WebPage","@id":"https:\/\/news.sap.com\/brazil\/2020\/07\/resiliencia-da-cadeia-de-suprimentos-em-tempos-de-ruptura-uma-visao-da-america-latina-bl0g\/","url":"https:\/\/news.sap.com\/brazil\/2020\/07\/resiliencia-da-cadeia-de-suprimentos-em-tempos-de-ruptura-uma-visao-da-america-latina-bl0g\/","name":"Cadeia de suprimentos em tempos de ruptura: vis\u00e3o da Am\u00e9rica Latina","isPartOf":{"@id":"https:\/\/news.sap.com\/brazil\/#website"},"primaryImageOfPage":{"@id":"https:\/\/news.sap.com\/brazil\/2020\/07\/resiliencia-da-cadeia-de-suprimentos-em-tempos-de-ruptura-uma-visao-da-america-latina-bl0g\/#primaryimage"},"image":{"@id":"https:\/\/news.sap.com\/brazil\/2020\/07\/resiliencia-da-cadeia-de-suprimentos-em-tempos-de-ruptura-uma-visao-da-america-latina-bl0g\/#primaryimage"},"thumbnailUrl":"https:\/\/news.sap.com\/brazil\/files\/2020\/07\/278144_278144_l_srgb_s_gl.jpg","datePublished":"2020-07-31T16:29:18+00:00","dateModified":"2023-10-19T17:02:28+00:00","author":{"@id":"https:\/\/news.sap.com\/brazil\/#\/schema\/person\/b2d377bca90dbf2867a97ef37685add8"},"description":"A resili\u00eancia da cadeia de suprimentos est\u00e1 diretamente ligada a capacidade dos seus participantes em responder \u00e0 mudan\u00e7as.","breadcrumb":{"@id":"https:\/\/news.sap.com\/brazil\/2020\/07\/resiliencia-da-cadeia-de-suprimentos-em-tempos-de-ruptura-uma-visao-da-america-latina-bl0g\/#breadcrumb"},"inLanguage":"pt-BR","potentialAction":[{"@type":"ReadAction","target":["https:\/\/news.sap.com\/brazil\/2020\/07\/resiliencia-da-cadeia-de-suprimentos-em-tempos-de-ruptura-uma-visao-da-america-latina-bl0g\/"]}]},{"@type":"ImageObject","inLanguage":"pt-BR","@id":"https:\/\/news.sap.com\/brazil\/2020\/07\/resiliencia-da-cadeia-de-suprimentos-em-tempos-de-ruptura-uma-visao-da-america-latina-bl0g\/#primaryimage","url":"https:\/\/news.sap.com\/brazil\/files\/2020\/07\/278144_278144_l_srgb_s_gl.jpg","contentUrl":"https:\/\/news.sap.com\/brazil\/files\/2020\/07\/278144_278144_l_srgb_s_gl.jpg","width":1400,"height":600},{"@type":"BreadcrumbList","@id":"https:\/\/news.sap.com\/brazil\/2020\/07\/resiliencia-da-cadeia-de-suprimentos-em-tempos-de-ruptura-uma-visao-da-america-latina-bl0g\/#breadcrumb","itemListElement":[{"@type":"ListItem","position":1,"name":"Home","item":"https:\/\/news.sap.com\/brazil\/"},{"@type":"ListItem","position":2,"name":"Resili\u00eancia da cadeia de suprimentos em tempos de ruptura: uma vis\u00e3o da Am\u00e9rica Latina"}]},{"@type":"WebSite","@id":"https:\/\/news.sap.com\/brazil\/#website","url":"https:\/\/news.sap.com\/brazil\/","name":"Sala de Imprensa 麻豆原创 Brasil","description":"Not\u00edcias e informa\u00e7\u00f5es sobre a 麻豆原创","potentialAction":[{"@type":"SearchAction","target":{"@type":"EntryPoint","urlTemplate":"https:\/\/news.sap.com\/brazil\/?s={search_term_string}"},"query-input":{"@type":"PropertyValueSpecification","valueRequired":true,"valueName":"search_term_string"}}],"inLanguage":"pt-BR"},{"@type":"Person","@id":"https:\/\/news.sap.com\/brazil\/#\/schema\/person\/b2d377bca90dbf2867a97ef37685add8","name":"Juan Cartier","image":{"@type":"ImageObject","inLanguage":"pt-BR","@id":"https:\/\/news.sap.com\/brazil\/#\/schema\/person\/image\/","url":"https:\/\/news.sap.com\/brazil\/wp-content\/plugins\/wp-user-avatars\/wp-user-avatars\/assets\/images\/mystery.jpg","contentUrl":"https:\/\/news.sap.com\/brazil\/wp-content\/plugins\/wp-user-avatars\/wp-user-avatars\/assets\/images\/mystery.jpg","caption":"Juan Cartier"},"url":"https:\/\/news.sap.com\/brazil\/author\/juancartier\/"}]}},"amp_enabled":true,"_links":{"self":[{"href":"https:\/\/news.sap.com\/brazil\/wp-json\/wp\/v2\/posts\/12340","targetHints":{"allow":["GET"]}}],"collection":[{"href":"https:\/\/news.sap.com\/brazil\/wp-json\/wp\/v2\/posts"}],"about":[{"href":"https:\/\/news.sap.com\/brazil\/wp-json\/wp\/v2\/types\/post"}],"author":[{"embeddable":true,"href":"https:\/\/news.sap.com\/brazil\/wp-json\/wp\/v2\/users\/3301"}],"replies":[{"embeddable":true,"href":"https:\/\/news.sap.com\/brazil\/wp-json\/wp\/v2\/comments?post=12340"}],"version-history":[{"count":0,"href":"https:\/\/news.sap.com\/brazil\/wp-json\/wp\/v2\/posts\/12340\/revisions"}],"wp:featuredmedia":[{"embeddable":true,"href":"https:\/\/news.sap.com\/brazil\/wp-json\/wp\/v2\/media\/12343"}],"wp:attachment":[{"href":"https:\/\/news.sap.com\/brazil\/wp-json\/wp\/v2\/media?parent=12340"}],"wp:term":[{"taxonomy":"category","embeddable":true,"href":"https:\/\/news.sap.com\/brazil\/wp-json\/wp\/v2\/categories?post=12340"},{"taxonomy":"post_tag","embeddable":true,"href":"https:\/\/news.sap.com\/brazil\/wp-json\/wp\/v2\/tags?post=12340"},{"taxonomy":"sapn-display","embeddable":true,"href":"https:\/\/news.sap.com\/brazil\/wp-json\/wp\/v2\/sapn-display?post=12340"},{"taxonomy":"sapn-type","embeddable":true,"href":"https:\/\/news.sap.com\/brazil\/wp-json\/wp\/v2\/sapn-type?post=12340"}],"curies":[{"name":"wp","href":"https:\/\/api.w.org\/{rel}","templated":true}]}}