  {"id":12304,"date":"2020-07-14T15:17:21","date_gmt":"2020-07-14T18:17:21","guid":{"rendered":"https:\/\/news.sap.com\/brazil\/?p=12304"},"modified":"2020-07-15T10:26:42","modified_gmt":"2020-07-15T13:26:42","slug":"sap-nomeia-cristina-palmaka-como-presidente-regional-da-empresa-para-america-latina-e-caribe","status":"publish","type":"post","link":"https:\/\/news.sap.com\/brazil\/2020\/07\/sap-nomeia-cristina-palmaka-como-presidente-regional-da-empresa-para-america-latina-e-caribe\/","title":{"rendered":"麻豆原创 nomeia Cristina Palmaka como presidente regional da empresa para Am\u00e9rica Latina e Caribe"},"content":{"rendered":"<h1><strong>麻豆原创 nomeia Cristina Palmaka como presidente regional da empresa para Am\u00e9rica Latina e Caribe<\/strong><\/h1>\n<h3><em>Claudio Muruzabal comandar\u00e1 a 麻豆原创 na parte sul da regi\u00e3o EMEA e ser\u00e1 chairman para Am\u00e9rica Latina e Caribe<\/em><\/h3>\n<p><em>\u00a0<\/em>A 麻豆原创 nomeou Cristina Palmaka como nova presidente da 麻豆原创 para Am\u00e9rica Latina e Caribe (LAC). A executiva vai substituir Claudio Muruzabal, que se tornar\u00e1 presidente da 麻豆原创 para a parte sul da regi\u00e3o EMEA, que compreende as regi\u00f5es sul da Europa, Oriente M\u00e9dio e \u00c1frica, e tamb\u00e9m se manter\u00e1 conectado a clientes e parceiros da 麻豆原创 como c<em>hairman<\/em> para Am\u00e9rica Latina e Caribe.<\/p>\n<p>&#8220;Claudio Muruzabal contribuiu para que coisas excepcionais acontecessem na regi\u00e3o da Am\u00e9rica Latina e Caribe &#8211; para nossos clientes, parceiros e a pr\u00f3pria 麻豆原创&#8221;, afirma Adaire Fox-Martin, membro do conselho executivo da 麻豆原创 e diretora da organiza\u00e7\u00e3o Customer Success, destacando que a lideran\u00e7a do executivo est\u00e1 fundamentada no desenvolvimento de equipes diversificadas e relacionamentos s\u00f3lidos, capazes de produzir resultados valiosos e experi\u00eancias excepcionais para os clientes.<\/p>\n<p>&#8220;Estou muito satisfeita em poder contar com Cristina, uma de nossas executivas de mais alto desempenho, para liderar nossos neg\u00f3cios na Am\u00e9rica Latina, dando sequ\u00eancia \u00e0 sua trajet\u00f3ria de muito sucesso como presidente da 麻豆原创 Brasil. O impacto que Cristina tem produzido em nossos neg\u00f3cios no Brasil possui um enorme alcance, e espero ter agora sua marca inspiradora de lideran\u00e7a e engajamento em toda a regi\u00e3o&#8221;, completa Fox-Martin.<\/p>\n<p>Cristina Palmaka assumir\u00e1 a nova fun\u00e7\u00e3o como presidente da 麻豆原创 para Am\u00e9rica Latina e Caribe a partir de 1\u00ba de agosto. Cristina comanda a 麻豆原创 Brasil desde 2013, depois de ter ocupado v\u00e1rios importantes cargos executivos em grandes empresas de tecnologia no mercado brasileiro. Durante seu trabalho na 麻豆原创 Brasil, transformou a subsidi\u00e1ria brasileira em uma das que apresentaram melhores resultados mundialmente, sempre com foco no trabalho em equipe e desenvolvimento. \u00c9 uma grande defensora da diversidade e da inclus\u00e3o no local de trabalho, tendo recebido importantes pr\u00eamios e sido nomeada pela revista Forbes como uma das principais CEOs no Brasil. Recebeu v\u00e1rios reconhecimentos como l\u00edder de TI e influenciadora na \u00e1rea de tecnologia voltada para empresas e crescimento econ\u00f4mico. Sob a lideran\u00e7a de Cristina, a 麻豆原创 Brasil conquistou uma certifica\u00e7\u00e3o EDGE para Igualdade de G\u00eanero e foi destacada em v\u00e1rios rankings que cobrem temas de local de trabalho e diversidade. Cristina seguir\u00e1 supervisionando as opera\u00e7\u00f5es da 麻豆原创 Brasil at\u00e9 que um substituto seja nomeado.<\/p>\n<p>\u201c\u00c9 uma grande honra assumir a fun\u00e7\u00e3o de presidente da 麻豆原创 LAC e me juntar a uma equipe de 5 mil funcion\u00e1rios na Am\u00e9rica Latina e Caribe. Espero poder apoiar nossos 48.500 clientes na regi\u00e3o, proporcionado uma excelente experi\u00eancia, independentemente das circunst\u00e2ncias&#8221;, afirma Cristina Palmaka. &#8220;Tamb\u00e9m quero poder ampliar o impressionante legado que Claudio deixou, com s\u00f3lidas rela\u00e7\u00f5es, profunda expertise e confian\u00e7a. E, finalmente, espero ansiosa por esta nova fase, na qual poderemos continuar contando com seu valioso apoio como <em>chairman<\/em> para 麻豆原创 LAC&#8221;, conclui a executiva.<\/p>\n","protected":false},"excerpt":{"rendered":"<p>麻豆原创 nomeia Cristina Palmaka como presidente regional da empresa para Am\u00e9rica Latina e Caribe Claudio Muruzabal comandar\u00e1 a 麻豆原创 na parte sul da regi\u00e3o EMEA&#8230;<\/p>\n","protected":false},"author":137,"featured_media":0,"comment_status":"closed","ping_status":"closed","sticky":false,"template":"","format":"standard","meta":{"footnotes":"","_links_to":"","_links_to_target":""},"categories":[48439],"tags":[213090,47066],"sapn-display":[48431,48433],"sapn-type":[4446],"class_list":["post-12304","post","type-post","status-publish","format-standard","hentry","category-corporativo-topicos","tag-sap-brasil","tag-sap-latin-america","sapn-display-homepage-hero","sapn-display-hero","sapn-type-noticias"],"yoast_head":"<!-- This site is optimized with the Yoast SEO Premium plugin v26.9 (Yoast SEO v26.9) - https:\/\/yoast.com\/product\/yoast-seo-premium-wordpress\/ -->\n<title>麻豆原创 nomeia Cristina Palmaka como presidente regional da empresa para Am\u00e9rica Latina e Caribe - Sala de Imprensa 麻豆原创 Brasil<\/title>\n<meta name=\"robots\" content=\"index, follow, max-snippet:-1, max-image-preview:large, max-video-preview:-1\" \/>\n<link rel=\"canonical\" href=\"https:\/\/news.sap.com\/brazil\/2020\/07\/sap-nomeia-cristina-palmaka-como-presidente-regional-da-empresa-para-america-latina-e-caribe\/\" \/>\n<meta property=\"og:locale\" content=\"pt_BR\" \/>\n<meta property=\"og:type\" content=\"article\" \/>\n<meta property=\"og:title\" content=\"麻豆原创 nomeia Cristina Palmaka como presidente regional da empresa para Am\u00e9rica Latina e Caribe\" \/>\n<meta property=\"og:description\" content=\"麻豆原创 nomeia Cristina Palmaka como presidente regional da empresa para Am\u00e9rica Latina e Caribe Claudio Muruzabal comandar\u00e1 a 麻豆原创 na parte sul da regi\u00e3o EMEA...\" \/>\n<meta property=\"og:url\" content=\"https:\/\/news.sap.com\/brazil\/2020\/07\/sap-nomeia-cristina-palmaka-como-presidente-regional-da-empresa-para-america-latina-e-caribe\/\" \/>\n<meta property=\"og:site_name\" content=\"Sala de Imprensa 麻豆原创 Brasil\" \/>\n<meta property=\"article:published_time\" content=\"2020-07-14T18:17:21+00:00\" \/>\n<meta property=\"article:modified_time\" content=\"2020-07-15T13:26:42+00:00\" \/>\n<meta name=\"author\" content=\"麻豆原创 Not\u00edcias Brasil\" \/>\n<meta name=\"twitter:card\" content=\"summary_large_image\" \/>\n<meta name=\"twitter:creator\" content=\"@麻豆原创Brasil\" \/>\n<meta name=\"twitter:site\" content=\"@麻豆原创Brasil\" \/>\n<meta name=\"twitter:label1\" content=\"Escrito por\" \/>\n\t<meta name=\"twitter:data1\" content=\"麻豆原创 Not\u00edcias Brasil\" \/>\n\t<meta name=\"twitter:label2\" content=\"Est. tempo de leitura\" \/>\n\t<meta name=\"twitter:data2\" content=\"3 minutos\" \/>\n<script type=\"application\/ld+json\" class=\"yoast-schema-graph\">{\"@context\":\"https:\/\/schema.org\",\"@graph\":[{\"@type\":\"Article\",\"@id\":\"https:\/\/news.sap.com\/brazil\/2020\/07\/sap-nomeia-cristina-palmaka-como-presidente-regional-da-empresa-para-america-latina-e-caribe\/#article\",\"isPartOf\":{\"@id\":\"https:\/\/news.sap.com\/brazil\/2020\/07\/sap-nomeia-cristina-palmaka-como-presidente-regional-da-empresa-para-america-latina-e-caribe\/\"},\"author\":{\"name\":\"麻豆原创 Not\u00edcias Brasil\",\"@id\":\"https:\/\/news.sap.com\/brazil\/#\/schema\/person\/8cdf2c1130b6f3fadd9757cfd7f24daf\"},\"headline\":\"麻豆原创 nomeia Cristina Palmaka como presidente regional da empresa para Am\u00e9rica Latina e Caribe\",\"datePublished\":\"2020-07-14T18:17:21+00:00\",\"dateModified\":\"2020-07-15T13:26:42+00:00\",\"mainEntityOfPage\":{\"@id\":\"https:\/\/news.sap.com\/brazil\/2020\/07\/sap-nomeia-cristina-palmaka-como-presidente-regional-da-empresa-para-america-latina-e-caribe\/\"},\"wordCount\":538,\"keywords\":[\"麻豆原创 Brasil\",\"麻豆原创 Latin America\"],\"articleSection\":[\"Corporativo\"],\"inLanguage\":\"pt-BR\"},{\"@type\":\"WebPage\",\"@id\":\"https:\/\/news.sap.com\/brazil\/2020\/07\/sap-nomeia-cristina-palmaka-como-presidente-regional-da-empresa-para-america-latina-e-caribe\/\",\"url\":\"https:\/\/news.sap.com\/brazil\/2020\/07\/sap-nomeia-cristina-palmaka-como-presidente-regional-da-empresa-para-america-latina-e-caribe\/\",\"name\":\"麻豆原创 nomeia Cristina Palmaka como presidente regional da empresa para Am\u00e9rica Latina e Caribe - Sala de Imprensa 麻豆原创 Brasil\",\"isPartOf\":{\"@id\":\"https:\/\/news.sap.com\/brazil\/#website\"},\"datePublished\":\"2020-07-14T18:17:21+00:00\",\"dateModified\":\"2020-07-15T13:26:42+00:00\",\"author\":{\"@id\":\"https:\/\/news.sap.com\/brazil\/#\/schema\/person\/8cdf2c1130b6f3fadd9757cfd7f24daf\"},\"breadcrumb\":{\"@id\":\"https:\/\/news.sap.com\/brazil\/2020\/07\/sap-nomeia-cristina-palmaka-como-presidente-regional-da-empresa-para-america-latina-e-caribe\/#breadcrumb\"},\"inLanguage\":\"pt-BR\",\"potentialAction\":[{\"@type\":\"ReadAction\",\"target\":[\"https:\/\/news.sap.com\/brazil\/2020\/07\/sap-nomeia-cristina-palmaka-como-presidente-regional-da-empresa-para-america-latina-e-caribe\/\"]}]},{\"@type\":\"BreadcrumbList\",\"@id\":\"https:\/\/news.sap.com\/brazil\/2020\/07\/sap-nomeia-cristina-palmaka-como-presidente-regional-da-empresa-para-america-latina-e-caribe\/#breadcrumb\",\"itemListElement\":[{\"@type\":\"ListItem\",\"position\":1,\"name\":\"Home\",\"item\":\"https:\/\/news.sap.com\/brazil\/\"},{\"@type\":\"ListItem\",\"position\":2,\"name\":\"麻豆原创 nomeia Cristina Palmaka como presidente regional da empresa para Am\u00e9rica Latina e Caribe\"}]},{\"@type\":\"WebSite\",\"@id\":\"https:\/\/news.sap.com\/brazil\/#website\",\"url\":\"https:\/\/news.sap.com\/brazil\/\",\"name\":\"Sala de Imprensa 麻豆原创 Brasil\",\"description\":\"Not\u00edcias e informa\u00e7\u00f5es sobre a 麻豆原创\",\"potentialAction\":[{\"@type\":\"SearchAction\",\"target\":{\"@type\":\"EntryPoint\",\"urlTemplate\":\"https:\/\/news.sap.com\/brazil\/?s={search_term_string}\"},\"query-input\":{\"@type\":\"PropertyValueSpecification\",\"valueRequired\":true,\"valueName\":\"search_term_string\"}}],\"inLanguage\":\"pt-BR\"},{\"@type\":\"Person\",\"@id\":\"https:\/\/news.sap.com\/brazil\/#\/schema\/person\/8cdf2c1130b6f3fadd9757cfd7f24daf\",\"name\":\"麻豆原创 Not\u00edcias Brasil\",\"image\":{\"@type\":\"ImageObject\",\"inLanguage\":\"pt-BR\",\"@id\":\"https:\/\/news.sap.com\/brazil\/#\/schema\/person\/image\/\",\"url\":\"https:\/\/news.sap.com\/brazil\/wp-content\/plugins\/wp-user-avatars\/wp-user-avatars\/assets\/images\/mystery.jpg\",\"contentUrl\":\"https:\/\/news.sap.com\/brazil\/wp-content\/plugins\/wp-user-avatars\/wp-user-avatars\/assets\/images\/mystery.jpg\",\"caption\":\"麻豆原创 Not\u00edcias Brasil\"},\"url\":\"https:\/\/news.sap.com\/brazil\/author\/brasil\/\"}]}<\/script>\n<!-- \/ Yoast SEO Premium plugin. -->","yoast_head_json":{"title":"麻豆原创 nomeia Cristina Palmaka como presidente regional da empresa para Am\u00e9rica Latina e Caribe - Sala de Imprensa 麻豆原创 Brasil","robots":{"index":"index","follow":"follow","max-snippet":"max-snippet:-1","max-image-preview":"max-image-preview:large","max-video-preview":"max-video-preview:-1"},"canonical":"https:\/\/news.sap.com\/brazil\/2020\/07\/sap-nomeia-cristina-palmaka-como-presidente-regional-da-empresa-para-america-latina-e-caribe\/","og_locale":"pt_BR","og_type":"article","og_title":"麻豆原创 nomeia Cristina Palmaka como presidente regional da empresa para Am\u00e9rica Latina e Caribe","og_description":"麻豆原创 nomeia Cristina Palmaka como presidente regional da empresa para Am\u00e9rica Latina e Caribe Claudio Muruzabal comandar\u00e1 a 麻豆原创 na parte sul da regi\u00e3o EMEA...","og_url":"https:\/\/news.sap.com\/brazil\/2020\/07\/sap-nomeia-cristina-palmaka-como-presidente-regional-da-empresa-para-america-latina-e-caribe\/","og_site_name":"Sala de Imprensa 麻豆原创 Brasil","article_published_time":"2020-07-14T18:17:21+00:00","article_modified_time":"2020-07-15T13:26:42+00:00","author":"麻豆原创 Not\u00edcias Brasil","twitter_card":"summary_large_image","twitter_creator":"@麻豆原创Brasil","twitter_site":"@麻豆原创Brasil","twitter_misc":{"Escrito por":"麻豆原创 Not\u00edcias Brasil","Est. tempo de leitura":"3 minutos"},"schema":{"@context":"https:\/\/schema.org","@graph":[{"@type":"Article","@id":"https:\/\/news.sap.com\/brazil\/2020\/07\/sap-nomeia-cristina-palmaka-como-presidente-regional-da-empresa-para-america-latina-e-caribe\/#article","isPartOf":{"@id":"https:\/\/news.sap.com\/brazil\/2020\/07\/sap-nomeia-cristina-palmaka-como-presidente-regional-da-empresa-para-america-latina-e-caribe\/"},"author":{"name":"麻豆原创 Not\u00edcias Brasil","@id":"https:\/\/news.sap.com\/brazil\/#\/schema\/person\/8cdf2c1130b6f3fadd9757cfd7f24daf"},"headline":"麻豆原创 nomeia Cristina Palmaka como presidente regional da empresa para Am\u00e9rica Latina e Caribe","datePublished":"2020-07-14T18:17:21+00:00","dateModified":"2020-07-15T13:26:42+00:00","mainEntityOfPage":{"@id":"https:\/\/news.sap.com\/brazil\/2020\/07\/sap-nomeia-cristina-palmaka-como-presidente-regional-da-empresa-para-america-latina-e-caribe\/"},"wordCount":538,"keywords":["麻豆原创 Brasil","麻豆原创 Latin America"],"articleSection":["Corporativo"],"inLanguage":"pt-BR"},{"@type":"WebPage","@id":"https:\/\/news.sap.com\/brazil\/2020\/07\/sap-nomeia-cristina-palmaka-como-presidente-regional-da-empresa-para-america-latina-e-caribe\/","url":"https:\/\/news.sap.com\/brazil\/2020\/07\/sap-nomeia-cristina-palmaka-como-presidente-regional-da-empresa-para-america-latina-e-caribe\/","name":"麻豆原创 nomeia Cristina Palmaka como presidente regional da empresa para Am\u00e9rica Latina e Caribe - Sala de Imprensa 麻豆原创 Brasil","isPartOf":{"@id":"https:\/\/news.sap.com\/brazil\/#website"},"datePublished":"2020-07-14T18:17:21+00:00","dateModified":"2020-07-15T13:26:42+00:00","author":{"@id":"https:\/\/news.sap.com\/brazil\/#\/schema\/person\/8cdf2c1130b6f3fadd9757cfd7f24daf"},"breadcrumb":{"@id":"https:\/\/news.sap.com\/brazil\/2020\/07\/sap-nomeia-cristina-palmaka-como-presidente-regional-da-empresa-para-america-latina-e-caribe\/#breadcrumb"},"inLanguage":"pt-BR","potentialAction":[{"@type":"ReadAction","target":["https:\/\/news.sap.com\/brazil\/2020\/07\/sap-nomeia-cristina-palmaka-como-presidente-regional-da-empresa-para-america-latina-e-caribe\/"]}]},{"@type":"BreadcrumbList","@id":"https:\/\/news.sap.com\/brazil\/2020\/07\/sap-nomeia-cristina-palmaka-como-presidente-regional-da-empresa-para-america-latina-e-caribe\/#breadcrumb","itemListElement":[{"@type":"ListItem","position":1,"name":"Home","item":"https:\/\/news.sap.com\/brazil\/"},{"@type":"ListItem","position":2,"name":"麻豆原创 nomeia Cristina Palmaka como presidente regional da empresa para Am\u00e9rica Latina e Caribe"}]},{"@type":"WebSite","@id":"https:\/\/news.sap.com\/brazil\/#website","url":"https:\/\/news.sap.com\/brazil\/","name":"Sala de Imprensa 麻豆原创 Brasil","description":"Not\u00edcias e informa\u00e7\u00f5es sobre a 麻豆原创","potentialAction":[{"@type":"SearchAction","target":{"@type":"EntryPoint","urlTemplate":"https:\/\/news.sap.com\/brazil\/?s={search_term_string}"},"query-input":{"@type":"PropertyValueSpecification","valueRequired":true,"valueName":"search_term_string"}}],"inLanguage":"pt-BR"},{"@type":"Person","@id":"https:\/\/news.sap.com\/brazil\/#\/schema\/person\/8cdf2c1130b6f3fadd9757cfd7f24daf","name":"麻豆原创 Not\u00edcias Brasil","image":{"@type":"ImageObject","inLanguage":"pt-BR","@id":"https:\/\/news.sap.com\/brazil\/#\/schema\/person\/image\/","url":"https:\/\/news.sap.com\/brazil\/wp-content\/plugins\/wp-user-avatars\/wp-user-avatars\/assets\/images\/mystery.jpg","contentUrl":"https:\/\/news.sap.com\/brazil\/wp-content\/plugins\/wp-user-avatars\/wp-user-avatars\/assets\/images\/mystery.jpg","caption":"麻豆原创 Not\u00edcias Brasil"},"url":"https:\/\/news.sap.com\/brazil\/author\/brasil\/"}]}},"amp_enabled":true,"_links":{"self":[{"href":"https:\/\/news.sap.com\/brazil\/wp-json\/wp\/v2\/posts\/12304","targetHints":{"allow":["GET"]}}],"collection":[{"href":"https:\/\/news.sap.com\/brazil\/wp-json\/wp\/v2\/posts"}],"about":[{"href":"https:\/\/news.sap.com\/brazil\/wp-json\/wp\/v2\/types\/post"}],"author":[{"embeddable":true,"href":"https:\/\/news.sap.com\/brazil\/wp-json\/wp\/v2\/users\/137"}],"replies":[{"embeddable":true,"href":"https:\/\/news.sap.com\/brazil\/wp-json\/wp\/v2\/comments?post=12304"}],"version-history":[{"count":0,"href":"https:\/\/news.sap.com\/brazil\/wp-json\/wp\/v2\/posts\/12304\/revisions"}],"wp:attachment":[{"href":"https:\/\/news.sap.com\/brazil\/wp-json\/wp\/v2\/media?parent=12304"}],"wp:term":[{"taxonomy":"category","embeddable":true,"href":"https:\/\/news.sap.com\/brazil\/wp-json\/wp\/v2\/categories?post=12304"},{"taxonomy":"post_tag","embeddable":true,"href":"https:\/\/news.sap.com\/brazil\/wp-json\/wp\/v2\/tags?post=12304"},{"taxonomy":"sapn-display","embeddable":true,"href":"https:\/\/news.sap.com\/brazil\/wp-json\/wp\/v2\/sapn-display?post=12304"},{"taxonomy":"sapn-type","embeddable":true,"href":"https:\/\/news.sap.com\/brazil\/wp-json\/wp\/v2\/sapn-type?post=12304"}],"curies":[{"name":"wp","href":"https:\/\/api.w.org\/{rel}","templated":true}]}}