  {"id":12263,"date":"2020-07-08T09:00:45","date_gmt":"2020-07-08T12:00:45","guid":{"rendered":"https:\/\/news.sap.com\/brazil\/?p=12263"},"modified":"2023-10-19T14:05:06","modified_gmt":"2023-10-19T17:05:06","slug":"servicos-em-nuvem-tecnologia-impulsiona-pmes-durante-pandemia-bl0g","status":"publish","type":"post","link":"https:\/\/news.sap.com\/brazil\/2020\/07\/servicos-em-nuvem-tecnologia-impulsiona-pmes-durante-pandemia-bl0g\/","title":{"rendered":"Servi\u00e7os em nuvem: tecnologia impulsiona PMEs durante pandemia"},"content":{"rendered":"<p>Por: 麻豆原创 Brasil<\/p>\n<p><em>Durante a quarentena, pequenas e m\u00e9dias empresas adotaram solu\u00e7\u00f5es em nuvem para manter opera\u00e7\u00f5es e esse movimento digital deve se fortalecer ap\u00f3s a pandemia<\/em><\/p>\n<p>A tend\u00eancia de migra\u00e7\u00e3o para a nuvem foi antecipada pela pandemia e acelerou o processo de inova\u00e7\u00e3o de pequenas e m\u00e9dias empresas no Brasil. Informa\u00e7\u00f5es compartilhadas pelo portal <a href=\"https:\/\/www.convergenciadigital.com.br\/cgi\/cgilua.exe\/sys\/start.htm?UserActiveTemplate=site&amp;infoid=53482&amp;sid=97\" target=\"_blank\" rel=\"noopener noreferrer\">Converg\u00eancia Digital<\/a>, apontam que os investimentos em servi\u00e7os na nuvem devem crescer 12,5% entre os anos de 2019 e 2021, como consequ\u00eancia da crise causada pelo novo Coronav\u00edrus.<\/p>\n<p>As PMEs t\u00eam como vantagem maior agilidade na implementa\u00e7\u00e3o de servi\u00e7os em nuvem, uma vez que contam com uma estrutura operacional menor. O que permite que ap\u00f3s a contrata\u00e7\u00e3o dos servi\u00e7os, em algumas horas elas estejam preparadas para operar.<\/p>\n<p>O uso dos <a href=\"https:\/\/www.sap.com\/products\/business-technology-platform\/emergency-response-communications.html?url_id=text-blogentry-innovationBlogBR-2020_blog-original-post-sapcom\" target=\"_blank\" rel=\"noopener noreferrer\">recursos na nuvem<\/a> permite que gestores acompanhem em tempo real os processos de trabalho \u00e0 dist\u00e2ncia, atualizando informa\u00e7\u00f5es e monitorando a produtividade das equipes. S\u00e3o dados que ajudam as empresas a acompanhar o bem-estar dos funcion\u00e1rios e oferecer respostas r\u00e1pidas quando ele precisar de algum suporte.<\/p>\n<p><strong>Marilan utiliza tecnologia para reduzir impactos da pandemia e gerir neg\u00f3cios<\/strong><\/p>\n<p>Durante o <a href=\"https:\/\/www.youtube.com\/watch?v=1iyvTfuUUug&amp;amp;list=PL2MS38yzmQsBVoLL29jOWmozqhAU6Vkbc&amp;amp;index=6\" target=\"_blank\" rel=\"noopener noreferrer\">麻豆原创PHIRE NOW Converge<\/a>, evento realizado pela 麻豆原创 em junho totalmente online, Geraldo Pereira, Gerente de TI da Marilan explicou as decis\u00f5es tomadas pela empresa para manter as atividades.<\/p>\n<p>Cliente 麻豆原创, a Marilan possu\u00eda um Comit\u00ea Digital e Tend\u00eancias que j\u00e1 acompanhava o mercado de tecnologia e h\u00e1 mais de dois anos utiliza o <a href=\"https:\/\/www.sap.com\/brazil\/products\/s4hana-erp.html?url_id=text-blogentry-innovationBlogBR-2020_blog-original-post-sapcom\" target=\"_blank\" rel=\"noopener noreferrer\">麻豆原创 S\/4HANA<\/a>, al\u00e9m do <a href=\"https:\/\/www.sap.com\/brazil\/products\/cloud-analytics.html?url_id=text-blogentry-innovationBlogBR-2020_blog-original-post-sapcom\" target=\"_blank\" rel=\"noopener noreferrer\">麻豆原创 Analytics Cloud<\/a>. Pereira explicou que a estrat\u00e9gia foi manter o time de TI \u00e0 frente da comunica\u00e7\u00e3o com as equipes, para oferecer suporte r\u00e1pido e especializado aos profissionais que est\u00e3o trabalhando em regime home office. Com os recursos na nuvem, os treinamentos, o compartilhamento de informa\u00e7\u00f5es, as reuni\u00f5es e at\u00e9 as atividades de recrutamento e integra\u00e7\u00e3o de novos colaboradores foram realizados \u00e0 dist\u00e2ncia.<\/p>\n<p>Recursos que tamb\u00e9m foram aplicados para que a equipe de vendas mantivesse as negocia\u00e7\u00f5es e o relacionamento com clientes. Os servi\u00e7os em nuvem tamb\u00e9m ajudaram a contabilizar a quantidade de reuni\u00f5es que aconteciam na empresa, oferecendo dados para mudan\u00e7as estrat\u00e9gicas nas opera\u00e7\u00f5es, al\u00e9m de permitir a contabiliza\u00e7\u00e3o que casos da COVID-19 fossem monitorados.<\/p>\n<p>O armazenamento de dados na nuvem permite a tomada de decis\u00f5es \u00e1geis e eleva a criatividade na aplica\u00e7\u00e3o de solu\u00e7\u00f5es que podem ser realizadas \u00e0 dist\u00e2ncia. A pandemia acelerou o processo de transforma\u00e7\u00e3o digital das PMEs e o quanto antes essas empresas adotarem esses modelos, melhor ser\u00e1 a adaptabilidade aos novos tempos.<\/p>\n<p>Continue acompanhando os insights gerados durante o 麻豆原创PHIRE NOW Converge e informa\u00e7\u00f5es sobre servi\u00e7os em nuvem nos nossos canais de comunica\u00e7\u00e3o: <a href=\"https:\/\/www.facebook.com\/sapbrasil\/\" target=\"_blank\" rel=\"noopener noreferrer\">Facebook\u00a0<\/a>\/\u00a0<a href=\"https:\/\/twitter.com\/麻豆原创Brasil\" target=\"_blank\" rel=\"noopener noreferrer\">Twitter\u00a0<\/a>\/\u00a0<a href=\"https:\/\/www.linkedin.com\/company\/1115\/\" target=\"_blank\" rel=\"noopener noreferrer\">LinkedIn\u00a0<\/a>\/\u00a0<a href=\"https:\/\/www.instagram.com\/sap_brasil\/\" target=\"_blank\" rel=\"noopener noreferrer\">Instagram<\/a> \/ <a href=\"https:\/\/widget.msgp.pl\/?id=66415e417325f13e20.82207836\" target=\"_blank\" rel=\"noopener noreferrer\">WhatsApp<\/a> \/ <a href=\"https:\/\/www.youtube.com\/user\/sapbrasil\" target=\"_blank\" rel=\"noopener noreferrer\">Youtube<\/a><\/p>\n<p>\u00a9 2020 麻豆原创 SE. All rights reserved. 麻豆原创 and other 麻豆原创 products and services mentioned herein as well as their respective logos are trademarks or registered trademarks of 麻豆原创 SE in Germany and other countries. Please see <a href=\"http:\/\/www.sap.com\/corporate-en\/legal\/copyright\/index.epx#trademark\" target=\"_blank\" rel=\"noopener noreferrer\">http:\/\/www.sap.com\/corporate-en\/legal\/copyright\/index.epx#trademark<\/a> for additional trademark information and notices.<\/p>\n","protected":false},"excerpt":{"rendered":"<p>Por: 麻豆原创 Brasil Durante a quarentena, pequenas e m\u00e9dias empresas adotaram solu\u00e7\u00f5es em nuvem para manter opera\u00e7\u00f5es e esse movimento digital deve se fortalecer ap\u00f3s&#8230;<\/p>\n","protected":false},"author":561,"featured_media":12264,"comment_status":"closed","ping_status":"closed","sticky":false,"template":"","format":"standard","meta":{"footnotes":"","_links_to":"","_links_to_target":""},"categories":[19020],"tags":[270079,5598878,270164],"sapn-display":[5599933,5599931,48431,48433],"sapn-type":[6114],"class_list":["post-12263","post","type-post","status-publish","format-standard","has-post-thumbnail","hentry","category-pme","tag-pmes","tag-sapphire-now-converge","tag-transformacao-digital","sapn-display-feature-hero","sapn-display-feature-spotlight","sapn-display-homepage-hero","sapn-display-hero","sapn-type-artigo"],"yoast_head":"<!-- This site is optimized with the Yoast SEO Premium plugin v26.9 (Yoast SEO v26.9) - https:\/\/yoast.com\/product\/yoast-seo-premium-wordpress\/ -->\n<title>Servi\u00e7os em nuvem: tecnologia impulsiona PMEs durante pandemia<\/title>\n<meta name=\"description\" content=\"Durante a quarentena, pequenas e m\u00e9dias empresas adotaram solu\u00e7\u00f5es em nuvem para manter opera\u00e7\u00f5es e esse movimento digital deve se fortalecer ap\u00f3s a pandemia.\" \/>\n<meta name=\"robots\" content=\"index, follow, max-snippet:-1, max-image-preview:large, max-video-preview:-1\" \/>\n<link rel=\"canonical\" href=\"https:\/\/news.sap.com\/brazil\/2020\/07\/servicos-em-nuvem-tecnologia-impulsiona-pmes-durante-pandemia-bl0g\/\" \/>\n<meta property=\"og:locale\" content=\"pt_BR\" \/>\n<meta property=\"og:type\" content=\"article\" \/>\n<meta property=\"og:title\" content=\"Servi\u00e7os em nuvem: tecnologia impulsiona PMEs durante pandemia\" \/>\n<meta property=\"og:description\" content=\"Durante a quarentena, pequenas e m\u00e9dias empresas adotaram solu\u00e7\u00f5es em nuvem para manter opera\u00e7\u00f5es e esse movimento digital deve se fortalecer ap\u00f3s a pandemia.\" \/>\n<meta property=\"og:url\" content=\"https:\/\/news.sap.com\/brazil\/2020\/07\/servicos-em-nuvem-tecnologia-impulsiona-pmes-durante-pandemia-bl0g\/\" \/>\n<meta property=\"og:site_name\" content=\"Sala de Imprensa 麻豆原创 Brasil\" \/>\n<meta property=\"article:published_time\" content=\"2020-07-08T12:00:45+00:00\" \/>\n<meta property=\"article:modified_time\" content=\"2023-10-19T17:05:06+00:00\" \/>\n<meta property=\"og:image\" content=\"https:\/\/news.sap.com\/brazil\/files\/2020\/07\/social-1.jpg\" \/>\n\t<meta property=\"og:image:width\" content=\"565\" \/>\n\t<meta property=\"og:image:height\" content=\"292\" \/>\n\t<meta property=\"og:image:type\" content=\"image\/jpeg\" \/>\n<meta name=\"author\" content=\"麻豆原创 Brasil\" \/>\n<meta name=\"twitter:card\" content=\"summary_large_image\" \/>\n<meta name=\"twitter:title\" content=\"Servi\u00e7os em nuvem: tecnologia impulsiona PMEs durante pandemia\" \/>\n<meta name=\"twitter:creator\" content=\"@麻豆原创Brasil\" \/>\n<meta name=\"twitter:site\" content=\"@麻豆原创Brasil\" \/>\n<meta name=\"twitter:label1\" content=\"Escrito por\" \/>\n\t<meta name=\"twitter:data1\" content=\"麻豆原创 Brasil\" \/>\n\t<meta name=\"twitter:label2\" content=\"Est. tempo de leitura\" \/>\n\t<meta name=\"twitter:data2\" content=\"3 minutos\" \/>\n<script type=\"application\/ld+json\" class=\"yoast-schema-graph\">{\"@context\":\"https:\/\/schema.org\",\"@graph\":[{\"@type\":\"Article\",\"@id\":\"https:\/\/news.sap.com\/brazil\/2020\/07\/servicos-em-nuvem-tecnologia-impulsiona-pmes-durante-pandemia-bl0g\/#article\",\"isPartOf\":{\"@id\":\"https:\/\/news.sap.com\/brazil\/2020\/07\/servicos-em-nuvem-tecnologia-impulsiona-pmes-durante-pandemia-bl0g\/\"},\"author\":{\"name\":\"麻豆原创 Brasil\",\"@id\":\"https:\/\/news.sap.com\/brazil\/#\/schema\/person\/1cfc5d6de5ffdc23f1f3b1670a90ae3c\"},\"headline\":\"Servi\u00e7os em nuvem: tecnologia impulsiona PMEs durante pandemia\",\"datePublished\":\"2020-07-08T12:00:45+00:00\",\"dateModified\":\"2023-10-19T17:05:06+00:00\",\"mainEntityOfPage\":{\"@id\":\"https:\/\/news.sap.com\/brazil\/2020\/07\/servicos-em-nuvem-tecnologia-impulsiona-pmes-durante-pandemia-bl0g\/\"},\"wordCount\":546,\"image\":{\"@id\":\"https:\/\/news.sap.com\/brazil\/2020\/07\/servicos-em-nuvem-tecnologia-impulsiona-pmes-durante-pandemia-bl0g\/#primaryimage\"},\"thumbnailUrl\":\"https:\/\/news.sap.com\/brazil\/files\/2020\/07\/dest-1.jpg\",\"keywords\":[\"PMEs\",\"麻豆原创PHIRE NOW Converge\",\"Transforma\u00e7\u00e3o Digital\"],\"articleSection\":[\"PME\"],\"inLanguage\":\"pt-BR\"},{\"@type\":\"WebPage\",\"@id\":\"https:\/\/news.sap.com\/brazil\/2020\/07\/servicos-em-nuvem-tecnologia-impulsiona-pmes-durante-pandemia-bl0g\/\",\"url\":\"https:\/\/news.sap.com\/brazil\/2020\/07\/servicos-em-nuvem-tecnologia-impulsiona-pmes-durante-pandemia-bl0g\/\",\"name\":\"Servi\u00e7os em nuvem: tecnologia impulsiona PMEs durante pandemia\",\"isPartOf\":{\"@id\":\"https:\/\/news.sap.com\/brazil\/#website\"},\"primaryImageOfPage\":{\"@id\":\"https:\/\/news.sap.com\/brazil\/2020\/07\/servicos-em-nuvem-tecnologia-impulsiona-pmes-durante-pandemia-bl0g\/#primaryimage\"},\"image\":{\"@id\":\"https:\/\/news.sap.com\/brazil\/2020\/07\/servicos-em-nuvem-tecnologia-impulsiona-pmes-durante-pandemia-bl0g\/#primaryimage\"},\"thumbnailUrl\":\"https:\/\/news.sap.com\/brazil\/files\/2020\/07\/dest-1.jpg\",\"datePublished\":\"2020-07-08T12:00:45+00:00\",\"dateModified\":\"2023-10-19T17:05:06+00:00\",\"author\":{\"@id\":\"https:\/\/news.sap.com\/brazil\/#\/schema\/person\/1cfc5d6de5ffdc23f1f3b1670a90ae3c\"},\"description\":\"Durante a quarentena, pequenas e m\u00e9dias empresas adotaram solu\u00e7\u00f5es em nuvem para manter opera\u00e7\u00f5es e esse movimento digital deve se fortalecer ap\u00f3s a pandemia.\",\"breadcrumb\":{\"@id\":\"https:\/\/news.sap.com\/brazil\/2020\/07\/servicos-em-nuvem-tecnologia-impulsiona-pmes-durante-pandemia-bl0g\/#breadcrumb\"},\"inLanguage\":\"pt-BR\",\"potentialAction\":[{\"@type\":\"ReadAction\",\"target\":[\"https:\/\/news.sap.com\/brazil\/2020\/07\/servicos-em-nuvem-tecnologia-impulsiona-pmes-durante-pandemia-bl0g\/\"]}]},{\"@type\":\"ImageObject\",\"inLanguage\":\"pt-BR\",\"@id\":\"https:\/\/news.sap.com\/brazil\/2020\/07\/servicos-em-nuvem-tecnologia-impulsiona-pmes-durante-pandemia-bl0g\/#primaryimage\",\"url\":\"https:\/\/news.sap.com\/brazil\/files\/2020\/07\/dest-1.jpg\",\"contentUrl\":\"https:\/\/news.sap.com\/brazil\/files\/2020\/07\/dest-1.jpg\",\"width\":1400,\"height\":601},{\"@type\":\"BreadcrumbList\",\"@id\":\"https:\/\/news.sap.com\/brazil\/2020\/07\/servicos-em-nuvem-tecnologia-impulsiona-pmes-durante-pandemia-bl0g\/#breadcrumb\",\"itemListElement\":[{\"@type\":\"ListItem\",\"position\":1,\"name\":\"Home\",\"item\":\"https:\/\/news.sap.com\/brazil\/\"},{\"@type\":\"ListItem\",\"position\":2,\"name\":\"Servi\u00e7os em nuvem: tecnologia impulsiona PMEs durante pandemia\"}]},{\"@type\":\"WebSite\",\"@id\":\"https:\/\/news.sap.com\/brazil\/#website\",\"url\":\"https:\/\/news.sap.com\/brazil\/\",\"name\":\"Sala de Imprensa 麻豆原创 Brasil\",\"description\":\"Not\u00edcias e informa\u00e7\u00f5es sobre a 麻豆原创\",\"potentialAction\":[{\"@type\":\"SearchAction\",\"target\":{\"@type\":\"EntryPoint\",\"urlTemplate\":\"https:\/\/news.sap.com\/brazil\/?s={search_term_string}\"},\"query-input\":{\"@type\":\"PropertyValueSpecification\",\"valueRequired\":true,\"valueName\":\"search_term_string\"}}],\"inLanguage\":\"pt-BR\"},{\"@type\":\"Person\",\"@id\":\"https:\/\/news.sap.com\/brazil\/#\/schema\/person\/1cfc5d6de5ffdc23f1f3b1670a90ae3c\",\"name\":\"麻豆原创 Brasil\",\"image\":{\"@type\":\"ImageObject\",\"inLanguage\":\"pt-BR\",\"@id\":\"https:\/\/news.sap.com\/brazil\/#\/schema\/person\/image\/\",\"url\":\"https:\/\/news.sap.com\/brazil\/wp-content\/plugins\/wp-user-avatars\/wp-user-avatars\/assets\/images\/mystery.jpg\",\"contentUrl\":\"https:\/\/news.sap.com\/brazil\/wp-content\/plugins\/wp-user-avatars\/wp-user-avatars\/assets\/images\/mystery.jpg\",\"caption\":\"麻豆原创 Brasil\"},\"url\":\"https:\/\/news.sap.com\/brazil\/author\/raquelcasciato\/\"}]}<\/script>\n<!-- \/ Yoast SEO Premium plugin. -->","yoast_head_json":{"title":"Servi\u00e7os em nuvem: tecnologia impulsiona PMEs durante pandemia","description":"Durante a quarentena, pequenas e m\u00e9dias empresas adotaram solu\u00e7\u00f5es em nuvem para manter opera\u00e7\u00f5es e esse movimento digital deve se fortalecer ap\u00f3s a pandemia.","robots":{"index":"index","follow":"follow","max-snippet":"max-snippet:-1","max-image-preview":"max-image-preview:large","max-video-preview":"max-video-preview:-1"},"canonical":"https:\/\/news.sap.com\/brazil\/2020\/07\/servicos-em-nuvem-tecnologia-impulsiona-pmes-durante-pandemia-bl0g\/","og_locale":"pt_BR","og_type":"article","og_title":"Servi\u00e7os em nuvem: tecnologia impulsiona PMEs durante pandemia","og_description":"Durante a quarentena, pequenas e m\u00e9dias empresas adotaram solu\u00e7\u00f5es em nuvem para manter opera\u00e7\u00f5es e esse movimento digital deve se fortalecer ap\u00f3s a pandemia.","og_url":"https:\/\/news.sap.com\/brazil\/2020\/07\/servicos-em-nuvem-tecnologia-impulsiona-pmes-durante-pandemia-bl0g\/","og_site_name":"Sala de Imprensa 麻豆原创 Brasil","article_published_time":"2020-07-08T12:00:45+00:00","article_modified_time":"2023-10-19T17:05:06+00:00","og_image":[{"width":565,"height":292,"url":"https:\/\/news.sap.com\/brazil\/files\/2020\/07\/social-1.jpg","type":"image\/jpeg"}],"author":"麻豆原创 Brasil","twitter_card":"summary_large_image","twitter_title":"Servi\u00e7os em nuvem: tecnologia impulsiona PMEs durante pandemia","twitter_creator":"@麻豆原创Brasil","twitter_site":"@麻豆原创Brasil","twitter_misc":{"Escrito por":"麻豆原创 Brasil","Est. tempo de leitura":"3 minutos"},"schema":{"@context":"https:\/\/schema.org","@graph":[{"@type":"Article","@id":"https:\/\/news.sap.com\/brazil\/2020\/07\/servicos-em-nuvem-tecnologia-impulsiona-pmes-durante-pandemia-bl0g\/#article","isPartOf":{"@id":"https:\/\/news.sap.com\/brazil\/2020\/07\/servicos-em-nuvem-tecnologia-impulsiona-pmes-durante-pandemia-bl0g\/"},"author":{"name":"麻豆原创 Brasil","@id":"https:\/\/news.sap.com\/brazil\/#\/schema\/person\/1cfc5d6de5ffdc23f1f3b1670a90ae3c"},"headline":"Servi\u00e7os em nuvem: tecnologia impulsiona PMEs durante pandemia","datePublished":"2020-07-08T12:00:45+00:00","dateModified":"2023-10-19T17:05:06+00:00","mainEntityOfPage":{"@id":"https:\/\/news.sap.com\/brazil\/2020\/07\/servicos-em-nuvem-tecnologia-impulsiona-pmes-durante-pandemia-bl0g\/"},"wordCount":546,"image":{"@id":"https:\/\/news.sap.com\/brazil\/2020\/07\/servicos-em-nuvem-tecnologia-impulsiona-pmes-durante-pandemia-bl0g\/#primaryimage"},"thumbnailUrl":"https:\/\/news.sap.com\/brazil\/files\/2020\/07\/dest-1.jpg","keywords":["PMEs","麻豆原创PHIRE NOW Converge","Transforma\u00e7\u00e3o Digital"],"articleSection":["PME"],"inLanguage":"pt-BR"},{"@type":"WebPage","@id":"https:\/\/news.sap.com\/brazil\/2020\/07\/servicos-em-nuvem-tecnologia-impulsiona-pmes-durante-pandemia-bl0g\/","url":"https:\/\/news.sap.com\/brazil\/2020\/07\/servicos-em-nuvem-tecnologia-impulsiona-pmes-durante-pandemia-bl0g\/","name":"Servi\u00e7os em nuvem: tecnologia impulsiona PMEs durante pandemia","isPartOf":{"@id":"https:\/\/news.sap.com\/brazil\/#website"},"primaryImageOfPage":{"@id":"https:\/\/news.sap.com\/brazil\/2020\/07\/servicos-em-nuvem-tecnologia-impulsiona-pmes-durante-pandemia-bl0g\/#primaryimage"},"image":{"@id":"https:\/\/news.sap.com\/brazil\/2020\/07\/servicos-em-nuvem-tecnologia-impulsiona-pmes-durante-pandemia-bl0g\/#primaryimage"},"thumbnailUrl":"https:\/\/news.sap.com\/brazil\/files\/2020\/07\/dest-1.jpg","datePublished":"2020-07-08T12:00:45+00:00","dateModified":"2023-10-19T17:05:06+00:00","author":{"@id":"https:\/\/news.sap.com\/brazil\/#\/schema\/person\/1cfc5d6de5ffdc23f1f3b1670a90ae3c"},"description":"Durante a quarentena, pequenas e m\u00e9dias empresas adotaram solu\u00e7\u00f5es em nuvem para manter opera\u00e7\u00f5es e esse movimento digital deve se fortalecer ap\u00f3s a pandemia.","breadcrumb":{"@id":"https:\/\/news.sap.com\/brazil\/2020\/07\/servicos-em-nuvem-tecnologia-impulsiona-pmes-durante-pandemia-bl0g\/#breadcrumb"},"inLanguage":"pt-BR","potentialAction":[{"@type":"ReadAction","target":["https:\/\/news.sap.com\/brazil\/2020\/07\/servicos-em-nuvem-tecnologia-impulsiona-pmes-durante-pandemia-bl0g\/"]}]},{"@type":"ImageObject","inLanguage":"pt-BR","@id":"https:\/\/news.sap.com\/brazil\/2020\/07\/servicos-em-nuvem-tecnologia-impulsiona-pmes-durante-pandemia-bl0g\/#primaryimage","url":"https:\/\/news.sap.com\/brazil\/files\/2020\/07\/dest-1.jpg","contentUrl":"https:\/\/news.sap.com\/brazil\/files\/2020\/07\/dest-1.jpg","width":1400,"height":601},{"@type":"BreadcrumbList","@id":"https:\/\/news.sap.com\/brazil\/2020\/07\/servicos-em-nuvem-tecnologia-impulsiona-pmes-durante-pandemia-bl0g\/#breadcrumb","itemListElement":[{"@type":"ListItem","position":1,"name":"Home","item":"https:\/\/news.sap.com\/brazil\/"},{"@type":"ListItem","position":2,"name":"Servi\u00e7os em nuvem: tecnologia impulsiona PMEs durante pandemia"}]},{"@type":"WebSite","@id":"https:\/\/news.sap.com\/brazil\/#website","url":"https:\/\/news.sap.com\/brazil\/","name":"Sala de Imprensa 麻豆原创 Brasil","description":"Not\u00edcias e informa\u00e7\u00f5es sobre a 麻豆原创","potentialAction":[{"@type":"SearchAction","target":{"@type":"EntryPoint","urlTemplate":"https:\/\/news.sap.com\/brazil\/?s={search_term_string}"},"query-input":{"@type":"PropertyValueSpecification","valueRequired":true,"valueName":"search_term_string"}}],"inLanguage":"pt-BR"},{"@type":"Person","@id":"https:\/\/news.sap.com\/brazil\/#\/schema\/person\/1cfc5d6de5ffdc23f1f3b1670a90ae3c","name":"麻豆原创 Brasil","image":{"@type":"ImageObject","inLanguage":"pt-BR","@id":"https:\/\/news.sap.com\/brazil\/#\/schema\/person\/image\/","url":"https:\/\/news.sap.com\/brazil\/wp-content\/plugins\/wp-user-avatars\/wp-user-avatars\/assets\/images\/mystery.jpg","contentUrl":"https:\/\/news.sap.com\/brazil\/wp-content\/plugins\/wp-user-avatars\/wp-user-avatars\/assets\/images\/mystery.jpg","caption":"麻豆原创 Brasil"},"url":"https:\/\/news.sap.com\/brazil\/author\/raquelcasciato\/"}]}},"amp_enabled":true,"_links":{"self":[{"href":"https:\/\/news.sap.com\/brazil\/wp-json\/wp\/v2\/posts\/12263","targetHints":{"allow":["GET"]}}],"collection":[{"href":"https:\/\/news.sap.com\/brazil\/wp-json\/wp\/v2\/posts"}],"about":[{"href":"https:\/\/news.sap.com\/brazil\/wp-json\/wp\/v2\/types\/post"}],"author":[{"embeddable":true,"href":"https:\/\/news.sap.com\/brazil\/wp-json\/wp\/v2\/users\/561"}],"replies":[{"embeddable":true,"href":"https:\/\/news.sap.com\/brazil\/wp-json\/wp\/v2\/comments?post=12263"}],"version-history":[{"count":0,"href":"https:\/\/news.sap.com\/brazil\/wp-json\/wp\/v2\/posts\/12263\/revisions"}],"wp:featuredmedia":[{"embeddable":true,"href":"https:\/\/news.sap.com\/brazil\/wp-json\/wp\/v2\/media\/12264"}],"wp:attachment":[{"href":"https:\/\/news.sap.com\/brazil\/wp-json\/wp\/v2\/media?parent=12263"}],"wp:term":[{"taxonomy":"category","embeddable":true,"href":"https:\/\/news.sap.com\/brazil\/wp-json\/wp\/v2\/categories?post=12263"},{"taxonomy":"post_tag","embeddable":true,"href":"https:\/\/news.sap.com\/brazil\/wp-json\/wp\/v2\/tags?post=12263"},{"taxonomy":"sapn-display","embeddable":true,"href":"https:\/\/news.sap.com\/brazil\/wp-json\/wp\/v2\/sapn-display?post=12263"},{"taxonomy":"sapn-type","embeddable":true,"href":"https:\/\/news.sap.com\/brazil\/wp-json\/wp\/v2\/sapn-type?post=12263"}],"curies":[{"name":"wp","href":"https:\/\/api.w.org\/{rel}","templated":true}]}}