  {"id":12259,"date":"2020-07-07T09:00:47","date_gmt":"2020-07-07T12:00:47","guid":{"rendered":"https:\/\/news.sap.com\/brazil\/?p=12259"},"modified":"2023-10-19T14:05:09","modified_gmt":"2023-10-19T17:05:09","slug":"novas-prioridades-do-setor-de-recursos-humanos-na-retomada-do-trabalho-bl0g","status":"publish","type":"post","link":"https:\/\/news.sap.com\/brazil\/2020\/07\/novas-prioridades-do-setor-de-recursos-humanos-na-retomada-do-trabalho-bl0g\/","title":{"rendered":"Novas prioridades do setor de Recursos Humanos na retomada do trabalho"},"content":{"rendered":"<p>Por: 麻豆原创 Brasil<\/p>\n<p><em>As mudan\u00e7as nos modelos de trabalho, inicialmente, adaptadas para lidar com o per\u00edodo de pandemia, apontam para novos caminhos na gest\u00e3o de equipes <\/em><\/p>\n<p>Como sua equipe de RH est\u00e1 lidando com as mudan\u00e7as causadas pela necessidade de distanciamento social? \u00c9 certo que proteger o colaborador sempre foi uma das prioridades, mas pensar em novas formas de se relacionar com as equipes, de gerir o tempo de trabalho, de lidar com treinamentos e reuni\u00f5es \u00e0 dist\u00e2ncia imp\u00f4s alguns desafios para o setor de Recursos Humanos, que nesse momento busca rever estrat\u00e9gias para se adequar ao chamado novo normal.<\/p>\n<p><strong>Fique atento \u00e0s mudan\u00e7as na legisla\u00e7\u00e3o que rege os contratos de trabalho em cada localidade<\/strong><\/p>\n<p>No Brasil, por exemplo, a <a href=\"http:\/\/www.planalto.gov.br\/ccivil_03\/_ato2019-2022\/2020\/Mpv\/mpv927.htm\" target=\"_blank\" rel=\"noopener noreferrer\">Medida Provis\u00f3ria 927<\/a>, permitiu ao empregador antecipar a data das f\u00e9rias mesmo que o empregado n\u00e3o tenha cumprido os 12 meses de contrato. O teletrabalho (ou trabalho remoto) tamb\u00e9m est\u00e1 previsto na MP, que estende a modalidade \u00e0s fun\u00e7\u00f5es de estagi\u00e1rios e aprendizes. Assim como tamb\u00e9m determina ser de responsabilidade do empregador, providenciar a infraestrutura necess\u00e1ria para que os profissionais possam trabalhar \u00e0 dist\u00e2ncia.<\/p>\n<p>Acompanhar essas mudan\u00e7as, que podem acontecer de maneira repentina, permite evitar multas e problemas com a justi\u00e7a do trabalho, evitando que custos ainda maiores sejam gerados para a sua empresa.<\/p>\n<p><strong>Procure manter a comunica\u00e7\u00e3o constante com o trabalhador e alinhe as expectativas<\/strong><\/p>\n<p>Como anda a comunica\u00e7\u00e3o com os seus colaboradores? A dist\u00e2ncia n\u00e3o deve ser um impeditivo para que voc\u00eas estejam com as expectativas alinhadas. Existem recursos que possibilitam manter o contato constante com os profissionais, oferecendo suporte durante o hor\u00e1rio de trabalho e <a href=\"https:\/\/www.sap.com\/products\/knoa-user-experience.html?url_id=text-blogentry-innovationBlogBR-2020_blog-original-post-sapcom\" target=\"_blank\" rel=\"noopener noreferrer\">acompanhando a produtividade<\/a> das equipes. Invista tamb\u00e9m na comunica\u00e7\u00e3o interna, enviando conte\u00fado informativo para que ele esteja ciente das a\u00e7\u00f5es que sua organiza\u00e7\u00e3o tem adotado.<\/p>\n<p><strong>Assegure o sigilo de informa\u00e7\u00f5es controlando o acesso remoto<\/strong><\/p>\n<p>O desafio da seguran\u00e7a da informa\u00e7\u00e3o tamb\u00e9m coloca a equipe de gest\u00e3o sob alerta. Nesse caso, o <a href=\"https:\/\/www.sap.com\/products\/cloud-iam.html?url_id=text-blogentry-innovationBlogBR-2020_blog-original-post-sapcom\" target=\"_blank\" rel=\"noopener noreferrer\">acesso pode ser monitorado<\/a> de longe com ajuda da tecnologia, para que as boas pr\u00e1ticas sejam aplicadas e exista uma pol\u00edtica de governan\u00e7a eficiente.<\/p>\n<p><strong>Fa\u00e7a um interc\u00e2mbio de informa\u00e7\u00f5es com outros players para entender quais estrat\u00e9gias est\u00e3o sendo adotadas<\/strong><\/p>\n<p>Aproveite as oportunidades de conhecer o trabalho de outros profissionais e saber como est\u00e1 o clima no mercado. O <a href=\"https:\/\/event.on24.com\/eventRegistration\/EventLobbyServlet?target=reg20.jsp&amp;partnerref=fb&amp;eventid=2380655&amp;sessionid=1&amp;key=30F414310800625582091823040A027E&amp;regTag=&amp;sourcepage=register\" target=\"_blank\" rel=\"noopener noreferrer\">HXM Virtual Summit<\/a>, evento online da 麻豆原创 reuniu executivos de grandes empresas e influenciadores para trazer refer\u00eancias e discuss\u00f5es sobre o protagonismo do RH durante a pandemia. O conte\u00fado ficar\u00e1 dispon\u00edvel on demand.<\/p>\n<p>As fronteiras territoriais das rela\u00e7\u00f5es de trabalho foram rompidas pela tecnologia e esse modelo, que j\u00e1 era tend\u00eancia, foi acelerado pela chegada da COVID-19. A responsabilidade dos profissionais de RH em gerenciar pessoas em diferentes localidades torna o trabalho ainda mais desafiador, mas a ado\u00e7\u00e3o de recursos e tecnologias que permitam a comunica\u00e7\u00e3o constante pode contribuir positivamente com o futuro do trabalho.<\/p>\n<p>Saiba mais sobre solu\u00e7\u00f5es e sobre o futuro do setor de Recursos Humanos nas nossas redes sociais: <a href=\"https:\/\/www.facebook.com\/sapbrasil\/\" target=\"_blank\" rel=\"noopener noreferrer\">Facebook\u00a0<\/a>\/\u00a0<a href=\"https:\/\/twitter.com\/麻豆原创Brasil\" target=\"_blank\" rel=\"noopener noreferrer\">Twitter\u00a0<\/a>\/\u00a0<a href=\"https:\/\/www.linkedin.com\/company\/1115\/\" target=\"_blank\" rel=\"noopener noreferrer\">LinkedIn\u00a0<\/a>\/\u00a0<a href=\"https:\/\/www.instagram.com\/sap_brasil\/\" target=\"_blank\" rel=\"noopener noreferrer\">Instagram<\/a> \/ <a href=\"https:\/\/widget.msgp.pl\/?id=66415e417325f13e20.82207836\" target=\"_blank\" rel=\"noopener noreferrer\">WhatsApp<\/a> \/ <a href=\"https:\/\/www.youtube.com\/user\/sapbrasil\" target=\"_blank\" rel=\"noopener noreferrer\">Youtube<\/a><\/p>\n<p>\u00a9 2020 麻豆原创 SE. All rights reserved. 麻豆原创 and other 麻豆原创 products and services mentioned herein as well as their respective logos are trademarks or registered trademarks of 麻豆原创 SE in Germany and other countries. Please see <a href=\"http:\/\/www.sap.com\/corporate-en\/legal\/copyright\/index.epx#trademark\" target=\"_blank\" rel=\"noopener noreferrer\">http:\/\/www.sap.com\/corporate-en\/legal\/copyright\/index.epx#trademark<\/a> for additional trademark information and notices.<\/p>\n","protected":false},"excerpt":{"rendered":"<p>Por: 麻豆原创 Brasil As mudan\u00e7as nos modelos de trabalho, inicialmente, adaptadas para lidar com o per\u00edodo de pandemia, apontam para novos caminhos na gest\u00e3o de&#8230;<\/p>\n","protected":false},"author":561,"featured_media":12260,"comment_status":"closed","ping_status":"closed","sticky":false,"template":"","format":"standard","meta":{"footnotes":"","_links_to":"","_links_to_target":""},"categories":[48444],"tags":[5598246,147932,20464],"sapn-display":[5599933,5599931,48431,48433],"sapn-type":[6114],"class_list":["post-12259","post","type-post","status-publish","format-standard","has-post-thumbnail","hentry","category-recursos-humanos-topicos","tag-covid-19","tag-home-office","tag-recursos-humanos","sapn-display-feature-hero","sapn-display-feature-spotlight","sapn-display-homepage-hero","sapn-display-hero","sapn-type-artigo"],"yoast_head":"<!-- This site is optimized with the Yoast SEO Premium plugin v26.9 (Yoast SEO v26.9) - https:\/\/yoast.com\/product\/yoast-seo-premium-wordpress\/ -->\n<title>Novas prioridades do setor de RH na retomada do trabalho<\/title>\n<meta name=\"description\" content=\"As mudan\u00e7as nos modelos de trabalho, inicialmente, adaptadas para lidar com o per\u00edodo de pandemia, apontam para novos caminhos na gest\u00e3o de equipes.\" \/>\n<meta name=\"robots\" content=\"index, follow, max-snippet:-1, max-image-preview:large, max-video-preview:-1\" \/>\n<link rel=\"canonical\" href=\"https:\/\/news.sap.com\/brazil\/2020\/07\/novas-prioridades-do-setor-de-recursos-humanos-na-retomada-do-trabalho-bl0g\/\" \/>\n<meta property=\"og:locale\" content=\"pt_BR\" \/>\n<meta property=\"og:type\" content=\"article\" \/>\n<meta property=\"og:title\" content=\"Novas prioridades do setor de Recursos Humanos na retomada do trabalho\" \/>\n<meta property=\"og:description\" content=\"As mudan\u00e7as nos modelos de trabalho, inicialmente, adaptadas para lidar com o per\u00edodo de pandemia, apontam para novos caminhos na gest\u00e3o de equipes.\" \/>\n<meta property=\"og:url\" content=\"https:\/\/news.sap.com\/brazil\/2020\/07\/novas-prioridades-do-setor-de-recursos-humanos-na-retomada-do-trabalho-bl0g\/\" \/>\n<meta property=\"og:site_name\" content=\"Sala de Imprensa 麻豆原创 Brasil\" \/>\n<meta property=\"article:published_time\" content=\"2020-07-07T12:00:47+00:00\" \/>\n<meta property=\"article:modified_time\" content=\"2023-10-19T17:05:09+00:00\" \/>\n<meta property=\"og:image\" content=\"https:\/\/news.sap.com\/brazil\/files\/2020\/07\/social.jpg\" \/>\n\t<meta property=\"og:image:width\" content=\"565\" \/>\n\t<meta property=\"og:image:height\" content=\"292\" \/>\n\t<meta property=\"og:image:type\" content=\"image\/jpeg\" \/>\n<meta name=\"author\" content=\"麻豆原创 Brasil\" \/>\n<meta name=\"twitter:card\" content=\"summary_large_image\" \/>\n<meta name=\"twitter:title\" content=\"Novas prioridades do setor de Recursos Humanos na retomada do trabalho\" \/>\n<meta name=\"twitter:creator\" content=\"@麻豆原创Brasil\" \/>\n<meta name=\"twitter:site\" content=\"@麻豆原创Brasil\" \/>\n<meta name=\"twitter:label1\" content=\"Escrito por\" \/>\n\t<meta name=\"twitter:data1\" content=\"麻豆原创 Brasil\" \/>\n\t<meta name=\"twitter:label2\" content=\"Est. tempo de leitura\" \/>\n\t<meta name=\"twitter:data2\" content=\"3 minutos\" \/>\n<script type=\"application\/ld+json\" class=\"yoast-schema-graph\">{\"@context\":\"https:\/\/schema.org\",\"@graph\":[{\"@type\":\"Article\",\"@id\":\"https:\/\/news.sap.com\/brazil\/2020\/07\/novas-prioridades-do-setor-de-recursos-humanos-na-retomada-do-trabalho-bl0g\/#article\",\"isPartOf\":{\"@id\":\"https:\/\/news.sap.com\/brazil\/2020\/07\/novas-prioridades-do-setor-de-recursos-humanos-na-retomada-do-trabalho-bl0g\/\"},\"author\":{\"name\":\"麻豆原创 Brasil\",\"@id\":\"https:\/\/news.sap.com\/brazil\/#\/schema\/person\/1cfc5d6de5ffdc23f1f3b1670a90ae3c\"},\"headline\":\"Novas prioridades do setor de Recursos Humanos na retomada do trabalho\",\"datePublished\":\"2020-07-07T12:00:47+00:00\",\"dateModified\":\"2023-10-19T17:05:09+00:00\",\"mainEntityOfPage\":{\"@id\":\"https:\/\/news.sap.com\/brazil\/2020\/07\/novas-prioridades-do-setor-de-recursos-humanos-na-retomada-do-trabalho-bl0g\/\"},\"wordCount\":606,\"image\":{\"@id\":\"https:\/\/news.sap.com\/brazil\/2020\/07\/novas-prioridades-do-setor-de-recursos-humanos-na-retomada-do-trabalho-bl0g\/#primaryimage\"},\"thumbnailUrl\":\"https:\/\/news.sap.com\/brazil\/files\/2020\/07\/dest.jpg\",\"keywords\":[\"COVID-19\",\"Home Office\",\"recursos humanos\"],\"articleSection\":[\"Gest\u00e3o do capital humano\"],\"inLanguage\":\"pt-BR\"},{\"@type\":\"WebPage\",\"@id\":\"https:\/\/news.sap.com\/brazil\/2020\/07\/novas-prioridades-do-setor-de-recursos-humanos-na-retomada-do-trabalho-bl0g\/\",\"url\":\"https:\/\/news.sap.com\/brazil\/2020\/07\/novas-prioridades-do-setor-de-recursos-humanos-na-retomada-do-trabalho-bl0g\/\",\"name\":\"Novas prioridades do setor de RH na retomada do trabalho\",\"isPartOf\":{\"@id\":\"https:\/\/news.sap.com\/brazil\/#website\"},\"primaryImageOfPage\":{\"@id\":\"https:\/\/news.sap.com\/brazil\/2020\/07\/novas-prioridades-do-setor-de-recursos-humanos-na-retomada-do-trabalho-bl0g\/#primaryimage\"},\"image\":{\"@id\":\"https:\/\/news.sap.com\/brazil\/2020\/07\/novas-prioridades-do-setor-de-recursos-humanos-na-retomada-do-trabalho-bl0g\/#primaryimage\"},\"thumbnailUrl\":\"https:\/\/news.sap.com\/brazil\/files\/2020\/07\/dest.jpg\",\"datePublished\":\"2020-07-07T12:00:47+00:00\",\"dateModified\":\"2023-10-19T17:05:09+00:00\",\"author\":{\"@id\":\"https:\/\/news.sap.com\/brazil\/#\/schema\/person\/1cfc5d6de5ffdc23f1f3b1670a90ae3c\"},\"description\":\"As mudan\u00e7as nos modelos de trabalho, inicialmente, adaptadas para lidar com o per\u00edodo de pandemia, apontam para novos caminhos na gest\u00e3o de equipes.\",\"breadcrumb\":{\"@id\":\"https:\/\/news.sap.com\/brazil\/2020\/07\/novas-prioridades-do-setor-de-recursos-humanos-na-retomada-do-trabalho-bl0g\/#breadcrumb\"},\"inLanguage\":\"pt-BR\",\"potentialAction\":[{\"@type\":\"ReadAction\",\"target\":[\"https:\/\/news.sap.com\/brazil\/2020\/07\/novas-prioridades-do-setor-de-recursos-humanos-na-retomada-do-trabalho-bl0g\/\"]}]},{\"@type\":\"ImageObject\",\"inLanguage\":\"pt-BR\",\"@id\":\"https:\/\/news.sap.com\/brazil\/2020\/07\/novas-prioridades-do-setor-de-recursos-humanos-na-retomada-do-trabalho-bl0g\/#primaryimage\",\"url\":\"https:\/\/news.sap.com\/brazil\/files\/2020\/07\/dest.jpg\",\"contentUrl\":\"https:\/\/news.sap.com\/brazil\/files\/2020\/07\/dest.jpg\",\"width\":1400,\"height\":601,\"caption\":\"A middle-aged woman in white jeans and a yellow sweater sitting on the bed in a yoga pose in front of a laptop and a cup of coffee. Remote work at home. Meditation and Relax\"},{\"@type\":\"BreadcrumbList\",\"@id\":\"https:\/\/news.sap.com\/brazil\/2020\/07\/novas-prioridades-do-setor-de-recursos-humanos-na-retomada-do-trabalho-bl0g\/#breadcrumb\",\"itemListElement\":[{\"@type\":\"ListItem\",\"position\":1,\"name\":\"Home\",\"item\":\"https:\/\/news.sap.com\/brazil\/\"},{\"@type\":\"ListItem\",\"position\":2,\"name\":\"Novas prioridades do setor de Recursos Humanos na retomada do trabalho\"}]},{\"@type\":\"WebSite\",\"@id\":\"https:\/\/news.sap.com\/brazil\/#website\",\"url\":\"https:\/\/news.sap.com\/brazil\/\",\"name\":\"Sala de Imprensa 麻豆原创 Brasil\",\"description\":\"Not\u00edcias e informa\u00e7\u00f5es sobre a 麻豆原创\",\"potentialAction\":[{\"@type\":\"SearchAction\",\"target\":{\"@type\":\"EntryPoint\",\"urlTemplate\":\"https:\/\/news.sap.com\/brazil\/?s={search_term_string}\"},\"query-input\":{\"@type\":\"PropertyValueSpecification\",\"valueRequired\":true,\"valueName\":\"search_term_string\"}}],\"inLanguage\":\"pt-BR\"},{\"@type\":\"Person\",\"@id\":\"https:\/\/news.sap.com\/brazil\/#\/schema\/person\/1cfc5d6de5ffdc23f1f3b1670a90ae3c\",\"name\":\"麻豆原创 Brasil\",\"image\":{\"@type\":\"ImageObject\",\"inLanguage\":\"pt-BR\",\"@id\":\"https:\/\/news.sap.com\/brazil\/#\/schema\/person\/image\/\",\"url\":\"https:\/\/news.sap.com\/brazil\/wp-content\/plugins\/wp-user-avatars\/wp-user-avatars\/assets\/images\/mystery.jpg\",\"contentUrl\":\"https:\/\/news.sap.com\/brazil\/wp-content\/plugins\/wp-user-avatars\/wp-user-avatars\/assets\/images\/mystery.jpg\",\"caption\":\"麻豆原创 Brasil\"},\"url\":\"https:\/\/news.sap.com\/brazil\/author\/raquelcasciato\/\"}]}<\/script>\n<!-- \/ Yoast SEO Premium plugin. -->","yoast_head_json":{"title":"Novas prioridades do setor de RH na retomada do trabalho","description":"As mudan\u00e7as nos modelos de trabalho, inicialmente, adaptadas para lidar com o per\u00edodo de pandemia, apontam para novos caminhos na gest\u00e3o de equipes.","robots":{"index":"index","follow":"follow","max-snippet":"max-snippet:-1","max-image-preview":"max-image-preview:large","max-video-preview":"max-video-preview:-1"},"canonical":"https:\/\/news.sap.com\/brazil\/2020\/07\/novas-prioridades-do-setor-de-recursos-humanos-na-retomada-do-trabalho-bl0g\/","og_locale":"pt_BR","og_type":"article","og_title":"Novas prioridades do setor de Recursos Humanos na retomada do trabalho","og_description":"As mudan\u00e7as nos modelos de trabalho, inicialmente, adaptadas para lidar com o per\u00edodo de pandemia, apontam para novos caminhos na gest\u00e3o de equipes.","og_url":"https:\/\/news.sap.com\/brazil\/2020\/07\/novas-prioridades-do-setor-de-recursos-humanos-na-retomada-do-trabalho-bl0g\/","og_site_name":"Sala de Imprensa 麻豆原创 Brasil","article_published_time":"2020-07-07T12:00:47+00:00","article_modified_time":"2023-10-19T17:05:09+00:00","og_image":[{"width":565,"height":292,"url":"https:\/\/news.sap.com\/brazil\/files\/2020\/07\/social.jpg","type":"image\/jpeg"}],"author":"麻豆原创 Brasil","twitter_card":"summary_large_image","twitter_title":"Novas prioridades do setor de Recursos Humanos na retomada do trabalho","twitter_creator":"@麻豆原创Brasil","twitter_site":"@麻豆原创Brasil","twitter_misc":{"Escrito por":"麻豆原创 Brasil","Est. tempo de leitura":"3 minutos"},"schema":{"@context":"https:\/\/schema.org","@graph":[{"@type":"Article","@id":"https:\/\/news.sap.com\/brazil\/2020\/07\/novas-prioridades-do-setor-de-recursos-humanos-na-retomada-do-trabalho-bl0g\/#article","isPartOf":{"@id":"https:\/\/news.sap.com\/brazil\/2020\/07\/novas-prioridades-do-setor-de-recursos-humanos-na-retomada-do-trabalho-bl0g\/"},"author":{"name":"麻豆原创 Brasil","@id":"https:\/\/news.sap.com\/brazil\/#\/schema\/person\/1cfc5d6de5ffdc23f1f3b1670a90ae3c"},"headline":"Novas prioridades do setor de Recursos Humanos na retomada do trabalho","datePublished":"2020-07-07T12:00:47+00:00","dateModified":"2023-10-19T17:05:09+00:00","mainEntityOfPage":{"@id":"https:\/\/news.sap.com\/brazil\/2020\/07\/novas-prioridades-do-setor-de-recursos-humanos-na-retomada-do-trabalho-bl0g\/"},"wordCount":606,"image":{"@id":"https:\/\/news.sap.com\/brazil\/2020\/07\/novas-prioridades-do-setor-de-recursos-humanos-na-retomada-do-trabalho-bl0g\/#primaryimage"},"thumbnailUrl":"https:\/\/news.sap.com\/brazil\/files\/2020\/07\/dest.jpg","keywords":["COVID-19","Home Office","recursos humanos"],"articleSection":["Gest\u00e3o do capital humano"],"inLanguage":"pt-BR"},{"@type":"WebPage","@id":"https:\/\/news.sap.com\/brazil\/2020\/07\/novas-prioridades-do-setor-de-recursos-humanos-na-retomada-do-trabalho-bl0g\/","url":"https:\/\/news.sap.com\/brazil\/2020\/07\/novas-prioridades-do-setor-de-recursos-humanos-na-retomada-do-trabalho-bl0g\/","name":"Novas prioridades do setor de RH na retomada do trabalho","isPartOf":{"@id":"https:\/\/news.sap.com\/brazil\/#website"},"primaryImageOfPage":{"@id":"https:\/\/news.sap.com\/brazil\/2020\/07\/novas-prioridades-do-setor-de-recursos-humanos-na-retomada-do-trabalho-bl0g\/#primaryimage"},"image":{"@id":"https:\/\/news.sap.com\/brazil\/2020\/07\/novas-prioridades-do-setor-de-recursos-humanos-na-retomada-do-trabalho-bl0g\/#primaryimage"},"thumbnailUrl":"https:\/\/news.sap.com\/brazil\/files\/2020\/07\/dest.jpg","datePublished":"2020-07-07T12:00:47+00:00","dateModified":"2023-10-19T17:05:09+00:00","author":{"@id":"https:\/\/news.sap.com\/brazil\/#\/schema\/person\/1cfc5d6de5ffdc23f1f3b1670a90ae3c"},"description":"As mudan\u00e7as nos modelos de trabalho, inicialmente, adaptadas para lidar com o per\u00edodo de pandemia, apontam para novos caminhos na gest\u00e3o de equipes.","breadcrumb":{"@id":"https:\/\/news.sap.com\/brazil\/2020\/07\/novas-prioridades-do-setor-de-recursos-humanos-na-retomada-do-trabalho-bl0g\/#breadcrumb"},"inLanguage":"pt-BR","potentialAction":[{"@type":"ReadAction","target":["https:\/\/news.sap.com\/brazil\/2020\/07\/novas-prioridades-do-setor-de-recursos-humanos-na-retomada-do-trabalho-bl0g\/"]}]},{"@type":"ImageObject","inLanguage":"pt-BR","@id":"https:\/\/news.sap.com\/brazil\/2020\/07\/novas-prioridades-do-setor-de-recursos-humanos-na-retomada-do-trabalho-bl0g\/#primaryimage","url":"https:\/\/news.sap.com\/brazil\/files\/2020\/07\/dest.jpg","contentUrl":"https:\/\/news.sap.com\/brazil\/files\/2020\/07\/dest.jpg","width":1400,"height":601,"caption":"A middle-aged woman in white jeans and a yellow sweater sitting on the bed in a yoga pose in front of a laptop and a cup of coffee. Remote work at home. Meditation and Relax"},{"@type":"BreadcrumbList","@id":"https:\/\/news.sap.com\/brazil\/2020\/07\/novas-prioridades-do-setor-de-recursos-humanos-na-retomada-do-trabalho-bl0g\/#breadcrumb","itemListElement":[{"@type":"ListItem","position":1,"name":"Home","item":"https:\/\/news.sap.com\/brazil\/"},{"@type":"ListItem","position":2,"name":"Novas prioridades do setor de Recursos Humanos na retomada do trabalho"}]},{"@type":"WebSite","@id":"https:\/\/news.sap.com\/brazil\/#website","url":"https:\/\/news.sap.com\/brazil\/","name":"Sala de Imprensa 麻豆原创 Brasil","description":"Not\u00edcias e informa\u00e7\u00f5es sobre a 麻豆原创","potentialAction":[{"@type":"SearchAction","target":{"@type":"EntryPoint","urlTemplate":"https:\/\/news.sap.com\/brazil\/?s={search_term_string}"},"query-input":{"@type":"PropertyValueSpecification","valueRequired":true,"valueName":"search_term_string"}}],"inLanguage":"pt-BR"},{"@type":"Person","@id":"https:\/\/news.sap.com\/brazil\/#\/schema\/person\/1cfc5d6de5ffdc23f1f3b1670a90ae3c","name":"麻豆原创 Brasil","image":{"@type":"ImageObject","inLanguage":"pt-BR","@id":"https:\/\/news.sap.com\/brazil\/#\/schema\/person\/image\/","url":"https:\/\/news.sap.com\/brazil\/wp-content\/plugins\/wp-user-avatars\/wp-user-avatars\/assets\/images\/mystery.jpg","contentUrl":"https:\/\/news.sap.com\/brazil\/wp-content\/plugins\/wp-user-avatars\/wp-user-avatars\/assets\/images\/mystery.jpg","caption":"麻豆原创 Brasil"},"url":"https:\/\/news.sap.com\/brazil\/author\/raquelcasciato\/"}]}},"amp_enabled":true,"_links":{"self":[{"href":"https:\/\/news.sap.com\/brazil\/wp-json\/wp\/v2\/posts\/12259","targetHints":{"allow":["GET"]}}],"collection":[{"href":"https:\/\/news.sap.com\/brazil\/wp-json\/wp\/v2\/posts"}],"about":[{"href":"https:\/\/news.sap.com\/brazil\/wp-json\/wp\/v2\/types\/post"}],"author":[{"embeddable":true,"href":"https:\/\/news.sap.com\/brazil\/wp-json\/wp\/v2\/users\/561"}],"replies":[{"embeddable":true,"href":"https:\/\/news.sap.com\/brazil\/wp-json\/wp\/v2\/comments?post=12259"}],"version-history":[{"count":0,"href":"https:\/\/news.sap.com\/brazil\/wp-json\/wp\/v2\/posts\/12259\/revisions"}],"wp:featuredmedia":[{"embeddable":true,"href":"https:\/\/news.sap.com\/brazil\/wp-json\/wp\/v2\/media\/12260"}],"wp:attachment":[{"href":"https:\/\/news.sap.com\/brazil\/wp-json\/wp\/v2\/media?parent=12259"}],"wp:term":[{"taxonomy":"category","embeddable":true,"href":"https:\/\/news.sap.com\/brazil\/wp-json\/wp\/v2\/categories?post=12259"},{"taxonomy":"post_tag","embeddable":true,"href":"https:\/\/news.sap.com\/brazil\/wp-json\/wp\/v2\/tags?post=12259"},{"taxonomy":"sapn-display","embeddable":true,"href":"https:\/\/news.sap.com\/brazil\/wp-json\/wp\/v2\/sapn-display?post=12259"},{"taxonomy":"sapn-type","embeddable":true,"href":"https:\/\/news.sap.com\/brazil\/wp-json\/wp\/v2\/sapn-type?post=12259"}],"curies":[{"name":"wp","href":"https:\/\/api.w.org\/{rel}","templated":true}]}}