  {"id":12216,"date":"2020-07-02T09:00:10","date_gmt":"2020-07-02T12:00:10","guid":{"rendered":"https:\/\/news.sap.com\/brazil\/?p=12216"},"modified":"2023-10-19T14:05:12","modified_gmt":"2023-10-19T17:05:12","slug":"aprendizados-do-setor-de-supply-chain-com-a-pandemia-bl0g","status":"publish","type":"post","link":"https:\/\/news.sap.com\/brazil\/2020\/07\/aprendizados-do-setor-de-supply-chain-com-a-pandemia-bl0g\/","title":{"rendered":"Aprendizados do setor de Supply Chain com a pandemia"},"content":{"rendered":"<p>Por: 麻豆原创 Brasil<\/p>\n<p><em>O setor busca solu\u00e7\u00f5es para enfrentar a crise e entende que esse \u00e9 o momento de planejar mudan\u00e7as para modernizar processos e levar inova\u00e7\u00e3o para o mercado<\/em><\/p>\n<p>A crise causada pela pandemia da COVID-19 colocou <a href=\"https:\/\/www.sap.com\/brazil\/products\/digital-supply-chain.html?url_id=text-blogentry-innovationBlogBR-2019_blog-original-post-sapcom\" target=\"_blank\" rel=\"noopener noreferrer\">o setor de Supply Chain<\/a> sob novas condi\u00e7\u00f5es, levando seus novos desafios aos processos de trabalho, com novas demandas surgindo a partir de mudan\u00e7as no comportamento do consumidor e com os anseios sobre como manter o fornecimento em dia. A tecnologia pode ajudar a trazer respostas para um futuro que n\u00e3o ser\u00e1 mais o mesmo.<\/p>\n<p><strong>Crescimento do e-commerce mostra novo comportamentos no setor de vendas<\/strong><\/p>\n<p>O setor varejista cresceu significativamente durante o m\u00eas de abril. Dados reunidos pelo Compre&amp;Confie e divulgados pelo portal E-Commerce Brasil, o <a href=\"https:\/\/www.ecommercebrasil.com.br\/noticias\/e-commerce-cresce-abril-fatura-compreconfie-coronavirus\/\" target=\"_blank\" rel=\"noopener noreferrer\">e-commerce nacional cresceu 81% durante o m\u00eas de abril<\/a>. Um aumento de R$ 9,4 bilh\u00f5es com rela\u00e7\u00e3o ao mesmo m\u00eas do ano passado. O isolamentos social \u00e9 respons\u00e1vel pelo aumento brusco das vendas no com\u00e9rcio online e representa uma mudan\u00e7a no comportamento do consumidor, impactando todo o trabalho das cadeias de suprimentos.<\/p>\n<p><strong>Redefini\u00e7\u00e3o de recursos na cadeia de suprimentos<\/strong><\/p>\n<p>O futuro do setor pode ser redefinido pela digitaliza\u00e7\u00e3o de tarefas. Durante a pandemia, o fechamento da produ\u00e7\u00e3o e a redu\u00e7\u00e3o nos quadros de funcion\u00e1rios em muitos setores mostrou o quanto os processos est\u00e3o defasados por modelos de trabalhos manuais.<\/p>\n<p>A digitaliza\u00e7\u00e3o tornou-se uma resposta que pode provocar transforma\u00e7\u00f5es em curto, m\u00e9dio e longo prazo, ajudando varejistas a lidar com aumentos e quedas de demandas repentinas com o uso de ecossistemas inteligentes.<\/p>\n<p><strong>Tecnologia prepara o setor para novas situa\u00e7\u00f5es de crise<\/strong><\/p>\n<ul>\n<li><strong>Rob\u00f3tica: <\/strong>o transporte de mercadorias tamb\u00e9m pode ser modernizado com a automa\u00e7\u00e3o dos processos log\u00edsticos, tornando-os mais eficientes e confi\u00e1veis.<\/li>\n<li><strong>Intelig\u00eancia Artificial e Machine Learning:<\/strong> tais recursos possibilitam um controle maior dos processos e das demandas, permitindo que os pr\u00f3prios sistemas gerenciem as mudan\u00e7as nos envios, disponibilizando informa\u00e7\u00f5es em tempo real.<\/li>\n<li><strong>Drones: <\/strong>ainda n\u00e3o existem protocolos que regulamentem o espa\u00e7o a\u00e9reo com planejamentos e rotas de voo para entregas atrav\u00e9s de drones, mas eles podem passar a fazer parte da rotina do setor de Supply Chain como mais um recurso que impede o contato f\u00edsico e ajuda a manter os servi\u00e7os funcionando.<\/li>\n<li><strong>Blockchain: <\/strong>a confiabilidade das informa\u00e7\u00f5es, ainda que em contratos firmados \u00e0 dist\u00e2ncia, pode ser garantida por tecnologias como o Blockchain, que garantem a transpar\u00eancia das informa\u00e7\u00f5es e a rastreabilidade dos dados gerados nos processos de trabalho.<\/li>\n<\/ul>\n<p>A crise mostrou que o futuro do Supply Chain \u00e9 mais do que a adapta\u00e7\u00e3o aos novos tempos. O futuro pode ser determinado pelo pr\u00f3prio setor atrav\u00e9s do investimento em tecnologias que rompem com modelos arcaicos e que permitem que as empresas possam se prevenir de crises, preparando-se para um mundo que ser\u00e1 fisicamente mais distante.<\/p>\n<p>Saiba mais sobre as solu\u00e7\u00f5es da 麻豆原创 para o setor de Supply Chain nos canais de comunica\u00e7\u00e3o da 麻豆原创:\u00a0 <a href=\"https:\/\/www.facebook.com\/sapbrasil\/\" target=\"_blank\" rel=\"noopener noreferrer\">Facebook\u00a0<\/a>\/\u00a0<a href=\"https:\/\/twitter.com\/麻豆原创Brasil\" target=\"_blank\" rel=\"noopener noreferrer\">Twitter\u00a0<\/a>\/\u00a0<a href=\"https:\/\/www.linkedin.com\/company\/1115\/\" target=\"_blank\" rel=\"noopener noreferrer\">LinkedIn\u00a0<\/a>\/\u00a0<a href=\"https:\/\/www.instagram.com\/sap_brasil\/\" target=\"_blank\" rel=\"noopener noreferrer\">Instagram<\/a> \/ <a href=\"https:\/\/widget.msgp.pl\/?id=66415e417325f13e20.82207836\" target=\"_blank\" rel=\"noopener noreferrer\">WhatsApp<\/a> \/ <a href=\"https:\/\/www.youtube.com\/user\/sapbrasil\" target=\"_blank\" rel=\"noopener noreferrer\">Youtube<\/a><\/p>\n<p>\u00a9 2020 麻豆原创 SE. All rights reserved. 麻豆原创 and other 麻豆原创 products and services mentioned herein as well as their respective logos are trademarks or registered trademarks of 麻豆原创 SE in Germany and other countries. Please see <a href=\"http:\/\/www.sap.com\/corporate-en\/legal\/copyright\/index.epx#trademark\" target=\"_blank\" rel=\"noopener noreferrer\">http:\/\/www.sap.com\/corporate-en\/legal\/copyright\/index.epx#trademark<\/a> for additional trademark information and notices.<\/p>\n","protected":false},"excerpt":{"rendered":"<p>Por: 麻豆原创 Brasil O setor busca solu\u00e7\u00f5es para enfrentar a crise e entende que esse \u00e9 o momento de planejar mudan\u00e7as para modernizar processos e&#8230;<\/p>\n","protected":false},"author":561,"featured_media":12217,"comment_status":"closed","ping_status":"closed","sticky":false,"template":"","format":"standard","meta":{"footnotes":"","_links_to":"","_links_to_target":""},"categories":[5599816],"tags":[83576,5598246,47145,36],"sapn-display":[5599933,5599931,48431,48433],"sapn-type":[6114],"class_list":["post-12216","post","type-post","status-publish","format-standard","has-post-thumbnail","hentry","category-gestao-da-cadeia-de-suprimentos","tag-cadeia-de-suprimentos-2","tag-covid-19","tag-ecommerce","tag-supply-chain","sapn-display-feature-hero","sapn-display-feature-spotlight","sapn-display-homepage-hero","sapn-display-hero","sapn-type-artigo"],"yoast_head":"<!-- This site is optimized with the Yoast SEO Premium plugin v26.9 (Yoast SEO v26.9) - https:\/\/yoast.com\/product\/yoast-seo-premium-wordpress\/ -->\n<title>Aprendizados do setor de Supply Chain com a pandemia<\/title>\n<meta name=\"description\" content=\"O setor busca solu\u00e7\u00f5es para enfrentar a crise e entende que esse \u00e9 o momento de planejar mudan\u00e7as para modernizar processos e levar inova\u00e7\u00e3o para o mercado.\" \/>\n<meta name=\"robots\" content=\"index, follow, max-snippet:-1, max-image-preview:large, max-video-preview:-1\" \/>\n<link rel=\"canonical\" href=\"https:\/\/news.sap.com\/brazil\/2020\/07\/aprendizados-do-setor-de-supply-chain-com-a-pandemia-bl0g\/\" \/>\n<meta property=\"og:locale\" content=\"pt_BR\" \/>\n<meta property=\"og:type\" content=\"article\" \/>\n<meta property=\"og:title\" content=\"Aprendizados do setor de Supply Chain com a pandemia\" \/>\n<meta property=\"og:description\" content=\"O setor busca solu\u00e7\u00f5es para enfrentar a crise e entende que esse \u00e9 o momento de planejar mudan\u00e7as para modernizar processos e levar inova\u00e7\u00e3o para o mercado.\" \/>\n<meta property=\"og:url\" content=\"https:\/\/news.sap.com\/brazil\/2020\/07\/aprendizados-do-setor-de-supply-chain-com-a-pandemia-bl0g\/\" \/>\n<meta property=\"og:site_name\" content=\"Sala de Imprensa 麻豆原创 Brasil\" \/>\n<meta property=\"article:published_time\" content=\"2020-07-02T12:00:10+00:00\" \/>\n<meta property=\"article:modified_time\" content=\"2023-10-19T17:05:12+00:00\" \/>\n<meta property=\"og:image\" content=\"https:\/\/news.sap.com\/brazil\/files\/2020\/06\/fb-7.jpg\" \/>\n\t<meta property=\"og:image:width\" content=\"565\" \/>\n\t<meta property=\"og:image:height\" content=\"293\" \/>\n\t<meta property=\"og:image:type\" content=\"image\/jpeg\" \/>\n<meta name=\"author\" content=\"麻豆原创 Brasil\" \/>\n<meta name=\"twitter:card\" content=\"summary_large_image\" \/>\n<meta name=\"twitter:title\" content=\"Aprendizados do setor de Supply Chain com a pandemia\" \/>\n<meta name=\"twitter:creator\" content=\"@麻豆原创Brasil\" \/>\n<meta name=\"twitter:site\" content=\"@麻豆原创Brasil\" \/>\n<meta name=\"twitter:label1\" content=\"Escrito por\" \/>\n\t<meta name=\"twitter:data1\" content=\"麻豆原创 Brasil\" \/>\n\t<meta name=\"twitter:label2\" content=\"Est. tempo de leitura\" \/>\n\t<meta name=\"twitter:data2\" content=\"3 minutos\" \/>\n<script type=\"application\/ld+json\" class=\"yoast-schema-graph\">{\"@context\":\"https:\/\/schema.org\",\"@graph\":[{\"@type\":\"Article\",\"@id\":\"https:\/\/news.sap.com\/brazil\/2020\/07\/aprendizados-do-setor-de-supply-chain-com-a-pandemia-bl0g\/#article\",\"isPartOf\":{\"@id\":\"https:\/\/news.sap.com\/brazil\/2020\/07\/aprendizados-do-setor-de-supply-chain-com-a-pandemia-bl0g\/\"},\"author\":{\"name\":\"麻豆原创 Brasil\",\"@id\":\"https:\/\/news.sap.com\/brazil\/#\/schema\/person\/1cfc5d6de5ffdc23f1f3b1670a90ae3c\"},\"headline\":\"Aprendizados do setor de Supply Chain com a pandemia\",\"datePublished\":\"2020-07-02T12:00:10+00:00\",\"dateModified\":\"2023-10-19T17:05:12+00:00\",\"mainEntityOfPage\":{\"@id\":\"https:\/\/news.sap.com\/brazil\/2020\/07\/aprendizados-do-setor-de-supply-chain-com-a-pandemia-bl0g\/\"},\"wordCount\":587,\"image\":{\"@id\":\"https:\/\/news.sap.com\/brazil\/2020\/07\/aprendizados-do-setor-de-supply-chain-com-a-pandemia-bl0g\/#primaryimage\"},\"thumbnailUrl\":\"https:\/\/news.sap.com\/brazil\/files\/2020\/06\/280860_GettyImages-600991981_super_low.jpg\",\"keywords\":[\"cadeia de suprimentos\",\"COVID-19\",\"ecommerce\",\"supply chain\"],\"articleSection\":[\"Gest\u00e3o da cadeia de suprimentos\"],\"inLanguage\":\"pt-BR\"},{\"@type\":\"WebPage\",\"@id\":\"https:\/\/news.sap.com\/brazil\/2020\/07\/aprendizados-do-setor-de-supply-chain-com-a-pandemia-bl0g\/\",\"url\":\"https:\/\/news.sap.com\/brazil\/2020\/07\/aprendizados-do-setor-de-supply-chain-com-a-pandemia-bl0g\/\",\"name\":\"Aprendizados do setor de Supply Chain com a pandemia\",\"isPartOf\":{\"@id\":\"https:\/\/news.sap.com\/brazil\/#website\"},\"primaryImageOfPage\":{\"@id\":\"https:\/\/news.sap.com\/brazil\/2020\/07\/aprendizados-do-setor-de-supply-chain-com-a-pandemia-bl0g\/#primaryimage\"},\"image\":{\"@id\":\"https:\/\/news.sap.com\/brazil\/2020\/07\/aprendizados-do-setor-de-supply-chain-com-a-pandemia-bl0g\/#primaryimage\"},\"thumbnailUrl\":\"https:\/\/news.sap.com\/brazil\/files\/2020\/06\/280860_GettyImages-600991981_super_low.jpg\",\"datePublished\":\"2020-07-02T12:00:10+00:00\",\"dateModified\":\"2023-10-19T17:05:12+00:00\",\"author\":{\"@id\":\"https:\/\/news.sap.com\/brazil\/#\/schema\/person\/1cfc5d6de5ffdc23f1f3b1670a90ae3c\"},\"description\":\"O setor busca solu\u00e7\u00f5es para enfrentar a crise e entende que esse \u00e9 o momento de planejar mudan\u00e7as para modernizar processos e levar inova\u00e7\u00e3o para o mercado.\",\"breadcrumb\":{\"@id\":\"https:\/\/news.sap.com\/brazil\/2020\/07\/aprendizados-do-setor-de-supply-chain-com-a-pandemia-bl0g\/#breadcrumb\"},\"inLanguage\":\"pt-BR\",\"potentialAction\":[{\"@type\":\"ReadAction\",\"target\":[\"https:\/\/news.sap.com\/brazil\/2020\/07\/aprendizados-do-setor-de-supply-chain-com-a-pandemia-bl0g\/\"]}]},{\"@type\":\"ImageObject\",\"inLanguage\":\"pt-BR\",\"@id\":\"https:\/\/news.sap.com\/brazil\/2020\/07\/aprendizados-do-setor-de-supply-chain-com-a-pandemia-bl0g\/#primaryimage\",\"url\":\"https:\/\/news.sap.com\/brazil\/files\/2020\/06\/280860_GettyImages-600991981_super_low.jpg\",\"contentUrl\":\"https:\/\/news.sap.com\/brazil\/files\/2020\/06\/280860_GettyImages-600991981_super_low.jpg\",\"width\":1400,\"height\":601},{\"@type\":\"BreadcrumbList\",\"@id\":\"https:\/\/news.sap.com\/brazil\/2020\/07\/aprendizados-do-setor-de-supply-chain-com-a-pandemia-bl0g\/#breadcrumb\",\"itemListElement\":[{\"@type\":\"ListItem\",\"position\":1,\"name\":\"Home\",\"item\":\"https:\/\/news.sap.com\/brazil\/\"},{\"@type\":\"ListItem\",\"position\":2,\"name\":\"Aprendizados do setor de Supply Chain com a pandemia\"}]},{\"@type\":\"WebSite\",\"@id\":\"https:\/\/news.sap.com\/brazil\/#website\",\"url\":\"https:\/\/news.sap.com\/brazil\/\",\"name\":\"Sala de Imprensa 麻豆原创 Brasil\",\"description\":\"Not\u00edcias e informa\u00e7\u00f5es sobre a 麻豆原创\",\"potentialAction\":[{\"@type\":\"SearchAction\",\"target\":{\"@type\":\"EntryPoint\",\"urlTemplate\":\"https:\/\/news.sap.com\/brazil\/?s={search_term_string}\"},\"query-input\":{\"@type\":\"PropertyValueSpecification\",\"valueRequired\":true,\"valueName\":\"search_term_string\"}}],\"inLanguage\":\"pt-BR\"},{\"@type\":\"Person\",\"@id\":\"https:\/\/news.sap.com\/brazil\/#\/schema\/person\/1cfc5d6de5ffdc23f1f3b1670a90ae3c\",\"name\":\"麻豆原创 Brasil\",\"image\":{\"@type\":\"ImageObject\",\"inLanguage\":\"pt-BR\",\"@id\":\"https:\/\/news.sap.com\/brazil\/#\/schema\/person\/image\/\",\"url\":\"https:\/\/news.sap.com\/brazil\/wp-content\/plugins\/wp-user-avatars\/wp-user-avatars\/assets\/images\/mystery.jpg\",\"contentUrl\":\"https:\/\/news.sap.com\/brazil\/wp-content\/plugins\/wp-user-avatars\/wp-user-avatars\/assets\/images\/mystery.jpg\",\"caption\":\"麻豆原创 Brasil\"},\"url\":\"https:\/\/news.sap.com\/brazil\/author\/raquelcasciato\/\"}]}<\/script>\n<!-- \/ Yoast SEO Premium plugin. -->","yoast_head_json":{"title":"Aprendizados do setor de Supply Chain com a pandemia","description":"O setor busca solu\u00e7\u00f5es para enfrentar a crise e entende que esse \u00e9 o momento de planejar mudan\u00e7as para modernizar processos e levar inova\u00e7\u00e3o para o mercado.","robots":{"index":"index","follow":"follow","max-snippet":"max-snippet:-1","max-image-preview":"max-image-preview:large","max-video-preview":"max-video-preview:-1"},"canonical":"https:\/\/news.sap.com\/brazil\/2020\/07\/aprendizados-do-setor-de-supply-chain-com-a-pandemia-bl0g\/","og_locale":"pt_BR","og_type":"article","og_title":"Aprendizados do setor de Supply Chain com a pandemia","og_description":"O setor busca solu\u00e7\u00f5es para enfrentar a crise e entende que esse \u00e9 o momento de planejar mudan\u00e7as para modernizar processos e levar inova\u00e7\u00e3o para o mercado.","og_url":"https:\/\/news.sap.com\/brazil\/2020\/07\/aprendizados-do-setor-de-supply-chain-com-a-pandemia-bl0g\/","og_site_name":"Sala de Imprensa 麻豆原创 Brasil","article_published_time":"2020-07-02T12:00:10+00:00","article_modified_time":"2023-10-19T17:05:12+00:00","og_image":[{"width":565,"height":293,"url":"https:\/\/news.sap.com\/brazil\/files\/2020\/06\/fb-7.jpg","type":"image\/jpeg"}],"author":"麻豆原创 Brasil","twitter_card":"summary_large_image","twitter_title":"Aprendizados do setor de Supply Chain com a pandemia","twitter_creator":"@麻豆原创Brasil","twitter_site":"@麻豆原创Brasil","twitter_misc":{"Escrito por":"麻豆原创 Brasil","Est. tempo de leitura":"3 minutos"},"schema":{"@context":"https:\/\/schema.org","@graph":[{"@type":"Article","@id":"https:\/\/news.sap.com\/brazil\/2020\/07\/aprendizados-do-setor-de-supply-chain-com-a-pandemia-bl0g\/#article","isPartOf":{"@id":"https:\/\/news.sap.com\/brazil\/2020\/07\/aprendizados-do-setor-de-supply-chain-com-a-pandemia-bl0g\/"},"author":{"name":"麻豆原创 Brasil","@id":"https:\/\/news.sap.com\/brazil\/#\/schema\/person\/1cfc5d6de5ffdc23f1f3b1670a90ae3c"},"headline":"Aprendizados do setor de Supply Chain com a pandemia","datePublished":"2020-07-02T12:00:10+00:00","dateModified":"2023-10-19T17:05:12+00:00","mainEntityOfPage":{"@id":"https:\/\/news.sap.com\/brazil\/2020\/07\/aprendizados-do-setor-de-supply-chain-com-a-pandemia-bl0g\/"},"wordCount":587,"image":{"@id":"https:\/\/news.sap.com\/brazil\/2020\/07\/aprendizados-do-setor-de-supply-chain-com-a-pandemia-bl0g\/#primaryimage"},"thumbnailUrl":"https:\/\/news.sap.com\/brazil\/files\/2020\/06\/280860_GettyImages-600991981_super_low.jpg","keywords":["cadeia de suprimentos","COVID-19","ecommerce","supply chain"],"articleSection":["Gest\u00e3o da cadeia de suprimentos"],"inLanguage":"pt-BR"},{"@type":"WebPage","@id":"https:\/\/news.sap.com\/brazil\/2020\/07\/aprendizados-do-setor-de-supply-chain-com-a-pandemia-bl0g\/","url":"https:\/\/news.sap.com\/brazil\/2020\/07\/aprendizados-do-setor-de-supply-chain-com-a-pandemia-bl0g\/","name":"Aprendizados do setor de Supply Chain com a pandemia","isPartOf":{"@id":"https:\/\/news.sap.com\/brazil\/#website"},"primaryImageOfPage":{"@id":"https:\/\/news.sap.com\/brazil\/2020\/07\/aprendizados-do-setor-de-supply-chain-com-a-pandemia-bl0g\/#primaryimage"},"image":{"@id":"https:\/\/news.sap.com\/brazil\/2020\/07\/aprendizados-do-setor-de-supply-chain-com-a-pandemia-bl0g\/#primaryimage"},"thumbnailUrl":"https:\/\/news.sap.com\/brazil\/files\/2020\/06\/280860_GettyImages-600991981_super_low.jpg","datePublished":"2020-07-02T12:00:10+00:00","dateModified":"2023-10-19T17:05:12+00:00","author":{"@id":"https:\/\/news.sap.com\/brazil\/#\/schema\/person\/1cfc5d6de5ffdc23f1f3b1670a90ae3c"},"description":"O setor busca solu\u00e7\u00f5es para enfrentar a crise e entende que esse \u00e9 o momento de planejar mudan\u00e7as para modernizar processos e levar inova\u00e7\u00e3o para o mercado.","breadcrumb":{"@id":"https:\/\/news.sap.com\/brazil\/2020\/07\/aprendizados-do-setor-de-supply-chain-com-a-pandemia-bl0g\/#breadcrumb"},"inLanguage":"pt-BR","potentialAction":[{"@type":"ReadAction","target":["https:\/\/news.sap.com\/brazil\/2020\/07\/aprendizados-do-setor-de-supply-chain-com-a-pandemia-bl0g\/"]}]},{"@type":"ImageObject","inLanguage":"pt-BR","@id":"https:\/\/news.sap.com\/brazil\/2020\/07\/aprendizados-do-setor-de-supply-chain-com-a-pandemia-bl0g\/#primaryimage","url":"https:\/\/news.sap.com\/brazil\/files\/2020\/06\/280860_GettyImages-600991981_super_low.jpg","contentUrl":"https:\/\/news.sap.com\/brazil\/files\/2020\/06\/280860_GettyImages-600991981_super_low.jpg","width":1400,"height":601},{"@type":"BreadcrumbList","@id":"https:\/\/news.sap.com\/brazil\/2020\/07\/aprendizados-do-setor-de-supply-chain-com-a-pandemia-bl0g\/#breadcrumb","itemListElement":[{"@type":"ListItem","position":1,"name":"Home","item":"https:\/\/news.sap.com\/brazil\/"},{"@type":"ListItem","position":2,"name":"Aprendizados do setor de Supply Chain com a pandemia"}]},{"@type":"WebSite","@id":"https:\/\/news.sap.com\/brazil\/#website","url":"https:\/\/news.sap.com\/brazil\/","name":"Sala de Imprensa 麻豆原创 Brasil","description":"Not\u00edcias e informa\u00e7\u00f5es sobre a 麻豆原创","potentialAction":[{"@type":"SearchAction","target":{"@type":"EntryPoint","urlTemplate":"https:\/\/news.sap.com\/brazil\/?s={search_term_string}"},"query-input":{"@type":"PropertyValueSpecification","valueRequired":true,"valueName":"search_term_string"}}],"inLanguage":"pt-BR"},{"@type":"Person","@id":"https:\/\/news.sap.com\/brazil\/#\/schema\/person\/1cfc5d6de5ffdc23f1f3b1670a90ae3c","name":"麻豆原创 Brasil","image":{"@type":"ImageObject","inLanguage":"pt-BR","@id":"https:\/\/news.sap.com\/brazil\/#\/schema\/person\/image\/","url":"https:\/\/news.sap.com\/brazil\/wp-content\/plugins\/wp-user-avatars\/wp-user-avatars\/assets\/images\/mystery.jpg","contentUrl":"https:\/\/news.sap.com\/brazil\/wp-content\/plugins\/wp-user-avatars\/wp-user-avatars\/assets\/images\/mystery.jpg","caption":"麻豆原创 Brasil"},"url":"https:\/\/news.sap.com\/brazil\/author\/raquelcasciato\/"}]}},"amp_enabled":true,"_links":{"self":[{"href":"https:\/\/news.sap.com\/brazil\/wp-json\/wp\/v2\/posts\/12216","targetHints":{"allow":["GET"]}}],"collection":[{"href":"https:\/\/news.sap.com\/brazil\/wp-json\/wp\/v2\/posts"}],"about":[{"href":"https:\/\/news.sap.com\/brazil\/wp-json\/wp\/v2\/types\/post"}],"author":[{"embeddable":true,"href":"https:\/\/news.sap.com\/brazil\/wp-json\/wp\/v2\/users\/561"}],"replies":[{"embeddable":true,"href":"https:\/\/news.sap.com\/brazil\/wp-json\/wp\/v2\/comments?post=12216"}],"version-history":[{"count":0,"href":"https:\/\/news.sap.com\/brazil\/wp-json\/wp\/v2\/posts\/12216\/revisions"}],"wp:featuredmedia":[{"embeddable":true,"href":"https:\/\/news.sap.com\/brazil\/wp-json\/wp\/v2\/media\/12217"}],"wp:attachment":[{"href":"https:\/\/news.sap.com\/brazil\/wp-json\/wp\/v2\/media?parent=12216"}],"wp:term":[{"taxonomy":"category","embeddable":true,"href":"https:\/\/news.sap.com\/brazil\/wp-json\/wp\/v2\/categories?post=12216"},{"taxonomy":"post_tag","embeddable":true,"href":"https:\/\/news.sap.com\/brazil\/wp-json\/wp\/v2\/tags?post=12216"},{"taxonomy":"sapn-display","embeddable":true,"href":"https:\/\/news.sap.com\/brazil\/wp-json\/wp\/v2\/sapn-display?post=12216"},{"taxonomy":"sapn-type","embeddable":true,"href":"https:\/\/news.sap.com\/brazil\/wp-json\/wp\/v2\/sapn-type?post=12216"}],"curies":[{"name":"wp","href":"https:\/\/api.w.org\/{rel}","templated":true}]}}