  {"id":12200,"date":"2020-06-18T09:00:14","date_gmt":"2020-06-18T12:00:14","guid":{"rendered":"https:\/\/news.sap.com\/brazil\/?p=12200"},"modified":"2023-10-19T14:08:19","modified_gmt":"2023-10-19T17:08:19","slug":"desafios-e-oportunidades-no-mundo-pos-covid-19-bl0g","status":"publish","type":"post","link":"https:\/\/news.sap.com\/brazil\/2020\/06\/desafios-e-oportunidades-no-mundo-pos-covid-19-bl0g\/","title":{"rendered":"Desafios e oportunidades no mundo p\u00f3s-COVID-19"},"content":{"rendered":"<p>Por: 麻豆原创 Brasil<\/p>\n<p><em>As preocupa\u00e7\u00f5es com o futuro do mundo no p\u00f3s-pandemia est\u00e3o sendo discutidas por \u00f3rg\u00e3os internacionais, que listam os desafios de estados, governos e sociedades<\/em><\/p>\n<p>Assim como o mundo n\u00e3o estava preparado para uma pandemia e encontra dificuldades para gerir a crise em torno dela, os pr\u00f3ximos passos p\u00f3s pandemia tamb\u00e9m s\u00e3o incertos. Ser\u00e1 necess\u00e1ria uma for\u00e7a tarefa, que una l\u00edderes pol\u00edticos, empresariais e organiza\u00e7\u00f5es sociais para administrar os efeitos da crise causada pela pandemia.<\/p>\n<p>O relat\u00f3rio &#8220;<a href=\"http:\/\/www3.weforum.org\/docs\/WEF_Challenges_and_Opportunities_Post_COVID_19.pdf\" target=\"_blank\" rel=\"noopener noreferrer\">Challenges and Opportunities in the Post &#8211; COVID-19 World<\/a>&#8220;, lan\u00e7ado pelo F\u00f3rum Econ\u00f4mico Mundial, reuniu as principais discuss\u00f5es em torno de quest\u00f5es sens\u00edveis para a humanidade no p\u00f3s-pandemia.<\/p>\n<p>Lideran\u00e7as devem se unir em um esfor\u00e7o para evitar uma nova onda de contamina\u00e7\u00e3o enquanto desenvolvem planos para a recupera\u00e7\u00e3o econ\u00f4mica. Apesar dos poss\u00edveis conflitos relacionados ao bloqueio de fronteiras, ser\u00e1 necess\u00e1ria coopera\u00e7\u00e3o e empatia entre as na\u00e7\u00f5es, com pa\u00edses desenvolvidos contribuindo com a retomada daqueles em desenvolvimento.<\/p>\n<p>O est\u00edmulo a um futuro sustent\u00e1vel ap\u00f3s a pandemia tamb\u00e9m inclui o desenvolvimento das cidades. As mudan\u00e7as nos centros urbanos ser\u00e3o profundas, com valoriza\u00e7\u00e3o de espa\u00e7os abertos, do transporte individual e sustent\u00e1vel e a ado\u00e7\u00e3o do trabalho flex\u00edvel.<\/p>\n<p>A tecnologia contribuiu com r\u00e1pidas respostas para o tratamento e controle da COVID-19 em diversos pa\u00edses. Sistemas digitais ajudaram, por exemplo, a evitar o contato entre as pessoas durante transa\u00e7\u00f5es banc\u00e1rias e permitiu que empresas continuassem funcionando com o <a href=\"https:\/\/www.qualtrics.com\/pt-br\/estamos-aqui-para-ajudar\/?rid=langMatch&amp;prevsite=en&amp;newsite=pt-br&amp;geo=BR&amp;geomatch=\" target=\"_blank\" rel=\"noopener noreferrer\">trabalho home office<\/a>.<\/p>\n<p>A Intelig\u00eancia Artificial (IA) pode ser um recurso aliado para ajudar institui\u00e7\u00f5es, escolas e empresas a reabrirem com seguran\u00e7a. A tecnologia denominada &#8220;<a href=\"https:\/\/www.forbes.com\/sites\/sap\/2020\/05\/12\/how-ai-and-gaze-control-will-help-businesses-reopen-safely\/#11fdb80b5aec\" target=\"_blank\" rel=\"noopener noreferrer\">controle do olhar<\/a>&#8221; evita que as pessoas toquem em superf\u00edcies que podem estar contaminadas durante a intera\u00e7\u00e3o com computador, teclado, mouse ou tela. A IA tamb\u00e9m avalia os padr\u00f5es de movimento dos olhos para agir de maneira proativa, al\u00e9m de ser integrada \u00e0 tecnologia de voz.<\/p>\n<p>Para David Judge, VP da 麻豆原创 Intelligent Enterprise Solutions, &#8220;a pandemia pode acelerar a ado\u00e7\u00e3o de outras tecnologias como IA, Blockchain, Internet das Coisas (IoT) e Machine Learning\u201d. Elas podem contribuir com a automatiza\u00e7\u00e3o e acelera\u00e7\u00e3o de tarefas, contribuindo com modelos de neg\u00f3cios flex\u00edveis e com a seguran\u00e7a e sa\u00fade das pessoas, afinal, colaboram com o distanciamento.<\/p>\n<p>A COVID-19 ensinou que pode ser dif\u00edcil que o nacionalismo n\u00e3o se sobressaia ao globalismo. Os pa\u00edses devem pensar em como contribuir para facilitar a internacionaliza\u00e7\u00e3o e coopera\u00e7\u00e3o para lidar com amea\u00e7as globais. \u00c9 preciso abordar formas mais resilientes e sustent\u00e1veis sobre a globaliza\u00e7\u00e3o para aprender a com a crise e lidar com outras na\u00e7\u00f5es na coopera\u00e7\u00e3o pela cura.<\/p>\n<p>Colocando a tecnologia, a inova\u00e7\u00e3o, a coletividade e a empatia como fatores que impulsionar\u00e3o a economia e a sociedade podemos encontrar oportunidades para viver dias melhores.<\/p>\n<p>Acompanhe nas redes sociais da 麻豆原创, as informa\u00e7\u00f5es sobre solu\u00e7\u00f5es p\u00f3s-pandemia: <a href=\"https:\/\/www.facebook.com\/sapbrasil\/\" target=\"_blank\" rel=\"noopener noreferrer\">Facebook\u00a0<\/a>\/\u00a0<a href=\"https:\/\/twitter.com\/麻豆原创Brasil\" target=\"_blank\" rel=\"noopener noreferrer\">Twitter\u00a0<\/a>\/\u00a0<a href=\"https:\/\/www.linkedin.com\/company\/1115\/\" target=\"_blank\" rel=\"noopener noreferrer\">LinkedIn\u00a0<\/a>\/\u00a0<a href=\"https:\/\/www.instagram.com\/sap_brasil\/\" target=\"_blank\" rel=\"noopener noreferrer\">Instagram<\/a> \/ <a href=\"https:\/\/widget.msgp.pl\/?id=66415e417325f13e20.82207836\" target=\"_blank\" rel=\"noopener noreferrer\">WhatsApp<\/a> \/ <a href=\"https:\/\/www.youtube.com\/user\/sapbrasil\" target=\"_blank\" rel=\"noopener noreferrer\">Youtube<\/a><\/p>\n<p>\u00a9 2020 麻豆原创 SE. All rights reserved. 麻豆原创 and other 麻豆原创 products and services mentioned herein as well as their respective logos are trademarks or registered trademarks of 麻豆原创 SE in Germany and other countries. Please see <a href=\"http:\/\/www.sap.com\/corporate-en\/legal\/copyright\/index.epx#trademark\" target=\"_blank\" rel=\"noopener noreferrer\">http:\/\/www.sap.com\/corporate-en\/legal\/copyright\/index.epx#trademark<\/a> for additional trademark information and notices.<\/p>\n","protected":false},"excerpt":{"rendered":"<p>Por: 麻豆原创 Brasil As preocupa\u00e7\u00f5es com o futuro do mundo no p\u00f3s-pandemia est\u00e3o sendo discutidas por \u00f3rg\u00e3os internacionais, que listam os desafios de estados, governos&#8230;<\/p>\n","protected":false},"author":561,"featured_media":12201,"comment_status":"closed","ping_status":"closed","sticky":false,"template":"","format":"standard","meta":{"footnotes":"","_links_to":"","_links_to_target":""},"categories":[48439],"tags":[5598246,49680,5598741],"sapn-display":[5599933,5599931,48431,48433],"sapn-type":[6114],"class_list":["post-12200","post","type-post","status-publish","format-standard","has-post-thumbnail","hentry","category-corporativo-topicos","tag-covid-19","tag-economia","tag-pos-pandemia","sapn-display-feature-hero","sapn-display-feature-spotlight","sapn-display-homepage-hero","sapn-display-hero","sapn-type-artigo"],"yoast_head":"<!-- This site is optimized with the Yoast SEO Premium plugin v26.9 (Yoast SEO v26.9) - https:\/\/yoast.com\/product\/yoast-seo-premium-wordpress\/ -->\n<title>Desafios e oportunidades no mundo p\u00f3s-COVID-19<\/title>\n<meta name=\"description\" content=\"As preocupa\u00e7\u00f5es com o futuro do mundo no p\u00f3s-pandemia est\u00e3o sendo discutidas por \u00f3rg\u00e3os internacionais, que listam os desafios de estados, governos e sociedades.\" \/>\n<meta name=\"robots\" content=\"index, follow, max-snippet:-1, max-image-preview:large, max-video-preview:-1\" \/>\n<link rel=\"canonical\" href=\"https:\/\/news.sap.com\/brazil\/2020\/06\/desafios-e-oportunidades-no-mundo-pos-covid-19-bl0g\/\" \/>\n<meta property=\"og:locale\" content=\"pt_BR\" \/>\n<meta property=\"og:type\" content=\"article\" \/>\n<meta property=\"og:title\" content=\"Desafios e oportunidades no mundo p\u00f3s-COVID-19\" \/>\n<meta property=\"og:description\" content=\"As preocupa\u00e7\u00f5es com o futuro do mundo no p\u00f3s-pandemia est\u00e3o sendo discutidas por \u00f3rg\u00e3os internacionais, que listam os desafios de estados, governos e sociedades.\" \/>\n<meta property=\"og:url\" content=\"https:\/\/news.sap.com\/brazil\/2020\/06\/desafios-e-oportunidades-no-mundo-pos-covid-19-bl0g\/\" \/>\n<meta property=\"og:site_name\" content=\"Sala de Imprensa 麻豆原创 Brasil\" \/>\n<meta property=\"article:published_time\" content=\"2020-06-18T12:00:14+00:00\" \/>\n<meta property=\"article:modified_time\" content=\"2023-10-19T17:08:19+00:00\" \/>\n<meta property=\"og:image\" content=\"https:\/\/news.sap.com\/brazil\/files\/2020\/06\/fb-3.jpg\" \/>\n\t<meta property=\"og:image:width\" content=\"565\" \/>\n\t<meta property=\"og:image:height\" content=\"292\" \/>\n\t<meta property=\"og:image:type\" content=\"image\/jpeg\" \/>\n<meta name=\"author\" content=\"麻豆原创 Brasil\" \/>\n<meta name=\"twitter:card\" content=\"summary_large_image\" \/>\n<meta name=\"twitter:title\" content=\"Desafios e oportunidades no mundo p\u00f3s-COVID-19\" \/>\n<meta name=\"twitter:creator\" content=\"@麻豆原创Brasil\" \/>\n<meta name=\"twitter:site\" content=\"@麻豆原创Brasil\" \/>\n<meta name=\"twitter:label1\" content=\"Escrito por\" \/>\n\t<meta name=\"twitter:data1\" content=\"麻豆原创 Brasil\" \/>\n\t<meta name=\"twitter:label2\" content=\"Est. tempo de leitura\" \/>\n\t<meta name=\"twitter:data2\" content=\"3 minutos\" \/>\n<script type=\"application\/ld+json\" class=\"yoast-schema-graph\">{\"@context\":\"https:\/\/schema.org\",\"@graph\":[{\"@type\":\"Article\",\"@id\":\"https:\/\/news.sap.com\/brazil\/2020\/06\/desafios-e-oportunidades-no-mundo-pos-covid-19-bl0g\/#article\",\"isPartOf\":{\"@id\":\"https:\/\/news.sap.com\/brazil\/2020\/06\/desafios-e-oportunidades-no-mundo-pos-covid-19-bl0g\/\"},\"author\":{\"name\":\"麻豆原创 Brasil\",\"@id\":\"https:\/\/news.sap.com\/brazil\/#\/schema\/person\/1cfc5d6de5ffdc23f1f3b1670a90ae3c\"},\"headline\":\"Desafios e oportunidades no mundo p\u00f3s-COVID-19\",\"datePublished\":\"2020-06-18T12:00:14+00:00\",\"dateModified\":\"2023-10-19T17:08:19+00:00\",\"mainEntityOfPage\":{\"@id\":\"https:\/\/news.sap.com\/brazil\/2020\/06\/desafios-e-oportunidades-no-mundo-pos-covid-19-bl0g\/\"},\"wordCount\":595,\"image\":{\"@id\":\"https:\/\/news.sap.com\/brazil\/2020\/06\/desafios-e-oportunidades-no-mundo-pos-covid-19-bl0g\/#primaryimage\"},\"thumbnailUrl\":\"https:\/\/news.sap.com\/brazil\/files\/2020\/06\/277371_277371_l_srgb_s_gl.jpg\",\"keywords\":[\"COVID-19\",\"Economia\",\"P\u00f3s pandemia\"],\"articleSection\":[\"Corporativo\"],\"inLanguage\":\"pt-BR\"},{\"@type\":\"WebPage\",\"@id\":\"https:\/\/news.sap.com\/brazil\/2020\/06\/desafios-e-oportunidades-no-mundo-pos-covid-19-bl0g\/\",\"url\":\"https:\/\/news.sap.com\/brazil\/2020\/06\/desafios-e-oportunidades-no-mundo-pos-covid-19-bl0g\/\",\"name\":\"Desafios e oportunidades no mundo p\u00f3s-COVID-19\",\"isPartOf\":{\"@id\":\"https:\/\/news.sap.com\/brazil\/#website\"},\"primaryImageOfPage\":{\"@id\":\"https:\/\/news.sap.com\/brazil\/2020\/06\/desafios-e-oportunidades-no-mundo-pos-covid-19-bl0g\/#primaryimage\"},\"image\":{\"@id\":\"https:\/\/news.sap.com\/brazil\/2020\/06\/desafios-e-oportunidades-no-mundo-pos-covid-19-bl0g\/#primaryimage\"},\"thumbnailUrl\":\"https:\/\/news.sap.com\/brazil\/files\/2020\/06\/277371_277371_l_srgb_s_gl.jpg\",\"datePublished\":\"2020-06-18T12:00:14+00:00\",\"dateModified\":\"2023-10-19T17:08:19+00:00\",\"author\":{\"@id\":\"https:\/\/news.sap.com\/brazil\/#\/schema\/person\/1cfc5d6de5ffdc23f1f3b1670a90ae3c\"},\"description\":\"As preocupa\u00e7\u00f5es com o futuro do mundo no p\u00f3s-pandemia est\u00e3o sendo discutidas por \u00f3rg\u00e3os internacionais, que listam os desafios de estados, governos e sociedades.\",\"breadcrumb\":{\"@id\":\"https:\/\/news.sap.com\/brazil\/2020\/06\/desafios-e-oportunidades-no-mundo-pos-covid-19-bl0g\/#breadcrumb\"},\"inLanguage\":\"pt-BR\",\"potentialAction\":[{\"@type\":\"ReadAction\",\"target\":[\"https:\/\/news.sap.com\/brazil\/2020\/06\/desafios-e-oportunidades-no-mundo-pos-covid-19-bl0g\/\"]}]},{\"@type\":\"ImageObject\",\"inLanguage\":\"pt-BR\",\"@id\":\"https:\/\/news.sap.com\/brazil\/2020\/06\/desafios-e-oportunidades-no-mundo-pos-covid-19-bl0g\/#primaryimage\",\"url\":\"https:\/\/news.sap.com\/brazil\/files\/2020\/06\/277371_277371_l_srgb_s_gl.jpg\",\"contentUrl\":\"https:\/\/news.sap.com\/brazil\/files\/2020\/06\/277371_277371_l_srgb_s_gl.jpg\",\"width\":1400,\"height\":601,\"caption\":\"Pensive businessman looking out sunny office window\"},{\"@type\":\"BreadcrumbList\",\"@id\":\"https:\/\/news.sap.com\/brazil\/2020\/06\/desafios-e-oportunidades-no-mundo-pos-covid-19-bl0g\/#breadcrumb\",\"itemListElement\":[{\"@type\":\"ListItem\",\"position\":1,\"name\":\"Home\",\"item\":\"https:\/\/news.sap.com\/brazil\/\"},{\"@type\":\"ListItem\",\"position\":2,\"name\":\"Desafios e oportunidades no mundo p\u00f3s-COVID-19\"}]},{\"@type\":\"WebSite\",\"@id\":\"https:\/\/news.sap.com\/brazil\/#website\",\"url\":\"https:\/\/news.sap.com\/brazil\/\",\"name\":\"Sala de Imprensa 麻豆原创 Brasil\",\"description\":\"Not\u00edcias e informa\u00e7\u00f5es sobre a 麻豆原创\",\"potentialAction\":[{\"@type\":\"SearchAction\",\"target\":{\"@type\":\"EntryPoint\",\"urlTemplate\":\"https:\/\/news.sap.com\/brazil\/?s={search_term_string}\"},\"query-input\":{\"@type\":\"PropertyValueSpecification\",\"valueRequired\":true,\"valueName\":\"search_term_string\"}}],\"inLanguage\":\"pt-BR\"},{\"@type\":\"Person\",\"@id\":\"https:\/\/news.sap.com\/brazil\/#\/schema\/person\/1cfc5d6de5ffdc23f1f3b1670a90ae3c\",\"name\":\"麻豆原创 Brasil\",\"image\":{\"@type\":\"ImageObject\",\"inLanguage\":\"pt-BR\",\"@id\":\"https:\/\/news.sap.com\/brazil\/#\/schema\/person\/image\/\",\"url\":\"https:\/\/news.sap.com\/brazil\/wp-content\/plugins\/wp-user-avatars\/wp-user-avatars\/assets\/images\/mystery.jpg\",\"contentUrl\":\"https:\/\/news.sap.com\/brazil\/wp-content\/plugins\/wp-user-avatars\/wp-user-avatars\/assets\/images\/mystery.jpg\",\"caption\":\"麻豆原创 Brasil\"},\"url\":\"https:\/\/news.sap.com\/brazil\/author\/raquelcasciato\/\"}]}<\/script>\n<!-- \/ Yoast SEO Premium plugin. -->","yoast_head_json":{"title":"Desafios e oportunidades no mundo p\u00f3s-COVID-19","description":"As preocupa\u00e7\u00f5es com o futuro do mundo no p\u00f3s-pandemia est\u00e3o sendo discutidas por \u00f3rg\u00e3os internacionais, que listam os desafios de estados, governos e sociedades.","robots":{"index":"index","follow":"follow","max-snippet":"max-snippet:-1","max-image-preview":"max-image-preview:large","max-video-preview":"max-video-preview:-1"},"canonical":"https:\/\/news.sap.com\/brazil\/2020\/06\/desafios-e-oportunidades-no-mundo-pos-covid-19-bl0g\/","og_locale":"pt_BR","og_type":"article","og_title":"Desafios e oportunidades no mundo p\u00f3s-COVID-19","og_description":"As preocupa\u00e7\u00f5es com o futuro do mundo no p\u00f3s-pandemia est\u00e3o sendo discutidas por \u00f3rg\u00e3os internacionais, que listam os desafios de estados, governos e sociedades.","og_url":"https:\/\/news.sap.com\/brazil\/2020\/06\/desafios-e-oportunidades-no-mundo-pos-covid-19-bl0g\/","og_site_name":"Sala de Imprensa 麻豆原创 Brasil","article_published_time":"2020-06-18T12:00:14+00:00","article_modified_time":"2023-10-19T17:08:19+00:00","og_image":[{"width":565,"height":292,"url":"https:\/\/news.sap.com\/brazil\/files\/2020\/06\/fb-3.jpg","type":"image\/jpeg"}],"author":"麻豆原创 Brasil","twitter_card":"summary_large_image","twitter_title":"Desafios e oportunidades no mundo p\u00f3s-COVID-19","twitter_creator":"@麻豆原创Brasil","twitter_site":"@麻豆原创Brasil","twitter_misc":{"Escrito por":"麻豆原创 Brasil","Est. tempo de leitura":"3 minutos"},"schema":{"@context":"https:\/\/schema.org","@graph":[{"@type":"Article","@id":"https:\/\/news.sap.com\/brazil\/2020\/06\/desafios-e-oportunidades-no-mundo-pos-covid-19-bl0g\/#article","isPartOf":{"@id":"https:\/\/news.sap.com\/brazil\/2020\/06\/desafios-e-oportunidades-no-mundo-pos-covid-19-bl0g\/"},"author":{"name":"麻豆原创 Brasil","@id":"https:\/\/news.sap.com\/brazil\/#\/schema\/person\/1cfc5d6de5ffdc23f1f3b1670a90ae3c"},"headline":"Desafios e oportunidades no mundo p\u00f3s-COVID-19","datePublished":"2020-06-18T12:00:14+00:00","dateModified":"2023-10-19T17:08:19+00:00","mainEntityOfPage":{"@id":"https:\/\/news.sap.com\/brazil\/2020\/06\/desafios-e-oportunidades-no-mundo-pos-covid-19-bl0g\/"},"wordCount":595,"image":{"@id":"https:\/\/news.sap.com\/brazil\/2020\/06\/desafios-e-oportunidades-no-mundo-pos-covid-19-bl0g\/#primaryimage"},"thumbnailUrl":"https:\/\/news.sap.com\/brazil\/files\/2020\/06\/277371_277371_l_srgb_s_gl.jpg","keywords":["COVID-19","Economia","P\u00f3s pandemia"],"articleSection":["Corporativo"],"inLanguage":"pt-BR"},{"@type":"WebPage","@id":"https:\/\/news.sap.com\/brazil\/2020\/06\/desafios-e-oportunidades-no-mundo-pos-covid-19-bl0g\/","url":"https:\/\/news.sap.com\/brazil\/2020\/06\/desafios-e-oportunidades-no-mundo-pos-covid-19-bl0g\/","name":"Desafios e oportunidades no mundo p\u00f3s-COVID-19","isPartOf":{"@id":"https:\/\/news.sap.com\/brazil\/#website"},"primaryImageOfPage":{"@id":"https:\/\/news.sap.com\/brazil\/2020\/06\/desafios-e-oportunidades-no-mundo-pos-covid-19-bl0g\/#primaryimage"},"image":{"@id":"https:\/\/news.sap.com\/brazil\/2020\/06\/desafios-e-oportunidades-no-mundo-pos-covid-19-bl0g\/#primaryimage"},"thumbnailUrl":"https:\/\/news.sap.com\/brazil\/files\/2020\/06\/277371_277371_l_srgb_s_gl.jpg","datePublished":"2020-06-18T12:00:14+00:00","dateModified":"2023-10-19T17:08:19+00:00","author":{"@id":"https:\/\/news.sap.com\/brazil\/#\/schema\/person\/1cfc5d6de5ffdc23f1f3b1670a90ae3c"},"description":"As preocupa\u00e7\u00f5es com o futuro do mundo no p\u00f3s-pandemia est\u00e3o sendo discutidas por \u00f3rg\u00e3os internacionais, que listam os desafios de estados, governos e sociedades.","breadcrumb":{"@id":"https:\/\/news.sap.com\/brazil\/2020\/06\/desafios-e-oportunidades-no-mundo-pos-covid-19-bl0g\/#breadcrumb"},"inLanguage":"pt-BR","potentialAction":[{"@type":"ReadAction","target":["https:\/\/news.sap.com\/brazil\/2020\/06\/desafios-e-oportunidades-no-mundo-pos-covid-19-bl0g\/"]}]},{"@type":"ImageObject","inLanguage":"pt-BR","@id":"https:\/\/news.sap.com\/brazil\/2020\/06\/desafios-e-oportunidades-no-mundo-pos-covid-19-bl0g\/#primaryimage","url":"https:\/\/news.sap.com\/brazil\/files\/2020\/06\/277371_277371_l_srgb_s_gl.jpg","contentUrl":"https:\/\/news.sap.com\/brazil\/files\/2020\/06\/277371_277371_l_srgb_s_gl.jpg","width":1400,"height":601,"caption":"Pensive businessman looking out sunny office window"},{"@type":"BreadcrumbList","@id":"https:\/\/news.sap.com\/brazil\/2020\/06\/desafios-e-oportunidades-no-mundo-pos-covid-19-bl0g\/#breadcrumb","itemListElement":[{"@type":"ListItem","position":1,"name":"Home","item":"https:\/\/news.sap.com\/brazil\/"},{"@type":"ListItem","position":2,"name":"Desafios e oportunidades no mundo p\u00f3s-COVID-19"}]},{"@type":"WebSite","@id":"https:\/\/news.sap.com\/brazil\/#website","url":"https:\/\/news.sap.com\/brazil\/","name":"Sala de Imprensa 麻豆原创 Brasil","description":"Not\u00edcias e informa\u00e7\u00f5es sobre a 麻豆原创","potentialAction":[{"@type":"SearchAction","target":{"@type":"EntryPoint","urlTemplate":"https:\/\/news.sap.com\/brazil\/?s={search_term_string}"},"query-input":{"@type":"PropertyValueSpecification","valueRequired":true,"valueName":"search_term_string"}}],"inLanguage":"pt-BR"},{"@type":"Person","@id":"https:\/\/news.sap.com\/brazil\/#\/schema\/person\/1cfc5d6de5ffdc23f1f3b1670a90ae3c","name":"麻豆原创 Brasil","image":{"@type":"ImageObject","inLanguage":"pt-BR","@id":"https:\/\/news.sap.com\/brazil\/#\/schema\/person\/image\/","url":"https:\/\/news.sap.com\/brazil\/wp-content\/plugins\/wp-user-avatars\/wp-user-avatars\/assets\/images\/mystery.jpg","contentUrl":"https:\/\/news.sap.com\/brazil\/wp-content\/plugins\/wp-user-avatars\/wp-user-avatars\/assets\/images\/mystery.jpg","caption":"麻豆原创 Brasil"},"url":"https:\/\/news.sap.com\/brazil\/author\/raquelcasciato\/"}]}},"amp_enabled":true,"_links":{"self":[{"href":"https:\/\/news.sap.com\/brazil\/wp-json\/wp\/v2\/posts\/12200","targetHints":{"allow":["GET"]}}],"collection":[{"href":"https:\/\/news.sap.com\/brazil\/wp-json\/wp\/v2\/posts"}],"about":[{"href":"https:\/\/news.sap.com\/brazil\/wp-json\/wp\/v2\/types\/post"}],"author":[{"embeddable":true,"href":"https:\/\/news.sap.com\/brazil\/wp-json\/wp\/v2\/users\/561"}],"replies":[{"embeddable":true,"href":"https:\/\/news.sap.com\/brazil\/wp-json\/wp\/v2\/comments?post=12200"}],"version-history":[{"count":0,"href":"https:\/\/news.sap.com\/brazil\/wp-json\/wp\/v2\/posts\/12200\/revisions"}],"wp:featuredmedia":[{"embeddable":true,"href":"https:\/\/news.sap.com\/brazil\/wp-json\/wp\/v2\/media\/12201"}],"wp:attachment":[{"href":"https:\/\/news.sap.com\/brazil\/wp-json\/wp\/v2\/media?parent=12200"}],"wp:term":[{"taxonomy":"category","embeddable":true,"href":"https:\/\/news.sap.com\/brazil\/wp-json\/wp\/v2\/categories?post=12200"},{"taxonomy":"post_tag","embeddable":true,"href":"https:\/\/news.sap.com\/brazil\/wp-json\/wp\/v2\/tags?post=12200"},{"taxonomy":"sapn-display","embeddable":true,"href":"https:\/\/news.sap.com\/brazil\/wp-json\/wp\/v2\/sapn-display?post=12200"},{"taxonomy":"sapn-type","embeddable":true,"href":"https:\/\/news.sap.com\/brazil\/wp-json\/wp\/v2\/sapn-type?post=12200"}],"curies":[{"name":"wp","href":"https:\/\/api.w.org\/{rel}","templated":true}]}}